{"id":65571,"date":"2026-05-01T12:00:39","date_gmt":"2026-05-01T15:00:39","guid":{"rendered":"https:\/\/marcelolopes.jor.br\/site\/?p=65571"},"modified":"2026-05-01T10:49:45","modified_gmt":"2026-05-01T13:49:45","slug":"if-sudeste-inaugura-sede-definitiva-do-campus-avancado-cataguases","status":"publish","type":"post","link":"https:\/\/marcelolopes.jor.br\/site\/2026\/05\/01\/if-sudeste-inaugura-sede-definitiva-do-campus-avancado-cataguases\/","title":{"rendered":"IF Sudeste inaugura sede definitiva do Campus Avan\u00e7ado Cataguases"},"content":{"rendered":"<p>O Instituto Federal do Sudeste de Minas Gerais (IF Sudeste MG) celebrou nesta quarta-feira, 30 de abril, um marco hist\u00f3rico para a educa\u00e7\u00e3o profissional e tecnol\u00f3gica da regi\u00e3o com a inaugura\u00e7\u00e3o oficial da sede definitiva do Campus Avan\u00e7ado Cataguases. A solenidade reuniu o reitor da institui\u00e7\u00e3o, professor Valdir Silva, o prefeito municipal Jos\u00e9 Henriques, os deputados Cristiano Silveira (estadual) e Reginaldo Lopes (federal) al\u00e9m de representantes de parceiros estrat\u00e9gicos como a Energisa e a Copasa, que contribu\u00edram para a viabiliza\u00e7\u00e3o do novo complexo educacional.<!--more--><\/p>\n<h4 class=\"p1\"><span class=\"s1\">\ud83d\udcf8\u00a0<span style=\"color: #008000;\">Siga o Site do Marcelo Lopes no<\/span>\u00a0<span style=\"color: #800000;\"><a style=\"color: #800000;\" href=\"https:\/\/www.facebook.com\/sitedomarcelolopes\/\"><strong>Facebook<\/strong><\/a><\/span>\u00a0<span style=\"color: #008000;\">e no<\/span>\u00a0<span style=\"color: #800000;\"><strong><a style=\"color: #800000;\" href=\"https:\/\/www.instagram.com\/sitedomarcelolopes\/\">Instagram<\/a><\/strong><\/span><\/span><\/h4>\n<h4 class=\"p1\">\ud83d\udcf1<span style=\"color: #008000;\">Participe do grupo de<\/span>\u00a0<span style=\"color: #800000;\"><a style=\"color: #800000;\" href=\"https:\/\/chat.whatsapp.com\/BibzcI1ibYSKytbdyzubLA\"><strong>WhatsApp<\/strong><\/a><\/span> <span style=\"color: #008000;\">do Site do Marcelo Lopes<\/span><\/h4>\n<p>A entrega da estrutura consolida uma trajet\u00f3ria iniciada em 2015, quando surgiu o desafio de implantar uma unidade federal de ensino capaz de atender \u00e0s demandas produtivas de Cataguases e regi\u00e3o. Ap\u00f3s onze anos de crescimento, o que come\u00e7ou com cursos t\u00e9cnicos em espa\u00e7os provis\u00f3rios se transforma agora em um centro de refer\u00eancia, com infraestrutura moderna e preparada para a expans\u00e3o cont\u00ednua da comunidade acad\u00eamica.<\/p>\n<p>Com a nova sede, o campus fortalece sua proposta de verticaliza\u00e7\u00e3o do ensino e amplia sua capacidade de atendimento. Atualmente, a unidade oferece cursos t\u00e9cnicos concomitantes e integrados ao Ensino M\u00e9dio nas \u00e1reas de Administra\u00e7\u00e3o e Desenvolvimento de Sistemas, al\u00e9m de cursos de n\u00edvel superior e p\u00f3s-gradua\u00e7\u00e3o.<\/p>\n<p>A principal novidade deste novo momento \u00e9 o lan\u00e7amento dos cursos t\u00e9cnicos na modalidade de Educa\u00e7\u00e3o a Dist\u00e2ncia (EAD), permitindo que mais estudantes tenham acesso \u00e0 forma\u00e7\u00e3o de qualidade com maior flexibilidade, sem abrir m\u00e3o da excel\u00eancia acad\u00eamica que marca o IF Sudeste MG.<\/p>\n<p>Durante a cerim\u00f4nia, o diretor-geral do campus, Leandro da Motta Borges, destacou a emo\u00e7\u00e3o de ver concretizado um projeto constru\u00eddo ao longo de mais de uma d\u00e9cada.<\/p>\n<p><img loading=\"lazy\" decoding=\"async\" class=\"alignleft wp-image-65577\" src=\"https:\/\/marcelolopes.jor.br\/site\/wp-content\/uploads\/2026\/05\/IMG_5114-Grande-169x300.jpeg\" alt=\"\" width=\"169\" height=\"300\" \/><\/p>\n<blockquote><p>\u201cEsta sede definitiva \u00e9 a materializa\u00e7\u00e3o de um compromisso assumido em 2015. Sinto uma gratid\u00e3o imensa e profunda emo\u00e7\u00e3o ao olhar para tr\u00e1s e ver o caminho percorrido. Nada disso seria poss\u00edvel sem a resili\u00eancia e a compet\u00eancia dos nossos servidores \u2014 tanto do campus quanto da reitoria \u2014 que acreditaram neste desafio e estiveram ao meu lado desde o primeiro dia. Este pr\u00e9dio \u00e9 o alicerce para transformarmos a realidade socioecon\u00f4mica de Cataguases e regi\u00e3o atrav\u00e9s da educa\u00e7\u00e3o\u201d, afirmou.<\/p><\/blockquote>\n<p>O prefeito Jos\u00e9 Henriques tamb\u00e9m comemorou a inaugura\u00e7\u00e3o da sede pr\u00f3pria. <em>&#8220;\u00c9 a realiza\u00e7\u00e3o de um sonho com este campus maior proporcionando \u00e0 nossa popula\u00e7\u00e3o novos cursos gratuitos. Estou muito honrado de ter podido participar deste projeto e contribuir para concretizar um projeto desta envergadura<\/em>&#8220;, comentou.<\/p>\n<p>Para Reginaldo Lopes &#8211; que atuou decisivamente para a compra do im\u00f3vel e na implanta\u00e7\u00e3o da sede definitiva esta inaugura\u00e7\u00e3o \u00e9 <em>&#8220;hist\u00f3rica&#8221;<\/em> porque trata-se de <em>&#8220;uma grande universidade que a cidade ganha&#8221;<\/em>. Ele completou dizendo que agora a unidade vai ser totalmente reformada com recursos j\u00e1 obtidos da ordem de R$ 9 milh\u00f5es.<\/p>\n<p>J\u00e1 o deputado Cristiano Silveira previu melhorias significativas para a institui\u00e7\u00e3o: <em>&#8220;Eu queria pedir \u00e0 popula\u00e7\u00e3o memorizar como est\u00e1 isso aqui hoje (o pr\u00e9dio) e comparar como estar\u00e1 daqui a alguns anos. Vai melhorar muito, eu garanto&#8221;<\/em>, finalizou.<\/p>\n<p><img loading=\"lazy\" decoding=\"async\" class=\"aligncenter wp-image-65580 size-full\" src=\"https:\/\/marcelolopes.jor.br\/site\/wp-content\/uploads\/2026\/05\/IMG_5116-Grande-copiar.jpg\" alt=\"IF Sudeste inaugura sede\" width=\"700\" height=\"368\" srcset=\"https:\/\/marcelolopes.jor.br\/site\/wp-content\/uploads\/2026\/05\/IMG_5116-Grande-copiar.jpg 700w, https:\/\/marcelolopes.jor.br\/site\/wp-content\/uploads\/2026\/05\/IMG_5116-Grande-copiar-300x158.jpg 300w\" sizes=\"auto, (max-width: 700px) 100vw, 700px\" \/><\/p>\n<p>A nova estrutura foi projetada com foco em modernidade, efici\u00eancia e acessibilidade. Nesta primeira etapa de entrega, o campus passa a operar com ocupa\u00e7\u00e3o total do primeiro pavimento, onde est\u00e3o instaladas salas de aula climatizadas, setores administrativos e laborat\u00f3rios de \u00faltima gera\u00e7\u00e3o voltados \u00e0s \u00e1reas de gest\u00e3o e tecnologia da informa\u00e7\u00e3o.<\/p>\n<p>Al\u00e9m disso, o espa\u00e7o conta com ambientes de conviv\u00eancia e integra\u00e7\u00e3o, fortalecendo a rela\u00e7\u00e3o entre ensino, pesquisa e extens\u00e3o e oferecendo melhores condi\u00e7\u00f5es para estudantes, professores e servidores.<\/p>\n<p><img loading=\"lazy\" decoding=\"async\" class=\"aligncenter wp-image-65576\" src=\"https:\/\/marcelolopes.jor.br\/site\/wp-content\/uploads\/2026\/05\/IMG_5106-Grande-300x169.jpeg\" alt=\"\" width=\"700\" height=\"394\" srcset=\"https:\/\/marcelolopes.jor.br\/site\/wp-content\/uploads\/2026\/05\/IMG_5106-Grande-300x169.jpeg 300w, https:\/\/marcelolopes.jor.br\/site\/wp-content\/uploads\/2026\/05\/IMG_5106-Grande-1024x576.jpeg 1024w, https:\/\/marcelolopes.jor.br\/site\/wp-content\/uploads\/2026\/05\/IMG_5106-Grande-768x432.jpeg 768w, https:\/\/marcelolopes.jor.br\/site\/wp-content\/uploads\/2026\/05\/IMG_5106-Grande-1200x675.jpeg 1200w, https:\/\/marcelolopes.jor.br\/site\/wp-content\/uploads\/2026\/05\/IMG_5106-Grande.jpeg 1280w\" sizes=\"auto, (max-width: 700px) 100vw, 700px\" \/><\/p>\n<p><strong>OUTRAS NOT\u00cdCIAS<\/strong><br \/>\n<a href=\"https:\/\/marcelolopes.jor.br\/site\/2026\/04\/25\/if-sudeste-cataguases-abre-240-vagas-em-dois-cursos-ead\/\"><strong><span style=\"color: #800000;\">IF Sudeste Cataguases abre 240 vagas em dois cursos EaD<\/span><\/strong><\/a><\/p>\n<p><a href=\"https:\/\/marcelolopes.jor.br\/site\/2025\/09\/18\/estao-abertas-as-inscricoes-para-o-processo-seletivo-do-if-sudeste\/\"><span style=\"color: #800000;\"><strong>Est\u00e3o abertas as inscri\u00e7\u00f5es para o Processo Seletivo do IF Sudeste<\/strong><\/span><\/a><\/p>\n<p>Fotos exclusivas: Marcelo Lopes<\/p>\n<div class=\"dshtl69f7738f86fd5\" ><br><\/div><style type=\"text\/css\">\r\n@media screen and (min-width: 1201px) {\r\n.dshtl69f7738f86fd5 {\r\ndisplay: block;\r\n}\r\n}\r\n@media screen and (min-width: 993px) and (max-width: 1200px) {\r\n.dshtl69f7738f86fd5 {\r\ndisplay: block;\r\n}\r\n}\r\n@media screen and (min-width: 769px) and (max-width: 992px) {\r\n.dshtl69f7738f86fd5 {\r\ndisplay: block;\r\n}\r\n}\r\n@media screen and (min-width: 768px) and (max-width: 768px) {\r\n.dshtl69f7738f86fd5 {\r\ndisplay: block;\r\n}\r\n}\r\n@media screen and (max-width: 767px) {\r\n.dshtl69f7738f86fd5 {\r\ndisplay: block;\r\n}\r\n}\r\n<\/style>\r\n<div class=\"vjtum69f7738f8c76f\" ><div id=\"div_destino\"><\/div>\r\n<script src=\"https:\/\/cdn.snsrsv.com\/sdk.js\"><\/script>\r\n<script >\r\n      new sdk(\"464030C30061EA8BE065000000000001\") \r\n          .appendTo(\"div_destino\")\r\n          .disableStyle(true) \r\n          .setCacheBusterMacro(\"%%CACHEBUSTER%%\")\r\n          .setSize(\"800\",\"214\")\r\n          .setClickMacro(\"%%CLICK_URL_ESC%%\") \r\n          .setReferrerUrlMacro(\"%%REFERRER_URL_ESC%%\") \r\n          .start(); \r\n<\/script><\/div><style type=\"text\/css\">\r\n@media screen and (min-width: 1201px) {\r\n.vjtum69f7738f8c76f {\r\ndisplay: block;\r\n}\r\n}\r\n@media screen and (min-width: 993px) and (max-width: 1200px) {\r\n.vjtum69f7738f8c76f {\r\ndisplay: block;\r\n}\r\n}\r\n@media screen and (min-width: 769px) and (max-width: 992px) {\r\n.vjtum69f7738f8c76f {\r\ndisplay: block;\r\n}\r\n}\r\n@media screen and (min-width: 768px) and (max-width: 768px) {\r\n.vjtum69f7738f8c76f {\r\ndisplay: block;\r\n}\r\n}\r\n@media screen and (max-width: 767px) {\r\n.vjtum69f7738f8c76f {\r\ndisplay: block;\r\n}\r\n}\r\n<\/style>\r\n","protected":false},"excerpt":{"rendered":"<p>O Instituto Federal do Sudeste de Minas Gerais (IF Sudeste MG) celebrou nesta quarta-feira, 30 de abril, um marco hist\u00f3rico para a educa\u00e7\u00e3o profissional e tecnol\u00f3gica da regi\u00e3o com a inaugura\u00e7\u00e3o oficial da sede definitiva do Campus Avan\u00e7ado Cataguases. A<\/p>\n<p class=\"link-more\"><a class=\"more-link\" href=\"https:\/\/marcelolopes.jor.br\/site\/2026\/05\/01\/if-sudeste-inaugura-sede-definitiva-do-campus-avancado-cataguases\/\">Leia mais <span class=\"screen-reader-text\">IF Sudeste inaugura sede definitiva do Campus Avan\u00e7ado Cataguases<\/span><\/a><\/p>\n","protected":false},"author":2,"featured_media":65574,"comment_status":"open","ping_status":"closed","sticky":false,"template":"","format":"standard","meta":{"footnotes":""},"categories":[1],"tags":[],"class_list":["post-65571","post","type-post","status-publish","format-standard","has-post-thumbnail","hentry","category-noticias","thumb-below-title"],"yoast_head":"<!-- This site is optimized with the Yoast SEO plugin v27.4 - https:\/\/yoast.com\/product\/yoast-seo-wordpress\/ -->\n<title>IF Sudeste inaugura sede definitiva do Campus Avan\u00e7ado<\/title>\n<meta name=\"description\" content=\"IF Sudeste inaugura sede definitiva do Campus Avan\u00e7ado Cataguases. Foram investidos quase R$ 7 milh\u00f5es na aquisi\u00e7\u00e3o do im\u00f3vel.\" \/>\n<meta name=\"robots\" content=\"index, follow, max-snippet:-1, max-image-preview:large, max-video-preview:-1\" \/>\n<link rel=\"canonical\" href=\"https:\/\/marcelolopes.jor.br\/site\/2026\/05\/01\/if-sudeste-inaugura-sede-definitiva-do-campus-avancado-cataguases\/\" \/>\n<meta property=\"og:locale\" content=\"pt_BR\" \/>\n<meta property=\"og:type\" content=\"article\" \/>\n<meta property=\"og:title\" content=\"IF Sudeste inaugura sede definitiva do Campus Avan\u00e7ado\" \/>\n<meta property=\"og:description\" content=\"IF Sudeste inaugura sede definitiva do Campus Avan\u00e7ado Cataguases. Foram investidos quase R$ 7 milh\u00f5es na aquisi\u00e7\u00e3o do im\u00f3vel.\" \/>\n<meta property=\"og:url\" content=\"https:\/\/marcelolopes.jor.br\/site\/2026\/05\/01\/if-sudeste-inaugura-sede-definitiva-do-campus-avancado-cataguases\/\" \/>\n<meta property=\"og:site_name\" content=\"Marcelo Lopes\" \/>\n<meta property=\"article:publisher\" content=\"https:\/\/www.facebook.com\/sitedomarcelolopes\" \/>\n<meta property=\"article:published_time\" content=\"2026-05-01T15:00:39+00:00\" \/>\n<meta property=\"og:image\" content=\"https:\/\/marcelolopes.jor.br\/site\/wp-content\/uploads\/2026\/05\/secret.jpg\" \/>\n\t<meta property=\"og:image:width\" content=\"800\" \/>\n\t<meta property=\"og:image:height\" content=\"550\" \/>\n\t<meta property=\"og:image:type\" content=\"image\/jpeg\" \/>\n<meta name=\"author\" content=\"Marcelo Lopes\" \/>\n<meta name=\"twitter:card\" content=\"summary_large_image\" \/>\n<meta name=\"twitter:label1\" content=\"Escrito por\" \/>\n\t<meta name=\"twitter:data1\" content=\"Marcelo Lopes\" \/>\n\t<meta name=\"twitter:label2\" content=\"Est. tempo de leitura\" \/>\n\t<meta name=\"twitter:data2\" content=\"3 minutos\" \/>\n<script type=\"application\/ld+json\" class=\"yoast-schema-graph\">{\"@context\":\"https:\\\/\\\/schema.org\",\"@graph\":[{\"@type\":\"NewsArticle\",\"@id\":\"https:\\\/\\\/marcelolopes.jor.br\\\/site\\\/2026\\\/05\\\/01\\\/if-sudeste-inaugura-sede-definitiva-do-campus-avancado-cataguases\\\/#article\",\"isPartOf\":{\"@id\":\"https:\\\/\\\/marcelolopes.jor.br\\\/site\\\/2026\\\/05\\\/01\\\/if-sudeste-inaugura-sede-definitiva-do-campus-avancado-cataguases\\\/\"},\"author\":{\"name\":\"Marcelo Lopes\",\"@id\":\"https:\\\/\\\/marcelolopes.jor.br\\\/site\\\/#\\\/schema\\\/person\\\/3e7216a35c34d8fdf952b31da3d1f89f\"},\"headline\":\"IF Sudeste inaugura sede definitiva do Campus Avan\u00e7ado Cataguases\",\"datePublished\":\"2026-05-01T15:00:39+00:00\",\"mainEntityOfPage\":{\"@id\":\"https:\\\/\\\/marcelolopes.jor.br\\\/site\\\/2026\\\/05\\\/01\\\/if-sudeste-inaugura-sede-definitiva-do-campus-avancado-cataguases\\\/\"},\"wordCount\":690,\"commentCount\":0,\"publisher\":{\"@id\":\"https:\\\/\\\/marcelolopes.jor.br\\\/site\\\/#organization\"},\"image\":{\"@id\":\"https:\\\/\\\/marcelolopes.jor.br\\\/site\\\/2026\\\/05\\\/01\\\/if-sudeste-inaugura-sede-definitiva-do-campus-avancado-cataguases\\\/#primaryimage\"},\"thumbnailUrl\":\"https:\\\/\\\/marcelolopes.jor.br\\\/site\\\/wp-content\\\/uploads\\\/2026\\\/05\\\/secret.jpg\",\"articleSection\":[\"Not\u00edcias\"],\"inLanguage\":\"pt-BR\",\"potentialAction\":[{\"@type\":\"CommentAction\",\"name\":\"Comment\",\"target\":[\"https:\\\/\\\/marcelolopes.jor.br\\\/site\\\/2026\\\/05\\\/01\\\/if-sudeste-inaugura-sede-definitiva-do-campus-avancado-cataguases\\\/#respond\"]}]},{\"@type\":\"WebPage\",\"@id\":\"https:\\\/\\\/marcelolopes.jor.br\\\/site\\\/2026\\\/05\\\/01\\\/if-sudeste-inaugura-sede-definitiva-do-campus-avancado-cataguases\\\/\",\"url\":\"https:\\\/\\\/marcelolopes.jor.br\\\/site\\\/2026\\\/05\\\/01\\\/if-sudeste-inaugura-sede-definitiva-do-campus-avancado-cataguases\\\/\",\"name\":\"IF Sudeste inaugura sede definitiva do Campus Avan\u00e7ado\",\"isPartOf\":{\"@id\":\"https:\\\/\\\/marcelolopes.jor.br\\\/site\\\/#website\"},\"primaryImageOfPage\":{\"@id\":\"https:\\\/\\\/marcelolopes.jor.br\\\/site\\\/2026\\\/05\\\/01\\\/if-sudeste-inaugura-sede-definitiva-do-campus-avancado-cataguases\\\/#primaryimage\"},\"image\":{\"@id\":\"https:\\\/\\\/marcelolopes.jor.br\\\/site\\\/2026\\\/05\\\/01\\\/if-sudeste-inaugura-sede-definitiva-do-campus-avancado-cataguases\\\/#primaryimage\"},\"thumbnailUrl\":\"https:\\\/\\\/marcelolopes.jor.br\\\/site\\\/wp-content\\\/uploads\\\/2026\\\/05\\\/secret.jpg\",\"datePublished\":\"2026-05-01T15:00:39+00:00\",\"description\":\"IF Sudeste inaugura sede definitiva do Campus Avan\u00e7ado Cataguases. Foram investidos quase R$ 7 milh\u00f5es na aquisi\u00e7\u00e3o do im\u00f3vel.\",\"breadcrumb\":{\"@id\":\"https:\\\/\\\/marcelolopes.jor.br\\\/site\\\/2026\\\/05\\\/01\\\/if-sudeste-inaugura-sede-definitiva-do-campus-avancado-cataguases\\\/#breadcrumb\"},\"inLanguage\":\"pt-BR\",\"potentialAction\":[{\"@type\":\"ReadAction\",\"target\":[\"https:\\\/\\\/marcelolopes.jor.br\\\/site\\\/2026\\\/05\\\/01\\\/if-sudeste-inaugura-sede-definitiva-do-campus-avancado-cataguases\\\/\"]}]},{\"@type\":\"ImageObject\",\"inLanguage\":\"pt-BR\",\"@id\":\"https:\\\/\\\/marcelolopes.jor.br\\\/site\\\/2026\\\/05\\\/01\\\/if-sudeste-inaugura-sede-definitiva-do-campus-avancado-cataguases\\\/#primaryimage\",\"url\":\"https:\\\/\\\/marcelolopes.jor.br\\\/site\\\/wp-content\\\/uploads\\\/2026\\\/05\\\/secret.jpg\",\"contentUrl\":\"https:\\\/\\\/marcelolopes.jor.br\\\/site\\\/wp-content\\\/uploads\\\/2026\\\/05\\\/secret.jpg\",\"width\":800,\"height\":550,\"caption\":\"IF Sudeste inaugura sede\"},{\"@type\":\"BreadcrumbList\",\"@id\":\"https:\\\/\\\/marcelolopes.jor.br\\\/site\\\/2026\\\/05\\\/01\\\/if-sudeste-inaugura-sede-definitiva-do-campus-avancado-cataguases\\\/#breadcrumb\",\"itemListElement\":[{\"@type\":\"ListItem\",\"position\":1,\"name\":\"Home\",\"item\":\"https:\\\/\\\/marcelolopes.jor.br\\\/site\\\/\"},{\"@type\":\"ListItem\",\"position\":2,\"name\":\"IF Sudeste inaugura sede definitiva do Campus Avan\u00e7ado Cataguases\"}]},{\"@type\":\"WebSite\",\"@id\":\"https:\\\/\\\/marcelolopes.jor.br\\\/site\\\/#website\",\"url\":\"https:\\\/\\\/marcelolopes.jor.br\\\/site\\\/\",\"name\":\"Marcelo Lopes\",\"description\":\"Not\u00edcias de Cataguases e Regi\u00e3o\",\"publisher\":{\"@id\":\"https:\\\/\\\/marcelolopes.jor.br\\\/site\\\/#organization\"},\"potentialAction\":[{\"@type\":\"SearchAction\",\"target\":{\"@type\":\"EntryPoint\",\"urlTemplate\":\"https:\\\/\\\/marcelolopes.jor.br\\\/site\\\/?s={search_term_string}\"},\"query-input\":{\"@type\":\"PropertyValueSpecification\",\"valueRequired\":true,\"valueName\":\"search_term_string\"}}],\"inLanguage\":\"pt-BR\"},{\"@type\":\"Organization\",\"@id\":\"https:\\\/\\\/marcelolopes.jor.br\\\/site\\\/#organization\",\"name\":\"Site do Marcelo Lopes\",\"url\":\"https:\\\/\\\/marcelolopes.jor.br\\\/site\\\/\",\"logo\":{\"@type\":\"ImageObject\",\"inLanguage\":\"pt-BR\",\"@id\":\"https:\\\/\\\/marcelolopes.jor.br\\\/site\\\/#\\\/schema\\\/logo\\\/image\\\/\",\"url\":\"https:\\\/\\\/marcelolopes.jor.br\\\/site\\\/wp-content\\\/uploads\\\/2024\\\/11\\\/logo-1.png\",\"contentUrl\":\"https:\\\/\\\/marcelolopes.jor.br\\\/site\\\/wp-content\\\/uploads\\\/2024\\\/11\\\/logo-1.png\",\"width\":475,\"height\":80,\"caption\":\"Site do Marcelo Lopes\"},\"image\":{\"@id\":\"https:\\\/\\\/marcelolopes.jor.br\\\/site\\\/#\\\/schema\\\/logo\\\/image\\\/\"},\"sameAs\":[\"https:\\\/\\\/www.facebook.com\\\/sitedomarcelolopes\",\"https:\\\/\\\/www.instagram.com\\\/sitedomarcelolopes\\\/\",\"https:\\\/\\\/www.linkedin.com\\\/company\\\/site-do-marcelo-lopes\\\/\",\"https:\\\/\\\/www.youtube.com\\\/user\\\/marcelolopes957\"]},{\"@type\":\"Person\",\"@id\":\"https:\\\/\\\/marcelolopes.jor.br\\\/site\\\/#\\\/schema\\\/person\\\/3e7216a35c34d8fdf952b31da3d1f89f\",\"name\":\"Marcelo Lopes\",\"sameAs\":[\"http:\\\/\\\/www.marcelolopes.jor.br\"],\"url\":\"https:\\\/\\\/marcelolopes.jor.br\\\/site\\\/author\\\/marcelo\\\/\"}]}<\/script>\n<!-- \/ Yoast SEO plugin. -->","yoast_head_json":{"title":"IF Sudeste inaugura sede definitiva do Campus Avan\u00e7ado","description":"IF Sudeste inaugura sede definitiva do Campus Avan\u00e7ado Cataguases. Foram investidos quase R$ 7 milh\u00f5es na aquisi\u00e7\u00e3o do im\u00f3vel.","robots":{"index":"index","follow":"follow","max-snippet":"max-snippet:-1","max-image-preview":"max-image-preview:large","max-video-preview":"max-video-preview:-1"},"canonical":"https:\/\/marcelolopes.jor.br\/site\/2026\/05\/01\/if-sudeste-inaugura-sede-definitiva-do-campus-avancado-cataguases\/","og_locale":"pt_BR","og_type":"article","og_title":"IF Sudeste inaugura sede definitiva do Campus Avan\u00e7ado","og_description":"IF Sudeste inaugura sede definitiva do Campus Avan\u00e7ado Cataguases. Foram investidos quase R$ 7 milh\u00f5es na aquisi\u00e7\u00e3o do im\u00f3vel.","og_url":"https:\/\/marcelolopes.jor.br\/site\/2026\/05\/01\/if-sudeste-inaugura-sede-definitiva-do-campus-avancado-cataguases\/","og_site_name":"Marcelo Lopes","article_publisher":"https:\/\/www.facebook.com\/sitedomarcelolopes","article_published_time":"2026-05-01T15:00:39+00:00","og_image":[{"width":800,"height":550,"url":"https:\/\/marcelolopes.jor.br\/site\/wp-content\/uploads\/2026\/05\/secret.jpg","type":"image\/jpeg"}],"author":"Marcelo Lopes","twitter_card":"summary_large_image","twitter_misc":{"Escrito por":"Marcelo Lopes","Est. tempo de leitura":"3 minutos"},"schema":{"@context":"https:\/\/schema.org","@graph":[{"@type":"NewsArticle","@id":"https:\/\/marcelolopes.jor.br\/site\/2026\/05\/01\/if-sudeste-inaugura-sede-definitiva-do-campus-avancado-cataguases\/#article","isPartOf":{"@id":"https:\/\/marcelolopes.jor.br\/site\/2026\/05\/01\/if-sudeste-inaugura-sede-definitiva-do-campus-avancado-cataguases\/"},"author":{"name":"Marcelo Lopes","@id":"https:\/\/marcelolopes.jor.br\/site\/#\/schema\/person\/3e7216a35c34d8fdf952b31da3d1f89f"},"headline":"IF Sudeste inaugura sede definitiva do Campus Avan\u00e7ado Cataguases","datePublished":"2026-05-01T15:00:39+00:00","mainEntityOfPage":{"@id":"https:\/\/marcelolopes.jor.br\/site\/2026\/05\/01\/if-sudeste-inaugura-sede-definitiva-do-campus-avancado-cataguases\/"},"wordCount":690,"commentCount":0,"publisher":{"@id":"https:\/\/marcelolopes.jor.br\/site\/#organization"},"image":{"@id":"https:\/\/marcelolopes.jor.br\/site\/2026\/05\/01\/if-sudeste-inaugura-sede-definitiva-do-campus-avancado-cataguases\/#primaryimage"},"thumbnailUrl":"https:\/\/marcelolopes.jor.br\/site\/wp-content\/uploads\/2026\/05\/secret.jpg","articleSection":["Not\u00edcias"],"inLanguage":"pt-BR","potentialAction":[{"@type":"CommentAction","name":"Comment","target":["https:\/\/marcelolopes.jor.br\/site\/2026\/05\/01\/if-sudeste-inaugura-sede-definitiva-do-campus-avancado-cataguases\/#respond"]}]},{"@type":"WebPage","@id":"https:\/\/marcelolopes.jor.br\/site\/2026\/05\/01\/if-sudeste-inaugura-sede-definitiva-do-campus-avancado-cataguases\/","url":"https:\/\/marcelolopes.jor.br\/site\/2026\/05\/01\/if-sudeste-inaugura-sede-definitiva-do-campus-avancado-cataguases\/","name":"IF Sudeste inaugura sede definitiva do Campus Avan\u00e7ado","isPartOf":{"@id":"https:\/\/marcelolopes.jor.br\/site\/#website"},"primaryImageOfPage":{"@id":"https:\/\/marcelolopes.jor.br\/site\/2026\/05\/01\/if-sudeste-inaugura-sede-definitiva-do-campus-avancado-cataguases\/#primaryimage"},"image":{"@id":"https:\/\/marcelolopes.jor.br\/site\/2026\/05\/01\/if-sudeste-inaugura-sede-definitiva-do-campus-avancado-cataguases\/#primaryimage"},"thumbnailUrl":"https:\/\/marcelolopes.jor.br\/site\/wp-content\/uploads\/2026\/05\/secret.jpg","datePublished":"2026-05-01T15:00:39+00:00","description":"IF Sudeste inaugura sede definitiva do Campus Avan\u00e7ado Cataguases. Foram investidos quase R$ 7 milh\u00f5es na aquisi\u00e7\u00e3o do im\u00f3vel.","breadcrumb":{"@id":"https:\/\/marcelolopes.jor.br\/site\/2026\/05\/01\/if-sudeste-inaugura-sede-definitiva-do-campus-avancado-cataguases\/#breadcrumb"},"inLanguage":"pt-BR","potentialAction":[{"@type":"ReadAction","target":["https:\/\/marcelolopes.jor.br\/site\/2026\/05\/01\/if-sudeste-inaugura-sede-definitiva-do-campus-avancado-cataguases\/"]}]},{"@type":"ImageObject","inLanguage":"pt-BR","@id":"https:\/\/marcelolopes.jor.br\/site\/2026\/05\/01\/if-sudeste-inaugura-sede-definitiva-do-campus-avancado-cataguases\/#primaryimage","url":"https:\/\/marcelolopes.jor.br\/site\/wp-content\/uploads\/2026\/05\/secret.jpg","contentUrl":"https:\/\/marcelolopes.jor.br\/site\/wp-content\/uploads\/2026\/05\/secret.jpg","width":800,"height":550,"caption":"IF Sudeste inaugura sede"},{"@type":"BreadcrumbList","@id":"https:\/\/marcelolopes.jor.br\/site\/2026\/05\/01\/if-sudeste-inaugura-sede-definitiva-do-campus-avancado-cataguases\/#breadcrumb","itemListElement":[{"@type":"ListItem","position":1,"name":"Home","item":"https:\/\/marcelolopes.jor.br\/site\/"},{"@type":"ListItem","position":2,"name":"IF Sudeste inaugura sede definitiva do Campus Avan\u00e7ado Cataguases"}]},{"@type":"WebSite","@id":"https:\/\/marcelolopes.jor.br\/site\/#website","url":"https:\/\/marcelolopes.jor.br\/site\/","name":"Marcelo Lopes","description":"Not\u00edcias de Cataguases e Regi\u00e3o","publisher":{"@id":"https:\/\/marcelolopes.jor.br\/site\/#organization"},"potentialAction":[{"@type":"SearchAction","target":{"@type":"EntryPoint","urlTemplate":"https:\/\/marcelolopes.jor.br\/site\/?s={search_term_string}"},"query-input":{"@type":"PropertyValueSpecification","valueRequired":true,"valueName":"search_term_string"}}],"inLanguage":"pt-BR"},{"@type":"Organization","@id":"https:\/\/marcelolopes.jor.br\/site\/#organization","name":"Site do Marcelo Lopes","url":"https:\/\/marcelolopes.jor.br\/site\/","logo":{"@type":"ImageObject","inLanguage":"pt-BR","@id":"https:\/\/marcelolopes.jor.br\/site\/#\/schema\/logo\/image\/","url":"https:\/\/marcelolopes.jor.br\/site\/wp-content\/uploads\/2024\/11\/logo-1.png","contentUrl":"https:\/\/marcelolopes.jor.br\/site\/wp-content\/uploads\/2024\/11\/logo-1.png","width":475,"height":80,"caption":"Site do Marcelo Lopes"},"image":{"@id":"https:\/\/marcelolopes.jor.br\/site\/#\/schema\/logo\/image\/"},"sameAs":["https:\/\/www.facebook.com\/sitedomarcelolopes","https:\/\/www.instagram.com\/sitedomarcelolopes\/","https:\/\/www.linkedin.com\/company\/site-do-marcelo-lopes\/","https:\/\/www.youtube.com\/user\/marcelolopes957"]},{"@type":"Person","@id":"https:\/\/marcelolopes.jor.br\/site\/#\/schema\/person\/3e7216a35c34d8fdf952b31da3d1f89f","name":"Marcelo Lopes","sameAs":["http:\/\/www.marcelolopes.jor.br"],"url":"https:\/\/marcelolopes.jor.br\/site\/author\/marcelo\/"}]}},"wps_subtitle":"Foram investidos quase R$ 7 milh\u00f5es na aquisi\u00e7\u00e3o do im\u00f3vel.","_links":{"self":[{"href":"https:\/\/marcelolopes.jor.br\/site\/wp-json\/wp\/v2\/posts\/65571","targetHints":{"allow":["GET"]}}],"collection":[{"href":"https:\/\/marcelolopes.jor.br\/site\/wp-json\/wp\/v2\/posts"}],"about":[{"href":"https:\/\/marcelolopes.jor.br\/site\/wp-json\/wp\/v2\/types\/post"}],"author":[{"embeddable":true,"href":"https:\/\/marcelolopes.jor.br\/site\/wp-json\/wp\/v2\/users\/2"}],"replies":[{"embeddable":true,"href":"https:\/\/marcelolopes.jor.br\/site\/wp-json\/wp\/v2\/comments?post=65571"}],"version-history":[{"count":7,"href":"https:\/\/marcelolopes.jor.br\/site\/wp-json\/wp\/v2\/posts\/65571\/revisions"}],"predecessor-version":[{"id":65583,"href":"https:\/\/marcelolopes.jor.br\/site\/wp-json\/wp\/v2\/posts\/65571\/revisions\/65583"}],"wp:featuredmedia":[{"embeddable":true,"href":"https:\/\/marcelolopes.jor.br\/site\/wp-json\/wp\/v2\/media\/65574"}],"wp:attachment":[{"href":"https:\/\/marcelolopes.jor.br\/site\/wp-json\/wp\/v2\/media?parent=65571"}],"wp:term":[{"taxonomy":"category","embeddable":true,"href":"https:\/\/marcelolopes.jor.br\/site\/wp-json\/wp\/v2\/categories?post=65571"},{"taxonomy":"post_tag","embeddable":true,"href":"https:\/\/marcelolopes.jor.br\/site\/wp-json\/wp\/v2\/tags?post=65571"}],"curies":[{"name":"wp","href":"https:\/\/api.w.org\/{rel}","templated":true}]}}