{"id":65565,"date":"2026-04-30T20:00:42","date_gmt":"2026-04-30T23:00:42","guid":{"rendered":"https:\/\/marcelolopes.jor.br\/site\/?p=65565"},"modified":"2026-04-30T17:28:35","modified_gmt":"2026-04-30T20:28:35","slug":"associacao-dos-surdos-de-cataguases-fortalece-inclusao","status":"publish","type":"post","link":"https:\/\/marcelolopes.jor.br\/site\/2026\/04\/30\/associacao-dos-surdos-de-cataguases-fortalece-inclusao\/","title":{"rendered":"Associa\u00e7\u00e3o dos Surdos de Cataguases fortalece inclus\u00e3o"},"content":{"rendered":"<p>Mais do que um ponto de encontro, a Associa\u00e7\u00e3o dos Surdos de Cataguases tem se consolidado como um espa\u00e7o de acolhimento, inclus\u00e3o e fortalecimento da comunidade surda no munic\u00edpio. Localizada na Rua Major Vieira, 212, centro da cidade, a institui\u00e7\u00e3o foi oficialmente fundada em maio de 2025 e atua como refer\u00eancia na promo\u00e7\u00e3o da acessibilidade, da valoriza\u00e7\u00e3o da L\u00edngua Brasileira de Sinais (Libras) e da integra\u00e7\u00e3o entre surdos e ouvintes.<!--more--><\/p>\n<h4 class=\"p1\"><span class=\"s1\">\ud83d\udcf8\u00a0<span style=\"color: #008000;\">Siga o Site do Marcelo Lopes no<\/span>\u00a0<span style=\"color: #800000;\"><a style=\"color: #800000;\" href=\"https:\/\/www.facebook.com\/sitedomarcelolopes\/\"><strong>Facebook<\/strong><\/a><\/span>\u00a0<span style=\"color: #008000;\">e no<\/span>\u00a0<span style=\"color: #800000;\"><strong><a style=\"color: #800000;\" href=\"https:\/\/www.instagram.com\/sitedomarcelolopes\/\">Instagram<\/a><\/strong><\/span><\/span><\/h4>\n<h4 class=\"p1\">\ud83d\udcf1<span style=\"color: #008000;\">Participe do grupo de<\/span>\u00a0<span style=\"color: #800000;\"><a style=\"color: #800000;\" href=\"https:\/\/chat.whatsapp.com\/BibzcI1ibYSKytbdyzubLA\"><strong>WhatsApp<\/strong><\/a><\/span> <span style=\"color: #008000;\">do Site do Marcelo Lopes<\/span><\/h4>\n<p>A associa\u00e7\u00e3o representa voz, identidade e oportunidades para pessoas que, durante muito tempo, enfrentaram a invisibilidade social e a falta de espa\u00e7os de pertencimento, conforme explica Ana Carolina Gon\u00e7alves Barbosa, que integra a diretoria da entidade presidida por Tiago Silva. &#8220;O trabalho desenvolvido &#8211; acrescenta &#8211; busca ampliar o acesso \u00e0 informa\u00e7\u00e3o, estimular a autonomia e promover a participa\u00e7\u00e3o ativa da pessoa surda na sociedade.&#8221;<\/p>\n<p>Com a\u00e7\u00f5es voltadas para a inclus\u00e3o social, a entidade tamb\u00e9m vem ampliando sua rede de apoio por meio de parcerias com lojas, centros de sa\u00fade e outros estabelecimentos, que oferecem descontos e benef\u00edcios \u00e0 comunidade surda, estimada em 5% da popula\u00e7\u00e3o cataguasense, revelou. Segundo ela, essas iniciativas t\u00eam crescido e refor\u00e7am a import\u00e2ncia do fortalecimento coletivo.<\/p>\n<p>Nesse sentido, o principal objetivo da entidade \u00e9 construir pontes entre os mundos surdo e ouvinte, aproximando as pessoas por meio do respeito, da empatia e da comunica\u00e7\u00e3o acess\u00edvel. &#8220;A proposta \u00e9 mostrar que a inclus\u00e3o come\u00e7a com informa\u00e7\u00e3o, atitude e o envolvimento de toda a sociedade&#8221;, ressalta Carol Gon\u00e7alves.<\/p>\n<p>Outro detalhe \u00e9 que a Associa\u00e7\u00e3o dos Surdos de Cataguases est\u00e1 aberta \u00e0 entrada de novos membros, volunt\u00e1rios e apoiadores que desejam contribuir com esse movimento. Interessados em se cadastrar, colaborar ou apoiar as a\u00e7\u00f5es podem acessar o link dispon\u00edvel na bio oficial da institui\u00e7\u00e3o. &#8220;Cada novo integrante fortalece ainda mais a luta por uma cidade mais acess\u00edvel, humana e inclusiva para todos&#8221;, afirma Carol.<\/p>\n<p>Para mais informa\u00e7\u00f5es, o contato pode ser feito pelo telefone <strong>(32) 99976-3245<\/strong>.<\/p>\n<p><strong>OUTRAS NOT\u00cdCIAS<\/strong><br \/>\n<a href=\"https:\/\/marcelolopes.jor.br\/site\/2025\/05\/13\/cataguases-vai-criar-uma-associacao-dos-surdos\/\"><strong><span style=\"color: #800000;\">Cataguases vai criar uma Associa\u00e7\u00e3o dos Surdos<\/span><\/strong><\/a><\/p>\n<p><a href=\"https:\/\/marcelolopes.jor.br\/site\/2023\/03\/13\/morador-de-sinimbu-ganha-casa-nova-da-associacao-de-moradores\/\"><strong><span style=\"color: #800000;\">Morador de Sinimbu ganha casa nova da Associa\u00e7\u00e3o de Moradores<\/span><\/strong><\/a><\/p>\n<p>Foto gerada por IA<\/p>\n<div class=\"ygfva69f773908543b\" ><br><\/div><style type=\"text\/css\">\r\n@media screen and (min-width: 1201px) {\r\n.ygfva69f773908543b {\r\ndisplay: block;\r\n}\r\n}\r\n@media screen and (min-width: 993px) and (max-width: 1200px) {\r\n.ygfva69f773908543b {\r\ndisplay: block;\r\n}\r\n}\r\n@media screen and (min-width: 769px) and (max-width: 992px) {\r\n.ygfva69f773908543b {\r\ndisplay: block;\r\n}\r\n}\r\n@media screen and (min-width: 768px) and (max-width: 768px) {\r\n.ygfva69f773908543b {\r\ndisplay: block;\r\n}\r\n}\r\n@media screen and (max-width: 767px) {\r\n.ygfva69f773908543b {\r\ndisplay: block;\r\n}\r\n}\r\n<\/style>\r\n<div class=\"favaj69f773908b810\" ><div id=\"div_destino\"><\/div>\r\n<script src=\"https:\/\/cdn.snsrsv.com\/sdk.js\"><\/script>\r\n<script >\r\n      new sdk(\"464030C30061EA8BE065000000000001\") \r\n          .appendTo(\"div_destino\")\r\n          .disableStyle(true) \r\n          .setCacheBusterMacro(\"%%CACHEBUSTER%%\")\r\n          .setSize(\"800\",\"214\")\r\n          .setClickMacro(\"%%CLICK_URL_ESC%%\") \r\n          .setReferrerUrlMacro(\"%%REFERRER_URL_ESC%%\") \r\n          .start(); \r\n<\/script><\/div><style type=\"text\/css\">\r\n@media screen and (min-width: 1201px) {\r\n.favaj69f773908b810 {\r\ndisplay: block;\r\n}\r\n}\r\n@media screen and (min-width: 993px) and (max-width: 1200px) {\r\n.favaj69f773908b810 {\r\ndisplay: block;\r\n}\r\n}\r\n@media screen and (min-width: 769px) and (max-width: 992px) {\r\n.favaj69f773908b810 {\r\ndisplay: block;\r\n}\r\n}\r\n@media screen and (min-width: 768px) and (max-width: 768px) {\r\n.favaj69f773908b810 {\r\ndisplay: block;\r\n}\r\n}\r\n@media screen and (max-width: 767px) {\r\n.favaj69f773908b810 {\r\ndisplay: block;\r\n}\r\n}\r\n<\/style>\r\n","protected":false},"excerpt":{"rendered":"<p>Mais do que um ponto de encontro, a Associa\u00e7\u00e3o dos Surdos de Cataguases tem se consolidado como um espa\u00e7o de acolhimento, inclus\u00e3o e fortalecimento da comunidade surda no munic\u00edpio. Localizada na Rua Major Vieira, 212, centro da cidade, a institui\u00e7\u00e3o<\/p>\n<p class=\"link-more\"><a class=\"more-link\" href=\"https:\/\/marcelolopes.jor.br\/site\/2026\/04\/30\/associacao-dos-surdos-de-cataguases-fortalece-inclusao\/\">Leia mais <span class=\"screen-reader-text\">Associa\u00e7\u00e3o dos Surdos de Cataguases fortalece inclus\u00e3o<\/span><\/a><\/p>\n","protected":false},"author":2,"featured_media":65568,"comment_status":"open","ping_status":"closed","sticky":false,"template":"","format":"standard","meta":{"footnotes":""},"categories":[1],"tags":[],"class_list":["post-65565","post","type-post","status-publish","format-standard","has-post-thumbnail","hentry","category-noticias","thumb-below-title"],"yoast_head":"<!-- This site is optimized with the Yoast SEO plugin v27.4 - https:\/\/yoast.com\/product\/yoast-seo-wordpress\/ -->\n<title>Associa\u00e7\u00e3o dos Surdos de Cataguases fortalece inclus\u00e3o | Marcelo Lopes<\/title>\n<meta name=\"description\" content=\"Associa\u00e7\u00e3o dos Surdos de Cataguases fortalece inclus\u00e3o. Entidade tamb\u00e9m busca ampliar apoio \u00e0 comunidade surda.\" \/>\n<meta name=\"robots\" content=\"index, follow, max-snippet:-1, max-image-preview:large, max-video-preview:-1\" \/>\n<link rel=\"canonical\" href=\"https:\/\/marcelolopes.jor.br\/site\/2026\/04\/30\/associacao-dos-surdos-de-cataguases-fortalece-inclusao\/\" \/>\n<meta property=\"og:locale\" content=\"pt_BR\" \/>\n<meta property=\"og:type\" content=\"article\" \/>\n<meta property=\"og:title\" content=\"Associa\u00e7\u00e3o dos Surdos de Cataguases fortalece inclus\u00e3o | Marcelo Lopes\" \/>\n<meta property=\"og:description\" content=\"Associa\u00e7\u00e3o dos Surdos de Cataguases fortalece inclus\u00e3o. Entidade tamb\u00e9m busca ampliar apoio \u00e0 comunidade surda.\" \/>\n<meta property=\"og:url\" content=\"https:\/\/marcelolopes.jor.br\/site\/2026\/04\/30\/associacao-dos-surdos-de-cataguases-fortalece-inclusao\/\" \/>\n<meta property=\"og:site_name\" content=\"Marcelo Lopes\" \/>\n<meta property=\"article:publisher\" content=\"https:\/\/www.facebook.com\/sitedomarcelolopes\" \/>\n<meta property=\"article:published_time\" content=\"2026-04-30T23:00:42+00:00\" \/>\n<meta property=\"og:image\" content=\"https:\/\/marcelolopes.jor.br\/site\/wp-content\/uploads\/2026\/04\/Surdos.jpeg\" \/>\n\t<meta property=\"og:image:width\" content=\"1280\" \/>\n\t<meta property=\"og:image:height\" content=\"853\" \/>\n\t<meta property=\"og:image:type\" content=\"image\/jpeg\" \/>\n<meta name=\"author\" content=\"Marcelo Lopes\" \/>\n<meta name=\"twitter:card\" content=\"summary_large_image\" \/>\n<meta name=\"twitter:label1\" content=\"Escrito por\" \/>\n\t<meta name=\"twitter:data1\" content=\"Marcelo Lopes\" \/>\n\t<meta name=\"twitter:label2\" content=\"Est. tempo de leitura\" \/>\n\t<meta name=\"twitter:data2\" content=\"2 minutos\" \/>\n<script type=\"application\/ld+json\" class=\"yoast-schema-graph\">{\"@context\":\"https:\\\/\\\/schema.org\",\"@graph\":[{\"@type\":\"NewsArticle\",\"@id\":\"https:\\\/\\\/marcelolopes.jor.br\\\/site\\\/2026\\\/04\\\/30\\\/associacao-dos-surdos-de-cataguases-fortalece-inclusao\\\/#article\",\"isPartOf\":{\"@id\":\"https:\\\/\\\/marcelolopes.jor.br\\\/site\\\/2026\\\/04\\\/30\\\/associacao-dos-surdos-de-cataguases-fortalece-inclusao\\\/\"},\"author\":{\"name\":\"Marcelo Lopes\",\"@id\":\"https:\\\/\\\/marcelolopes.jor.br\\\/site\\\/#\\\/schema\\\/person\\\/3e7216a35c34d8fdf952b31da3d1f89f\"},\"headline\":\"Associa\u00e7\u00e3o dos Surdos de Cataguases fortalece inclus\u00e3o\",\"datePublished\":\"2026-04-30T23:00:42+00:00\",\"mainEntityOfPage\":{\"@id\":\"https:\\\/\\\/marcelolopes.jor.br\\\/site\\\/2026\\\/04\\\/30\\\/associacao-dos-surdos-de-cataguases-fortalece-inclusao\\\/\"},\"wordCount\":401,\"commentCount\":0,\"publisher\":{\"@id\":\"https:\\\/\\\/marcelolopes.jor.br\\\/site\\\/#organization\"},\"image\":{\"@id\":\"https:\\\/\\\/marcelolopes.jor.br\\\/site\\\/2026\\\/04\\\/30\\\/associacao-dos-surdos-de-cataguases-fortalece-inclusao\\\/#primaryimage\"},\"thumbnailUrl\":\"https:\\\/\\\/marcelolopes.jor.br\\\/site\\\/wp-content\\\/uploads\\\/2026\\\/04\\\/Surdos.jpeg\",\"articleSection\":[\"Not\u00edcias\"],\"inLanguage\":\"pt-BR\",\"potentialAction\":[{\"@type\":\"CommentAction\",\"name\":\"Comment\",\"target\":[\"https:\\\/\\\/marcelolopes.jor.br\\\/site\\\/2026\\\/04\\\/30\\\/associacao-dos-surdos-de-cataguases-fortalece-inclusao\\\/#respond\"]}]},{\"@type\":\"WebPage\",\"@id\":\"https:\\\/\\\/marcelolopes.jor.br\\\/site\\\/2026\\\/04\\\/30\\\/associacao-dos-surdos-de-cataguases-fortalece-inclusao\\\/\",\"url\":\"https:\\\/\\\/marcelolopes.jor.br\\\/site\\\/2026\\\/04\\\/30\\\/associacao-dos-surdos-de-cataguases-fortalece-inclusao\\\/\",\"name\":\"Associa\u00e7\u00e3o dos Surdos de Cataguases fortalece inclus\u00e3o | Marcelo Lopes\",\"isPartOf\":{\"@id\":\"https:\\\/\\\/marcelolopes.jor.br\\\/site\\\/#website\"},\"primaryImageOfPage\":{\"@id\":\"https:\\\/\\\/marcelolopes.jor.br\\\/site\\\/2026\\\/04\\\/30\\\/associacao-dos-surdos-de-cataguases-fortalece-inclusao\\\/#primaryimage\"},\"image\":{\"@id\":\"https:\\\/\\\/marcelolopes.jor.br\\\/site\\\/2026\\\/04\\\/30\\\/associacao-dos-surdos-de-cataguases-fortalece-inclusao\\\/#primaryimage\"},\"thumbnailUrl\":\"https:\\\/\\\/marcelolopes.jor.br\\\/site\\\/wp-content\\\/uploads\\\/2026\\\/04\\\/Surdos.jpeg\",\"datePublished\":\"2026-04-30T23:00:42+00:00\",\"description\":\"Associa\u00e7\u00e3o dos Surdos de Cataguases fortalece inclus\u00e3o. Entidade tamb\u00e9m busca ampliar apoio \u00e0 comunidade surda.\",\"breadcrumb\":{\"@id\":\"https:\\\/\\\/marcelolopes.jor.br\\\/site\\\/2026\\\/04\\\/30\\\/associacao-dos-surdos-de-cataguases-fortalece-inclusao\\\/#breadcrumb\"},\"inLanguage\":\"pt-BR\",\"potentialAction\":[{\"@type\":\"ReadAction\",\"target\":[\"https:\\\/\\\/marcelolopes.jor.br\\\/site\\\/2026\\\/04\\\/30\\\/associacao-dos-surdos-de-cataguases-fortalece-inclusao\\\/\"]}]},{\"@type\":\"ImageObject\",\"inLanguage\":\"pt-BR\",\"@id\":\"https:\\\/\\\/marcelolopes.jor.br\\\/site\\\/2026\\\/04\\\/30\\\/associacao-dos-surdos-de-cataguases-fortalece-inclusao\\\/#primaryimage\",\"url\":\"https:\\\/\\\/marcelolopes.jor.br\\\/site\\\/wp-content\\\/uploads\\\/2026\\\/04\\\/Surdos.jpeg\",\"contentUrl\":\"https:\\\/\\\/marcelolopes.jor.br\\\/site\\\/wp-content\\\/uploads\\\/2026\\\/04\\\/Surdos.jpeg\",\"width\":1280,\"height\":853,\"caption\":\"Associa\u00e7\u00e3o dos Surdos de\"},{\"@type\":\"BreadcrumbList\",\"@id\":\"https:\\\/\\\/marcelolopes.jor.br\\\/site\\\/2026\\\/04\\\/30\\\/associacao-dos-surdos-de-cataguases-fortalece-inclusao\\\/#breadcrumb\",\"itemListElement\":[{\"@type\":\"ListItem\",\"position\":1,\"name\":\"Home\",\"item\":\"https:\\\/\\\/marcelolopes.jor.br\\\/site\\\/\"},{\"@type\":\"ListItem\",\"position\":2,\"name\":\"Associa\u00e7\u00e3o dos Surdos de Cataguases fortalece inclus\u00e3o\"}]},{\"@type\":\"WebSite\",\"@id\":\"https:\\\/\\\/marcelolopes.jor.br\\\/site\\\/#website\",\"url\":\"https:\\\/\\\/marcelolopes.jor.br\\\/site\\\/\",\"name\":\"Marcelo Lopes\",\"description\":\"Not\u00edcias de Cataguases e Regi\u00e3o\",\"publisher\":{\"@id\":\"https:\\\/\\\/marcelolopes.jor.br\\\/site\\\/#organization\"},\"potentialAction\":[{\"@type\":\"SearchAction\",\"target\":{\"@type\":\"EntryPoint\",\"urlTemplate\":\"https:\\\/\\\/marcelolopes.jor.br\\\/site\\\/?s={search_term_string}\"},\"query-input\":{\"@type\":\"PropertyValueSpecification\",\"valueRequired\":true,\"valueName\":\"search_term_string\"}}],\"inLanguage\":\"pt-BR\"},{\"@type\":\"Organization\",\"@id\":\"https:\\\/\\\/marcelolopes.jor.br\\\/site\\\/#organization\",\"name\":\"Site do Marcelo Lopes\",\"url\":\"https:\\\/\\\/marcelolopes.jor.br\\\/site\\\/\",\"logo\":{\"@type\":\"ImageObject\",\"inLanguage\":\"pt-BR\",\"@id\":\"https:\\\/\\\/marcelolopes.jor.br\\\/site\\\/#\\\/schema\\\/logo\\\/image\\\/\",\"url\":\"https:\\\/\\\/marcelolopes.jor.br\\\/site\\\/wp-content\\\/uploads\\\/2024\\\/11\\\/logo-1.png\",\"contentUrl\":\"https:\\\/\\\/marcelolopes.jor.br\\\/site\\\/wp-content\\\/uploads\\\/2024\\\/11\\\/logo-1.png\",\"width\":475,\"height\":80,\"caption\":\"Site do Marcelo Lopes\"},\"image\":{\"@id\":\"https:\\\/\\\/marcelolopes.jor.br\\\/site\\\/#\\\/schema\\\/logo\\\/image\\\/\"},\"sameAs\":[\"https:\\\/\\\/www.facebook.com\\\/sitedomarcelolopes\",\"https:\\\/\\\/www.instagram.com\\\/sitedomarcelolopes\\\/\",\"https:\\\/\\\/www.linkedin.com\\\/company\\\/site-do-marcelo-lopes\\\/\",\"https:\\\/\\\/www.youtube.com\\\/user\\\/marcelolopes957\"]},{\"@type\":\"Person\",\"@id\":\"https:\\\/\\\/marcelolopes.jor.br\\\/site\\\/#\\\/schema\\\/person\\\/3e7216a35c34d8fdf952b31da3d1f89f\",\"name\":\"Marcelo Lopes\",\"sameAs\":[\"http:\\\/\\\/www.marcelolopes.jor.br\"],\"url\":\"https:\\\/\\\/marcelolopes.jor.br\\\/site\\\/author\\\/marcelo\\\/\"}]}<\/script>\n<!-- \/ Yoast SEO plugin. -->","yoast_head_json":{"title":"Associa\u00e7\u00e3o dos Surdos de Cataguases fortalece inclus\u00e3o | Marcelo Lopes","description":"Associa\u00e7\u00e3o dos Surdos de Cataguases fortalece inclus\u00e3o. Entidade tamb\u00e9m busca ampliar apoio \u00e0 comunidade surda.","robots":{"index":"index","follow":"follow","max-snippet":"max-snippet:-1","max-image-preview":"max-image-preview:large","max-video-preview":"max-video-preview:-1"},"canonical":"https:\/\/marcelolopes.jor.br\/site\/2026\/04\/30\/associacao-dos-surdos-de-cataguases-fortalece-inclusao\/","og_locale":"pt_BR","og_type":"article","og_title":"Associa\u00e7\u00e3o dos Surdos de Cataguases fortalece inclus\u00e3o | Marcelo Lopes","og_description":"Associa\u00e7\u00e3o dos Surdos de Cataguases fortalece inclus\u00e3o. Entidade tamb\u00e9m busca ampliar apoio \u00e0 comunidade surda.","og_url":"https:\/\/marcelolopes.jor.br\/site\/2026\/04\/30\/associacao-dos-surdos-de-cataguases-fortalece-inclusao\/","og_site_name":"Marcelo Lopes","article_publisher":"https:\/\/www.facebook.com\/sitedomarcelolopes","article_published_time":"2026-04-30T23:00:42+00:00","og_image":[{"width":1280,"height":853,"url":"https:\/\/marcelolopes.jor.br\/site\/wp-content\/uploads\/2026\/04\/Surdos.jpeg","type":"image\/jpeg"}],"author":"Marcelo Lopes","twitter_card":"summary_large_image","twitter_misc":{"Escrito por":"Marcelo Lopes","Est. tempo de leitura":"2 minutos"},"schema":{"@context":"https:\/\/schema.org","@graph":[{"@type":"NewsArticle","@id":"https:\/\/marcelolopes.jor.br\/site\/2026\/04\/30\/associacao-dos-surdos-de-cataguases-fortalece-inclusao\/#article","isPartOf":{"@id":"https:\/\/marcelolopes.jor.br\/site\/2026\/04\/30\/associacao-dos-surdos-de-cataguases-fortalece-inclusao\/"},"author":{"name":"Marcelo Lopes","@id":"https:\/\/marcelolopes.jor.br\/site\/#\/schema\/person\/3e7216a35c34d8fdf952b31da3d1f89f"},"headline":"Associa\u00e7\u00e3o dos Surdos de Cataguases fortalece inclus\u00e3o","datePublished":"2026-04-30T23:00:42+00:00","mainEntityOfPage":{"@id":"https:\/\/marcelolopes.jor.br\/site\/2026\/04\/30\/associacao-dos-surdos-de-cataguases-fortalece-inclusao\/"},"wordCount":401,"commentCount":0,"publisher":{"@id":"https:\/\/marcelolopes.jor.br\/site\/#organization"},"image":{"@id":"https:\/\/marcelolopes.jor.br\/site\/2026\/04\/30\/associacao-dos-surdos-de-cataguases-fortalece-inclusao\/#primaryimage"},"thumbnailUrl":"https:\/\/marcelolopes.jor.br\/site\/wp-content\/uploads\/2026\/04\/Surdos.jpeg","articleSection":["Not\u00edcias"],"inLanguage":"pt-BR","potentialAction":[{"@type":"CommentAction","name":"Comment","target":["https:\/\/marcelolopes.jor.br\/site\/2026\/04\/30\/associacao-dos-surdos-de-cataguases-fortalece-inclusao\/#respond"]}]},{"@type":"WebPage","@id":"https:\/\/marcelolopes.jor.br\/site\/2026\/04\/30\/associacao-dos-surdos-de-cataguases-fortalece-inclusao\/","url":"https:\/\/marcelolopes.jor.br\/site\/2026\/04\/30\/associacao-dos-surdos-de-cataguases-fortalece-inclusao\/","name":"Associa\u00e7\u00e3o dos Surdos de Cataguases fortalece inclus\u00e3o | Marcelo Lopes","isPartOf":{"@id":"https:\/\/marcelolopes.jor.br\/site\/#website"},"primaryImageOfPage":{"@id":"https:\/\/marcelolopes.jor.br\/site\/2026\/04\/30\/associacao-dos-surdos-de-cataguases-fortalece-inclusao\/#primaryimage"},"image":{"@id":"https:\/\/marcelolopes.jor.br\/site\/2026\/04\/30\/associacao-dos-surdos-de-cataguases-fortalece-inclusao\/#primaryimage"},"thumbnailUrl":"https:\/\/marcelolopes.jor.br\/site\/wp-content\/uploads\/2026\/04\/Surdos.jpeg","datePublished":"2026-04-30T23:00:42+00:00","description":"Associa\u00e7\u00e3o dos Surdos de Cataguases fortalece inclus\u00e3o. Entidade tamb\u00e9m busca ampliar apoio \u00e0 comunidade surda.","breadcrumb":{"@id":"https:\/\/marcelolopes.jor.br\/site\/2026\/04\/30\/associacao-dos-surdos-de-cataguases-fortalece-inclusao\/#breadcrumb"},"inLanguage":"pt-BR","potentialAction":[{"@type":"ReadAction","target":["https:\/\/marcelolopes.jor.br\/site\/2026\/04\/30\/associacao-dos-surdos-de-cataguases-fortalece-inclusao\/"]}]},{"@type":"ImageObject","inLanguage":"pt-BR","@id":"https:\/\/marcelolopes.jor.br\/site\/2026\/04\/30\/associacao-dos-surdos-de-cataguases-fortalece-inclusao\/#primaryimage","url":"https:\/\/marcelolopes.jor.br\/site\/wp-content\/uploads\/2026\/04\/Surdos.jpeg","contentUrl":"https:\/\/marcelolopes.jor.br\/site\/wp-content\/uploads\/2026\/04\/Surdos.jpeg","width":1280,"height":853,"caption":"Associa\u00e7\u00e3o dos Surdos de"},{"@type":"BreadcrumbList","@id":"https:\/\/marcelolopes.jor.br\/site\/2026\/04\/30\/associacao-dos-surdos-de-cataguases-fortalece-inclusao\/#breadcrumb","itemListElement":[{"@type":"ListItem","position":1,"name":"Home","item":"https:\/\/marcelolopes.jor.br\/site\/"},{"@type":"ListItem","position":2,"name":"Associa\u00e7\u00e3o dos Surdos de Cataguases fortalece inclus\u00e3o"}]},{"@type":"WebSite","@id":"https:\/\/marcelolopes.jor.br\/site\/#website","url":"https:\/\/marcelolopes.jor.br\/site\/","name":"Marcelo Lopes","description":"Not\u00edcias de Cataguases e Regi\u00e3o","publisher":{"@id":"https:\/\/marcelolopes.jor.br\/site\/#organization"},"potentialAction":[{"@type":"SearchAction","target":{"@type":"EntryPoint","urlTemplate":"https:\/\/marcelolopes.jor.br\/site\/?s={search_term_string}"},"query-input":{"@type":"PropertyValueSpecification","valueRequired":true,"valueName":"search_term_string"}}],"inLanguage":"pt-BR"},{"@type":"Organization","@id":"https:\/\/marcelolopes.jor.br\/site\/#organization","name":"Site do Marcelo Lopes","url":"https:\/\/marcelolopes.jor.br\/site\/","logo":{"@type":"ImageObject","inLanguage":"pt-BR","@id":"https:\/\/marcelolopes.jor.br\/site\/#\/schema\/logo\/image\/","url":"https:\/\/marcelolopes.jor.br\/site\/wp-content\/uploads\/2024\/11\/logo-1.png","contentUrl":"https:\/\/marcelolopes.jor.br\/site\/wp-content\/uploads\/2024\/11\/logo-1.png","width":475,"height":80,"caption":"Site do Marcelo Lopes"},"image":{"@id":"https:\/\/marcelolopes.jor.br\/site\/#\/schema\/logo\/image\/"},"sameAs":["https:\/\/www.facebook.com\/sitedomarcelolopes","https:\/\/www.instagram.com\/sitedomarcelolopes\/","https:\/\/www.linkedin.com\/company\/site-do-marcelo-lopes\/","https:\/\/www.youtube.com\/user\/marcelolopes957"]},{"@type":"Person","@id":"https:\/\/marcelolopes.jor.br\/site\/#\/schema\/person\/3e7216a35c34d8fdf952b31da3d1f89f","name":"Marcelo Lopes","sameAs":["http:\/\/www.marcelolopes.jor.br"],"url":"https:\/\/marcelolopes.jor.br\/site\/author\/marcelo\/"}]}},"wps_subtitle":"Entidade tamb\u00e9m busca ampliar apoio \u00e0 comunidade surda.","_links":{"self":[{"href":"https:\/\/marcelolopes.jor.br\/site\/wp-json\/wp\/v2\/posts\/65565","targetHints":{"allow":["GET"]}}],"collection":[{"href":"https:\/\/marcelolopes.jor.br\/site\/wp-json\/wp\/v2\/posts"}],"about":[{"href":"https:\/\/marcelolopes.jor.br\/site\/wp-json\/wp\/v2\/types\/post"}],"author":[{"embeddable":true,"href":"https:\/\/marcelolopes.jor.br\/site\/wp-json\/wp\/v2\/users\/2"}],"replies":[{"embeddable":true,"href":"https:\/\/marcelolopes.jor.br\/site\/wp-json\/wp\/v2\/comments?post=65565"}],"version-history":[{"count":2,"href":"https:\/\/marcelolopes.jor.br\/site\/wp-json\/wp\/v2\/posts\/65565\/revisions"}],"predecessor-version":[{"id":65569,"href":"https:\/\/marcelolopes.jor.br\/site\/wp-json\/wp\/v2\/posts\/65565\/revisions\/65569"}],"wp:featuredmedia":[{"embeddable":true,"href":"https:\/\/marcelolopes.jor.br\/site\/wp-json\/wp\/v2\/media\/65568"}],"wp:attachment":[{"href":"https:\/\/marcelolopes.jor.br\/site\/wp-json\/wp\/v2\/media?parent=65565"}],"wp:term":[{"taxonomy":"category","embeddable":true,"href":"https:\/\/marcelolopes.jor.br\/site\/wp-json\/wp\/v2\/categories?post=65565"},{"taxonomy":"post_tag","embeddable":true,"href":"https:\/\/marcelolopes.jor.br\/site\/wp-json\/wp\/v2\/tags?post=65565"}],"curies":[{"name":"wp","href":"https:\/\/api.w.org\/{rel}","templated":true}]}}