{"id":65552,"date":"2026-04-30T12:00:50","date_gmt":"2026-04-30T15:00:50","guid":{"rendered":"https:\/\/marcelolopes.jor.br\/site\/?p=65552"},"modified":"2026-04-30T08:20:53","modified_gmt":"2026-04-30T11:20:53","slug":"sala-mineira-do-empreendedor-realiza-o-intensivao-empreendedor","status":"publish","type":"post","link":"https:\/\/marcelolopes.jor.br\/site\/2026\/04\/30\/sala-mineira-do-empreendedor-realiza-o-intensivao-empreendedor\/","title":{"rendered":"Sala Mineira do Empreendedor realiza o \u201cIntensiv\u00e3o Empreendedor\u201d"},"content":{"rendered":"<p>O m\u00eas de maio est\u00e1 repleto de oportunidades para quem deseja investir no pr\u00f3prio neg\u00f3cio, buscar renda extra ou dar novos rumos \u00e0 carreira profissional. A Prefeitura de Cataguases, por meio da Secretaria de Desenvolvimento Econ\u00f4mico e Gest\u00e3o Institucional (SEDEGI) e da Sala Mineira do Empreendedor, realiza o \u201cIntensiv\u00e3o Empreendedor\u201d, uma s\u00e9rie de atividades voltadas \u00e0 capacita\u00e7\u00e3o e ao incentivo ao empreendedorismo no munic\u00edpio.<!--more--><\/p>\n<h4 class=\"p1\"><span class=\"s1\">\ud83d\udcf8\u00a0<span style=\"color: #008000;\">Siga o Site do Marcelo Lopes no<\/span>\u00a0<span style=\"color: #800000;\"><a style=\"color: #800000;\" href=\"https:\/\/www.facebook.com\/sitedomarcelolopes\/\"><strong>Facebook<\/strong><\/a><\/span>\u00a0<span style=\"color: #008000;\">e no<\/span>\u00a0<span style=\"color: #800000;\"><strong><a style=\"color: #800000;\" href=\"https:\/\/www.instagram.com\/sitedomarcelolopes\/\">Instagram<\/a><\/strong><\/span><\/span><\/h4>\n<h4 class=\"p1\">\ud83d\udcf1<span style=\"color: #008000;\">Participe do grupo de<\/span>\u00a0<span style=\"color: #800000;\"><a style=\"color: #800000;\" href=\"https:\/\/chat.whatsapp.com\/BibzcI1ibYSKytbdyzubLA\"><strong>WhatsApp<\/strong><\/a><\/span> <span style=\"color: #008000;\">do Site do Marcelo Lopes<\/span><\/h4>\n<p>As a\u00e7\u00f5es ser\u00e3o ministradas pela pr\u00f3pria equipe da Sala Mineira do Empreendedor e contemplam diferentes p\u00fablicos, desde jovens estudantes at\u00e9 idosos, al\u00e9m de artes\u00e3os, empreendedores informais e pessoas que desejam iniciar um novo projeto profissional.<\/p>\n<p>A proposta \u00e9 levar conhecimento pr\u00e1tico, inova\u00e7\u00e3o e novas possibilidades de gera\u00e7\u00e3o de renda, fortalecendo o empreendedorismo local e oferecendo suporte para quem busca crescimento profissional.<\/p>\n<p>A programa\u00e7\u00e3o j\u00e1 come\u00e7a na pr\u00f3xima segunda-feira, dia 4, com uma atividade voltada especialmente para os empreendedores da Feira de Artesanato.<\/p>\n<p>Nos dias 9, 27, 28 e 29 de maio, o tema empreendedorismo jovem ser\u00e1 levado ao Instituto Federal e \u00e0s escolas Francisco In\u00e1cio Peixoto e Marieta Soares Teixeira, incentivando os estudantes a enxergarem novas possibilidades de futuro.<\/p>\n<p>No dia 14 de maio, o encontro acontece no Pr\u00f3-Idoso, mostrando que nunca \u00e9 tarde para come\u00e7ar um novo projeto e transformar conhecimento em oportunidade.<\/p>\n<p>No dia 28 de maio, o CRAS Justino recebe uma a\u00e7\u00e3o com foco em dicas pr\u00e1ticas de vendas e renda extra, enquanto, na mesma data, a SEDEGI promove um treinamento especial com a proposta de ajudar empreendedores a \u201cdestravar\u201d seus neg\u00f3cios e impulsionar resultados.<\/p>\n<p>Segundo a organiza\u00e7\u00e3o do &#8220;Intensiv\u00e3o Empreendedor&#8221;, o objetivo \u00e9 mostrar que empreender pode ser um caminho acess\u00edvel e transformador, desde que acompanhado de orienta\u00e7\u00e3o, planejamento e apoio.<\/p>\n<p>Conforme informou a equipe respons\u00e1vel pelos eventos, com esta iniciativa, a Sala Mineira do Empreendedor de Cataguases refor\u00e7a seu papel de incentivo ao desenvolvimento econ\u00f4mico e \u00e0 valoriza\u00e7\u00e3o dos pequenos neg\u00f3cios, aproximando informa\u00e7\u00e3o e capacita\u00e7\u00e3o de quem mais precisa.<\/p>\n<p><strong>OUTRAS NOT\u00cdCIAS<\/strong><br \/>\n<a href=\"https:\/\/marcelolopes.jor.br\/site\/2026\/04\/25\/sala-mineira-do-empreendedor-itinerante-vai-ao-mercado-do-produtor\/\"><strong><span style=\"color: #800000;\">Sala Mineira do Empreendedor Itinerante vai ao Mercado do Produtor<\/span><\/strong><\/a><\/p>\n<p><strong><span style=\"color: #800000;\">Sala Mineira do Empreendedor de Cataguases recebe Selo Ouro do Sebrae<\/span><\/strong><\/p>\n<p>Fonte: SME Cataguases | Foto ilustrativa: Pexels<\/p>\n<div class=\"kubiw69f77395933d3\" ><br><\/div><style type=\"text\/css\">\r\n@media screen and (min-width: 1201px) {\r\n.kubiw69f77395933d3 {\r\ndisplay: block;\r\n}\r\n}\r\n@media screen and (min-width: 993px) and (max-width: 1200px) {\r\n.kubiw69f77395933d3 {\r\ndisplay: block;\r\n}\r\n}\r\n@media screen and (min-width: 769px) and (max-width: 992px) {\r\n.kubiw69f77395933d3 {\r\ndisplay: block;\r\n}\r\n}\r\n@media screen and (min-width: 768px) and (max-width: 768px) {\r\n.kubiw69f77395933d3 {\r\ndisplay: block;\r\n}\r\n}\r\n@media screen and (max-width: 767px) {\r\n.kubiw69f77395933d3 {\r\ndisplay: block;\r\n}\r\n}\r\n<\/style>\r\n<div class=\"iyunx69f7739599978\" ><div id=\"div_destino\"><\/div>\r\n<script src=\"https:\/\/cdn.snsrsv.com\/sdk.js\"><\/script>\r\n<script >\r\n      new sdk(\"464030C30061EA8BE065000000000001\") \r\n          .appendTo(\"div_destino\")\r\n          .disableStyle(true) \r\n          .setCacheBusterMacro(\"%%CACHEBUSTER%%\")\r\n          .setSize(\"800\",\"214\")\r\n          .setClickMacro(\"%%CLICK_URL_ESC%%\") \r\n          .setReferrerUrlMacro(\"%%REFERRER_URL_ESC%%\") \r\n          .start(); \r\n<\/script><\/div><style type=\"text\/css\">\r\n@media screen and (min-width: 1201px) {\r\n.iyunx69f7739599978 {\r\ndisplay: block;\r\n}\r\n}\r\n@media screen and (min-width: 993px) and (max-width: 1200px) {\r\n.iyunx69f7739599978 {\r\ndisplay: block;\r\n}\r\n}\r\n@media screen and (min-width: 769px) and (max-width: 992px) {\r\n.iyunx69f7739599978 {\r\ndisplay: block;\r\n}\r\n}\r\n@media screen and (min-width: 768px) and (max-width: 768px) {\r\n.iyunx69f7739599978 {\r\ndisplay: block;\r\n}\r\n}\r\n@media screen and (max-width: 767px) {\r\n.iyunx69f7739599978 {\r\ndisplay: block;\r\n}\r\n}\r\n<\/style>\r\n","protected":false},"excerpt":{"rendered":"<p>O m\u00eas de maio est\u00e1 repleto de oportunidades para quem deseja investir no pr\u00f3prio neg\u00f3cio, buscar renda extra ou dar novos rumos \u00e0 carreira profissional. A Prefeitura de Cataguases, por meio da Secretaria de Desenvolvimento Econ\u00f4mico e Gest\u00e3o Institucional (SEDEGI)<\/p>\n<p class=\"link-more\"><a class=\"more-link\" href=\"https:\/\/marcelolopes.jor.br\/site\/2026\/04\/30\/sala-mineira-do-empreendedor-realiza-o-intensivao-empreendedor\/\">Leia mais <span class=\"screen-reader-text\">Sala Mineira do Empreendedor realiza o \u201cIntensiv\u00e3o Empreendedor\u201d<\/span><\/a><\/p>\n","protected":false},"author":2,"featured_media":65554,"comment_status":"open","ping_status":"closed","sticky":false,"template":"","format":"standard","meta":{"footnotes":""},"categories":[1],"tags":[],"class_list":["post-65552","post","type-post","status-publish","format-standard","has-post-thumbnail","hentry","category-noticias","thumb-below-title"],"yoast_head":"<!-- This site is optimized with the Yoast SEO plugin v27.4 - https:\/\/yoast.com\/product\/yoast-seo-wordpress\/ -->\n<title>Sala Mineira do Empreendedor realiza o intensiv\u00e3o empreendedor<\/title>\n<meta name=\"description\" content=\"Sala Mineira do Empreendedor realiza o intensiv\u00e3o empreendedor. Iniciativa \u00e9 uma oportunidade para quem deseja investir no pr\u00f3prio neg\u00f3cio.\" \/>\n<meta name=\"robots\" content=\"index, follow, max-snippet:-1, max-image-preview:large, max-video-preview:-1\" \/>\n<link rel=\"canonical\" href=\"https:\/\/marcelolopes.jor.br\/site\/2026\/04\/30\/sala-mineira-do-empreendedor-realiza-o-intensivao-empreendedor\/\" \/>\n<meta property=\"og:locale\" content=\"pt_BR\" \/>\n<meta property=\"og:type\" content=\"article\" \/>\n<meta property=\"og:title\" content=\"Sala Mineira do Empreendedor realiza o intensiv\u00e3o empreendedor\" \/>\n<meta property=\"og:description\" content=\"Sala Mineira do Empreendedor realiza o intensiv\u00e3o empreendedor. Iniciativa \u00e9 uma oportunidade para quem deseja investir no pr\u00f3prio neg\u00f3cio.\" \/>\n<meta property=\"og:url\" content=\"https:\/\/marcelolopes.jor.br\/site\/2026\/04\/30\/sala-mineira-do-empreendedor-realiza-o-intensivao-empreendedor\/\" \/>\n<meta property=\"og:site_name\" content=\"Marcelo Lopes\" \/>\n<meta property=\"article:publisher\" content=\"https:\/\/www.facebook.com\/sitedomarcelolopes\" \/>\n<meta property=\"article:published_time\" content=\"2026-04-30T15:00:50+00:00\" \/>\n<meta property=\"og:image\" content=\"https:\/\/marcelolopes.jor.br\/site\/wp-content\/uploads\/2026\/04\/secret.png\" \/>\n\t<meta property=\"og:image:width\" content=\"800\" \/>\n\t<meta property=\"og:image:height\" content=\"550\" \/>\n\t<meta property=\"og:image:type\" content=\"image\/png\" \/>\n<meta name=\"author\" content=\"Marcelo Lopes\" \/>\n<meta name=\"twitter:card\" content=\"summary_large_image\" \/>\n<meta name=\"twitter:label1\" content=\"Escrito por\" \/>\n\t<meta name=\"twitter:data1\" content=\"Marcelo Lopes\" \/>\n\t<meta name=\"twitter:label2\" content=\"Est. tempo de leitura\" \/>\n\t<meta name=\"twitter:data2\" content=\"2 minutos\" \/>\n<script type=\"application\/ld+json\" class=\"yoast-schema-graph\">{\"@context\":\"https:\\\/\\\/schema.org\",\"@graph\":[{\"@type\":\"NewsArticle\",\"@id\":\"https:\\\/\\\/marcelolopes.jor.br\\\/site\\\/2026\\\/04\\\/30\\\/sala-mineira-do-empreendedor-realiza-o-intensivao-empreendedor\\\/#article\",\"isPartOf\":{\"@id\":\"https:\\\/\\\/marcelolopes.jor.br\\\/site\\\/2026\\\/04\\\/30\\\/sala-mineira-do-empreendedor-realiza-o-intensivao-empreendedor\\\/\"},\"author\":{\"name\":\"Marcelo Lopes\",\"@id\":\"https:\\\/\\\/marcelolopes.jor.br\\\/site\\\/#\\\/schema\\\/person\\\/3e7216a35c34d8fdf952b31da3d1f89f\"},\"headline\":\"Sala Mineira do Empreendedor realiza o \u201cIntensiv\u00e3o Empreendedor\u201d\",\"datePublished\":\"2026-04-30T15:00:50+00:00\",\"mainEntityOfPage\":{\"@id\":\"https:\\\/\\\/marcelolopes.jor.br\\\/site\\\/2026\\\/04\\\/30\\\/sala-mineira-do-empreendedor-realiza-o-intensivao-empreendedor\\\/\"},\"wordCount\":403,\"commentCount\":0,\"publisher\":{\"@id\":\"https:\\\/\\\/marcelolopes.jor.br\\\/site\\\/#organization\"},\"image\":{\"@id\":\"https:\\\/\\\/marcelolopes.jor.br\\\/site\\\/2026\\\/04\\\/30\\\/sala-mineira-do-empreendedor-realiza-o-intensivao-empreendedor\\\/#primaryimage\"},\"thumbnailUrl\":\"https:\\\/\\\/marcelolopes.jor.br\\\/site\\\/wp-content\\\/uploads\\\/2026\\\/04\\\/secret.png\",\"articleSection\":[\"Not\u00edcias\"],\"inLanguage\":\"pt-BR\",\"potentialAction\":[{\"@type\":\"CommentAction\",\"name\":\"Comment\",\"target\":[\"https:\\\/\\\/marcelolopes.jor.br\\\/site\\\/2026\\\/04\\\/30\\\/sala-mineira-do-empreendedor-realiza-o-intensivao-empreendedor\\\/#respond\"]}]},{\"@type\":\"WebPage\",\"@id\":\"https:\\\/\\\/marcelolopes.jor.br\\\/site\\\/2026\\\/04\\\/30\\\/sala-mineira-do-empreendedor-realiza-o-intensivao-empreendedor\\\/\",\"url\":\"https:\\\/\\\/marcelolopes.jor.br\\\/site\\\/2026\\\/04\\\/30\\\/sala-mineira-do-empreendedor-realiza-o-intensivao-empreendedor\\\/\",\"name\":\"Sala Mineira do Empreendedor realiza o intensiv\u00e3o empreendedor\",\"isPartOf\":{\"@id\":\"https:\\\/\\\/marcelolopes.jor.br\\\/site\\\/#website\"},\"primaryImageOfPage\":{\"@id\":\"https:\\\/\\\/marcelolopes.jor.br\\\/site\\\/2026\\\/04\\\/30\\\/sala-mineira-do-empreendedor-realiza-o-intensivao-empreendedor\\\/#primaryimage\"},\"image\":{\"@id\":\"https:\\\/\\\/marcelolopes.jor.br\\\/site\\\/2026\\\/04\\\/30\\\/sala-mineira-do-empreendedor-realiza-o-intensivao-empreendedor\\\/#primaryimage\"},\"thumbnailUrl\":\"https:\\\/\\\/marcelolopes.jor.br\\\/site\\\/wp-content\\\/uploads\\\/2026\\\/04\\\/secret.png\",\"datePublished\":\"2026-04-30T15:00:50+00:00\",\"description\":\"Sala Mineira do Empreendedor realiza o intensiv\u00e3o empreendedor. Iniciativa \u00e9 uma oportunidade para quem deseja investir no pr\u00f3prio neg\u00f3cio.\",\"breadcrumb\":{\"@id\":\"https:\\\/\\\/marcelolopes.jor.br\\\/site\\\/2026\\\/04\\\/30\\\/sala-mineira-do-empreendedor-realiza-o-intensivao-empreendedor\\\/#breadcrumb\"},\"inLanguage\":\"pt-BR\",\"potentialAction\":[{\"@type\":\"ReadAction\",\"target\":[\"https:\\\/\\\/marcelolopes.jor.br\\\/site\\\/2026\\\/04\\\/30\\\/sala-mineira-do-empreendedor-realiza-o-intensivao-empreendedor\\\/\"]}]},{\"@type\":\"ImageObject\",\"inLanguage\":\"pt-BR\",\"@id\":\"https:\\\/\\\/marcelolopes.jor.br\\\/site\\\/2026\\\/04\\\/30\\\/sala-mineira-do-empreendedor-realiza-o-intensivao-empreendedor\\\/#primaryimage\",\"url\":\"https:\\\/\\\/marcelolopes.jor.br\\\/site\\\/wp-content\\\/uploads\\\/2026\\\/04\\\/secret.png\",\"contentUrl\":\"https:\\\/\\\/marcelolopes.jor.br\\\/site\\\/wp-content\\\/uploads\\\/2026\\\/04\\\/secret.png\",\"width\":800,\"height\":550,\"caption\":\"Sala Mineira do Empreendedor\"},{\"@type\":\"BreadcrumbList\",\"@id\":\"https:\\\/\\\/marcelolopes.jor.br\\\/site\\\/2026\\\/04\\\/30\\\/sala-mineira-do-empreendedor-realiza-o-intensivao-empreendedor\\\/#breadcrumb\",\"itemListElement\":[{\"@type\":\"ListItem\",\"position\":1,\"name\":\"Home\",\"item\":\"https:\\\/\\\/marcelolopes.jor.br\\\/site\\\/\"},{\"@type\":\"ListItem\",\"position\":2,\"name\":\"Sala Mineira do Empreendedor realiza o \u201cIntensiv\u00e3o Empreendedor\u201d\"}]},{\"@type\":\"WebSite\",\"@id\":\"https:\\\/\\\/marcelolopes.jor.br\\\/site\\\/#website\",\"url\":\"https:\\\/\\\/marcelolopes.jor.br\\\/site\\\/\",\"name\":\"Marcelo Lopes\",\"description\":\"Not\u00edcias de Cataguases e Regi\u00e3o\",\"publisher\":{\"@id\":\"https:\\\/\\\/marcelolopes.jor.br\\\/site\\\/#organization\"},\"potentialAction\":[{\"@type\":\"SearchAction\",\"target\":{\"@type\":\"EntryPoint\",\"urlTemplate\":\"https:\\\/\\\/marcelolopes.jor.br\\\/site\\\/?s={search_term_string}\"},\"query-input\":{\"@type\":\"PropertyValueSpecification\",\"valueRequired\":true,\"valueName\":\"search_term_string\"}}],\"inLanguage\":\"pt-BR\"},{\"@type\":\"Organization\",\"@id\":\"https:\\\/\\\/marcelolopes.jor.br\\\/site\\\/#organization\",\"name\":\"Site do Marcelo Lopes\",\"url\":\"https:\\\/\\\/marcelolopes.jor.br\\\/site\\\/\",\"logo\":{\"@type\":\"ImageObject\",\"inLanguage\":\"pt-BR\",\"@id\":\"https:\\\/\\\/marcelolopes.jor.br\\\/site\\\/#\\\/schema\\\/logo\\\/image\\\/\",\"url\":\"https:\\\/\\\/marcelolopes.jor.br\\\/site\\\/wp-content\\\/uploads\\\/2024\\\/11\\\/logo-1.png\",\"contentUrl\":\"https:\\\/\\\/marcelolopes.jor.br\\\/site\\\/wp-content\\\/uploads\\\/2024\\\/11\\\/logo-1.png\",\"width\":475,\"height\":80,\"caption\":\"Site do Marcelo Lopes\"},\"image\":{\"@id\":\"https:\\\/\\\/marcelolopes.jor.br\\\/site\\\/#\\\/schema\\\/logo\\\/image\\\/\"},\"sameAs\":[\"https:\\\/\\\/www.facebook.com\\\/sitedomarcelolopes\",\"https:\\\/\\\/www.instagram.com\\\/sitedomarcelolopes\\\/\",\"https:\\\/\\\/www.linkedin.com\\\/company\\\/site-do-marcelo-lopes\\\/\",\"https:\\\/\\\/www.youtube.com\\\/user\\\/marcelolopes957\"]},{\"@type\":\"Person\",\"@id\":\"https:\\\/\\\/marcelolopes.jor.br\\\/site\\\/#\\\/schema\\\/person\\\/3e7216a35c34d8fdf952b31da3d1f89f\",\"name\":\"Marcelo Lopes\",\"sameAs\":[\"http:\\\/\\\/www.marcelolopes.jor.br\"],\"url\":\"https:\\\/\\\/marcelolopes.jor.br\\\/site\\\/author\\\/marcelo\\\/\"}]}<\/script>\n<!-- \/ Yoast SEO plugin. -->","yoast_head_json":{"title":"Sala Mineira do Empreendedor realiza o intensiv\u00e3o empreendedor","description":"Sala Mineira do Empreendedor realiza o intensiv\u00e3o empreendedor. Iniciativa \u00e9 uma oportunidade para quem deseja investir no pr\u00f3prio neg\u00f3cio.","robots":{"index":"index","follow":"follow","max-snippet":"max-snippet:-1","max-image-preview":"max-image-preview:large","max-video-preview":"max-video-preview:-1"},"canonical":"https:\/\/marcelolopes.jor.br\/site\/2026\/04\/30\/sala-mineira-do-empreendedor-realiza-o-intensivao-empreendedor\/","og_locale":"pt_BR","og_type":"article","og_title":"Sala Mineira do Empreendedor realiza o intensiv\u00e3o empreendedor","og_description":"Sala Mineira do Empreendedor realiza o intensiv\u00e3o empreendedor. Iniciativa \u00e9 uma oportunidade para quem deseja investir no pr\u00f3prio neg\u00f3cio.","og_url":"https:\/\/marcelolopes.jor.br\/site\/2026\/04\/30\/sala-mineira-do-empreendedor-realiza-o-intensivao-empreendedor\/","og_site_name":"Marcelo Lopes","article_publisher":"https:\/\/www.facebook.com\/sitedomarcelolopes","article_published_time":"2026-04-30T15:00:50+00:00","og_image":[{"width":800,"height":550,"url":"https:\/\/marcelolopes.jor.br\/site\/wp-content\/uploads\/2026\/04\/secret.png","type":"image\/png"}],"author":"Marcelo Lopes","twitter_card":"summary_large_image","twitter_misc":{"Escrito por":"Marcelo Lopes","Est. tempo de leitura":"2 minutos"},"schema":{"@context":"https:\/\/schema.org","@graph":[{"@type":"NewsArticle","@id":"https:\/\/marcelolopes.jor.br\/site\/2026\/04\/30\/sala-mineira-do-empreendedor-realiza-o-intensivao-empreendedor\/#article","isPartOf":{"@id":"https:\/\/marcelolopes.jor.br\/site\/2026\/04\/30\/sala-mineira-do-empreendedor-realiza-o-intensivao-empreendedor\/"},"author":{"name":"Marcelo Lopes","@id":"https:\/\/marcelolopes.jor.br\/site\/#\/schema\/person\/3e7216a35c34d8fdf952b31da3d1f89f"},"headline":"Sala Mineira do Empreendedor realiza o \u201cIntensiv\u00e3o Empreendedor\u201d","datePublished":"2026-04-30T15:00:50+00:00","mainEntityOfPage":{"@id":"https:\/\/marcelolopes.jor.br\/site\/2026\/04\/30\/sala-mineira-do-empreendedor-realiza-o-intensivao-empreendedor\/"},"wordCount":403,"commentCount":0,"publisher":{"@id":"https:\/\/marcelolopes.jor.br\/site\/#organization"},"image":{"@id":"https:\/\/marcelolopes.jor.br\/site\/2026\/04\/30\/sala-mineira-do-empreendedor-realiza-o-intensivao-empreendedor\/#primaryimage"},"thumbnailUrl":"https:\/\/marcelolopes.jor.br\/site\/wp-content\/uploads\/2026\/04\/secret.png","articleSection":["Not\u00edcias"],"inLanguage":"pt-BR","potentialAction":[{"@type":"CommentAction","name":"Comment","target":["https:\/\/marcelolopes.jor.br\/site\/2026\/04\/30\/sala-mineira-do-empreendedor-realiza-o-intensivao-empreendedor\/#respond"]}]},{"@type":"WebPage","@id":"https:\/\/marcelolopes.jor.br\/site\/2026\/04\/30\/sala-mineira-do-empreendedor-realiza-o-intensivao-empreendedor\/","url":"https:\/\/marcelolopes.jor.br\/site\/2026\/04\/30\/sala-mineira-do-empreendedor-realiza-o-intensivao-empreendedor\/","name":"Sala Mineira do Empreendedor realiza o intensiv\u00e3o empreendedor","isPartOf":{"@id":"https:\/\/marcelolopes.jor.br\/site\/#website"},"primaryImageOfPage":{"@id":"https:\/\/marcelolopes.jor.br\/site\/2026\/04\/30\/sala-mineira-do-empreendedor-realiza-o-intensivao-empreendedor\/#primaryimage"},"image":{"@id":"https:\/\/marcelolopes.jor.br\/site\/2026\/04\/30\/sala-mineira-do-empreendedor-realiza-o-intensivao-empreendedor\/#primaryimage"},"thumbnailUrl":"https:\/\/marcelolopes.jor.br\/site\/wp-content\/uploads\/2026\/04\/secret.png","datePublished":"2026-04-30T15:00:50+00:00","description":"Sala Mineira do Empreendedor realiza o intensiv\u00e3o empreendedor. Iniciativa \u00e9 uma oportunidade para quem deseja investir no pr\u00f3prio neg\u00f3cio.","breadcrumb":{"@id":"https:\/\/marcelolopes.jor.br\/site\/2026\/04\/30\/sala-mineira-do-empreendedor-realiza-o-intensivao-empreendedor\/#breadcrumb"},"inLanguage":"pt-BR","potentialAction":[{"@type":"ReadAction","target":["https:\/\/marcelolopes.jor.br\/site\/2026\/04\/30\/sala-mineira-do-empreendedor-realiza-o-intensivao-empreendedor\/"]}]},{"@type":"ImageObject","inLanguage":"pt-BR","@id":"https:\/\/marcelolopes.jor.br\/site\/2026\/04\/30\/sala-mineira-do-empreendedor-realiza-o-intensivao-empreendedor\/#primaryimage","url":"https:\/\/marcelolopes.jor.br\/site\/wp-content\/uploads\/2026\/04\/secret.png","contentUrl":"https:\/\/marcelolopes.jor.br\/site\/wp-content\/uploads\/2026\/04\/secret.png","width":800,"height":550,"caption":"Sala Mineira do Empreendedor"},{"@type":"BreadcrumbList","@id":"https:\/\/marcelolopes.jor.br\/site\/2026\/04\/30\/sala-mineira-do-empreendedor-realiza-o-intensivao-empreendedor\/#breadcrumb","itemListElement":[{"@type":"ListItem","position":1,"name":"Home","item":"https:\/\/marcelolopes.jor.br\/site\/"},{"@type":"ListItem","position":2,"name":"Sala Mineira do Empreendedor realiza o \u201cIntensiv\u00e3o Empreendedor\u201d"}]},{"@type":"WebSite","@id":"https:\/\/marcelolopes.jor.br\/site\/#website","url":"https:\/\/marcelolopes.jor.br\/site\/","name":"Marcelo Lopes","description":"Not\u00edcias de Cataguases e Regi\u00e3o","publisher":{"@id":"https:\/\/marcelolopes.jor.br\/site\/#organization"},"potentialAction":[{"@type":"SearchAction","target":{"@type":"EntryPoint","urlTemplate":"https:\/\/marcelolopes.jor.br\/site\/?s={search_term_string}"},"query-input":{"@type":"PropertyValueSpecification","valueRequired":true,"valueName":"search_term_string"}}],"inLanguage":"pt-BR"},{"@type":"Organization","@id":"https:\/\/marcelolopes.jor.br\/site\/#organization","name":"Site do Marcelo Lopes","url":"https:\/\/marcelolopes.jor.br\/site\/","logo":{"@type":"ImageObject","inLanguage":"pt-BR","@id":"https:\/\/marcelolopes.jor.br\/site\/#\/schema\/logo\/image\/","url":"https:\/\/marcelolopes.jor.br\/site\/wp-content\/uploads\/2024\/11\/logo-1.png","contentUrl":"https:\/\/marcelolopes.jor.br\/site\/wp-content\/uploads\/2024\/11\/logo-1.png","width":475,"height":80,"caption":"Site do Marcelo Lopes"},"image":{"@id":"https:\/\/marcelolopes.jor.br\/site\/#\/schema\/logo\/image\/"},"sameAs":["https:\/\/www.facebook.com\/sitedomarcelolopes","https:\/\/www.instagram.com\/sitedomarcelolopes\/","https:\/\/www.linkedin.com\/company\/site-do-marcelo-lopes\/","https:\/\/www.youtube.com\/user\/marcelolopes957"]},{"@type":"Person","@id":"https:\/\/marcelolopes.jor.br\/site\/#\/schema\/person\/3e7216a35c34d8fdf952b31da3d1f89f","name":"Marcelo Lopes","sameAs":["http:\/\/www.marcelolopes.jor.br"],"url":"https:\/\/marcelolopes.jor.br\/site\/author\/marcelo\/"}]}},"wps_subtitle":"Iniciativa \u00e9 uma oportunidade para quem deseja investir no pr\u00f3prio neg\u00f3cio.","_links":{"self":[{"href":"https:\/\/marcelolopes.jor.br\/site\/wp-json\/wp\/v2\/posts\/65552","targetHints":{"allow":["GET"]}}],"collection":[{"href":"https:\/\/marcelolopes.jor.br\/site\/wp-json\/wp\/v2\/posts"}],"about":[{"href":"https:\/\/marcelolopes.jor.br\/site\/wp-json\/wp\/v2\/types\/post"}],"author":[{"embeddable":true,"href":"https:\/\/marcelolopes.jor.br\/site\/wp-json\/wp\/v2\/users\/2"}],"replies":[{"embeddable":true,"href":"https:\/\/marcelolopes.jor.br\/site\/wp-json\/wp\/v2\/comments?post=65552"}],"version-history":[{"count":2,"href":"https:\/\/marcelolopes.jor.br\/site\/wp-json\/wp\/v2\/posts\/65552\/revisions"}],"predecessor-version":[{"id":65555,"href":"https:\/\/marcelolopes.jor.br\/site\/wp-json\/wp\/v2\/posts\/65552\/revisions\/65555"}],"wp:featuredmedia":[{"embeddable":true,"href":"https:\/\/marcelolopes.jor.br\/site\/wp-json\/wp\/v2\/media\/65554"}],"wp:attachment":[{"href":"https:\/\/marcelolopes.jor.br\/site\/wp-json\/wp\/v2\/media?parent=65552"}],"wp:term":[{"taxonomy":"category","embeddable":true,"href":"https:\/\/marcelolopes.jor.br\/site\/wp-json\/wp\/v2\/categories?post=65552"},{"taxonomy":"post_tag","embeddable":true,"href":"https:\/\/marcelolopes.jor.br\/site\/wp-json\/wp\/v2\/tags?post=65552"}],"curies":[{"name":"wp","href":"https:\/\/api.w.org\/{rel}","templated":true}]}}