{"id":65520,"date":"2026-04-28T20:00:11","date_gmt":"2026-04-28T23:00:11","guid":{"rendered":"https:\/\/marcelolopes.jor.br\/site\/?p=65520"},"modified":"2026-04-28T19:00:00","modified_gmt":"2026-04-28T22:00:00","slug":"pm-meio-ambiente-prende-dois-homens-e-apreende-motos-adulteradas","status":"publish","type":"post","link":"https:\/\/marcelolopes.jor.br\/site\/2026\/04\/28\/pm-meio-ambiente-prende-dois-homens-e-apreende-motos-adulteradas\/","title":{"rendered":"PM Meio Ambiente prende dois homens e apreende motos adulteradas"},"content":{"rendered":"<p data-start=\"0\" data-end=\"346\">Durante patrulhamento na zona rural de Cataguases, a Pol\u00edcia Militar de Meio Ambiente prendeu em flagrante dois homens, de 23 e 24 anos, por adultera\u00e7\u00e3o de sinais identificadores de ve\u00edculos automotores. A a\u00e7\u00e3o ocorreu na manh\u00e3 desta ter\u00e7a-feira, 28 de abril, por volta das 8h.<!--more--><\/p>\n<h4 class=\"p1\"><span class=\"s1\">\ud83d\udcf8\u00a0<span style=\"color: #008000;\">Siga o Site do Marcelo Lopes no<\/span>\u00a0<span style=\"color: #800000;\"><a style=\"color: #800000;\" href=\"https:\/\/www.facebook.com\/sitedomarcelolopes\/\"><strong>Facebook<\/strong><\/a><\/span>\u00a0<span style=\"color: #008000;\">e no<\/span>\u00a0<span style=\"color: #800000;\"><strong><a style=\"color: #800000;\" href=\"https:\/\/www.instagram.com\/sitedomarcelolopes\/\">Instagram<\/a><\/strong><\/span><\/span><\/h4>\n<h4 class=\"p1\">\ud83d\udcf1<span style=\"color: #008000;\">Participe do grupo de<\/span>\u00a0<span style=\"color: #800000;\"><a style=\"color: #800000;\" href=\"https:\/\/chat.whatsapp.com\/BibzcI1ibYSKytbdyzubLA\"><strong>WhatsApp<\/strong><\/a><\/span> <span style=\"color: #008000;\">do Site do Marcelo Lopes<\/span><\/h4>\n<p data-start=\"348\" data-end=\"517\">De acordo com a ocorr\u00eancia, a equipe policial foi at\u00e9 o local ap\u00f3s receber uma den\u00fancia an\u00f4nima informando sobre a exist\u00eancia de motocicletas irregulares na propriedade.<\/p>\n<p data-start=\"519\" data-end=\"729\">Durante a fiscaliza\u00e7\u00e3o, os militares constataram que uma motocicleta possu\u00eda motor de uma Honda CB 300 instalado em um chassi com sinais de supress\u00e3o por raspagem, al\u00e9m de adapta\u00e7\u00f5es de pe\u00e7as de outros modelos.<\/p>\n<p data-start=\"731\" data-end=\"982\">Em continuidade \u00e0s dilig\u00eancias, foi localizada uma segunda motocicleta, uma Honda CG 125 Titan, de cor azul, placa CBX-7129, que tamb\u00e9m apresentava irregularidades. O ve\u00edculo estava com o chassi parcialmente suprimido e o motor sem numera\u00e7\u00e3o aparente.<\/p>\n<p data-start=\"984\" data-end=\"1212\">Diante da situa\u00e7\u00e3o, ficou configurado o crime de adultera\u00e7\u00e3o de sinais identificadores de ve\u00edculos automotores. Os dois suspeitos foram presos em flagrante e encaminhados \u00e0 Delegacia de Pol\u00edcia Civil para as demais provid\u00eancias.<\/p>\n<p data-start=\"1214\" data-end=\"1354\" data-is-last-node=\"\" data-is-only-node=\"\">As duas motocicletas foram apreendidas, sendo uma delas com motor de CB 300 e chassi suprimido, e a outra uma Honda CG 125 Titan adulterada.<\/p>\n<p><strong>OUTRAS NOT\u00cdCIAS<\/strong><br \/>\n<a href=\"https:\/\/marcelolopes.jor.br\/site\/2025\/01\/03\/pm-meio-ambiente-apreende-33-passaros-silvestres-em-tocantins\/\"><strong><span style=\"color: #800000;\">PM Meio Ambiente apreende 33 p\u00e1ssaros silvestres em Tocantins<\/span><\/strong><\/a><\/p>\n<p><a href=\"https:\/\/marcelolopes.jor.br\/site\/2026\/01\/31\/pm-de-meio-ambiente-combate-pesca-predatoria-em-alem-paraiba\/\"><strong><span style=\"color: #800000;\">PM de Meio Ambiente combate pesca predat\u00f3ria em Al\u00e9m Para\u00edba<\/span><\/strong><\/a><\/p>\n<p data-start=\"1214\" data-end=\"1354\" data-is-last-node=\"\" data-is-only-node=\"\">Fonte e foto: PMAmb<\/p>\n<div class=\"wfbzz69f7738e0914d\" ><br><\/div><style type=\"text\/css\">\r\n@media screen and (min-width: 1201px) {\r\n.wfbzz69f7738e0914d {\r\ndisplay: block;\r\n}\r\n}\r\n@media screen and (min-width: 993px) and (max-width: 1200px) {\r\n.wfbzz69f7738e0914d {\r\ndisplay: block;\r\n}\r\n}\r\n@media screen and (min-width: 769px) and (max-width: 992px) {\r\n.wfbzz69f7738e0914d {\r\ndisplay: block;\r\n}\r\n}\r\n@media screen and (min-width: 768px) and (max-width: 768px) {\r\n.wfbzz69f7738e0914d {\r\ndisplay: block;\r\n}\r\n}\r\n@media screen and (max-width: 767px) {\r\n.wfbzz69f7738e0914d {\r\ndisplay: block;\r\n}\r\n}\r\n<\/style>\r\n<div class=\"fgnng69f7738e0ea28\" ><div id=\"div_destino\"><\/div>\r\n<script src=\"https:\/\/cdn.snsrsv.com\/sdk.js\"><\/script>\r\n<script >\r\n      new sdk(\"464030C30061EA8BE065000000000001\") \r\n          .appendTo(\"div_destino\")\r\n          .disableStyle(true) \r\n          .setCacheBusterMacro(\"%%CACHEBUSTER%%\")\r\n          .setSize(\"800\",\"214\")\r\n          .setClickMacro(\"%%CLICK_URL_ESC%%\") \r\n          .setReferrerUrlMacro(\"%%REFERRER_URL_ESC%%\") \r\n          .start(); \r\n<\/script><\/div><style type=\"text\/css\">\r\n@media screen and (min-width: 1201px) {\r\n.fgnng69f7738e0ea28 {\r\ndisplay: block;\r\n}\r\n}\r\n@media screen and (min-width: 993px) and (max-width: 1200px) {\r\n.fgnng69f7738e0ea28 {\r\ndisplay: block;\r\n}\r\n}\r\n@media screen and (min-width: 769px) and (max-width: 992px) {\r\n.fgnng69f7738e0ea28 {\r\ndisplay: block;\r\n}\r\n}\r\n@media screen and (min-width: 768px) and (max-width: 768px) {\r\n.fgnng69f7738e0ea28 {\r\ndisplay: block;\r\n}\r\n}\r\n@media screen and (max-width: 767px) {\r\n.fgnng69f7738e0ea28 {\r\ndisplay: block;\r\n}\r\n}\r\n<\/style>\r\n","protected":false},"excerpt":{"rendered":"<p>Durante patrulhamento na zona rural de Cataguases, a Pol\u00edcia Militar de Meio Ambiente prendeu em flagrante dois homens, de 23 e 24 anos, por adultera\u00e7\u00e3o de sinais identificadores de ve\u00edculos automotores. A a\u00e7\u00e3o ocorreu na manh\u00e3 desta ter\u00e7a-feira, 28 de<\/p>\n<p class=\"link-more\"><a class=\"more-link\" href=\"https:\/\/marcelolopes.jor.br\/site\/2026\/04\/28\/pm-meio-ambiente-prende-dois-homens-e-apreende-motos-adulteradas\/\">Leia mais <span class=\"screen-reader-text\">PM Meio Ambiente prende dois homens e apreende motos adulteradas<\/span><\/a><\/p>\n","protected":false},"author":2,"featured_media":65525,"comment_status":"open","ping_status":"closed","sticky":false,"template":"","format":"standard","meta":{"footnotes":""},"categories":[1],"tags":[],"class_list":["post-65520","post","type-post","status-publish","format-standard","has-post-thumbnail","hentry","category-noticias","thumb-below-title"],"yoast_head":"<!-- This site is optimized with the Yoast SEO plugin v27.4 - https:\/\/yoast.com\/product\/yoast-seo-wordpress\/ -->\n<title>PM Meio Ambiente prende dois homens e apreende motos<\/title>\n<meta name=\"description\" content=\"PM Meio Ambiente prende dois homens e apreende motos adulteradas. Den\u00fancia an\u00f4nima levou os militares at\u00e9 uma propriedade rural, em...\" \/>\n<meta name=\"robots\" content=\"index, follow, max-snippet:-1, max-image-preview:large, max-video-preview:-1\" \/>\n<link rel=\"canonical\" href=\"https:\/\/marcelolopes.jor.br\/site\/2026\/04\/28\/pm-meio-ambiente-prende-dois-homens-e-apreende-motos-adulteradas\/\" \/>\n<meta property=\"og:locale\" content=\"pt_BR\" \/>\n<meta property=\"og:type\" content=\"article\" \/>\n<meta property=\"og:title\" content=\"PM Meio Ambiente prende dois homens e apreende motos\" \/>\n<meta property=\"og:description\" content=\"PM Meio Ambiente prende dois homens e apreende motos adulteradas. Den\u00fancia an\u00f4nima levou os militares at\u00e9 uma propriedade rural, em...\" \/>\n<meta property=\"og:url\" content=\"https:\/\/marcelolopes.jor.br\/site\/2026\/04\/28\/pm-meio-ambiente-prende-dois-homens-e-apreende-motos-adulteradas\/\" \/>\n<meta property=\"og:site_name\" content=\"Marcelo Lopes\" \/>\n<meta property=\"article:publisher\" content=\"https:\/\/www.facebook.com\/sitedomarcelolopes\" \/>\n<meta property=\"article:published_time\" content=\"2026-04-28T23:00:11+00:00\" \/>\n<meta property=\"og:image\" content=\"https:\/\/marcelolopes.jor.br\/site\/wp-content\/uploads\/2026\/04\/secret-1.jpg\" \/>\n\t<meta property=\"og:image:width\" content=\"800\" \/>\n\t<meta property=\"og:image:height\" content=\"550\" \/>\n\t<meta property=\"og:image:type\" content=\"image\/jpeg\" \/>\n<meta name=\"author\" content=\"Marcelo Lopes\" \/>\n<meta name=\"twitter:card\" content=\"summary_large_image\" \/>\n<meta name=\"twitter:label1\" content=\"Escrito por\" \/>\n\t<meta name=\"twitter:data1\" content=\"Marcelo Lopes\" \/>\n\t<meta name=\"twitter:label2\" content=\"Est. tempo de leitura\" \/>\n\t<meta name=\"twitter:data2\" content=\"1 minuto\" \/>\n<script type=\"application\/ld+json\" class=\"yoast-schema-graph\">{\"@context\":\"https:\\\/\\\/schema.org\",\"@graph\":[{\"@type\":\"NewsArticle\",\"@id\":\"https:\\\/\\\/marcelolopes.jor.br\\\/site\\\/2026\\\/04\\\/28\\\/pm-meio-ambiente-prende-dois-homens-e-apreende-motos-adulteradas\\\/#article\",\"isPartOf\":{\"@id\":\"https:\\\/\\\/marcelolopes.jor.br\\\/site\\\/2026\\\/04\\\/28\\\/pm-meio-ambiente-prende-dois-homens-e-apreende-motos-adulteradas\\\/\"},\"author\":{\"name\":\"Marcelo Lopes\",\"@id\":\"https:\\\/\\\/marcelolopes.jor.br\\\/site\\\/#\\\/schema\\\/person\\\/3e7216a35c34d8fdf952b31da3d1f89f\"},\"headline\":\"PM Meio Ambiente prende dois homens e apreende motos adulteradas\",\"datePublished\":\"2026-04-28T23:00:11+00:00\",\"mainEntityOfPage\":{\"@id\":\"https:\\\/\\\/marcelolopes.jor.br\\\/site\\\/2026\\\/04\\\/28\\\/pm-meio-ambiente-prende-dois-homens-e-apreende-motos-adulteradas\\\/\"},\"wordCount\":277,\"commentCount\":0,\"publisher\":{\"@id\":\"https:\\\/\\\/marcelolopes.jor.br\\\/site\\\/#organization\"},\"image\":{\"@id\":\"https:\\\/\\\/marcelolopes.jor.br\\\/site\\\/2026\\\/04\\\/28\\\/pm-meio-ambiente-prende-dois-homens-e-apreende-motos-adulteradas\\\/#primaryimage\"},\"thumbnailUrl\":\"https:\\\/\\\/marcelolopes.jor.br\\\/site\\\/wp-content\\\/uploads\\\/2026\\\/04\\\/secret-1.jpg\",\"articleSection\":[\"Not\u00edcias\"],\"inLanguage\":\"pt-BR\",\"potentialAction\":[{\"@type\":\"CommentAction\",\"name\":\"Comment\",\"target\":[\"https:\\\/\\\/marcelolopes.jor.br\\\/site\\\/2026\\\/04\\\/28\\\/pm-meio-ambiente-prende-dois-homens-e-apreende-motos-adulteradas\\\/#respond\"]}]},{\"@type\":\"WebPage\",\"@id\":\"https:\\\/\\\/marcelolopes.jor.br\\\/site\\\/2026\\\/04\\\/28\\\/pm-meio-ambiente-prende-dois-homens-e-apreende-motos-adulteradas\\\/\",\"url\":\"https:\\\/\\\/marcelolopes.jor.br\\\/site\\\/2026\\\/04\\\/28\\\/pm-meio-ambiente-prende-dois-homens-e-apreende-motos-adulteradas\\\/\",\"name\":\"PM Meio Ambiente prende dois homens e apreende motos\",\"isPartOf\":{\"@id\":\"https:\\\/\\\/marcelolopes.jor.br\\\/site\\\/#website\"},\"primaryImageOfPage\":{\"@id\":\"https:\\\/\\\/marcelolopes.jor.br\\\/site\\\/2026\\\/04\\\/28\\\/pm-meio-ambiente-prende-dois-homens-e-apreende-motos-adulteradas\\\/#primaryimage\"},\"image\":{\"@id\":\"https:\\\/\\\/marcelolopes.jor.br\\\/site\\\/2026\\\/04\\\/28\\\/pm-meio-ambiente-prende-dois-homens-e-apreende-motos-adulteradas\\\/#primaryimage\"},\"thumbnailUrl\":\"https:\\\/\\\/marcelolopes.jor.br\\\/site\\\/wp-content\\\/uploads\\\/2026\\\/04\\\/secret-1.jpg\",\"datePublished\":\"2026-04-28T23:00:11+00:00\",\"description\":\"PM Meio Ambiente prende dois homens e apreende motos adulteradas. Den\u00fancia an\u00f4nima levou os militares at\u00e9 uma propriedade rural, em...\",\"breadcrumb\":{\"@id\":\"https:\\\/\\\/marcelolopes.jor.br\\\/site\\\/2026\\\/04\\\/28\\\/pm-meio-ambiente-prende-dois-homens-e-apreende-motos-adulteradas\\\/#breadcrumb\"},\"inLanguage\":\"pt-BR\",\"potentialAction\":[{\"@type\":\"ReadAction\",\"target\":[\"https:\\\/\\\/marcelolopes.jor.br\\\/site\\\/2026\\\/04\\\/28\\\/pm-meio-ambiente-prende-dois-homens-e-apreende-motos-adulteradas\\\/\"]}]},{\"@type\":\"ImageObject\",\"inLanguage\":\"pt-BR\",\"@id\":\"https:\\\/\\\/marcelolopes.jor.br\\\/site\\\/2026\\\/04\\\/28\\\/pm-meio-ambiente-prende-dois-homens-e-apreende-motos-adulteradas\\\/#primaryimage\",\"url\":\"https:\\\/\\\/marcelolopes.jor.br\\\/site\\\/wp-content\\\/uploads\\\/2026\\\/04\\\/secret-1.jpg\",\"contentUrl\":\"https:\\\/\\\/marcelolopes.jor.br\\\/site\\\/wp-content\\\/uploads\\\/2026\\\/04\\\/secret-1.jpg\",\"width\":800,\"height\":550,\"caption\":\"PM Meio Ambiente prende\"},{\"@type\":\"BreadcrumbList\",\"@id\":\"https:\\\/\\\/marcelolopes.jor.br\\\/site\\\/2026\\\/04\\\/28\\\/pm-meio-ambiente-prende-dois-homens-e-apreende-motos-adulteradas\\\/#breadcrumb\",\"itemListElement\":[{\"@type\":\"ListItem\",\"position\":1,\"name\":\"Home\",\"item\":\"https:\\\/\\\/marcelolopes.jor.br\\\/site\\\/\"},{\"@type\":\"ListItem\",\"position\":2,\"name\":\"PM Meio Ambiente prende dois homens e apreende motos adulteradas\"}]},{\"@type\":\"WebSite\",\"@id\":\"https:\\\/\\\/marcelolopes.jor.br\\\/site\\\/#website\",\"url\":\"https:\\\/\\\/marcelolopes.jor.br\\\/site\\\/\",\"name\":\"Marcelo Lopes\",\"description\":\"Not\u00edcias de Cataguases e Regi\u00e3o\",\"publisher\":{\"@id\":\"https:\\\/\\\/marcelolopes.jor.br\\\/site\\\/#organization\"},\"potentialAction\":[{\"@type\":\"SearchAction\",\"target\":{\"@type\":\"EntryPoint\",\"urlTemplate\":\"https:\\\/\\\/marcelolopes.jor.br\\\/site\\\/?s={search_term_string}\"},\"query-input\":{\"@type\":\"PropertyValueSpecification\",\"valueRequired\":true,\"valueName\":\"search_term_string\"}}],\"inLanguage\":\"pt-BR\"},{\"@type\":\"Organization\",\"@id\":\"https:\\\/\\\/marcelolopes.jor.br\\\/site\\\/#organization\",\"name\":\"Site do Marcelo Lopes\",\"url\":\"https:\\\/\\\/marcelolopes.jor.br\\\/site\\\/\",\"logo\":{\"@type\":\"ImageObject\",\"inLanguage\":\"pt-BR\",\"@id\":\"https:\\\/\\\/marcelolopes.jor.br\\\/site\\\/#\\\/schema\\\/logo\\\/image\\\/\",\"url\":\"https:\\\/\\\/marcelolopes.jor.br\\\/site\\\/wp-content\\\/uploads\\\/2024\\\/11\\\/logo-1.png\",\"contentUrl\":\"https:\\\/\\\/marcelolopes.jor.br\\\/site\\\/wp-content\\\/uploads\\\/2024\\\/11\\\/logo-1.png\",\"width\":475,\"height\":80,\"caption\":\"Site do Marcelo Lopes\"},\"image\":{\"@id\":\"https:\\\/\\\/marcelolopes.jor.br\\\/site\\\/#\\\/schema\\\/logo\\\/image\\\/\"},\"sameAs\":[\"https:\\\/\\\/www.facebook.com\\\/sitedomarcelolopes\",\"https:\\\/\\\/www.instagram.com\\\/sitedomarcelolopes\\\/\",\"https:\\\/\\\/www.linkedin.com\\\/company\\\/site-do-marcelo-lopes\\\/\",\"https:\\\/\\\/www.youtube.com\\\/user\\\/marcelolopes957\"]},{\"@type\":\"Person\",\"@id\":\"https:\\\/\\\/marcelolopes.jor.br\\\/site\\\/#\\\/schema\\\/person\\\/3e7216a35c34d8fdf952b31da3d1f89f\",\"name\":\"Marcelo Lopes\",\"sameAs\":[\"http:\\\/\\\/www.marcelolopes.jor.br\"],\"url\":\"https:\\\/\\\/marcelolopes.jor.br\\\/site\\\/author\\\/marcelo\\\/\"}]}<\/script>\n<!-- \/ Yoast SEO plugin. -->","yoast_head_json":{"title":"PM Meio Ambiente prende dois homens e apreende motos","description":"PM Meio Ambiente prende dois homens e apreende motos adulteradas. Den\u00fancia an\u00f4nima levou os militares at\u00e9 uma propriedade rural, em...","robots":{"index":"index","follow":"follow","max-snippet":"max-snippet:-1","max-image-preview":"max-image-preview:large","max-video-preview":"max-video-preview:-1"},"canonical":"https:\/\/marcelolopes.jor.br\/site\/2026\/04\/28\/pm-meio-ambiente-prende-dois-homens-e-apreende-motos-adulteradas\/","og_locale":"pt_BR","og_type":"article","og_title":"PM Meio Ambiente prende dois homens e apreende motos","og_description":"PM Meio Ambiente prende dois homens e apreende motos adulteradas. Den\u00fancia an\u00f4nima levou os militares at\u00e9 uma propriedade rural, em...","og_url":"https:\/\/marcelolopes.jor.br\/site\/2026\/04\/28\/pm-meio-ambiente-prende-dois-homens-e-apreende-motos-adulteradas\/","og_site_name":"Marcelo Lopes","article_publisher":"https:\/\/www.facebook.com\/sitedomarcelolopes","article_published_time":"2026-04-28T23:00:11+00:00","og_image":[{"width":800,"height":550,"url":"https:\/\/marcelolopes.jor.br\/site\/wp-content\/uploads\/2026\/04\/secret-1.jpg","type":"image\/jpeg"}],"author":"Marcelo Lopes","twitter_card":"summary_large_image","twitter_misc":{"Escrito por":"Marcelo Lopes","Est. tempo de leitura":"1 minuto"},"schema":{"@context":"https:\/\/schema.org","@graph":[{"@type":"NewsArticle","@id":"https:\/\/marcelolopes.jor.br\/site\/2026\/04\/28\/pm-meio-ambiente-prende-dois-homens-e-apreende-motos-adulteradas\/#article","isPartOf":{"@id":"https:\/\/marcelolopes.jor.br\/site\/2026\/04\/28\/pm-meio-ambiente-prende-dois-homens-e-apreende-motos-adulteradas\/"},"author":{"name":"Marcelo Lopes","@id":"https:\/\/marcelolopes.jor.br\/site\/#\/schema\/person\/3e7216a35c34d8fdf952b31da3d1f89f"},"headline":"PM Meio Ambiente prende dois homens e apreende motos adulteradas","datePublished":"2026-04-28T23:00:11+00:00","mainEntityOfPage":{"@id":"https:\/\/marcelolopes.jor.br\/site\/2026\/04\/28\/pm-meio-ambiente-prende-dois-homens-e-apreende-motos-adulteradas\/"},"wordCount":277,"commentCount":0,"publisher":{"@id":"https:\/\/marcelolopes.jor.br\/site\/#organization"},"image":{"@id":"https:\/\/marcelolopes.jor.br\/site\/2026\/04\/28\/pm-meio-ambiente-prende-dois-homens-e-apreende-motos-adulteradas\/#primaryimage"},"thumbnailUrl":"https:\/\/marcelolopes.jor.br\/site\/wp-content\/uploads\/2026\/04\/secret-1.jpg","articleSection":["Not\u00edcias"],"inLanguage":"pt-BR","potentialAction":[{"@type":"CommentAction","name":"Comment","target":["https:\/\/marcelolopes.jor.br\/site\/2026\/04\/28\/pm-meio-ambiente-prende-dois-homens-e-apreende-motos-adulteradas\/#respond"]}]},{"@type":"WebPage","@id":"https:\/\/marcelolopes.jor.br\/site\/2026\/04\/28\/pm-meio-ambiente-prende-dois-homens-e-apreende-motos-adulteradas\/","url":"https:\/\/marcelolopes.jor.br\/site\/2026\/04\/28\/pm-meio-ambiente-prende-dois-homens-e-apreende-motos-adulteradas\/","name":"PM Meio Ambiente prende dois homens e apreende motos","isPartOf":{"@id":"https:\/\/marcelolopes.jor.br\/site\/#website"},"primaryImageOfPage":{"@id":"https:\/\/marcelolopes.jor.br\/site\/2026\/04\/28\/pm-meio-ambiente-prende-dois-homens-e-apreende-motos-adulteradas\/#primaryimage"},"image":{"@id":"https:\/\/marcelolopes.jor.br\/site\/2026\/04\/28\/pm-meio-ambiente-prende-dois-homens-e-apreende-motos-adulteradas\/#primaryimage"},"thumbnailUrl":"https:\/\/marcelolopes.jor.br\/site\/wp-content\/uploads\/2026\/04\/secret-1.jpg","datePublished":"2026-04-28T23:00:11+00:00","description":"PM Meio Ambiente prende dois homens e apreende motos adulteradas. Den\u00fancia an\u00f4nima levou os militares at\u00e9 uma propriedade rural, em...","breadcrumb":{"@id":"https:\/\/marcelolopes.jor.br\/site\/2026\/04\/28\/pm-meio-ambiente-prende-dois-homens-e-apreende-motos-adulteradas\/#breadcrumb"},"inLanguage":"pt-BR","potentialAction":[{"@type":"ReadAction","target":["https:\/\/marcelolopes.jor.br\/site\/2026\/04\/28\/pm-meio-ambiente-prende-dois-homens-e-apreende-motos-adulteradas\/"]}]},{"@type":"ImageObject","inLanguage":"pt-BR","@id":"https:\/\/marcelolopes.jor.br\/site\/2026\/04\/28\/pm-meio-ambiente-prende-dois-homens-e-apreende-motos-adulteradas\/#primaryimage","url":"https:\/\/marcelolopes.jor.br\/site\/wp-content\/uploads\/2026\/04\/secret-1.jpg","contentUrl":"https:\/\/marcelolopes.jor.br\/site\/wp-content\/uploads\/2026\/04\/secret-1.jpg","width":800,"height":550,"caption":"PM Meio Ambiente prende"},{"@type":"BreadcrumbList","@id":"https:\/\/marcelolopes.jor.br\/site\/2026\/04\/28\/pm-meio-ambiente-prende-dois-homens-e-apreende-motos-adulteradas\/#breadcrumb","itemListElement":[{"@type":"ListItem","position":1,"name":"Home","item":"https:\/\/marcelolopes.jor.br\/site\/"},{"@type":"ListItem","position":2,"name":"PM Meio Ambiente prende dois homens e apreende motos adulteradas"}]},{"@type":"WebSite","@id":"https:\/\/marcelolopes.jor.br\/site\/#website","url":"https:\/\/marcelolopes.jor.br\/site\/","name":"Marcelo Lopes","description":"Not\u00edcias de Cataguases e Regi\u00e3o","publisher":{"@id":"https:\/\/marcelolopes.jor.br\/site\/#organization"},"potentialAction":[{"@type":"SearchAction","target":{"@type":"EntryPoint","urlTemplate":"https:\/\/marcelolopes.jor.br\/site\/?s={search_term_string}"},"query-input":{"@type":"PropertyValueSpecification","valueRequired":true,"valueName":"search_term_string"}}],"inLanguage":"pt-BR"},{"@type":"Organization","@id":"https:\/\/marcelolopes.jor.br\/site\/#organization","name":"Site do Marcelo Lopes","url":"https:\/\/marcelolopes.jor.br\/site\/","logo":{"@type":"ImageObject","inLanguage":"pt-BR","@id":"https:\/\/marcelolopes.jor.br\/site\/#\/schema\/logo\/image\/","url":"https:\/\/marcelolopes.jor.br\/site\/wp-content\/uploads\/2024\/11\/logo-1.png","contentUrl":"https:\/\/marcelolopes.jor.br\/site\/wp-content\/uploads\/2024\/11\/logo-1.png","width":475,"height":80,"caption":"Site do Marcelo Lopes"},"image":{"@id":"https:\/\/marcelolopes.jor.br\/site\/#\/schema\/logo\/image\/"},"sameAs":["https:\/\/www.facebook.com\/sitedomarcelolopes","https:\/\/www.instagram.com\/sitedomarcelolopes\/","https:\/\/www.linkedin.com\/company\/site-do-marcelo-lopes\/","https:\/\/www.youtube.com\/user\/marcelolopes957"]},{"@type":"Person","@id":"https:\/\/marcelolopes.jor.br\/site\/#\/schema\/person\/3e7216a35c34d8fdf952b31da3d1f89f","name":"Marcelo Lopes","sameAs":["http:\/\/www.marcelolopes.jor.br"],"url":"https:\/\/marcelolopes.jor.br\/site\/author\/marcelo\/"}]}},"wps_subtitle":"Den\u00fancia an\u00f4nima levou os militares at\u00e9 uma propriedade rural, em Cataguases.","_links":{"self":[{"href":"https:\/\/marcelolopes.jor.br\/site\/wp-json\/wp\/v2\/posts\/65520","targetHints":{"allow":["GET"]}}],"collection":[{"href":"https:\/\/marcelolopes.jor.br\/site\/wp-json\/wp\/v2\/posts"}],"about":[{"href":"https:\/\/marcelolopes.jor.br\/site\/wp-json\/wp\/v2\/types\/post"}],"author":[{"embeddable":true,"href":"https:\/\/marcelolopes.jor.br\/site\/wp-json\/wp\/v2\/users\/2"}],"replies":[{"embeddable":true,"href":"https:\/\/marcelolopes.jor.br\/site\/wp-json\/wp\/v2\/comments?post=65520"}],"version-history":[{"count":7,"href":"https:\/\/marcelolopes.jor.br\/site\/wp-json\/wp\/v2\/posts\/65520\/revisions"}],"predecessor-version":[{"id":65530,"href":"https:\/\/marcelolopes.jor.br\/site\/wp-json\/wp\/v2\/posts\/65520\/revisions\/65530"}],"wp:featuredmedia":[{"embeddable":true,"href":"https:\/\/marcelolopes.jor.br\/site\/wp-json\/wp\/v2\/media\/65525"}],"wp:attachment":[{"href":"https:\/\/marcelolopes.jor.br\/site\/wp-json\/wp\/v2\/media?parent=65520"}],"wp:term":[{"taxonomy":"category","embeddable":true,"href":"https:\/\/marcelolopes.jor.br\/site\/wp-json\/wp\/v2\/categories?post=65520"},{"taxonomy":"post_tag","embeddable":true,"href":"https:\/\/marcelolopes.jor.br\/site\/wp-json\/wp\/v2\/tags?post=65520"}],"curies":[{"name":"wp","href":"https:\/\/api.w.org\/{rel}","templated":true}]}}