{"id":65510,"date":"2026-04-28T16:00:18","date_gmt":"2026-04-28T19:00:18","guid":{"rendered":"https:\/\/marcelolopes.jor.br\/site\/?p=65510"},"modified":"2026-04-28T11:25:23","modified_gmt":"2026-04-28T14:25:23","slug":"reuniao-da-aneel-em-cataguases-vai-definir-o-reajuste-na-conta-de-luz","status":"publish","type":"post","link":"https:\/\/marcelolopes.jor.br\/site\/2026\/04\/28\/reuniao-da-aneel-em-cataguases-vai-definir-o-reajuste-na-conta-de-luz\/","title":{"rendered":"Reuni\u00e3o da Aneel em Cataguases vai definir o reajuste na conta de luz"},"content":{"rendered":"<p>A conta de luz dos consumidores atendidos pela Energisa Minas Rio poder\u00e1 sofrer reajuste m\u00e9dio de 13,78%. A proposta ser\u00e1 apresentada e discutida pela Ag\u00eancia Nacional de Energia El\u00e9trica (ANEEL) durante a Audi\u00eancia P\u00fablica n\u00ba 001\/2026, que ser\u00e1 realizada nesta quinta-feira, 30 de abril, em Cataguases.<!--more--><\/p>\n<h4 class=\"p1\"><span class=\"s1\">\ud83d\udcf8\u00a0<span style=\"color: #008000;\">Siga o Site do Marcelo Lopes no<\/span>\u00a0<span style=\"color: #800000;\"><a style=\"color: #800000;\" href=\"https:\/\/www.facebook.com\/sitedomarcelolopes\/\"><strong>Facebook<\/strong><\/a><\/span>\u00a0<span style=\"color: #008000;\">e no<\/span>\u00a0<span style=\"color: #800000;\"><strong><a style=\"color: #800000;\" href=\"https:\/\/www.instagram.com\/sitedomarcelolopes\/\">Instagram<\/a><\/strong><\/span><\/span><\/h4>\n<h4 class=\"p1\">\ud83d\udcf1<span style=\"color: #008000;\">Participe do grupo de<\/span>\u00a0<span style=\"color: #800000;\"><a style=\"color: #800000;\" href=\"https:\/\/chat.whatsapp.com\/BibzcI1ibYSKytbdyzubLA\"><strong>WhatsApp<\/strong><\/a><\/span> <span style=\"color: #008000;\">do Site do Marcelo Lopes<\/span><\/h4>\n<p>A sess\u00e3o presencial vai acontecer no Col\u00e9gio Cataguases (Escola Estadual Manuel In\u00e1cio Peixoto), localizado na Ch\u00e1cara Granjaria, no bairro Granjaria, com in\u00edcio \u00e0s 9h30. O credenciamento dos participantes acontecer\u00e1 das 9h \u00e0s 9h30, com entrada gratuita para toda a popula\u00e7\u00e3o.<\/p>\n<p>A audi\u00eancia faz parte da Revis\u00e3o Tarif\u00e1ria Peri\u00f3dica 2026 da Energisa Minas Rio Distribuidora de Energia S.A. (EMR), empresa com sede em Cataguases e respons\u00e1vel pelo fornecimento de energia para cerca de 614 mil unidades consumidoras em munic\u00edpios de Minas Gerais e do Rio de Janeiro.<\/p>\n<p>Segundo a proposta apresentada pela concession\u00e1ria, o reajuste solicitado \u00e9 de 16,12%, contudo a decis\u00e3o final \u00e9 da Aneel. Para consumidores de alta tens\u00e3o, como ind\u00fastrias e grandes empresas, o \u00edndice m\u00e9dio previsto \u00e9 de 15,86%. J\u00e1 para os consumidores de baixa tens\u00e3o, que incluem resid\u00eancias e pequenos com\u00e9rcios, a m\u00e9dia proposta \u00e9 de 5,52%. No efeito consolidado para os consumidores, o impacto m\u00e9dio estimado ser\u00e1 de 13,78%.<\/p>\n<p>De acordo com a ANEEL, entre os principais fatores que influenciaram os \u00edndices est\u00e3o os custos com distribui\u00e7\u00e3o e transmiss\u00e3o de energia, al\u00e9m de componentes financeiros relacionados ao ciclo tarif\u00e1rio atual e tamb\u00e9m ao anterior.<\/p>\n<p>A audi\u00eancia p\u00fablica \u00e9 uma oportunidade para que moradores, empres\u00e1rios, representantes de entidades e demais interessados possam conhecer os detalhes da proposta e apresentar sugest\u00f5es, questionamentos e contribui\u00e7\u00f5es antes da defini\u00e7\u00e3o final dos novos valores tarif\u00e1rios.<\/p>\n<p><strong>OUTRAS NOT\u00cdCIAS<\/strong><br \/>\n<a href=\"https:\/\/marcelolopes.jor.br\/site\/2025\/07\/18\/entenda-sua-conta-de-energia-eletrica-e-economize\/\"><strong><span style=\"color: #800000;\">Entenda sua conta de energia el\u00e9trica e economize<\/span><\/strong><\/a><\/p>\n<p><a href=\"https:\/\/marcelolopes.jor.br\/site\/2026\/04\/26\/bandeira-amarela-em-maio-vai-deixar-a-conta-de-luz-mais-cara\/\"><strong><span style=\"color: #800000;\">Bandeira amarela em maio vai deixar a conta de luz mais cara<\/span><\/strong><\/a><\/p>\n<p>Fonte: Aneel | Foto ilustrativa: Pexels<\/p>\n<div class=\"hwqtk69f7738c8af9e\" ><br><\/div><style type=\"text\/css\">\r\n@media screen and (min-width: 1201px) {\r\n.hwqtk69f7738c8af9e {\r\ndisplay: block;\r\n}\r\n}\r\n@media screen and (min-width: 993px) and (max-width: 1200px) {\r\n.hwqtk69f7738c8af9e {\r\ndisplay: block;\r\n}\r\n}\r\n@media screen and (min-width: 769px) and (max-width: 992px) {\r\n.hwqtk69f7738c8af9e {\r\ndisplay: block;\r\n}\r\n}\r\n@media screen and (min-width: 768px) and (max-width: 768px) {\r\n.hwqtk69f7738c8af9e {\r\ndisplay: block;\r\n}\r\n}\r\n@media screen and (max-width: 767px) {\r\n.hwqtk69f7738c8af9e {\r\ndisplay: block;\r\n}\r\n}\r\n<\/style>\r\n<div class=\"bdgni69f7738c91a39\" ><div id=\"div_destino\"><\/div>\r\n<script src=\"https:\/\/cdn.snsrsv.com\/sdk.js\"><\/script>\r\n<script >\r\n      new sdk(\"464030C30061EA8BE065000000000001\") \r\n          .appendTo(\"div_destino\")\r\n          .disableStyle(true) \r\n          .setCacheBusterMacro(\"%%CACHEBUSTER%%\")\r\n          .setSize(\"800\",\"214\")\r\n          .setClickMacro(\"%%CLICK_URL_ESC%%\") \r\n          .setReferrerUrlMacro(\"%%REFERRER_URL_ESC%%\") \r\n          .start(); \r\n<\/script><\/div><style type=\"text\/css\">\r\n@media screen and (min-width: 1201px) {\r\n.bdgni69f7738c91a39 {\r\ndisplay: block;\r\n}\r\n}\r\n@media screen and (min-width: 993px) and (max-width: 1200px) {\r\n.bdgni69f7738c91a39 {\r\ndisplay: block;\r\n}\r\n}\r\n@media screen and (min-width: 769px) and (max-width: 992px) {\r\n.bdgni69f7738c91a39 {\r\ndisplay: block;\r\n}\r\n}\r\n@media screen and (min-width: 768px) and (max-width: 768px) {\r\n.bdgni69f7738c91a39 {\r\ndisplay: block;\r\n}\r\n}\r\n@media screen and (max-width: 767px) {\r\n.bdgni69f7738c91a39 {\r\ndisplay: block;\r\n}\r\n}\r\n<\/style>\r\n","protected":false},"excerpt":{"rendered":"<p>A conta de luz dos consumidores atendidos pela Energisa Minas Rio poder\u00e1 sofrer reajuste m\u00e9dio de 13,78%. A proposta ser\u00e1 apresentada e discutida pela Ag\u00eancia Nacional de Energia El\u00e9trica (ANEEL) durante a Audi\u00eancia P\u00fablica n\u00ba 001\/2026, que ser\u00e1 realizada nesta<\/p>\n<p class=\"link-more\"><a class=\"more-link\" href=\"https:\/\/marcelolopes.jor.br\/site\/2026\/04\/28\/reuniao-da-aneel-em-cataguases-vai-definir-o-reajuste-na-conta-de-luz\/\">Leia mais <span class=\"screen-reader-text\">Reuni\u00e3o da Aneel em Cataguases vai definir o reajuste na conta de luz<\/span><\/a><\/p>\n","protected":false},"author":2,"featured_media":65512,"comment_status":"open","ping_status":"closed","sticky":false,"template":"","format":"standard","meta":{"footnotes":""},"categories":[1],"tags":[],"class_list":["post-65510","post","type-post","status-publish","format-standard","has-post-thumbnail","hentry","category-noticias","thumb-below-title"],"yoast_head":"<!-- This site is optimized with the Yoast SEO plugin v27.4 - https:\/\/yoast.com\/product\/yoast-seo-wordpress\/ -->\n<title>Reuni\u00e3o da Aneel em Cataguases vai definir o reajuste na<\/title>\n<meta name=\"description\" content=\"Reuni\u00e3o da Aneel em Cataguases vai definir o reajuste na conta de luz. Audi\u00eancia ser\u00e1 aberta ao p\u00fablico e reajuste m\u00e9dio deve ser de 13,78%.\" \/>\n<meta name=\"robots\" content=\"index, follow, max-snippet:-1, max-image-preview:large, max-video-preview:-1\" \/>\n<link rel=\"canonical\" href=\"https:\/\/marcelolopes.jor.br\/site\/2026\/04\/28\/reuniao-da-aneel-em-cataguases-vai-definir-o-reajuste-na-conta-de-luz\/\" \/>\n<meta property=\"og:locale\" content=\"pt_BR\" \/>\n<meta property=\"og:type\" content=\"article\" \/>\n<meta property=\"og:title\" content=\"Reuni\u00e3o da Aneel em Cataguases vai definir o reajuste na\" \/>\n<meta property=\"og:description\" content=\"Reuni\u00e3o da Aneel em Cataguases vai definir o reajuste na conta de luz. Audi\u00eancia ser\u00e1 aberta ao p\u00fablico e reajuste m\u00e9dio deve ser de 13,78%.\" \/>\n<meta property=\"og:url\" content=\"https:\/\/marcelolopes.jor.br\/site\/2026\/04\/28\/reuniao-da-aneel-em-cataguases-vai-definir-o-reajuste-na-conta-de-luz\/\" \/>\n<meta property=\"og:site_name\" content=\"Marcelo Lopes\" \/>\n<meta property=\"article:publisher\" content=\"https:\/\/www.facebook.com\/sitedomarcelolopes\" \/>\n<meta property=\"article:published_time\" content=\"2026-04-28T19:00:18+00:00\" \/>\n<meta property=\"og:image\" content=\"https:\/\/marcelolopes.jor.br\/site\/wp-content\/uploads\/2026\/04\/secret.jpg\" \/>\n\t<meta property=\"og:image:width\" content=\"800\" \/>\n\t<meta property=\"og:image:height\" content=\"550\" \/>\n\t<meta property=\"og:image:type\" content=\"image\/jpeg\" \/>\n<meta name=\"author\" content=\"Marcelo Lopes\" \/>\n<meta name=\"twitter:card\" content=\"summary_large_image\" \/>\n<meta name=\"twitter:label1\" content=\"Escrito por\" \/>\n\t<meta name=\"twitter:data1\" content=\"Marcelo Lopes\" \/>\n\t<meta name=\"twitter:label2\" content=\"Est. tempo de leitura\" \/>\n\t<meta name=\"twitter:data2\" content=\"2 minutos\" \/>\n<script type=\"application\/ld+json\" class=\"yoast-schema-graph\">{\"@context\":\"https:\\\/\\\/schema.org\",\"@graph\":[{\"@type\":\"NewsArticle\",\"@id\":\"https:\\\/\\\/marcelolopes.jor.br\\\/site\\\/2026\\\/04\\\/28\\\/reuniao-da-aneel-em-cataguases-vai-definir-o-reajuste-na-conta-de-luz\\\/#article\",\"isPartOf\":{\"@id\":\"https:\\\/\\\/marcelolopes.jor.br\\\/site\\\/2026\\\/04\\\/28\\\/reuniao-da-aneel-em-cataguases-vai-definir-o-reajuste-na-conta-de-luz\\\/\"},\"author\":{\"name\":\"Marcelo Lopes\",\"@id\":\"https:\\\/\\\/marcelolopes.jor.br\\\/site\\\/#\\\/schema\\\/person\\\/3e7216a35c34d8fdf952b31da3d1f89f\"},\"headline\":\"Reuni\u00e3o da Aneel em Cataguases vai definir o reajuste na conta de luz\",\"datePublished\":\"2026-04-28T19:00:18+00:00\",\"mainEntityOfPage\":{\"@id\":\"https:\\\/\\\/marcelolopes.jor.br\\\/site\\\/2026\\\/04\\\/28\\\/reuniao-da-aneel-em-cataguases-vai-definir-o-reajuste-na-conta-de-luz\\\/\"},\"wordCount\":362,\"commentCount\":0,\"publisher\":{\"@id\":\"https:\\\/\\\/marcelolopes.jor.br\\\/site\\\/#organization\"},\"image\":{\"@id\":\"https:\\\/\\\/marcelolopes.jor.br\\\/site\\\/2026\\\/04\\\/28\\\/reuniao-da-aneel-em-cataguases-vai-definir-o-reajuste-na-conta-de-luz\\\/#primaryimage\"},\"thumbnailUrl\":\"https:\\\/\\\/marcelolopes.jor.br\\\/site\\\/wp-content\\\/uploads\\\/2026\\\/04\\\/secret.jpg\",\"articleSection\":[\"Not\u00edcias\"],\"inLanguage\":\"pt-BR\",\"potentialAction\":[{\"@type\":\"CommentAction\",\"name\":\"Comment\",\"target\":[\"https:\\\/\\\/marcelolopes.jor.br\\\/site\\\/2026\\\/04\\\/28\\\/reuniao-da-aneel-em-cataguases-vai-definir-o-reajuste-na-conta-de-luz\\\/#respond\"]}]},{\"@type\":\"WebPage\",\"@id\":\"https:\\\/\\\/marcelolopes.jor.br\\\/site\\\/2026\\\/04\\\/28\\\/reuniao-da-aneel-em-cataguases-vai-definir-o-reajuste-na-conta-de-luz\\\/\",\"url\":\"https:\\\/\\\/marcelolopes.jor.br\\\/site\\\/2026\\\/04\\\/28\\\/reuniao-da-aneel-em-cataguases-vai-definir-o-reajuste-na-conta-de-luz\\\/\",\"name\":\"Reuni\u00e3o da Aneel em Cataguases vai definir o reajuste na\",\"isPartOf\":{\"@id\":\"https:\\\/\\\/marcelolopes.jor.br\\\/site\\\/#website\"},\"primaryImageOfPage\":{\"@id\":\"https:\\\/\\\/marcelolopes.jor.br\\\/site\\\/2026\\\/04\\\/28\\\/reuniao-da-aneel-em-cataguases-vai-definir-o-reajuste-na-conta-de-luz\\\/#primaryimage\"},\"image\":{\"@id\":\"https:\\\/\\\/marcelolopes.jor.br\\\/site\\\/2026\\\/04\\\/28\\\/reuniao-da-aneel-em-cataguases-vai-definir-o-reajuste-na-conta-de-luz\\\/#primaryimage\"},\"thumbnailUrl\":\"https:\\\/\\\/marcelolopes.jor.br\\\/site\\\/wp-content\\\/uploads\\\/2026\\\/04\\\/secret.jpg\",\"datePublished\":\"2026-04-28T19:00:18+00:00\",\"description\":\"Reuni\u00e3o da Aneel em Cataguases vai definir o reajuste na conta de luz. Audi\u00eancia ser\u00e1 aberta ao p\u00fablico e reajuste m\u00e9dio deve ser de 13,78%.\",\"breadcrumb\":{\"@id\":\"https:\\\/\\\/marcelolopes.jor.br\\\/site\\\/2026\\\/04\\\/28\\\/reuniao-da-aneel-em-cataguases-vai-definir-o-reajuste-na-conta-de-luz\\\/#breadcrumb\"},\"inLanguage\":\"pt-BR\",\"potentialAction\":[{\"@type\":\"ReadAction\",\"target\":[\"https:\\\/\\\/marcelolopes.jor.br\\\/site\\\/2026\\\/04\\\/28\\\/reuniao-da-aneel-em-cataguases-vai-definir-o-reajuste-na-conta-de-luz\\\/\"]}]},{\"@type\":\"ImageObject\",\"inLanguage\":\"pt-BR\",\"@id\":\"https:\\\/\\\/marcelolopes.jor.br\\\/site\\\/2026\\\/04\\\/28\\\/reuniao-da-aneel-em-cataguases-vai-definir-o-reajuste-na-conta-de-luz\\\/#primaryimage\",\"url\":\"https:\\\/\\\/marcelolopes.jor.br\\\/site\\\/wp-content\\\/uploads\\\/2026\\\/04\\\/secret.jpg\",\"contentUrl\":\"https:\\\/\\\/marcelolopes.jor.br\\\/site\\\/wp-content\\\/uploads\\\/2026\\\/04\\\/secret.jpg\",\"width\":800,\"height\":550},{\"@type\":\"BreadcrumbList\",\"@id\":\"https:\\\/\\\/marcelolopes.jor.br\\\/site\\\/2026\\\/04\\\/28\\\/reuniao-da-aneel-em-cataguases-vai-definir-o-reajuste-na-conta-de-luz\\\/#breadcrumb\",\"itemListElement\":[{\"@type\":\"ListItem\",\"position\":1,\"name\":\"Home\",\"item\":\"https:\\\/\\\/marcelolopes.jor.br\\\/site\\\/\"},{\"@type\":\"ListItem\",\"position\":2,\"name\":\"Reuni\u00e3o da Aneel em Cataguases vai definir o reajuste na conta de luz\"}]},{\"@type\":\"WebSite\",\"@id\":\"https:\\\/\\\/marcelolopes.jor.br\\\/site\\\/#website\",\"url\":\"https:\\\/\\\/marcelolopes.jor.br\\\/site\\\/\",\"name\":\"Marcelo Lopes\",\"description\":\"Not\u00edcias de Cataguases e Regi\u00e3o\",\"publisher\":{\"@id\":\"https:\\\/\\\/marcelolopes.jor.br\\\/site\\\/#organization\"},\"potentialAction\":[{\"@type\":\"SearchAction\",\"target\":{\"@type\":\"EntryPoint\",\"urlTemplate\":\"https:\\\/\\\/marcelolopes.jor.br\\\/site\\\/?s={search_term_string}\"},\"query-input\":{\"@type\":\"PropertyValueSpecification\",\"valueRequired\":true,\"valueName\":\"search_term_string\"}}],\"inLanguage\":\"pt-BR\"},{\"@type\":\"Organization\",\"@id\":\"https:\\\/\\\/marcelolopes.jor.br\\\/site\\\/#organization\",\"name\":\"Site do Marcelo Lopes\",\"url\":\"https:\\\/\\\/marcelolopes.jor.br\\\/site\\\/\",\"logo\":{\"@type\":\"ImageObject\",\"inLanguage\":\"pt-BR\",\"@id\":\"https:\\\/\\\/marcelolopes.jor.br\\\/site\\\/#\\\/schema\\\/logo\\\/image\\\/\",\"url\":\"https:\\\/\\\/marcelolopes.jor.br\\\/site\\\/wp-content\\\/uploads\\\/2024\\\/11\\\/logo-1.png\",\"contentUrl\":\"https:\\\/\\\/marcelolopes.jor.br\\\/site\\\/wp-content\\\/uploads\\\/2024\\\/11\\\/logo-1.png\",\"width\":475,\"height\":80,\"caption\":\"Site do Marcelo Lopes\"},\"image\":{\"@id\":\"https:\\\/\\\/marcelolopes.jor.br\\\/site\\\/#\\\/schema\\\/logo\\\/image\\\/\"},\"sameAs\":[\"https:\\\/\\\/www.facebook.com\\\/sitedomarcelolopes\",\"https:\\\/\\\/www.instagram.com\\\/sitedomarcelolopes\\\/\",\"https:\\\/\\\/www.linkedin.com\\\/company\\\/site-do-marcelo-lopes\\\/\",\"https:\\\/\\\/www.youtube.com\\\/user\\\/marcelolopes957\"]},{\"@type\":\"Person\",\"@id\":\"https:\\\/\\\/marcelolopes.jor.br\\\/site\\\/#\\\/schema\\\/person\\\/3e7216a35c34d8fdf952b31da3d1f89f\",\"name\":\"Marcelo Lopes\",\"sameAs\":[\"http:\\\/\\\/www.marcelolopes.jor.br\"],\"url\":\"https:\\\/\\\/marcelolopes.jor.br\\\/site\\\/author\\\/marcelo\\\/\"}]}<\/script>\n<!-- \/ Yoast SEO plugin. -->","yoast_head_json":{"title":"Reuni\u00e3o da Aneel em Cataguases vai definir o reajuste na","description":"Reuni\u00e3o da Aneel em Cataguases vai definir o reajuste na conta de luz. Audi\u00eancia ser\u00e1 aberta ao p\u00fablico e reajuste m\u00e9dio deve ser de 13,78%.","robots":{"index":"index","follow":"follow","max-snippet":"max-snippet:-1","max-image-preview":"max-image-preview:large","max-video-preview":"max-video-preview:-1"},"canonical":"https:\/\/marcelolopes.jor.br\/site\/2026\/04\/28\/reuniao-da-aneel-em-cataguases-vai-definir-o-reajuste-na-conta-de-luz\/","og_locale":"pt_BR","og_type":"article","og_title":"Reuni\u00e3o da Aneel em Cataguases vai definir o reajuste na","og_description":"Reuni\u00e3o da Aneel em Cataguases vai definir o reajuste na conta de luz. Audi\u00eancia ser\u00e1 aberta ao p\u00fablico e reajuste m\u00e9dio deve ser de 13,78%.","og_url":"https:\/\/marcelolopes.jor.br\/site\/2026\/04\/28\/reuniao-da-aneel-em-cataguases-vai-definir-o-reajuste-na-conta-de-luz\/","og_site_name":"Marcelo Lopes","article_publisher":"https:\/\/www.facebook.com\/sitedomarcelolopes","article_published_time":"2026-04-28T19:00:18+00:00","og_image":[{"width":800,"height":550,"url":"https:\/\/marcelolopes.jor.br\/site\/wp-content\/uploads\/2026\/04\/secret.jpg","type":"image\/jpeg"}],"author":"Marcelo Lopes","twitter_card":"summary_large_image","twitter_misc":{"Escrito por":"Marcelo Lopes","Est. tempo de leitura":"2 minutos"},"schema":{"@context":"https:\/\/schema.org","@graph":[{"@type":"NewsArticle","@id":"https:\/\/marcelolopes.jor.br\/site\/2026\/04\/28\/reuniao-da-aneel-em-cataguases-vai-definir-o-reajuste-na-conta-de-luz\/#article","isPartOf":{"@id":"https:\/\/marcelolopes.jor.br\/site\/2026\/04\/28\/reuniao-da-aneel-em-cataguases-vai-definir-o-reajuste-na-conta-de-luz\/"},"author":{"name":"Marcelo Lopes","@id":"https:\/\/marcelolopes.jor.br\/site\/#\/schema\/person\/3e7216a35c34d8fdf952b31da3d1f89f"},"headline":"Reuni\u00e3o da Aneel em Cataguases vai definir o reajuste na conta de luz","datePublished":"2026-04-28T19:00:18+00:00","mainEntityOfPage":{"@id":"https:\/\/marcelolopes.jor.br\/site\/2026\/04\/28\/reuniao-da-aneel-em-cataguases-vai-definir-o-reajuste-na-conta-de-luz\/"},"wordCount":362,"commentCount":0,"publisher":{"@id":"https:\/\/marcelolopes.jor.br\/site\/#organization"},"image":{"@id":"https:\/\/marcelolopes.jor.br\/site\/2026\/04\/28\/reuniao-da-aneel-em-cataguases-vai-definir-o-reajuste-na-conta-de-luz\/#primaryimage"},"thumbnailUrl":"https:\/\/marcelolopes.jor.br\/site\/wp-content\/uploads\/2026\/04\/secret.jpg","articleSection":["Not\u00edcias"],"inLanguage":"pt-BR","potentialAction":[{"@type":"CommentAction","name":"Comment","target":["https:\/\/marcelolopes.jor.br\/site\/2026\/04\/28\/reuniao-da-aneel-em-cataguases-vai-definir-o-reajuste-na-conta-de-luz\/#respond"]}]},{"@type":"WebPage","@id":"https:\/\/marcelolopes.jor.br\/site\/2026\/04\/28\/reuniao-da-aneel-em-cataguases-vai-definir-o-reajuste-na-conta-de-luz\/","url":"https:\/\/marcelolopes.jor.br\/site\/2026\/04\/28\/reuniao-da-aneel-em-cataguases-vai-definir-o-reajuste-na-conta-de-luz\/","name":"Reuni\u00e3o da Aneel em Cataguases vai definir o reajuste na","isPartOf":{"@id":"https:\/\/marcelolopes.jor.br\/site\/#website"},"primaryImageOfPage":{"@id":"https:\/\/marcelolopes.jor.br\/site\/2026\/04\/28\/reuniao-da-aneel-em-cataguases-vai-definir-o-reajuste-na-conta-de-luz\/#primaryimage"},"image":{"@id":"https:\/\/marcelolopes.jor.br\/site\/2026\/04\/28\/reuniao-da-aneel-em-cataguases-vai-definir-o-reajuste-na-conta-de-luz\/#primaryimage"},"thumbnailUrl":"https:\/\/marcelolopes.jor.br\/site\/wp-content\/uploads\/2026\/04\/secret.jpg","datePublished":"2026-04-28T19:00:18+00:00","description":"Reuni\u00e3o da Aneel em Cataguases vai definir o reajuste na conta de luz. Audi\u00eancia ser\u00e1 aberta ao p\u00fablico e reajuste m\u00e9dio deve ser de 13,78%.","breadcrumb":{"@id":"https:\/\/marcelolopes.jor.br\/site\/2026\/04\/28\/reuniao-da-aneel-em-cataguases-vai-definir-o-reajuste-na-conta-de-luz\/#breadcrumb"},"inLanguage":"pt-BR","potentialAction":[{"@type":"ReadAction","target":["https:\/\/marcelolopes.jor.br\/site\/2026\/04\/28\/reuniao-da-aneel-em-cataguases-vai-definir-o-reajuste-na-conta-de-luz\/"]}]},{"@type":"ImageObject","inLanguage":"pt-BR","@id":"https:\/\/marcelolopes.jor.br\/site\/2026\/04\/28\/reuniao-da-aneel-em-cataguases-vai-definir-o-reajuste-na-conta-de-luz\/#primaryimage","url":"https:\/\/marcelolopes.jor.br\/site\/wp-content\/uploads\/2026\/04\/secret.jpg","contentUrl":"https:\/\/marcelolopes.jor.br\/site\/wp-content\/uploads\/2026\/04\/secret.jpg","width":800,"height":550},{"@type":"BreadcrumbList","@id":"https:\/\/marcelolopes.jor.br\/site\/2026\/04\/28\/reuniao-da-aneel-em-cataguases-vai-definir-o-reajuste-na-conta-de-luz\/#breadcrumb","itemListElement":[{"@type":"ListItem","position":1,"name":"Home","item":"https:\/\/marcelolopes.jor.br\/site\/"},{"@type":"ListItem","position":2,"name":"Reuni\u00e3o da Aneel em Cataguases vai definir o reajuste na conta de luz"}]},{"@type":"WebSite","@id":"https:\/\/marcelolopes.jor.br\/site\/#website","url":"https:\/\/marcelolopes.jor.br\/site\/","name":"Marcelo Lopes","description":"Not\u00edcias de Cataguases e Regi\u00e3o","publisher":{"@id":"https:\/\/marcelolopes.jor.br\/site\/#organization"},"potentialAction":[{"@type":"SearchAction","target":{"@type":"EntryPoint","urlTemplate":"https:\/\/marcelolopes.jor.br\/site\/?s={search_term_string}"},"query-input":{"@type":"PropertyValueSpecification","valueRequired":true,"valueName":"search_term_string"}}],"inLanguage":"pt-BR"},{"@type":"Organization","@id":"https:\/\/marcelolopes.jor.br\/site\/#organization","name":"Site do Marcelo Lopes","url":"https:\/\/marcelolopes.jor.br\/site\/","logo":{"@type":"ImageObject","inLanguage":"pt-BR","@id":"https:\/\/marcelolopes.jor.br\/site\/#\/schema\/logo\/image\/","url":"https:\/\/marcelolopes.jor.br\/site\/wp-content\/uploads\/2024\/11\/logo-1.png","contentUrl":"https:\/\/marcelolopes.jor.br\/site\/wp-content\/uploads\/2024\/11\/logo-1.png","width":475,"height":80,"caption":"Site do Marcelo Lopes"},"image":{"@id":"https:\/\/marcelolopes.jor.br\/site\/#\/schema\/logo\/image\/"},"sameAs":["https:\/\/www.facebook.com\/sitedomarcelolopes","https:\/\/www.instagram.com\/sitedomarcelolopes\/","https:\/\/www.linkedin.com\/company\/site-do-marcelo-lopes\/","https:\/\/www.youtube.com\/user\/marcelolopes957"]},{"@type":"Person","@id":"https:\/\/marcelolopes.jor.br\/site\/#\/schema\/person\/3e7216a35c34d8fdf952b31da3d1f89f","name":"Marcelo Lopes","sameAs":["http:\/\/www.marcelolopes.jor.br"],"url":"https:\/\/marcelolopes.jor.br\/site\/author\/marcelo\/"}]}},"wps_subtitle":"Audi\u00eancia ser\u00e1 aberta ao p\u00fablico e reajuste m\u00e9dio deve ser de 13,78%.","_links":{"self":[{"href":"https:\/\/marcelolopes.jor.br\/site\/wp-json\/wp\/v2\/posts\/65510","targetHints":{"allow":["GET"]}}],"collection":[{"href":"https:\/\/marcelolopes.jor.br\/site\/wp-json\/wp\/v2\/posts"}],"about":[{"href":"https:\/\/marcelolopes.jor.br\/site\/wp-json\/wp\/v2\/types\/post"}],"author":[{"embeddable":true,"href":"https:\/\/marcelolopes.jor.br\/site\/wp-json\/wp\/v2\/users\/2"}],"replies":[{"embeddable":true,"href":"https:\/\/marcelolopes.jor.br\/site\/wp-json\/wp\/v2\/comments?post=65510"}],"version-history":[{"count":2,"href":"https:\/\/marcelolopes.jor.br\/site\/wp-json\/wp\/v2\/posts\/65510\/revisions"}],"predecessor-version":[{"id":65513,"href":"https:\/\/marcelolopes.jor.br\/site\/wp-json\/wp\/v2\/posts\/65510\/revisions\/65513"}],"wp:featuredmedia":[{"embeddable":true,"href":"https:\/\/marcelolopes.jor.br\/site\/wp-json\/wp\/v2\/media\/65512"}],"wp:attachment":[{"href":"https:\/\/marcelolopes.jor.br\/site\/wp-json\/wp\/v2\/media?parent=65510"}],"wp:term":[{"taxonomy":"category","embeddable":true,"href":"https:\/\/marcelolopes.jor.br\/site\/wp-json\/wp\/v2\/categories?post=65510"},{"taxonomy":"post_tag","embeddable":true,"href":"https:\/\/marcelolopes.jor.br\/site\/wp-json\/wp\/v2\/tags?post=65510"}],"curies":[{"name":"wp","href":"https:\/\/api.w.org\/{rel}","templated":true}]}}