{"id":65492,"date":"2026-04-27T15:00:42","date_gmt":"2026-04-27T18:00:42","guid":{"rendered":"https:\/\/marcelolopes.jor.br\/site\/?p=65492"},"modified":"2026-04-27T13:25:09","modified_gmt":"2026-04-27T16:25:09","slug":"crianca-de-7-anos-e-vitima-de-estupro-de-vulneravel-na-vila-reis","status":"publish","type":"post","link":"https:\/\/marcelolopes.jor.br\/site\/2026\/04\/27\/crianca-de-7-anos-e-vitima-de-estupro-de-vulneravel-na-vila-reis\/","title":{"rendered":"Crian\u00e7a de 7 anos \u00e9 v\u00edtima de estupro de vulner\u00e1vel, na Vila Reis"},"content":{"rendered":"<p>Uma crian\u00e7a de 7 anos de idade foi v\u00edtima de estupro, no \u00faltimo dia 10 de maio, na Vila Reis, em Cataguases. O crime, no entanto, s\u00f3 foi registrado no \u00faltimo dia 24, pela m\u00e3e do garoto, ap\u00f3s terminar o relacionamento com o suspeito, conforme informou a Pol\u00edcia Militar.<!--more--><\/p>\n<h4 class=\"p1\"><span class=\"s1\">\ud83d\udcf8\u00a0<span style=\"color: #008000;\">Siga o Site do Marcelo Lopes no<\/span>\u00a0<span style=\"color: #800000;\"><a style=\"color: #800000;\" href=\"https:\/\/www.facebook.com\/sitedomarcelolopes\/\"><strong>Facebook<\/strong><\/a><\/span>\u00a0<span style=\"color: #008000;\">e no<\/span>\u00a0<span style=\"color: #800000;\"><strong><a style=\"color: #800000;\" href=\"https:\/\/www.instagram.com\/sitedomarcelolopes\/\">Instagram<\/a><\/strong><\/span><\/span><\/h4>\n<h4 class=\"p1\">\ud83d\udcf1<span style=\"color: #008000;\">Participe do grupo de<\/span>\u00a0<span style=\"color: #800000;\"><a style=\"color: #800000;\" href=\"https:\/\/chat.whatsapp.com\/BibzcI1ibYSKytbdyzubLA\"><strong>WhatsApp<\/strong><\/a><\/span> <span style=\"color: #008000;\">do Site do Marcelo Lopes<\/span><\/h4>\n<p>O menino contou \u00e0 sua m\u00e3e que o padrasto, de 30 anos, o chamou para uma brincadeira em que ele ganharia um doce. Para isso, por\u00e9m, teria que vendar seus olhos. Contudo, enquanto n\u00e3o enxergava, sua barriga co\u00e7ou e ele arrancou a venda para ver o que estava acontecendo, quando viu o homem com o \u00f3rg\u00e3o genital para fora da cal\u00e7a e pr\u00f3ximo de seu corpo. O garoto disse ainda que ele n\u00e3o encostou o p\u00eanis em seu corpo, e que lhe pediu apenas para guardar segredo.<\/p>\n<p>A m\u00e3e da crian\u00e7a contou \u00e0 PM que manteve relacionamento com o namorado por dois meses. Quando o menino soube que ela havia encerrado o namoro, decidiu lhe contar o que aconteceu neste per\u00edodo, completou. O caso foi encaminhado para a Pol\u00edcia Civil que est\u00e1 investigando os fatos. O suspeito &#8211; que tem passagens pela pol\u00edcia &#8211; segue em liberdade.<\/p>\n<h4>NOTA DE RETRATA\u00c7\u00c3O<\/h4>\n<p><em>Em rela\u00e7\u00e3o \u00e0 reportagem publicada no dia 26 de maio de 2025 sob o t\u00edtulo &#8220;Crian\u00e7a de 7 anos \u00e9 v\u00edtima de estupro de vulner\u00e1vel, na Vila Reis&#8221;, o Site do Marcelo Lopes esclarece que a informa\u00e7\u00e3o de que &#8220;os abusos ocorriam com frequ\u00eancia&#8221; n\u00e3o condiz com a verdade, conforme reconhecido pelo Poder Judici\u00e1rio. Ap\u00f3s verifica\u00e7\u00e3o, constatou-se que o correto \u00e9 o que est\u00e1 agora publicado. Reconhecemos o equ\u00edvoco, pedimos desculpas pelos transtornos causados. A mat\u00e9ria original foi removida.&#8221;<\/em><\/p>\n<p><strong>OUTRAS NOT\u00cdCIAS<\/strong><br \/>\n<a href=\"https:\/\/marcelolopes.jor.br\/site\/2025\/01\/23\/policia-civil-prende-homem-condenado-por-estupro-de-vulneravel\/\"><strong><span style=\"color: #800000;\">Pol\u00edcia Civil prende homem condenado por estupro de vulner\u00e1vel<\/span><\/strong><\/a><\/p>\n<p><a href=\"https:\/\/marcelolopes.jor.br\/site\/2024\/11\/12\/pcmg-prende-suspeito-de-estupro-de-vulneravel-em-guarara\/\"><strong><span style=\"color: #800000;\">PCMG prende suspeito de estupro de vulner\u00e1vel em Guarar\u00e1<\/span><\/strong><\/a><\/p>\n<p>Foto: Pexels<\/p>\n<div class=\"jbmav69f7796f5137b\" ><br><\/div><style type=\"text\/css\">\r\n@media screen and (min-width: 1201px) {\r\n.jbmav69f7796f5137b {\r\ndisplay: block;\r\n}\r\n}\r\n@media screen and (min-width: 993px) and (max-width: 1200px) {\r\n.jbmav69f7796f5137b {\r\ndisplay: block;\r\n}\r\n}\r\n@media screen and (min-width: 769px) and (max-width: 992px) {\r\n.jbmav69f7796f5137b {\r\ndisplay: block;\r\n}\r\n}\r\n@media screen and (min-width: 768px) and (max-width: 768px) {\r\n.jbmav69f7796f5137b {\r\ndisplay: block;\r\n}\r\n}\r\n@media screen and (max-width: 767px) {\r\n.jbmav69f7796f5137b {\r\ndisplay: block;\r\n}\r\n}\r\n<\/style>\r\n<div class=\"vvfbl69f7796f56d48\" ><div id=\"div_destino\"><\/div>\r\n<script src=\"https:\/\/cdn.snsrsv.com\/sdk.js\"><\/script>\r\n<script >\r\n      new sdk(\"464030C30061EA8BE065000000000001\") \r\n          .appendTo(\"div_destino\")\r\n          .disableStyle(true) \r\n          .setCacheBusterMacro(\"%%CACHEBUSTER%%\")\r\n          .setSize(\"800\",\"214\")\r\n          .setClickMacro(\"%%CLICK_URL_ESC%%\") \r\n          .setReferrerUrlMacro(\"%%REFERRER_URL_ESC%%\") \r\n          .start(); \r\n<\/script><\/div><style type=\"text\/css\">\r\n@media screen and (min-width: 1201px) {\r\n.vvfbl69f7796f56d48 {\r\ndisplay: block;\r\n}\r\n}\r\n@media screen and (min-width: 993px) and (max-width: 1200px) {\r\n.vvfbl69f7796f56d48 {\r\ndisplay: block;\r\n}\r\n}\r\n@media screen and (min-width: 769px) and (max-width: 992px) {\r\n.vvfbl69f7796f56d48 {\r\ndisplay: block;\r\n}\r\n}\r\n@media screen and (min-width: 768px) and (max-width: 768px) {\r\n.vvfbl69f7796f56d48 {\r\ndisplay: block;\r\n}\r\n}\r\n@media screen and (max-width: 767px) {\r\n.vvfbl69f7796f56d48 {\r\ndisplay: block;\r\n}\r\n}\r\n<\/style>\r\n","protected":false},"excerpt":{"rendered":"<p>Uma crian\u00e7a de 7 anos de idade foi v\u00edtima de estupro, no \u00faltimo dia 10 de maio, na Vila Reis, em Cataguases. O crime, no entanto, s\u00f3 foi registrado no \u00faltimo dia 24, pela m\u00e3e do garoto, ap\u00f3s terminar o<\/p>\n<p class=\"link-more\"><a class=\"more-link\" href=\"https:\/\/marcelolopes.jor.br\/site\/2026\/04\/27\/crianca-de-7-anos-e-vitima-de-estupro-de-vulneravel-na-vila-reis\/\">Leia mais <span class=\"screen-reader-text\">Crian\u00e7a de 7 anos \u00e9 v\u00edtima de estupro de vulner\u00e1vel, na Vila Reis<\/span><\/a><\/p>\n","protected":false},"author":2,"featured_media":65493,"comment_status":"open","ping_status":"closed","sticky":false,"template":"","format":"standard","meta":{"footnotes":""},"categories":[1],"tags":[],"class_list":["post-65492","post","type-post","status-publish","format-standard","has-post-thumbnail","hentry","category-noticias","thumb-below-title"],"yoast_head":"<!-- This site is optimized with the Yoast SEO plugin v27.4 - https:\/\/yoast.com\/product\/yoast-seo-wordpress\/ -->\n<title>Crian\u00e7a de 7 anos \u00e9 v\u00edtima de estupro de vulner\u00e1vel, na Vila Reis | Marcelo Lopes<\/title>\n<meta name=\"description\" content=\"Crian\u00e7a de 7 anos \u00e9 v\u00edtima de estupro de vulner\u00e1vel, na Vila Reis. A Pol\u00edcia Civil est\u00e1 investigando o caso.\" \/>\n<meta name=\"robots\" content=\"index, follow, max-snippet:-1, max-image-preview:large, max-video-preview:-1\" \/>\n<link rel=\"canonical\" href=\"https:\/\/marcelolopes.jor.br\/site\/2026\/04\/27\/crianca-de-7-anos-e-vitima-de-estupro-de-vulneravel-na-vila-reis\/\" \/>\n<meta property=\"og:locale\" content=\"pt_BR\" \/>\n<meta property=\"og:type\" content=\"article\" \/>\n<meta property=\"og:title\" content=\"Crian\u00e7a de 7 anos \u00e9 v\u00edtima de estupro de vulner\u00e1vel, na Vila Reis | Marcelo Lopes\" \/>\n<meta property=\"og:description\" content=\"Crian\u00e7a de 7 anos \u00e9 v\u00edtima de estupro de vulner\u00e1vel, na Vila Reis. A Pol\u00edcia Civil est\u00e1 investigando o caso.\" \/>\n<meta property=\"og:url\" content=\"https:\/\/marcelolopes.jor.br\/site\/2026\/04\/27\/crianca-de-7-anos-e-vitima-de-estupro-de-vulneravel-na-vila-reis\/\" \/>\n<meta property=\"og:site_name\" content=\"Marcelo Lopes\" \/>\n<meta property=\"article:publisher\" content=\"https:\/\/www.facebook.com\/sitedomarcelolopes\" \/>\n<meta property=\"article:published_time\" content=\"2026-04-27T18:00:42+00:00\" \/>\n<meta property=\"og:image\" content=\"https:\/\/marcelolopes.jor.br\/site\/wp-content\/uploads\/2026\/04\/secretaria-11.jpg\" \/>\n\t<meta property=\"og:image:width\" content=\"800\" \/>\n\t<meta property=\"og:image:height\" content=\"550\" \/>\n\t<meta property=\"og:image:type\" content=\"image\/jpeg\" \/>\n<meta name=\"author\" content=\"Marcelo Lopes\" \/>\n<meta name=\"twitter:card\" content=\"summary_large_image\" \/>\n<meta name=\"twitter:label1\" content=\"Escrito por\" \/>\n\t<meta name=\"twitter:data1\" content=\"Marcelo Lopes\" \/>\n\t<meta name=\"twitter:label2\" content=\"Est. tempo de leitura\" \/>\n\t<meta name=\"twitter:data2\" content=\"2 minutos\" \/>\n<script type=\"application\/ld+json\" class=\"yoast-schema-graph\">{\"@context\":\"https:\\\/\\\/schema.org\",\"@graph\":[{\"@type\":\"NewsArticle\",\"@id\":\"https:\\\/\\\/marcelolopes.jor.br\\\/site\\\/2026\\\/04\\\/27\\\/crianca-de-7-anos-e-vitima-de-estupro-de-vulneravel-na-vila-reis\\\/#article\",\"isPartOf\":{\"@id\":\"https:\\\/\\\/marcelolopes.jor.br\\\/site\\\/2026\\\/04\\\/27\\\/crianca-de-7-anos-e-vitima-de-estupro-de-vulneravel-na-vila-reis\\\/\"},\"author\":{\"name\":\"Marcelo Lopes\",\"@id\":\"https:\\\/\\\/marcelolopes.jor.br\\\/site\\\/#\\\/schema\\\/person\\\/3e7216a35c34d8fdf952b31da3d1f89f\"},\"headline\":\"Crian\u00e7a de 7 anos \u00e9 v\u00edtima de estupro de vulner\u00e1vel, na Vila Reis\",\"datePublished\":\"2026-04-27T18:00:42+00:00\",\"mainEntityOfPage\":{\"@id\":\"https:\\\/\\\/marcelolopes.jor.br\\\/site\\\/2026\\\/04\\\/27\\\/crianca-de-7-anos-e-vitima-de-estupro-de-vulneravel-na-vila-reis\\\/\"},\"wordCount\":360,\"commentCount\":0,\"publisher\":{\"@id\":\"https:\\\/\\\/marcelolopes.jor.br\\\/site\\\/#organization\"},\"image\":{\"@id\":\"https:\\\/\\\/marcelolopes.jor.br\\\/site\\\/2026\\\/04\\\/27\\\/crianca-de-7-anos-e-vitima-de-estupro-de-vulneravel-na-vila-reis\\\/#primaryimage\"},\"thumbnailUrl\":\"https:\\\/\\\/marcelolopes.jor.br\\\/site\\\/wp-content\\\/uploads\\\/2026\\\/04\\\/secretaria-11.jpg\",\"articleSection\":[\"Not\u00edcias\"],\"inLanguage\":\"pt-BR\",\"potentialAction\":[{\"@type\":\"CommentAction\",\"name\":\"Comment\",\"target\":[\"https:\\\/\\\/marcelolopes.jor.br\\\/site\\\/2026\\\/04\\\/27\\\/crianca-de-7-anos-e-vitima-de-estupro-de-vulneravel-na-vila-reis\\\/#respond\"]}]},{\"@type\":\"WebPage\",\"@id\":\"https:\\\/\\\/marcelolopes.jor.br\\\/site\\\/2026\\\/04\\\/27\\\/crianca-de-7-anos-e-vitima-de-estupro-de-vulneravel-na-vila-reis\\\/\",\"url\":\"https:\\\/\\\/marcelolopes.jor.br\\\/site\\\/2026\\\/04\\\/27\\\/crianca-de-7-anos-e-vitima-de-estupro-de-vulneravel-na-vila-reis\\\/\",\"name\":\"Crian\u00e7a de 7 anos \u00e9 v\u00edtima de estupro de vulner\u00e1vel, na Vila Reis | Marcelo Lopes\",\"isPartOf\":{\"@id\":\"https:\\\/\\\/marcelolopes.jor.br\\\/site\\\/#website\"},\"primaryImageOfPage\":{\"@id\":\"https:\\\/\\\/marcelolopes.jor.br\\\/site\\\/2026\\\/04\\\/27\\\/crianca-de-7-anos-e-vitima-de-estupro-de-vulneravel-na-vila-reis\\\/#primaryimage\"},\"image\":{\"@id\":\"https:\\\/\\\/marcelolopes.jor.br\\\/site\\\/2026\\\/04\\\/27\\\/crianca-de-7-anos-e-vitima-de-estupro-de-vulneravel-na-vila-reis\\\/#primaryimage\"},\"thumbnailUrl\":\"https:\\\/\\\/marcelolopes.jor.br\\\/site\\\/wp-content\\\/uploads\\\/2026\\\/04\\\/secretaria-11.jpg\",\"datePublished\":\"2026-04-27T18:00:42+00:00\",\"description\":\"Crian\u00e7a de 7 anos \u00e9 v\u00edtima de estupro de vulner\u00e1vel, na Vila Reis. A Pol\u00edcia Civil est\u00e1 investigando o caso.\",\"breadcrumb\":{\"@id\":\"https:\\\/\\\/marcelolopes.jor.br\\\/site\\\/2026\\\/04\\\/27\\\/crianca-de-7-anos-e-vitima-de-estupro-de-vulneravel-na-vila-reis\\\/#breadcrumb\"},\"inLanguage\":\"pt-BR\",\"potentialAction\":[{\"@type\":\"ReadAction\",\"target\":[\"https:\\\/\\\/marcelolopes.jor.br\\\/site\\\/2026\\\/04\\\/27\\\/crianca-de-7-anos-e-vitima-de-estupro-de-vulneravel-na-vila-reis\\\/\"]}]},{\"@type\":\"ImageObject\",\"inLanguage\":\"pt-BR\",\"@id\":\"https:\\\/\\\/marcelolopes.jor.br\\\/site\\\/2026\\\/04\\\/27\\\/crianca-de-7-anos-e-vitima-de-estupro-de-vulneravel-na-vila-reis\\\/#primaryimage\",\"url\":\"https:\\\/\\\/marcelolopes.jor.br\\\/site\\\/wp-content\\\/uploads\\\/2026\\\/04\\\/secretaria-11.jpg\",\"contentUrl\":\"https:\\\/\\\/marcelolopes.jor.br\\\/site\\\/wp-content\\\/uploads\\\/2026\\\/04\\\/secretaria-11.jpg\",\"width\":800,\"height\":550,\"caption\":\"Crian\u00e7a de 7 anos\"},{\"@type\":\"BreadcrumbList\",\"@id\":\"https:\\\/\\\/marcelolopes.jor.br\\\/site\\\/2026\\\/04\\\/27\\\/crianca-de-7-anos-e-vitima-de-estupro-de-vulneravel-na-vila-reis\\\/#breadcrumb\",\"itemListElement\":[{\"@type\":\"ListItem\",\"position\":1,\"name\":\"Home\",\"item\":\"https:\\\/\\\/marcelolopes.jor.br\\\/site\\\/\"},{\"@type\":\"ListItem\",\"position\":2,\"name\":\"Crian\u00e7a de 7 anos \u00e9 v\u00edtima de estupro de vulner\u00e1vel, na Vila Reis\"}]},{\"@type\":\"WebSite\",\"@id\":\"https:\\\/\\\/marcelolopes.jor.br\\\/site\\\/#website\",\"url\":\"https:\\\/\\\/marcelolopes.jor.br\\\/site\\\/\",\"name\":\"Marcelo Lopes\",\"description\":\"Not\u00edcias de Cataguases e Regi\u00e3o\",\"publisher\":{\"@id\":\"https:\\\/\\\/marcelolopes.jor.br\\\/site\\\/#organization\"},\"potentialAction\":[{\"@type\":\"SearchAction\",\"target\":{\"@type\":\"EntryPoint\",\"urlTemplate\":\"https:\\\/\\\/marcelolopes.jor.br\\\/site\\\/?s={search_term_string}\"},\"query-input\":{\"@type\":\"PropertyValueSpecification\",\"valueRequired\":true,\"valueName\":\"search_term_string\"}}],\"inLanguage\":\"pt-BR\"},{\"@type\":\"Organization\",\"@id\":\"https:\\\/\\\/marcelolopes.jor.br\\\/site\\\/#organization\",\"name\":\"Site do Marcelo Lopes\",\"url\":\"https:\\\/\\\/marcelolopes.jor.br\\\/site\\\/\",\"logo\":{\"@type\":\"ImageObject\",\"inLanguage\":\"pt-BR\",\"@id\":\"https:\\\/\\\/marcelolopes.jor.br\\\/site\\\/#\\\/schema\\\/logo\\\/image\\\/\",\"url\":\"https:\\\/\\\/marcelolopes.jor.br\\\/site\\\/wp-content\\\/uploads\\\/2024\\\/11\\\/logo-1.png\",\"contentUrl\":\"https:\\\/\\\/marcelolopes.jor.br\\\/site\\\/wp-content\\\/uploads\\\/2024\\\/11\\\/logo-1.png\",\"width\":475,\"height\":80,\"caption\":\"Site do Marcelo Lopes\"},\"image\":{\"@id\":\"https:\\\/\\\/marcelolopes.jor.br\\\/site\\\/#\\\/schema\\\/logo\\\/image\\\/\"},\"sameAs\":[\"https:\\\/\\\/www.facebook.com\\\/sitedomarcelolopes\",\"https:\\\/\\\/www.instagram.com\\\/sitedomarcelolopes\\\/\",\"https:\\\/\\\/www.linkedin.com\\\/company\\\/site-do-marcelo-lopes\\\/\",\"https:\\\/\\\/www.youtube.com\\\/user\\\/marcelolopes957\"]},{\"@type\":\"Person\",\"@id\":\"https:\\\/\\\/marcelolopes.jor.br\\\/site\\\/#\\\/schema\\\/person\\\/3e7216a35c34d8fdf952b31da3d1f89f\",\"name\":\"Marcelo Lopes\",\"sameAs\":[\"http:\\\/\\\/www.marcelolopes.jor.br\"],\"url\":\"https:\\\/\\\/marcelolopes.jor.br\\\/site\\\/author\\\/marcelo\\\/\"}]}<\/script>\n<!-- \/ Yoast SEO plugin. -->","yoast_head_json":{"title":"Crian\u00e7a de 7 anos \u00e9 v\u00edtima de estupro de vulner\u00e1vel, na Vila Reis | Marcelo Lopes","description":"Crian\u00e7a de 7 anos \u00e9 v\u00edtima de estupro de vulner\u00e1vel, na Vila Reis. A Pol\u00edcia Civil est\u00e1 investigando o caso.","robots":{"index":"index","follow":"follow","max-snippet":"max-snippet:-1","max-image-preview":"max-image-preview:large","max-video-preview":"max-video-preview:-1"},"canonical":"https:\/\/marcelolopes.jor.br\/site\/2026\/04\/27\/crianca-de-7-anos-e-vitima-de-estupro-de-vulneravel-na-vila-reis\/","og_locale":"pt_BR","og_type":"article","og_title":"Crian\u00e7a de 7 anos \u00e9 v\u00edtima de estupro de vulner\u00e1vel, na Vila Reis | Marcelo Lopes","og_description":"Crian\u00e7a de 7 anos \u00e9 v\u00edtima de estupro de vulner\u00e1vel, na Vila Reis. A Pol\u00edcia Civil est\u00e1 investigando o caso.","og_url":"https:\/\/marcelolopes.jor.br\/site\/2026\/04\/27\/crianca-de-7-anos-e-vitima-de-estupro-de-vulneravel-na-vila-reis\/","og_site_name":"Marcelo Lopes","article_publisher":"https:\/\/www.facebook.com\/sitedomarcelolopes","article_published_time":"2026-04-27T18:00:42+00:00","og_image":[{"width":800,"height":550,"url":"https:\/\/marcelolopes.jor.br\/site\/wp-content\/uploads\/2026\/04\/secretaria-11.jpg","type":"image\/jpeg"}],"author":"Marcelo Lopes","twitter_card":"summary_large_image","twitter_misc":{"Escrito por":"Marcelo Lopes","Est. tempo de leitura":"2 minutos"},"schema":{"@context":"https:\/\/schema.org","@graph":[{"@type":"NewsArticle","@id":"https:\/\/marcelolopes.jor.br\/site\/2026\/04\/27\/crianca-de-7-anos-e-vitima-de-estupro-de-vulneravel-na-vila-reis\/#article","isPartOf":{"@id":"https:\/\/marcelolopes.jor.br\/site\/2026\/04\/27\/crianca-de-7-anos-e-vitima-de-estupro-de-vulneravel-na-vila-reis\/"},"author":{"name":"Marcelo Lopes","@id":"https:\/\/marcelolopes.jor.br\/site\/#\/schema\/person\/3e7216a35c34d8fdf952b31da3d1f89f"},"headline":"Crian\u00e7a de 7 anos \u00e9 v\u00edtima de estupro de vulner\u00e1vel, na Vila Reis","datePublished":"2026-04-27T18:00:42+00:00","mainEntityOfPage":{"@id":"https:\/\/marcelolopes.jor.br\/site\/2026\/04\/27\/crianca-de-7-anos-e-vitima-de-estupro-de-vulneravel-na-vila-reis\/"},"wordCount":360,"commentCount":0,"publisher":{"@id":"https:\/\/marcelolopes.jor.br\/site\/#organization"},"image":{"@id":"https:\/\/marcelolopes.jor.br\/site\/2026\/04\/27\/crianca-de-7-anos-e-vitima-de-estupro-de-vulneravel-na-vila-reis\/#primaryimage"},"thumbnailUrl":"https:\/\/marcelolopes.jor.br\/site\/wp-content\/uploads\/2026\/04\/secretaria-11.jpg","articleSection":["Not\u00edcias"],"inLanguage":"pt-BR","potentialAction":[{"@type":"CommentAction","name":"Comment","target":["https:\/\/marcelolopes.jor.br\/site\/2026\/04\/27\/crianca-de-7-anos-e-vitima-de-estupro-de-vulneravel-na-vila-reis\/#respond"]}]},{"@type":"WebPage","@id":"https:\/\/marcelolopes.jor.br\/site\/2026\/04\/27\/crianca-de-7-anos-e-vitima-de-estupro-de-vulneravel-na-vila-reis\/","url":"https:\/\/marcelolopes.jor.br\/site\/2026\/04\/27\/crianca-de-7-anos-e-vitima-de-estupro-de-vulneravel-na-vila-reis\/","name":"Crian\u00e7a de 7 anos \u00e9 v\u00edtima de estupro de vulner\u00e1vel, na Vila Reis | Marcelo Lopes","isPartOf":{"@id":"https:\/\/marcelolopes.jor.br\/site\/#website"},"primaryImageOfPage":{"@id":"https:\/\/marcelolopes.jor.br\/site\/2026\/04\/27\/crianca-de-7-anos-e-vitima-de-estupro-de-vulneravel-na-vila-reis\/#primaryimage"},"image":{"@id":"https:\/\/marcelolopes.jor.br\/site\/2026\/04\/27\/crianca-de-7-anos-e-vitima-de-estupro-de-vulneravel-na-vila-reis\/#primaryimage"},"thumbnailUrl":"https:\/\/marcelolopes.jor.br\/site\/wp-content\/uploads\/2026\/04\/secretaria-11.jpg","datePublished":"2026-04-27T18:00:42+00:00","description":"Crian\u00e7a de 7 anos \u00e9 v\u00edtima de estupro de vulner\u00e1vel, na Vila Reis. A Pol\u00edcia Civil est\u00e1 investigando o caso.","breadcrumb":{"@id":"https:\/\/marcelolopes.jor.br\/site\/2026\/04\/27\/crianca-de-7-anos-e-vitima-de-estupro-de-vulneravel-na-vila-reis\/#breadcrumb"},"inLanguage":"pt-BR","potentialAction":[{"@type":"ReadAction","target":["https:\/\/marcelolopes.jor.br\/site\/2026\/04\/27\/crianca-de-7-anos-e-vitima-de-estupro-de-vulneravel-na-vila-reis\/"]}]},{"@type":"ImageObject","inLanguage":"pt-BR","@id":"https:\/\/marcelolopes.jor.br\/site\/2026\/04\/27\/crianca-de-7-anos-e-vitima-de-estupro-de-vulneravel-na-vila-reis\/#primaryimage","url":"https:\/\/marcelolopes.jor.br\/site\/wp-content\/uploads\/2026\/04\/secretaria-11.jpg","contentUrl":"https:\/\/marcelolopes.jor.br\/site\/wp-content\/uploads\/2026\/04\/secretaria-11.jpg","width":800,"height":550,"caption":"Crian\u00e7a de 7 anos"},{"@type":"BreadcrumbList","@id":"https:\/\/marcelolopes.jor.br\/site\/2026\/04\/27\/crianca-de-7-anos-e-vitima-de-estupro-de-vulneravel-na-vila-reis\/#breadcrumb","itemListElement":[{"@type":"ListItem","position":1,"name":"Home","item":"https:\/\/marcelolopes.jor.br\/site\/"},{"@type":"ListItem","position":2,"name":"Crian\u00e7a de 7 anos \u00e9 v\u00edtima de estupro de vulner\u00e1vel, na Vila Reis"}]},{"@type":"WebSite","@id":"https:\/\/marcelolopes.jor.br\/site\/#website","url":"https:\/\/marcelolopes.jor.br\/site\/","name":"Marcelo Lopes","description":"Not\u00edcias de Cataguases e Regi\u00e3o","publisher":{"@id":"https:\/\/marcelolopes.jor.br\/site\/#organization"},"potentialAction":[{"@type":"SearchAction","target":{"@type":"EntryPoint","urlTemplate":"https:\/\/marcelolopes.jor.br\/site\/?s={search_term_string}"},"query-input":{"@type":"PropertyValueSpecification","valueRequired":true,"valueName":"search_term_string"}}],"inLanguage":"pt-BR"},{"@type":"Organization","@id":"https:\/\/marcelolopes.jor.br\/site\/#organization","name":"Site do Marcelo Lopes","url":"https:\/\/marcelolopes.jor.br\/site\/","logo":{"@type":"ImageObject","inLanguage":"pt-BR","@id":"https:\/\/marcelolopes.jor.br\/site\/#\/schema\/logo\/image\/","url":"https:\/\/marcelolopes.jor.br\/site\/wp-content\/uploads\/2024\/11\/logo-1.png","contentUrl":"https:\/\/marcelolopes.jor.br\/site\/wp-content\/uploads\/2024\/11\/logo-1.png","width":475,"height":80,"caption":"Site do Marcelo Lopes"},"image":{"@id":"https:\/\/marcelolopes.jor.br\/site\/#\/schema\/logo\/image\/"},"sameAs":["https:\/\/www.facebook.com\/sitedomarcelolopes","https:\/\/www.instagram.com\/sitedomarcelolopes\/","https:\/\/www.linkedin.com\/company\/site-do-marcelo-lopes\/","https:\/\/www.youtube.com\/user\/marcelolopes957"]},{"@type":"Person","@id":"https:\/\/marcelolopes.jor.br\/site\/#\/schema\/person\/3e7216a35c34d8fdf952b31da3d1f89f","name":"Marcelo Lopes","sameAs":["http:\/\/www.marcelolopes.jor.br"],"url":"https:\/\/marcelolopes.jor.br\/site\/author\/marcelo\/"}]}},"wps_subtitle":"A Pol\u00edcia Civil est\u00e1 investigando o caso.","_links":{"self":[{"href":"https:\/\/marcelolopes.jor.br\/site\/wp-json\/wp\/v2\/posts\/65492","targetHints":{"allow":["GET"]}}],"collection":[{"href":"https:\/\/marcelolopes.jor.br\/site\/wp-json\/wp\/v2\/posts"}],"about":[{"href":"https:\/\/marcelolopes.jor.br\/site\/wp-json\/wp\/v2\/types\/post"}],"author":[{"embeddable":true,"href":"https:\/\/marcelolopes.jor.br\/site\/wp-json\/wp\/v2\/users\/2"}],"replies":[{"embeddable":true,"href":"https:\/\/marcelolopes.jor.br\/site\/wp-json\/wp\/v2\/comments?post=65492"}],"version-history":[{"count":2,"href":"https:\/\/marcelolopes.jor.br\/site\/wp-json\/wp\/v2\/posts\/65492\/revisions"}],"predecessor-version":[{"id":65495,"href":"https:\/\/marcelolopes.jor.br\/site\/wp-json\/wp\/v2\/posts\/65492\/revisions\/65495"}],"wp:featuredmedia":[{"embeddable":true,"href":"https:\/\/marcelolopes.jor.br\/site\/wp-json\/wp\/v2\/media\/65493"}],"wp:attachment":[{"href":"https:\/\/marcelolopes.jor.br\/site\/wp-json\/wp\/v2\/media?parent=65492"}],"wp:term":[{"taxonomy":"category","embeddable":true,"href":"https:\/\/marcelolopes.jor.br\/site\/wp-json\/wp\/v2\/categories?post=65492"},{"taxonomy":"post_tag","embeddable":true,"href":"https:\/\/marcelolopes.jor.br\/site\/wp-json\/wp\/v2\/tags?post=65492"}],"curies":[{"name":"wp","href":"https:\/\/api.w.org\/{rel}","templated":true}]}}