{"id":65486,"date":"2026-04-27T12:00:50","date_gmt":"2026-04-27T15:00:50","guid":{"rendered":"https:\/\/marcelolopes.jor.br\/site\/?p=65486"},"modified":"2026-04-27T12:07:04","modified_gmt":"2026-04-27T15:07:04","slug":"prefeitura-suspende-temporariamente-parte-dos-servicos-on-line","status":"publish","type":"post","link":"https:\/\/marcelolopes.jor.br\/site\/2026\/04\/27\/prefeitura-suspende-temporariamente-parte-dos-servicos-on-line\/","title":{"rendered":"Prefeitura suspende temporariamente parte dos servi\u00e7os on-line"},"content":{"rendered":"<p>Desde \u00e0s 18h da \u00faltima sexta-feira, 24 de abril, at\u00e9 o pr\u00f3ximo dia 19 de maio, est\u00e3o suspensas, temporariamente, atividades internas e o atendimento ao p\u00fablico est\u00e1 restrito em alguns setores da administra\u00e7\u00e3o municipal. O motivo \u00e9 a migra\u00e7\u00e3o e implanta\u00e7\u00e3o de um novo sistema informatizado que vai modernizar e tornar mais eficiente os servi\u00e7os prestados pela Prefeitura de Cataguases. A medida tem respaldo no Decreto n\u00ba 6.250\/2026, publicado na edi\u00e7\u00e3o de domingo, 26 de abril de 2026, no jornal oficial do munic\u00edpio, &#8220;Cataguases&#8221;.<!--more--><\/p>\n<h4 class=\"p1\"><span class=\"s1\">\ud83d\udcf8\u00a0<span style=\"color: #008000;\">Siga o Site do Marcelo Lopes no<\/span>\u00a0<span style=\"color: #800000;\"><a style=\"color: #800000;\" href=\"https:\/\/www.facebook.com\/sitedomarcelolopes\/\"><strong>Facebook<\/strong><\/a><\/span>\u00a0<span style=\"color: #008000;\">e no<\/span>\u00a0<span style=\"color: #800000;\"><strong><a style=\"color: #800000;\" href=\"https:\/\/www.instagram.com\/sitedomarcelolopes\/\">Instagram<\/a><\/strong><\/span><\/span><\/h4>\n<h4 class=\"p1\">\ud83d\udcf1<span style=\"color: #008000;\">Participe do grupo de<\/span>\u00a0<span style=\"color: #800000;\"><a style=\"color: #800000;\" href=\"https:\/\/chat.whatsapp.com\/BibzcI1ibYSKytbdyzubLA\"><strong>WhatsApp<\/strong><\/a><\/span> <span style=\"color: #008000;\">do Site do Marcelo Lopes<\/span><\/h4>\n<p>De acordo com o decreto, a suspens\u00e3o atinge setores vinculados \u00e0s Secretarias Municipais de Fazenda e Administra\u00e7\u00e3o, como Contabilidade e Compras, al\u00e9m de \u00e1reas da Sa\u00fade e, tamb\u00e9m, a Sala do Empreendedor. Durante o per\u00edodo, o atendimento ao p\u00fablico ser\u00e1 restrito, sendo mantidos apenas servi\u00e7os considerados essenciais, como emiss\u00e3o de Certid\u00e3o Negativa de D\u00e9bitos (CND), emiss\u00e3o de ITBI consulta ao espelho de im\u00f3vel.<\/p>\n<h3>Servi\u00e7os temporariamente suspensos<\/h3>\n<p>Aqueles relacionados ao licenciamento de empresas, incluindo inscri\u00e7\u00e3o municipal; emiss\u00e3o de licen\u00e7a de funcionamento; emiss\u00e3o de licen\u00e7a de localiza\u00e7\u00e3o.<\/p>\n<p><strong>Aten\u00e7\u00e3o:<\/strong> servi\u00e7os que dependem apenas de consulta ao cadastro, como a viabilidade locacional, continuar\u00e3o funcionando normalmente.<\/p>\n<h3>Emiss\u00e3o de notas fiscais<\/h3>\n<p>A emiss\u00e3o de notas fiscais ocorrer\u00e1 normalmente at\u00e9 o dia 15 de maio. Ap\u00f3s essa data, o servi\u00e7o ser\u00e1 suspenso temporariamente, com retomada prevista para o dia 19 de maio.<\/p>\n<h3>Licita\u00e7\u00f5es e prazos administrativos<\/h3>\n<p>Os procedimentos licitat\u00f3rios j\u00e1 publicados n\u00e3o ser\u00e3o afetados e seguir\u00e3o seu andamento normal. J\u00e1 os prazos administrativos com vencimento durante o per\u00edodo de suspens\u00e3o ser\u00e3o automaticamente prorrogados para o primeiro dia \u00fatil ap\u00f3s o t\u00e9rmino da paralisa\u00e7\u00e3o.<\/p>\n<h3>Casos excepcionais<\/h3>\n<p>Situa\u00e7\u00f5es urgentes ou excepcionais poder\u00e3o ser analisadas pelos secret\u00e1rios municipais de Fazenda e Administra\u00e7\u00e3o, com o objetivo de assegurar a continuidade de servi\u00e7os essenciais.<\/p>\n<p>A Prefeitura orienta que contribuintes e usu\u00e1rios dos servi\u00e7os municipais se programem com anteced\u00eancia para evitar transtornos durante o per\u00edodo de transi\u00e7\u00e3o.<\/p>\n<p><strong>OUTRAS NOT\u00cdCIAS<\/strong><br \/>\n<a href=\"https:\/\/marcelolopes.jor.br\/site\/2026\/04\/24\/equipe-da-prefeitura-de-cataguases-atua-junto-a-populacao-de-rua\/\"><strong><span style=\"color: #800000;\">Equipe da Prefeitura de Cataguases atua junto \u00e0 popula\u00e7\u00e3o de rua<\/span><\/strong><\/a><\/p>\n<p><a href=\"https:\/\/marcelolopes.jor.br\/site\/2026\/03\/23\/prefeitura-de-cataguases-abre-consulta-publica-sobre-o-orcamento-2027\/\"><strong><span style=\"color: #800000;\">Prefeitura de Cataguases abre consulta p\u00fablica sobre o Or\u00e7amento 2027<\/span><\/strong><\/a><\/p>\n<p>Fonte: Jornal Cataguases | Foto: Arquivo<\/p>\n<div class=\"borxp69f762eeea079\" ><br><\/div><style type=\"text\/css\">\r\n@media screen and (min-width: 1201px) {\r\n.borxp69f762eeea079 {\r\ndisplay: block;\r\n}\r\n}\r\n@media screen and (min-width: 993px) and (max-width: 1200px) {\r\n.borxp69f762eeea079 {\r\ndisplay: block;\r\n}\r\n}\r\n@media screen and (min-width: 769px) and (max-width: 992px) {\r\n.borxp69f762eeea079 {\r\ndisplay: block;\r\n}\r\n}\r\n@media screen and (min-width: 768px) and (max-width: 768px) {\r\n.borxp69f762eeea079 {\r\ndisplay: block;\r\n}\r\n}\r\n@media screen and (max-width: 767px) {\r\n.borxp69f762eeea079 {\r\ndisplay: block;\r\n}\r\n}\r\n<\/style>\r\n<div class=\"yjriq69f762eef058b\" ><div id=\"div_destino\"><\/div>\r\n<script src=\"https:\/\/cdn.snsrsv.com\/sdk.js\"><\/script>\r\n<script >\r\n      new sdk(\"464030C30061EA8BE065000000000001\") \r\n          .appendTo(\"div_destino\")\r\n          .disableStyle(true) \r\n          .setCacheBusterMacro(\"%%CACHEBUSTER%%\")\r\n          .setSize(\"800\",\"214\")\r\n          .setClickMacro(\"%%CLICK_URL_ESC%%\") \r\n          .setReferrerUrlMacro(\"%%REFERRER_URL_ESC%%\") \r\n          .start(); \r\n<\/script><\/div><style type=\"text\/css\">\r\n@media screen and (min-width: 1201px) {\r\n.yjriq69f762eef058b {\r\ndisplay: block;\r\n}\r\n}\r\n@media screen and (min-width: 993px) and (max-width: 1200px) {\r\n.yjriq69f762eef058b {\r\ndisplay: block;\r\n}\r\n}\r\n@media screen and (min-width: 769px) and (max-width: 992px) {\r\n.yjriq69f762eef058b {\r\ndisplay: block;\r\n}\r\n}\r\n@media screen and (min-width: 768px) and (max-width: 768px) {\r\n.yjriq69f762eef058b {\r\ndisplay: block;\r\n}\r\n}\r\n@media screen and (max-width: 767px) {\r\n.yjriq69f762eef058b {\r\ndisplay: block;\r\n}\r\n}\r\n<\/style>\r\n","protected":false},"excerpt":{"rendered":"<p>Desde \u00e0s 18h da \u00faltima sexta-feira, 24 de abril, at\u00e9 o pr\u00f3ximo dia 19 de maio, est\u00e3o suspensas, temporariamente, atividades internas e o atendimento ao p\u00fablico est\u00e1 restrito em alguns setores da administra\u00e7\u00e3o municipal. O motivo \u00e9 a migra\u00e7\u00e3o e<\/p>\n<p class=\"link-more\"><a class=\"more-link\" href=\"https:\/\/marcelolopes.jor.br\/site\/2026\/04\/27\/prefeitura-suspende-temporariamente-parte-dos-servicos-on-line\/\">Leia mais <span class=\"screen-reader-text\">Prefeitura suspende temporariamente parte dos servi\u00e7os on-line<\/span><\/a><\/p>\n","protected":false},"author":2,"featured_media":65488,"comment_status":"open","ping_status":"closed","sticky":false,"template":"","format":"standard","meta":{"footnotes":""},"categories":[1],"tags":[],"class_list":["post-65486","post","type-post","status-publish","format-standard","has-post-thumbnail","hentry","category-noticias","thumb-below-title"],"yoast_head":"<!-- This site is optimized with the Yoast SEO plugin v27.4 - https:\/\/yoast.com\/product\/yoast-seo-wordpress\/ -->\n<title>Prefeitura suspende temporariamente parte dos servi\u00e7os on-line | Marcelo Lopes<\/title>\n<meta name=\"description\" content=\"Prefeitura suspende temporariamente parte dos servi\u00e7os on-line. Medida vai durar at\u00e9 19 de maio para atualiza\u00e7\u00e3o do sistema.\" \/>\n<meta name=\"robots\" content=\"index, follow, max-snippet:-1, max-image-preview:large, max-video-preview:-1\" \/>\n<link rel=\"canonical\" href=\"https:\/\/marcelolopes.jor.br\/site\/2026\/04\/27\/prefeitura-suspende-temporariamente-parte-dos-servicos-on-line\/\" \/>\n<meta property=\"og:locale\" content=\"pt_BR\" \/>\n<meta property=\"og:type\" content=\"article\" \/>\n<meta property=\"og:title\" content=\"Prefeitura suspende temporariamente parte dos servi\u00e7os on-line | Marcelo Lopes\" \/>\n<meta property=\"og:description\" content=\"Prefeitura suspende temporariamente parte dos servi\u00e7os on-line. Medida vai durar at\u00e9 19 de maio para atualiza\u00e7\u00e3o do sistema.\" \/>\n<meta property=\"og:url\" content=\"https:\/\/marcelolopes.jor.br\/site\/2026\/04\/27\/prefeitura-suspende-temporariamente-parte-dos-servicos-on-line\/\" \/>\n<meta property=\"og:site_name\" content=\"Marcelo Lopes\" \/>\n<meta property=\"article:publisher\" content=\"https:\/\/www.facebook.com\/sitedomarcelolopes\" \/>\n<meta property=\"article:published_time\" content=\"2026-04-27T15:00:50+00:00\" \/>\n<meta property=\"article:modified_time\" content=\"2026-04-27T15:07:04+00:00\" \/>\n<meta property=\"og:image\" content=\"https:\/\/marcelolopes.jor.br\/site\/wp-content\/uploads\/2026\/04\/Paco-Municipal-2.jpg\" \/>\n\t<meta property=\"og:image:width\" content=\"800\" \/>\n\t<meta property=\"og:image:height\" content=\"600\" \/>\n\t<meta property=\"og:image:type\" content=\"image\/jpeg\" \/>\n<meta name=\"author\" content=\"Marcelo Lopes\" \/>\n<meta name=\"twitter:card\" content=\"summary_large_image\" \/>\n<meta name=\"twitter:label1\" content=\"Escrito por\" \/>\n\t<meta name=\"twitter:data1\" content=\"Marcelo Lopes\" \/>\n\t<meta name=\"twitter:label2\" content=\"Est. tempo de leitura\" \/>\n\t<meta name=\"twitter:data2\" content=\"2 minutos\" \/>\n<script type=\"application\/ld+json\" class=\"yoast-schema-graph\">{\"@context\":\"https:\\\/\\\/schema.org\",\"@graph\":[{\"@type\":\"NewsArticle\",\"@id\":\"https:\\\/\\\/marcelolopes.jor.br\\\/site\\\/2026\\\/04\\\/27\\\/prefeitura-suspende-temporariamente-parte-dos-servicos-on-line\\\/#article\",\"isPartOf\":{\"@id\":\"https:\\\/\\\/marcelolopes.jor.br\\\/site\\\/2026\\\/04\\\/27\\\/prefeitura-suspende-temporariamente-parte-dos-servicos-on-line\\\/\"},\"author\":{\"name\":\"Marcelo Lopes\",\"@id\":\"https:\\\/\\\/marcelolopes.jor.br\\\/site\\\/#\\\/schema\\\/person\\\/3e7216a35c34d8fdf952b31da3d1f89f\"},\"headline\":\"Prefeitura suspende temporariamente parte dos servi\u00e7os on-line\",\"datePublished\":\"2026-04-27T15:00:50+00:00\",\"dateModified\":\"2026-04-27T15:07:04+00:00\",\"mainEntityOfPage\":{\"@id\":\"https:\\\/\\\/marcelolopes.jor.br\\\/site\\\/2026\\\/04\\\/27\\\/prefeitura-suspende-temporariamente-parte-dos-servicos-on-line\\\/\"},\"wordCount\":416,\"commentCount\":0,\"publisher\":{\"@id\":\"https:\\\/\\\/marcelolopes.jor.br\\\/site\\\/#organization\"},\"image\":{\"@id\":\"https:\\\/\\\/marcelolopes.jor.br\\\/site\\\/2026\\\/04\\\/27\\\/prefeitura-suspende-temporariamente-parte-dos-servicos-on-line\\\/#primaryimage\"},\"thumbnailUrl\":\"https:\\\/\\\/marcelolopes.jor.br\\\/site\\\/wp-content\\\/uploads\\\/2026\\\/04\\\/Paco-Municipal-2.jpg\",\"articleSection\":[\"Not\u00edcias\"],\"inLanguage\":\"pt-BR\",\"potentialAction\":[{\"@type\":\"CommentAction\",\"name\":\"Comment\",\"target\":[\"https:\\\/\\\/marcelolopes.jor.br\\\/site\\\/2026\\\/04\\\/27\\\/prefeitura-suspende-temporariamente-parte-dos-servicos-on-line\\\/#respond\"]}]},{\"@type\":\"WebPage\",\"@id\":\"https:\\\/\\\/marcelolopes.jor.br\\\/site\\\/2026\\\/04\\\/27\\\/prefeitura-suspende-temporariamente-parte-dos-servicos-on-line\\\/\",\"url\":\"https:\\\/\\\/marcelolopes.jor.br\\\/site\\\/2026\\\/04\\\/27\\\/prefeitura-suspende-temporariamente-parte-dos-servicos-on-line\\\/\",\"name\":\"Prefeitura suspende temporariamente parte dos servi\u00e7os on-line | Marcelo Lopes\",\"isPartOf\":{\"@id\":\"https:\\\/\\\/marcelolopes.jor.br\\\/site\\\/#website\"},\"primaryImageOfPage\":{\"@id\":\"https:\\\/\\\/marcelolopes.jor.br\\\/site\\\/2026\\\/04\\\/27\\\/prefeitura-suspende-temporariamente-parte-dos-servicos-on-line\\\/#primaryimage\"},\"image\":{\"@id\":\"https:\\\/\\\/marcelolopes.jor.br\\\/site\\\/2026\\\/04\\\/27\\\/prefeitura-suspende-temporariamente-parte-dos-servicos-on-line\\\/#primaryimage\"},\"thumbnailUrl\":\"https:\\\/\\\/marcelolopes.jor.br\\\/site\\\/wp-content\\\/uploads\\\/2026\\\/04\\\/Paco-Municipal-2.jpg\",\"datePublished\":\"2026-04-27T15:00:50+00:00\",\"dateModified\":\"2026-04-27T15:07:04+00:00\",\"description\":\"Prefeitura suspende temporariamente parte dos servi\u00e7os on-line. Medida vai durar at\u00e9 19 de maio para atualiza\u00e7\u00e3o do sistema.\",\"breadcrumb\":{\"@id\":\"https:\\\/\\\/marcelolopes.jor.br\\\/site\\\/2026\\\/04\\\/27\\\/prefeitura-suspende-temporariamente-parte-dos-servicos-on-line\\\/#breadcrumb\"},\"inLanguage\":\"pt-BR\",\"potentialAction\":[{\"@type\":\"ReadAction\",\"target\":[\"https:\\\/\\\/marcelolopes.jor.br\\\/site\\\/2026\\\/04\\\/27\\\/prefeitura-suspende-temporariamente-parte-dos-servicos-on-line\\\/\"]}]},{\"@type\":\"ImageObject\",\"inLanguage\":\"pt-BR\",\"@id\":\"https:\\\/\\\/marcelolopes.jor.br\\\/site\\\/2026\\\/04\\\/27\\\/prefeitura-suspende-temporariamente-parte-dos-servicos-on-line\\\/#primaryimage\",\"url\":\"https:\\\/\\\/marcelolopes.jor.br\\\/site\\\/wp-content\\\/uploads\\\/2026\\\/04\\\/Paco-Municipal-2.jpg\",\"contentUrl\":\"https:\\\/\\\/marcelolopes.jor.br\\\/site\\\/wp-content\\\/uploads\\\/2026\\\/04\\\/Paco-Municipal-2.jpg\",\"width\":800,\"height\":600,\"caption\":\"Prefeitura suspende temporariamente parte\"},{\"@type\":\"BreadcrumbList\",\"@id\":\"https:\\\/\\\/marcelolopes.jor.br\\\/site\\\/2026\\\/04\\\/27\\\/prefeitura-suspende-temporariamente-parte-dos-servicos-on-line\\\/#breadcrumb\",\"itemListElement\":[{\"@type\":\"ListItem\",\"position\":1,\"name\":\"Home\",\"item\":\"https:\\\/\\\/marcelolopes.jor.br\\\/site\\\/\"},{\"@type\":\"ListItem\",\"position\":2,\"name\":\"Prefeitura suspende temporariamente parte dos servi\u00e7os on-line\"}]},{\"@type\":\"WebSite\",\"@id\":\"https:\\\/\\\/marcelolopes.jor.br\\\/site\\\/#website\",\"url\":\"https:\\\/\\\/marcelolopes.jor.br\\\/site\\\/\",\"name\":\"Marcelo Lopes\",\"description\":\"Not\u00edcias de Cataguases e Regi\u00e3o\",\"publisher\":{\"@id\":\"https:\\\/\\\/marcelolopes.jor.br\\\/site\\\/#organization\"},\"potentialAction\":[{\"@type\":\"SearchAction\",\"target\":{\"@type\":\"EntryPoint\",\"urlTemplate\":\"https:\\\/\\\/marcelolopes.jor.br\\\/site\\\/?s={search_term_string}\"},\"query-input\":{\"@type\":\"PropertyValueSpecification\",\"valueRequired\":true,\"valueName\":\"search_term_string\"}}],\"inLanguage\":\"pt-BR\"},{\"@type\":\"Organization\",\"@id\":\"https:\\\/\\\/marcelolopes.jor.br\\\/site\\\/#organization\",\"name\":\"Site do Marcelo Lopes\",\"url\":\"https:\\\/\\\/marcelolopes.jor.br\\\/site\\\/\",\"logo\":{\"@type\":\"ImageObject\",\"inLanguage\":\"pt-BR\",\"@id\":\"https:\\\/\\\/marcelolopes.jor.br\\\/site\\\/#\\\/schema\\\/logo\\\/image\\\/\",\"url\":\"https:\\\/\\\/marcelolopes.jor.br\\\/site\\\/wp-content\\\/uploads\\\/2024\\\/11\\\/logo-1.png\",\"contentUrl\":\"https:\\\/\\\/marcelolopes.jor.br\\\/site\\\/wp-content\\\/uploads\\\/2024\\\/11\\\/logo-1.png\",\"width\":475,\"height\":80,\"caption\":\"Site do Marcelo Lopes\"},\"image\":{\"@id\":\"https:\\\/\\\/marcelolopes.jor.br\\\/site\\\/#\\\/schema\\\/logo\\\/image\\\/\"},\"sameAs\":[\"https:\\\/\\\/www.facebook.com\\\/sitedomarcelolopes\",\"https:\\\/\\\/www.instagram.com\\\/sitedomarcelolopes\\\/\",\"https:\\\/\\\/www.linkedin.com\\\/company\\\/site-do-marcelo-lopes\\\/\",\"https:\\\/\\\/www.youtube.com\\\/user\\\/marcelolopes957\"]},{\"@type\":\"Person\",\"@id\":\"https:\\\/\\\/marcelolopes.jor.br\\\/site\\\/#\\\/schema\\\/person\\\/3e7216a35c34d8fdf952b31da3d1f89f\",\"name\":\"Marcelo Lopes\",\"sameAs\":[\"http:\\\/\\\/www.marcelolopes.jor.br\"],\"url\":\"https:\\\/\\\/marcelolopes.jor.br\\\/site\\\/author\\\/marcelo\\\/\"}]}<\/script>\n<!-- \/ Yoast SEO plugin. -->","yoast_head_json":{"title":"Prefeitura suspende temporariamente parte dos servi\u00e7os on-line | Marcelo Lopes","description":"Prefeitura suspende temporariamente parte dos servi\u00e7os on-line. Medida vai durar at\u00e9 19 de maio para atualiza\u00e7\u00e3o do sistema.","robots":{"index":"index","follow":"follow","max-snippet":"max-snippet:-1","max-image-preview":"max-image-preview:large","max-video-preview":"max-video-preview:-1"},"canonical":"https:\/\/marcelolopes.jor.br\/site\/2026\/04\/27\/prefeitura-suspende-temporariamente-parte-dos-servicos-on-line\/","og_locale":"pt_BR","og_type":"article","og_title":"Prefeitura suspende temporariamente parte dos servi\u00e7os on-line | Marcelo Lopes","og_description":"Prefeitura suspende temporariamente parte dos servi\u00e7os on-line. Medida vai durar at\u00e9 19 de maio para atualiza\u00e7\u00e3o do sistema.","og_url":"https:\/\/marcelolopes.jor.br\/site\/2026\/04\/27\/prefeitura-suspende-temporariamente-parte-dos-servicos-on-line\/","og_site_name":"Marcelo Lopes","article_publisher":"https:\/\/www.facebook.com\/sitedomarcelolopes","article_published_time":"2026-04-27T15:00:50+00:00","article_modified_time":"2026-04-27T15:07:04+00:00","og_image":[{"width":800,"height":600,"url":"https:\/\/marcelolopes.jor.br\/site\/wp-content\/uploads\/2026\/04\/Paco-Municipal-2.jpg","type":"image\/jpeg"}],"author":"Marcelo Lopes","twitter_card":"summary_large_image","twitter_misc":{"Escrito por":"Marcelo Lopes","Est. tempo de leitura":"2 minutos"},"schema":{"@context":"https:\/\/schema.org","@graph":[{"@type":"NewsArticle","@id":"https:\/\/marcelolopes.jor.br\/site\/2026\/04\/27\/prefeitura-suspende-temporariamente-parte-dos-servicos-on-line\/#article","isPartOf":{"@id":"https:\/\/marcelolopes.jor.br\/site\/2026\/04\/27\/prefeitura-suspende-temporariamente-parte-dos-servicos-on-line\/"},"author":{"name":"Marcelo Lopes","@id":"https:\/\/marcelolopes.jor.br\/site\/#\/schema\/person\/3e7216a35c34d8fdf952b31da3d1f89f"},"headline":"Prefeitura suspende temporariamente parte dos servi\u00e7os on-line","datePublished":"2026-04-27T15:00:50+00:00","dateModified":"2026-04-27T15:07:04+00:00","mainEntityOfPage":{"@id":"https:\/\/marcelolopes.jor.br\/site\/2026\/04\/27\/prefeitura-suspende-temporariamente-parte-dos-servicos-on-line\/"},"wordCount":416,"commentCount":0,"publisher":{"@id":"https:\/\/marcelolopes.jor.br\/site\/#organization"},"image":{"@id":"https:\/\/marcelolopes.jor.br\/site\/2026\/04\/27\/prefeitura-suspende-temporariamente-parte-dos-servicos-on-line\/#primaryimage"},"thumbnailUrl":"https:\/\/marcelolopes.jor.br\/site\/wp-content\/uploads\/2026\/04\/Paco-Municipal-2.jpg","articleSection":["Not\u00edcias"],"inLanguage":"pt-BR","potentialAction":[{"@type":"CommentAction","name":"Comment","target":["https:\/\/marcelolopes.jor.br\/site\/2026\/04\/27\/prefeitura-suspende-temporariamente-parte-dos-servicos-on-line\/#respond"]}]},{"@type":"WebPage","@id":"https:\/\/marcelolopes.jor.br\/site\/2026\/04\/27\/prefeitura-suspende-temporariamente-parte-dos-servicos-on-line\/","url":"https:\/\/marcelolopes.jor.br\/site\/2026\/04\/27\/prefeitura-suspende-temporariamente-parte-dos-servicos-on-line\/","name":"Prefeitura suspende temporariamente parte dos servi\u00e7os on-line | Marcelo Lopes","isPartOf":{"@id":"https:\/\/marcelolopes.jor.br\/site\/#website"},"primaryImageOfPage":{"@id":"https:\/\/marcelolopes.jor.br\/site\/2026\/04\/27\/prefeitura-suspende-temporariamente-parte-dos-servicos-on-line\/#primaryimage"},"image":{"@id":"https:\/\/marcelolopes.jor.br\/site\/2026\/04\/27\/prefeitura-suspende-temporariamente-parte-dos-servicos-on-line\/#primaryimage"},"thumbnailUrl":"https:\/\/marcelolopes.jor.br\/site\/wp-content\/uploads\/2026\/04\/Paco-Municipal-2.jpg","datePublished":"2026-04-27T15:00:50+00:00","dateModified":"2026-04-27T15:07:04+00:00","description":"Prefeitura suspende temporariamente parte dos servi\u00e7os on-line. Medida vai durar at\u00e9 19 de maio para atualiza\u00e7\u00e3o do sistema.","breadcrumb":{"@id":"https:\/\/marcelolopes.jor.br\/site\/2026\/04\/27\/prefeitura-suspende-temporariamente-parte-dos-servicos-on-line\/#breadcrumb"},"inLanguage":"pt-BR","potentialAction":[{"@type":"ReadAction","target":["https:\/\/marcelolopes.jor.br\/site\/2026\/04\/27\/prefeitura-suspende-temporariamente-parte-dos-servicos-on-line\/"]}]},{"@type":"ImageObject","inLanguage":"pt-BR","@id":"https:\/\/marcelolopes.jor.br\/site\/2026\/04\/27\/prefeitura-suspende-temporariamente-parte-dos-servicos-on-line\/#primaryimage","url":"https:\/\/marcelolopes.jor.br\/site\/wp-content\/uploads\/2026\/04\/Paco-Municipal-2.jpg","contentUrl":"https:\/\/marcelolopes.jor.br\/site\/wp-content\/uploads\/2026\/04\/Paco-Municipal-2.jpg","width":800,"height":600,"caption":"Prefeitura suspende temporariamente parte"},{"@type":"BreadcrumbList","@id":"https:\/\/marcelolopes.jor.br\/site\/2026\/04\/27\/prefeitura-suspende-temporariamente-parte-dos-servicos-on-line\/#breadcrumb","itemListElement":[{"@type":"ListItem","position":1,"name":"Home","item":"https:\/\/marcelolopes.jor.br\/site\/"},{"@type":"ListItem","position":2,"name":"Prefeitura suspende temporariamente parte dos servi\u00e7os on-line"}]},{"@type":"WebSite","@id":"https:\/\/marcelolopes.jor.br\/site\/#website","url":"https:\/\/marcelolopes.jor.br\/site\/","name":"Marcelo Lopes","description":"Not\u00edcias de Cataguases e Regi\u00e3o","publisher":{"@id":"https:\/\/marcelolopes.jor.br\/site\/#organization"},"potentialAction":[{"@type":"SearchAction","target":{"@type":"EntryPoint","urlTemplate":"https:\/\/marcelolopes.jor.br\/site\/?s={search_term_string}"},"query-input":{"@type":"PropertyValueSpecification","valueRequired":true,"valueName":"search_term_string"}}],"inLanguage":"pt-BR"},{"@type":"Organization","@id":"https:\/\/marcelolopes.jor.br\/site\/#organization","name":"Site do Marcelo Lopes","url":"https:\/\/marcelolopes.jor.br\/site\/","logo":{"@type":"ImageObject","inLanguage":"pt-BR","@id":"https:\/\/marcelolopes.jor.br\/site\/#\/schema\/logo\/image\/","url":"https:\/\/marcelolopes.jor.br\/site\/wp-content\/uploads\/2024\/11\/logo-1.png","contentUrl":"https:\/\/marcelolopes.jor.br\/site\/wp-content\/uploads\/2024\/11\/logo-1.png","width":475,"height":80,"caption":"Site do Marcelo Lopes"},"image":{"@id":"https:\/\/marcelolopes.jor.br\/site\/#\/schema\/logo\/image\/"},"sameAs":["https:\/\/www.facebook.com\/sitedomarcelolopes","https:\/\/www.instagram.com\/sitedomarcelolopes\/","https:\/\/www.linkedin.com\/company\/site-do-marcelo-lopes\/","https:\/\/www.youtube.com\/user\/marcelolopes957"]},{"@type":"Person","@id":"https:\/\/marcelolopes.jor.br\/site\/#\/schema\/person\/3e7216a35c34d8fdf952b31da3d1f89f","name":"Marcelo Lopes","sameAs":["http:\/\/www.marcelolopes.jor.br"],"url":"https:\/\/marcelolopes.jor.br\/site\/author\/marcelo\/"}]}},"wps_subtitle":"Medida vai durar at\u00e9 19 de maio para atualiza\u00e7\u00e3o do sistema.","_links":{"self":[{"href":"https:\/\/marcelolopes.jor.br\/site\/wp-json\/wp\/v2\/posts\/65486","targetHints":{"allow":["GET"]}}],"collection":[{"href":"https:\/\/marcelolopes.jor.br\/site\/wp-json\/wp\/v2\/posts"}],"about":[{"href":"https:\/\/marcelolopes.jor.br\/site\/wp-json\/wp\/v2\/types\/post"}],"author":[{"embeddable":true,"href":"https:\/\/marcelolopes.jor.br\/site\/wp-json\/wp\/v2\/users\/2"}],"replies":[{"embeddable":true,"href":"https:\/\/marcelolopes.jor.br\/site\/wp-json\/wp\/v2\/comments?post=65486"}],"version-history":[{"count":3,"href":"https:\/\/marcelolopes.jor.br\/site\/wp-json\/wp\/v2\/posts\/65486\/revisions"}],"predecessor-version":[{"id":65491,"href":"https:\/\/marcelolopes.jor.br\/site\/wp-json\/wp\/v2\/posts\/65486\/revisions\/65491"}],"wp:featuredmedia":[{"embeddable":true,"href":"https:\/\/marcelolopes.jor.br\/site\/wp-json\/wp\/v2\/media\/65488"}],"wp:attachment":[{"href":"https:\/\/marcelolopes.jor.br\/site\/wp-json\/wp\/v2\/media?parent=65486"}],"wp:term":[{"taxonomy":"category","embeddable":true,"href":"https:\/\/marcelolopes.jor.br\/site\/wp-json\/wp\/v2\/categories?post=65486"},{"taxonomy":"post_tag","embeddable":true,"href":"https:\/\/marcelolopes.jor.br\/site\/wp-json\/wp\/v2\/tags?post=65486"}],"curies":[{"name":"wp","href":"https:\/\/api.w.org\/{rel}","templated":true}]}}