{"id":65477,"date":"2026-04-26T19:00:11","date_gmt":"2026-04-26T22:00:11","guid":{"rendered":"https:\/\/marcelolopes.jor.br\/site\/?p=65477"},"modified":"2026-04-26T15:59:04","modified_gmt":"2026-04-26T18:59:04","slug":"bandeira-amarela-em-maio-vai-deixar-a-conta-de-luz-mais-cara","status":"publish","type":"post","link":"https:\/\/marcelolopes.jor.br\/site\/2026\/04\/26\/bandeira-amarela-em-maio-vai-deixar-a-conta-de-luz-mais-cara\/","title":{"rendered":"Bandeira amarela em maio vai deixar a conta de luz mais cara"},"content":{"rendered":"<p>A Ag\u00eancia Nacional de Energia El\u00e9trica (Aneel) anunciou no \u00faltimo dia 24 de abril, que a bandeira tarif\u00e1ria em maio ser\u00e1 amarela, com um acr\u00e9scimo nas contas de luz para todos os consumidores conectados ao Sistema Interligado Nacional (SIN).<!--more--><\/p>\n<h4 class=\"p1\"><span class=\"s1\">\ud83d\udcf8\u00a0<span style=\"color: #008000;\">Siga o Site do Marcelo Lopes no<\/span>\u00a0<span style=\"color: #800000;\"><a style=\"color: #800000;\" href=\"https:\/\/www.facebook.com\/sitedomarcelolopes\/\"><strong>Facebook<\/strong><\/a><\/span>\u00a0<span style=\"color: #008000;\">e no<\/span>\u00a0<span style=\"color: #800000;\"><strong><a style=\"color: #800000;\" href=\"https:\/\/www.instagram.com\/sitedomarcelolopes\/\">Instagram<\/a><\/strong><\/span><\/span><\/h4>\n<h4 class=\"p1\">\ud83d\udcf1<span style=\"color: #008000;\">Participe do grupo de<\/span>\u00a0<span style=\"color: #800000;\"><a style=\"color: #800000;\" href=\"https:\/\/chat.whatsapp.com\/BibzcI1ibYSKytbdyzubLA\"><strong>WhatsApp<\/strong><\/a><\/span> <span style=\"color: #008000;\">do Site do Marcelo Lopes<\/span><\/h4>\n<p>Segundo a Aneel, a decis\u00e3o foi tomada devido \u00e0 redu\u00e7\u00e3o de chuvas na transi\u00e7\u00e3o do per\u00edodo chuvoso para o seco, o que leva a uma gera\u00e7\u00e3o hidrel\u00e9trica menor e ao acionamento de usinas termel\u00e9tricas, com custo mais elevado.<\/p>\n<p><em>&#8220;Em consequ\u00eancia, os consumidores de energia el\u00e9trica ter\u00e3o custo adicional de R$ 1,885 a cada 100 kWh consumidos&#8221;<\/em>, explicou a ag\u00eancia reguladora.<\/p>\n<p>A conta de luz est\u00e1 com bandeira verde, sem acr\u00e9scimo, desde janeiro, definida devido \u00e0s condi\u00e7\u00f5es favor\u00e1veis de gera\u00e7\u00e3o de energia, com os reservat\u00f3rios das usinas hidrel\u00e9tricas em n\u00edveis satisfat\u00f3rios.<\/p>\n<p>Criado em 2015 pela Aneel, o sistema de bandeiras tarif\u00e1rias reflete os custos vari\u00e1veis da gera\u00e7\u00e3o de energia el\u00e9trica.<\/p>\n<p>A cada m\u00eas, as condi\u00e7\u00f5es de opera\u00e7\u00e3o do sistema de gera\u00e7\u00e3o de energia el\u00e9trica s\u00e3o reavaliadas pelo Operador Nacional do Sistema El\u00e9trico (ONS), que define a melhor estrat\u00e9gia de gera\u00e7\u00e3o de energia para atendimento da demanda e tra\u00e7a uma previs\u00e3o de custos a serem cobertos pelas bandeiras.<\/p>\n<p><strong>OUTRAS NOT\u00cdCIAS<\/strong><br \/>\n<a href=\"https:\/\/marcelolopes.jor.br\/site\/2026\/02\/01\/aneel-anuncia-bandeira-tarifaria-verde-em-fevereiro\/\"><strong><span style=\"color: #800000;\">ANEEL anuncia bandeira tarif\u00e1ria verde em fevereiro<\/span><\/strong><\/a><\/p>\n<p><a href=\"https:\/\/marcelolopes.jor.br\/site\/2025\/01\/06\/janeiro-tem-desconto-na-conta-de-luz-e-bandeira-tarifaria-verde\/\"><strong><span style=\"color: #800000;\">Janeiro tem desconto na conta de luz e bandeira tarif\u00e1ria verde<\/span><\/strong><\/a><\/p>\n<p>Fonte: Ag\u00eancia Brasil | Foto: Pexels<\/p>\n<div class=\"byikm69f762edb7854\" ><br><\/div><style type=\"text\/css\">\r\n@media screen and (min-width: 1201px) {\r\n.byikm69f762edb7854 {\r\ndisplay: block;\r\n}\r\n}\r\n@media screen and (min-width: 993px) and (max-width: 1200px) {\r\n.byikm69f762edb7854 {\r\ndisplay: block;\r\n}\r\n}\r\n@media screen and (min-width: 769px) and (max-width: 992px) {\r\n.byikm69f762edb7854 {\r\ndisplay: block;\r\n}\r\n}\r\n@media screen and (min-width: 768px) and (max-width: 768px) {\r\n.byikm69f762edb7854 {\r\ndisplay: block;\r\n}\r\n}\r\n@media screen and (max-width: 767px) {\r\n.byikm69f762edb7854 {\r\ndisplay: block;\r\n}\r\n}\r\n<\/style>\r\n<div class=\"ynhvi69f762edbd5c6\" ><div id=\"div_destino\"><\/div>\r\n<script src=\"https:\/\/cdn.snsrsv.com\/sdk.js\"><\/script>\r\n<script >\r\n      new sdk(\"464030C30061EA8BE065000000000001\") \r\n          .appendTo(\"div_destino\")\r\n          .disableStyle(true) \r\n          .setCacheBusterMacro(\"%%CACHEBUSTER%%\")\r\n          .setSize(\"800\",\"214\")\r\n          .setClickMacro(\"%%CLICK_URL_ESC%%\") \r\n          .setReferrerUrlMacro(\"%%REFERRER_URL_ESC%%\") \r\n          .start(); \r\n<\/script><\/div><style type=\"text\/css\">\r\n@media screen and (min-width: 1201px) {\r\n.ynhvi69f762edbd5c6 {\r\ndisplay: block;\r\n}\r\n}\r\n@media screen and (min-width: 993px) and (max-width: 1200px) {\r\n.ynhvi69f762edbd5c6 {\r\ndisplay: block;\r\n}\r\n}\r\n@media screen and (min-width: 769px) and (max-width: 992px) {\r\n.ynhvi69f762edbd5c6 {\r\ndisplay: block;\r\n}\r\n}\r\n@media screen and (min-width: 768px) and (max-width: 768px) {\r\n.ynhvi69f762edbd5c6 {\r\ndisplay: block;\r\n}\r\n}\r\n@media screen and (max-width: 767px) {\r\n.ynhvi69f762edbd5c6 {\r\ndisplay: block;\r\n}\r\n}\r\n<\/style>\r\n","protected":false},"excerpt":{"rendered":"<p>A Ag\u00eancia Nacional de Energia El\u00e9trica (Aneel) anunciou no \u00faltimo dia 24 de abril, que a bandeira tarif\u00e1ria em maio ser\u00e1 amarela, com um acr\u00e9scimo nas contas de luz para todos os consumidores conectados ao Sistema Interligado Nacional (SIN).<\/p>\n","protected":false},"author":2,"featured_media":65479,"comment_status":"open","ping_status":"closed","sticky":false,"template":"","format":"standard","meta":{"footnotes":""},"categories":[1],"tags":[],"class_list":["post-65477","post","type-post","status-publish","format-standard","has-post-thumbnail","hentry","category-noticias","thumb-below-title"],"yoast_head":"<!-- This site is optimized with the Yoast SEO plugin v27.4 - https:\/\/yoast.com\/product\/yoast-seo-wordpress\/ -->\n<title>Bandeira amarela em maio vai deixar a conta de luz mais cara | Marcelo Lopes<\/title>\n<meta name=\"description\" content=\"Bandeira amarela em maio vai deixar a conta de luz mais cara. Segundo a Aneel, a decis\u00e3o foi tomada devido \u00e0 redu\u00e7\u00e3o de chuvas.\" \/>\n<meta name=\"robots\" content=\"index, follow, max-snippet:-1, max-image-preview:large, max-video-preview:-1\" \/>\n<link rel=\"canonical\" href=\"https:\/\/marcelolopes.jor.br\/site\/2026\/04\/26\/bandeira-amarela-em-maio-vai-deixar-a-conta-de-luz-mais-cara\/\" \/>\n<meta property=\"og:locale\" content=\"pt_BR\" \/>\n<meta property=\"og:type\" content=\"article\" \/>\n<meta property=\"og:title\" content=\"Bandeira amarela em maio vai deixar a conta de luz mais cara | Marcelo Lopes\" \/>\n<meta property=\"og:description\" content=\"Bandeira amarela em maio vai deixar a conta de luz mais cara. Segundo a Aneel, a decis\u00e3o foi tomada devido \u00e0 redu\u00e7\u00e3o de chuvas.\" \/>\n<meta property=\"og:url\" content=\"https:\/\/marcelolopes.jor.br\/site\/2026\/04\/26\/bandeira-amarela-em-maio-vai-deixar-a-conta-de-luz-mais-cara\/\" \/>\n<meta property=\"og:site_name\" content=\"Marcelo Lopes\" \/>\n<meta property=\"article:publisher\" content=\"https:\/\/www.facebook.com\/sitedomarcelolopes\" \/>\n<meta property=\"article:published_time\" content=\"2026-04-26T22:00:11+00:00\" \/>\n<meta property=\"og:image\" content=\"https:\/\/marcelolopes.jor.br\/site\/wp-content\/uploads\/2026\/04\/secretaria-10.jpg\" \/>\n\t<meta property=\"og:image:width\" content=\"800\" \/>\n\t<meta property=\"og:image:height\" content=\"550\" \/>\n\t<meta property=\"og:image:type\" content=\"image\/jpeg\" \/>\n<meta name=\"author\" content=\"Marcelo Lopes\" \/>\n<meta name=\"twitter:card\" content=\"summary_large_image\" \/>\n<meta name=\"twitter:label1\" content=\"Escrito por\" \/>\n\t<meta name=\"twitter:data1\" content=\"Marcelo Lopes\" \/>\n\t<meta name=\"twitter:label2\" content=\"Est. tempo de leitura\" \/>\n\t<meta name=\"twitter:data2\" content=\"1 minuto\" \/>\n<script type=\"application\/ld+json\" class=\"yoast-schema-graph\">{\"@context\":\"https:\\\/\\\/schema.org\",\"@graph\":[{\"@type\":\"NewsArticle\",\"@id\":\"https:\\\/\\\/marcelolopes.jor.br\\\/site\\\/2026\\\/04\\\/26\\\/bandeira-amarela-em-maio-vai-deixar-a-conta-de-luz-mais-cara\\\/#article\",\"isPartOf\":{\"@id\":\"https:\\\/\\\/marcelolopes.jor.br\\\/site\\\/2026\\\/04\\\/26\\\/bandeira-amarela-em-maio-vai-deixar-a-conta-de-luz-mais-cara\\\/\"},\"author\":{\"name\":\"Marcelo Lopes\",\"@id\":\"https:\\\/\\\/marcelolopes.jor.br\\\/site\\\/#\\\/schema\\\/person\\\/3e7216a35c34d8fdf952b31da3d1f89f\"},\"headline\":\"Bandeira amarela em maio vai deixar a conta de luz mais cara\",\"datePublished\":\"2026-04-26T22:00:11+00:00\",\"mainEntityOfPage\":{\"@id\":\"https:\\\/\\\/marcelolopes.jor.br\\\/site\\\/2026\\\/04\\\/26\\\/bandeira-amarela-em-maio-vai-deixar-a-conta-de-luz-mais-cara\\\/\"},\"wordCount\":290,\"commentCount\":0,\"publisher\":{\"@id\":\"https:\\\/\\\/marcelolopes.jor.br\\\/site\\\/#organization\"},\"image\":{\"@id\":\"https:\\\/\\\/marcelolopes.jor.br\\\/site\\\/2026\\\/04\\\/26\\\/bandeira-amarela-em-maio-vai-deixar-a-conta-de-luz-mais-cara\\\/#primaryimage\"},\"thumbnailUrl\":\"https:\\\/\\\/marcelolopes.jor.br\\\/site\\\/wp-content\\\/uploads\\\/2026\\\/04\\\/secretaria-10.jpg\",\"articleSection\":[\"Not\u00edcias\"],\"inLanguage\":\"pt-BR\",\"potentialAction\":[{\"@type\":\"CommentAction\",\"name\":\"Comment\",\"target\":[\"https:\\\/\\\/marcelolopes.jor.br\\\/site\\\/2026\\\/04\\\/26\\\/bandeira-amarela-em-maio-vai-deixar-a-conta-de-luz-mais-cara\\\/#respond\"]}]},{\"@type\":\"WebPage\",\"@id\":\"https:\\\/\\\/marcelolopes.jor.br\\\/site\\\/2026\\\/04\\\/26\\\/bandeira-amarela-em-maio-vai-deixar-a-conta-de-luz-mais-cara\\\/\",\"url\":\"https:\\\/\\\/marcelolopes.jor.br\\\/site\\\/2026\\\/04\\\/26\\\/bandeira-amarela-em-maio-vai-deixar-a-conta-de-luz-mais-cara\\\/\",\"name\":\"Bandeira amarela em maio vai deixar a conta de luz mais cara | Marcelo Lopes\",\"isPartOf\":{\"@id\":\"https:\\\/\\\/marcelolopes.jor.br\\\/site\\\/#website\"},\"primaryImageOfPage\":{\"@id\":\"https:\\\/\\\/marcelolopes.jor.br\\\/site\\\/2026\\\/04\\\/26\\\/bandeira-amarela-em-maio-vai-deixar-a-conta-de-luz-mais-cara\\\/#primaryimage\"},\"image\":{\"@id\":\"https:\\\/\\\/marcelolopes.jor.br\\\/site\\\/2026\\\/04\\\/26\\\/bandeira-amarela-em-maio-vai-deixar-a-conta-de-luz-mais-cara\\\/#primaryimage\"},\"thumbnailUrl\":\"https:\\\/\\\/marcelolopes.jor.br\\\/site\\\/wp-content\\\/uploads\\\/2026\\\/04\\\/secretaria-10.jpg\",\"datePublished\":\"2026-04-26T22:00:11+00:00\",\"description\":\"Bandeira amarela em maio vai deixar a conta de luz mais cara. Segundo a Aneel, a decis\u00e3o foi tomada devido \u00e0 redu\u00e7\u00e3o de chuvas.\",\"breadcrumb\":{\"@id\":\"https:\\\/\\\/marcelolopes.jor.br\\\/site\\\/2026\\\/04\\\/26\\\/bandeira-amarela-em-maio-vai-deixar-a-conta-de-luz-mais-cara\\\/#breadcrumb\"},\"inLanguage\":\"pt-BR\",\"potentialAction\":[{\"@type\":\"ReadAction\",\"target\":[\"https:\\\/\\\/marcelolopes.jor.br\\\/site\\\/2026\\\/04\\\/26\\\/bandeira-amarela-em-maio-vai-deixar-a-conta-de-luz-mais-cara\\\/\"]}]},{\"@type\":\"ImageObject\",\"inLanguage\":\"pt-BR\",\"@id\":\"https:\\\/\\\/marcelolopes.jor.br\\\/site\\\/2026\\\/04\\\/26\\\/bandeira-amarela-em-maio-vai-deixar-a-conta-de-luz-mais-cara\\\/#primaryimage\",\"url\":\"https:\\\/\\\/marcelolopes.jor.br\\\/site\\\/wp-content\\\/uploads\\\/2026\\\/04\\\/secretaria-10.jpg\",\"contentUrl\":\"https:\\\/\\\/marcelolopes.jor.br\\\/site\\\/wp-content\\\/uploads\\\/2026\\\/04\\\/secretaria-10.jpg\",\"width\":800,\"height\":550,\"caption\":\"Bandeira amarela em maio\"},{\"@type\":\"BreadcrumbList\",\"@id\":\"https:\\\/\\\/marcelolopes.jor.br\\\/site\\\/2026\\\/04\\\/26\\\/bandeira-amarela-em-maio-vai-deixar-a-conta-de-luz-mais-cara\\\/#breadcrumb\",\"itemListElement\":[{\"@type\":\"ListItem\",\"position\":1,\"name\":\"Home\",\"item\":\"https:\\\/\\\/marcelolopes.jor.br\\\/site\\\/\"},{\"@type\":\"ListItem\",\"position\":2,\"name\":\"Bandeira amarela em maio vai deixar a conta de luz mais cara\"}]},{\"@type\":\"WebSite\",\"@id\":\"https:\\\/\\\/marcelolopes.jor.br\\\/site\\\/#website\",\"url\":\"https:\\\/\\\/marcelolopes.jor.br\\\/site\\\/\",\"name\":\"Marcelo Lopes\",\"description\":\"Not\u00edcias de Cataguases e Regi\u00e3o\",\"publisher\":{\"@id\":\"https:\\\/\\\/marcelolopes.jor.br\\\/site\\\/#organization\"},\"potentialAction\":[{\"@type\":\"SearchAction\",\"target\":{\"@type\":\"EntryPoint\",\"urlTemplate\":\"https:\\\/\\\/marcelolopes.jor.br\\\/site\\\/?s={search_term_string}\"},\"query-input\":{\"@type\":\"PropertyValueSpecification\",\"valueRequired\":true,\"valueName\":\"search_term_string\"}}],\"inLanguage\":\"pt-BR\"},{\"@type\":\"Organization\",\"@id\":\"https:\\\/\\\/marcelolopes.jor.br\\\/site\\\/#organization\",\"name\":\"Site do Marcelo Lopes\",\"url\":\"https:\\\/\\\/marcelolopes.jor.br\\\/site\\\/\",\"logo\":{\"@type\":\"ImageObject\",\"inLanguage\":\"pt-BR\",\"@id\":\"https:\\\/\\\/marcelolopes.jor.br\\\/site\\\/#\\\/schema\\\/logo\\\/image\\\/\",\"url\":\"https:\\\/\\\/marcelolopes.jor.br\\\/site\\\/wp-content\\\/uploads\\\/2024\\\/11\\\/logo-1.png\",\"contentUrl\":\"https:\\\/\\\/marcelolopes.jor.br\\\/site\\\/wp-content\\\/uploads\\\/2024\\\/11\\\/logo-1.png\",\"width\":475,\"height\":80,\"caption\":\"Site do Marcelo Lopes\"},\"image\":{\"@id\":\"https:\\\/\\\/marcelolopes.jor.br\\\/site\\\/#\\\/schema\\\/logo\\\/image\\\/\"},\"sameAs\":[\"https:\\\/\\\/www.facebook.com\\\/sitedomarcelolopes\",\"https:\\\/\\\/www.instagram.com\\\/sitedomarcelolopes\\\/\",\"https:\\\/\\\/www.linkedin.com\\\/company\\\/site-do-marcelo-lopes\\\/\",\"https:\\\/\\\/www.youtube.com\\\/user\\\/marcelolopes957\"]},{\"@type\":\"Person\",\"@id\":\"https:\\\/\\\/marcelolopes.jor.br\\\/site\\\/#\\\/schema\\\/person\\\/3e7216a35c34d8fdf952b31da3d1f89f\",\"name\":\"Marcelo Lopes\",\"sameAs\":[\"http:\\\/\\\/www.marcelolopes.jor.br\"],\"url\":\"https:\\\/\\\/marcelolopes.jor.br\\\/site\\\/author\\\/marcelo\\\/\"}]}<\/script>\n<!-- \/ Yoast SEO plugin. -->","yoast_head_json":{"title":"Bandeira amarela em maio vai deixar a conta de luz mais cara | Marcelo Lopes","description":"Bandeira amarela em maio vai deixar a conta de luz mais cara. Segundo a Aneel, a decis\u00e3o foi tomada devido \u00e0 redu\u00e7\u00e3o de chuvas.","robots":{"index":"index","follow":"follow","max-snippet":"max-snippet:-1","max-image-preview":"max-image-preview:large","max-video-preview":"max-video-preview:-1"},"canonical":"https:\/\/marcelolopes.jor.br\/site\/2026\/04\/26\/bandeira-amarela-em-maio-vai-deixar-a-conta-de-luz-mais-cara\/","og_locale":"pt_BR","og_type":"article","og_title":"Bandeira amarela em maio vai deixar a conta de luz mais cara | Marcelo Lopes","og_description":"Bandeira amarela em maio vai deixar a conta de luz mais cara. Segundo a Aneel, a decis\u00e3o foi tomada devido \u00e0 redu\u00e7\u00e3o de chuvas.","og_url":"https:\/\/marcelolopes.jor.br\/site\/2026\/04\/26\/bandeira-amarela-em-maio-vai-deixar-a-conta-de-luz-mais-cara\/","og_site_name":"Marcelo Lopes","article_publisher":"https:\/\/www.facebook.com\/sitedomarcelolopes","article_published_time":"2026-04-26T22:00:11+00:00","og_image":[{"width":800,"height":550,"url":"https:\/\/marcelolopes.jor.br\/site\/wp-content\/uploads\/2026\/04\/secretaria-10.jpg","type":"image\/jpeg"}],"author":"Marcelo Lopes","twitter_card":"summary_large_image","twitter_misc":{"Escrito por":"Marcelo Lopes","Est. tempo de leitura":"1 minuto"},"schema":{"@context":"https:\/\/schema.org","@graph":[{"@type":"NewsArticle","@id":"https:\/\/marcelolopes.jor.br\/site\/2026\/04\/26\/bandeira-amarela-em-maio-vai-deixar-a-conta-de-luz-mais-cara\/#article","isPartOf":{"@id":"https:\/\/marcelolopes.jor.br\/site\/2026\/04\/26\/bandeira-amarela-em-maio-vai-deixar-a-conta-de-luz-mais-cara\/"},"author":{"name":"Marcelo Lopes","@id":"https:\/\/marcelolopes.jor.br\/site\/#\/schema\/person\/3e7216a35c34d8fdf952b31da3d1f89f"},"headline":"Bandeira amarela em maio vai deixar a conta de luz mais cara","datePublished":"2026-04-26T22:00:11+00:00","mainEntityOfPage":{"@id":"https:\/\/marcelolopes.jor.br\/site\/2026\/04\/26\/bandeira-amarela-em-maio-vai-deixar-a-conta-de-luz-mais-cara\/"},"wordCount":290,"commentCount":0,"publisher":{"@id":"https:\/\/marcelolopes.jor.br\/site\/#organization"},"image":{"@id":"https:\/\/marcelolopes.jor.br\/site\/2026\/04\/26\/bandeira-amarela-em-maio-vai-deixar-a-conta-de-luz-mais-cara\/#primaryimage"},"thumbnailUrl":"https:\/\/marcelolopes.jor.br\/site\/wp-content\/uploads\/2026\/04\/secretaria-10.jpg","articleSection":["Not\u00edcias"],"inLanguage":"pt-BR","potentialAction":[{"@type":"CommentAction","name":"Comment","target":["https:\/\/marcelolopes.jor.br\/site\/2026\/04\/26\/bandeira-amarela-em-maio-vai-deixar-a-conta-de-luz-mais-cara\/#respond"]}]},{"@type":"WebPage","@id":"https:\/\/marcelolopes.jor.br\/site\/2026\/04\/26\/bandeira-amarela-em-maio-vai-deixar-a-conta-de-luz-mais-cara\/","url":"https:\/\/marcelolopes.jor.br\/site\/2026\/04\/26\/bandeira-amarela-em-maio-vai-deixar-a-conta-de-luz-mais-cara\/","name":"Bandeira amarela em maio vai deixar a conta de luz mais cara | Marcelo Lopes","isPartOf":{"@id":"https:\/\/marcelolopes.jor.br\/site\/#website"},"primaryImageOfPage":{"@id":"https:\/\/marcelolopes.jor.br\/site\/2026\/04\/26\/bandeira-amarela-em-maio-vai-deixar-a-conta-de-luz-mais-cara\/#primaryimage"},"image":{"@id":"https:\/\/marcelolopes.jor.br\/site\/2026\/04\/26\/bandeira-amarela-em-maio-vai-deixar-a-conta-de-luz-mais-cara\/#primaryimage"},"thumbnailUrl":"https:\/\/marcelolopes.jor.br\/site\/wp-content\/uploads\/2026\/04\/secretaria-10.jpg","datePublished":"2026-04-26T22:00:11+00:00","description":"Bandeira amarela em maio vai deixar a conta de luz mais cara. Segundo a Aneel, a decis\u00e3o foi tomada devido \u00e0 redu\u00e7\u00e3o de chuvas.","breadcrumb":{"@id":"https:\/\/marcelolopes.jor.br\/site\/2026\/04\/26\/bandeira-amarela-em-maio-vai-deixar-a-conta-de-luz-mais-cara\/#breadcrumb"},"inLanguage":"pt-BR","potentialAction":[{"@type":"ReadAction","target":["https:\/\/marcelolopes.jor.br\/site\/2026\/04\/26\/bandeira-amarela-em-maio-vai-deixar-a-conta-de-luz-mais-cara\/"]}]},{"@type":"ImageObject","inLanguage":"pt-BR","@id":"https:\/\/marcelolopes.jor.br\/site\/2026\/04\/26\/bandeira-amarela-em-maio-vai-deixar-a-conta-de-luz-mais-cara\/#primaryimage","url":"https:\/\/marcelolopes.jor.br\/site\/wp-content\/uploads\/2026\/04\/secretaria-10.jpg","contentUrl":"https:\/\/marcelolopes.jor.br\/site\/wp-content\/uploads\/2026\/04\/secretaria-10.jpg","width":800,"height":550,"caption":"Bandeira amarela em maio"},{"@type":"BreadcrumbList","@id":"https:\/\/marcelolopes.jor.br\/site\/2026\/04\/26\/bandeira-amarela-em-maio-vai-deixar-a-conta-de-luz-mais-cara\/#breadcrumb","itemListElement":[{"@type":"ListItem","position":1,"name":"Home","item":"https:\/\/marcelolopes.jor.br\/site\/"},{"@type":"ListItem","position":2,"name":"Bandeira amarela em maio vai deixar a conta de luz mais cara"}]},{"@type":"WebSite","@id":"https:\/\/marcelolopes.jor.br\/site\/#website","url":"https:\/\/marcelolopes.jor.br\/site\/","name":"Marcelo Lopes","description":"Not\u00edcias de Cataguases e Regi\u00e3o","publisher":{"@id":"https:\/\/marcelolopes.jor.br\/site\/#organization"},"potentialAction":[{"@type":"SearchAction","target":{"@type":"EntryPoint","urlTemplate":"https:\/\/marcelolopes.jor.br\/site\/?s={search_term_string}"},"query-input":{"@type":"PropertyValueSpecification","valueRequired":true,"valueName":"search_term_string"}}],"inLanguage":"pt-BR"},{"@type":"Organization","@id":"https:\/\/marcelolopes.jor.br\/site\/#organization","name":"Site do Marcelo Lopes","url":"https:\/\/marcelolopes.jor.br\/site\/","logo":{"@type":"ImageObject","inLanguage":"pt-BR","@id":"https:\/\/marcelolopes.jor.br\/site\/#\/schema\/logo\/image\/","url":"https:\/\/marcelolopes.jor.br\/site\/wp-content\/uploads\/2024\/11\/logo-1.png","contentUrl":"https:\/\/marcelolopes.jor.br\/site\/wp-content\/uploads\/2024\/11\/logo-1.png","width":475,"height":80,"caption":"Site do Marcelo Lopes"},"image":{"@id":"https:\/\/marcelolopes.jor.br\/site\/#\/schema\/logo\/image\/"},"sameAs":["https:\/\/www.facebook.com\/sitedomarcelolopes","https:\/\/www.instagram.com\/sitedomarcelolopes\/","https:\/\/www.linkedin.com\/company\/site-do-marcelo-lopes\/","https:\/\/www.youtube.com\/user\/marcelolopes957"]},{"@type":"Person","@id":"https:\/\/marcelolopes.jor.br\/site\/#\/schema\/person\/3e7216a35c34d8fdf952b31da3d1f89f","name":"Marcelo Lopes","sameAs":["http:\/\/www.marcelolopes.jor.br"],"url":"https:\/\/marcelolopes.jor.br\/site\/author\/marcelo\/"}]}},"wps_subtitle":"Segundo a Aneel, a decis\u00e3o foi tomada devido \u00e0 redu\u00e7\u00e3o de chuvas.","_links":{"self":[{"href":"https:\/\/marcelolopes.jor.br\/site\/wp-json\/wp\/v2\/posts\/65477","targetHints":{"allow":["GET"]}}],"collection":[{"href":"https:\/\/marcelolopes.jor.br\/site\/wp-json\/wp\/v2\/posts"}],"about":[{"href":"https:\/\/marcelolopes.jor.br\/site\/wp-json\/wp\/v2\/types\/post"}],"author":[{"embeddable":true,"href":"https:\/\/marcelolopes.jor.br\/site\/wp-json\/wp\/v2\/users\/2"}],"replies":[{"embeddable":true,"href":"https:\/\/marcelolopes.jor.br\/site\/wp-json\/wp\/v2\/comments?post=65477"}],"version-history":[{"count":2,"href":"https:\/\/marcelolopes.jor.br\/site\/wp-json\/wp\/v2\/posts\/65477\/revisions"}],"predecessor-version":[{"id":65480,"href":"https:\/\/marcelolopes.jor.br\/site\/wp-json\/wp\/v2\/posts\/65477\/revisions\/65480"}],"wp:featuredmedia":[{"embeddable":true,"href":"https:\/\/marcelolopes.jor.br\/site\/wp-json\/wp\/v2\/media\/65479"}],"wp:attachment":[{"href":"https:\/\/marcelolopes.jor.br\/site\/wp-json\/wp\/v2\/media?parent=65477"}],"wp:term":[{"taxonomy":"category","embeddable":true,"href":"https:\/\/marcelolopes.jor.br\/site\/wp-json\/wp\/v2\/categories?post=65477"},{"taxonomy":"post_tag","embeddable":true,"href":"https:\/\/marcelolopes.jor.br\/site\/wp-json\/wp\/v2\/tags?post=65477"}],"curies":[{"name":"wp","href":"https:\/\/api.w.org\/{rel}","templated":true}]}}