{"id":65461,"date":"2026-04-26T12:00:55","date_gmt":"2026-04-26T15:00:55","guid":{"rendered":"https:\/\/marcelolopes.jor.br\/site\/?p=65461"},"modified":"2026-04-25T15:26:24","modified_gmt":"2026-04-25T18:26:24","slug":"cataguases-vai-ganhar-canal-de-tv-para-transmitir-programacao-publica","status":"publish","type":"post","link":"https:\/\/marcelolopes.jor.br\/site\/2026\/04\/26\/cataguases-vai-ganhar-canal-de-tv-para-transmitir-programacao-publica\/","title":{"rendered":"Cataguases vai ganhar canal de TV para transmitir programa\u00e7\u00e3o p\u00fablica"},"content":{"rendered":"<p>O Programa Brasil Digital do Minist\u00e9rio das Comunica\u00e7\u00f5es incluiu Cataguases e outros 58 munic\u00edpios em 16 estados na rela\u00e7\u00e3o para receberem a implanta\u00e7\u00e3o de esta\u00e7\u00f5es de TV digital para a transmiss\u00e3o da programa\u00e7\u00e3o da Rede Nacional de Comunica\u00e7\u00e3o P\u00fablica e da Rede Legislativa. Edital n\u00ba 177\/2026\/MCOM foi publicado no Di\u00e1rio Oficial da Uni\u00e3o em 17\/04\/2026.<!--more--><\/p>\n<h4 class=\"p1\"><span class=\"s1\">\ud83d\udcf8\u00a0<span style=\"color: #008000;\">Siga o Site do Marcelo Lopes no<\/span>\u00a0<span style=\"color: #800000;\"><a style=\"color: #800000;\" href=\"https:\/\/www.facebook.com\/sitedomarcelolopes\/\"><strong>Facebook<\/strong><\/a><\/span>\u00a0<span style=\"color: #008000;\">e no<\/span>\u00a0<span style=\"color: #800000;\"><strong><a style=\"color: #800000;\" href=\"https:\/\/www.instagram.com\/sitedomarcelolopes\/\">Instagram<\/a><\/strong><\/span><\/span><\/h4>\n<h4 class=\"p1\">\ud83d\udcf1<span style=\"color: #008000;\">Participe do grupo de<\/span>\u00a0<span style=\"color: #800000;\"><a style=\"color: #800000;\" href=\"https:\/\/chat.whatsapp.com\/BibzcI1ibYSKytbdyzubLA\"><strong>WhatsApp<\/strong><\/a><\/span> <span style=\"color: #008000;\">do Site do Marcelo Lopes<\/span><\/h4>\n<p>O Brasil Digital, coordenado pelo Minist\u00e9rio das Comunica\u00e7\u00f5es, consiste na sele\u00e7\u00e3o de institui\u00e7\u00f5es parceiras para a gest\u00e3o do local de instala\u00e7\u00e3o e da infraestrutura b\u00e1sica necess\u00e1ria para a oferta do servi\u00e7o de televis\u00e3o digital e na aquisi\u00e7\u00e3o e implanta\u00e7\u00e3o de esta\u00e7\u00f5es de televis\u00e3o digital e doa\u00e7\u00e3o de equipamentos transmissores para institui\u00e7\u00f5es benefici\u00e1rias para a transmiss\u00e3o da programa\u00e7\u00e3o.<\/p>\n<p>O objetivo do programa \u00e9 ampliar a oferta do servi\u00e7o de radiodifus\u00e3o de sons e imagens digital terrestre e ancilares em munic\u00edpios onde a Empresa Brasil de Comunica\u00e7\u00e3o (EBC) e a C\u00e2mara dos Deputados n\u00e3o disponham de esta\u00e7\u00e3o licenciada para execu\u00e7\u00e3o desses servi\u00e7os. Em Cataguases a institui\u00e7\u00e3o que ficou respons\u00e1vel por implantar o servi\u00e7o \u00e9 a Assembleia Legislativa do Estado de Minas Gerais e<br \/>\nFunda\u00e7\u00e3o TV Minas Cultural e Educativa.<\/p>\n<blockquote><p>Para o ministro das Comunica\u00e7\u00f5es, Frederico de Siqueira Filho, o avan\u00e7o do programa refor\u00e7a o compromisso com a democratiza\u00e7\u00e3o do acesso \u00e0 informa\u00e7\u00e3o. \u201cEstamos levando sinal de TV p\u00fablica de qualidade para regi\u00f5es que historicamente n\u00e3o tinham acesso a esse tipo de conte\u00fado. Isso significa mais cidadania, mais transpar\u00eancia e mais oportunidades para a popula\u00e7\u00e3o\u201d, destacou.<\/p><\/blockquote>\n<p>Com essa inclus\u00e3o de novos munic\u00edpios, o Programa Brasil Digital ultrapassa a marca de 1 milh\u00e3o de pessoas beneficiadas com novos canais p\u00fablicos de TV digital. A meta do programa \u00e9 instalar novas esta\u00e7\u00f5es em cerca de 50 munic\u00edpios ainda no primeiro semestre de 2026. Atualmente, estruturas est\u00e3o em fase de implanta\u00e7\u00e3o em aproximadamente 150 cidades brasileiras, com prioridade para regi\u00f5es sem cobertura de TV p\u00fablica e legislativa.<\/p>\n<p><strong>OUTRAS NOT\u00cdCIAS<\/strong><br \/>\n<a href=\"https:\/\/marcelolopes.jor.br\/site\/2025\/06\/15\/sinal-analogico-da-tv-integracao-sera-desligado-em-30-de-junho\/\"><strong><span style=\"color: #800000;\">Sinal anal\u00f3gico da TV Integra\u00e7\u00e3o ser\u00e1 desligado em 30 de junho<\/span><\/strong><\/a><\/p>\n<p><a href=\"https:\/\/marcelolopes.jor.br\/site\/2022\/08\/26\/comeca-hoje-o-horario-eleitoral-gratuito-no-radio-e-na-tv\/\"><strong><span style=\"color: #800000;\">Come\u00e7a hoje o hor\u00e1rio eleitoral gratuito no r\u00e1dio e na TV<\/span><\/strong><\/a><\/p>\n<p>Fonte: Portal Marcos Santos e Minist\u00e9rio das Comunica\u00e7\u00f5es | Foto: Reprodu\u00e7\u00e3o<\/p>\n<div class=\"iphor69f7648bc9ea0\" ><br><\/div><style type=\"text\/css\">\r\n@media screen and (min-width: 1201px) {\r\n.iphor69f7648bc9ea0 {\r\ndisplay: block;\r\n}\r\n}\r\n@media screen and (min-width: 993px) and (max-width: 1200px) {\r\n.iphor69f7648bc9ea0 {\r\ndisplay: block;\r\n}\r\n}\r\n@media screen and (min-width: 769px) and (max-width: 992px) {\r\n.iphor69f7648bc9ea0 {\r\ndisplay: block;\r\n}\r\n}\r\n@media screen and (min-width: 768px) and (max-width: 768px) {\r\n.iphor69f7648bc9ea0 {\r\ndisplay: block;\r\n}\r\n}\r\n@media screen and (max-width: 767px) {\r\n.iphor69f7648bc9ea0 {\r\ndisplay: block;\r\n}\r\n}\r\n<\/style>\r\n<div class=\"dxdbm69f7648bcfcad\" ><div id=\"div_destino\"><\/div>\r\n<script src=\"https:\/\/cdn.snsrsv.com\/sdk.js\"><\/script>\r\n<script >\r\n      new sdk(\"464030C30061EA8BE065000000000001\") \r\n          .appendTo(\"div_destino\")\r\n          .disableStyle(true) \r\n          .setCacheBusterMacro(\"%%CACHEBUSTER%%\")\r\n          .setSize(\"800\",\"214\")\r\n          .setClickMacro(\"%%CLICK_URL_ESC%%\") \r\n          .setReferrerUrlMacro(\"%%REFERRER_URL_ESC%%\") \r\n          .start(); \r\n<\/script><\/div><style type=\"text\/css\">\r\n@media screen and (min-width: 1201px) {\r\n.dxdbm69f7648bcfcad {\r\ndisplay: block;\r\n}\r\n}\r\n@media screen and (min-width: 993px) and (max-width: 1200px) {\r\n.dxdbm69f7648bcfcad {\r\ndisplay: block;\r\n}\r\n}\r\n@media screen and (min-width: 769px) and (max-width: 992px) {\r\n.dxdbm69f7648bcfcad {\r\ndisplay: block;\r\n}\r\n}\r\n@media screen and (min-width: 768px) and (max-width: 768px) {\r\n.dxdbm69f7648bcfcad {\r\ndisplay: block;\r\n}\r\n}\r\n@media screen and (max-width: 767px) {\r\n.dxdbm69f7648bcfcad {\r\ndisplay: block;\r\n}\r\n}\r\n<\/style>\r\n","protected":false},"excerpt":{"rendered":"<p>O Programa Brasil Digital do Minist\u00e9rio das Comunica\u00e7\u00f5es incluiu Cataguases e outros 58 munic\u00edpios em 16 estados na rela\u00e7\u00e3o para receberem a implanta\u00e7\u00e3o de esta\u00e7\u00f5es de TV digital para a transmiss\u00e3o da programa\u00e7\u00e3o da Rede Nacional de Comunica\u00e7\u00e3o P\u00fablica e<\/p>\n<p class=\"link-more\"><a class=\"more-link\" href=\"https:\/\/marcelolopes.jor.br\/site\/2026\/04\/26\/cataguases-vai-ganhar-canal-de-tv-para-transmitir-programacao-publica\/\">Leia mais <span class=\"screen-reader-text\">Cataguases vai ganhar canal de TV para transmitir programa\u00e7\u00e3o p\u00fablica<\/span><\/a><\/p>\n","protected":false},"author":2,"featured_media":65463,"comment_status":"open","ping_status":"closed","sticky":false,"template":"","format":"standard","meta":{"footnotes":""},"categories":[1],"tags":[],"class_list":["post-65461","post","type-post","status-publish","format-standard","has-post-thumbnail","hentry","category-noticias","thumb-below-title"],"yoast_head":"<!-- This site is optimized with the Yoast SEO plugin v27.4 - https:\/\/yoast.com\/product\/yoast-seo-wordpress\/ -->\n<title>Cataguases vai ganhar canal de TV para transmitir programa\u00e7\u00e3o<\/title>\n<meta name=\"description\" content=\"Cataguases vai ganhar canal de TV para transmitir programa\u00e7\u00e3o p\u00fablica. Programa Brasil Digital incluiu o munic\u00edpio em lista com outras 58...\" \/>\n<meta name=\"robots\" content=\"index, follow, max-snippet:-1, max-image-preview:large, max-video-preview:-1\" \/>\n<link rel=\"canonical\" href=\"https:\/\/marcelolopes.jor.br\/site\/2026\/04\/26\/cataguases-vai-ganhar-canal-de-tv-para-transmitir-programacao-publica\/\" \/>\n<meta property=\"og:locale\" content=\"pt_BR\" \/>\n<meta property=\"og:type\" content=\"article\" \/>\n<meta property=\"og:title\" content=\"Cataguases vai ganhar canal de TV para transmitir programa\u00e7\u00e3o\" \/>\n<meta property=\"og:description\" content=\"Cataguases vai ganhar canal de TV para transmitir programa\u00e7\u00e3o p\u00fablica. Programa Brasil Digital incluiu o munic\u00edpio em lista com outras 58...\" \/>\n<meta property=\"og:url\" content=\"https:\/\/marcelolopes.jor.br\/site\/2026\/04\/26\/cataguases-vai-ganhar-canal-de-tv-para-transmitir-programacao-publica\/\" \/>\n<meta property=\"og:site_name\" content=\"Marcelo Lopes\" \/>\n<meta property=\"article:publisher\" content=\"https:\/\/www.facebook.com\/sitedomarcelolopes\" \/>\n<meta property=\"article:published_time\" content=\"2026-04-26T15:00:55+00:00\" \/>\n<meta property=\"og:image\" content=\"https:\/\/marcelolopes.jor.br\/site\/wp-content\/uploads\/2026\/04\/sistema-de-tv.jpg\" \/>\n\t<meta property=\"og:image:width\" content=\"1000\" \/>\n\t<meta property=\"og:image:height\" content=\"667\" \/>\n\t<meta property=\"og:image:type\" content=\"image\/jpeg\" \/>\n<meta name=\"author\" content=\"Marcelo Lopes\" \/>\n<meta name=\"twitter:card\" content=\"summary_large_image\" \/>\n<meta name=\"twitter:label1\" content=\"Escrito por\" \/>\n\t<meta name=\"twitter:data1\" content=\"Marcelo Lopes\" \/>\n\t<meta name=\"twitter:label2\" content=\"Est. tempo de leitura\" \/>\n\t<meta name=\"twitter:data2\" content=\"2 minutos\" \/>\n<script type=\"application\/ld+json\" class=\"yoast-schema-graph\">{\"@context\":\"https:\\\/\\\/schema.org\",\"@graph\":[{\"@type\":\"NewsArticle\",\"@id\":\"https:\\\/\\\/marcelolopes.jor.br\\\/site\\\/2026\\\/04\\\/26\\\/cataguases-vai-ganhar-canal-de-tv-para-transmitir-programacao-publica\\\/#article\",\"isPartOf\":{\"@id\":\"https:\\\/\\\/marcelolopes.jor.br\\\/site\\\/2026\\\/04\\\/26\\\/cataguases-vai-ganhar-canal-de-tv-para-transmitir-programacao-publica\\\/\"},\"author\":{\"name\":\"Marcelo Lopes\",\"@id\":\"https:\\\/\\\/marcelolopes.jor.br\\\/site\\\/#\\\/schema\\\/person\\\/3e7216a35c34d8fdf952b31da3d1f89f\"},\"headline\":\"Cataguases vai ganhar canal de TV para transmitir programa\u00e7\u00e3o p\u00fablica\",\"datePublished\":\"2026-04-26T15:00:55+00:00\",\"mainEntityOfPage\":{\"@id\":\"https:\\\/\\\/marcelolopes.jor.br\\\/site\\\/2026\\\/04\\\/26\\\/cataguases-vai-ganhar-canal-de-tv-para-transmitir-programacao-publica\\\/\"},\"wordCount\":435,\"commentCount\":0,\"publisher\":{\"@id\":\"https:\\\/\\\/marcelolopes.jor.br\\\/site\\\/#organization\"},\"image\":{\"@id\":\"https:\\\/\\\/marcelolopes.jor.br\\\/site\\\/2026\\\/04\\\/26\\\/cataguases-vai-ganhar-canal-de-tv-para-transmitir-programacao-publica\\\/#primaryimage\"},\"thumbnailUrl\":\"https:\\\/\\\/marcelolopes.jor.br\\\/site\\\/wp-content\\\/uploads\\\/2026\\\/04\\\/sistema-de-tv.jpg\",\"articleSection\":[\"Not\u00edcias\"],\"inLanguage\":\"pt-BR\",\"potentialAction\":[{\"@type\":\"CommentAction\",\"name\":\"Comment\",\"target\":[\"https:\\\/\\\/marcelolopes.jor.br\\\/site\\\/2026\\\/04\\\/26\\\/cataguases-vai-ganhar-canal-de-tv-para-transmitir-programacao-publica\\\/#respond\"]}]},{\"@type\":\"WebPage\",\"@id\":\"https:\\\/\\\/marcelolopes.jor.br\\\/site\\\/2026\\\/04\\\/26\\\/cataguases-vai-ganhar-canal-de-tv-para-transmitir-programacao-publica\\\/\",\"url\":\"https:\\\/\\\/marcelolopes.jor.br\\\/site\\\/2026\\\/04\\\/26\\\/cataguases-vai-ganhar-canal-de-tv-para-transmitir-programacao-publica\\\/\",\"name\":\"Cataguases vai ganhar canal de TV para transmitir programa\u00e7\u00e3o\",\"isPartOf\":{\"@id\":\"https:\\\/\\\/marcelolopes.jor.br\\\/site\\\/#website\"},\"primaryImageOfPage\":{\"@id\":\"https:\\\/\\\/marcelolopes.jor.br\\\/site\\\/2026\\\/04\\\/26\\\/cataguases-vai-ganhar-canal-de-tv-para-transmitir-programacao-publica\\\/#primaryimage\"},\"image\":{\"@id\":\"https:\\\/\\\/marcelolopes.jor.br\\\/site\\\/2026\\\/04\\\/26\\\/cataguases-vai-ganhar-canal-de-tv-para-transmitir-programacao-publica\\\/#primaryimage\"},\"thumbnailUrl\":\"https:\\\/\\\/marcelolopes.jor.br\\\/site\\\/wp-content\\\/uploads\\\/2026\\\/04\\\/sistema-de-tv.jpg\",\"datePublished\":\"2026-04-26T15:00:55+00:00\",\"description\":\"Cataguases vai ganhar canal de TV para transmitir programa\u00e7\u00e3o p\u00fablica. Programa Brasil Digital incluiu o munic\u00edpio em lista com outras 58...\",\"breadcrumb\":{\"@id\":\"https:\\\/\\\/marcelolopes.jor.br\\\/site\\\/2026\\\/04\\\/26\\\/cataguases-vai-ganhar-canal-de-tv-para-transmitir-programacao-publica\\\/#breadcrumb\"},\"inLanguage\":\"pt-BR\",\"potentialAction\":[{\"@type\":\"ReadAction\",\"target\":[\"https:\\\/\\\/marcelolopes.jor.br\\\/site\\\/2026\\\/04\\\/26\\\/cataguases-vai-ganhar-canal-de-tv-para-transmitir-programacao-publica\\\/\"]}]},{\"@type\":\"ImageObject\",\"inLanguage\":\"pt-BR\",\"@id\":\"https:\\\/\\\/marcelolopes.jor.br\\\/site\\\/2026\\\/04\\\/26\\\/cataguases-vai-ganhar-canal-de-tv-para-transmitir-programacao-publica\\\/#primaryimage\",\"url\":\"https:\\\/\\\/marcelolopes.jor.br\\\/site\\\/wp-content\\\/uploads\\\/2026\\\/04\\\/sistema-de-tv.jpg\",\"contentUrl\":\"https:\\\/\\\/marcelolopes.jor.br\\\/site\\\/wp-content\\\/uploads\\\/2026\\\/04\\\/sistema-de-tv.jpg\",\"width\":1000,\"height\":667,\"caption\":\"Cataguases vai ganhar canal\"},{\"@type\":\"BreadcrumbList\",\"@id\":\"https:\\\/\\\/marcelolopes.jor.br\\\/site\\\/2026\\\/04\\\/26\\\/cataguases-vai-ganhar-canal-de-tv-para-transmitir-programacao-publica\\\/#breadcrumb\",\"itemListElement\":[{\"@type\":\"ListItem\",\"position\":1,\"name\":\"Home\",\"item\":\"https:\\\/\\\/marcelolopes.jor.br\\\/site\\\/\"},{\"@type\":\"ListItem\",\"position\":2,\"name\":\"Cataguases vai ganhar canal de TV para transmitir programa\u00e7\u00e3o p\u00fablica\"}]},{\"@type\":\"WebSite\",\"@id\":\"https:\\\/\\\/marcelolopes.jor.br\\\/site\\\/#website\",\"url\":\"https:\\\/\\\/marcelolopes.jor.br\\\/site\\\/\",\"name\":\"Marcelo Lopes\",\"description\":\"Not\u00edcias de Cataguases e Regi\u00e3o\",\"publisher\":{\"@id\":\"https:\\\/\\\/marcelolopes.jor.br\\\/site\\\/#organization\"},\"potentialAction\":[{\"@type\":\"SearchAction\",\"target\":{\"@type\":\"EntryPoint\",\"urlTemplate\":\"https:\\\/\\\/marcelolopes.jor.br\\\/site\\\/?s={search_term_string}\"},\"query-input\":{\"@type\":\"PropertyValueSpecification\",\"valueRequired\":true,\"valueName\":\"search_term_string\"}}],\"inLanguage\":\"pt-BR\"},{\"@type\":\"Organization\",\"@id\":\"https:\\\/\\\/marcelolopes.jor.br\\\/site\\\/#organization\",\"name\":\"Site do Marcelo Lopes\",\"url\":\"https:\\\/\\\/marcelolopes.jor.br\\\/site\\\/\",\"logo\":{\"@type\":\"ImageObject\",\"inLanguage\":\"pt-BR\",\"@id\":\"https:\\\/\\\/marcelolopes.jor.br\\\/site\\\/#\\\/schema\\\/logo\\\/image\\\/\",\"url\":\"https:\\\/\\\/marcelolopes.jor.br\\\/site\\\/wp-content\\\/uploads\\\/2024\\\/11\\\/logo-1.png\",\"contentUrl\":\"https:\\\/\\\/marcelolopes.jor.br\\\/site\\\/wp-content\\\/uploads\\\/2024\\\/11\\\/logo-1.png\",\"width\":475,\"height\":80,\"caption\":\"Site do Marcelo Lopes\"},\"image\":{\"@id\":\"https:\\\/\\\/marcelolopes.jor.br\\\/site\\\/#\\\/schema\\\/logo\\\/image\\\/\"},\"sameAs\":[\"https:\\\/\\\/www.facebook.com\\\/sitedomarcelolopes\",\"https:\\\/\\\/www.instagram.com\\\/sitedomarcelolopes\\\/\",\"https:\\\/\\\/www.linkedin.com\\\/company\\\/site-do-marcelo-lopes\\\/\",\"https:\\\/\\\/www.youtube.com\\\/user\\\/marcelolopes957\"]},{\"@type\":\"Person\",\"@id\":\"https:\\\/\\\/marcelolopes.jor.br\\\/site\\\/#\\\/schema\\\/person\\\/3e7216a35c34d8fdf952b31da3d1f89f\",\"name\":\"Marcelo Lopes\",\"sameAs\":[\"http:\\\/\\\/www.marcelolopes.jor.br\"],\"url\":\"https:\\\/\\\/marcelolopes.jor.br\\\/site\\\/author\\\/marcelo\\\/\"}]}<\/script>\n<!-- \/ Yoast SEO plugin. -->","yoast_head_json":{"title":"Cataguases vai ganhar canal de TV para transmitir programa\u00e7\u00e3o","description":"Cataguases vai ganhar canal de TV para transmitir programa\u00e7\u00e3o p\u00fablica. Programa Brasil Digital incluiu o munic\u00edpio em lista com outras 58...","robots":{"index":"index","follow":"follow","max-snippet":"max-snippet:-1","max-image-preview":"max-image-preview:large","max-video-preview":"max-video-preview:-1"},"canonical":"https:\/\/marcelolopes.jor.br\/site\/2026\/04\/26\/cataguases-vai-ganhar-canal-de-tv-para-transmitir-programacao-publica\/","og_locale":"pt_BR","og_type":"article","og_title":"Cataguases vai ganhar canal de TV para transmitir programa\u00e7\u00e3o","og_description":"Cataguases vai ganhar canal de TV para transmitir programa\u00e7\u00e3o p\u00fablica. Programa Brasil Digital incluiu o munic\u00edpio em lista com outras 58...","og_url":"https:\/\/marcelolopes.jor.br\/site\/2026\/04\/26\/cataguases-vai-ganhar-canal-de-tv-para-transmitir-programacao-publica\/","og_site_name":"Marcelo Lopes","article_publisher":"https:\/\/www.facebook.com\/sitedomarcelolopes","article_published_time":"2026-04-26T15:00:55+00:00","og_image":[{"width":1000,"height":667,"url":"https:\/\/marcelolopes.jor.br\/site\/wp-content\/uploads\/2026\/04\/sistema-de-tv.jpg","type":"image\/jpeg"}],"author":"Marcelo Lopes","twitter_card":"summary_large_image","twitter_misc":{"Escrito por":"Marcelo Lopes","Est. tempo de leitura":"2 minutos"},"schema":{"@context":"https:\/\/schema.org","@graph":[{"@type":"NewsArticle","@id":"https:\/\/marcelolopes.jor.br\/site\/2026\/04\/26\/cataguases-vai-ganhar-canal-de-tv-para-transmitir-programacao-publica\/#article","isPartOf":{"@id":"https:\/\/marcelolopes.jor.br\/site\/2026\/04\/26\/cataguases-vai-ganhar-canal-de-tv-para-transmitir-programacao-publica\/"},"author":{"name":"Marcelo Lopes","@id":"https:\/\/marcelolopes.jor.br\/site\/#\/schema\/person\/3e7216a35c34d8fdf952b31da3d1f89f"},"headline":"Cataguases vai ganhar canal de TV para transmitir programa\u00e7\u00e3o p\u00fablica","datePublished":"2026-04-26T15:00:55+00:00","mainEntityOfPage":{"@id":"https:\/\/marcelolopes.jor.br\/site\/2026\/04\/26\/cataguases-vai-ganhar-canal-de-tv-para-transmitir-programacao-publica\/"},"wordCount":435,"commentCount":0,"publisher":{"@id":"https:\/\/marcelolopes.jor.br\/site\/#organization"},"image":{"@id":"https:\/\/marcelolopes.jor.br\/site\/2026\/04\/26\/cataguases-vai-ganhar-canal-de-tv-para-transmitir-programacao-publica\/#primaryimage"},"thumbnailUrl":"https:\/\/marcelolopes.jor.br\/site\/wp-content\/uploads\/2026\/04\/sistema-de-tv.jpg","articleSection":["Not\u00edcias"],"inLanguage":"pt-BR","potentialAction":[{"@type":"CommentAction","name":"Comment","target":["https:\/\/marcelolopes.jor.br\/site\/2026\/04\/26\/cataguases-vai-ganhar-canal-de-tv-para-transmitir-programacao-publica\/#respond"]}]},{"@type":"WebPage","@id":"https:\/\/marcelolopes.jor.br\/site\/2026\/04\/26\/cataguases-vai-ganhar-canal-de-tv-para-transmitir-programacao-publica\/","url":"https:\/\/marcelolopes.jor.br\/site\/2026\/04\/26\/cataguases-vai-ganhar-canal-de-tv-para-transmitir-programacao-publica\/","name":"Cataguases vai ganhar canal de TV para transmitir programa\u00e7\u00e3o","isPartOf":{"@id":"https:\/\/marcelolopes.jor.br\/site\/#website"},"primaryImageOfPage":{"@id":"https:\/\/marcelolopes.jor.br\/site\/2026\/04\/26\/cataguases-vai-ganhar-canal-de-tv-para-transmitir-programacao-publica\/#primaryimage"},"image":{"@id":"https:\/\/marcelolopes.jor.br\/site\/2026\/04\/26\/cataguases-vai-ganhar-canal-de-tv-para-transmitir-programacao-publica\/#primaryimage"},"thumbnailUrl":"https:\/\/marcelolopes.jor.br\/site\/wp-content\/uploads\/2026\/04\/sistema-de-tv.jpg","datePublished":"2026-04-26T15:00:55+00:00","description":"Cataguases vai ganhar canal de TV para transmitir programa\u00e7\u00e3o p\u00fablica. Programa Brasil Digital incluiu o munic\u00edpio em lista com outras 58...","breadcrumb":{"@id":"https:\/\/marcelolopes.jor.br\/site\/2026\/04\/26\/cataguases-vai-ganhar-canal-de-tv-para-transmitir-programacao-publica\/#breadcrumb"},"inLanguage":"pt-BR","potentialAction":[{"@type":"ReadAction","target":["https:\/\/marcelolopes.jor.br\/site\/2026\/04\/26\/cataguases-vai-ganhar-canal-de-tv-para-transmitir-programacao-publica\/"]}]},{"@type":"ImageObject","inLanguage":"pt-BR","@id":"https:\/\/marcelolopes.jor.br\/site\/2026\/04\/26\/cataguases-vai-ganhar-canal-de-tv-para-transmitir-programacao-publica\/#primaryimage","url":"https:\/\/marcelolopes.jor.br\/site\/wp-content\/uploads\/2026\/04\/sistema-de-tv.jpg","contentUrl":"https:\/\/marcelolopes.jor.br\/site\/wp-content\/uploads\/2026\/04\/sistema-de-tv.jpg","width":1000,"height":667,"caption":"Cataguases vai ganhar canal"},{"@type":"BreadcrumbList","@id":"https:\/\/marcelolopes.jor.br\/site\/2026\/04\/26\/cataguases-vai-ganhar-canal-de-tv-para-transmitir-programacao-publica\/#breadcrumb","itemListElement":[{"@type":"ListItem","position":1,"name":"Home","item":"https:\/\/marcelolopes.jor.br\/site\/"},{"@type":"ListItem","position":2,"name":"Cataguases vai ganhar canal de TV para transmitir programa\u00e7\u00e3o p\u00fablica"}]},{"@type":"WebSite","@id":"https:\/\/marcelolopes.jor.br\/site\/#website","url":"https:\/\/marcelolopes.jor.br\/site\/","name":"Marcelo Lopes","description":"Not\u00edcias de Cataguases e Regi\u00e3o","publisher":{"@id":"https:\/\/marcelolopes.jor.br\/site\/#organization"},"potentialAction":[{"@type":"SearchAction","target":{"@type":"EntryPoint","urlTemplate":"https:\/\/marcelolopes.jor.br\/site\/?s={search_term_string}"},"query-input":{"@type":"PropertyValueSpecification","valueRequired":true,"valueName":"search_term_string"}}],"inLanguage":"pt-BR"},{"@type":"Organization","@id":"https:\/\/marcelolopes.jor.br\/site\/#organization","name":"Site do Marcelo Lopes","url":"https:\/\/marcelolopes.jor.br\/site\/","logo":{"@type":"ImageObject","inLanguage":"pt-BR","@id":"https:\/\/marcelolopes.jor.br\/site\/#\/schema\/logo\/image\/","url":"https:\/\/marcelolopes.jor.br\/site\/wp-content\/uploads\/2024\/11\/logo-1.png","contentUrl":"https:\/\/marcelolopes.jor.br\/site\/wp-content\/uploads\/2024\/11\/logo-1.png","width":475,"height":80,"caption":"Site do Marcelo Lopes"},"image":{"@id":"https:\/\/marcelolopes.jor.br\/site\/#\/schema\/logo\/image\/"},"sameAs":["https:\/\/www.facebook.com\/sitedomarcelolopes","https:\/\/www.instagram.com\/sitedomarcelolopes\/","https:\/\/www.linkedin.com\/company\/site-do-marcelo-lopes\/","https:\/\/www.youtube.com\/user\/marcelolopes957"]},{"@type":"Person","@id":"https:\/\/marcelolopes.jor.br\/site\/#\/schema\/person\/3e7216a35c34d8fdf952b31da3d1f89f","name":"Marcelo Lopes","sameAs":["http:\/\/www.marcelolopes.jor.br"],"url":"https:\/\/marcelolopes.jor.br\/site\/author\/marcelo\/"}]}},"wps_subtitle":"Programa Brasil Digital incluiu o munic\u00edpio em lista com outras 58 cidades.","_links":{"self":[{"href":"https:\/\/marcelolopes.jor.br\/site\/wp-json\/wp\/v2\/posts\/65461","targetHints":{"allow":["GET"]}}],"collection":[{"href":"https:\/\/marcelolopes.jor.br\/site\/wp-json\/wp\/v2\/posts"}],"about":[{"href":"https:\/\/marcelolopes.jor.br\/site\/wp-json\/wp\/v2\/types\/post"}],"author":[{"embeddable":true,"href":"https:\/\/marcelolopes.jor.br\/site\/wp-json\/wp\/v2\/users\/2"}],"replies":[{"embeddable":true,"href":"https:\/\/marcelolopes.jor.br\/site\/wp-json\/wp\/v2\/comments?post=65461"}],"version-history":[{"count":2,"href":"https:\/\/marcelolopes.jor.br\/site\/wp-json\/wp\/v2\/posts\/65461\/revisions"}],"predecessor-version":[{"id":65464,"href":"https:\/\/marcelolopes.jor.br\/site\/wp-json\/wp\/v2\/posts\/65461\/revisions\/65464"}],"wp:featuredmedia":[{"embeddable":true,"href":"https:\/\/marcelolopes.jor.br\/site\/wp-json\/wp\/v2\/media\/65463"}],"wp:attachment":[{"href":"https:\/\/marcelolopes.jor.br\/site\/wp-json\/wp\/v2\/media?parent=65461"}],"wp:term":[{"taxonomy":"category","embeddable":true,"href":"https:\/\/marcelolopes.jor.br\/site\/wp-json\/wp\/v2\/categories?post=65461"},{"taxonomy":"post_tag","embeddable":true,"href":"https:\/\/marcelolopes.jor.br\/site\/wp-json\/wp\/v2\/tags?post=65461"}],"curies":[{"name":"wp","href":"https:\/\/api.w.org\/{rel}","templated":true}]}}