{"id":65439,"date":"2026-04-27T07:00:30","date_gmt":"2026-04-27T10:00:30","guid":{"rendered":"https:\/\/marcelolopes.jor.br\/site\/?p=65439"},"modified":"2026-04-25T14:00:10","modified_gmt":"2026-04-25T17:00:10","slug":"area-atendida-pela-energisa-minas-rio-tem-energia-por-mais-tempo-diz-aneel","status":"publish","type":"post","link":"https:\/\/marcelolopes.jor.br\/site\/2026\/04\/27\/area-atendida-pela-energisa-minas-rio-tem-energia-por-mais-tempo-diz-aneel\/","title":{"rendered":"\u00c1rea atendida pela Energisa Minas Rio t\u00eam energia por mais tempo, diz Aneel"},"content":{"rendered":"<p>A \u00e1rea de atua\u00e7\u00e3o da Energisa Minas Rio tem fornecimento de energia el\u00e9trica acima da m\u00e9dia do pa\u00eds, conforme dados da Ag\u00eancia Nacional de Energia El\u00e9trica (Aneel). Isso significa menos tempo sem interrup\u00e7\u00f5es (falta de energia), e, em n\u00fameros, representam 14% ou 7,96 horas no ano sem eletricidade. A m\u00e9dia no pa\u00eds \u00e9 de 9h30min\/ano sem energia.<!--more--><\/p>\n<h4 class=\"p1\"><span class=\"s1\">\ud83d\udcf8\u00a0<span style=\"color: #008000;\">Siga o Site do Marcelo Lopes no<\/span>\u00a0<span style=\"color: #800000;\"><a style=\"color: #800000;\" href=\"https:\/\/www.facebook.com\/sitedomarcelolopes\/\"><strong>Facebook<\/strong><\/a><\/span>\u00a0<span style=\"color: #008000;\">e no<\/span>\u00a0<span style=\"color: #800000;\"><strong><a style=\"color: #800000;\" href=\"https:\/\/www.instagram.com\/sitedomarcelolopes\/\">Instagram<\/a><\/strong><\/span><\/span><\/h4>\n<h4 class=\"p1\">\ud83d\udcf1<span style=\"color: #008000;\">Participe do grupo de<\/span>\u00a0<span style=\"color: #800000;\"><a style=\"color: #800000;\" href=\"https:\/\/chat.whatsapp.com\/BibzcI1ibYSKytbdyzubLA\"><strong>WhatsApp<\/strong><\/a><\/span> <span style=\"color: #008000;\">do Site do Marcelo Lopes<\/span><\/h4>\n<p>Esse resultado est\u00e1 diretamente ligado a investimentos feitos para refor\u00e7ar a rede el\u00e9trica e reduzir o tempo das interrup\u00e7\u00f5es. Desde 2023, a Energisa Minas Rio investiu mais de R$ 276 milh\u00f5es na moderniza\u00e7\u00e3o da rede. Os recursos foram usados para tornar o sistema mais confi\u00e1vel, acelerar o restabelecimento do fornecimento e melhorar a qualidade do atendimento aos consumidores, com foco na automa\u00e7\u00e3o da rede.<\/p>\n<p>A Energisa Minas Rio atende 65 munic\u00edpios mineiros e dois do estado do Rio de Janeiro e registrou o melhor desempenho entre todas as distribuidoras que operam nesses dois estados, segundo dados da Aneel. O levantamento considera os indicadores DEC (Dura\u00e7\u00e3o Equivalente de Interrup\u00e7\u00e3o por Unidade Consumidora), que mede o tempo m\u00e9dio que os clientes ficam sem energia, e FEC (Frequ\u00eancia Equivalente de Interrup\u00e7\u00e3o por Unidade Consumidora), que aponta quantas vezes, em m\u00e9dia, ocorrem interrup\u00e7\u00f5es no fornecimento ao longo do ano.<\/p>\n<blockquote><p>\u201cA Energisa Minas Rio tem o compromisso cont\u00ednuo de acompanhar o desenvolvimento das regi\u00f5es que atende. Quando a energia fica dispon\u00edvel por mais tempo, hospitais passam a operar com mais seguran\u00e7a, o com\u00e9rcio funciona melhor, a ind\u00fastria e o agroneg\u00f3cio produzem mais e as cidades se tornam mais preparadas para receber novos investimentos\u201d, afirma Victor Rispoli, gerente de planejamento e or\u00e7amento da Energisa Minas Rio.<\/p><\/blockquote>\n<p>Todo esse conjunto de a\u00e7\u00f5es reflete o valor pago pelo consumidor na conta de luz. Esse valor cobre a compra de energia, a manuten\u00e7\u00e3o da rede, a moderniza\u00e7\u00e3o de subesta\u00e7\u00f5es, investimentos em tecnologia, aquisi\u00e7\u00e3o de ve\u00edculos, ferramentas, materiais, al\u00e9m de pagar e treinar equipes que trabalham todos os dias para levar energia \u00e0s casas com seguran\u00e7a e qualidade.<\/p>\n<p>Parte desses investimentos tamb\u00e9m tem impacto direto na redu\u00e7\u00e3o dos desligamentos programados, que ocorrem quando a rede el\u00e9trica precisa passar por manuten\u00e7\u00f5es ou melhorias. Nesses casos, por seguran\u00e7a, \u00e9 necess\u00e1rio desligar temporariamente o fornecimento para que as equipes possam trabalhar e realizar os servi\u00e7os de forma adequada.<\/p>\n<p>Em Minas Gerais, a Energisa Minas Rio reduziu em 13% o n\u00famero desse tipo de interrup\u00e7\u00e3o entre janeiro e mar\u00e7o, na compara\u00e7\u00e3o com o mesmo per\u00edodo do ano anterior. A queda \u00e9 resultado dos investimentos em equipamentos, geradores e manuten\u00e7\u00e3o da rede com a t\u00e9cnica de linha viva, que permite a realiza\u00e7\u00e3o de servi\u00e7os com a rede energizada, diminuindo a necessidade de desligamentos e reduzindo o impacto para os consumidores.<\/p>\n<p><strong>OUTRAS NOT\u00cdCIAS<\/strong><br \/>\n<a href=\"https:\/\/marcelolopes.jor.br\/site\/2026\/04\/20\/energisa-regulariza-mais-127-mil-kwh-em-ligacoes-clandestinas-este-ano\/\"><strong><span style=\"color: #800000;\">Energisa regulariza mais 127 mil\/kWh em liga\u00e7\u00f5es clandestinas este ano<\/span><\/strong><\/a><\/p>\n<p><a href=\"https:\/\/marcelolopes.jor.br\/site\/2026\/03\/26\/energisa-minas-rio-e-eleita-a-segunda-melhor-distribuidora-do-sudeste\/\"><strong><span style=\"color: #800000;\">Energisa Minas Rio \u00e9 eleita a segunda melhor distribuidora do Sudeste<\/span><\/strong><\/a><\/p>\n<p>Fonte e foto: Energisa Minas Rio<\/p>\n<div class=\"qvjuf69f764c5c3352\" ><br><\/div><style type=\"text\/css\">\r\n@media screen and (min-width: 1201px) {\r\n.qvjuf69f764c5c3352 {\r\ndisplay: block;\r\n}\r\n}\r\n@media screen and (min-width: 993px) and (max-width: 1200px) {\r\n.qvjuf69f764c5c3352 {\r\ndisplay: block;\r\n}\r\n}\r\n@media screen and (min-width: 769px) and (max-width: 992px) {\r\n.qvjuf69f764c5c3352 {\r\ndisplay: block;\r\n}\r\n}\r\n@media screen and (min-width: 768px) and (max-width: 768px) {\r\n.qvjuf69f764c5c3352 {\r\ndisplay: block;\r\n}\r\n}\r\n@media screen and (max-width: 767px) {\r\n.qvjuf69f764c5c3352 {\r\ndisplay: block;\r\n}\r\n}\r\n<\/style>\r\n<div class=\"qoxhc69f764c5c8c65\" ><div id=\"div_destino\"><\/div>\r\n<script src=\"https:\/\/cdn.snsrsv.com\/sdk.js\"><\/script>\r\n<script >\r\n      new sdk(\"464030C30061EA8BE065000000000001\") \r\n          .appendTo(\"div_destino\")\r\n          .disableStyle(true) \r\n          .setCacheBusterMacro(\"%%CACHEBUSTER%%\")\r\n          .setSize(\"800\",\"214\")\r\n          .setClickMacro(\"%%CLICK_URL_ESC%%\") \r\n          .setReferrerUrlMacro(\"%%REFERRER_URL_ESC%%\") \r\n          .start(); \r\n<\/script><\/div><style type=\"text\/css\">\r\n@media screen and (min-width: 1201px) {\r\n.qoxhc69f764c5c8c65 {\r\ndisplay: block;\r\n}\r\n}\r\n@media screen and (min-width: 993px) and (max-width: 1200px) {\r\n.qoxhc69f764c5c8c65 {\r\ndisplay: block;\r\n}\r\n}\r\n@media screen and (min-width: 769px) and (max-width: 992px) {\r\n.qoxhc69f764c5c8c65 {\r\ndisplay: block;\r\n}\r\n}\r\n@media screen and (min-width: 768px) and (max-width: 768px) {\r\n.qoxhc69f764c5c8c65 {\r\ndisplay: block;\r\n}\r\n}\r\n@media screen and (max-width: 767px) {\r\n.qoxhc69f764c5c8c65 {\r\ndisplay: block;\r\n}\r\n}\r\n<\/style>\r\n","protected":false},"excerpt":{"rendered":"<p>A \u00e1rea de atua\u00e7\u00e3o da Energisa Minas Rio tem fornecimento de energia el\u00e9trica acima da m\u00e9dia do pa\u00eds, conforme dados da Ag\u00eancia Nacional de Energia El\u00e9trica (Aneel). Isso significa menos tempo sem interrup\u00e7\u00f5es (falta de energia), e, em n\u00fameros, representam<\/p>\n<p class=\"link-more\"><a class=\"more-link\" href=\"https:\/\/marcelolopes.jor.br\/site\/2026\/04\/27\/area-atendida-pela-energisa-minas-rio-tem-energia-por-mais-tempo-diz-aneel\/\">Leia mais <span class=\"screen-reader-text\">\u00c1rea atendida pela Energisa Minas Rio t\u00eam energia por mais tempo, diz Aneel<\/span><\/a><\/p>\n","protected":false},"author":2,"featured_media":65441,"comment_status":"open","ping_status":"closed","sticky":false,"template":"","format":"standard","meta":{"footnotes":""},"categories":[1],"tags":[],"class_list":["post-65439","post","type-post","status-publish","format-standard","has-post-thumbnail","hentry","category-noticias","thumb-below-title"],"yoast_head":"<!-- This site is optimized with the Yoast SEO plugin v27.4 - https:\/\/yoast.com\/product\/yoast-seo-wordpress\/ -->\n<title>\u00c1rea atendida pela Energisa Minas Rio tem energia por mais<\/title>\n<meta name=\"description\" content=\"\u00c1rea atendida pela Energisa Minas Rio tem energia por mais tempo, diz Aneel. No Brasil o consumidor fica, em m\u00e9dia, 9h30m\/ano sem energia.\" \/>\n<meta name=\"robots\" content=\"index, follow, max-snippet:-1, max-image-preview:large, max-video-preview:-1\" \/>\n<link rel=\"canonical\" href=\"https:\/\/marcelolopes.jor.br\/site\/2026\/04\/27\/area-atendida-pela-energisa-minas-rio-tem-energia-por-mais-tempo-diz-aneel\/\" \/>\n<meta property=\"og:locale\" content=\"pt_BR\" \/>\n<meta property=\"og:type\" content=\"article\" \/>\n<meta property=\"og:title\" content=\"\u00c1rea atendida pela Energisa Minas Rio tem energia por mais\" \/>\n<meta property=\"og:description\" content=\"\u00c1rea atendida pela Energisa Minas Rio tem energia por mais tempo, diz Aneel. No Brasil o consumidor fica, em m\u00e9dia, 9h30m\/ano sem energia.\" \/>\n<meta property=\"og:url\" content=\"https:\/\/marcelolopes.jor.br\/site\/2026\/04\/27\/area-atendida-pela-energisa-minas-rio-tem-energia-por-mais-tempo-diz-aneel\/\" \/>\n<meta property=\"og:site_name\" content=\"Marcelo Lopes\" \/>\n<meta property=\"article:publisher\" content=\"https:\/\/www.facebook.com\/sitedomarcelolopes\" \/>\n<meta property=\"article:published_time\" content=\"2026-04-27T10:00:30+00:00\" \/>\n<meta property=\"og:image\" content=\"https:\/\/marcelolopes.jor.br\/site\/wp-content\/uploads\/2026\/04\/image001-3.png\" \/>\n\t<meta property=\"og:image:width\" content=\"901\" \/>\n\t<meta property=\"og:image:height\" content=\"600\" \/>\n\t<meta property=\"og:image:type\" content=\"image\/png\" \/>\n<meta name=\"author\" content=\"Marcelo Lopes\" \/>\n<meta name=\"twitter:card\" content=\"summary_large_image\" \/>\n<meta name=\"twitter:label1\" content=\"Escrito por\" \/>\n\t<meta name=\"twitter:data1\" content=\"Marcelo Lopes\" \/>\n\t<meta name=\"twitter:label2\" content=\"Est. tempo de leitura\" \/>\n\t<meta name=\"twitter:data2\" content=\"3 minutos\" \/>\n<script type=\"application\/ld+json\" class=\"yoast-schema-graph\">{\"@context\":\"https:\\\/\\\/schema.org\",\"@graph\":[{\"@type\":\"NewsArticle\",\"@id\":\"https:\\\/\\\/marcelolopes.jor.br\\\/site\\\/2026\\\/04\\\/27\\\/area-atendida-pela-energisa-minas-rio-tem-energia-por-mais-tempo-diz-aneel\\\/#article\",\"isPartOf\":{\"@id\":\"https:\\\/\\\/marcelolopes.jor.br\\\/site\\\/2026\\\/04\\\/27\\\/area-atendida-pela-energisa-minas-rio-tem-energia-por-mais-tempo-diz-aneel\\\/\"},\"author\":{\"name\":\"Marcelo Lopes\",\"@id\":\"https:\\\/\\\/marcelolopes.jor.br\\\/site\\\/#\\\/schema\\\/person\\\/3e7216a35c34d8fdf952b31da3d1f89f\"},\"headline\":\"\u00c1rea atendida pela Energisa Minas Rio t\u00eam energia por mais tempo, diz Aneel\",\"datePublished\":\"2026-04-27T10:00:30+00:00\",\"mainEntityOfPage\":{\"@id\":\"https:\\\/\\\/marcelolopes.jor.br\\\/site\\\/2026\\\/04\\\/27\\\/area-atendida-pela-energisa-minas-rio-tem-energia-por-mais-tempo-diz-aneel\\\/\"},\"wordCount\":557,\"commentCount\":0,\"publisher\":{\"@id\":\"https:\\\/\\\/marcelolopes.jor.br\\\/site\\\/#organization\"},\"image\":{\"@id\":\"https:\\\/\\\/marcelolopes.jor.br\\\/site\\\/2026\\\/04\\\/27\\\/area-atendida-pela-energisa-minas-rio-tem-energia-por-mais-tempo-diz-aneel\\\/#primaryimage\"},\"thumbnailUrl\":\"https:\\\/\\\/marcelolopes.jor.br\\\/site\\\/wp-content\\\/uploads\\\/2026\\\/04\\\/image001-3.png\",\"articleSection\":[\"Not\u00edcias\"],\"inLanguage\":\"pt-BR\",\"potentialAction\":[{\"@type\":\"CommentAction\",\"name\":\"Comment\",\"target\":[\"https:\\\/\\\/marcelolopes.jor.br\\\/site\\\/2026\\\/04\\\/27\\\/area-atendida-pela-energisa-minas-rio-tem-energia-por-mais-tempo-diz-aneel\\\/#respond\"]}]},{\"@type\":\"WebPage\",\"@id\":\"https:\\\/\\\/marcelolopes.jor.br\\\/site\\\/2026\\\/04\\\/27\\\/area-atendida-pela-energisa-minas-rio-tem-energia-por-mais-tempo-diz-aneel\\\/\",\"url\":\"https:\\\/\\\/marcelolopes.jor.br\\\/site\\\/2026\\\/04\\\/27\\\/area-atendida-pela-energisa-minas-rio-tem-energia-por-mais-tempo-diz-aneel\\\/\",\"name\":\"\u00c1rea atendida pela Energisa Minas Rio tem energia por mais\",\"isPartOf\":{\"@id\":\"https:\\\/\\\/marcelolopes.jor.br\\\/site\\\/#website\"},\"primaryImageOfPage\":{\"@id\":\"https:\\\/\\\/marcelolopes.jor.br\\\/site\\\/2026\\\/04\\\/27\\\/area-atendida-pela-energisa-minas-rio-tem-energia-por-mais-tempo-diz-aneel\\\/#primaryimage\"},\"image\":{\"@id\":\"https:\\\/\\\/marcelolopes.jor.br\\\/site\\\/2026\\\/04\\\/27\\\/area-atendida-pela-energisa-minas-rio-tem-energia-por-mais-tempo-diz-aneel\\\/#primaryimage\"},\"thumbnailUrl\":\"https:\\\/\\\/marcelolopes.jor.br\\\/site\\\/wp-content\\\/uploads\\\/2026\\\/04\\\/image001-3.png\",\"datePublished\":\"2026-04-27T10:00:30+00:00\",\"description\":\"\u00c1rea atendida pela Energisa Minas Rio tem energia por mais tempo, diz Aneel. No Brasil o consumidor fica, em m\u00e9dia, 9h30m\\\/ano sem energia.\",\"breadcrumb\":{\"@id\":\"https:\\\/\\\/marcelolopes.jor.br\\\/site\\\/2026\\\/04\\\/27\\\/area-atendida-pela-energisa-minas-rio-tem-energia-por-mais-tempo-diz-aneel\\\/#breadcrumb\"},\"inLanguage\":\"pt-BR\",\"potentialAction\":[{\"@type\":\"ReadAction\",\"target\":[\"https:\\\/\\\/marcelolopes.jor.br\\\/site\\\/2026\\\/04\\\/27\\\/area-atendida-pela-energisa-minas-rio-tem-energia-por-mais-tempo-diz-aneel\\\/\"]}]},{\"@type\":\"ImageObject\",\"inLanguage\":\"pt-BR\",\"@id\":\"https:\\\/\\\/marcelolopes.jor.br\\\/site\\\/2026\\\/04\\\/27\\\/area-atendida-pela-energisa-minas-rio-tem-energia-por-mais-tempo-diz-aneel\\\/#primaryimage\",\"url\":\"https:\\\/\\\/marcelolopes.jor.br\\\/site\\\/wp-content\\\/uploads\\\/2026\\\/04\\\/image001-3.png\",\"contentUrl\":\"https:\\\/\\\/marcelolopes.jor.br\\\/site\\\/wp-content\\\/uploads\\\/2026\\\/04\\\/image001-3.png\",\"width\":901,\"height\":600,\"caption\":\"\u00c1rea atendida pela Energisa\"},{\"@type\":\"BreadcrumbList\",\"@id\":\"https:\\\/\\\/marcelolopes.jor.br\\\/site\\\/2026\\\/04\\\/27\\\/area-atendida-pela-energisa-minas-rio-tem-energia-por-mais-tempo-diz-aneel\\\/#breadcrumb\",\"itemListElement\":[{\"@type\":\"ListItem\",\"position\":1,\"name\":\"Home\",\"item\":\"https:\\\/\\\/marcelolopes.jor.br\\\/site\\\/\"},{\"@type\":\"ListItem\",\"position\":2,\"name\":\"\u00c1rea atendida pela Energisa Minas Rio t\u00eam energia por mais tempo, diz Aneel\"}]},{\"@type\":\"WebSite\",\"@id\":\"https:\\\/\\\/marcelolopes.jor.br\\\/site\\\/#website\",\"url\":\"https:\\\/\\\/marcelolopes.jor.br\\\/site\\\/\",\"name\":\"Marcelo Lopes\",\"description\":\"Not\u00edcias de Cataguases e Regi\u00e3o\",\"publisher\":{\"@id\":\"https:\\\/\\\/marcelolopes.jor.br\\\/site\\\/#organization\"},\"potentialAction\":[{\"@type\":\"SearchAction\",\"target\":{\"@type\":\"EntryPoint\",\"urlTemplate\":\"https:\\\/\\\/marcelolopes.jor.br\\\/site\\\/?s={search_term_string}\"},\"query-input\":{\"@type\":\"PropertyValueSpecification\",\"valueRequired\":true,\"valueName\":\"search_term_string\"}}],\"inLanguage\":\"pt-BR\"},{\"@type\":\"Organization\",\"@id\":\"https:\\\/\\\/marcelolopes.jor.br\\\/site\\\/#organization\",\"name\":\"Site do Marcelo Lopes\",\"url\":\"https:\\\/\\\/marcelolopes.jor.br\\\/site\\\/\",\"logo\":{\"@type\":\"ImageObject\",\"inLanguage\":\"pt-BR\",\"@id\":\"https:\\\/\\\/marcelolopes.jor.br\\\/site\\\/#\\\/schema\\\/logo\\\/image\\\/\",\"url\":\"https:\\\/\\\/marcelolopes.jor.br\\\/site\\\/wp-content\\\/uploads\\\/2024\\\/11\\\/logo-1.png\",\"contentUrl\":\"https:\\\/\\\/marcelolopes.jor.br\\\/site\\\/wp-content\\\/uploads\\\/2024\\\/11\\\/logo-1.png\",\"width\":475,\"height\":80,\"caption\":\"Site do Marcelo Lopes\"},\"image\":{\"@id\":\"https:\\\/\\\/marcelolopes.jor.br\\\/site\\\/#\\\/schema\\\/logo\\\/image\\\/\"},\"sameAs\":[\"https:\\\/\\\/www.facebook.com\\\/sitedomarcelolopes\",\"https:\\\/\\\/www.instagram.com\\\/sitedomarcelolopes\\\/\",\"https:\\\/\\\/www.linkedin.com\\\/company\\\/site-do-marcelo-lopes\\\/\",\"https:\\\/\\\/www.youtube.com\\\/user\\\/marcelolopes957\"]},{\"@type\":\"Person\",\"@id\":\"https:\\\/\\\/marcelolopes.jor.br\\\/site\\\/#\\\/schema\\\/person\\\/3e7216a35c34d8fdf952b31da3d1f89f\",\"name\":\"Marcelo Lopes\",\"sameAs\":[\"http:\\\/\\\/www.marcelolopes.jor.br\"],\"url\":\"https:\\\/\\\/marcelolopes.jor.br\\\/site\\\/author\\\/marcelo\\\/\"}]}<\/script>\n<!-- \/ Yoast SEO plugin. -->","yoast_head_json":{"title":"\u00c1rea atendida pela Energisa Minas Rio tem energia por mais","description":"\u00c1rea atendida pela Energisa Minas Rio tem energia por mais tempo, diz Aneel. No Brasil o consumidor fica, em m\u00e9dia, 9h30m\/ano sem energia.","robots":{"index":"index","follow":"follow","max-snippet":"max-snippet:-1","max-image-preview":"max-image-preview:large","max-video-preview":"max-video-preview:-1"},"canonical":"https:\/\/marcelolopes.jor.br\/site\/2026\/04\/27\/area-atendida-pela-energisa-minas-rio-tem-energia-por-mais-tempo-diz-aneel\/","og_locale":"pt_BR","og_type":"article","og_title":"\u00c1rea atendida pela Energisa Minas Rio tem energia por mais","og_description":"\u00c1rea atendida pela Energisa Minas Rio tem energia por mais tempo, diz Aneel. No Brasil o consumidor fica, em m\u00e9dia, 9h30m\/ano sem energia.","og_url":"https:\/\/marcelolopes.jor.br\/site\/2026\/04\/27\/area-atendida-pela-energisa-minas-rio-tem-energia-por-mais-tempo-diz-aneel\/","og_site_name":"Marcelo Lopes","article_publisher":"https:\/\/www.facebook.com\/sitedomarcelolopes","article_published_time":"2026-04-27T10:00:30+00:00","og_image":[{"width":901,"height":600,"url":"https:\/\/marcelolopes.jor.br\/site\/wp-content\/uploads\/2026\/04\/image001-3.png","type":"image\/png"}],"author":"Marcelo Lopes","twitter_card":"summary_large_image","twitter_misc":{"Escrito por":"Marcelo Lopes","Est. tempo de leitura":"3 minutos"},"schema":{"@context":"https:\/\/schema.org","@graph":[{"@type":"NewsArticle","@id":"https:\/\/marcelolopes.jor.br\/site\/2026\/04\/27\/area-atendida-pela-energisa-minas-rio-tem-energia-por-mais-tempo-diz-aneel\/#article","isPartOf":{"@id":"https:\/\/marcelolopes.jor.br\/site\/2026\/04\/27\/area-atendida-pela-energisa-minas-rio-tem-energia-por-mais-tempo-diz-aneel\/"},"author":{"name":"Marcelo Lopes","@id":"https:\/\/marcelolopes.jor.br\/site\/#\/schema\/person\/3e7216a35c34d8fdf952b31da3d1f89f"},"headline":"\u00c1rea atendida pela Energisa Minas Rio t\u00eam energia por mais tempo, diz Aneel","datePublished":"2026-04-27T10:00:30+00:00","mainEntityOfPage":{"@id":"https:\/\/marcelolopes.jor.br\/site\/2026\/04\/27\/area-atendida-pela-energisa-minas-rio-tem-energia-por-mais-tempo-diz-aneel\/"},"wordCount":557,"commentCount":0,"publisher":{"@id":"https:\/\/marcelolopes.jor.br\/site\/#organization"},"image":{"@id":"https:\/\/marcelolopes.jor.br\/site\/2026\/04\/27\/area-atendida-pela-energisa-minas-rio-tem-energia-por-mais-tempo-diz-aneel\/#primaryimage"},"thumbnailUrl":"https:\/\/marcelolopes.jor.br\/site\/wp-content\/uploads\/2026\/04\/image001-3.png","articleSection":["Not\u00edcias"],"inLanguage":"pt-BR","potentialAction":[{"@type":"CommentAction","name":"Comment","target":["https:\/\/marcelolopes.jor.br\/site\/2026\/04\/27\/area-atendida-pela-energisa-minas-rio-tem-energia-por-mais-tempo-diz-aneel\/#respond"]}]},{"@type":"WebPage","@id":"https:\/\/marcelolopes.jor.br\/site\/2026\/04\/27\/area-atendida-pela-energisa-minas-rio-tem-energia-por-mais-tempo-diz-aneel\/","url":"https:\/\/marcelolopes.jor.br\/site\/2026\/04\/27\/area-atendida-pela-energisa-minas-rio-tem-energia-por-mais-tempo-diz-aneel\/","name":"\u00c1rea atendida pela Energisa Minas Rio tem energia por mais","isPartOf":{"@id":"https:\/\/marcelolopes.jor.br\/site\/#website"},"primaryImageOfPage":{"@id":"https:\/\/marcelolopes.jor.br\/site\/2026\/04\/27\/area-atendida-pela-energisa-minas-rio-tem-energia-por-mais-tempo-diz-aneel\/#primaryimage"},"image":{"@id":"https:\/\/marcelolopes.jor.br\/site\/2026\/04\/27\/area-atendida-pela-energisa-minas-rio-tem-energia-por-mais-tempo-diz-aneel\/#primaryimage"},"thumbnailUrl":"https:\/\/marcelolopes.jor.br\/site\/wp-content\/uploads\/2026\/04\/image001-3.png","datePublished":"2026-04-27T10:00:30+00:00","description":"\u00c1rea atendida pela Energisa Minas Rio tem energia por mais tempo, diz Aneel. No Brasil o consumidor fica, em m\u00e9dia, 9h30m\/ano sem energia.","breadcrumb":{"@id":"https:\/\/marcelolopes.jor.br\/site\/2026\/04\/27\/area-atendida-pela-energisa-minas-rio-tem-energia-por-mais-tempo-diz-aneel\/#breadcrumb"},"inLanguage":"pt-BR","potentialAction":[{"@type":"ReadAction","target":["https:\/\/marcelolopes.jor.br\/site\/2026\/04\/27\/area-atendida-pela-energisa-minas-rio-tem-energia-por-mais-tempo-diz-aneel\/"]}]},{"@type":"ImageObject","inLanguage":"pt-BR","@id":"https:\/\/marcelolopes.jor.br\/site\/2026\/04\/27\/area-atendida-pela-energisa-minas-rio-tem-energia-por-mais-tempo-diz-aneel\/#primaryimage","url":"https:\/\/marcelolopes.jor.br\/site\/wp-content\/uploads\/2026\/04\/image001-3.png","contentUrl":"https:\/\/marcelolopes.jor.br\/site\/wp-content\/uploads\/2026\/04\/image001-3.png","width":901,"height":600,"caption":"\u00c1rea atendida pela Energisa"},{"@type":"BreadcrumbList","@id":"https:\/\/marcelolopes.jor.br\/site\/2026\/04\/27\/area-atendida-pela-energisa-minas-rio-tem-energia-por-mais-tempo-diz-aneel\/#breadcrumb","itemListElement":[{"@type":"ListItem","position":1,"name":"Home","item":"https:\/\/marcelolopes.jor.br\/site\/"},{"@type":"ListItem","position":2,"name":"\u00c1rea atendida pela Energisa Minas Rio t\u00eam energia por mais tempo, diz Aneel"}]},{"@type":"WebSite","@id":"https:\/\/marcelolopes.jor.br\/site\/#website","url":"https:\/\/marcelolopes.jor.br\/site\/","name":"Marcelo Lopes","description":"Not\u00edcias de Cataguases e Regi\u00e3o","publisher":{"@id":"https:\/\/marcelolopes.jor.br\/site\/#organization"},"potentialAction":[{"@type":"SearchAction","target":{"@type":"EntryPoint","urlTemplate":"https:\/\/marcelolopes.jor.br\/site\/?s={search_term_string}"},"query-input":{"@type":"PropertyValueSpecification","valueRequired":true,"valueName":"search_term_string"}}],"inLanguage":"pt-BR"},{"@type":"Organization","@id":"https:\/\/marcelolopes.jor.br\/site\/#organization","name":"Site do Marcelo Lopes","url":"https:\/\/marcelolopes.jor.br\/site\/","logo":{"@type":"ImageObject","inLanguage":"pt-BR","@id":"https:\/\/marcelolopes.jor.br\/site\/#\/schema\/logo\/image\/","url":"https:\/\/marcelolopes.jor.br\/site\/wp-content\/uploads\/2024\/11\/logo-1.png","contentUrl":"https:\/\/marcelolopes.jor.br\/site\/wp-content\/uploads\/2024\/11\/logo-1.png","width":475,"height":80,"caption":"Site do Marcelo Lopes"},"image":{"@id":"https:\/\/marcelolopes.jor.br\/site\/#\/schema\/logo\/image\/"},"sameAs":["https:\/\/www.facebook.com\/sitedomarcelolopes","https:\/\/www.instagram.com\/sitedomarcelolopes\/","https:\/\/www.linkedin.com\/company\/site-do-marcelo-lopes\/","https:\/\/www.youtube.com\/user\/marcelolopes957"]},{"@type":"Person","@id":"https:\/\/marcelolopes.jor.br\/site\/#\/schema\/person\/3e7216a35c34d8fdf952b31da3d1f89f","name":"Marcelo Lopes","sameAs":["http:\/\/www.marcelolopes.jor.br"],"url":"https:\/\/marcelolopes.jor.br\/site\/author\/marcelo\/"}]}},"wps_subtitle":"No Brasil o consumidor fica, em m\u00e9dia, 9h30m\/ano sem energia. Na regi\u00e3o \u00e9 de 7,96h\/ano.","_links":{"self":[{"href":"https:\/\/marcelolopes.jor.br\/site\/wp-json\/wp\/v2\/posts\/65439","targetHints":{"allow":["GET"]}}],"collection":[{"href":"https:\/\/marcelolopes.jor.br\/site\/wp-json\/wp\/v2\/posts"}],"about":[{"href":"https:\/\/marcelolopes.jor.br\/site\/wp-json\/wp\/v2\/types\/post"}],"author":[{"embeddable":true,"href":"https:\/\/marcelolopes.jor.br\/site\/wp-json\/wp\/v2\/users\/2"}],"replies":[{"embeddable":true,"href":"https:\/\/marcelolopes.jor.br\/site\/wp-json\/wp\/v2\/comments?post=65439"}],"version-history":[{"count":2,"href":"https:\/\/marcelolopes.jor.br\/site\/wp-json\/wp\/v2\/posts\/65439\/revisions"}],"predecessor-version":[{"id":65442,"href":"https:\/\/marcelolopes.jor.br\/site\/wp-json\/wp\/v2\/posts\/65439\/revisions\/65442"}],"wp:featuredmedia":[{"embeddable":true,"href":"https:\/\/marcelolopes.jor.br\/site\/wp-json\/wp\/v2\/media\/65441"}],"wp:attachment":[{"href":"https:\/\/marcelolopes.jor.br\/site\/wp-json\/wp\/v2\/media?parent=65439"}],"wp:term":[{"taxonomy":"category","embeddable":true,"href":"https:\/\/marcelolopes.jor.br\/site\/wp-json\/wp\/v2\/categories?post=65439"},{"taxonomy":"post_tag","embeddable":true,"href":"https:\/\/marcelolopes.jor.br\/site\/wp-json\/wp\/v2\/tags?post=65439"}],"curies":[{"name":"wp","href":"https:\/\/api.w.org\/{rel}","templated":true}]}}