{"id":65435,"date":"2026-04-25T12:00:00","date_gmt":"2026-04-25T15:00:00","guid":{"rendered":"https:\/\/marcelolopes.jor.br\/site\/?p=65435"},"modified":"2026-04-25T10:59:42","modified_gmt":"2026-04-25T13:59:42","slug":"sala-mineira-do-empreendedor-itinerante-vai-ao-mercado-do-produtor","status":"publish","type":"post","link":"https:\/\/marcelolopes.jor.br\/site\/2026\/04\/25\/sala-mineira-do-empreendedor-itinerante-vai-ao-mercado-do-produtor\/","title":{"rendered":"Sala Mineira do Empreendedor Itinerante vai ao Mercado do Produtor"},"content":{"rendered":"<p>A Prefeitura de Cataguases realizou, nesta sexta-feira, 24 de abril, mais uma edi\u00e7\u00e3o da Sala Mineira do Empreendedor (SME) Itinerante, desta vez no Mercado do Produtor, levando servi\u00e7os e orienta\u00e7\u00f5es diretamente aos empreendedores do agroneg\u00f3cio e da economia familiar. A a\u00e7\u00e3o refor\u00e7a o compromisso de aproximar o poder p\u00fablico de quem movimenta diariamente a economia local e depende de suporte \u00e1gil para fortalecer seus neg\u00f3cios.<!--more--><\/p>\n<h4 class=\"p1\"><span class=\"s1\">\ud83d\udcf8\u00a0<span style=\"color: #008000;\">Siga o Site do Marcelo Lopes no<\/span>\u00a0<span style=\"color: #800000;\"><a style=\"color: #800000;\" href=\"https:\/\/www.facebook.com\/sitedomarcelolopes\/\"><strong>Facebook<\/strong><\/a><\/span>\u00a0<span style=\"color: #008000;\">e no<\/span>\u00a0<span style=\"color: #800000;\"><strong><a style=\"color: #800000;\" href=\"https:\/\/www.instagram.com\/sitedomarcelolopes\/\">Instagram<\/a><\/strong><\/span><\/span><\/h4>\n<h4 class=\"p1\">\ud83d\udcf1<span style=\"color: #008000;\">Participe do grupo de<\/span>\u00a0<span style=\"color: #800000;\"><a style=\"color: #800000;\" href=\"https:\/\/chat.whatsapp.com\/BibzcI1ibYSKytbdyzubLA\"><strong>WhatsApp<\/strong><\/a><\/span> <span style=\"color: #008000;\">do Site do Marcelo Lopes<\/span><\/h4>\n<p>Promovida por meio da Secretaria de Desenvolvimento Econ\u00f4mico e Gest\u00e3o Institucional e da Sala Mineira do Empreendedor, a iniciativa tem como principal objetivo facilitar o acesso a atendimentos essenciais, como formaliza\u00e7\u00e3o de neg\u00f3cios, orienta\u00e7\u00f5es de gest\u00e3o e apoio ao empreendedorismo.<\/p>\n<p>O foco \u00e9 atender de forma pr\u00e1tica e acess\u00edvel produtores rurais, feirantes e pequenos empreendedores que, muitas vezes, enfrentam dificuldades para buscar esse suporte em outros locais ou hor\u00e1rios.<\/p>\n<p>Segundo a coordenadora da SME Cataguases, Maralize Abranches, a proposta \u00e9 tornar o atendimento mais pr\u00f3ximo e eficiente. \u201cNosso compromisso \u00e9 levar o atendimento at\u00e9 o cidad\u00e3o, com mais agilidade e efici\u00eancia, fortalecendo quem gera renda e movimenta nossa cidade\u201d, destacou.<\/p>\n<p>Mais do que um espa\u00e7o de comercializa\u00e7\u00e3o, o Mercado do Produtor \u00e9 considerado um importante ponto de encontro da produ\u00e7\u00e3o rural e da economia familiar em Cataguases, reunindo diariamente trabalhadores que est\u00e3o na base do desenvolvimento econ\u00f4mico do munic\u00edpio.<\/p>\n<p>Com a\u00e7\u00f5es como a SME Itinerante, completou Maralize, a Prefeitura busca valorizar esse setor e oferecer ferramentas para que esses empreendedores possam crescer com mais seguran\u00e7a, organiza\u00e7\u00e3o e oportunidades.<\/p>\n<p><strong>OUTRAS NOT\u00cdCIAS<\/strong><br \/>\n<a href=\"https:\/\/marcelolopes.jor.br\/site\/2023\/12\/15\/sala-mineira-do-empreendedor-de-cataguases-recebe-selo-ouro-do-sebrae\/\"><strong><span style=\"color: #800000;\">Sala Mineira do Empreendedor de Cataguases recebe Selo Ouro do Sebrae<\/span><\/strong><\/a><\/p>\n<p><a href=\"https:\/\/marcelolopes.jor.br\/site\/2025\/04\/03\/capacitacao-orienta-sobre-as-vantagens-do-trafego-pago-na-internet\/\"><strong><span style=\"color: #800000;\">Capacita\u00e7\u00e3o orienta sobre as vantagens do tr\u00e1fego pago na internet<\/span><\/strong><\/a><\/p>\n<p>Fonte e foto: SME Itinerante<\/p>\n<div class=\"duocf69f764c6c1bb1\" ><br><\/div><style type=\"text\/css\">\r\n@media screen and (min-width: 1201px) {\r\n.duocf69f764c6c1bb1 {\r\ndisplay: block;\r\n}\r\n}\r\n@media screen and (min-width: 993px) and (max-width: 1200px) {\r\n.duocf69f764c6c1bb1 {\r\ndisplay: block;\r\n}\r\n}\r\n@media screen and (min-width: 769px) and (max-width: 992px) {\r\n.duocf69f764c6c1bb1 {\r\ndisplay: block;\r\n}\r\n}\r\n@media screen and (min-width: 768px) and (max-width: 768px) {\r\n.duocf69f764c6c1bb1 {\r\ndisplay: block;\r\n}\r\n}\r\n@media screen and (max-width: 767px) {\r\n.duocf69f764c6c1bb1 {\r\ndisplay: block;\r\n}\r\n}\r\n<\/style>\r\n<div class=\"mqjmg69f764c6c7409\" ><div id=\"div_destino\"><\/div>\r\n<script src=\"https:\/\/cdn.snsrsv.com\/sdk.js\"><\/script>\r\n<script >\r\n      new sdk(\"464030C30061EA8BE065000000000001\") \r\n          .appendTo(\"div_destino\")\r\n          .disableStyle(true) \r\n          .setCacheBusterMacro(\"%%CACHEBUSTER%%\")\r\n          .setSize(\"800\",\"214\")\r\n          .setClickMacro(\"%%CLICK_URL_ESC%%\") \r\n          .setReferrerUrlMacro(\"%%REFERRER_URL_ESC%%\") \r\n          .start(); \r\n<\/script><\/div><style type=\"text\/css\">\r\n@media screen and (min-width: 1201px) {\r\n.mqjmg69f764c6c7409 {\r\ndisplay: block;\r\n}\r\n}\r\n@media screen and (min-width: 993px) and (max-width: 1200px) {\r\n.mqjmg69f764c6c7409 {\r\ndisplay: block;\r\n}\r\n}\r\n@media screen and (min-width: 769px) and (max-width: 992px) {\r\n.mqjmg69f764c6c7409 {\r\ndisplay: block;\r\n}\r\n}\r\n@media screen and (min-width: 768px) and (max-width: 768px) {\r\n.mqjmg69f764c6c7409 {\r\ndisplay: block;\r\n}\r\n}\r\n@media screen and (max-width: 767px) {\r\n.mqjmg69f764c6c7409 {\r\ndisplay: block;\r\n}\r\n}\r\n<\/style>\r\n","protected":false},"excerpt":{"rendered":"<p>A Prefeitura de Cataguases realizou, nesta sexta-feira, 24 de abril, mais uma edi\u00e7\u00e3o da Sala Mineira do Empreendedor (SME) Itinerante, desta vez no Mercado do Produtor, levando servi\u00e7os e orienta\u00e7\u00f5es diretamente aos empreendedores do agroneg\u00f3cio e da economia familiar. A<\/p>\n<p class=\"link-more\"><a class=\"more-link\" href=\"https:\/\/marcelolopes.jor.br\/site\/2026\/04\/25\/sala-mineira-do-empreendedor-itinerante-vai-ao-mercado-do-produtor\/\">Leia mais <span class=\"screen-reader-text\">Sala Mineira do Empreendedor Itinerante vai ao Mercado do Produtor<\/span><\/a><\/p>\n","protected":false},"author":2,"featured_media":65437,"comment_status":"open","ping_status":"closed","sticky":false,"template":"","format":"standard","meta":{"footnotes":""},"categories":[1],"tags":[],"class_list":["post-65435","post","type-post","status-publish","format-standard","has-post-thumbnail","hentry","category-noticias","thumb-below-title"],"yoast_head":"<!-- This site is optimized with the Yoast SEO plugin v27.4 - https:\/\/yoast.com\/product\/yoast-seo-wordpress\/ -->\n<title>Sala Mineira do Empreendedor Itinerante vai ao Mercado do<\/title>\n<meta name=\"description\" content=\"Sala Mineira do Empreendedor Itinerante vai ao Mercado do Produtor. A iniciativa tem como principal objetivo facilitar o acesso a...\" \/>\n<meta name=\"robots\" content=\"index, follow, max-snippet:-1, max-image-preview:large, max-video-preview:-1\" \/>\n<link rel=\"canonical\" href=\"https:\/\/marcelolopes.jor.br\/site\/2026\/04\/25\/sala-mineira-do-empreendedor-itinerante-vai-ao-mercado-do-produtor\/\" \/>\n<meta property=\"og:locale\" content=\"pt_BR\" \/>\n<meta property=\"og:type\" content=\"article\" \/>\n<meta property=\"og:title\" content=\"Sala Mineira do Empreendedor Itinerante vai ao Mercado do\" \/>\n<meta property=\"og:description\" content=\"Sala Mineira do Empreendedor Itinerante vai ao Mercado do Produtor. A iniciativa tem como principal objetivo facilitar o acesso a...\" \/>\n<meta property=\"og:url\" content=\"https:\/\/marcelolopes.jor.br\/site\/2026\/04\/25\/sala-mineira-do-empreendedor-itinerante-vai-ao-mercado-do-produtor\/\" \/>\n<meta property=\"og:site_name\" content=\"Marcelo Lopes\" \/>\n<meta property=\"article:publisher\" content=\"https:\/\/www.facebook.com\/sitedomarcelolopes\" \/>\n<meta property=\"article:published_time\" content=\"2026-04-25T15:00:00+00:00\" \/>\n<meta property=\"og:image\" content=\"https:\/\/marcelolopes.jor.br\/site\/wp-content\/uploads\/2026\/04\/WhatsApp-Image-2026-04-24-at-18.37.00.jpeg\" \/>\n\t<meta property=\"og:image:width\" content=\"955\" \/>\n\t<meta property=\"og:image:height\" content=\"624\" \/>\n\t<meta property=\"og:image:type\" content=\"image\/jpeg\" \/>\n<meta name=\"author\" content=\"Marcelo Lopes\" \/>\n<meta name=\"twitter:card\" content=\"summary_large_image\" \/>\n<meta name=\"twitter:label1\" content=\"Escrito por\" \/>\n\t<meta name=\"twitter:data1\" content=\"Marcelo Lopes\" \/>\n\t<meta name=\"twitter:label2\" content=\"Est. tempo de leitura\" \/>\n\t<meta name=\"twitter:data2\" content=\"2 minutos\" \/>\n<script type=\"application\/ld+json\" class=\"yoast-schema-graph\">{\"@context\":\"https:\\\/\\\/schema.org\",\"@graph\":[{\"@type\":\"NewsArticle\",\"@id\":\"https:\\\/\\\/marcelolopes.jor.br\\\/site\\\/2026\\\/04\\\/25\\\/sala-mineira-do-empreendedor-itinerante-vai-ao-mercado-do-produtor\\\/#article\",\"isPartOf\":{\"@id\":\"https:\\\/\\\/marcelolopes.jor.br\\\/site\\\/2026\\\/04\\\/25\\\/sala-mineira-do-empreendedor-itinerante-vai-ao-mercado-do-produtor\\\/\"},\"author\":{\"name\":\"Marcelo Lopes\",\"@id\":\"https:\\\/\\\/marcelolopes.jor.br\\\/site\\\/#\\\/schema\\\/person\\\/3e7216a35c34d8fdf952b31da3d1f89f\"},\"headline\":\"Sala Mineira do Empreendedor Itinerante vai ao Mercado do Produtor\",\"datePublished\":\"2026-04-25T15:00:00+00:00\",\"mainEntityOfPage\":{\"@id\":\"https:\\\/\\\/marcelolopes.jor.br\\\/site\\\/2026\\\/04\\\/25\\\/sala-mineira-do-empreendedor-itinerante-vai-ao-mercado-do-produtor\\\/\"},\"wordCount\":329,\"commentCount\":0,\"publisher\":{\"@id\":\"https:\\\/\\\/marcelolopes.jor.br\\\/site\\\/#organization\"},\"image\":{\"@id\":\"https:\\\/\\\/marcelolopes.jor.br\\\/site\\\/2026\\\/04\\\/25\\\/sala-mineira-do-empreendedor-itinerante-vai-ao-mercado-do-produtor\\\/#primaryimage\"},\"thumbnailUrl\":\"https:\\\/\\\/marcelolopes.jor.br\\\/site\\\/wp-content\\\/uploads\\\/2026\\\/04\\\/WhatsApp-Image-2026-04-24-at-18.37.00.jpeg\",\"articleSection\":[\"Not\u00edcias\"],\"inLanguage\":\"pt-BR\",\"potentialAction\":[{\"@type\":\"CommentAction\",\"name\":\"Comment\",\"target\":[\"https:\\\/\\\/marcelolopes.jor.br\\\/site\\\/2026\\\/04\\\/25\\\/sala-mineira-do-empreendedor-itinerante-vai-ao-mercado-do-produtor\\\/#respond\"]}]},{\"@type\":\"WebPage\",\"@id\":\"https:\\\/\\\/marcelolopes.jor.br\\\/site\\\/2026\\\/04\\\/25\\\/sala-mineira-do-empreendedor-itinerante-vai-ao-mercado-do-produtor\\\/\",\"url\":\"https:\\\/\\\/marcelolopes.jor.br\\\/site\\\/2026\\\/04\\\/25\\\/sala-mineira-do-empreendedor-itinerante-vai-ao-mercado-do-produtor\\\/\",\"name\":\"Sala Mineira do Empreendedor Itinerante vai ao Mercado do\",\"isPartOf\":{\"@id\":\"https:\\\/\\\/marcelolopes.jor.br\\\/site\\\/#website\"},\"primaryImageOfPage\":{\"@id\":\"https:\\\/\\\/marcelolopes.jor.br\\\/site\\\/2026\\\/04\\\/25\\\/sala-mineira-do-empreendedor-itinerante-vai-ao-mercado-do-produtor\\\/#primaryimage\"},\"image\":{\"@id\":\"https:\\\/\\\/marcelolopes.jor.br\\\/site\\\/2026\\\/04\\\/25\\\/sala-mineira-do-empreendedor-itinerante-vai-ao-mercado-do-produtor\\\/#primaryimage\"},\"thumbnailUrl\":\"https:\\\/\\\/marcelolopes.jor.br\\\/site\\\/wp-content\\\/uploads\\\/2026\\\/04\\\/WhatsApp-Image-2026-04-24-at-18.37.00.jpeg\",\"datePublished\":\"2026-04-25T15:00:00+00:00\",\"description\":\"Sala Mineira do Empreendedor Itinerante vai ao Mercado do Produtor. A iniciativa tem como principal objetivo facilitar o acesso a...\",\"breadcrumb\":{\"@id\":\"https:\\\/\\\/marcelolopes.jor.br\\\/site\\\/2026\\\/04\\\/25\\\/sala-mineira-do-empreendedor-itinerante-vai-ao-mercado-do-produtor\\\/#breadcrumb\"},\"inLanguage\":\"pt-BR\",\"potentialAction\":[{\"@type\":\"ReadAction\",\"target\":[\"https:\\\/\\\/marcelolopes.jor.br\\\/site\\\/2026\\\/04\\\/25\\\/sala-mineira-do-empreendedor-itinerante-vai-ao-mercado-do-produtor\\\/\"]}]},{\"@type\":\"ImageObject\",\"inLanguage\":\"pt-BR\",\"@id\":\"https:\\\/\\\/marcelolopes.jor.br\\\/site\\\/2026\\\/04\\\/25\\\/sala-mineira-do-empreendedor-itinerante-vai-ao-mercado-do-produtor\\\/#primaryimage\",\"url\":\"https:\\\/\\\/marcelolopes.jor.br\\\/site\\\/wp-content\\\/uploads\\\/2026\\\/04\\\/WhatsApp-Image-2026-04-24-at-18.37.00.jpeg\",\"contentUrl\":\"https:\\\/\\\/marcelolopes.jor.br\\\/site\\\/wp-content\\\/uploads\\\/2026\\\/04\\\/WhatsApp-Image-2026-04-24-at-18.37.00.jpeg\",\"width\":955,\"height\":624,\"caption\":\"Sala Mineira do Empreendedor\"},{\"@type\":\"BreadcrumbList\",\"@id\":\"https:\\\/\\\/marcelolopes.jor.br\\\/site\\\/2026\\\/04\\\/25\\\/sala-mineira-do-empreendedor-itinerante-vai-ao-mercado-do-produtor\\\/#breadcrumb\",\"itemListElement\":[{\"@type\":\"ListItem\",\"position\":1,\"name\":\"Home\",\"item\":\"https:\\\/\\\/marcelolopes.jor.br\\\/site\\\/\"},{\"@type\":\"ListItem\",\"position\":2,\"name\":\"Sala Mineira do Empreendedor Itinerante vai ao Mercado do Produtor\"}]},{\"@type\":\"WebSite\",\"@id\":\"https:\\\/\\\/marcelolopes.jor.br\\\/site\\\/#website\",\"url\":\"https:\\\/\\\/marcelolopes.jor.br\\\/site\\\/\",\"name\":\"Marcelo Lopes\",\"description\":\"Not\u00edcias de Cataguases e Regi\u00e3o\",\"publisher\":{\"@id\":\"https:\\\/\\\/marcelolopes.jor.br\\\/site\\\/#organization\"},\"potentialAction\":[{\"@type\":\"SearchAction\",\"target\":{\"@type\":\"EntryPoint\",\"urlTemplate\":\"https:\\\/\\\/marcelolopes.jor.br\\\/site\\\/?s={search_term_string}\"},\"query-input\":{\"@type\":\"PropertyValueSpecification\",\"valueRequired\":true,\"valueName\":\"search_term_string\"}}],\"inLanguage\":\"pt-BR\"},{\"@type\":\"Organization\",\"@id\":\"https:\\\/\\\/marcelolopes.jor.br\\\/site\\\/#organization\",\"name\":\"Site do Marcelo Lopes\",\"url\":\"https:\\\/\\\/marcelolopes.jor.br\\\/site\\\/\",\"logo\":{\"@type\":\"ImageObject\",\"inLanguage\":\"pt-BR\",\"@id\":\"https:\\\/\\\/marcelolopes.jor.br\\\/site\\\/#\\\/schema\\\/logo\\\/image\\\/\",\"url\":\"https:\\\/\\\/marcelolopes.jor.br\\\/site\\\/wp-content\\\/uploads\\\/2024\\\/11\\\/logo-1.png\",\"contentUrl\":\"https:\\\/\\\/marcelolopes.jor.br\\\/site\\\/wp-content\\\/uploads\\\/2024\\\/11\\\/logo-1.png\",\"width\":475,\"height\":80,\"caption\":\"Site do Marcelo Lopes\"},\"image\":{\"@id\":\"https:\\\/\\\/marcelolopes.jor.br\\\/site\\\/#\\\/schema\\\/logo\\\/image\\\/\"},\"sameAs\":[\"https:\\\/\\\/www.facebook.com\\\/sitedomarcelolopes\",\"https:\\\/\\\/www.instagram.com\\\/sitedomarcelolopes\\\/\",\"https:\\\/\\\/www.linkedin.com\\\/company\\\/site-do-marcelo-lopes\\\/\",\"https:\\\/\\\/www.youtube.com\\\/user\\\/marcelolopes957\"]},{\"@type\":\"Person\",\"@id\":\"https:\\\/\\\/marcelolopes.jor.br\\\/site\\\/#\\\/schema\\\/person\\\/3e7216a35c34d8fdf952b31da3d1f89f\",\"name\":\"Marcelo Lopes\",\"sameAs\":[\"http:\\\/\\\/www.marcelolopes.jor.br\"],\"url\":\"https:\\\/\\\/marcelolopes.jor.br\\\/site\\\/author\\\/marcelo\\\/\"}]}<\/script>\n<!-- \/ Yoast SEO plugin. -->","yoast_head_json":{"title":"Sala Mineira do Empreendedor Itinerante vai ao Mercado do","description":"Sala Mineira do Empreendedor Itinerante vai ao Mercado do Produtor. A iniciativa tem como principal objetivo facilitar o acesso a...","robots":{"index":"index","follow":"follow","max-snippet":"max-snippet:-1","max-image-preview":"max-image-preview:large","max-video-preview":"max-video-preview:-1"},"canonical":"https:\/\/marcelolopes.jor.br\/site\/2026\/04\/25\/sala-mineira-do-empreendedor-itinerante-vai-ao-mercado-do-produtor\/","og_locale":"pt_BR","og_type":"article","og_title":"Sala Mineira do Empreendedor Itinerante vai ao Mercado do","og_description":"Sala Mineira do Empreendedor Itinerante vai ao Mercado do Produtor. A iniciativa tem como principal objetivo facilitar o acesso a...","og_url":"https:\/\/marcelolopes.jor.br\/site\/2026\/04\/25\/sala-mineira-do-empreendedor-itinerante-vai-ao-mercado-do-produtor\/","og_site_name":"Marcelo Lopes","article_publisher":"https:\/\/www.facebook.com\/sitedomarcelolopes","article_published_time":"2026-04-25T15:00:00+00:00","og_image":[{"width":955,"height":624,"url":"https:\/\/marcelolopes.jor.br\/site\/wp-content\/uploads\/2026\/04\/WhatsApp-Image-2026-04-24-at-18.37.00.jpeg","type":"image\/jpeg"}],"author":"Marcelo Lopes","twitter_card":"summary_large_image","twitter_misc":{"Escrito por":"Marcelo Lopes","Est. tempo de leitura":"2 minutos"},"schema":{"@context":"https:\/\/schema.org","@graph":[{"@type":"NewsArticle","@id":"https:\/\/marcelolopes.jor.br\/site\/2026\/04\/25\/sala-mineira-do-empreendedor-itinerante-vai-ao-mercado-do-produtor\/#article","isPartOf":{"@id":"https:\/\/marcelolopes.jor.br\/site\/2026\/04\/25\/sala-mineira-do-empreendedor-itinerante-vai-ao-mercado-do-produtor\/"},"author":{"name":"Marcelo Lopes","@id":"https:\/\/marcelolopes.jor.br\/site\/#\/schema\/person\/3e7216a35c34d8fdf952b31da3d1f89f"},"headline":"Sala Mineira do Empreendedor Itinerante vai ao Mercado do Produtor","datePublished":"2026-04-25T15:00:00+00:00","mainEntityOfPage":{"@id":"https:\/\/marcelolopes.jor.br\/site\/2026\/04\/25\/sala-mineira-do-empreendedor-itinerante-vai-ao-mercado-do-produtor\/"},"wordCount":329,"commentCount":0,"publisher":{"@id":"https:\/\/marcelolopes.jor.br\/site\/#organization"},"image":{"@id":"https:\/\/marcelolopes.jor.br\/site\/2026\/04\/25\/sala-mineira-do-empreendedor-itinerante-vai-ao-mercado-do-produtor\/#primaryimage"},"thumbnailUrl":"https:\/\/marcelolopes.jor.br\/site\/wp-content\/uploads\/2026\/04\/WhatsApp-Image-2026-04-24-at-18.37.00.jpeg","articleSection":["Not\u00edcias"],"inLanguage":"pt-BR","potentialAction":[{"@type":"CommentAction","name":"Comment","target":["https:\/\/marcelolopes.jor.br\/site\/2026\/04\/25\/sala-mineira-do-empreendedor-itinerante-vai-ao-mercado-do-produtor\/#respond"]}]},{"@type":"WebPage","@id":"https:\/\/marcelolopes.jor.br\/site\/2026\/04\/25\/sala-mineira-do-empreendedor-itinerante-vai-ao-mercado-do-produtor\/","url":"https:\/\/marcelolopes.jor.br\/site\/2026\/04\/25\/sala-mineira-do-empreendedor-itinerante-vai-ao-mercado-do-produtor\/","name":"Sala Mineira do Empreendedor Itinerante vai ao Mercado do","isPartOf":{"@id":"https:\/\/marcelolopes.jor.br\/site\/#website"},"primaryImageOfPage":{"@id":"https:\/\/marcelolopes.jor.br\/site\/2026\/04\/25\/sala-mineira-do-empreendedor-itinerante-vai-ao-mercado-do-produtor\/#primaryimage"},"image":{"@id":"https:\/\/marcelolopes.jor.br\/site\/2026\/04\/25\/sala-mineira-do-empreendedor-itinerante-vai-ao-mercado-do-produtor\/#primaryimage"},"thumbnailUrl":"https:\/\/marcelolopes.jor.br\/site\/wp-content\/uploads\/2026\/04\/WhatsApp-Image-2026-04-24-at-18.37.00.jpeg","datePublished":"2026-04-25T15:00:00+00:00","description":"Sala Mineira do Empreendedor Itinerante vai ao Mercado do Produtor. A iniciativa tem como principal objetivo facilitar o acesso a...","breadcrumb":{"@id":"https:\/\/marcelolopes.jor.br\/site\/2026\/04\/25\/sala-mineira-do-empreendedor-itinerante-vai-ao-mercado-do-produtor\/#breadcrumb"},"inLanguage":"pt-BR","potentialAction":[{"@type":"ReadAction","target":["https:\/\/marcelolopes.jor.br\/site\/2026\/04\/25\/sala-mineira-do-empreendedor-itinerante-vai-ao-mercado-do-produtor\/"]}]},{"@type":"ImageObject","inLanguage":"pt-BR","@id":"https:\/\/marcelolopes.jor.br\/site\/2026\/04\/25\/sala-mineira-do-empreendedor-itinerante-vai-ao-mercado-do-produtor\/#primaryimage","url":"https:\/\/marcelolopes.jor.br\/site\/wp-content\/uploads\/2026\/04\/WhatsApp-Image-2026-04-24-at-18.37.00.jpeg","contentUrl":"https:\/\/marcelolopes.jor.br\/site\/wp-content\/uploads\/2026\/04\/WhatsApp-Image-2026-04-24-at-18.37.00.jpeg","width":955,"height":624,"caption":"Sala Mineira do Empreendedor"},{"@type":"BreadcrumbList","@id":"https:\/\/marcelolopes.jor.br\/site\/2026\/04\/25\/sala-mineira-do-empreendedor-itinerante-vai-ao-mercado-do-produtor\/#breadcrumb","itemListElement":[{"@type":"ListItem","position":1,"name":"Home","item":"https:\/\/marcelolopes.jor.br\/site\/"},{"@type":"ListItem","position":2,"name":"Sala Mineira do Empreendedor Itinerante vai ao Mercado do Produtor"}]},{"@type":"WebSite","@id":"https:\/\/marcelolopes.jor.br\/site\/#website","url":"https:\/\/marcelolopes.jor.br\/site\/","name":"Marcelo Lopes","description":"Not\u00edcias de Cataguases e Regi\u00e3o","publisher":{"@id":"https:\/\/marcelolopes.jor.br\/site\/#organization"},"potentialAction":[{"@type":"SearchAction","target":{"@type":"EntryPoint","urlTemplate":"https:\/\/marcelolopes.jor.br\/site\/?s={search_term_string}"},"query-input":{"@type":"PropertyValueSpecification","valueRequired":true,"valueName":"search_term_string"}}],"inLanguage":"pt-BR"},{"@type":"Organization","@id":"https:\/\/marcelolopes.jor.br\/site\/#organization","name":"Site do Marcelo Lopes","url":"https:\/\/marcelolopes.jor.br\/site\/","logo":{"@type":"ImageObject","inLanguage":"pt-BR","@id":"https:\/\/marcelolopes.jor.br\/site\/#\/schema\/logo\/image\/","url":"https:\/\/marcelolopes.jor.br\/site\/wp-content\/uploads\/2024\/11\/logo-1.png","contentUrl":"https:\/\/marcelolopes.jor.br\/site\/wp-content\/uploads\/2024\/11\/logo-1.png","width":475,"height":80,"caption":"Site do Marcelo Lopes"},"image":{"@id":"https:\/\/marcelolopes.jor.br\/site\/#\/schema\/logo\/image\/"},"sameAs":["https:\/\/www.facebook.com\/sitedomarcelolopes","https:\/\/www.instagram.com\/sitedomarcelolopes\/","https:\/\/www.linkedin.com\/company\/site-do-marcelo-lopes\/","https:\/\/www.youtube.com\/user\/marcelolopes957"]},{"@type":"Person","@id":"https:\/\/marcelolopes.jor.br\/site\/#\/schema\/person\/3e7216a35c34d8fdf952b31da3d1f89f","name":"Marcelo Lopes","sameAs":["http:\/\/www.marcelolopes.jor.br"],"url":"https:\/\/marcelolopes.jor.br\/site\/author\/marcelo\/"}]}},"wps_subtitle":"A iniciativa tem como principal objetivo facilitar o acesso a atendimentos essenciais.","_links":{"self":[{"href":"https:\/\/marcelolopes.jor.br\/site\/wp-json\/wp\/v2\/posts\/65435","targetHints":{"allow":["GET"]}}],"collection":[{"href":"https:\/\/marcelolopes.jor.br\/site\/wp-json\/wp\/v2\/posts"}],"about":[{"href":"https:\/\/marcelolopes.jor.br\/site\/wp-json\/wp\/v2\/types\/post"}],"author":[{"embeddable":true,"href":"https:\/\/marcelolopes.jor.br\/site\/wp-json\/wp\/v2\/users\/2"}],"replies":[{"embeddable":true,"href":"https:\/\/marcelolopes.jor.br\/site\/wp-json\/wp\/v2\/comments?post=65435"}],"version-history":[{"count":2,"href":"https:\/\/marcelolopes.jor.br\/site\/wp-json\/wp\/v2\/posts\/65435\/revisions"}],"predecessor-version":[{"id":65438,"href":"https:\/\/marcelolopes.jor.br\/site\/wp-json\/wp\/v2\/posts\/65435\/revisions\/65438"}],"wp:featuredmedia":[{"embeddable":true,"href":"https:\/\/marcelolopes.jor.br\/site\/wp-json\/wp\/v2\/media\/65437"}],"wp:attachment":[{"href":"https:\/\/marcelolopes.jor.br\/site\/wp-json\/wp\/v2\/media?parent=65435"}],"wp:term":[{"taxonomy":"category","embeddable":true,"href":"https:\/\/marcelolopes.jor.br\/site\/wp-json\/wp\/v2\/categories?post=65435"},{"taxonomy":"post_tag","embeddable":true,"href":"https:\/\/marcelolopes.jor.br\/site\/wp-json\/wp\/v2\/tags?post=65435"}],"curies":[{"name":"wp","href":"https:\/\/api.w.org\/{rel}","templated":true}]}}