{"id":65418,"date":"2026-04-25T07:00:49","date_gmt":"2026-04-25T10:00:49","guid":{"rendered":"https:\/\/marcelolopes.jor.br\/site\/?p=65418"},"modified":"2026-04-24T15:27:00","modified_gmt":"2026-04-24T18:27:00","slug":"if-sudeste-cataguases-abre-240-vagas-em-dois-cursos-ead","status":"publish","type":"post","link":"https:\/\/marcelolopes.jor.br\/site\/2026\/04\/25\/if-sudeste-cataguases-abre-240-vagas-em-dois-cursos-ead\/","title":{"rendered":"IF Sudeste Cataguases abre 240 vagas em dois cursos EaD"},"content":{"rendered":"<p>O IF Sudeste lan\u00e7ou um novo edital com 1.320 vagas para cursos t\u00e9cnicos na modalidade a dist\u00e2ncia (EaD). Somente a unidade de Cataguases est\u00e1 disponibilizando 240 vagas em dois cursos distintos. A iniciativa faz parte do Programa de Apoio \u00e0 Institucionaliza\u00e7\u00e3o da Educa\u00e7\u00e3o a Dist\u00e2ncia e prev\u00ea cerca de R$ 2 milh\u00f5es em investimentos ao longo de dois anos.<!--more--><\/p>\n<h4 class=\"p1\"><span class=\"s1\">\ud83d\udcf8\u00a0<span style=\"color: #008000;\">Siga o Site do Marcelo Lopes no<\/span>\u00a0<span style=\"color: #800000;\"><a style=\"color: #800000;\" href=\"https:\/\/www.facebook.com\/sitedomarcelolopes\/\"><strong>Facebook<\/strong><\/a><\/span>\u00a0<span style=\"color: #008000;\">e no<\/span>\u00a0<span style=\"color: #800000;\"><strong><a style=\"color: #800000;\" href=\"https:\/\/www.instagram.com\/sitedomarcelolopes\/\">Instagram<\/a><\/strong><\/span><\/span><\/h4>\n<h4 class=\"p1\">\ud83d\udcf1<span style=\"color: #008000;\">Participe do grupo de<\/span>\u00a0<span style=\"color: #800000;\"><a style=\"color: #800000;\" href=\"https:\/\/chat.whatsapp.com\/BibzcI1ibYSKytbdyzubLA\"><strong>WhatsApp<\/strong><\/a><\/span> <span style=\"color: #008000;\">do Site do Marcelo Lopes<\/span><\/h4>\n<p>As oportunidades em Cataguases contemplam \u00e1reas como Inform\u00e1tica, Desenvolvimento de Sistemas, mas h\u00e1 tamb\u00e9m em outros campi, vagas em Agroneg\u00f3cio e Marketing. As inscri\u00e7\u00f5es s\u00e3o gratuitas e seguem abertas at\u00e9 o dia 15 de maio, podendo participar estudantes que estejam cursando o 2\u00ba ou 3\u00ba ano do Ensino M\u00e9dio ou que j\u00e1 tenham conclu\u00eddo essa etapa.<\/p>\n<p>O processo seletivo ser\u00e1 realizado por sorteio p\u00fablico no dia 24 de junho, <a href=\"http:\/\/youtube.com\/ifsudestemgvideos\"><strong><span style=\"color: #800000;\">com transmiss\u00e3o online<\/span><\/strong><\/a>. Caso o n\u00famero de inscritos seja menor que o total de vagas, todos os candidatos ser\u00e3o contemplados.<\/p>\n<p>As inscri\u00e7\u00f5es devem ser feitas pelo <a href=\"http:\/\/candidato.ifsudestemg.edu.br\/\"><strong><span style=\"color: #800000;\">portal do candidato<\/span><\/strong><\/a>, com preenchimento de question\u00e1rio socioecon\u00f4mico.<\/p>\n<p>No Campus Cataguases os novos cursos ser\u00e3o ministrados por meio de Educa\u00e7\u00e3o a Dist\u00e2ncia. S\u00e3o eles:<br \/>\n\ud83d\udc49\ud83c\udffb <strong>Inform\u00e1tica para Internet \u2014 120 vagas<\/strong><br \/>\n<strong>\ud83d\udc49\ud83c\udffb Desenvolvimento de Sistemas \u2014 120 vagas<\/strong><\/p>\n<p><strong>Obs:<\/strong> <em>em cada um dos cursos est\u00e1 prevista uma porcentagem de aulas presenciais.<\/em><\/p>\n<p><strong>OUTRAS NOT\u00cdCIAS<\/strong><br \/>\n<a href=\"https:\/\/marcelolopes.jor.br\/site\/2025\/09\/18\/estao-abertas-as-inscricoes-para-o-processo-seletivo-do-if-sudeste\/\"><strong><span style=\"color: #800000;\">Est\u00e3o abertas as inscri\u00e7\u00f5es para o Processo Seletivo do IF Sudeste<\/span><\/strong><\/a><\/p>\n<p><a href=\"https:\/\/marcelolopes.jor.br\/site\/2025\/07\/17\/if-sudeste-abre-selecao-para-professor-de-informatica-em-cataguases\/\"><strong><span style=\"color: #800000;\">IF Sudeste abre sele\u00e7\u00e3o para professor de Inform\u00e1tica em Cataguases<\/span><\/strong><\/a><\/p>\n<p>Fonte: IF Sudeste | Foto ilustrativa: Pexels<\/p>\n<div class=\"sbtxa69f74bee4b447\" ><br><\/div><style type=\"text\/css\">\r\n@media screen and (min-width: 1201px) {\r\n.sbtxa69f74bee4b447 {\r\ndisplay: block;\r\n}\r\n}\r\n@media screen and (min-width: 993px) and (max-width: 1200px) {\r\n.sbtxa69f74bee4b447 {\r\ndisplay: block;\r\n}\r\n}\r\n@media screen and (min-width: 769px) and (max-width: 992px) {\r\n.sbtxa69f74bee4b447 {\r\ndisplay: block;\r\n}\r\n}\r\n@media screen and (min-width: 768px) and (max-width: 768px) {\r\n.sbtxa69f74bee4b447 {\r\ndisplay: block;\r\n}\r\n}\r\n@media screen and (max-width: 767px) {\r\n.sbtxa69f74bee4b447 {\r\ndisplay: block;\r\n}\r\n}\r\n<\/style>\r\n<div class=\"vsjfp69f74bee50477\" ><div id=\"div_destino\"><\/div>\r\n<script src=\"https:\/\/cdn.snsrsv.com\/sdk.js\"><\/script>\r\n<script >\r\n      new sdk(\"464030C30061EA8BE065000000000001\") \r\n          .appendTo(\"div_destino\")\r\n          .disableStyle(true) \r\n          .setCacheBusterMacro(\"%%CACHEBUSTER%%\")\r\n          .setSize(\"800\",\"214\")\r\n          .setClickMacro(\"%%CLICK_URL_ESC%%\") \r\n          .setReferrerUrlMacro(\"%%REFERRER_URL_ESC%%\") \r\n          .start(); \r\n<\/script><\/div><style type=\"text\/css\">\r\n@media screen and (min-width: 1201px) {\r\n.vsjfp69f74bee50477 {\r\ndisplay: block;\r\n}\r\n}\r\n@media screen and (min-width: 993px) and (max-width: 1200px) {\r\n.vsjfp69f74bee50477 {\r\ndisplay: block;\r\n}\r\n}\r\n@media screen and (min-width: 769px) and (max-width: 992px) {\r\n.vsjfp69f74bee50477 {\r\ndisplay: block;\r\n}\r\n}\r\n@media screen and (min-width: 768px) and (max-width: 768px) {\r\n.vsjfp69f74bee50477 {\r\ndisplay: block;\r\n}\r\n}\r\n@media screen and (max-width: 767px) {\r\n.vsjfp69f74bee50477 {\r\ndisplay: block;\r\n}\r\n}\r\n<\/style>\r\n","protected":false},"excerpt":{"rendered":"<p>O IF Sudeste lan\u00e7ou um novo edital com 1.320 vagas para cursos t\u00e9cnicos na modalidade a dist\u00e2ncia (EaD). Somente a unidade de Cataguases est\u00e1 disponibilizando 240 vagas em dois cursos distintos. A iniciativa faz parte do Programa de Apoio \u00e0<\/p>\n<p class=\"link-more\"><a class=\"more-link\" href=\"https:\/\/marcelolopes.jor.br\/site\/2026\/04\/25\/if-sudeste-cataguases-abre-240-vagas-em-dois-cursos-ead\/\">Leia mais <span class=\"screen-reader-text\">IF Sudeste Cataguases abre 240 vagas em dois cursos EaD<\/span><\/a><\/p>\n","protected":false},"author":2,"featured_media":65420,"comment_status":"open","ping_status":"closed","sticky":false,"template":"","format":"standard","meta":{"footnotes":""},"categories":[1],"tags":[],"class_list":["post-65418","post","type-post","status-publish","format-standard","has-post-thumbnail","hentry","category-noticias","thumb-below-title"],"yoast_head":"<!-- This site is optimized with the Yoast SEO plugin v27.4 - https:\/\/yoast.com\/product\/yoast-seo-wordpress\/ -->\n<title>IF Sudeste Cataguases abre 240 vagas em dois cursos EaD | Marcelo Lopes<\/title>\n<meta name=\"description\" content=\"IF Sudeste Cataguases abre240 vagas em dois cursos EaD. As inscri\u00e7\u00f5es terminam no dia 15 de maio e o processo seletivo ser\u00e1 dia 24\/06.\" \/>\n<meta name=\"robots\" content=\"index, follow, max-snippet:-1, max-image-preview:large, max-video-preview:-1\" \/>\n<link rel=\"canonical\" href=\"https:\/\/marcelolopes.jor.br\/site\/2026\/04\/25\/if-sudeste-cataguases-abre-240-vagas-em-dois-cursos-ead\/\" \/>\n<meta property=\"og:locale\" content=\"pt_BR\" \/>\n<meta property=\"og:type\" content=\"article\" \/>\n<meta property=\"og:title\" content=\"IF Sudeste Cataguases abre 240 vagas em dois cursos EaD | Marcelo Lopes\" \/>\n<meta property=\"og:description\" content=\"IF Sudeste Cataguases abre240 vagas em dois cursos EaD. As inscri\u00e7\u00f5es terminam no dia 15 de maio e o processo seletivo ser\u00e1 dia 24\/06.\" \/>\n<meta property=\"og:url\" content=\"https:\/\/marcelolopes.jor.br\/site\/2026\/04\/25\/if-sudeste-cataguases-abre-240-vagas-em-dois-cursos-ead\/\" \/>\n<meta property=\"og:site_name\" content=\"Marcelo Lopes\" \/>\n<meta property=\"article:publisher\" content=\"https:\/\/www.facebook.com\/sitedomarcelolopes\" \/>\n<meta property=\"article:published_time\" content=\"2026-04-25T10:00:49+00:00\" \/>\n<meta property=\"og:image\" content=\"https:\/\/marcelolopes.jor.br\/site\/wp-content\/uploads\/2026\/04\/secretaria-9.jpg\" \/>\n\t<meta property=\"og:image:width\" content=\"800\" \/>\n\t<meta property=\"og:image:height\" content=\"550\" \/>\n\t<meta property=\"og:image:type\" content=\"image\/jpeg\" \/>\n<meta name=\"author\" content=\"Marcelo Lopes\" \/>\n<meta name=\"twitter:card\" content=\"summary_large_image\" \/>\n<meta name=\"twitter:label1\" content=\"Escrito por\" \/>\n\t<meta name=\"twitter:data1\" content=\"Marcelo Lopes\" \/>\n\t<meta name=\"twitter:label2\" content=\"Est. tempo de leitura\" \/>\n\t<meta name=\"twitter:data2\" content=\"1 minuto\" \/>\n<script type=\"application\/ld+json\" class=\"yoast-schema-graph\">{\"@context\":\"https:\\\/\\\/schema.org\",\"@graph\":[{\"@type\":\"NewsArticle\",\"@id\":\"https:\\\/\\\/marcelolopes.jor.br\\\/site\\\/2026\\\/04\\\/25\\\/if-sudeste-cataguases-abre-240-vagas-em-dois-cursos-ead\\\/#article\",\"isPartOf\":{\"@id\":\"https:\\\/\\\/marcelolopes.jor.br\\\/site\\\/2026\\\/04\\\/25\\\/if-sudeste-cataguases-abre-240-vagas-em-dois-cursos-ead\\\/\"},\"author\":{\"name\":\"Marcelo Lopes\",\"@id\":\"https:\\\/\\\/marcelolopes.jor.br\\\/site\\\/#\\\/schema\\\/person\\\/3e7216a35c34d8fdf952b31da3d1f89f\"},\"headline\":\"IF Sudeste Cataguases abre 240 vagas em dois cursos EaD\",\"datePublished\":\"2026-04-25T10:00:49+00:00\",\"mainEntityOfPage\":{\"@id\":\"https:\\\/\\\/marcelolopes.jor.br\\\/site\\\/2026\\\/04\\\/25\\\/if-sudeste-cataguases-abre-240-vagas-em-dois-cursos-ead\\\/\"},\"wordCount\":281,\"commentCount\":0,\"publisher\":{\"@id\":\"https:\\\/\\\/marcelolopes.jor.br\\\/site\\\/#organization\"},\"image\":{\"@id\":\"https:\\\/\\\/marcelolopes.jor.br\\\/site\\\/2026\\\/04\\\/25\\\/if-sudeste-cataguases-abre-240-vagas-em-dois-cursos-ead\\\/#primaryimage\"},\"thumbnailUrl\":\"https:\\\/\\\/marcelolopes.jor.br\\\/site\\\/wp-content\\\/uploads\\\/2026\\\/04\\\/secretaria-9.jpg\",\"articleSection\":[\"Not\u00edcias\"],\"inLanguage\":\"pt-BR\",\"potentialAction\":[{\"@type\":\"CommentAction\",\"name\":\"Comment\",\"target\":[\"https:\\\/\\\/marcelolopes.jor.br\\\/site\\\/2026\\\/04\\\/25\\\/if-sudeste-cataguases-abre-240-vagas-em-dois-cursos-ead\\\/#respond\"]}]},{\"@type\":\"WebPage\",\"@id\":\"https:\\\/\\\/marcelolopes.jor.br\\\/site\\\/2026\\\/04\\\/25\\\/if-sudeste-cataguases-abre-240-vagas-em-dois-cursos-ead\\\/\",\"url\":\"https:\\\/\\\/marcelolopes.jor.br\\\/site\\\/2026\\\/04\\\/25\\\/if-sudeste-cataguases-abre-240-vagas-em-dois-cursos-ead\\\/\",\"name\":\"IF Sudeste Cataguases abre 240 vagas em dois cursos EaD | Marcelo Lopes\",\"isPartOf\":{\"@id\":\"https:\\\/\\\/marcelolopes.jor.br\\\/site\\\/#website\"},\"primaryImageOfPage\":{\"@id\":\"https:\\\/\\\/marcelolopes.jor.br\\\/site\\\/2026\\\/04\\\/25\\\/if-sudeste-cataguases-abre-240-vagas-em-dois-cursos-ead\\\/#primaryimage\"},\"image\":{\"@id\":\"https:\\\/\\\/marcelolopes.jor.br\\\/site\\\/2026\\\/04\\\/25\\\/if-sudeste-cataguases-abre-240-vagas-em-dois-cursos-ead\\\/#primaryimage\"},\"thumbnailUrl\":\"https:\\\/\\\/marcelolopes.jor.br\\\/site\\\/wp-content\\\/uploads\\\/2026\\\/04\\\/secretaria-9.jpg\",\"datePublished\":\"2026-04-25T10:00:49+00:00\",\"description\":\"IF Sudeste Cataguases abre240 vagas em dois cursos EaD. As inscri\u00e7\u00f5es terminam no dia 15 de maio e o processo seletivo ser\u00e1 dia 24\\\/06.\",\"breadcrumb\":{\"@id\":\"https:\\\/\\\/marcelolopes.jor.br\\\/site\\\/2026\\\/04\\\/25\\\/if-sudeste-cataguases-abre-240-vagas-em-dois-cursos-ead\\\/#breadcrumb\"},\"inLanguage\":\"pt-BR\",\"potentialAction\":[{\"@type\":\"ReadAction\",\"target\":[\"https:\\\/\\\/marcelolopes.jor.br\\\/site\\\/2026\\\/04\\\/25\\\/if-sudeste-cataguases-abre-240-vagas-em-dois-cursos-ead\\\/\"]}]},{\"@type\":\"ImageObject\",\"inLanguage\":\"pt-BR\",\"@id\":\"https:\\\/\\\/marcelolopes.jor.br\\\/site\\\/2026\\\/04\\\/25\\\/if-sudeste-cataguases-abre-240-vagas-em-dois-cursos-ead\\\/#primaryimage\",\"url\":\"https:\\\/\\\/marcelolopes.jor.br\\\/site\\\/wp-content\\\/uploads\\\/2026\\\/04\\\/secretaria-9.jpg\",\"contentUrl\":\"https:\\\/\\\/marcelolopes.jor.br\\\/site\\\/wp-content\\\/uploads\\\/2026\\\/04\\\/secretaria-9.jpg\",\"width\":800,\"height\":550,\"caption\":\"IF Sudeste Cataguases abre\"},{\"@type\":\"BreadcrumbList\",\"@id\":\"https:\\\/\\\/marcelolopes.jor.br\\\/site\\\/2026\\\/04\\\/25\\\/if-sudeste-cataguases-abre-240-vagas-em-dois-cursos-ead\\\/#breadcrumb\",\"itemListElement\":[{\"@type\":\"ListItem\",\"position\":1,\"name\":\"Home\",\"item\":\"https:\\\/\\\/marcelolopes.jor.br\\\/site\\\/\"},{\"@type\":\"ListItem\",\"position\":2,\"name\":\"IF Sudeste Cataguases abre 240 vagas em dois cursos EaD\"}]},{\"@type\":\"WebSite\",\"@id\":\"https:\\\/\\\/marcelolopes.jor.br\\\/site\\\/#website\",\"url\":\"https:\\\/\\\/marcelolopes.jor.br\\\/site\\\/\",\"name\":\"Marcelo Lopes\",\"description\":\"Not\u00edcias de Cataguases e Regi\u00e3o\",\"publisher\":{\"@id\":\"https:\\\/\\\/marcelolopes.jor.br\\\/site\\\/#organization\"},\"potentialAction\":[{\"@type\":\"SearchAction\",\"target\":{\"@type\":\"EntryPoint\",\"urlTemplate\":\"https:\\\/\\\/marcelolopes.jor.br\\\/site\\\/?s={search_term_string}\"},\"query-input\":{\"@type\":\"PropertyValueSpecification\",\"valueRequired\":true,\"valueName\":\"search_term_string\"}}],\"inLanguage\":\"pt-BR\"},{\"@type\":\"Organization\",\"@id\":\"https:\\\/\\\/marcelolopes.jor.br\\\/site\\\/#organization\",\"name\":\"Site do Marcelo Lopes\",\"url\":\"https:\\\/\\\/marcelolopes.jor.br\\\/site\\\/\",\"logo\":{\"@type\":\"ImageObject\",\"inLanguage\":\"pt-BR\",\"@id\":\"https:\\\/\\\/marcelolopes.jor.br\\\/site\\\/#\\\/schema\\\/logo\\\/image\\\/\",\"url\":\"https:\\\/\\\/marcelolopes.jor.br\\\/site\\\/wp-content\\\/uploads\\\/2024\\\/11\\\/logo-1.png\",\"contentUrl\":\"https:\\\/\\\/marcelolopes.jor.br\\\/site\\\/wp-content\\\/uploads\\\/2024\\\/11\\\/logo-1.png\",\"width\":475,\"height\":80,\"caption\":\"Site do Marcelo Lopes\"},\"image\":{\"@id\":\"https:\\\/\\\/marcelolopes.jor.br\\\/site\\\/#\\\/schema\\\/logo\\\/image\\\/\"},\"sameAs\":[\"https:\\\/\\\/www.facebook.com\\\/sitedomarcelolopes\",\"https:\\\/\\\/www.instagram.com\\\/sitedomarcelolopes\\\/\",\"https:\\\/\\\/www.linkedin.com\\\/company\\\/site-do-marcelo-lopes\\\/\",\"https:\\\/\\\/www.youtube.com\\\/user\\\/marcelolopes957\"]},{\"@type\":\"Person\",\"@id\":\"https:\\\/\\\/marcelolopes.jor.br\\\/site\\\/#\\\/schema\\\/person\\\/3e7216a35c34d8fdf952b31da3d1f89f\",\"name\":\"Marcelo Lopes\",\"sameAs\":[\"http:\\\/\\\/www.marcelolopes.jor.br\"],\"url\":\"https:\\\/\\\/marcelolopes.jor.br\\\/site\\\/author\\\/marcelo\\\/\"}]}<\/script>\n<!-- \/ Yoast SEO plugin. -->","yoast_head_json":{"title":"IF Sudeste Cataguases abre 240 vagas em dois cursos EaD | Marcelo Lopes","description":"IF Sudeste Cataguases abre240 vagas em dois cursos EaD. As inscri\u00e7\u00f5es terminam no dia 15 de maio e o processo seletivo ser\u00e1 dia 24\/06.","robots":{"index":"index","follow":"follow","max-snippet":"max-snippet:-1","max-image-preview":"max-image-preview:large","max-video-preview":"max-video-preview:-1"},"canonical":"https:\/\/marcelolopes.jor.br\/site\/2026\/04\/25\/if-sudeste-cataguases-abre-240-vagas-em-dois-cursos-ead\/","og_locale":"pt_BR","og_type":"article","og_title":"IF Sudeste Cataguases abre 240 vagas em dois cursos EaD | Marcelo Lopes","og_description":"IF Sudeste Cataguases abre240 vagas em dois cursos EaD. As inscri\u00e7\u00f5es terminam no dia 15 de maio e o processo seletivo ser\u00e1 dia 24\/06.","og_url":"https:\/\/marcelolopes.jor.br\/site\/2026\/04\/25\/if-sudeste-cataguases-abre-240-vagas-em-dois-cursos-ead\/","og_site_name":"Marcelo Lopes","article_publisher":"https:\/\/www.facebook.com\/sitedomarcelolopes","article_published_time":"2026-04-25T10:00:49+00:00","og_image":[{"width":800,"height":550,"url":"https:\/\/marcelolopes.jor.br\/site\/wp-content\/uploads\/2026\/04\/secretaria-9.jpg","type":"image\/jpeg"}],"author":"Marcelo Lopes","twitter_card":"summary_large_image","twitter_misc":{"Escrito por":"Marcelo Lopes","Est. tempo de leitura":"1 minuto"},"schema":{"@context":"https:\/\/schema.org","@graph":[{"@type":"NewsArticle","@id":"https:\/\/marcelolopes.jor.br\/site\/2026\/04\/25\/if-sudeste-cataguases-abre-240-vagas-em-dois-cursos-ead\/#article","isPartOf":{"@id":"https:\/\/marcelolopes.jor.br\/site\/2026\/04\/25\/if-sudeste-cataguases-abre-240-vagas-em-dois-cursos-ead\/"},"author":{"name":"Marcelo Lopes","@id":"https:\/\/marcelolopes.jor.br\/site\/#\/schema\/person\/3e7216a35c34d8fdf952b31da3d1f89f"},"headline":"IF Sudeste Cataguases abre 240 vagas em dois cursos EaD","datePublished":"2026-04-25T10:00:49+00:00","mainEntityOfPage":{"@id":"https:\/\/marcelolopes.jor.br\/site\/2026\/04\/25\/if-sudeste-cataguases-abre-240-vagas-em-dois-cursos-ead\/"},"wordCount":281,"commentCount":0,"publisher":{"@id":"https:\/\/marcelolopes.jor.br\/site\/#organization"},"image":{"@id":"https:\/\/marcelolopes.jor.br\/site\/2026\/04\/25\/if-sudeste-cataguases-abre-240-vagas-em-dois-cursos-ead\/#primaryimage"},"thumbnailUrl":"https:\/\/marcelolopes.jor.br\/site\/wp-content\/uploads\/2026\/04\/secretaria-9.jpg","articleSection":["Not\u00edcias"],"inLanguage":"pt-BR","potentialAction":[{"@type":"CommentAction","name":"Comment","target":["https:\/\/marcelolopes.jor.br\/site\/2026\/04\/25\/if-sudeste-cataguases-abre-240-vagas-em-dois-cursos-ead\/#respond"]}]},{"@type":"WebPage","@id":"https:\/\/marcelolopes.jor.br\/site\/2026\/04\/25\/if-sudeste-cataguases-abre-240-vagas-em-dois-cursos-ead\/","url":"https:\/\/marcelolopes.jor.br\/site\/2026\/04\/25\/if-sudeste-cataguases-abre-240-vagas-em-dois-cursos-ead\/","name":"IF Sudeste Cataguases abre 240 vagas em dois cursos EaD | Marcelo Lopes","isPartOf":{"@id":"https:\/\/marcelolopes.jor.br\/site\/#website"},"primaryImageOfPage":{"@id":"https:\/\/marcelolopes.jor.br\/site\/2026\/04\/25\/if-sudeste-cataguases-abre-240-vagas-em-dois-cursos-ead\/#primaryimage"},"image":{"@id":"https:\/\/marcelolopes.jor.br\/site\/2026\/04\/25\/if-sudeste-cataguases-abre-240-vagas-em-dois-cursos-ead\/#primaryimage"},"thumbnailUrl":"https:\/\/marcelolopes.jor.br\/site\/wp-content\/uploads\/2026\/04\/secretaria-9.jpg","datePublished":"2026-04-25T10:00:49+00:00","description":"IF Sudeste Cataguases abre240 vagas em dois cursos EaD. As inscri\u00e7\u00f5es terminam no dia 15 de maio e o processo seletivo ser\u00e1 dia 24\/06.","breadcrumb":{"@id":"https:\/\/marcelolopes.jor.br\/site\/2026\/04\/25\/if-sudeste-cataguases-abre-240-vagas-em-dois-cursos-ead\/#breadcrumb"},"inLanguage":"pt-BR","potentialAction":[{"@type":"ReadAction","target":["https:\/\/marcelolopes.jor.br\/site\/2026\/04\/25\/if-sudeste-cataguases-abre-240-vagas-em-dois-cursos-ead\/"]}]},{"@type":"ImageObject","inLanguage":"pt-BR","@id":"https:\/\/marcelolopes.jor.br\/site\/2026\/04\/25\/if-sudeste-cataguases-abre-240-vagas-em-dois-cursos-ead\/#primaryimage","url":"https:\/\/marcelolopes.jor.br\/site\/wp-content\/uploads\/2026\/04\/secretaria-9.jpg","contentUrl":"https:\/\/marcelolopes.jor.br\/site\/wp-content\/uploads\/2026\/04\/secretaria-9.jpg","width":800,"height":550,"caption":"IF Sudeste Cataguases abre"},{"@type":"BreadcrumbList","@id":"https:\/\/marcelolopes.jor.br\/site\/2026\/04\/25\/if-sudeste-cataguases-abre-240-vagas-em-dois-cursos-ead\/#breadcrumb","itemListElement":[{"@type":"ListItem","position":1,"name":"Home","item":"https:\/\/marcelolopes.jor.br\/site\/"},{"@type":"ListItem","position":2,"name":"IF Sudeste Cataguases abre 240 vagas em dois cursos EaD"}]},{"@type":"WebSite","@id":"https:\/\/marcelolopes.jor.br\/site\/#website","url":"https:\/\/marcelolopes.jor.br\/site\/","name":"Marcelo Lopes","description":"Not\u00edcias de Cataguases e Regi\u00e3o","publisher":{"@id":"https:\/\/marcelolopes.jor.br\/site\/#organization"},"potentialAction":[{"@type":"SearchAction","target":{"@type":"EntryPoint","urlTemplate":"https:\/\/marcelolopes.jor.br\/site\/?s={search_term_string}"},"query-input":{"@type":"PropertyValueSpecification","valueRequired":true,"valueName":"search_term_string"}}],"inLanguage":"pt-BR"},{"@type":"Organization","@id":"https:\/\/marcelolopes.jor.br\/site\/#organization","name":"Site do Marcelo Lopes","url":"https:\/\/marcelolopes.jor.br\/site\/","logo":{"@type":"ImageObject","inLanguage":"pt-BR","@id":"https:\/\/marcelolopes.jor.br\/site\/#\/schema\/logo\/image\/","url":"https:\/\/marcelolopes.jor.br\/site\/wp-content\/uploads\/2024\/11\/logo-1.png","contentUrl":"https:\/\/marcelolopes.jor.br\/site\/wp-content\/uploads\/2024\/11\/logo-1.png","width":475,"height":80,"caption":"Site do Marcelo Lopes"},"image":{"@id":"https:\/\/marcelolopes.jor.br\/site\/#\/schema\/logo\/image\/"},"sameAs":["https:\/\/www.facebook.com\/sitedomarcelolopes","https:\/\/www.instagram.com\/sitedomarcelolopes\/","https:\/\/www.linkedin.com\/company\/site-do-marcelo-lopes\/","https:\/\/www.youtube.com\/user\/marcelolopes957"]},{"@type":"Person","@id":"https:\/\/marcelolopes.jor.br\/site\/#\/schema\/person\/3e7216a35c34d8fdf952b31da3d1f89f","name":"Marcelo Lopes","sameAs":["http:\/\/www.marcelolopes.jor.br"],"url":"https:\/\/marcelolopes.jor.br\/site\/author\/marcelo\/"}]}},"wps_subtitle":"As inscri\u00e7\u00f5es terminam no dia 15 de maio e o processo seletivo ser\u00e1 dia 24\/06.","_links":{"self":[{"href":"https:\/\/marcelolopes.jor.br\/site\/wp-json\/wp\/v2\/posts\/65418","targetHints":{"allow":["GET"]}}],"collection":[{"href":"https:\/\/marcelolopes.jor.br\/site\/wp-json\/wp\/v2\/posts"}],"about":[{"href":"https:\/\/marcelolopes.jor.br\/site\/wp-json\/wp\/v2\/types\/post"}],"author":[{"embeddable":true,"href":"https:\/\/marcelolopes.jor.br\/site\/wp-json\/wp\/v2\/users\/2"}],"replies":[{"embeddable":true,"href":"https:\/\/marcelolopes.jor.br\/site\/wp-json\/wp\/v2\/comments?post=65418"}],"version-history":[{"count":2,"href":"https:\/\/marcelolopes.jor.br\/site\/wp-json\/wp\/v2\/posts\/65418\/revisions"}],"predecessor-version":[{"id":65421,"href":"https:\/\/marcelolopes.jor.br\/site\/wp-json\/wp\/v2\/posts\/65418\/revisions\/65421"}],"wp:featuredmedia":[{"embeddable":true,"href":"https:\/\/marcelolopes.jor.br\/site\/wp-json\/wp\/v2\/media\/65420"}],"wp:attachment":[{"href":"https:\/\/marcelolopes.jor.br\/site\/wp-json\/wp\/v2\/media?parent=65418"}],"wp:term":[{"taxonomy":"category","embeddable":true,"href":"https:\/\/marcelolopes.jor.br\/site\/wp-json\/wp\/v2\/categories?post=65418"},{"taxonomy":"post_tag","embeddable":true,"href":"https:\/\/marcelolopes.jor.br\/site\/wp-json\/wp\/v2\/tags?post=65418"}],"curies":[{"name":"wp","href":"https:\/\/api.w.org\/{rel}","templated":true}]}}