{"id":65413,"date":"2026-04-24T16:00:53","date_gmt":"2026-04-24T19:00:53","guid":{"rendered":"https:\/\/marcelolopes.jor.br\/site\/?p=65413"},"modified":"2026-04-24T11:02:13","modified_gmt":"2026-04-24T14:02:13","slug":"13o-salario-do-inss-comeca-a-ser-pago-nesta-sexta-feira","status":"publish","type":"post","link":"https:\/\/marcelolopes.jor.br\/site\/2026\/04\/24\/13o-salario-do-inss-comeca-a-ser-pago-nesta-sexta-feira\/","title":{"rendered":"13\u00ba sal\u00e1rio do INSS come\u00e7a a ser pago nesta sexta-feira"},"content":{"rendered":"<p>Cerca de 23,3 milh\u00f5es dos 35,2 milh\u00f5es de aposentados, pensionistas e benefici\u00e1rios de aux\u00edlios do Instituto Nacional do Seguro Social (INSS) come\u00e7am a receber nesta sexta-feira, 24 de abril, a primeira parcela da antecipa\u00e7\u00e3o do d\u00e9cimo terceiro.<!--more--><\/p>\n<h4 class=\"p1\"><span class=\"s1\">\ud83d\udcf8\u00a0<span style=\"color: #008000;\">Siga o Site do Marcelo Lopes no<\/span>\u00a0<span style=\"color: #800000;\"><a style=\"color: #800000;\" href=\"https:\/\/www.facebook.com\/sitedomarcelolopes\/\"><strong>Facebook<\/strong><\/a><\/span>\u00a0<span style=\"color: #008000;\">e no<\/span>\u00a0<span style=\"color: #800000;\"><strong><a style=\"color: #800000;\" href=\"https:\/\/www.instagram.com\/sitedomarcelolopes\/\">Instagram<\/a><\/strong><\/span><\/span><\/h4>\n<h4 class=\"p1\">\ud83d\udcf1<span style=\"color: #008000;\">Participe do grupo de<\/span>\u00a0<span style=\"color: #800000;\"><a style=\"color: #800000;\" href=\"https:\/\/chat.whatsapp.com\/BibzcI1ibYSKytbdyzubLA\"><strong>WhatsApp<\/strong><\/a><\/span> <span style=\"color: #008000;\">do Site do Marcelo Lopes<\/span><\/h4>\n<p>Com a previs\u00e3o de injetar R$ 78,2 bilh\u00f5es na economia, o pagamento come\u00e7a para quem ganha um sal\u00e1rio m\u00ednimo. Os 11,9 milh\u00f5es restantes, que ganham al\u00e9m do m\u00ednimo, come\u00e7am a receber a antecipa\u00e7\u00e3o do d\u00e9cimo terceiro em 2 de maio.<\/p>\n<p>O benef\u00edcio extra ser\u00e1 pago em duas parcelas. A primeira ser\u00e1 paga nesta sexta at\u00e9 8 de maio. A segunda vai de 25 de maio a 8 de junho. As datas s\u00e3o definidas com base no d\u00edgito final do N\u00famero de Inscri\u00e7\u00e3o Social (NIS) e com base na renda do benefici\u00e1rio. Quem ganha apenas o sal\u00e1rio m\u00ednimo come\u00e7a a receber antes de quem recebe mais que o m\u00ednimo.<\/p>\n<p>O decreto com a antecipa\u00e7\u00e3o do d\u00e9cimo terceiro do INSS foi assinado no fim de mar\u00e7o pelo presidente Luiz In\u00e1cio Lula da Silva. Este ser\u00e1 o s\u00e9timo ano seguido em que os segurados do INSS receber\u00e3o o d\u00e9cimo terceiro antes das datas tradicionais, em agosto e em dezembro. Em 2020 e 2021, o pagamento ocorreu mais cedo por causa da pandemia de covid-19. Em 2022 e 2023, as parcelas foram pagas em maio e junho. Em 2024 e 2025, em abril e maio.<\/p>\n<p>A consulta pode ser feita no aplicativo Meu INSS, dispon\u00edvel para celulares e tablets, ou no site gov.br\/meuinss. Quem n\u00e3o tiver acesso \u00e0 internet pode consultar a libera\u00e7\u00e3o do d\u00e9cimo terceiro pelo telefone 135. Nesse caso, \u00e9 necess\u00e1rio informar o n\u00famero do Cadastro de Pessoas F\u00edsicas (CPF) e confirmar alguns dados ao atendente antes de fazer a consulta. O atendimento telef\u00f4nico est\u00e1 dispon\u00edvel de segunda a s\u00e1bado, das 7h \u00e0s 22h.<\/p>\n<h4>Confira o calend\u00e1rio de pagamento<\/h4>\n<p><img loading=\"lazy\" decoding=\"async\" class=\"aligncenter wp-image-65414\" src=\"https:\/\/marcelolopes.jor.br\/site\/wp-content\/uploads\/2026\/04\/calendario-pagamento-13-inss-fonte-INSS.jpg-300x200.webp\" alt=\"\" width=\"700\" height=\"467\" \/>Conforme os dados mais recentes do INSS, de fevereiro, 23,3 milh\u00f5es de pessoas, cerca de 66,2% do total dos segurados do INSS, ganham at\u00e9 um sal\u00e1rio-m\u00ednimo por m\u00eas (R$ 1.621). Outros 11,9 milh\u00f5es de benefici\u00e1rios recebem acima do piso nacional. Desse total, 13,7 mil ganham o teto da Previd\u00eancia Social, de R$ 8.475,55.<\/p>\n<p>A maioria dos aposentados e pensionistas receber\u00e1 50% do d\u00e9cimo terceiro na primeira parcela. A exce\u00e7\u00e3o \u00e9 para quem passou a receber o benef\u00edcio depois de janeiro e ter\u00e1 o valor calculado proporcionalmente.<\/p>\n<p>O Minist\u00e9rio da Previd\u00eancia esclarece que os segurados que recebem benef\u00edcio por incapacidade tempor\u00e1ria (antigo aux\u00edlio-doen\u00e7a) tamb\u00e9m t\u00eam direito a uma parcela menor do d\u00e9cimo terceiro, calculada de acordo com a dura\u00e7\u00e3o do benef\u00edcio. Por lei, os segurados que recebem benef\u00edcios assistenciais, como o Benef\u00edcio de Presta\u00e7\u00e3o Continuada (BPC) e o Renda Mensal Vital\u00edcia, n\u00e3o t\u00eam direito a d\u00e9cimo terceiro sal\u00e1rio.<\/p>\n<p><strong>OUTRAS NOT\u00cdCIAS<\/strong><br \/>\n<a href=\"https:\/\/marcelolopes.jor.br\/site\/2024\/04\/01\/aposentados-e-pensionistas-recebem-agora-em-abril-o-13o-salario\/\"><strong><span style=\"color: #800000;\">Aposentados e pensionistas recebem agora em abril o 13\u00ba sal\u00e1rio<\/span><\/strong><\/a><\/p>\n<p><a href=\"https:\/\/marcelolopes.jor.br\/site\/2023\/05\/07\/veja-calendario-de-pagamento-da-antecipacao-do-13o-salario\/\"><strong><span style=\"color: #800000;\">Veja calend\u00e1rio de pagamento da antecipa\u00e7\u00e3o do 13\u00ba sal\u00e1rio<\/span><\/strong><\/a><\/p>\n<p>Fonte: Ag\u00eancia Brasil | Foto: Marcello Casal\/Ag. Brasil<\/p>\n<div class=\"simnx69f70953b1bf1\" ><br><\/div><style type=\"text\/css\">\r\n@media screen and (min-width: 1201px) {\r\n.simnx69f70953b1bf1 {\r\ndisplay: block;\r\n}\r\n}\r\n@media screen and (min-width: 993px) and (max-width: 1200px) {\r\n.simnx69f70953b1bf1 {\r\ndisplay: block;\r\n}\r\n}\r\n@media screen and (min-width: 769px) and (max-width: 992px) {\r\n.simnx69f70953b1bf1 {\r\ndisplay: block;\r\n}\r\n}\r\n@media screen and (min-width: 768px) and (max-width: 768px) {\r\n.simnx69f70953b1bf1 {\r\ndisplay: block;\r\n}\r\n}\r\n@media screen and (max-width: 767px) {\r\n.simnx69f70953b1bf1 {\r\ndisplay: block;\r\n}\r\n}\r\n<\/style>\r\n<div class=\"uffcw69f70953b5ee6\" ><div id=\"div_destino\"><\/div>\r\n<script src=\"https:\/\/cdn.snsrsv.com\/sdk.js\"><\/script>\r\n<script >\r\n      new sdk(\"464030C30061EA8BE065000000000001\") \r\n          .appendTo(\"div_destino\")\r\n          .disableStyle(true) \r\n          .setCacheBusterMacro(\"%%CACHEBUSTER%%\")\r\n          .setSize(\"800\",\"214\")\r\n          .setClickMacro(\"%%CLICK_URL_ESC%%\") \r\n          .setReferrerUrlMacro(\"%%REFERRER_URL_ESC%%\") \r\n          .start(); \r\n<\/script><\/div><style type=\"text\/css\">\r\n@media screen and (min-width: 1201px) {\r\n.uffcw69f70953b5ee6 {\r\ndisplay: block;\r\n}\r\n}\r\n@media screen and (min-width: 993px) and (max-width: 1200px) {\r\n.uffcw69f70953b5ee6 {\r\ndisplay: block;\r\n}\r\n}\r\n@media screen and (min-width: 769px) and (max-width: 992px) {\r\n.uffcw69f70953b5ee6 {\r\ndisplay: block;\r\n}\r\n}\r\n@media screen and (min-width: 768px) and (max-width: 768px) {\r\n.uffcw69f70953b5ee6 {\r\ndisplay: block;\r\n}\r\n}\r\n@media screen and (max-width: 767px) {\r\n.uffcw69f70953b5ee6 {\r\ndisplay: block;\r\n}\r\n}\r\n<\/style>\r\n","protected":false},"excerpt":{"rendered":"<p>Cerca de 23,3 milh\u00f5es dos 35,2 milh\u00f5es de aposentados, pensionistas e benefici\u00e1rios de aux\u00edlios do Instituto Nacional do Seguro Social (INSS) come\u00e7am a receber nesta sexta-feira, 24 de abril, a primeira parcela da antecipa\u00e7\u00e3o do d\u00e9cimo terceiro.<\/p>\n","protected":false},"author":2,"featured_media":65416,"comment_status":"open","ping_status":"closed","sticky":false,"template":"","format":"standard","meta":{"footnotes":""},"categories":[1],"tags":[],"class_list":["post-65413","post","type-post","status-publish","format-standard","has-post-thumbnail","hentry","category-noticias","thumb-below-title"],"yoast_head":"<!-- This site is optimized with the Yoast SEO plugin v27.4 - https:\/\/yoast.com\/product\/yoast-seo-wordpress\/ -->\n<title>13\u00ba sal\u00e1rio do INSS come\u00e7a a ser pago nesta sexta-feira | Marcelo Lopes<\/title>\n<meta name=\"description\" content=\"13\u00ba sal\u00e1rio do INSS come\u00e7a a ser pago nesta sexta-feira. Antecipa\u00e7\u00e3o deve injetar R$ 78,2 bilh\u00f5es na economia. Veja o calend\u00e1rio.\" \/>\n<meta name=\"robots\" content=\"index, follow, max-snippet:-1, max-image-preview:large, max-video-preview:-1\" \/>\n<link rel=\"canonical\" href=\"https:\/\/marcelolopes.jor.br\/site\/2026\/04\/24\/13o-salario-do-inss-comeca-a-ser-pago-nesta-sexta-feira\/\" \/>\n<meta property=\"og:locale\" content=\"pt_BR\" \/>\n<meta property=\"og:type\" content=\"article\" \/>\n<meta property=\"og:title\" content=\"13\u00ba sal\u00e1rio do INSS come\u00e7a a ser pago nesta sexta-feira | Marcelo Lopes\" \/>\n<meta property=\"og:description\" content=\"13\u00ba sal\u00e1rio do INSS come\u00e7a a ser pago nesta sexta-feira. Antecipa\u00e7\u00e3o deve injetar R$ 78,2 bilh\u00f5es na economia. Veja o calend\u00e1rio.\" \/>\n<meta property=\"og:url\" content=\"https:\/\/marcelolopes.jor.br\/site\/2026\/04\/24\/13o-salario-do-inss-comeca-a-ser-pago-nesta-sexta-feira\/\" \/>\n<meta property=\"og:site_name\" content=\"Marcelo Lopes\" \/>\n<meta property=\"article:publisher\" content=\"https:\/\/www.facebook.com\/sitedomarcelolopes\" \/>\n<meta property=\"article:published_time\" content=\"2026-04-24T19:00:53+00:00\" \/>\n<meta property=\"og:image\" content=\"https:\/\/marcelolopes.jor.br\/site\/wp-content\/uploads\/2026\/04\/real_moeda_020120a84t47455214.jpg.webp\" \/>\n\t<meta property=\"og:image:width\" content=\"1170\" \/>\n\t<meta property=\"og:image:height\" content=\"700\" \/>\n\t<meta property=\"og:image:type\" content=\"image\/webp\" \/>\n<meta name=\"author\" content=\"Marcelo Lopes\" \/>\n<meta name=\"twitter:card\" content=\"summary_large_image\" \/>\n<meta name=\"twitter:label1\" content=\"Escrito por\" \/>\n\t<meta name=\"twitter:data1\" content=\"Marcelo Lopes\" \/>\n\t<meta name=\"twitter:label2\" content=\"Est. tempo de leitura\" \/>\n\t<meta name=\"twitter:data2\" content=\"3 minutos\" \/>\n<script type=\"application\/ld+json\" class=\"yoast-schema-graph\">{\"@context\":\"https:\\\/\\\/schema.org\",\"@graph\":[{\"@type\":\"NewsArticle\",\"@id\":\"https:\\\/\\\/marcelolopes.jor.br\\\/site\\\/2026\\\/04\\\/24\\\/13o-salario-do-inss-comeca-a-ser-pago-nesta-sexta-feira\\\/#article\",\"isPartOf\":{\"@id\":\"https:\\\/\\\/marcelolopes.jor.br\\\/site\\\/2026\\\/04\\\/24\\\/13o-salario-do-inss-comeca-a-ser-pago-nesta-sexta-feira\\\/\"},\"author\":{\"name\":\"Marcelo Lopes\",\"@id\":\"https:\\\/\\\/marcelolopes.jor.br\\\/site\\\/#\\\/schema\\\/person\\\/3e7216a35c34d8fdf952b31da3d1f89f\"},\"headline\":\"13\u00ba sal\u00e1rio do INSS come\u00e7a a ser pago nesta sexta-feira\",\"datePublished\":\"2026-04-24T19:00:53+00:00\",\"mainEntityOfPage\":{\"@id\":\"https:\\\/\\\/marcelolopes.jor.br\\\/site\\\/2026\\\/04\\\/24\\\/13o-salario-do-inss-comeca-a-ser-pago-nesta-sexta-feira\\\/\"},\"wordCount\":567,\"commentCount\":0,\"publisher\":{\"@id\":\"https:\\\/\\\/marcelolopes.jor.br\\\/site\\\/#organization\"},\"image\":{\"@id\":\"https:\\\/\\\/marcelolopes.jor.br\\\/site\\\/2026\\\/04\\\/24\\\/13o-salario-do-inss-comeca-a-ser-pago-nesta-sexta-feira\\\/#primaryimage\"},\"thumbnailUrl\":\"https:\\\/\\\/marcelolopes.jor.br\\\/site\\\/wp-content\\\/uploads\\\/2026\\\/04\\\/real_moeda_020120a84t47455214.jpg.webp\",\"articleSection\":[\"Not\u00edcias\"],\"inLanguage\":\"pt-BR\",\"potentialAction\":[{\"@type\":\"CommentAction\",\"name\":\"Comment\",\"target\":[\"https:\\\/\\\/marcelolopes.jor.br\\\/site\\\/2026\\\/04\\\/24\\\/13o-salario-do-inss-comeca-a-ser-pago-nesta-sexta-feira\\\/#respond\"]}]},{\"@type\":\"WebPage\",\"@id\":\"https:\\\/\\\/marcelolopes.jor.br\\\/site\\\/2026\\\/04\\\/24\\\/13o-salario-do-inss-comeca-a-ser-pago-nesta-sexta-feira\\\/\",\"url\":\"https:\\\/\\\/marcelolopes.jor.br\\\/site\\\/2026\\\/04\\\/24\\\/13o-salario-do-inss-comeca-a-ser-pago-nesta-sexta-feira\\\/\",\"name\":\"13\u00ba sal\u00e1rio do INSS come\u00e7a a ser pago nesta sexta-feira | Marcelo Lopes\",\"isPartOf\":{\"@id\":\"https:\\\/\\\/marcelolopes.jor.br\\\/site\\\/#website\"},\"primaryImageOfPage\":{\"@id\":\"https:\\\/\\\/marcelolopes.jor.br\\\/site\\\/2026\\\/04\\\/24\\\/13o-salario-do-inss-comeca-a-ser-pago-nesta-sexta-feira\\\/#primaryimage\"},\"image\":{\"@id\":\"https:\\\/\\\/marcelolopes.jor.br\\\/site\\\/2026\\\/04\\\/24\\\/13o-salario-do-inss-comeca-a-ser-pago-nesta-sexta-feira\\\/#primaryimage\"},\"thumbnailUrl\":\"https:\\\/\\\/marcelolopes.jor.br\\\/site\\\/wp-content\\\/uploads\\\/2026\\\/04\\\/real_moeda_020120a84t47455214.jpg.webp\",\"datePublished\":\"2026-04-24T19:00:53+00:00\",\"description\":\"13\u00ba sal\u00e1rio do INSS come\u00e7a a ser pago nesta sexta-feira. Antecipa\u00e7\u00e3o deve injetar R$ 78,2 bilh\u00f5es na economia. Veja o calend\u00e1rio.\",\"breadcrumb\":{\"@id\":\"https:\\\/\\\/marcelolopes.jor.br\\\/site\\\/2026\\\/04\\\/24\\\/13o-salario-do-inss-comeca-a-ser-pago-nesta-sexta-feira\\\/#breadcrumb\"},\"inLanguage\":\"pt-BR\",\"potentialAction\":[{\"@type\":\"ReadAction\",\"target\":[\"https:\\\/\\\/marcelolopes.jor.br\\\/site\\\/2026\\\/04\\\/24\\\/13o-salario-do-inss-comeca-a-ser-pago-nesta-sexta-feira\\\/\"]}]},{\"@type\":\"ImageObject\",\"inLanguage\":\"pt-BR\",\"@id\":\"https:\\\/\\\/marcelolopes.jor.br\\\/site\\\/2026\\\/04\\\/24\\\/13o-salario-do-inss-comeca-a-ser-pago-nesta-sexta-feira\\\/#primaryimage\",\"url\":\"https:\\\/\\\/marcelolopes.jor.br\\\/site\\\/wp-content\\\/uploads\\\/2026\\\/04\\\/real_moeda_020120a84t47455214.jpg.webp\",\"contentUrl\":\"https:\\\/\\\/marcelolopes.jor.br\\\/site\\\/wp-content\\\/uploads\\\/2026\\\/04\\\/real_moeda_020120a84t47455214.jpg.webp\",\"width\":1170,\"height\":700,\"caption\":\"13\u00ba sal\u00e1rio do INSS\"},{\"@type\":\"BreadcrumbList\",\"@id\":\"https:\\\/\\\/marcelolopes.jor.br\\\/site\\\/2026\\\/04\\\/24\\\/13o-salario-do-inss-comeca-a-ser-pago-nesta-sexta-feira\\\/#breadcrumb\",\"itemListElement\":[{\"@type\":\"ListItem\",\"position\":1,\"name\":\"Home\",\"item\":\"https:\\\/\\\/marcelolopes.jor.br\\\/site\\\/\"},{\"@type\":\"ListItem\",\"position\":2,\"name\":\"13\u00ba sal\u00e1rio do INSS come\u00e7a a ser pago nesta sexta-feira\"}]},{\"@type\":\"WebSite\",\"@id\":\"https:\\\/\\\/marcelolopes.jor.br\\\/site\\\/#website\",\"url\":\"https:\\\/\\\/marcelolopes.jor.br\\\/site\\\/\",\"name\":\"Marcelo Lopes\",\"description\":\"Not\u00edcias de Cataguases e Regi\u00e3o\",\"publisher\":{\"@id\":\"https:\\\/\\\/marcelolopes.jor.br\\\/site\\\/#organization\"},\"potentialAction\":[{\"@type\":\"SearchAction\",\"target\":{\"@type\":\"EntryPoint\",\"urlTemplate\":\"https:\\\/\\\/marcelolopes.jor.br\\\/site\\\/?s={search_term_string}\"},\"query-input\":{\"@type\":\"PropertyValueSpecification\",\"valueRequired\":true,\"valueName\":\"search_term_string\"}}],\"inLanguage\":\"pt-BR\"},{\"@type\":\"Organization\",\"@id\":\"https:\\\/\\\/marcelolopes.jor.br\\\/site\\\/#organization\",\"name\":\"Site do Marcelo Lopes\",\"url\":\"https:\\\/\\\/marcelolopes.jor.br\\\/site\\\/\",\"logo\":{\"@type\":\"ImageObject\",\"inLanguage\":\"pt-BR\",\"@id\":\"https:\\\/\\\/marcelolopes.jor.br\\\/site\\\/#\\\/schema\\\/logo\\\/image\\\/\",\"url\":\"https:\\\/\\\/marcelolopes.jor.br\\\/site\\\/wp-content\\\/uploads\\\/2024\\\/11\\\/logo-1.png\",\"contentUrl\":\"https:\\\/\\\/marcelolopes.jor.br\\\/site\\\/wp-content\\\/uploads\\\/2024\\\/11\\\/logo-1.png\",\"width\":475,\"height\":80,\"caption\":\"Site do Marcelo Lopes\"},\"image\":{\"@id\":\"https:\\\/\\\/marcelolopes.jor.br\\\/site\\\/#\\\/schema\\\/logo\\\/image\\\/\"},\"sameAs\":[\"https:\\\/\\\/www.facebook.com\\\/sitedomarcelolopes\",\"https:\\\/\\\/www.instagram.com\\\/sitedomarcelolopes\\\/\",\"https:\\\/\\\/www.linkedin.com\\\/company\\\/site-do-marcelo-lopes\\\/\",\"https:\\\/\\\/www.youtube.com\\\/user\\\/marcelolopes957\"]},{\"@type\":\"Person\",\"@id\":\"https:\\\/\\\/marcelolopes.jor.br\\\/site\\\/#\\\/schema\\\/person\\\/3e7216a35c34d8fdf952b31da3d1f89f\",\"name\":\"Marcelo Lopes\",\"sameAs\":[\"http:\\\/\\\/www.marcelolopes.jor.br\"],\"url\":\"https:\\\/\\\/marcelolopes.jor.br\\\/site\\\/author\\\/marcelo\\\/\"}]}<\/script>\n<!-- \/ Yoast SEO plugin. -->","yoast_head_json":{"title":"13\u00ba sal\u00e1rio do INSS come\u00e7a a ser pago nesta sexta-feira | Marcelo Lopes","description":"13\u00ba sal\u00e1rio do INSS come\u00e7a a ser pago nesta sexta-feira. Antecipa\u00e7\u00e3o deve injetar R$ 78,2 bilh\u00f5es na economia. Veja o calend\u00e1rio.","robots":{"index":"index","follow":"follow","max-snippet":"max-snippet:-1","max-image-preview":"max-image-preview:large","max-video-preview":"max-video-preview:-1"},"canonical":"https:\/\/marcelolopes.jor.br\/site\/2026\/04\/24\/13o-salario-do-inss-comeca-a-ser-pago-nesta-sexta-feira\/","og_locale":"pt_BR","og_type":"article","og_title":"13\u00ba sal\u00e1rio do INSS come\u00e7a a ser pago nesta sexta-feira | Marcelo Lopes","og_description":"13\u00ba sal\u00e1rio do INSS come\u00e7a a ser pago nesta sexta-feira. Antecipa\u00e7\u00e3o deve injetar R$ 78,2 bilh\u00f5es na economia. Veja o calend\u00e1rio.","og_url":"https:\/\/marcelolopes.jor.br\/site\/2026\/04\/24\/13o-salario-do-inss-comeca-a-ser-pago-nesta-sexta-feira\/","og_site_name":"Marcelo Lopes","article_publisher":"https:\/\/www.facebook.com\/sitedomarcelolopes","article_published_time":"2026-04-24T19:00:53+00:00","og_image":[{"width":1170,"height":700,"url":"https:\/\/marcelolopes.jor.br\/site\/wp-content\/uploads\/2026\/04\/real_moeda_020120a84t47455214.jpg.webp","type":"image\/webp"}],"author":"Marcelo Lopes","twitter_card":"summary_large_image","twitter_misc":{"Escrito por":"Marcelo Lopes","Est. tempo de leitura":"3 minutos"},"schema":{"@context":"https:\/\/schema.org","@graph":[{"@type":"NewsArticle","@id":"https:\/\/marcelolopes.jor.br\/site\/2026\/04\/24\/13o-salario-do-inss-comeca-a-ser-pago-nesta-sexta-feira\/#article","isPartOf":{"@id":"https:\/\/marcelolopes.jor.br\/site\/2026\/04\/24\/13o-salario-do-inss-comeca-a-ser-pago-nesta-sexta-feira\/"},"author":{"name":"Marcelo Lopes","@id":"https:\/\/marcelolopes.jor.br\/site\/#\/schema\/person\/3e7216a35c34d8fdf952b31da3d1f89f"},"headline":"13\u00ba sal\u00e1rio do INSS come\u00e7a a ser pago nesta sexta-feira","datePublished":"2026-04-24T19:00:53+00:00","mainEntityOfPage":{"@id":"https:\/\/marcelolopes.jor.br\/site\/2026\/04\/24\/13o-salario-do-inss-comeca-a-ser-pago-nesta-sexta-feira\/"},"wordCount":567,"commentCount":0,"publisher":{"@id":"https:\/\/marcelolopes.jor.br\/site\/#organization"},"image":{"@id":"https:\/\/marcelolopes.jor.br\/site\/2026\/04\/24\/13o-salario-do-inss-comeca-a-ser-pago-nesta-sexta-feira\/#primaryimage"},"thumbnailUrl":"https:\/\/marcelolopes.jor.br\/site\/wp-content\/uploads\/2026\/04\/real_moeda_020120a84t47455214.jpg.webp","articleSection":["Not\u00edcias"],"inLanguage":"pt-BR","potentialAction":[{"@type":"CommentAction","name":"Comment","target":["https:\/\/marcelolopes.jor.br\/site\/2026\/04\/24\/13o-salario-do-inss-comeca-a-ser-pago-nesta-sexta-feira\/#respond"]}]},{"@type":"WebPage","@id":"https:\/\/marcelolopes.jor.br\/site\/2026\/04\/24\/13o-salario-do-inss-comeca-a-ser-pago-nesta-sexta-feira\/","url":"https:\/\/marcelolopes.jor.br\/site\/2026\/04\/24\/13o-salario-do-inss-comeca-a-ser-pago-nesta-sexta-feira\/","name":"13\u00ba sal\u00e1rio do INSS come\u00e7a a ser pago nesta sexta-feira | Marcelo Lopes","isPartOf":{"@id":"https:\/\/marcelolopes.jor.br\/site\/#website"},"primaryImageOfPage":{"@id":"https:\/\/marcelolopes.jor.br\/site\/2026\/04\/24\/13o-salario-do-inss-comeca-a-ser-pago-nesta-sexta-feira\/#primaryimage"},"image":{"@id":"https:\/\/marcelolopes.jor.br\/site\/2026\/04\/24\/13o-salario-do-inss-comeca-a-ser-pago-nesta-sexta-feira\/#primaryimage"},"thumbnailUrl":"https:\/\/marcelolopes.jor.br\/site\/wp-content\/uploads\/2026\/04\/real_moeda_020120a84t47455214.jpg.webp","datePublished":"2026-04-24T19:00:53+00:00","description":"13\u00ba sal\u00e1rio do INSS come\u00e7a a ser pago nesta sexta-feira. Antecipa\u00e7\u00e3o deve injetar R$ 78,2 bilh\u00f5es na economia. Veja o calend\u00e1rio.","breadcrumb":{"@id":"https:\/\/marcelolopes.jor.br\/site\/2026\/04\/24\/13o-salario-do-inss-comeca-a-ser-pago-nesta-sexta-feira\/#breadcrumb"},"inLanguage":"pt-BR","potentialAction":[{"@type":"ReadAction","target":["https:\/\/marcelolopes.jor.br\/site\/2026\/04\/24\/13o-salario-do-inss-comeca-a-ser-pago-nesta-sexta-feira\/"]}]},{"@type":"ImageObject","inLanguage":"pt-BR","@id":"https:\/\/marcelolopes.jor.br\/site\/2026\/04\/24\/13o-salario-do-inss-comeca-a-ser-pago-nesta-sexta-feira\/#primaryimage","url":"https:\/\/marcelolopes.jor.br\/site\/wp-content\/uploads\/2026\/04\/real_moeda_020120a84t47455214.jpg.webp","contentUrl":"https:\/\/marcelolopes.jor.br\/site\/wp-content\/uploads\/2026\/04\/real_moeda_020120a84t47455214.jpg.webp","width":1170,"height":700,"caption":"13\u00ba sal\u00e1rio do INSS"},{"@type":"BreadcrumbList","@id":"https:\/\/marcelolopes.jor.br\/site\/2026\/04\/24\/13o-salario-do-inss-comeca-a-ser-pago-nesta-sexta-feira\/#breadcrumb","itemListElement":[{"@type":"ListItem","position":1,"name":"Home","item":"https:\/\/marcelolopes.jor.br\/site\/"},{"@type":"ListItem","position":2,"name":"13\u00ba sal\u00e1rio do INSS come\u00e7a a ser pago nesta sexta-feira"}]},{"@type":"WebSite","@id":"https:\/\/marcelolopes.jor.br\/site\/#website","url":"https:\/\/marcelolopes.jor.br\/site\/","name":"Marcelo Lopes","description":"Not\u00edcias de Cataguases e Regi\u00e3o","publisher":{"@id":"https:\/\/marcelolopes.jor.br\/site\/#organization"},"potentialAction":[{"@type":"SearchAction","target":{"@type":"EntryPoint","urlTemplate":"https:\/\/marcelolopes.jor.br\/site\/?s={search_term_string}"},"query-input":{"@type":"PropertyValueSpecification","valueRequired":true,"valueName":"search_term_string"}}],"inLanguage":"pt-BR"},{"@type":"Organization","@id":"https:\/\/marcelolopes.jor.br\/site\/#organization","name":"Site do Marcelo Lopes","url":"https:\/\/marcelolopes.jor.br\/site\/","logo":{"@type":"ImageObject","inLanguage":"pt-BR","@id":"https:\/\/marcelolopes.jor.br\/site\/#\/schema\/logo\/image\/","url":"https:\/\/marcelolopes.jor.br\/site\/wp-content\/uploads\/2024\/11\/logo-1.png","contentUrl":"https:\/\/marcelolopes.jor.br\/site\/wp-content\/uploads\/2024\/11\/logo-1.png","width":475,"height":80,"caption":"Site do Marcelo Lopes"},"image":{"@id":"https:\/\/marcelolopes.jor.br\/site\/#\/schema\/logo\/image\/"},"sameAs":["https:\/\/www.facebook.com\/sitedomarcelolopes","https:\/\/www.instagram.com\/sitedomarcelolopes\/","https:\/\/www.linkedin.com\/company\/site-do-marcelo-lopes\/","https:\/\/www.youtube.com\/user\/marcelolopes957"]},{"@type":"Person","@id":"https:\/\/marcelolopes.jor.br\/site\/#\/schema\/person\/3e7216a35c34d8fdf952b31da3d1f89f","name":"Marcelo Lopes","sameAs":["http:\/\/www.marcelolopes.jor.br"],"url":"https:\/\/marcelolopes.jor.br\/site\/author\/marcelo\/"}]}},"wps_subtitle":"Antecipa\u00e7\u00e3o deve injetar R$ 78,2 bilh\u00f5es na economia. Veja o calend\u00e1rio.","_links":{"self":[{"href":"https:\/\/marcelolopes.jor.br\/site\/wp-json\/wp\/v2\/posts\/65413","targetHints":{"allow":["GET"]}}],"collection":[{"href":"https:\/\/marcelolopes.jor.br\/site\/wp-json\/wp\/v2\/posts"}],"about":[{"href":"https:\/\/marcelolopes.jor.br\/site\/wp-json\/wp\/v2\/types\/post"}],"author":[{"embeddable":true,"href":"https:\/\/marcelolopes.jor.br\/site\/wp-json\/wp\/v2\/users\/2"}],"replies":[{"embeddable":true,"href":"https:\/\/marcelolopes.jor.br\/site\/wp-json\/wp\/v2\/comments?post=65413"}],"version-history":[{"count":2,"href":"https:\/\/marcelolopes.jor.br\/site\/wp-json\/wp\/v2\/posts\/65413\/revisions"}],"predecessor-version":[{"id":65417,"href":"https:\/\/marcelolopes.jor.br\/site\/wp-json\/wp\/v2\/posts\/65413\/revisions\/65417"}],"wp:featuredmedia":[{"embeddable":true,"href":"https:\/\/marcelolopes.jor.br\/site\/wp-json\/wp\/v2\/media\/65416"}],"wp:attachment":[{"href":"https:\/\/marcelolopes.jor.br\/site\/wp-json\/wp\/v2\/media?parent=65413"}],"wp:term":[{"taxonomy":"category","embeddable":true,"href":"https:\/\/marcelolopes.jor.br\/site\/wp-json\/wp\/v2\/categories?post=65413"},{"taxonomy":"post_tag","embeddable":true,"href":"https:\/\/marcelolopes.jor.br\/site\/wp-json\/wp\/v2\/tags?post=65413"}],"curies":[{"name":"wp","href":"https:\/\/api.w.org\/{rel}","templated":true}]}}