{"id":65407,"date":"2026-04-24T12:00:07","date_gmt":"2026-04-24T15:00:07","guid":{"rendered":"https:\/\/marcelolopes.jor.br\/site\/?p=65407"},"modified":"2026-04-24T10:31:38","modified_gmt":"2026-04-24T13:31:38","slug":"finc-2026-e-lancada-com-54-estandes-e-onze-shows","status":"publish","type":"post","link":"https:\/\/marcelolopes.jor.br\/site\/2026\/04\/24\/finc-2026-e-lancada-com-54-estandes-e-onze-shows\/","title":{"rendered":"FINC 2026 \u00e9 lan\u00e7ada com 54 estandes e onze shows"},"content":{"rendered":"<p>A edi\u00e7\u00e3o 2026 da FINC \u2013 Feira Industrial e Comercial de Cataguases foi lan\u00e7ada oficialmente na noite desta quinta-feira, 23 de abril, em um evento realizado no Centro Cultural Sicoob Coopemata, reunindo empres\u00e1rios, representantes de institui\u00e7\u00f5es e interessados em participar daquele que \u00e9 considerado o maior evento comercial do munic\u00edpio.<!--more--><\/p>\n<h4 class=\"p1\"><span class=\"s1\">\ud83d\udcf8\u00a0<span style=\"color: #008000;\">Siga o Site do Marcelo Lopes no<\/span>\u00a0<span style=\"color: #800000;\"><a style=\"color: #800000;\" href=\"https:\/\/www.facebook.com\/sitedomarcelolopes\/\"><strong>Facebook<\/strong><\/a><\/span>\u00a0<span style=\"color: #008000;\">e no<\/span>\u00a0<span style=\"color: #800000;\"><strong><a style=\"color: #800000;\" href=\"https:\/\/www.instagram.com\/sitedomarcelolopes\/\">Instagram<\/a><\/strong><\/span><\/span><\/h4>\n<h4 class=\"p1\">\ud83d\udcf1<span style=\"color: #008000;\">Participe do grupo de<\/span>\u00a0<span style=\"color: #800000;\"><a style=\"color: #800000;\" href=\"https:\/\/chat.whatsapp.com\/BibzcI1ibYSKytbdyzubLA\"><strong>WhatsApp<\/strong><\/a><\/span> <span style=\"color: #008000;\">do Site do Marcelo Lopes<\/span><\/h4>\n<p>A feira \u00e9 promovida pelo SIEEL (Sindicato das Empresas de Energia El\u00e9trica), FIEMG, SENAI e SESI, com apoio institucional da Prefeitura de Cataguases, por meio da Secretaria de Desenvolvimento Econ\u00f4mico e Gest\u00e3o Institucional, al\u00e9m do patroc\u00ednio do Sebrae-MG.<\/p>\n<p>Neste ano, a FINC acontecer\u00e1 entre os dias 30 de julho e 2 de agosto, no pavilh\u00e3o do Algod\u00e3o Apolo, antiga Manufatora, espa\u00e7o tradicional que volta a receber grandes movimenta\u00e7\u00f5es do setor empresarial da cidade. Ao todo, ser\u00e3o disponibilizados 54 estandes para empresas locais e mais 10 espa\u00e7os destinados \u00e0 Pra\u00e7a de Alimenta\u00e7\u00e3o.<\/p>\n<p>Durante a apresenta\u00e7\u00e3o, o coordenador da FINC, Ricardo Mattos, destacou que est\u00e3o sendo comercializados dois modelos de estandes: um com 15 metros quadrados, no valor de R$ 4.500, e outro com 6 metros quadrados, por R$ 2.500. Como incentivo \u00e0 participa\u00e7\u00e3o, as cooperativas Sicoob Coopemata e Sicredi anunciaram linhas especiais de cr\u00e9dito voltadas aos expositores.<\/p>\n<p><img loading=\"lazy\" decoding=\"async\" class=\"aligncenter wp-image-65409\" src=\"https:\/\/marcelolopes.jor.br\/site\/wp-content\/uploads\/2026\/04\/IMG_4923-Grande-300x169.jpeg\" alt=\"FINC 2026 \u00e9 lan\u00e7ada\" width=\"700\" height=\"394\" srcset=\"https:\/\/marcelolopes.jor.br\/site\/wp-content\/uploads\/2026\/04\/IMG_4923-Grande-300x169.jpeg 300w, https:\/\/marcelolopes.jor.br\/site\/wp-content\/uploads\/2026\/04\/IMG_4923-Grande-1024x576.jpeg 1024w, https:\/\/marcelolopes.jor.br\/site\/wp-content\/uploads\/2026\/04\/IMG_4923-Grande-768x432.jpeg 768w, https:\/\/marcelolopes.jor.br\/site\/wp-content\/uploads\/2026\/04\/IMG_4923-Grande-1200x675.jpeg 1200w, https:\/\/marcelolopes.jor.br\/site\/wp-content\/uploads\/2026\/04\/IMG_4923-Grande.jpeg 1280w\" sizes=\"auto, (max-width: 700px) 100vw, 700px\" \/><\/p>\n<p>Outra novidade importante desta edi\u00e7\u00e3o \u00e9 a valoriza\u00e7\u00e3o dos pequenos neg\u00f3cios. Segundo Ricardo, 70% de toda a \u00e1rea da feira ser\u00e1 destinada a micro e pequenas empresas e tamb\u00e9m aos MEIs, fortalecendo ainda mais o empreendedorismo local.<\/p>\n<p>A abertura oficial da FINC ser\u00e1 no dia 30 de julho, \u00e0s 18h, com visita\u00e7\u00e3o imediata aos estandes. Al\u00e9m da movimenta\u00e7\u00e3o comercial, o evento tamb\u00e9m ter\u00e1 uma programa\u00e7\u00e3o cultural com 11 atra\u00e7\u00f5es musicais, que ainda est\u00e3o sendo definidas pela organiza\u00e7\u00e3o. Na sexta-feira, dia 31, a feira abre \u00e0s 18h; no s\u00e1bado, \u00e0s 16h; e no domingo, \u00e0s 13h, com encerramento previsto para as 22h.<\/p>\n<p><img loading=\"lazy\" decoding=\"async\" class=\"alignleft wp-image-65411\" src=\"https:\/\/marcelolopes.jor.br\/site\/wp-content\/uploads\/2026\/04\/IMG_4948-Grande-169x300.jpeg\" alt=\"\" width=\"200\" height=\"283\" \/>Uma das presen\u00e7as de destaque ser\u00e1 a da Tecidos Cataguases, antiga Companhia Industrial Cataguases, que se prepara para celebrar seus 90 anos de hist\u00f3ria. A empresa aproveitar\u00e1 a FINC para marcar a data com uma programa\u00e7\u00e3o especial.<\/p>\n<p>De acordo com L\u00eddia Silva, do departamento de Marketing, no domingo, dia 2 de agosto, o palco principal receber\u00e1 o show da Banda B2, bastante conhecida pelo p\u00fablico cataguasense por apresenta\u00e7\u00f5es anteriores de grande sucesso. Al\u00e9m disso, outras a\u00e7\u00f5es especiais est\u00e3o sendo preparadas.<\/p>\n<blockquote><p>\u201cPensamos em atividades especialmente para nossos funcion\u00e1rios, familiares e toda a comunidade\u201d, destacou L\u00eddia.<\/p><\/blockquote>\n<p>Com entrada gratuita, a expectativa da organiza\u00e7\u00e3o \u00e9 receber mais de 13 mil visitantes durante os quatro dias de evento, consolidando mais uma vez a FINC como uma grande vitrine para neg\u00f3cios, networking, entretenimento e fortalecimento da economia local.<\/p>\n<p><strong>OUTRAS NOT\u00cdCIAS<\/strong><br \/>\n<a href=\"https:\/\/marcelolopes.jor.br\/site\/2025\/08\/09\/finc-2025-recebe-mais-de-12-600-visitantes-e-63-expositores\/\"><strong><span style=\"color: #800000;\">FINC 2025 recebe mais de 12.600 visitantes e 63 expositores<\/span><\/strong><\/a><\/p>\n<p><a href=\"https:\/\/marcelolopes.jor.br\/site\/2025\/08\/01\/finc-2024-e-aberta-oficialmente-com-recorde-de-expositores\/\"><span style=\"color: #800000;\"><strong>Finc 2025 \u00e9 aberta oficialmente com recorde de expositores<\/strong><\/span><\/a><\/p>\n<p>Foto: Marcelo Lopes<\/p>\n<div class=\"ufpbr69f7091a00f33\" ><br><\/div><style type=\"text\/css\">\r\n@media screen and (min-width: 1201px) {\r\n.ufpbr69f7091a00f33 {\r\ndisplay: block;\r\n}\r\n}\r\n@media screen and (min-width: 993px) and (max-width: 1200px) {\r\n.ufpbr69f7091a00f33 {\r\ndisplay: block;\r\n}\r\n}\r\n@media screen and (min-width: 769px) and (max-width: 992px) {\r\n.ufpbr69f7091a00f33 {\r\ndisplay: block;\r\n}\r\n}\r\n@media screen and (min-width: 768px) and (max-width: 768px) {\r\n.ufpbr69f7091a00f33 {\r\ndisplay: block;\r\n}\r\n}\r\n@media screen and (max-width: 767px) {\r\n.ufpbr69f7091a00f33 {\r\ndisplay: block;\r\n}\r\n}\r\n<\/style>\r\n<div class=\"akggm69f7091a0575a\" ><div id=\"div_destino\"><\/div>\r\n<script src=\"https:\/\/cdn.snsrsv.com\/sdk.js\"><\/script>\r\n<script >\r\n      new sdk(\"464030C30061EA8BE065000000000001\") \r\n          .appendTo(\"div_destino\")\r\n          .disableStyle(true) \r\n          .setCacheBusterMacro(\"%%CACHEBUSTER%%\")\r\n          .setSize(\"800\",\"214\")\r\n          .setClickMacro(\"%%CLICK_URL_ESC%%\") \r\n          .setReferrerUrlMacro(\"%%REFERRER_URL_ESC%%\") \r\n          .start(); \r\n<\/script><\/div><style type=\"text\/css\">\r\n@media screen and (min-width: 1201px) {\r\n.akggm69f7091a0575a {\r\ndisplay: block;\r\n}\r\n}\r\n@media screen and (min-width: 993px) and (max-width: 1200px) {\r\n.akggm69f7091a0575a {\r\ndisplay: block;\r\n}\r\n}\r\n@media screen and (min-width: 769px) and (max-width: 992px) {\r\n.akggm69f7091a0575a {\r\ndisplay: block;\r\n}\r\n}\r\n@media screen and (min-width: 768px) and (max-width: 768px) {\r\n.akggm69f7091a0575a {\r\ndisplay: block;\r\n}\r\n}\r\n@media screen and (max-width: 767px) {\r\n.akggm69f7091a0575a {\r\ndisplay: block;\r\n}\r\n}\r\n<\/style>\r\n","protected":false},"excerpt":{"rendered":"<p>A edi\u00e7\u00e3o 2026 da FINC \u2013 Feira Industrial e Comercial de Cataguases foi lan\u00e7ada oficialmente na noite desta quinta-feira, 23 de abril, em um evento realizado no Centro Cultural Sicoob Coopemata, reunindo empres\u00e1rios, representantes de institui\u00e7\u00f5es e interessados em participar<\/p>\n<p class=\"link-more\"><a class=\"more-link\" href=\"https:\/\/marcelolopes.jor.br\/site\/2026\/04\/24\/finc-2026-e-lancada-com-54-estandes-e-onze-shows\/\">Leia mais <span class=\"screen-reader-text\">FINC 2026 \u00e9 lan\u00e7ada com 54 estandes e onze shows<\/span><\/a><\/p>\n","protected":false},"author":2,"featured_media":65410,"comment_status":"open","ping_status":"closed","sticky":false,"template":"","format":"standard","meta":{"footnotes":""},"categories":[1],"tags":[],"class_list":["post-65407","post","type-post","status-publish","format-standard","has-post-thumbnail","hentry","category-noticias","thumb-below-title"],"yoast_head":"<!-- This site is optimized with the Yoast SEO plugin v27.4 - https:\/\/yoast.com\/product\/yoast-seo-wordpress\/ -->\n<title>FINC 2026 \u00e9 lan\u00e7ada com 54 estandes e onze shows | Marcelo Lopes<\/title>\n<meta name=\"description\" content=\"FINC 2026 \u00e9 lan\u00e7ada com 54 estandes e onze shows. A Tecidos Cataguases anunciou eventos na Feira pelos seus 90 anos.\" \/>\n<meta name=\"robots\" content=\"index, follow, max-snippet:-1, max-image-preview:large, max-video-preview:-1\" \/>\n<link rel=\"canonical\" href=\"https:\/\/marcelolopes.jor.br\/site\/2026\/04\/24\/finc-2026-e-lancada-com-54-estandes-e-onze-shows\/\" \/>\n<meta property=\"og:locale\" content=\"pt_BR\" \/>\n<meta property=\"og:type\" content=\"article\" \/>\n<meta property=\"og:title\" content=\"FINC 2026 \u00e9 lan\u00e7ada com 54 estandes e onze shows | Marcelo Lopes\" \/>\n<meta property=\"og:description\" content=\"FINC 2026 \u00e9 lan\u00e7ada com 54 estandes e onze shows. A Tecidos Cataguases anunciou eventos na Feira pelos seus 90 anos.\" \/>\n<meta property=\"og:url\" content=\"https:\/\/marcelolopes.jor.br\/site\/2026\/04\/24\/finc-2026-e-lancada-com-54-estandes-e-onze-shows\/\" \/>\n<meta property=\"og:site_name\" content=\"Marcelo Lopes\" \/>\n<meta property=\"article:publisher\" content=\"https:\/\/www.facebook.com\/sitedomarcelolopes\" \/>\n<meta property=\"article:published_time\" content=\"2026-04-24T15:00:07+00:00\" \/>\n<meta property=\"og:image\" content=\"https:\/\/marcelolopes.jor.br\/site\/wp-content\/uploads\/2026\/04\/IMG_4933-Grande.jpeg\" \/>\n\t<meta property=\"og:image:width\" content=\"1280\" \/>\n\t<meta property=\"og:image:height\" content=\"720\" \/>\n\t<meta property=\"og:image:type\" content=\"image\/jpeg\" \/>\n<meta name=\"author\" content=\"Marcelo Lopes\" \/>\n<meta name=\"twitter:card\" content=\"summary_large_image\" \/>\n<meta name=\"twitter:label1\" content=\"Escrito por\" \/>\n\t<meta name=\"twitter:data1\" content=\"Marcelo Lopes\" \/>\n\t<meta name=\"twitter:label2\" content=\"Est. tempo de leitura\" \/>\n\t<meta name=\"twitter:data2\" content=\"2 minutos\" \/>\n<script type=\"application\/ld+json\" class=\"yoast-schema-graph\">{\"@context\":\"https:\\\/\\\/schema.org\",\"@graph\":[{\"@type\":\"NewsArticle\",\"@id\":\"https:\\\/\\\/marcelolopes.jor.br\\\/site\\\/2026\\\/04\\\/24\\\/finc-2026-e-lancada-com-54-estandes-e-onze-shows\\\/#article\",\"isPartOf\":{\"@id\":\"https:\\\/\\\/marcelolopes.jor.br\\\/site\\\/2026\\\/04\\\/24\\\/finc-2026-e-lancada-com-54-estandes-e-onze-shows\\\/\"},\"author\":{\"name\":\"Marcelo Lopes\",\"@id\":\"https:\\\/\\\/marcelolopes.jor.br\\\/site\\\/#\\\/schema\\\/person\\\/3e7216a35c34d8fdf952b31da3d1f89f\"},\"headline\":\"FINC 2026 \u00e9 lan\u00e7ada com 54 estandes e onze shows\",\"datePublished\":\"2026-04-24T15:00:07+00:00\",\"mainEntityOfPage\":{\"@id\":\"https:\\\/\\\/marcelolopes.jor.br\\\/site\\\/2026\\\/04\\\/24\\\/finc-2026-e-lancada-com-54-estandes-e-onze-shows\\\/\"},\"wordCount\":503,\"commentCount\":0,\"publisher\":{\"@id\":\"https:\\\/\\\/marcelolopes.jor.br\\\/site\\\/#organization\"},\"image\":{\"@id\":\"https:\\\/\\\/marcelolopes.jor.br\\\/site\\\/2026\\\/04\\\/24\\\/finc-2026-e-lancada-com-54-estandes-e-onze-shows\\\/#primaryimage\"},\"thumbnailUrl\":\"https:\\\/\\\/marcelolopes.jor.br\\\/site\\\/wp-content\\\/uploads\\\/2026\\\/04\\\/IMG_4933-Grande.jpeg\",\"articleSection\":[\"Not\u00edcias\"],\"inLanguage\":\"pt-BR\",\"potentialAction\":[{\"@type\":\"CommentAction\",\"name\":\"Comment\",\"target\":[\"https:\\\/\\\/marcelolopes.jor.br\\\/site\\\/2026\\\/04\\\/24\\\/finc-2026-e-lancada-com-54-estandes-e-onze-shows\\\/#respond\"]}]},{\"@type\":\"WebPage\",\"@id\":\"https:\\\/\\\/marcelolopes.jor.br\\\/site\\\/2026\\\/04\\\/24\\\/finc-2026-e-lancada-com-54-estandes-e-onze-shows\\\/\",\"url\":\"https:\\\/\\\/marcelolopes.jor.br\\\/site\\\/2026\\\/04\\\/24\\\/finc-2026-e-lancada-com-54-estandes-e-onze-shows\\\/\",\"name\":\"FINC 2026 \u00e9 lan\u00e7ada com 54 estandes e onze shows | Marcelo Lopes\",\"isPartOf\":{\"@id\":\"https:\\\/\\\/marcelolopes.jor.br\\\/site\\\/#website\"},\"primaryImageOfPage\":{\"@id\":\"https:\\\/\\\/marcelolopes.jor.br\\\/site\\\/2026\\\/04\\\/24\\\/finc-2026-e-lancada-com-54-estandes-e-onze-shows\\\/#primaryimage\"},\"image\":{\"@id\":\"https:\\\/\\\/marcelolopes.jor.br\\\/site\\\/2026\\\/04\\\/24\\\/finc-2026-e-lancada-com-54-estandes-e-onze-shows\\\/#primaryimage\"},\"thumbnailUrl\":\"https:\\\/\\\/marcelolopes.jor.br\\\/site\\\/wp-content\\\/uploads\\\/2026\\\/04\\\/IMG_4933-Grande.jpeg\",\"datePublished\":\"2026-04-24T15:00:07+00:00\",\"description\":\"FINC 2026 \u00e9 lan\u00e7ada com 54 estandes e onze shows. A Tecidos Cataguases anunciou eventos na Feira pelos seus 90 anos.\",\"breadcrumb\":{\"@id\":\"https:\\\/\\\/marcelolopes.jor.br\\\/site\\\/2026\\\/04\\\/24\\\/finc-2026-e-lancada-com-54-estandes-e-onze-shows\\\/#breadcrumb\"},\"inLanguage\":\"pt-BR\",\"potentialAction\":[{\"@type\":\"ReadAction\",\"target\":[\"https:\\\/\\\/marcelolopes.jor.br\\\/site\\\/2026\\\/04\\\/24\\\/finc-2026-e-lancada-com-54-estandes-e-onze-shows\\\/\"]}]},{\"@type\":\"ImageObject\",\"inLanguage\":\"pt-BR\",\"@id\":\"https:\\\/\\\/marcelolopes.jor.br\\\/site\\\/2026\\\/04\\\/24\\\/finc-2026-e-lancada-com-54-estandes-e-onze-shows\\\/#primaryimage\",\"url\":\"https:\\\/\\\/marcelolopes.jor.br\\\/site\\\/wp-content\\\/uploads\\\/2026\\\/04\\\/IMG_4933-Grande.jpeg\",\"contentUrl\":\"https:\\\/\\\/marcelolopes.jor.br\\\/site\\\/wp-content\\\/uploads\\\/2026\\\/04\\\/IMG_4933-Grande.jpeg\",\"width\":1280,\"height\":720,\"caption\":\"FINC 2026 \u00e9 lan\u00e7ada\"},{\"@type\":\"BreadcrumbList\",\"@id\":\"https:\\\/\\\/marcelolopes.jor.br\\\/site\\\/2026\\\/04\\\/24\\\/finc-2026-e-lancada-com-54-estandes-e-onze-shows\\\/#breadcrumb\",\"itemListElement\":[{\"@type\":\"ListItem\",\"position\":1,\"name\":\"Home\",\"item\":\"https:\\\/\\\/marcelolopes.jor.br\\\/site\\\/\"},{\"@type\":\"ListItem\",\"position\":2,\"name\":\"FINC 2026 \u00e9 lan\u00e7ada com 54 estandes e onze shows\"}]},{\"@type\":\"WebSite\",\"@id\":\"https:\\\/\\\/marcelolopes.jor.br\\\/site\\\/#website\",\"url\":\"https:\\\/\\\/marcelolopes.jor.br\\\/site\\\/\",\"name\":\"Marcelo Lopes\",\"description\":\"Not\u00edcias de Cataguases e Regi\u00e3o\",\"publisher\":{\"@id\":\"https:\\\/\\\/marcelolopes.jor.br\\\/site\\\/#organization\"},\"potentialAction\":[{\"@type\":\"SearchAction\",\"target\":{\"@type\":\"EntryPoint\",\"urlTemplate\":\"https:\\\/\\\/marcelolopes.jor.br\\\/site\\\/?s={search_term_string}\"},\"query-input\":{\"@type\":\"PropertyValueSpecification\",\"valueRequired\":true,\"valueName\":\"search_term_string\"}}],\"inLanguage\":\"pt-BR\"},{\"@type\":\"Organization\",\"@id\":\"https:\\\/\\\/marcelolopes.jor.br\\\/site\\\/#organization\",\"name\":\"Site do Marcelo Lopes\",\"url\":\"https:\\\/\\\/marcelolopes.jor.br\\\/site\\\/\",\"logo\":{\"@type\":\"ImageObject\",\"inLanguage\":\"pt-BR\",\"@id\":\"https:\\\/\\\/marcelolopes.jor.br\\\/site\\\/#\\\/schema\\\/logo\\\/image\\\/\",\"url\":\"https:\\\/\\\/marcelolopes.jor.br\\\/site\\\/wp-content\\\/uploads\\\/2024\\\/11\\\/logo-1.png\",\"contentUrl\":\"https:\\\/\\\/marcelolopes.jor.br\\\/site\\\/wp-content\\\/uploads\\\/2024\\\/11\\\/logo-1.png\",\"width\":475,\"height\":80,\"caption\":\"Site do Marcelo Lopes\"},\"image\":{\"@id\":\"https:\\\/\\\/marcelolopes.jor.br\\\/site\\\/#\\\/schema\\\/logo\\\/image\\\/\"},\"sameAs\":[\"https:\\\/\\\/www.facebook.com\\\/sitedomarcelolopes\",\"https:\\\/\\\/www.instagram.com\\\/sitedomarcelolopes\\\/\",\"https:\\\/\\\/www.linkedin.com\\\/company\\\/site-do-marcelo-lopes\\\/\",\"https:\\\/\\\/www.youtube.com\\\/user\\\/marcelolopes957\"]},{\"@type\":\"Person\",\"@id\":\"https:\\\/\\\/marcelolopes.jor.br\\\/site\\\/#\\\/schema\\\/person\\\/3e7216a35c34d8fdf952b31da3d1f89f\",\"name\":\"Marcelo Lopes\",\"sameAs\":[\"http:\\\/\\\/www.marcelolopes.jor.br\"],\"url\":\"https:\\\/\\\/marcelolopes.jor.br\\\/site\\\/author\\\/marcelo\\\/\"}]}<\/script>\n<!-- \/ Yoast SEO plugin. -->","yoast_head_json":{"title":"FINC 2026 \u00e9 lan\u00e7ada com 54 estandes e onze shows | Marcelo Lopes","description":"FINC 2026 \u00e9 lan\u00e7ada com 54 estandes e onze shows. A Tecidos Cataguases anunciou eventos na Feira pelos seus 90 anos.","robots":{"index":"index","follow":"follow","max-snippet":"max-snippet:-1","max-image-preview":"max-image-preview:large","max-video-preview":"max-video-preview:-1"},"canonical":"https:\/\/marcelolopes.jor.br\/site\/2026\/04\/24\/finc-2026-e-lancada-com-54-estandes-e-onze-shows\/","og_locale":"pt_BR","og_type":"article","og_title":"FINC 2026 \u00e9 lan\u00e7ada com 54 estandes e onze shows | Marcelo Lopes","og_description":"FINC 2026 \u00e9 lan\u00e7ada com 54 estandes e onze shows. A Tecidos Cataguases anunciou eventos na Feira pelos seus 90 anos.","og_url":"https:\/\/marcelolopes.jor.br\/site\/2026\/04\/24\/finc-2026-e-lancada-com-54-estandes-e-onze-shows\/","og_site_name":"Marcelo Lopes","article_publisher":"https:\/\/www.facebook.com\/sitedomarcelolopes","article_published_time":"2026-04-24T15:00:07+00:00","og_image":[{"width":1280,"height":720,"url":"https:\/\/marcelolopes.jor.br\/site\/wp-content\/uploads\/2026\/04\/IMG_4933-Grande.jpeg","type":"image\/jpeg"}],"author":"Marcelo Lopes","twitter_card":"summary_large_image","twitter_misc":{"Escrito por":"Marcelo Lopes","Est. tempo de leitura":"2 minutos"},"schema":{"@context":"https:\/\/schema.org","@graph":[{"@type":"NewsArticle","@id":"https:\/\/marcelolopes.jor.br\/site\/2026\/04\/24\/finc-2026-e-lancada-com-54-estandes-e-onze-shows\/#article","isPartOf":{"@id":"https:\/\/marcelolopes.jor.br\/site\/2026\/04\/24\/finc-2026-e-lancada-com-54-estandes-e-onze-shows\/"},"author":{"name":"Marcelo Lopes","@id":"https:\/\/marcelolopes.jor.br\/site\/#\/schema\/person\/3e7216a35c34d8fdf952b31da3d1f89f"},"headline":"FINC 2026 \u00e9 lan\u00e7ada com 54 estandes e onze shows","datePublished":"2026-04-24T15:00:07+00:00","mainEntityOfPage":{"@id":"https:\/\/marcelolopes.jor.br\/site\/2026\/04\/24\/finc-2026-e-lancada-com-54-estandes-e-onze-shows\/"},"wordCount":503,"commentCount":0,"publisher":{"@id":"https:\/\/marcelolopes.jor.br\/site\/#organization"},"image":{"@id":"https:\/\/marcelolopes.jor.br\/site\/2026\/04\/24\/finc-2026-e-lancada-com-54-estandes-e-onze-shows\/#primaryimage"},"thumbnailUrl":"https:\/\/marcelolopes.jor.br\/site\/wp-content\/uploads\/2026\/04\/IMG_4933-Grande.jpeg","articleSection":["Not\u00edcias"],"inLanguage":"pt-BR","potentialAction":[{"@type":"CommentAction","name":"Comment","target":["https:\/\/marcelolopes.jor.br\/site\/2026\/04\/24\/finc-2026-e-lancada-com-54-estandes-e-onze-shows\/#respond"]}]},{"@type":"WebPage","@id":"https:\/\/marcelolopes.jor.br\/site\/2026\/04\/24\/finc-2026-e-lancada-com-54-estandes-e-onze-shows\/","url":"https:\/\/marcelolopes.jor.br\/site\/2026\/04\/24\/finc-2026-e-lancada-com-54-estandes-e-onze-shows\/","name":"FINC 2026 \u00e9 lan\u00e7ada com 54 estandes e onze shows | Marcelo Lopes","isPartOf":{"@id":"https:\/\/marcelolopes.jor.br\/site\/#website"},"primaryImageOfPage":{"@id":"https:\/\/marcelolopes.jor.br\/site\/2026\/04\/24\/finc-2026-e-lancada-com-54-estandes-e-onze-shows\/#primaryimage"},"image":{"@id":"https:\/\/marcelolopes.jor.br\/site\/2026\/04\/24\/finc-2026-e-lancada-com-54-estandes-e-onze-shows\/#primaryimage"},"thumbnailUrl":"https:\/\/marcelolopes.jor.br\/site\/wp-content\/uploads\/2026\/04\/IMG_4933-Grande.jpeg","datePublished":"2026-04-24T15:00:07+00:00","description":"FINC 2026 \u00e9 lan\u00e7ada com 54 estandes e onze shows. A Tecidos Cataguases anunciou eventos na Feira pelos seus 90 anos.","breadcrumb":{"@id":"https:\/\/marcelolopes.jor.br\/site\/2026\/04\/24\/finc-2026-e-lancada-com-54-estandes-e-onze-shows\/#breadcrumb"},"inLanguage":"pt-BR","potentialAction":[{"@type":"ReadAction","target":["https:\/\/marcelolopes.jor.br\/site\/2026\/04\/24\/finc-2026-e-lancada-com-54-estandes-e-onze-shows\/"]}]},{"@type":"ImageObject","inLanguage":"pt-BR","@id":"https:\/\/marcelolopes.jor.br\/site\/2026\/04\/24\/finc-2026-e-lancada-com-54-estandes-e-onze-shows\/#primaryimage","url":"https:\/\/marcelolopes.jor.br\/site\/wp-content\/uploads\/2026\/04\/IMG_4933-Grande.jpeg","contentUrl":"https:\/\/marcelolopes.jor.br\/site\/wp-content\/uploads\/2026\/04\/IMG_4933-Grande.jpeg","width":1280,"height":720,"caption":"FINC 2026 \u00e9 lan\u00e7ada"},{"@type":"BreadcrumbList","@id":"https:\/\/marcelolopes.jor.br\/site\/2026\/04\/24\/finc-2026-e-lancada-com-54-estandes-e-onze-shows\/#breadcrumb","itemListElement":[{"@type":"ListItem","position":1,"name":"Home","item":"https:\/\/marcelolopes.jor.br\/site\/"},{"@type":"ListItem","position":2,"name":"FINC 2026 \u00e9 lan\u00e7ada com 54 estandes e onze shows"}]},{"@type":"WebSite","@id":"https:\/\/marcelolopes.jor.br\/site\/#website","url":"https:\/\/marcelolopes.jor.br\/site\/","name":"Marcelo Lopes","description":"Not\u00edcias de Cataguases e Regi\u00e3o","publisher":{"@id":"https:\/\/marcelolopes.jor.br\/site\/#organization"},"potentialAction":[{"@type":"SearchAction","target":{"@type":"EntryPoint","urlTemplate":"https:\/\/marcelolopes.jor.br\/site\/?s={search_term_string}"},"query-input":{"@type":"PropertyValueSpecification","valueRequired":true,"valueName":"search_term_string"}}],"inLanguage":"pt-BR"},{"@type":"Organization","@id":"https:\/\/marcelolopes.jor.br\/site\/#organization","name":"Site do Marcelo Lopes","url":"https:\/\/marcelolopes.jor.br\/site\/","logo":{"@type":"ImageObject","inLanguage":"pt-BR","@id":"https:\/\/marcelolopes.jor.br\/site\/#\/schema\/logo\/image\/","url":"https:\/\/marcelolopes.jor.br\/site\/wp-content\/uploads\/2024\/11\/logo-1.png","contentUrl":"https:\/\/marcelolopes.jor.br\/site\/wp-content\/uploads\/2024\/11\/logo-1.png","width":475,"height":80,"caption":"Site do Marcelo Lopes"},"image":{"@id":"https:\/\/marcelolopes.jor.br\/site\/#\/schema\/logo\/image\/"},"sameAs":["https:\/\/www.facebook.com\/sitedomarcelolopes","https:\/\/www.instagram.com\/sitedomarcelolopes\/","https:\/\/www.linkedin.com\/company\/site-do-marcelo-lopes\/","https:\/\/www.youtube.com\/user\/marcelolopes957"]},{"@type":"Person","@id":"https:\/\/marcelolopes.jor.br\/site\/#\/schema\/person\/3e7216a35c34d8fdf952b31da3d1f89f","name":"Marcelo Lopes","sameAs":["http:\/\/www.marcelolopes.jor.br"],"url":"https:\/\/marcelolopes.jor.br\/site\/author\/marcelo\/"}]}},"wps_subtitle":"A Tecidos Cataguases anunciou eventos na Feira pelos seus 90 anos.","_links":{"self":[{"href":"https:\/\/marcelolopes.jor.br\/site\/wp-json\/wp\/v2\/posts\/65407","targetHints":{"allow":["GET"]}}],"collection":[{"href":"https:\/\/marcelolopes.jor.br\/site\/wp-json\/wp\/v2\/posts"}],"about":[{"href":"https:\/\/marcelolopes.jor.br\/site\/wp-json\/wp\/v2\/types\/post"}],"author":[{"embeddable":true,"href":"https:\/\/marcelolopes.jor.br\/site\/wp-json\/wp\/v2\/users\/2"}],"replies":[{"embeddable":true,"href":"https:\/\/marcelolopes.jor.br\/site\/wp-json\/wp\/v2\/comments?post=65407"}],"version-history":[{"count":2,"href":"https:\/\/marcelolopes.jor.br\/site\/wp-json\/wp\/v2\/posts\/65407\/revisions"}],"predecessor-version":[{"id":65412,"href":"https:\/\/marcelolopes.jor.br\/site\/wp-json\/wp\/v2\/posts\/65407\/revisions\/65412"}],"wp:featuredmedia":[{"embeddable":true,"href":"https:\/\/marcelolopes.jor.br\/site\/wp-json\/wp\/v2\/media\/65410"}],"wp:attachment":[{"href":"https:\/\/marcelolopes.jor.br\/site\/wp-json\/wp\/v2\/media?parent=65407"}],"wp:term":[{"taxonomy":"category","embeddable":true,"href":"https:\/\/marcelolopes.jor.br\/site\/wp-json\/wp\/v2\/categories?post=65407"},{"taxonomy":"post_tag","embeddable":true,"href":"https:\/\/marcelolopes.jor.br\/site\/wp-json\/wp\/v2\/tags?post=65407"}],"curies":[{"name":"wp","href":"https:\/\/api.w.org\/{rel}","templated":true}]}}