{"id":65394,"date":"2026-04-24T07:00:30","date_gmt":"2026-04-24T10:00:30","guid":{"rendered":"https:\/\/marcelolopes.jor.br\/site\/?p=65394"},"modified":"2026-04-23T15:18:21","modified_gmt":"2026-04-23T18:18:21","slug":"talento-de-cataguases-de-apenas-9-anos-brilha-nos-tatames","status":"publish","type":"post","link":"https:\/\/marcelolopes.jor.br\/site\/2026\/04\/24\/talento-de-cataguases-de-apenas-9-anos-brilha-nos-tatames\/","title":{"rendered":"Talento de Cataguases, de apenas 9 anos, brilha nos tatames"},"content":{"rendered":"<p>Cataguases tem um novo nome para se orgulhar \u2014 e ele ainda est\u00e1 dando os primeiros passos no esporte. Com apenas 9 anos, o jovem Arthur Rodrigues Bernardes j\u00e1 demonstra que disciplina, talento e determina\u00e7\u00e3o n\u00e3o t\u00eam idade. No \u00faltimo dia 19 de abril, ele subiu ao p\u00f3dio na 2\u00aa edi\u00e7\u00e3o do Campeonato Mineiro de Jiu-Jitsu, realizado em Juiz de Fora, conquistando o vice-campeonato na categoria mirim.<!--more--><\/p>\n<h4 class=\"p1\"><span class=\"s1\">\ud83d\udcf8\u00a0<span style=\"color: #008000;\">Siga o Site do Marcelo Lopes no<\/span>\u00a0<span style=\"color: #800000;\"><a style=\"color: #800000;\" href=\"https:\/\/www.facebook.com\/sitedomarcelolopes\/\"><strong>Facebook<\/strong><\/a><\/span>\u00a0<span style=\"color: #008000;\">e no<\/span>\u00a0<span style=\"color: #800000;\"><strong><a style=\"color: #800000;\" href=\"https:\/\/www.instagram.com\/sitedomarcelolopes\/\">Instagram<\/a><\/strong><\/span><\/span><\/h4>\n<h4 class=\"p1\">\ud83d\udcf1<span style=\"color: #008000;\">Participe do grupo de<\/span>\u00a0<span style=\"color: #800000;\"><a style=\"color: #800000;\" href=\"https:\/\/chat.whatsapp.com\/BibzcI1ibYSKytbdyzubLA\"><strong>WhatsApp<\/strong><\/a><\/span> <span style=\"color: #008000;\">do Site do Marcelo Lopes<\/span><\/h4>\n<p>Representando com garra a cidade de Cataguases, Arthur mostrou maturidade e t\u00e9cnica dignas de atletas mais experientes. Aluno da Academia Gracie Barra Cataguases, ele \u00e9 treinado pelo mestre Ricardo Caetano, refer\u00eancia no esporte, e vem construindo uma trajet\u00f3ria que j\u00e1 chama aten\u00e7\u00e3o dentro e fora dos tatames.<\/p>\n<p>Mais do que a medalha de prata, o resultado simboliza o in\u00edcio de uma caminhada promissora. E o pr\u00f3prio Arthur tem isso muito claro.<img loading=\"lazy\" decoding=\"async\" class=\"size-medium wp-image-65396 alignleft\" src=\"https:\/\/marcelolopes.jor.br\/site\/wp-content\/uploads\/2026\/04\/mirim-copiar-160x300.jpg\" alt=\"\" width=\"160\" height=\"300\" srcset=\"https:\/\/marcelolopes.jor.br\/site\/wp-content\/uploads\/2026\/04\/mirim-copiar-160x300.jpg 160w, https:\/\/marcelolopes.jor.br\/site\/wp-content\/uploads\/2026\/04\/mirim-copiar.jpg 200w\" sizes=\"auto, (max-width: 160px) 100vw, 160px\" \/><\/p>\n<blockquote><p>&#8220;Essa medalha de prata \u00e9 o in\u00edcio e o combust\u00edvel que eu precisava para treinar ainda mais forte e buscar o topo na pr\u00f3xima. Representar minha cidade e minha fam\u00edlia \u00e9 o que me d\u00e1 for\u00e7a. Essa conquista \u00e9 s\u00f3 o come\u00e7o de uma caminhada que eu quero que inspire outras crian\u00e7as&#8221;, destacou o jovem atleta, agradecendo ainda ao mestre, professores, familiares, amigos e ao patrocinador Hiperfit Academia, que acredita em seu potencial.<\/p><\/blockquote>\n<p>Por tr\u00e1s do sorriso no p\u00f3dio, h\u00e1 uma rotina de disciplina que impressiona \u2014 algo que a fam\u00edlia acompanha de perto. A m\u00e3e de Arthur &#8211; Ludmila Rodrigues &#8211; descreve a conquista com emo\u00e7\u00e3o e orgulho:<\/p>\n<blockquote><p>&#8220;Ver o Arthur no p\u00f3dio foi a confirma\u00e7\u00e3o de que todo o esfor\u00e7o vale a pena. Quem v\u00ea a medalha de vice-campe\u00e3o n\u00e3o imagina a disciplina que ele mant\u00e9m aos 9 anos e a ren\u00fancia que o esporte exige. Essa prata brilha como ouro para mim, porque eu vejo o homem de car\u00e1ter que ele est\u00e1 se tornando.&#8221;<\/p><\/blockquote>\n<p><img loading=\"lazy\" decoding=\"async\" class=\"aligncenter wp-image-65398 size-full\" src=\"https:\/\/marcelolopes.jor.br\/site\/wp-content\/uploads\/2026\/04\/Mirim3-copiar.jpg\" alt=\"Talento de Cataguases, de\" width=\"700\" height=\"502\" srcset=\"https:\/\/marcelolopes.jor.br\/site\/wp-content\/uploads\/2026\/04\/Mirim3-copiar.jpg 700w, https:\/\/marcelolopes.jor.br\/site\/wp-content\/uploads\/2026\/04\/Mirim3-copiar-300x215.jpg 300w\" sizes=\"auto, (max-width: 700px) 100vw, 700px\" \/>Ela ainda resume o sentimento de quem acompanha cada treino e cada desafio: gratid\u00e3o; pelo apoio, pela prote\u00e7\u00e3o e pelas pessoas que caminham ao lado do filho nessa jornada. <em>&#8220;Ser m\u00e3e de atleta \u00e9 viver um misto de nervosismo e alegria, mas ver esse sorriso no rosto dele compensa tudo. Vamos para a pr\u00f3xima!&#8221;<\/em>, completou.<\/p>\n<p>O desempenho de Arthur refor\u00e7a a import\u00e2ncia do incentivo ao esporte desde a inf\u00e2ncia \u2014 n\u00e3o apenas como caminho para conquistas, mas como ferramenta de forma\u00e7\u00e3o de car\u00e1ter, disciplina e supera\u00e7\u00e3o.<\/p>\n<p>Agora, o jovem atleta segue treinando e sonhando mais alto. Enquanto treina para futuras competi\u00e7\u00f5es, ele tamb\u00e9m procura novos patrocinadores que queiram investir nesse talento que j\u00e1 come\u00e7a a despontar.<\/p>\n<p>Quem quiser acompanhar de perto essa trajet\u00f3ria promissora pode seguir Arthur no Instagram: @arthurrbernardes.bjj.<\/p>\n<p>Se depender da garra que j\u00e1 demonstra, Cataguases ainda vai ouvir falar \u2014 e muito \u2014 desse pequeno grande campe\u00e3o.<\/p>\n<p><img loading=\"lazy\" decoding=\"async\" class=\"aligncenter wp-image-65397 size-full\" src=\"https:\/\/marcelolopes.jor.br\/site\/wp-content\/uploads\/2026\/04\/Mirim2-copiar.jpg\" alt=\"Talento de Cataguases, de\" width=\"500\" height=\"613\" srcset=\"https:\/\/marcelolopes.jor.br\/site\/wp-content\/uploads\/2026\/04\/Mirim2-copiar.jpg 500w, https:\/\/marcelolopes.jor.br\/site\/wp-content\/uploads\/2026\/04\/Mirim2-copiar-245x300.jpg 245w\" sizes=\"auto, (max-width: 500px) 100vw, 500px\" \/><\/p>\n<p><strong>OUTRAS NOT\u00cdCIAS<\/strong><br \/>\n<a href=\"https:\/\/marcelolopes.jor.br\/site\/2025\/11\/20\/maira-santos-conquista-tres-trofeus-em-prova-de-fisiculturismo\/\"><strong><span style=\"color: #800000;\">Maira Santos conquista tr\u00eas trof\u00e9us em prova de fisiculturismo<\/span><\/strong><\/a><\/p>\n<p><a href=\"https:\/\/marcelolopes.jor.br\/site\/2024\/10\/29\/cataguasense-conclui-prova-de-mountain-bike-mais-dificil-do-mundo\/\"><strong><span style=\"color: #800000;\">Cataguasense conclui prova de Mountain Bike &#8220;mais dif\u00edcil do mundo&#8221;<\/span><\/strong><\/a><\/p>\n<p>Foto: Acervo da fam\u00edlia<\/p>\n<div class=\"hseha69f70935a5372\" ><br><\/div><style type=\"text\/css\">\r\n@media screen and (min-width: 1201px) {\r\n.hseha69f70935a5372 {\r\ndisplay: block;\r\n}\r\n}\r\n@media screen and (min-width: 993px) and (max-width: 1200px) {\r\n.hseha69f70935a5372 {\r\ndisplay: block;\r\n}\r\n}\r\n@media screen and (min-width: 769px) and (max-width: 992px) {\r\n.hseha69f70935a5372 {\r\ndisplay: block;\r\n}\r\n}\r\n@media screen and (min-width: 768px) and (max-width: 768px) {\r\n.hseha69f70935a5372 {\r\ndisplay: block;\r\n}\r\n}\r\n@media screen and (max-width: 767px) {\r\n.hseha69f70935a5372 {\r\ndisplay: block;\r\n}\r\n}\r\n<\/style>\r\n<div class=\"yofli69f70935ab7d7\" ><div id=\"div_destino\"><\/div>\r\n<script src=\"https:\/\/cdn.snsrsv.com\/sdk.js\"><\/script>\r\n<script >\r\n      new sdk(\"464030C30061EA8BE065000000000001\") \r\n          .appendTo(\"div_destino\")\r\n          .disableStyle(true) \r\n          .setCacheBusterMacro(\"%%CACHEBUSTER%%\")\r\n          .setSize(\"800\",\"214\")\r\n          .setClickMacro(\"%%CLICK_URL_ESC%%\") \r\n          .setReferrerUrlMacro(\"%%REFERRER_URL_ESC%%\") \r\n          .start(); \r\n<\/script><\/div><style type=\"text\/css\">\r\n@media screen and (min-width: 1201px) {\r\n.yofli69f70935ab7d7 {\r\ndisplay: block;\r\n}\r\n}\r\n@media screen and (min-width: 993px) and (max-width: 1200px) {\r\n.yofli69f70935ab7d7 {\r\ndisplay: block;\r\n}\r\n}\r\n@media screen and (min-width: 769px) and (max-width: 992px) {\r\n.yofli69f70935ab7d7 {\r\ndisplay: block;\r\n}\r\n}\r\n@media screen and (min-width: 768px) and (max-width: 768px) {\r\n.yofli69f70935ab7d7 {\r\ndisplay: block;\r\n}\r\n}\r\n@media screen and (max-width: 767px) {\r\n.yofli69f70935ab7d7 {\r\ndisplay: block;\r\n}\r\n}\r\n<\/style>\r\n","protected":false},"excerpt":{"rendered":"<p>Cataguases tem um novo nome para se orgulhar \u2014 e ele ainda est\u00e1 dando os primeiros passos no esporte. Com apenas 9 anos, o jovem Arthur Rodrigues Bernardes j\u00e1 demonstra que disciplina, talento e determina\u00e7\u00e3o n\u00e3o t\u00eam idade. No \u00faltimo<\/p>\n<p class=\"link-more\"><a class=\"more-link\" href=\"https:\/\/marcelolopes.jor.br\/site\/2026\/04\/24\/talento-de-cataguases-de-apenas-9-anos-brilha-nos-tatames\/\">Leia mais <span class=\"screen-reader-text\">Talento de Cataguases, de apenas 9 anos, brilha nos tatames<\/span><\/a><\/p>\n","protected":false},"author":2,"featured_media":65399,"comment_status":"open","ping_status":"closed","sticky":false,"template":"","format":"standard","meta":{"footnotes":""},"categories":[1],"tags":[],"class_list":["post-65394","post","type-post","status-publish","format-standard","has-post-thumbnail","hentry","category-noticias","thumb-below-title"],"yoast_head":"<!-- This site is optimized with the Yoast SEO plugin v27.4 - https:\/\/yoast.com\/product\/yoast-seo-wordpress\/ -->\n<title>Talento de Cataguases, de apenas 9 anos, brilha nos tatames | Marcelo Lopes<\/title>\n<meta name=\"description\" content=\"Talento de Cataguases, de apenas 9 anos, brilha nos tatames. Arthur Rodrigues Bernardes conquista vice-campeonato mineiro de jiu-jitsu.\" \/>\n<meta name=\"robots\" content=\"index, follow, max-snippet:-1, max-image-preview:large, max-video-preview:-1\" \/>\n<link rel=\"canonical\" href=\"https:\/\/marcelolopes.jor.br\/site\/2026\/04\/24\/talento-de-cataguases-de-apenas-9-anos-brilha-nos-tatames\/\" \/>\n<meta property=\"og:locale\" content=\"pt_BR\" \/>\n<meta property=\"og:type\" content=\"article\" \/>\n<meta property=\"og:title\" content=\"Talento de Cataguases, de apenas 9 anos, brilha nos tatames | Marcelo Lopes\" \/>\n<meta property=\"og:description\" content=\"Talento de Cataguases, de apenas 9 anos, brilha nos tatames. Arthur Rodrigues Bernardes conquista vice-campeonato mineiro de jiu-jitsu.\" \/>\n<meta property=\"og:url\" content=\"https:\/\/marcelolopes.jor.br\/site\/2026\/04\/24\/talento-de-cataguases-de-apenas-9-anos-brilha-nos-tatames\/\" \/>\n<meta property=\"og:site_name\" content=\"Marcelo Lopes\" \/>\n<meta property=\"article:publisher\" content=\"https:\/\/www.facebook.com\/sitedomarcelolopes\" \/>\n<meta property=\"article:published_time\" content=\"2026-04-24T10:00:30+00:00\" \/>\n<meta property=\"og:image\" content=\"https:\/\/marcelolopes.jor.br\/site\/wp-content\/uploads\/2026\/04\/Mirim22copiar.jpg\" \/>\n\t<meta property=\"og:image:width\" content=\"800\" \/>\n\t<meta property=\"og:image:height\" content=\"522\" \/>\n\t<meta property=\"og:image:type\" content=\"image\/jpeg\" \/>\n<meta name=\"author\" content=\"Marcelo Lopes\" \/>\n<meta name=\"twitter:card\" content=\"summary_large_image\" \/>\n<meta name=\"twitter:label1\" content=\"Escrito por\" \/>\n\t<meta name=\"twitter:data1\" content=\"Marcelo Lopes\" \/>\n\t<meta name=\"twitter:label2\" content=\"Est. tempo de leitura\" \/>\n\t<meta name=\"twitter:data2\" content=\"3 minutos\" \/>\n<script type=\"application\/ld+json\" class=\"yoast-schema-graph\">{\"@context\":\"https:\\\/\\\/schema.org\",\"@graph\":[{\"@type\":\"NewsArticle\",\"@id\":\"https:\\\/\\\/marcelolopes.jor.br\\\/site\\\/2026\\\/04\\\/24\\\/talento-de-cataguases-de-apenas-9-anos-brilha-nos-tatames\\\/#article\",\"isPartOf\":{\"@id\":\"https:\\\/\\\/marcelolopes.jor.br\\\/site\\\/2026\\\/04\\\/24\\\/talento-de-cataguases-de-apenas-9-anos-brilha-nos-tatames\\\/\"},\"author\":{\"name\":\"Marcelo Lopes\",\"@id\":\"https:\\\/\\\/marcelolopes.jor.br\\\/site\\\/#\\\/schema\\\/person\\\/3e7216a35c34d8fdf952b31da3d1f89f\"},\"headline\":\"Talento de Cataguases, de apenas 9 anos, brilha nos tatames\",\"datePublished\":\"2026-04-24T10:00:30+00:00\",\"mainEntityOfPage\":{\"@id\":\"https:\\\/\\\/marcelolopes.jor.br\\\/site\\\/2026\\\/04\\\/24\\\/talento-de-cataguases-de-apenas-9-anos-brilha-nos-tatames\\\/\"},\"wordCount\":549,\"commentCount\":0,\"publisher\":{\"@id\":\"https:\\\/\\\/marcelolopes.jor.br\\\/site\\\/#organization\"},\"image\":{\"@id\":\"https:\\\/\\\/marcelolopes.jor.br\\\/site\\\/2026\\\/04\\\/24\\\/talento-de-cataguases-de-apenas-9-anos-brilha-nos-tatames\\\/#primaryimage\"},\"thumbnailUrl\":\"https:\\\/\\\/marcelolopes.jor.br\\\/site\\\/wp-content\\\/uploads\\\/2026\\\/04\\\/Mirim22copiar.jpg\",\"articleSection\":[\"Not\u00edcias\"],\"inLanguage\":\"pt-BR\",\"potentialAction\":[{\"@type\":\"CommentAction\",\"name\":\"Comment\",\"target\":[\"https:\\\/\\\/marcelolopes.jor.br\\\/site\\\/2026\\\/04\\\/24\\\/talento-de-cataguases-de-apenas-9-anos-brilha-nos-tatames\\\/#respond\"]}]},{\"@type\":\"WebPage\",\"@id\":\"https:\\\/\\\/marcelolopes.jor.br\\\/site\\\/2026\\\/04\\\/24\\\/talento-de-cataguases-de-apenas-9-anos-brilha-nos-tatames\\\/\",\"url\":\"https:\\\/\\\/marcelolopes.jor.br\\\/site\\\/2026\\\/04\\\/24\\\/talento-de-cataguases-de-apenas-9-anos-brilha-nos-tatames\\\/\",\"name\":\"Talento de Cataguases, de apenas 9 anos, brilha nos tatames | Marcelo Lopes\",\"isPartOf\":{\"@id\":\"https:\\\/\\\/marcelolopes.jor.br\\\/site\\\/#website\"},\"primaryImageOfPage\":{\"@id\":\"https:\\\/\\\/marcelolopes.jor.br\\\/site\\\/2026\\\/04\\\/24\\\/talento-de-cataguases-de-apenas-9-anos-brilha-nos-tatames\\\/#primaryimage\"},\"image\":{\"@id\":\"https:\\\/\\\/marcelolopes.jor.br\\\/site\\\/2026\\\/04\\\/24\\\/talento-de-cataguases-de-apenas-9-anos-brilha-nos-tatames\\\/#primaryimage\"},\"thumbnailUrl\":\"https:\\\/\\\/marcelolopes.jor.br\\\/site\\\/wp-content\\\/uploads\\\/2026\\\/04\\\/Mirim22copiar.jpg\",\"datePublished\":\"2026-04-24T10:00:30+00:00\",\"description\":\"Talento de Cataguases, de apenas 9 anos, brilha nos tatames. Arthur Rodrigues Bernardes conquista vice-campeonato mineiro de jiu-jitsu.\",\"breadcrumb\":{\"@id\":\"https:\\\/\\\/marcelolopes.jor.br\\\/site\\\/2026\\\/04\\\/24\\\/talento-de-cataguases-de-apenas-9-anos-brilha-nos-tatames\\\/#breadcrumb\"},\"inLanguage\":\"pt-BR\",\"potentialAction\":[{\"@type\":\"ReadAction\",\"target\":[\"https:\\\/\\\/marcelolopes.jor.br\\\/site\\\/2026\\\/04\\\/24\\\/talento-de-cataguases-de-apenas-9-anos-brilha-nos-tatames\\\/\"]}]},{\"@type\":\"ImageObject\",\"inLanguage\":\"pt-BR\",\"@id\":\"https:\\\/\\\/marcelolopes.jor.br\\\/site\\\/2026\\\/04\\\/24\\\/talento-de-cataguases-de-apenas-9-anos-brilha-nos-tatames\\\/#primaryimage\",\"url\":\"https:\\\/\\\/marcelolopes.jor.br\\\/site\\\/wp-content\\\/uploads\\\/2026\\\/04\\\/Mirim22copiar.jpg\",\"contentUrl\":\"https:\\\/\\\/marcelolopes.jor.br\\\/site\\\/wp-content\\\/uploads\\\/2026\\\/04\\\/Mirim22copiar.jpg\",\"width\":800,\"height\":522,\"caption\":\"Talento de Cataguases, de\"},{\"@type\":\"BreadcrumbList\",\"@id\":\"https:\\\/\\\/marcelolopes.jor.br\\\/site\\\/2026\\\/04\\\/24\\\/talento-de-cataguases-de-apenas-9-anos-brilha-nos-tatames\\\/#breadcrumb\",\"itemListElement\":[{\"@type\":\"ListItem\",\"position\":1,\"name\":\"Home\",\"item\":\"https:\\\/\\\/marcelolopes.jor.br\\\/site\\\/\"},{\"@type\":\"ListItem\",\"position\":2,\"name\":\"Talento de Cataguases, de apenas 9 anos, brilha nos tatames\"}]},{\"@type\":\"WebSite\",\"@id\":\"https:\\\/\\\/marcelolopes.jor.br\\\/site\\\/#website\",\"url\":\"https:\\\/\\\/marcelolopes.jor.br\\\/site\\\/\",\"name\":\"Marcelo Lopes\",\"description\":\"Not\u00edcias de Cataguases e Regi\u00e3o\",\"publisher\":{\"@id\":\"https:\\\/\\\/marcelolopes.jor.br\\\/site\\\/#organization\"},\"potentialAction\":[{\"@type\":\"SearchAction\",\"target\":{\"@type\":\"EntryPoint\",\"urlTemplate\":\"https:\\\/\\\/marcelolopes.jor.br\\\/site\\\/?s={search_term_string}\"},\"query-input\":{\"@type\":\"PropertyValueSpecification\",\"valueRequired\":true,\"valueName\":\"search_term_string\"}}],\"inLanguage\":\"pt-BR\"},{\"@type\":\"Organization\",\"@id\":\"https:\\\/\\\/marcelolopes.jor.br\\\/site\\\/#organization\",\"name\":\"Site do Marcelo Lopes\",\"url\":\"https:\\\/\\\/marcelolopes.jor.br\\\/site\\\/\",\"logo\":{\"@type\":\"ImageObject\",\"inLanguage\":\"pt-BR\",\"@id\":\"https:\\\/\\\/marcelolopes.jor.br\\\/site\\\/#\\\/schema\\\/logo\\\/image\\\/\",\"url\":\"https:\\\/\\\/marcelolopes.jor.br\\\/site\\\/wp-content\\\/uploads\\\/2024\\\/11\\\/logo-1.png\",\"contentUrl\":\"https:\\\/\\\/marcelolopes.jor.br\\\/site\\\/wp-content\\\/uploads\\\/2024\\\/11\\\/logo-1.png\",\"width\":475,\"height\":80,\"caption\":\"Site do Marcelo Lopes\"},\"image\":{\"@id\":\"https:\\\/\\\/marcelolopes.jor.br\\\/site\\\/#\\\/schema\\\/logo\\\/image\\\/\"},\"sameAs\":[\"https:\\\/\\\/www.facebook.com\\\/sitedomarcelolopes\",\"https:\\\/\\\/www.instagram.com\\\/sitedomarcelolopes\\\/\",\"https:\\\/\\\/www.linkedin.com\\\/company\\\/site-do-marcelo-lopes\\\/\",\"https:\\\/\\\/www.youtube.com\\\/user\\\/marcelolopes957\"]},{\"@type\":\"Person\",\"@id\":\"https:\\\/\\\/marcelolopes.jor.br\\\/site\\\/#\\\/schema\\\/person\\\/3e7216a35c34d8fdf952b31da3d1f89f\",\"name\":\"Marcelo Lopes\",\"sameAs\":[\"http:\\\/\\\/www.marcelolopes.jor.br\"],\"url\":\"https:\\\/\\\/marcelolopes.jor.br\\\/site\\\/author\\\/marcelo\\\/\"}]}<\/script>\n<!-- \/ Yoast SEO plugin. -->","yoast_head_json":{"title":"Talento de Cataguases, de apenas 9 anos, brilha nos tatames | Marcelo Lopes","description":"Talento de Cataguases, de apenas 9 anos, brilha nos tatames. Arthur Rodrigues Bernardes conquista vice-campeonato mineiro de jiu-jitsu.","robots":{"index":"index","follow":"follow","max-snippet":"max-snippet:-1","max-image-preview":"max-image-preview:large","max-video-preview":"max-video-preview:-1"},"canonical":"https:\/\/marcelolopes.jor.br\/site\/2026\/04\/24\/talento-de-cataguases-de-apenas-9-anos-brilha-nos-tatames\/","og_locale":"pt_BR","og_type":"article","og_title":"Talento de Cataguases, de apenas 9 anos, brilha nos tatames | Marcelo Lopes","og_description":"Talento de Cataguases, de apenas 9 anos, brilha nos tatames. Arthur Rodrigues Bernardes conquista vice-campeonato mineiro de jiu-jitsu.","og_url":"https:\/\/marcelolopes.jor.br\/site\/2026\/04\/24\/talento-de-cataguases-de-apenas-9-anos-brilha-nos-tatames\/","og_site_name":"Marcelo Lopes","article_publisher":"https:\/\/www.facebook.com\/sitedomarcelolopes","article_published_time":"2026-04-24T10:00:30+00:00","og_image":[{"width":800,"height":522,"url":"https:\/\/marcelolopes.jor.br\/site\/wp-content\/uploads\/2026\/04\/Mirim22copiar.jpg","type":"image\/jpeg"}],"author":"Marcelo Lopes","twitter_card":"summary_large_image","twitter_misc":{"Escrito por":"Marcelo Lopes","Est. tempo de leitura":"3 minutos"},"schema":{"@context":"https:\/\/schema.org","@graph":[{"@type":"NewsArticle","@id":"https:\/\/marcelolopes.jor.br\/site\/2026\/04\/24\/talento-de-cataguases-de-apenas-9-anos-brilha-nos-tatames\/#article","isPartOf":{"@id":"https:\/\/marcelolopes.jor.br\/site\/2026\/04\/24\/talento-de-cataguases-de-apenas-9-anos-brilha-nos-tatames\/"},"author":{"name":"Marcelo Lopes","@id":"https:\/\/marcelolopes.jor.br\/site\/#\/schema\/person\/3e7216a35c34d8fdf952b31da3d1f89f"},"headline":"Talento de Cataguases, de apenas 9 anos, brilha nos tatames","datePublished":"2026-04-24T10:00:30+00:00","mainEntityOfPage":{"@id":"https:\/\/marcelolopes.jor.br\/site\/2026\/04\/24\/talento-de-cataguases-de-apenas-9-anos-brilha-nos-tatames\/"},"wordCount":549,"commentCount":0,"publisher":{"@id":"https:\/\/marcelolopes.jor.br\/site\/#organization"},"image":{"@id":"https:\/\/marcelolopes.jor.br\/site\/2026\/04\/24\/talento-de-cataguases-de-apenas-9-anos-brilha-nos-tatames\/#primaryimage"},"thumbnailUrl":"https:\/\/marcelolopes.jor.br\/site\/wp-content\/uploads\/2026\/04\/Mirim22copiar.jpg","articleSection":["Not\u00edcias"],"inLanguage":"pt-BR","potentialAction":[{"@type":"CommentAction","name":"Comment","target":["https:\/\/marcelolopes.jor.br\/site\/2026\/04\/24\/talento-de-cataguases-de-apenas-9-anos-brilha-nos-tatames\/#respond"]}]},{"@type":"WebPage","@id":"https:\/\/marcelolopes.jor.br\/site\/2026\/04\/24\/talento-de-cataguases-de-apenas-9-anos-brilha-nos-tatames\/","url":"https:\/\/marcelolopes.jor.br\/site\/2026\/04\/24\/talento-de-cataguases-de-apenas-9-anos-brilha-nos-tatames\/","name":"Talento de Cataguases, de apenas 9 anos, brilha nos tatames | Marcelo Lopes","isPartOf":{"@id":"https:\/\/marcelolopes.jor.br\/site\/#website"},"primaryImageOfPage":{"@id":"https:\/\/marcelolopes.jor.br\/site\/2026\/04\/24\/talento-de-cataguases-de-apenas-9-anos-brilha-nos-tatames\/#primaryimage"},"image":{"@id":"https:\/\/marcelolopes.jor.br\/site\/2026\/04\/24\/talento-de-cataguases-de-apenas-9-anos-brilha-nos-tatames\/#primaryimage"},"thumbnailUrl":"https:\/\/marcelolopes.jor.br\/site\/wp-content\/uploads\/2026\/04\/Mirim22copiar.jpg","datePublished":"2026-04-24T10:00:30+00:00","description":"Talento de Cataguases, de apenas 9 anos, brilha nos tatames. Arthur Rodrigues Bernardes conquista vice-campeonato mineiro de jiu-jitsu.","breadcrumb":{"@id":"https:\/\/marcelolopes.jor.br\/site\/2026\/04\/24\/talento-de-cataguases-de-apenas-9-anos-brilha-nos-tatames\/#breadcrumb"},"inLanguage":"pt-BR","potentialAction":[{"@type":"ReadAction","target":["https:\/\/marcelolopes.jor.br\/site\/2026\/04\/24\/talento-de-cataguases-de-apenas-9-anos-brilha-nos-tatames\/"]}]},{"@type":"ImageObject","inLanguage":"pt-BR","@id":"https:\/\/marcelolopes.jor.br\/site\/2026\/04\/24\/talento-de-cataguases-de-apenas-9-anos-brilha-nos-tatames\/#primaryimage","url":"https:\/\/marcelolopes.jor.br\/site\/wp-content\/uploads\/2026\/04\/Mirim22copiar.jpg","contentUrl":"https:\/\/marcelolopes.jor.br\/site\/wp-content\/uploads\/2026\/04\/Mirim22copiar.jpg","width":800,"height":522,"caption":"Talento de Cataguases, de"},{"@type":"BreadcrumbList","@id":"https:\/\/marcelolopes.jor.br\/site\/2026\/04\/24\/talento-de-cataguases-de-apenas-9-anos-brilha-nos-tatames\/#breadcrumb","itemListElement":[{"@type":"ListItem","position":1,"name":"Home","item":"https:\/\/marcelolopes.jor.br\/site\/"},{"@type":"ListItem","position":2,"name":"Talento de Cataguases, de apenas 9 anos, brilha nos tatames"}]},{"@type":"WebSite","@id":"https:\/\/marcelolopes.jor.br\/site\/#website","url":"https:\/\/marcelolopes.jor.br\/site\/","name":"Marcelo Lopes","description":"Not\u00edcias de Cataguases e Regi\u00e3o","publisher":{"@id":"https:\/\/marcelolopes.jor.br\/site\/#organization"},"potentialAction":[{"@type":"SearchAction","target":{"@type":"EntryPoint","urlTemplate":"https:\/\/marcelolopes.jor.br\/site\/?s={search_term_string}"},"query-input":{"@type":"PropertyValueSpecification","valueRequired":true,"valueName":"search_term_string"}}],"inLanguage":"pt-BR"},{"@type":"Organization","@id":"https:\/\/marcelolopes.jor.br\/site\/#organization","name":"Site do Marcelo Lopes","url":"https:\/\/marcelolopes.jor.br\/site\/","logo":{"@type":"ImageObject","inLanguage":"pt-BR","@id":"https:\/\/marcelolopes.jor.br\/site\/#\/schema\/logo\/image\/","url":"https:\/\/marcelolopes.jor.br\/site\/wp-content\/uploads\/2024\/11\/logo-1.png","contentUrl":"https:\/\/marcelolopes.jor.br\/site\/wp-content\/uploads\/2024\/11\/logo-1.png","width":475,"height":80,"caption":"Site do Marcelo Lopes"},"image":{"@id":"https:\/\/marcelolopes.jor.br\/site\/#\/schema\/logo\/image\/"},"sameAs":["https:\/\/www.facebook.com\/sitedomarcelolopes","https:\/\/www.instagram.com\/sitedomarcelolopes\/","https:\/\/www.linkedin.com\/company\/site-do-marcelo-lopes\/","https:\/\/www.youtube.com\/user\/marcelolopes957"]},{"@type":"Person","@id":"https:\/\/marcelolopes.jor.br\/site\/#\/schema\/person\/3e7216a35c34d8fdf952b31da3d1f89f","name":"Marcelo Lopes","sameAs":["http:\/\/www.marcelolopes.jor.br"],"url":"https:\/\/marcelolopes.jor.br\/site\/author\/marcelo\/"}]}},"wps_subtitle":"Arthur Rodrigues Bernardes conquista vice-campeonato mineiro de jiu-jitsu.","_links":{"self":[{"href":"https:\/\/marcelolopes.jor.br\/site\/wp-json\/wp\/v2\/posts\/65394","targetHints":{"allow":["GET"]}}],"collection":[{"href":"https:\/\/marcelolopes.jor.br\/site\/wp-json\/wp\/v2\/posts"}],"about":[{"href":"https:\/\/marcelolopes.jor.br\/site\/wp-json\/wp\/v2\/types\/post"}],"author":[{"embeddable":true,"href":"https:\/\/marcelolopes.jor.br\/site\/wp-json\/wp\/v2\/users\/2"}],"replies":[{"embeddable":true,"href":"https:\/\/marcelolopes.jor.br\/site\/wp-json\/wp\/v2\/comments?post=65394"}],"version-history":[{"count":2,"href":"https:\/\/marcelolopes.jor.br\/site\/wp-json\/wp\/v2\/posts\/65394\/revisions"}],"predecessor-version":[{"id":65400,"href":"https:\/\/marcelolopes.jor.br\/site\/wp-json\/wp\/v2\/posts\/65394\/revisions\/65400"}],"wp:featuredmedia":[{"embeddable":true,"href":"https:\/\/marcelolopes.jor.br\/site\/wp-json\/wp\/v2\/media\/65399"}],"wp:attachment":[{"href":"https:\/\/marcelolopes.jor.br\/site\/wp-json\/wp\/v2\/media?parent=65394"}],"wp:term":[{"taxonomy":"category","embeddable":true,"href":"https:\/\/marcelolopes.jor.br\/site\/wp-json\/wp\/v2\/categories?post=65394"},{"taxonomy":"post_tag","embeddable":true,"href":"https:\/\/marcelolopes.jor.br\/site\/wp-json\/wp\/v2\/tags?post=65394"}],"curies":[{"name":"wp","href":"https:\/\/api.w.org\/{rel}","templated":true}]}}