{"id":65382,"date":"2026-04-23T07:00:23","date_gmt":"2026-04-23T10:00:23","guid":{"rendered":"https:\/\/marcelolopes.jor.br\/site\/?p=65382"},"modified":"2026-04-22T18:39:27","modified_gmt":"2026-04-22T21:39:27","slug":"cataguartes-iii-convoca-artistas-para-ocupar-palcos-e-galerias","status":"publish","type":"post","link":"https:\/\/marcelolopes.jor.br\/site\/2026\/04\/23\/cataguartes-iii-convoca-artistas-para-ocupar-palcos-e-galerias\/","title":{"rendered":"Cataguartes III convoca artistas para ocupar palcos e galerias"},"content":{"rendered":"<p>Est\u00e3o abertas as inscri\u00e7\u00f5es para o Cataguartes III, um dos mais importantes movimentos de valoriza\u00e7\u00e3o da produ\u00e7\u00e3o cultural local. Realizado com o intuito de democratizar o acesso \u00e0 arte e fortalecer a identidade regional, o projeto convida m\u00fasicos, atores, bailarinos, artistas pl\u00e1sticos e realizadores audiovisuais de Cataguases e regi\u00e3o a compartilharem suas cria\u00e7\u00f5es com o p\u00fablico.<!--more--><\/p>\n<h4 class=\"p1\"><span class=\"s1\">\ud83d\udcf8\u00a0<span style=\"color: #008000;\">Siga o Site do Marcelo Lopes no<\/span>\u00a0<span style=\"color: #800000;\"><a style=\"color: #800000;\" href=\"https:\/\/www.facebook.com\/sitedomarcelolopes\/\"><strong>Facebook<\/strong><\/a><\/span>\u00a0<span style=\"color: #008000;\">e no<\/span>\u00a0<span style=\"color: #800000;\"><strong><a style=\"color: #800000;\" href=\"https:\/\/www.instagram.com\/sitedomarcelolopes\/\">Instagram<\/a><\/strong><\/span><\/span><\/h4>\n<h4 class=\"p1\">\ud83d\udcf1<span style=\"color: #008000;\">Participe do grupo de<\/span>\u00a0<span style=\"color: #800000;\"><a style=\"color: #800000;\" href=\"https:\/\/chat.whatsapp.com\/BibzcI1ibYSKytbdyzubLA\"><strong>WhatsApp<\/strong><\/a><\/span> <span style=\"color: #008000;\">do Site do Marcelo Lopes<\/span><\/h4>\n<p>O Cataguartes III se consolida como uma vitrine estrat\u00e9gica para a diversidade. As inscri\u00e7\u00f5es ocorrem de forma escalonada durante o m\u00eas de abril de 2026, abrangendo quatro grandes \u00e1reas: M\u00fasica, Artes Visuais, Artes C\u00eanicas e Audiovisual. Cada categoria possui crit\u00e9rios espec\u00edficos e formul\u00e1rios online para facilitar a participa\u00e7\u00e3o de artistas independentes e grupos consolidados.<\/p>\n<p>Para esta edi\u00e7\u00e3o, o projeto refor\u00e7a o apoio institucional que viabiliza a manuten\u00e7\u00e3o dessa engrenagem cultural. Como se trata de um evento que respira arte em todas as suas formas, a m\u00fasica recebe um destaque especial.<\/p>\n<blockquote><p>\u201cA m\u00fasica \u00e9 uma das express\u00f5es mais poderosas da nossa cultura, e apoiar projetos como o CATAGUARTES \u00e9 reafirmar nosso compromisso com a valoriza\u00e7\u00e3o dos talentos locais e com o fortalecimento da identidade da Zona da Mata. A Energisa acredita que investir em cultura \u00e9 investir em conex\u00e3o, em pertencimento e em transforma\u00e7\u00e3o\u201d, afirma Eduardo Mantovani, diretor-presidente da Energisa Minas Rio.<\/p><\/blockquote>\n<h3>Como Participar<\/h3>\n<p>Os interessados devem ficar atentos aos prazos e preparar a documenta\u00e7\u00e3o necess\u00e1ria, que inclui portf\u00f3lio, propostas or\u00e7ament\u00e1rias e documentos institucionais (CNPJ). A data limite de inscri\u00e7\u00e3o \u00e9 dia 30 de abril. Veja detalhes:<\/p>\n<p><strong>M\u00fasica:<\/strong> Para apresenta\u00e7\u00f5es solo, duplas ou bandas.<br \/>\n<strong>Artes Visuais:<\/strong> sele\u00e7\u00e3o para exposi\u00e7\u00e3o na Galeria Zequinha Mauro, no Centro Cultural Humberto Mauro.<br \/>\n<strong>Artes C\u00eanicas:<\/strong> Oportunidade para teatro, dan\u00e7a e performances.<br \/>\n<strong>Audiovisual:<\/strong> Mostras de curtas, document\u00e1rios e videoclipes (com premia\u00e7\u00e3o simb\u00f3lica para os selecionados).<\/p>\n<p><strong>Onde se inscrever:<\/strong> Links dispon\u00edveis na bio do Instagram oficial e nos formul\u00e1rios digitais.<br \/>\n<strong>P\u00fablico-alvo:<\/strong> Artistas e realizadores de Cataguases e regi\u00e3o.<\/p>\n<p>O Cataguartes \u00e9 realizado pela LBS Produ\u00e7\u00f5es, Amar Produ\u00e7\u00f5es Art\u00edsticas e Cooperativa Arteria, com patroc\u00ednio da Energisa e apoio do Instituto Energisa, por meio dos projetos Programa\u00e7\u00e3o Cultural Cinema e M\u00fasica Ano II, Atividades Amar Ano IX e Arte Cataguases Ano II. A\u00e7\u00e3o viabilizada pela Lei Estadual de Incentivo \u00e0 Cultura de Minas Gerais.<\/p>\n<p><strong>OUTRAS NOT\u00cdCIAS<\/strong><br \/>\n<a href=\"https:\/\/marcelolopes.jor.br\/site\/2026\/04\/15\/cataguartes-iii-abre-inscricoes-para-artistas-de-cataguases-e-regiao\/\"><strong><span style=\"color: #800000;\">Cataguartes III abre inscri\u00e7\u00f5es para artistas de Cataguases e regi\u00e3o<\/span><\/strong><\/a><\/p>\n<p><a href=\"https:\/\/marcelolopes.jor.br\/site\/2026\/01\/08\/cataguartes-abre-2026-com-programacao-cultural-gratuita\/\"><strong><span style=\"color: #800000;\">Cataguartes abre 2026 com programa\u00e7\u00e3o cultural gratuita<\/span><\/strong><\/a><\/p>\n<p>Fonte e foto: Cataguartes<\/p>\n<div class=\"adetb69f7093a376f8\" ><br><\/div><style type=\"text\/css\">\r\n@media screen and (min-width: 1201px) {\r\n.adetb69f7093a376f8 {\r\ndisplay: block;\r\n}\r\n}\r\n@media screen and (min-width: 993px) and (max-width: 1200px) {\r\n.adetb69f7093a376f8 {\r\ndisplay: block;\r\n}\r\n}\r\n@media screen and (min-width: 769px) and (max-width: 992px) {\r\n.adetb69f7093a376f8 {\r\ndisplay: block;\r\n}\r\n}\r\n@media screen and (min-width: 768px) and (max-width: 768px) {\r\n.adetb69f7093a376f8 {\r\ndisplay: block;\r\n}\r\n}\r\n@media screen and (max-width: 767px) {\r\n.adetb69f7093a376f8 {\r\ndisplay: block;\r\n}\r\n}\r\n<\/style>\r\n<div class=\"akvbj69f7093a3d558\" ><div id=\"div_destino\"><\/div>\r\n<script src=\"https:\/\/cdn.snsrsv.com\/sdk.js\"><\/script>\r\n<script >\r\n      new sdk(\"464030C30061EA8BE065000000000001\") \r\n          .appendTo(\"div_destino\")\r\n          .disableStyle(true) \r\n          .setCacheBusterMacro(\"%%CACHEBUSTER%%\")\r\n          .setSize(\"800\",\"214\")\r\n          .setClickMacro(\"%%CLICK_URL_ESC%%\") \r\n          .setReferrerUrlMacro(\"%%REFERRER_URL_ESC%%\") \r\n          .start(); \r\n<\/script><\/div><style type=\"text\/css\">\r\n@media screen and (min-width: 1201px) {\r\n.akvbj69f7093a3d558 {\r\ndisplay: block;\r\n}\r\n}\r\n@media screen and (min-width: 993px) and (max-width: 1200px) {\r\n.akvbj69f7093a3d558 {\r\ndisplay: block;\r\n}\r\n}\r\n@media screen and (min-width: 769px) and (max-width: 992px) {\r\n.akvbj69f7093a3d558 {\r\ndisplay: block;\r\n}\r\n}\r\n@media screen and (min-width: 768px) and (max-width: 768px) {\r\n.akvbj69f7093a3d558 {\r\ndisplay: block;\r\n}\r\n}\r\n@media screen and (max-width: 767px) {\r\n.akvbj69f7093a3d558 {\r\ndisplay: block;\r\n}\r\n}\r\n<\/style>\r\n","protected":false},"excerpt":{"rendered":"<p>Est\u00e3o abertas as inscri\u00e7\u00f5es para o Cataguartes III, um dos mais importantes movimentos de valoriza\u00e7\u00e3o da produ\u00e7\u00e3o cultural local. Realizado com o intuito de democratizar o acesso \u00e0 arte e fortalecer a identidade regional, o projeto convida m\u00fasicos, atores, bailarinos,<\/p>\n<p class=\"link-more\"><a class=\"more-link\" href=\"https:\/\/marcelolopes.jor.br\/site\/2026\/04\/23\/cataguartes-iii-convoca-artistas-para-ocupar-palcos-e-galerias\/\">Leia mais <span class=\"screen-reader-text\">Cataguartes III convoca artistas para ocupar palcos e galerias<\/span><\/a><\/p>\n","protected":false},"author":2,"featured_media":65385,"comment_status":"open","ping_status":"closed","sticky":false,"template":"","format":"standard","meta":{"footnotes":""},"categories":[1],"tags":[],"class_list":["post-65382","post","type-post","status-publish","format-standard","has-post-thumbnail","hentry","category-noticias","thumb-below-title"],"yoast_head":"<!-- This site is optimized with the Yoast SEO plugin v27.4 - https:\/\/yoast.com\/product\/yoast-seo-wordpress\/ -->\n<title>Cataguartes III convoca artistas para ocupar palcos e galerias | Marcelo Lopes<\/title>\n<meta name=\"description\" content=\"Cataguartes III convoca artistas para ocupar palcos e galer\u00edas. Inscri\u00e7\u00f5es come\u00e7aram neste m\u00eas de abril e os projetos v\u00e3o sua nova...\" \/>\n<meta name=\"robots\" content=\"index, follow, max-snippet:-1, max-image-preview:large, max-video-preview:-1\" \/>\n<link rel=\"canonical\" href=\"https:\/\/marcelolopes.jor.br\/site\/2026\/04\/23\/cataguartes-iii-convoca-artistas-para-ocupar-palcos-e-galerias\/\" \/>\n<meta property=\"og:locale\" content=\"pt_BR\" \/>\n<meta property=\"og:type\" content=\"article\" \/>\n<meta property=\"og:title\" content=\"Cataguartes III convoca artistas para ocupar palcos e galerias | Marcelo Lopes\" \/>\n<meta property=\"og:description\" content=\"Cataguartes III convoca artistas para ocupar palcos e galer\u00edas. Inscri\u00e7\u00f5es come\u00e7aram neste m\u00eas de abril e os projetos v\u00e3o sua nova...\" \/>\n<meta property=\"og:url\" content=\"https:\/\/marcelolopes.jor.br\/site\/2026\/04\/23\/cataguartes-iii-convoca-artistas-para-ocupar-palcos-e-galerias\/\" \/>\n<meta property=\"og:site_name\" content=\"Marcelo Lopes\" \/>\n<meta property=\"article:publisher\" content=\"https:\/\/www.facebook.com\/sitedomarcelolopes\" \/>\n<meta property=\"article:published_time\" content=\"2026-04-23T10:00:23+00:00\" \/>\n<meta property=\"og:image\" content=\"https:\/\/marcelolopes.jor.br\/site\/wp-content\/uploads\/2026\/04\/IMG_9183-Grande.jpeg\" \/>\n\t<meta property=\"og:image:width\" content=\"1280\" \/>\n\t<meta property=\"og:image:height\" content=\"998\" \/>\n\t<meta property=\"og:image:type\" content=\"image\/jpeg\" \/>\n<meta name=\"author\" content=\"Marcelo Lopes\" \/>\n<meta name=\"twitter:card\" content=\"summary_large_image\" \/>\n<meta name=\"twitter:label1\" content=\"Escrito por\" \/>\n\t<meta name=\"twitter:data1\" content=\"Marcelo Lopes\" \/>\n\t<meta name=\"twitter:label2\" content=\"Est. tempo de leitura\" \/>\n\t<meta name=\"twitter:data2\" content=\"2 minutos\" \/>\n<script type=\"application\/ld+json\" class=\"yoast-schema-graph\">{\"@context\":\"https:\\\/\\\/schema.org\",\"@graph\":[{\"@type\":\"NewsArticle\",\"@id\":\"https:\\\/\\\/marcelolopes.jor.br\\\/site\\\/2026\\\/04\\\/23\\\/cataguartes-iii-convoca-artistas-para-ocupar-palcos-e-galerias\\\/#article\",\"isPartOf\":{\"@id\":\"https:\\\/\\\/marcelolopes.jor.br\\\/site\\\/2026\\\/04\\\/23\\\/cataguartes-iii-convoca-artistas-para-ocupar-palcos-e-galerias\\\/\"},\"author\":{\"name\":\"Marcelo Lopes\",\"@id\":\"https:\\\/\\\/marcelolopes.jor.br\\\/site\\\/#\\\/schema\\\/person\\\/3e7216a35c34d8fdf952b31da3d1f89f\"},\"headline\":\"Cataguartes III convoca artistas para ocupar palcos e galerias\",\"datePublished\":\"2026-04-23T10:00:23+00:00\",\"mainEntityOfPage\":{\"@id\":\"https:\\\/\\\/marcelolopes.jor.br\\\/site\\\/2026\\\/04\\\/23\\\/cataguartes-iii-convoca-artistas-para-ocupar-palcos-e-galerias\\\/\"},\"wordCount\":460,\"commentCount\":0,\"publisher\":{\"@id\":\"https:\\\/\\\/marcelolopes.jor.br\\\/site\\\/#organization\"},\"image\":{\"@id\":\"https:\\\/\\\/marcelolopes.jor.br\\\/site\\\/2026\\\/04\\\/23\\\/cataguartes-iii-convoca-artistas-para-ocupar-palcos-e-galerias\\\/#primaryimage\"},\"thumbnailUrl\":\"https:\\\/\\\/marcelolopes.jor.br\\\/site\\\/wp-content\\\/uploads\\\/2026\\\/04\\\/IMG_9183-Grande.jpeg\",\"articleSection\":[\"Not\u00edcias\"],\"inLanguage\":\"pt-BR\",\"potentialAction\":[{\"@type\":\"CommentAction\",\"name\":\"Comment\",\"target\":[\"https:\\\/\\\/marcelolopes.jor.br\\\/site\\\/2026\\\/04\\\/23\\\/cataguartes-iii-convoca-artistas-para-ocupar-palcos-e-galerias\\\/#respond\"]}]},{\"@type\":\"WebPage\",\"@id\":\"https:\\\/\\\/marcelolopes.jor.br\\\/site\\\/2026\\\/04\\\/23\\\/cataguartes-iii-convoca-artistas-para-ocupar-palcos-e-galerias\\\/\",\"url\":\"https:\\\/\\\/marcelolopes.jor.br\\\/site\\\/2026\\\/04\\\/23\\\/cataguartes-iii-convoca-artistas-para-ocupar-palcos-e-galerias\\\/\",\"name\":\"Cataguartes III convoca artistas para ocupar palcos e galerias | Marcelo Lopes\",\"isPartOf\":{\"@id\":\"https:\\\/\\\/marcelolopes.jor.br\\\/site\\\/#website\"},\"primaryImageOfPage\":{\"@id\":\"https:\\\/\\\/marcelolopes.jor.br\\\/site\\\/2026\\\/04\\\/23\\\/cataguartes-iii-convoca-artistas-para-ocupar-palcos-e-galerias\\\/#primaryimage\"},\"image\":{\"@id\":\"https:\\\/\\\/marcelolopes.jor.br\\\/site\\\/2026\\\/04\\\/23\\\/cataguartes-iii-convoca-artistas-para-ocupar-palcos-e-galerias\\\/#primaryimage\"},\"thumbnailUrl\":\"https:\\\/\\\/marcelolopes.jor.br\\\/site\\\/wp-content\\\/uploads\\\/2026\\\/04\\\/IMG_9183-Grande.jpeg\",\"datePublished\":\"2026-04-23T10:00:23+00:00\",\"description\":\"Cataguartes III convoca artistas para ocupar palcos e galer\u00edas. Inscri\u00e7\u00f5es come\u00e7aram neste m\u00eas de abril e os projetos v\u00e3o sua nova...\",\"breadcrumb\":{\"@id\":\"https:\\\/\\\/marcelolopes.jor.br\\\/site\\\/2026\\\/04\\\/23\\\/cataguartes-iii-convoca-artistas-para-ocupar-palcos-e-galerias\\\/#breadcrumb\"},\"inLanguage\":\"pt-BR\",\"potentialAction\":[{\"@type\":\"ReadAction\",\"target\":[\"https:\\\/\\\/marcelolopes.jor.br\\\/site\\\/2026\\\/04\\\/23\\\/cataguartes-iii-convoca-artistas-para-ocupar-palcos-e-galerias\\\/\"]}]},{\"@type\":\"ImageObject\",\"inLanguage\":\"pt-BR\",\"@id\":\"https:\\\/\\\/marcelolopes.jor.br\\\/site\\\/2026\\\/04\\\/23\\\/cataguartes-iii-convoca-artistas-para-ocupar-palcos-e-galerias\\\/#primaryimage\",\"url\":\"https:\\\/\\\/marcelolopes.jor.br\\\/site\\\/wp-content\\\/uploads\\\/2026\\\/04\\\/IMG_9183-Grande.jpeg\",\"contentUrl\":\"https:\\\/\\\/marcelolopes.jor.br\\\/site\\\/wp-content\\\/uploads\\\/2026\\\/04\\\/IMG_9183-Grande.jpeg\",\"width\":1280,\"height\":998,\"caption\":\"Cataguartes III convoca artistas\"},{\"@type\":\"BreadcrumbList\",\"@id\":\"https:\\\/\\\/marcelolopes.jor.br\\\/site\\\/2026\\\/04\\\/23\\\/cataguartes-iii-convoca-artistas-para-ocupar-palcos-e-galerias\\\/#breadcrumb\",\"itemListElement\":[{\"@type\":\"ListItem\",\"position\":1,\"name\":\"Home\",\"item\":\"https:\\\/\\\/marcelolopes.jor.br\\\/site\\\/\"},{\"@type\":\"ListItem\",\"position\":2,\"name\":\"Cataguartes III convoca artistas para ocupar palcos e galerias\"}]},{\"@type\":\"WebSite\",\"@id\":\"https:\\\/\\\/marcelolopes.jor.br\\\/site\\\/#website\",\"url\":\"https:\\\/\\\/marcelolopes.jor.br\\\/site\\\/\",\"name\":\"Marcelo Lopes\",\"description\":\"Not\u00edcias de Cataguases e Regi\u00e3o\",\"publisher\":{\"@id\":\"https:\\\/\\\/marcelolopes.jor.br\\\/site\\\/#organization\"},\"potentialAction\":[{\"@type\":\"SearchAction\",\"target\":{\"@type\":\"EntryPoint\",\"urlTemplate\":\"https:\\\/\\\/marcelolopes.jor.br\\\/site\\\/?s={search_term_string}\"},\"query-input\":{\"@type\":\"PropertyValueSpecification\",\"valueRequired\":true,\"valueName\":\"search_term_string\"}}],\"inLanguage\":\"pt-BR\"},{\"@type\":\"Organization\",\"@id\":\"https:\\\/\\\/marcelolopes.jor.br\\\/site\\\/#organization\",\"name\":\"Site do Marcelo Lopes\",\"url\":\"https:\\\/\\\/marcelolopes.jor.br\\\/site\\\/\",\"logo\":{\"@type\":\"ImageObject\",\"inLanguage\":\"pt-BR\",\"@id\":\"https:\\\/\\\/marcelolopes.jor.br\\\/site\\\/#\\\/schema\\\/logo\\\/image\\\/\",\"url\":\"https:\\\/\\\/marcelolopes.jor.br\\\/site\\\/wp-content\\\/uploads\\\/2024\\\/11\\\/logo-1.png\",\"contentUrl\":\"https:\\\/\\\/marcelolopes.jor.br\\\/site\\\/wp-content\\\/uploads\\\/2024\\\/11\\\/logo-1.png\",\"width\":475,\"height\":80,\"caption\":\"Site do Marcelo Lopes\"},\"image\":{\"@id\":\"https:\\\/\\\/marcelolopes.jor.br\\\/site\\\/#\\\/schema\\\/logo\\\/image\\\/\"},\"sameAs\":[\"https:\\\/\\\/www.facebook.com\\\/sitedomarcelolopes\",\"https:\\\/\\\/www.instagram.com\\\/sitedomarcelolopes\\\/\",\"https:\\\/\\\/www.linkedin.com\\\/company\\\/site-do-marcelo-lopes\\\/\",\"https:\\\/\\\/www.youtube.com\\\/user\\\/marcelolopes957\"]},{\"@type\":\"Person\",\"@id\":\"https:\\\/\\\/marcelolopes.jor.br\\\/site\\\/#\\\/schema\\\/person\\\/3e7216a35c34d8fdf952b31da3d1f89f\",\"name\":\"Marcelo Lopes\",\"sameAs\":[\"http:\\\/\\\/www.marcelolopes.jor.br\"],\"url\":\"https:\\\/\\\/marcelolopes.jor.br\\\/site\\\/author\\\/marcelo\\\/\"}]}<\/script>\n<!-- \/ Yoast SEO plugin. -->","yoast_head_json":{"title":"Cataguartes III convoca artistas para ocupar palcos e galerias | Marcelo Lopes","description":"Cataguartes III convoca artistas para ocupar palcos e galer\u00edas. Inscri\u00e7\u00f5es come\u00e7aram neste m\u00eas de abril e os projetos v\u00e3o sua nova...","robots":{"index":"index","follow":"follow","max-snippet":"max-snippet:-1","max-image-preview":"max-image-preview:large","max-video-preview":"max-video-preview:-1"},"canonical":"https:\/\/marcelolopes.jor.br\/site\/2026\/04\/23\/cataguartes-iii-convoca-artistas-para-ocupar-palcos-e-galerias\/","og_locale":"pt_BR","og_type":"article","og_title":"Cataguartes III convoca artistas para ocupar palcos e galerias | Marcelo Lopes","og_description":"Cataguartes III convoca artistas para ocupar palcos e galer\u00edas. Inscri\u00e7\u00f5es come\u00e7aram neste m\u00eas de abril e os projetos v\u00e3o sua nova...","og_url":"https:\/\/marcelolopes.jor.br\/site\/2026\/04\/23\/cataguartes-iii-convoca-artistas-para-ocupar-palcos-e-galerias\/","og_site_name":"Marcelo Lopes","article_publisher":"https:\/\/www.facebook.com\/sitedomarcelolopes","article_published_time":"2026-04-23T10:00:23+00:00","og_image":[{"width":1280,"height":998,"url":"https:\/\/marcelolopes.jor.br\/site\/wp-content\/uploads\/2026\/04\/IMG_9183-Grande.jpeg","type":"image\/jpeg"}],"author":"Marcelo Lopes","twitter_card":"summary_large_image","twitter_misc":{"Escrito por":"Marcelo Lopes","Est. tempo de leitura":"2 minutos"},"schema":{"@context":"https:\/\/schema.org","@graph":[{"@type":"NewsArticle","@id":"https:\/\/marcelolopes.jor.br\/site\/2026\/04\/23\/cataguartes-iii-convoca-artistas-para-ocupar-palcos-e-galerias\/#article","isPartOf":{"@id":"https:\/\/marcelolopes.jor.br\/site\/2026\/04\/23\/cataguartes-iii-convoca-artistas-para-ocupar-palcos-e-galerias\/"},"author":{"name":"Marcelo Lopes","@id":"https:\/\/marcelolopes.jor.br\/site\/#\/schema\/person\/3e7216a35c34d8fdf952b31da3d1f89f"},"headline":"Cataguartes III convoca artistas para ocupar palcos e galerias","datePublished":"2026-04-23T10:00:23+00:00","mainEntityOfPage":{"@id":"https:\/\/marcelolopes.jor.br\/site\/2026\/04\/23\/cataguartes-iii-convoca-artistas-para-ocupar-palcos-e-galerias\/"},"wordCount":460,"commentCount":0,"publisher":{"@id":"https:\/\/marcelolopes.jor.br\/site\/#organization"},"image":{"@id":"https:\/\/marcelolopes.jor.br\/site\/2026\/04\/23\/cataguartes-iii-convoca-artistas-para-ocupar-palcos-e-galerias\/#primaryimage"},"thumbnailUrl":"https:\/\/marcelolopes.jor.br\/site\/wp-content\/uploads\/2026\/04\/IMG_9183-Grande.jpeg","articleSection":["Not\u00edcias"],"inLanguage":"pt-BR","potentialAction":[{"@type":"CommentAction","name":"Comment","target":["https:\/\/marcelolopes.jor.br\/site\/2026\/04\/23\/cataguartes-iii-convoca-artistas-para-ocupar-palcos-e-galerias\/#respond"]}]},{"@type":"WebPage","@id":"https:\/\/marcelolopes.jor.br\/site\/2026\/04\/23\/cataguartes-iii-convoca-artistas-para-ocupar-palcos-e-galerias\/","url":"https:\/\/marcelolopes.jor.br\/site\/2026\/04\/23\/cataguartes-iii-convoca-artistas-para-ocupar-palcos-e-galerias\/","name":"Cataguartes III convoca artistas para ocupar palcos e galerias | Marcelo Lopes","isPartOf":{"@id":"https:\/\/marcelolopes.jor.br\/site\/#website"},"primaryImageOfPage":{"@id":"https:\/\/marcelolopes.jor.br\/site\/2026\/04\/23\/cataguartes-iii-convoca-artistas-para-ocupar-palcos-e-galerias\/#primaryimage"},"image":{"@id":"https:\/\/marcelolopes.jor.br\/site\/2026\/04\/23\/cataguartes-iii-convoca-artistas-para-ocupar-palcos-e-galerias\/#primaryimage"},"thumbnailUrl":"https:\/\/marcelolopes.jor.br\/site\/wp-content\/uploads\/2026\/04\/IMG_9183-Grande.jpeg","datePublished":"2026-04-23T10:00:23+00:00","description":"Cataguartes III convoca artistas para ocupar palcos e galer\u00edas. Inscri\u00e7\u00f5es come\u00e7aram neste m\u00eas de abril e os projetos v\u00e3o sua nova...","breadcrumb":{"@id":"https:\/\/marcelolopes.jor.br\/site\/2026\/04\/23\/cataguartes-iii-convoca-artistas-para-ocupar-palcos-e-galerias\/#breadcrumb"},"inLanguage":"pt-BR","potentialAction":[{"@type":"ReadAction","target":["https:\/\/marcelolopes.jor.br\/site\/2026\/04\/23\/cataguartes-iii-convoca-artistas-para-ocupar-palcos-e-galerias\/"]}]},{"@type":"ImageObject","inLanguage":"pt-BR","@id":"https:\/\/marcelolopes.jor.br\/site\/2026\/04\/23\/cataguartes-iii-convoca-artistas-para-ocupar-palcos-e-galerias\/#primaryimage","url":"https:\/\/marcelolopes.jor.br\/site\/wp-content\/uploads\/2026\/04\/IMG_9183-Grande.jpeg","contentUrl":"https:\/\/marcelolopes.jor.br\/site\/wp-content\/uploads\/2026\/04\/IMG_9183-Grande.jpeg","width":1280,"height":998,"caption":"Cataguartes III convoca artistas"},{"@type":"BreadcrumbList","@id":"https:\/\/marcelolopes.jor.br\/site\/2026\/04\/23\/cataguartes-iii-convoca-artistas-para-ocupar-palcos-e-galerias\/#breadcrumb","itemListElement":[{"@type":"ListItem","position":1,"name":"Home","item":"https:\/\/marcelolopes.jor.br\/site\/"},{"@type":"ListItem","position":2,"name":"Cataguartes III convoca artistas para ocupar palcos e galerias"}]},{"@type":"WebSite","@id":"https:\/\/marcelolopes.jor.br\/site\/#website","url":"https:\/\/marcelolopes.jor.br\/site\/","name":"Marcelo Lopes","description":"Not\u00edcias de Cataguases e Regi\u00e3o","publisher":{"@id":"https:\/\/marcelolopes.jor.br\/site\/#organization"},"potentialAction":[{"@type":"SearchAction","target":{"@type":"EntryPoint","urlTemplate":"https:\/\/marcelolopes.jor.br\/site\/?s={search_term_string}"},"query-input":{"@type":"PropertyValueSpecification","valueRequired":true,"valueName":"search_term_string"}}],"inLanguage":"pt-BR"},{"@type":"Organization","@id":"https:\/\/marcelolopes.jor.br\/site\/#organization","name":"Site do Marcelo Lopes","url":"https:\/\/marcelolopes.jor.br\/site\/","logo":{"@type":"ImageObject","inLanguage":"pt-BR","@id":"https:\/\/marcelolopes.jor.br\/site\/#\/schema\/logo\/image\/","url":"https:\/\/marcelolopes.jor.br\/site\/wp-content\/uploads\/2024\/11\/logo-1.png","contentUrl":"https:\/\/marcelolopes.jor.br\/site\/wp-content\/uploads\/2024\/11\/logo-1.png","width":475,"height":80,"caption":"Site do Marcelo Lopes"},"image":{"@id":"https:\/\/marcelolopes.jor.br\/site\/#\/schema\/logo\/image\/"},"sameAs":["https:\/\/www.facebook.com\/sitedomarcelolopes","https:\/\/www.instagram.com\/sitedomarcelolopes\/","https:\/\/www.linkedin.com\/company\/site-do-marcelo-lopes\/","https:\/\/www.youtube.com\/user\/marcelolopes957"]},{"@type":"Person","@id":"https:\/\/marcelolopes.jor.br\/site\/#\/schema\/person\/3e7216a35c34d8fdf952b31da3d1f89f","name":"Marcelo Lopes","sameAs":["http:\/\/www.marcelolopes.jor.br"],"url":"https:\/\/marcelolopes.jor.br\/site\/author\/marcelo\/"}]}},"wps_subtitle":"Inscri\u00e7\u00f5es come\u00e7aram neste m\u00eas de abril e os projetos v\u00e3o sua nova programa\u00e7\u00e3o cultural.","_links":{"self":[{"href":"https:\/\/marcelolopes.jor.br\/site\/wp-json\/wp\/v2\/posts\/65382","targetHints":{"allow":["GET"]}}],"collection":[{"href":"https:\/\/marcelolopes.jor.br\/site\/wp-json\/wp\/v2\/posts"}],"about":[{"href":"https:\/\/marcelolopes.jor.br\/site\/wp-json\/wp\/v2\/types\/post"}],"author":[{"embeddable":true,"href":"https:\/\/marcelolopes.jor.br\/site\/wp-json\/wp\/v2\/users\/2"}],"replies":[{"embeddable":true,"href":"https:\/\/marcelolopes.jor.br\/site\/wp-json\/wp\/v2\/comments?post=65382"}],"version-history":[{"count":2,"href":"https:\/\/marcelolopes.jor.br\/site\/wp-json\/wp\/v2\/posts\/65382\/revisions"}],"predecessor-version":[{"id":65384,"href":"https:\/\/marcelolopes.jor.br\/site\/wp-json\/wp\/v2\/posts\/65382\/revisions\/65384"}],"wp:featuredmedia":[{"embeddable":true,"href":"https:\/\/marcelolopes.jor.br\/site\/wp-json\/wp\/v2\/media\/65385"}],"wp:attachment":[{"href":"https:\/\/marcelolopes.jor.br\/site\/wp-json\/wp\/v2\/media?parent=65382"}],"wp:term":[{"taxonomy":"category","embeddable":true,"href":"https:\/\/marcelolopes.jor.br\/site\/wp-json\/wp\/v2\/categories?post=65382"},{"taxonomy":"post_tag","embeddable":true,"href":"https:\/\/marcelolopes.jor.br\/site\/wp-json\/wp\/v2\/tags?post=65382"}],"curies":[{"name":"wp","href":"https:\/\/api.w.org\/{rel}","templated":true}]}}