{"id":65336,"date":"2026-04-20T19:00:40","date_gmt":"2026-04-20T22:00:40","guid":{"rendered":"https:\/\/marcelolopes.jor.br\/site\/?p=65336"},"modified":"2026-04-20T17:54:32","modified_gmt":"2026-04-20T20:54:32","slug":"cresce-o-numero-de-internacoes-por-doencas-respiratorias-em-minas-gerais","status":"publish","type":"post","link":"https:\/\/marcelolopes.jor.br\/site\/2026\/04\/20\/cresce-o-numero-de-internacoes-por-doencas-respiratorias-em-minas-gerais\/","title":{"rendered":"Cresce o n\u00famero de interna\u00e7\u00f5es por doen\u00e7as respirat\u00f3rias em Minas Gerais"},"content":{"rendered":"<p>O inverno s\u00f3 come\u00e7a em meados de junho, mas Minas Gerais j\u00e1 vive um aumento no n\u00famero de interna\u00e7\u00f5es por doen\u00e7as respirat\u00f3rias, causadas por v\u00edrus como covid-19, bronquiolite e v\u00edrus sincicial respirat\u00f3rio (VSR). Dados da Secretaria de Estado de Sa\u00fade (SES-MG) apontam que o estado registra m\u00e9dia di\u00e1ria de 70 casos dessas enfermidades em 2026. Entre os mais afetados est\u00e3o idosos acima de 65 anos e crian\u00e7as menores de 2 anos.<!--more--><\/p>\n<h4 class=\"p1\"><span class=\"s1\">\ud83d\udcf8\u00a0<span style=\"color: #008000;\">Siga o Site do Marcelo Lopes no<\/span>\u00a0<span style=\"color: #800000;\"><a style=\"color: #800000;\" href=\"https:\/\/www.facebook.com\/sitedomarcelolopes\/\"><strong>Facebook<\/strong><\/a><\/span>\u00a0<span style=\"color: #008000;\">e no<\/span>\u00a0<span style=\"color: #800000;\"><strong><a style=\"color: #800000;\" href=\"https:\/\/www.instagram.com\/sitedomarcelolopes\/\">Instagram<\/a><\/strong><\/span><\/span><\/h4>\n<h4 class=\"p1\">\ud83d\udcf1<span style=\"color: #008000;\">Participe do grupo de<\/span>\u00a0<span style=\"color: #800000;\"><a style=\"color: #800000;\" href=\"https:\/\/chat.whatsapp.com\/BibzcI1ibYSKytbdyzubLA\"><strong>WhatsApp<\/strong><\/a><\/span> <span style=\"color: #008000;\">do Site do Marcelo Lopes<\/span><\/h4>\n<p>Entre os mais afetados por doen\u00e7as respirat\u00f3rias no estado est\u00e3o os idosos entre 65 e 72 anos, que somam mais de 9 mil interna\u00e7\u00f5es. Para o Secret\u00e1rio de Estado da Sa\u00fade, F\u00e1bio Baccheretti, o n\u00famero est\u00e1 associado \u00e0 queda r\u00e1pida da imunidade nessa faixa et\u00e1ria. \u201cA imunidade nos idosos se perde em cerca de 10 meses. Precisamos considerar como se ele n\u00e3o tivesse se vacinado no ano passado. Por isso, priorizamos a imuniza\u00e7\u00e3o deles e insistimos para que busquem os postos de sa\u00fade o quanto antes\u201d, afirmou.<\/p>\n<p>O secret\u00e1rio de Sa\u00fade refor\u00e7a que a vacina\u00e7\u00e3o segue como a principal forma de prevenir casos graves e reduzir interna\u00e7\u00f5es. Minas Gerais j\u00e1 recebeu as primeiras doses da vacina contra influenza e iniciou a campanha com foco nos grupos priorit\u00e1rios, como crian\u00e7as de 6 meses a menores de 6 anos, idosos e gestantes, entre outros.<\/p>\n<p>Al\u00e9m da vacina contra a gripe, o calend\u00e1rio inclui imunizantes importantes para a preven\u00e7\u00e3o de doen\u00e7as respirat\u00f3rias, como covid-19, pneumoc\u00f3cica e Haemophilus influenzae tipo b (Hib).<\/p>\n<p>Neste ano, uma das estrat\u00e9gias \u00e9 a vacina\u00e7\u00e3o contra o v\u00edrus sincicial respirat\u00f3rio para gestantes a partir da 28\u00aa semana. A prote\u00e7\u00e3o \u00e9 transferida para o beb\u00ea ainda durante a gesta\u00e7\u00e3o, reduzindo o risco de formas graves ap\u00f3s o nascimento. Tamb\u00e9m h\u00e1 a aplica\u00e7\u00e3o do anticorpo monoclonal nirsevimabe para proteger crian\u00e7as com maior risco de complica\u00e7\u00f5es.<\/p>\n<p><strong>OUTRAS NOT\u00cdCIAS<\/strong><br \/>\n<a href=\"https:\/\/marcelolopes.jor.br\/site\/2025\/04\/29\/populacao-acima-de-seis-meses-deve-ser-vacinada-contra-a-influenza\/\"><strong><span style=\"color: #800000;\">Popula\u00e7\u00e3o acima de seis meses deve ser vacinada contra a influenza<\/span><\/strong><\/a><\/p>\n<p><a href=\"https:\/\/marcelolopes.jor.br\/site\/2026\/04\/10\/neste-sabado-11-e-dia-de-vacinar-contra-a-gripe\/\"><strong><span style=\"color: #800000;\">Neste s\u00e1bado, 11, \u00e9 dia de vacinar contra a gripe<\/span><\/strong><\/a><\/p>\n<p>Fonte: O Tempo | Foto: Ara\u00fajo Cortesia<\/p>\n<div class=\"hgrvr69f74bc86e57b\" ><br><\/div><style type=\"text\/css\">\r\n@media screen and (min-width: 1201px) {\r\n.hgrvr69f74bc86e57b {\r\ndisplay: block;\r\n}\r\n}\r\n@media screen and (min-width: 993px) and (max-width: 1200px) {\r\n.hgrvr69f74bc86e57b {\r\ndisplay: block;\r\n}\r\n}\r\n@media screen and (min-width: 769px) and (max-width: 992px) {\r\n.hgrvr69f74bc86e57b {\r\ndisplay: block;\r\n}\r\n}\r\n@media screen and (min-width: 768px) and (max-width: 768px) {\r\n.hgrvr69f74bc86e57b {\r\ndisplay: block;\r\n}\r\n}\r\n@media screen and (max-width: 767px) {\r\n.hgrvr69f74bc86e57b {\r\ndisplay: block;\r\n}\r\n}\r\n<\/style>\r\n<div class=\"slygf69f74bc874c8d\" ><div id=\"div_destino\"><\/div>\r\n<script src=\"https:\/\/cdn.snsrsv.com\/sdk.js\"><\/script>\r\n<script >\r\n      new sdk(\"464030C30061EA8BE065000000000001\") \r\n          .appendTo(\"div_destino\")\r\n          .disableStyle(true) \r\n          .setCacheBusterMacro(\"%%CACHEBUSTER%%\")\r\n          .setSize(\"800\",\"214\")\r\n          .setClickMacro(\"%%CLICK_URL_ESC%%\") \r\n          .setReferrerUrlMacro(\"%%REFERRER_URL_ESC%%\") \r\n          .start(); \r\n<\/script><\/div><style type=\"text\/css\">\r\n@media screen and (min-width: 1201px) {\r\n.slygf69f74bc874c8d {\r\ndisplay: block;\r\n}\r\n}\r\n@media screen and (min-width: 993px) and (max-width: 1200px) {\r\n.slygf69f74bc874c8d {\r\ndisplay: block;\r\n}\r\n}\r\n@media screen and (min-width: 769px) and (max-width: 992px) {\r\n.slygf69f74bc874c8d {\r\ndisplay: block;\r\n}\r\n}\r\n@media screen and (min-width: 768px) and (max-width: 768px) {\r\n.slygf69f74bc874c8d {\r\ndisplay: block;\r\n}\r\n}\r\n@media screen and (max-width: 767px) {\r\n.slygf69f74bc874c8d {\r\ndisplay: block;\r\n}\r\n}\r\n<\/style>\r\n","protected":false},"excerpt":{"rendered":"<p>O inverno s\u00f3 come\u00e7a em meados de junho, mas Minas Gerais j\u00e1 vive um aumento no n\u00famero de interna\u00e7\u00f5es por doen\u00e7as respirat\u00f3rias, causadas por v\u00edrus como covid-19, bronquiolite e v\u00edrus sincicial respirat\u00f3rio (VSR). Dados da Secretaria de Estado de Sa\u00fade<\/p>\n<p class=\"link-more\"><a class=\"more-link\" href=\"https:\/\/marcelolopes.jor.br\/site\/2026\/04\/20\/cresce-o-numero-de-internacoes-por-doencas-respiratorias-em-minas-gerais\/\">Leia mais <span class=\"screen-reader-text\">Cresce o n\u00famero de interna\u00e7\u00f5es por doen\u00e7as respirat\u00f3rias em Minas Gerais<\/span><\/a><\/p>\n","protected":false},"author":2,"featured_media":65339,"comment_status":"open","ping_status":"closed","sticky":false,"template":"","format":"standard","meta":{"footnotes":""},"categories":[1],"tags":[],"class_list":["post-65336","post","type-post","status-publish","format-standard","has-post-thumbnail","hentry","category-noticias","thumb-below-title"],"yoast_head":"<!-- This site is optimized with the Yoast SEO plugin v27.4 - https:\/\/yoast.com\/product\/yoast-seo-wordpress\/ -->\n<title>Cresce o n\u00famero de interna\u00e7\u00f5es por doen\u00e7as respirat\u00f3rias em<\/title>\n<meta name=\"description\" content=\"Cresce o n\u00famero de interna\u00e7\u00f5es por doen\u00e7as respirat\u00f3rias em Minas Gerais. Entre os mais afetados est\u00e3o idosos acima de 65 anos e crian\u00e7as...\" \/>\n<meta name=\"robots\" content=\"index, follow, max-snippet:-1, max-image-preview:large, max-video-preview:-1\" \/>\n<link rel=\"canonical\" href=\"https:\/\/marcelolopes.jor.br\/site\/2026\/04\/20\/cresce-o-numero-de-internacoes-por-doencas-respiratorias-em-minas-gerais\/\" \/>\n<meta property=\"og:locale\" content=\"pt_BR\" \/>\n<meta property=\"og:type\" content=\"article\" \/>\n<meta property=\"og:title\" content=\"Cresce o n\u00famero de interna\u00e7\u00f5es por doen\u00e7as respirat\u00f3rias em\" \/>\n<meta property=\"og:description\" content=\"Cresce o n\u00famero de interna\u00e7\u00f5es por doen\u00e7as respirat\u00f3rias em Minas Gerais. Entre os mais afetados est\u00e3o idosos acima de 65 anos e crian\u00e7as...\" \/>\n<meta property=\"og:url\" content=\"https:\/\/marcelolopes.jor.br\/site\/2026\/04\/20\/cresce-o-numero-de-internacoes-por-doencas-respiratorias-em-minas-gerais\/\" \/>\n<meta property=\"og:site_name\" content=\"Marcelo Lopes\" \/>\n<meta property=\"article:publisher\" content=\"https:\/\/www.facebook.com\/sitedomarcelolopes\" \/>\n<meta property=\"article:published_time\" content=\"2026-04-20T22:00:40+00:00\" \/>\n<meta property=\"og:image\" content=\"https:\/\/marcelolopes.jor.br\/site\/wp-content\/uploads\/2026\/04\/Credito-Gerada-por-IA-em-14-de-abril-de-2026.jpeg\" \/>\n\t<meta property=\"og:image:width\" content=\"1600\" \/>\n\t<meta property=\"og:image:height\" content=\"893\" \/>\n\t<meta property=\"og:image:type\" content=\"image\/jpeg\" \/>\n<meta name=\"author\" content=\"Marcelo Lopes\" \/>\n<meta name=\"twitter:card\" content=\"summary_large_image\" \/>\n<meta name=\"twitter:label1\" content=\"Escrito por\" \/>\n\t<meta name=\"twitter:data1\" content=\"Marcelo Lopes\" \/>\n\t<meta name=\"twitter:label2\" content=\"Est. tempo de leitura\" \/>\n\t<meta name=\"twitter:data2\" content=\"2 minutos\" \/>\n<script type=\"application\/ld+json\" class=\"yoast-schema-graph\">{\"@context\":\"https:\\\/\\\/schema.org\",\"@graph\":[{\"@type\":\"NewsArticle\",\"@id\":\"https:\\\/\\\/marcelolopes.jor.br\\\/site\\\/2026\\\/04\\\/20\\\/cresce-o-numero-de-internacoes-por-doencas-respiratorias-em-minas-gerais\\\/#article\",\"isPartOf\":{\"@id\":\"https:\\\/\\\/marcelolopes.jor.br\\\/site\\\/2026\\\/04\\\/20\\\/cresce-o-numero-de-internacoes-por-doencas-respiratorias-em-minas-gerais\\\/\"},\"author\":{\"name\":\"Marcelo Lopes\",\"@id\":\"https:\\\/\\\/marcelolopes.jor.br\\\/site\\\/#\\\/schema\\\/person\\\/3e7216a35c34d8fdf952b31da3d1f89f\"},\"headline\":\"Cresce o n\u00famero de interna\u00e7\u00f5es por doen\u00e7as respirat\u00f3rias em Minas Gerais\",\"datePublished\":\"2026-04-20T22:00:40+00:00\",\"mainEntityOfPage\":{\"@id\":\"https:\\\/\\\/marcelolopes.jor.br\\\/site\\\/2026\\\/04\\\/20\\\/cresce-o-numero-de-internacoes-por-doencas-respiratorias-em-minas-gerais\\\/\"},\"wordCount\":398,\"commentCount\":0,\"publisher\":{\"@id\":\"https:\\\/\\\/marcelolopes.jor.br\\\/site\\\/#organization\"},\"image\":{\"@id\":\"https:\\\/\\\/marcelolopes.jor.br\\\/site\\\/2026\\\/04\\\/20\\\/cresce-o-numero-de-internacoes-por-doencas-respiratorias-em-minas-gerais\\\/#primaryimage\"},\"thumbnailUrl\":\"https:\\\/\\\/marcelolopes.jor.br\\\/site\\\/wp-content\\\/uploads\\\/2026\\\/04\\\/Credito-Gerada-por-IA-em-14-de-abril-de-2026.jpeg\",\"articleSection\":[\"Not\u00edcias\"],\"inLanguage\":\"pt-BR\",\"potentialAction\":[{\"@type\":\"CommentAction\",\"name\":\"Comment\",\"target\":[\"https:\\\/\\\/marcelolopes.jor.br\\\/site\\\/2026\\\/04\\\/20\\\/cresce-o-numero-de-internacoes-por-doencas-respiratorias-em-minas-gerais\\\/#respond\"]}]},{\"@type\":\"WebPage\",\"@id\":\"https:\\\/\\\/marcelolopes.jor.br\\\/site\\\/2026\\\/04\\\/20\\\/cresce-o-numero-de-internacoes-por-doencas-respiratorias-em-minas-gerais\\\/\",\"url\":\"https:\\\/\\\/marcelolopes.jor.br\\\/site\\\/2026\\\/04\\\/20\\\/cresce-o-numero-de-internacoes-por-doencas-respiratorias-em-minas-gerais\\\/\",\"name\":\"Cresce o n\u00famero de interna\u00e7\u00f5es por doen\u00e7as respirat\u00f3rias em\",\"isPartOf\":{\"@id\":\"https:\\\/\\\/marcelolopes.jor.br\\\/site\\\/#website\"},\"primaryImageOfPage\":{\"@id\":\"https:\\\/\\\/marcelolopes.jor.br\\\/site\\\/2026\\\/04\\\/20\\\/cresce-o-numero-de-internacoes-por-doencas-respiratorias-em-minas-gerais\\\/#primaryimage\"},\"image\":{\"@id\":\"https:\\\/\\\/marcelolopes.jor.br\\\/site\\\/2026\\\/04\\\/20\\\/cresce-o-numero-de-internacoes-por-doencas-respiratorias-em-minas-gerais\\\/#primaryimage\"},\"thumbnailUrl\":\"https:\\\/\\\/marcelolopes.jor.br\\\/site\\\/wp-content\\\/uploads\\\/2026\\\/04\\\/Credito-Gerada-por-IA-em-14-de-abril-de-2026.jpeg\",\"datePublished\":\"2026-04-20T22:00:40+00:00\",\"description\":\"Cresce o n\u00famero de interna\u00e7\u00f5es por doen\u00e7as respirat\u00f3rias em Minas Gerais. Entre os mais afetados est\u00e3o idosos acima de 65 anos e crian\u00e7as...\",\"breadcrumb\":{\"@id\":\"https:\\\/\\\/marcelolopes.jor.br\\\/site\\\/2026\\\/04\\\/20\\\/cresce-o-numero-de-internacoes-por-doencas-respiratorias-em-minas-gerais\\\/#breadcrumb\"},\"inLanguage\":\"pt-BR\",\"potentialAction\":[{\"@type\":\"ReadAction\",\"target\":[\"https:\\\/\\\/marcelolopes.jor.br\\\/site\\\/2026\\\/04\\\/20\\\/cresce-o-numero-de-internacoes-por-doencas-respiratorias-em-minas-gerais\\\/\"]}]},{\"@type\":\"ImageObject\",\"inLanguage\":\"pt-BR\",\"@id\":\"https:\\\/\\\/marcelolopes.jor.br\\\/site\\\/2026\\\/04\\\/20\\\/cresce-o-numero-de-internacoes-por-doencas-respiratorias-em-minas-gerais\\\/#primaryimage\",\"url\":\"https:\\\/\\\/marcelolopes.jor.br\\\/site\\\/wp-content\\\/uploads\\\/2026\\\/04\\\/Credito-Gerada-por-IA-em-14-de-abril-de-2026.jpeg\",\"contentUrl\":\"https:\\\/\\\/marcelolopes.jor.br\\\/site\\\/wp-content\\\/uploads\\\/2026\\\/04\\\/Credito-Gerada-por-IA-em-14-de-abril-de-2026.jpeg\",\"width\":1600,\"height\":893,\"caption\":\"Cresce o n\u00famero de\"},{\"@type\":\"BreadcrumbList\",\"@id\":\"https:\\\/\\\/marcelolopes.jor.br\\\/site\\\/2026\\\/04\\\/20\\\/cresce-o-numero-de-internacoes-por-doencas-respiratorias-em-minas-gerais\\\/#breadcrumb\",\"itemListElement\":[{\"@type\":\"ListItem\",\"position\":1,\"name\":\"Home\",\"item\":\"https:\\\/\\\/marcelolopes.jor.br\\\/site\\\/\"},{\"@type\":\"ListItem\",\"position\":2,\"name\":\"Cresce o n\u00famero de interna\u00e7\u00f5es por doen\u00e7as respirat\u00f3rias em Minas Gerais\"}]},{\"@type\":\"WebSite\",\"@id\":\"https:\\\/\\\/marcelolopes.jor.br\\\/site\\\/#website\",\"url\":\"https:\\\/\\\/marcelolopes.jor.br\\\/site\\\/\",\"name\":\"Marcelo Lopes\",\"description\":\"Not\u00edcias de Cataguases e Regi\u00e3o\",\"publisher\":{\"@id\":\"https:\\\/\\\/marcelolopes.jor.br\\\/site\\\/#organization\"},\"potentialAction\":[{\"@type\":\"SearchAction\",\"target\":{\"@type\":\"EntryPoint\",\"urlTemplate\":\"https:\\\/\\\/marcelolopes.jor.br\\\/site\\\/?s={search_term_string}\"},\"query-input\":{\"@type\":\"PropertyValueSpecification\",\"valueRequired\":true,\"valueName\":\"search_term_string\"}}],\"inLanguage\":\"pt-BR\"},{\"@type\":\"Organization\",\"@id\":\"https:\\\/\\\/marcelolopes.jor.br\\\/site\\\/#organization\",\"name\":\"Site do Marcelo Lopes\",\"url\":\"https:\\\/\\\/marcelolopes.jor.br\\\/site\\\/\",\"logo\":{\"@type\":\"ImageObject\",\"inLanguage\":\"pt-BR\",\"@id\":\"https:\\\/\\\/marcelolopes.jor.br\\\/site\\\/#\\\/schema\\\/logo\\\/image\\\/\",\"url\":\"https:\\\/\\\/marcelolopes.jor.br\\\/site\\\/wp-content\\\/uploads\\\/2024\\\/11\\\/logo-1.png\",\"contentUrl\":\"https:\\\/\\\/marcelolopes.jor.br\\\/site\\\/wp-content\\\/uploads\\\/2024\\\/11\\\/logo-1.png\",\"width\":475,\"height\":80,\"caption\":\"Site do Marcelo Lopes\"},\"image\":{\"@id\":\"https:\\\/\\\/marcelolopes.jor.br\\\/site\\\/#\\\/schema\\\/logo\\\/image\\\/\"},\"sameAs\":[\"https:\\\/\\\/www.facebook.com\\\/sitedomarcelolopes\",\"https:\\\/\\\/www.instagram.com\\\/sitedomarcelolopes\\\/\",\"https:\\\/\\\/www.linkedin.com\\\/company\\\/site-do-marcelo-lopes\\\/\",\"https:\\\/\\\/www.youtube.com\\\/user\\\/marcelolopes957\"]},{\"@type\":\"Person\",\"@id\":\"https:\\\/\\\/marcelolopes.jor.br\\\/site\\\/#\\\/schema\\\/person\\\/3e7216a35c34d8fdf952b31da3d1f89f\",\"name\":\"Marcelo Lopes\",\"sameAs\":[\"http:\\\/\\\/www.marcelolopes.jor.br\"],\"url\":\"https:\\\/\\\/marcelolopes.jor.br\\\/site\\\/author\\\/marcelo\\\/\"}]}<\/script>\n<!-- \/ Yoast SEO plugin. -->","yoast_head_json":{"title":"Cresce o n\u00famero de interna\u00e7\u00f5es por doen\u00e7as respirat\u00f3rias em","description":"Cresce o n\u00famero de interna\u00e7\u00f5es por doen\u00e7as respirat\u00f3rias em Minas Gerais. Entre os mais afetados est\u00e3o idosos acima de 65 anos e crian\u00e7as...","robots":{"index":"index","follow":"follow","max-snippet":"max-snippet:-1","max-image-preview":"max-image-preview:large","max-video-preview":"max-video-preview:-1"},"canonical":"https:\/\/marcelolopes.jor.br\/site\/2026\/04\/20\/cresce-o-numero-de-internacoes-por-doencas-respiratorias-em-minas-gerais\/","og_locale":"pt_BR","og_type":"article","og_title":"Cresce o n\u00famero de interna\u00e7\u00f5es por doen\u00e7as respirat\u00f3rias em","og_description":"Cresce o n\u00famero de interna\u00e7\u00f5es por doen\u00e7as respirat\u00f3rias em Minas Gerais. Entre os mais afetados est\u00e3o idosos acima de 65 anos e crian\u00e7as...","og_url":"https:\/\/marcelolopes.jor.br\/site\/2026\/04\/20\/cresce-o-numero-de-internacoes-por-doencas-respiratorias-em-minas-gerais\/","og_site_name":"Marcelo Lopes","article_publisher":"https:\/\/www.facebook.com\/sitedomarcelolopes","article_published_time":"2026-04-20T22:00:40+00:00","og_image":[{"width":1600,"height":893,"url":"https:\/\/marcelolopes.jor.br\/site\/wp-content\/uploads\/2026\/04\/Credito-Gerada-por-IA-em-14-de-abril-de-2026.jpeg","type":"image\/jpeg"}],"author":"Marcelo Lopes","twitter_card":"summary_large_image","twitter_misc":{"Escrito por":"Marcelo Lopes","Est. tempo de leitura":"2 minutos"},"schema":{"@context":"https:\/\/schema.org","@graph":[{"@type":"NewsArticle","@id":"https:\/\/marcelolopes.jor.br\/site\/2026\/04\/20\/cresce-o-numero-de-internacoes-por-doencas-respiratorias-em-minas-gerais\/#article","isPartOf":{"@id":"https:\/\/marcelolopes.jor.br\/site\/2026\/04\/20\/cresce-o-numero-de-internacoes-por-doencas-respiratorias-em-minas-gerais\/"},"author":{"name":"Marcelo Lopes","@id":"https:\/\/marcelolopes.jor.br\/site\/#\/schema\/person\/3e7216a35c34d8fdf952b31da3d1f89f"},"headline":"Cresce o n\u00famero de interna\u00e7\u00f5es por doen\u00e7as respirat\u00f3rias em Minas Gerais","datePublished":"2026-04-20T22:00:40+00:00","mainEntityOfPage":{"@id":"https:\/\/marcelolopes.jor.br\/site\/2026\/04\/20\/cresce-o-numero-de-internacoes-por-doencas-respiratorias-em-minas-gerais\/"},"wordCount":398,"commentCount":0,"publisher":{"@id":"https:\/\/marcelolopes.jor.br\/site\/#organization"},"image":{"@id":"https:\/\/marcelolopes.jor.br\/site\/2026\/04\/20\/cresce-o-numero-de-internacoes-por-doencas-respiratorias-em-minas-gerais\/#primaryimage"},"thumbnailUrl":"https:\/\/marcelolopes.jor.br\/site\/wp-content\/uploads\/2026\/04\/Credito-Gerada-por-IA-em-14-de-abril-de-2026.jpeg","articleSection":["Not\u00edcias"],"inLanguage":"pt-BR","potentialAction":[{"@type":"CommentAction","name":"Comment","target":["https:\/\/marcelolopes.jor.br\/site\/2026\/04\/20\/cresce-o-numero-de-internacoes-por-doencas-respiratorias-em-minas-gerais\/#respond"]}]},{"@type":"WebPage","@id":"https:\/\/marcelolopes.jor.br\/site\/2026\/04\/20\/cresce-o-numero-de-internacoes-por-doencas-respiratorias-em-minas-gerais\/","url":"https:\/\/marcelolopes.jor.br\/site\/2026\/04\/20\/cresce-o-numero-de-internacoes-por-doencas-respiratorias-em-minas-gerais\/","name":"Cresce o n\u00famero de interna\u00e7\u00f5es por doen\u00e7as respirat\u00f3rias em","isPartOf":{"@id":"https:\/\/marcelolopes.jor.br\/site\/#website"},"primaryImageOfPage":{"@id":"https:\/\/marcelolopes.jor.br\/site\/2026\/04\/20\/cresce-o-numero-de-internacoes-por-doencas-respiratorias-em-minas-gerais\/#primaryimage"},"image":{"@id":"https:\/\/marcelolopes.jor.br\/site\/2026\/04\/20\/cresce-o-numero-de-internacoes-por-doencas-respiratorias-em-minas-gerais\/#primaryimage"},"thumbnailUrl":"https:\/\/marcelolopes.jor.br\/site\/wp-content\/uploads\/2026\/04\/Credito-Gerada-por-IA-em-14-de-abril-de-2026.jpeg","datePublished":"2026-04-20T22:00:40+00:00","description":"Cresce o n\u00famero de interna\u00e7\u00f5es por doen\u00e7as respirat\u00f3rias em Minas Gerais. Entre os mais afetados est\u00e3o idosos acima de 65 anos e crian\u00e7as...","breadcrumb":{"@id":"https:\/\/marcelolopes.jor.br\/site\/2026\/04\/20\/cresce-o-numero-de-internacoes-por-doencas-respiratorias-em-minas-gerais\/#breadcrumb"},"inLanguage":"pt-BR","potentialAction":[{"@type":"ReadAction","target":["https:\/\/marcelolopes.jor.br\/site\/2026\/04\/20\/cresce-o-numero-de-internacoes-por-doencas-respiratorias-em-minas-gerais\/"]}]},{"@type":"ImageObject","inLanguage":"pt-BR","@id":"https:\/\/marcelolopes.jor.br\/site\/2026\/04\/20\/cresce-o-numero-de-internacoes-por-doencas-respiratorias-em-minas-gerais\/#primaryimage","url":"https:\/\/marcelolopes.jor.br\/site\/wp-content\/uploads\/2026\/04\/Credito-Gerada-por-IA-em-14-de-abril-de-2026.jpeg","contentUrl":"https:\/\/marcelolopes.jor.br\/site\/wp-content\/uploads\/2026\/04\/Credito-Gerada-por-IA-em-14-de-abril-de-2026.jpeg","width":1600,"height":893,"caption":"Cresce o n\u00famero de"},{"@type":"BreadcrumbList","@id":"https:\/\/marcelolopes.jor.br\/site\/2026\/04\/20\/cresce-o-numero-de-internacoes-por-doencas-respiratorias-em-minas-gerais\/#breadcrumb","itemListElement":[{"@type":"ListItem","position":1,"name":"Home","item":"https:\/\/marcelolopes.jor.br\/site\/"},{"@type":"ListItem","position":2,"name":"Cresce o n\u00famero de interna\u00e7\u00f5es por doen\u00e7as respirat\u00f3rias em Minas Gerais"}]},{"@type":"WebSite","@id":"https:\/\/marcelolopes.jor.br\/site\/#website","url":"https:\/\/marcelolopes.jor.br\/site\/","name":"Marcelo Lopes","description":"Not\u00edcias de Cataguases e Regi\u00e3o","publisher":{"@id":"https:\/\/marcelolopes.jor.br\/site\/#organization"},"potentialAction":[{"@type":"SearchAction","target":{"@type":"EntryPoint","urlTemplate":"https:\/\/marcelolopes.jor.br\/site\/?s={search_term_string}"},"query-input":{"@type":"PropertyValueSpecification","valueRequired":true,"valueName":"search_term_string"}}],"inLanguage":"pt-BR"},{"@type":"Organization","@id":"https:\/\/marcelolopes.jor.br\/site\/#organization","name":"Site do Marcelo Lopes","url":"https:\/\/marcelolopes.jor.br\/site\/","logo":{"@type":"ImageObject","inLanguage":"pt-BR","@id":"https:\/\/marcelolopes.jor.br\/site\/#\/schema\/logo\/image\/","url":"https:\/\/marcelolopes.jor.br\/site\/wp-content\/uploads\/2024\/11\/logo-1.png","contentUrl":"https:\/\/marcelolopes.jor.br\/site\/wp-content\/uploads\/2024\/11\/logo-1.png","width":475,"height":80,"caption":"Site do Marcelo Lopes"},"image":{"@id":"https:\/\/marcelolopes.jor.br\/site\/#\/schema\/logo\/image\/"},"sameAs":["https:\/\/www.facebook.com\/sitedomarcelolopes","https:\/\/www.instagram.com\/sitedomarcelolopes\/","https:\/\/www.linkedin.com\/company\/site-do-marcelo-lopes\/","https:\/\/www.youtube.com\/user\/marcelolopes957"]},{"@type":"Person","@id":"https:\/\/marcelolopes.jor.br\/site\/#\/schema\/person\/3e7216a35c34d8fdf952b31da3d1f89f","name":"Marcelo Lopes","sameAs":["http:\/\/www.marcelolopes.jor.br"],"url":"https:\/\/marcelolopes.jor.br\/site\/author\/marcelo\/"}]}},"wps_subtitle":"Entre os mais afetados est\u00e3o idosos acima de 65 anos e crian\u00e7as menores de 2 anos.","_links":{"self":[{"href":"https:\/\/marcelolopes.jor.br\/site\/wp-json\/wp\/v2\/posts\/65336","targetHints":{"allow":["GET"]}}],"collection":[{"href":"https:\/\/marcelolopes.jor.br\/site\/wp-json\/wp\/v2\/posts"}],"about":[{"href":"https:\/\/marcelolopes.jor.br\/site\/wp-json\/wp\/v2\/types\/post"}],"author":[{"embeddable":true,"href":"https:\/\/marcelolopes.jor.br\/site\/wp-json\/wp\/v2\/users\/2"}],"replies":[{"embeddable":true,"href":"https:\/\/marcelolopes.jor.br\/site\/wp-json\/wp\/v2\/comments?post=65336"}],"version-history":[{"count":3,"href":"https:\/\/marcelolopes.jor.br\/site\/wp-json\/wp\/v2\/posts\/65336\/revisions"}],"predecessor-version":[{"id":65341,"href":"https:\/\/marcelolopes.jor.br\/site\/wp-json\/wp\/v2\/posts\/65336\/revisions\/65341"}],"wp:featuredmedia":[{"embeddable":true,"href":"https:\/\/marcelolopes.jor.br\/site\/wp-json\/wp\/v2\/media\/65339"}],"wp:attachment":[{"href":"https:\/\/marcelolopes.jor.br\/site\/wp-json\/wp\/v2\/media?parent=65336"}],"wp:term":[{"taxonomy":"category","embeddable":true,"href":"https:\/\/marcelolopes.jor.br\/site\/wp-json\/wp\/v2\/categories?post=65336"},{"taxonomy":"post_tag","embeddable":true,"href":"https:\/\/marcelolopes.jor.br\/site\/wp-json\/wp\/v2\/tags?post=65336"}],"curies":[{"name":"wp","href":"https:\/\/api.w.org\/{rel}","templated":true}]}}