{"id":65312,"date":"2026-04-19T12:00:57","date_gmt":"2026-04-19T15:00:57","guid":{"rendered":"https:\/\/marcelolopes.jor.br\/site\/?p=65312"},"modified":"2026-04-19T10:22:19","modified_gmt":"2026-04-19T13:22:19","slug":"pm-desarticula-trafico-de-drogas-em-mirai-e-prende-dois-suspeitos","status":"publish","type":"post","link":"https:\/\/marcelolopes.jor.br\/site\/2026\/04\/19\/pm-desarticula-trafico-de-drogas-em-mirai-e-prende-dois-suspeitos\/","title":{"rendered":"PM desarticula tr\u00e1fico de drogas em Mira\u00ed e prende dois suspeitos"},"content":{"rendered":"<p>Uma a\u00e7\u00e3o da Pol\u00edcia Militar resultou na pris\u00e3o de dois jovens por tr\u00e1fico de drogas na noite deste s\u00e1bado, 18 de abril, no bairro Jacar\u00e9, em Mira\u00ed. A ocorr\u00eancia foi registrada por volta das 19h40, ap\u00f3s den\u00fancias apontarem movimenta\u00e7\u00e3o suspeita em uma resid\u00eancia.<!--more--><\/p>\n<h4 class=\"p1\"><span class=\"s1\">\ud83d\udcf8\u00a0<span style=\"color: #008000;\">Siga o Site do Marcelo Lopes no<\/span>\u00a0<span style=\"color: #800000;\"><a style=\"color: #800000;\" href=\"https:\/\/www.facebook.com\/sitedomarcelolopes\/\"><strong>Facebook<\/strong><\/a><\/span>\u00a0<span style=\"color: #008000;\">e no<\/span>\u00a0<span style=\"color: #800000;\"><strong><a style=\"color: #800000;\" href=\"https:\/\/www.instagram.com\/sitedomarcelolopes\/\">Instagram<\/a><\/strong><\/span><\/span><\/h4>\n<h4 class=\"p1\">\ud83d\udcf1<span style=\"color: #008000;\">Participe do grupo de<\/span>\u00a0<span style=\"color: #800000;\"><a style=\"color: #800000;\" href=\"https:\/\/chat.whatsapp.com\/BibzcI1ibYSKytbdyzubLA\"><strong>WhatsApp<\/strong><\/a><\/span> <span style=\"color: #008000;\">do Site do Marcelo Lopes<\/span><\/h4>\n<p>De acordo com a PM, os militares realizaram vigil\u00e2ncia no local e confirmaram ind\u00edcios de atividade criminosa. Durante a abordagem, um dos suspeitos conseguiu fugir. J\u00e1 uma jovem, de 21 anos, entregou espontaneamente um pino de coca\u00edna que estava dentro do im\u00f3vel.<\/p>\n<p>Na sequ\u00eancia das buscas, os policiais localizaram outro suspeito, de 23 anos, escondido em um lote vago ao lado da resid\u00eancia. Com ele, foram encontrados uma balan\u00e7a de precis\u00e3o, dinheiro em esp\u00e9cie e diversas por\u00e7\u00f5es de crack e coca\u00edna.<\/p>\n<p>Ainda conforme a Pol\u00edcia Militar, a jovem admitiu participa\u00e7\u00e3o no tr\u00e1fico em conjunto com os demais envolvidos. A corpora\u00e7\u00e3o destacou que o ponto de venda de drogas funcionava nas proximidades de uma igreja e de um col\u00e9gio infantil, o que agrava a situa\u00e7\u00e3o.<\/p>\n<p>Os dois foram presos em flagrante e encaminhados \u00e0 delegacia. O homem j\u00e1 possui passagem por furto, enquanto a jovem n\u00e3o tinha registros anteriores.<\/p>\n<p>No local os policiais apreenderam 4 pinos de coca\u00edna, 9 pedras de crack, 1 balan\u00e7a de precis\u00e3o, 1 celular e R$ 2.498,00 em dinheiro<\/p>\n<p><strong>OUTRAS NOT\u00cdCIAS<\/strong><br \/>\n<a href=\"https:\/\/marcelolopes.jor.br\/site\/2026\/04\/18\/policia-militar-apreende-quatro-notas-de-r-100-falsas-em-mirai\/\"><strong><span style=\"color: #800000;\">Pol\u00edcia Militar apreende quatro notas de R$ 100 falsas, em Mira\u00ed<\/span><\/strong><\/a><\/p>\n<p><a href=\"https:\/\/marcelolopes.jor.br\/site\/2026\/04\/08\/motociclista-de-mirai-morre-em-acidente-na-estrada-para-guiricema\/\"><strong><span style=\"color: #800000;\">Motociclista de Mira\u00ed morre em acidente na estrada para Guiricema<\/span><\/strong><\/a><\/p>\n<p>Fonte e foto: Pol\u00edcia Militar &#8211; Mira\u00ed<\/p>\n<div class=\"utsyv69f74bcb6f55d\" ><br><\/div><style type=\"text\/css\">\r\n@media screen and (min-width: 1201px) {\r\n.utsyv69f74bcb6f55d {\r\ndisplay: block;\r\n}\r\n}\r\n@media screen and (min-width: 993px) and (max-width: 1200px) {\r\n.utsyv69f74bcb6f55d {\r\ndisplay: block;\r\n}\r\n}\r\n@media screen and (min-width: 769px) and (max-width: 992px) {\r\n.utsyv69f74bcb6f55d {\r\ndisplay: block;\r\n}\r\n}\r\n@media screen and (min-width: 768px) and (max-width: 768px) {\r\n.utsyv69f74bcb6f55d {\r\ndisplay: block;\r\n}\r\n}\r\n@media screen and (max-width: 767px) {\r\n.utsyv69f74bcb6f55d {\r\ndisplay: block;\r\n}\r\n}\r\n<\/style>\r\n<div class=\"pxxkd69f74bcb762b4\" ><div id=\"div_destino\"><\/div>\r\n<script src=\"https:\/\/cdn.snsrsv.com\/sdk.js\"><\/script>\r\n<script >\r\n      new sdk(\"464030C30061EA8BE065000000000001\") \r\n          .appendTo(\"div_destino\")\r\n          .disableStyle(true) \r\n          .setCacheBusterMacro(\"%%CACHEBUSTER%%\")\r\n          .setSize(\"800\",\"214\")\r\n          .setClickMacro(\"%%CLICK_URL_ESC%%\") \r\n          .setReferrerUrlMacro(\"%%REFERRER_URL_ESC%%\") \r\n          .start(); \r\n<\/script><\/div><style type=\"text\/css\">\r\n@media screen and (min-width: 1201px) {\r\n.pxxkd69f74bcb762b4 {\r\ndisplay: block;\r\n}\r\n}\r\n@media screen and (min-width: 993px) and (max-width: 1200px) {\r\n.pxxkd69f74bcb762b4 {\r\ndisplay: block;\r\n}\r\n}\r\n@media screen and (min-width: 769px) and (max-width: 992px) {\r\n.pxxkd69f74bcb762b4 {\r\ndisplay: block;\r\n}\r\n}\r\n@media screen and (min-width: 768px) and (max-width: 768px) {\r\n.pxxkd69f74bcb762b4 {\r\ndisplay: block;\r\n}\r\n}\r\n@media screen and (max-width: 767px) {\r\n.pxxkd69f74bcb762b4 {\r\ndisplay: block;\r\n}\r\n}\r\n<\/style>\r\n","protected":false},"excerpt":{"rendered":"<p>Uma a\u00e7\u00e3o da Pol\u00edcia Militar resultou na pris\u00e3o de dois jovens por tr\u00e1fico de drogas na noite deste s\u00e1bado, 18 de abril, no bairro Jacar\u00e9, em Mira\u00ed. A ocorr\u00eancia foi registrada por volta das 19h40, ap\u00f3s den\u00fancias apontarem movimenta\u00e7\u00e3o suspeita<\/p>\n<p class=\"link-more\"><a class=\"more-link\" href=\"https:\/\/marcelolopes.jor.br\/site\/2026\/04\/19\/pm-desarticula-trafico-de-drogas-em-mirai-e-prende-dois-suspeitos\/\">Leia mais <span class=\"screen-reader-text\">PM desarticula tr\u00e1fico de drogas em Mira\u00ed e prende dois suspeitos<\/span><\/a><\/p>\n","protected":false},"author":2,"featured_media":65313,"comment_status":"open","ping_status":"closed","sticky":false,"template":"","format":"standard","meta":{"footnotes":""},"categories":[1],"tags":[],"class_list":["post-65312","post","type-post","status-publish","format-standard","has-post-thumbnail","hentry","category-noticias","thumb-below-title"],"yoast_head":"<!-- This site is optimized with the Yoast SEO plugin v27.4 - https:\/\/yoast.com\/product\/yoast-seo-wordpress\/ -->\n<title>PM desarticula tr\u00e1fico de drogas em Mira\u00ed e prende dois suspeitos | Marcelo Lopes<\/title>\n<meta name=\"description\" content=\"PM desarticula tr\u00e1fico de drogas em Mira\u00ed e prende dois suspeitos. O ponto de venda de drogas funcionava pr\u00f3ximo de uma igreja e um col\u00e9gio\" \/>\n<meta name=\"robots\" content=\"index, follow, max-snippet:-1, max-image-preview:large, max-video-preview:-1\" \/>\n<link rel=\"canonical\" href=\"https:\/\/marcelolopes.jor.br\/site\/2026\/04\/19\/pm-desarticula-trafico-de-drogas-em-mirai-e-prende-dois-suspeitos\/\" \/>\n<meta property=\"og:locale\" content=\"pt_BR\" \/>\n<meta property=\"og:type\" content=\"article\" \/>\n<meta property=\"og:title\" content=\"PM desarticula tr\u00e1fico de drogas em Mira\u00ed e prende dois suspeitos | Marcelo Lopes\" \/>\n<meta property=\"og:description\" content=\"PM desarticula tr\u00e1fico de drogas em Mira\u00ed e prende dois suspeitos. O ponto de venda de drogas funcionava pr\u00f3ximo de uma igreja e um col\u00e9gio\" \/>\n<meta property=\"og:url\" content=\"https:\/\/marcelolopes.jor.br\/site\/2026\/04\/19\/pm-desarticula-trafico-de-drogas-em-mirai-e-prende-dois-suspeitos\/\" \/>\n<meta property=\"og:site_name\" content=\"Marcelo Lopes\" \/>\n<meta property=\"article:publisher\" content=\"https:\/\/www.facebook.com\/sitedomarcelolopes\" \/>\n<meta property=\"article:published_time\" content=\"2026-04-19T15:00:57+00:00\" \/>\n<meta property=\"og:image\" content=\"https:\/\/marcelolopes.jor.br\/site\/wp-content\/uploads\/2026\/04\/dinheiro.jpg\" \/>\n\t<meta property=\"og:image:width\" content=\"800\" \/>\n\t<meta property=\"og:image:height\" content=\"511\" \/>\n\t<meta property=\"og:image:type\" content=\"image\/jpeg\" \/>\n<meta name=\"author\" content=\"Marcelo Lopes\" \/>\n<meta name=\"twitter:card\" content=\"summary_large_image\" \/>\n<meta name=\"twitter:label1\" content=\"Escrito por\" \/>\n\t<meta name=\"twitter:data1\" content=\"Marcelo Lopes\" \/>\n\t<meta name=\"twitter:label2\" content=\"Est. tempo de leitura\" \/>\n\t<meta name=\"twitter:data2\" content=\"1 minuto\" \/>\n<script type=\"application\/ld+json\" class=\"yoast-schema-graph\">{\"@context\":\"https:\\\/\\\/schema.org\",\"@graph\":[{\"@type\":\"NewsArticle\",\"@id\":\"https:\\\/\\\/marcelolopes.jor.br\\\/site\\\/2026\\\/04\\\/19\\\/pm-desarticula-trafico-de-drogas-em-mirai-e-prende-dois-suspeitos\\\/#article\",\"isPartOf\":{\"@id\":\"https:\\\/\\\/marcelolopes.jor.br\\\/site\\\/2026\\\/04\\\/19\\\/pm-desarticula-trafico-de-drogas-em-mirai-e-prende-dois-suspeitos\\\/\"},\"author\":{\"name\":\"Marcelo Lopes\",\"@id\":\"https:\\\/\\\/marcelolopes.jor.br\\\/site\\\/#\\\/schema\\\/person\\\/3e7216a35c34d8fdf952b31da3d1f89f\"},\"headline\":\"PM desarticula tr\u00e1fico de drogas em Mira\u00ed e prende dois suspeitos\",\"datePublished\":\"2026-04-19T15:00:57+00:00\",\"mainEntityOfPage\":{\"@id\":\"https:\\\/\\\/marcelolopes.jor.br\\\/site\\\/2026\\\/04\\\/19\\\/pm-desarticula-trafico-de-drogas-em-mirai-e-prende-dois-suspeitos\\\/\"},\"wordCount\":302,\"commentCount\":0,\"publisher\":{\"@id\":\"https:\\\/\\\/marcelolopes.jor.br\\\/site\\\/#organization\"},\"image\":{\"@id\":\"https:\\\/\\\/marcelolopes.jor.br\\\/site\\\/2026\\\/04\\\/19\\\/pm-desarticula-trafico-de-drogas-em-mirai-e-prende-dois-suspeitos\\\/#primaryimage\"},\"thumbnailUrl\":\"https:\\\/\\\/marcelolopes.jor.br\\\/site\\\/wp-content\\\/uploads\\\/2026\\\/04\\\/dinheiro.jpg\",\"articleSection\":[\"Not\u00edcias\"],\"inLanguage\":\"pt-BR\",\"potentialAction\":[{\"@type\":\"CommentAction\",\"name\":\"Comment\",\"target\":[\"https:\\\/\\\/marcelolopes.jor.br\\\/site\\\/2026\\\/04\\\/19\\\/pm-desarticula-trafico-de-drogas-em-mirai-e-prende-dois-suspeitos\\\/#respond\"]}]},{\"@type\":\"WebPage\",\"@id\":\"https:\\\/\\\/marcelolopes.jor.br\\\/site\\\/2026\\\/04\\\/19\\\/pm-desarticula-trafico-de-drogas-em-mirai-e-prende-dois-suspeitos\\\/\",\"url\":\"https:\\\/\\\/marcelolopes.jor.br\\\/site\\\/2026\\\/04\\\/19\\\/pm-desarticula-trafico-de-drogas-em-mirai-e-prende-dois-suspeitos\\\/\",\"name\":\"PM desarticula tr\u00e1fico de drogas em Mira\u00ed e prende dois suspeitos | Marcelo Lopes\",\"isPartOf\":{\"@id\":\"https:\\\/\\\/marcelolopes.jor.br\\\/site\\\/#website\"},\"primaryImageOfPage\":{\"@id\":\"https:\\\/\\\/marcelolopes.jor.br\\\/site\\\/2026\\\/04\\\/19\\\/pm-desarticula-trafico-de-drogas-em-mirai-e-prende-dois-suspeitos\\\/#primaryimage\"},\"image\":{\"@id\":\"https:\\\/\\\/marcelolopes.jor.br\\\/site\\\/2026\\\/04\\\/19\\\/pm-desarticula-trafico-de-drogas-em-mirai-e-prende-dois-suspeitos\\\/#primaryimage\"},\"thumbnailUrl\":\"https:\\\/\\\/marcelolopes.jor.br\\\/site\\\/wp-content\\\/uploads\\\/2026\\\/04\\\/dinheiro.jpg\",\"datePublished\":\"2026-04-19T15:00:57+00:00\",\"description\":\"PM desarticula tr\u00e1fico de drogas em Mira\u00ed e prende dois suspeitos. O ponto de venda de drogas funcionava pr\u00f3ximo de uma igreja e um col\u00e9gio\",\"breadcrumb\":{\"@id\":\"https:\\\/\\\/marcelolopes.jor.br\\\/site\\\/2026\\\/04\\\/19\\\/pm-desarticula-trafico-de-drogas-em-mirai-e-prende-dois-suspeitos\\\/#breadcrumb\"},\"inLanguage\":\"pt-BR\",\"potentialAction\":[{\"@type\":\"ReadAction\",\"target\":[\"https:\\\/\\\/marcelolopes.jor.br\\\/site\\\/2026\\\/04\\\/19\\\/pm-desarticula-trafico-de-drogas-em-mirai-e-prende-dois-suspeitos\\\/\"]}]},{\"@type\":\"ImageObject\",\"inLanguage\":\"pt-BR\",\"@id\":\"https:\\\/\\\/marcelolopes.jor.br\\\/site\\\/2026\\\/04\\\/19\\\/pm-desarticula-trafico-de-drogas-em-mirai-e-prende-dois-suspeitos\\\/#primaryimage\",\"url\":\"https:\\\/\\\/marcelolopes.jor.br\\\/site\\\/wp-content\\\/uploads\\\/2026\\\/04\\\/dinheiro.jpg\",\"contentUrl\":\"https:\\\/\\\/marcelolopes.jor.br\\\/site\\\/wp-content\\\/uploads\\\/2026\\\/04\\\/dinheiro.jpg\",\"width\":800,\"height\":511,\"caption\":\"PM desarticula tr\u00e1fico de\"},{\"@type\":\"BreadcrumbList\",\"@id\":\"https:\\\/\\\/marcelolopes.jor.br\\\/site\\\/2026\\\/04\\\/19\\\/pm-desarticula-trafico-de-drogas-em-mirai-e-prende-dois-suspeitos\\\/#breadcrumb\",\"itemListElement\":[{\"@type\":\"ListItem\",\"position\":1,\"name\":\"Home\",\"item\":\"https:\\\/\\\/marcelolopes.jor.br\\\/site\\\/\"},{\"@type\":\"ListItem\",\"position\":2,\"name\":\"PM desarticula tr\u00e1fico de drogas em Mira\u00ed e prende dois suspeitos\"}]},{\"@type\":\"WebSite\",\"@id\":\"https:\\\/\\\/marcelolopes.jor.br\\\/site\\\/#website\",\"url\":\"https:\\\/\\\/marcelolopes.jor.br\\\/site\\\/\",\"name\":\"Marcelo Lopes\",\"description\":\"Not\u00edcias de Cataguases e Regi\u00e3o\",\"publisher\":{\"@id\":\"https:\\\/\\\/marcelolopes.jor.br\\\/site\\\/#organization\"},\"potentialAction\":[{\"@type\":\"SearchAction\",\"target\":{\"@type\":\"EntryPoint\",\"urlTemplate\":\"https:\\\/\\\/marcelolopes.jor.br\\\/site\\\/?s={search_term_string}\"},\"query-input\":{\"@type\":\"PropertyValueSpecification\",\"valueRequired\":true,\"valueName\":\"search_term_string\"}}],\"inLanguage\":\"pt-BR\"},{\"@type\":\"Organization\",\"@id\":\"https:\\\/\\\/marcelolopes.jor.br\\\/site\\\/#organization\",\"name\":\"Site do Marcelo Lopes\",\"url\":\"https:\\\/\\\/marcelolopes.jor.br\\\/site\\\/\",\"logo\":{\"@type\":\"ImageObject\",\"inLanguage\":\"pt-BR\",\"@id\":\"https:\\\/\\\/marcelolopes.jor.br\\\/site\\\/#\\\/schema\\\/logo\\\/image\\\/\",\"url\":\"https:\\\/\\\/marcelolopes.jor.br\\\/site\\\/wp-content\\\/uploads\\\/2024\\\/11\\\/logo-1.png\",\"contentUrl\":\"https:\\\/\\\/marcelolopes.jor.br\\\/site\\\/wp-content\\\/uploads\\\/2024\\\/11\\\/logo-1.png\",\"width\":475,\"height\":80,\"caption\":\"Site do Marcelo Lopes\"},\"image\":{\"@id\":\"https:\\\/\\\/marcelolopes.jor.br\\\/site\\\/#\\\/schema\\\/logo\\\/image\\\/\"},\"sameAs\":[\"https:\\\/\\\/www.facebook.com\\\/sitedomarcelolopes\",\"https:\\\/\\\/www.instagram.com\\\/sitedomarcelolopes\\\/\",\"https:\\\/\\\/www.linkedin.com\\\/company\\\/site-do-marcelo-lopes\\\/\",\"https:\\\/\\\/www.youtube.com\\\/user\\\/marcelolopes957\"]},{\"@type\":\"Person\",\"@id\":\"https:\\\/\\\/marcelolopes.jor.br\\\/site\\\/#\\\/schema\\\/person\\\/3e7216a35c34d8fdf952b31da3d1f89f\",\"name\":\"Marcelo Lopes\",\"sameAs\":[\"http:\\\/\\\/www.marcelolopes.jor.br\"],\"url\":\"https:\\\/\\\/marcelolopes.jor.br\\\/site\\\/author\\\/marcelo\\\/\"}]}<\/script>\n<!-- \/ Yoast SEO plugin. -->","yoast_head_json":{"title":"PM desarticula tr\u00e1fico de drogas em Mira\u00ed e prende dois suspeitos | Marcelo Lopes","description":"PM desarticula tr\u00e1fico de drogas em Mira\u00ed e prende dois suspeitos. O ponto de venda de drogas funcionava pr\u00f3ximo de uma igreja e um col\u00e9gio","robots":{"index":"index","follow":"follow","max-snippet":"max-snippet:-1","max-image-preview":"max-image-preview:large","max-video-preview":"max-video-preview:-1"},"canonical":"https:\/\/marcelolopes.jor.br\/site\/2026\/04\/19\/pm-desarticula-trafico-de-drogas-em-mirai-e-prende-dois-suspeitos\/","og_locale":"pt_BR","og_type":"article","og_title":"PM desarticula tr\u00e1fico de drogas em Mira\u00ed e prende dois suspeitos | Marcelo Lopes","og_description":"PM desarticula tr\u00e1fico de drogas em Mira\u00ed e prende dois suspeitos. O ponto de venda de drogas funcionava pr\u00f3ximo de uma igreja e um col\u00e9gio","og_url":"https:\/\/marcelolopes.jor.br\/site\/2026\/04\/19\/pm-desarticula-trafico-de-drogas-em-mirai-e-prende-dois-suspeitos\/","og_site_name":"Marcelo Lopes","article_publisher":"https:\/\/www.facebook.com\/sitedomarcelolopes","article_published_time":"2026-04-19T15:00:57+00:00","og_image":[{"width":800,"height":511,"url":"https:\/\/marcelolopes.jor.br\/site\/wp-content\/uploads\/2026\/04\/dinheiro.jpg","type":"image\/jpeg"}],"author":"Marcelo Lopes","twitter_card":"summary_large_image","twitter_misc":{"Escrito por":"Marcelo Lopes","Est. tempo de leitura":"1 minuto"},"schema":{"@context":"https:\/\/schema.org","@graph":[{"@type":"NewsArticle","@id":"https:\/\/marcelolopes.jor.br\/site\/2026\/04\/19\/pm-desarticula-trafico-de-drogas-em-mirai-e-prende-dois-suspeitos\/#article","isPartOf":{"@id":"https:\/\/marcelolopes.jor.br\/site\/2026\/04\/19\/pm-desarticula-trafico-de-drogas-em-mirai-e-prende-dois-suspeitos\/"},"author":{"name":"Marcelo Lopes","@id":"https:\/\/marcelolopes.jor.br\/site\/#\/schema\/person\/3e7216a35c34d8fdf952b31da3d1f89f"},"headline":"PM desarticula tr\u00e1fico de drogas em Mira\u00ed e prende dois suspeitos","datePublished":"2026-04-19T15:00:57+00:00","mainEntityOfPage":{"@id":"https:\/\/marcelolopes.jor.br\/site\/2026\/04\/19\/pm-desarticula-trafico-de-drogas-em-mirai-e-prende-dois-suspeitos\/"},"wordCount":302,"commentCount":0,"publisher":{"@id":"https:\/\/marcelolopes.jor.br\/site\/#organization"},"image":{"@id":"https:\/\/marcelolopes.jor.br\/site\/2026\/04\/19\/pm-desarticula-trafico-de-drogas-em-mirai-e-prende-dois-suspeitos\/#primaryimage"},"thumbnailUrl":"https:\/\/marcelolopes.jor.br\/site\/wp-content\/uploads\/2026\/04\/dinheiro.jpg","articleSection":["Not\u00edcias"],"inLanguage":"pt-BR","potentialAction":[{"@type":"CommentAction","name":"Comment","target":["https:\/\/marcelolopes.jor.br\/site\/2026\/04\/19\/pm-desarticula-trafico-de-drogas-em-mirai-e-prende-dois-suspeitos\/#respond"]}]},{"@type":"WebPage","@id":"https:\/\/marcelolopes.jor.br\/site\/2026\/04\/19\/pm-desarticula-trafico-de-drogas-em-mirai-e-prende-dois-suspeitos\/","url":"https:\/\/marcelolopes.jor.br\/site\/2026\/04\/19\/pm-desarticula-trafico-de-drogas-em-mirai-e-prende-dois-suspeitos\/","name":"PM desarticula tr\u00e1fico de drogas em Mira\u00ed e prende dois suspeitos | Marcelo Lopes","isPartOf":{"@id":"https:\/\/marcelolopes.jor.br\/site\/#website"},"primaryImageOfPage":{"@id":"https:\/\/marcelolopes.jor.br\/site\/2026\/04\/19\/pm-desarticula-trafico-de-drogas-em-mirai-e-prende-dois-suspeitos\/#primaryimage"},"image":{"@id":"https:\/\/marcelolopes.jor.br\/site\/2026\/04\/19\/pm-desarticula-trafico-de-drogas-em-mirai-e-prende-dois-suspeitos\/#primaryimage"},"thumbnailUrl":"https:\/\/marcelolopes.jor.br\/site\/wp-content\/uploads\/2026\/04\/dinheiro.jpg","datePublished":"2026-04-19T15:00:57+00:00","description":"PM desarticula tr\u00e1fico de drogas em Mira\u00ed e prende dois suspeitos. O ponto de venda de drogas funcionava pr\u00f3ximo de uma igreja e um col\u00e9gio","breadcrumb":{"@id":"https:\/\/marcelolopes.jor.br\/site\/2026\/04\/19\/pm-desarticula-trafico-de-drogas-em-mirai-e-prende-dois-suspeitos\/#breadcrumb"},"inLanguage":"pt-BR","potentialAction":[{"@type":"ReadAction","target":["https:\/\/marcelolopes.jor.br\/site\/2026\/04\/19\/pm-desarticula-trafico-de-drogas-em-mirai-e-prende-dois-suspeitos\/"]}]},{"@type":"ImageObject","inLanguage":"pt-BR","@id":"https:\/\/marcelolopes.jor.br\/site\/2026\/04\/19\/pm-desarticula-trafico-de-drogas-em-mirai-e-prende-dois-suspeitos\/#primaryimage","url":"https:\/\/marcelolopes.jor.br\/site\/wp-content\/uploads\/2026\/04\/dinheiro.jpg","contentUrl":"https:\/\/marcelolopes.jor.br\/site\/wp-content\/uploads\/2026\/04\/dinheiro.jpg","width":800,"height":511,"caption":"PM desarticula tr\u00e1fico de"},{"@type":"BreadcrumbList","@id":"https:\/\/marcelolopes.jor.br\/site\/2026\/04\/19\/pm-desarticula-trafico-de-drogas-em-mirai-e-prende-dois-suspeitos\/#breadcrumb","itemListElement":[{"@type":"ListItem","position":1,"name":"Home","item":"https:\/\/marcelolopes.jor.br\/site\/"},{"@type":"ListItem","position":2,"name":"PM desarticula tr\u00e1fico de drogas em Mira\u00ed e prende dois suspeitos"}]},{"@type":"WebSite","@id":"https:\/\/marcelolopes.jor.br\/site\/#website","url":"https:\/\/marcelolopes.jor.br\/site\/","name":"Marcelo Lopes","description":"Not\u00edcias de Cataguases e Regi\u00e3o","publisher":{"@id":"https:\/\/marcelolopes.jor.br\/site\/#organization"},"potentialAction":[{"@type":"SearchAction","target":{"@type":"EntryPoint","urlTemplate":"https:\/\/marcelolopes.jor.br\/site\/?s={search_term_string}"},"query-input":{"@type":"PropertyValueSpecification","valueRequired":true,"valueName":"search_term_string"}}],"inLanguage":"pt-BR"},{"@type":"Organization","@id":"https:\/\/marcelolopes.jor.br\/site\/#organization","name":"Site do Marcelo Lopes","url":"https:\/\/marcelolopes.jor.br\/site\/","logo":{"@type":"ImageObject","inLanguage":"pt-BR","@id":"https:\/\/marcelolopes.jor.br\/site\/#\/schema\/logo\/image\/","url":"https:\/\/marcelolopes.jor.br\/site\/wp-content\/uploads\/2024\/11\/logo-1.png","contentUrl":"https:\/\/marcelolopes.jor.br\/site\/wp-content\/uploads\/2024\/11\/logo-1.png","width":475,"height":80,"caption":"Site do Marcelo Lopes"},"image":{"@id":"https:\/\/marcelolopes.jor.br\/site\/#\/schema\/logo\/image\/"},"sameAs":["https:\/\/www.facebook.com\/sitedomarcelolopes","https:\/\/www.instagram.com\/sitedomarcelolopes\/","https:\/\/www.linkedin.com\/company\/site-do-marcelo-lopes\/","https:\/\/www.youtube.com\/user\/marcelolopes957"]},{"@type":"Person","@id":"https:\/\/marcelolopes.jor.br\/site\/#\/schema\/person\/3e7216a35c34d8fdf952b31da3d1f89f","name":"Marcelo Lopes","sameAs":["http:\/\/www.marcelolopes.jor.br"],"url":"https:\/\/marcelolopes.jor.br\/site\/author\/marcelo\/"}]}},"wps_subtitle":"O ponto de venda de drogas funcionava pr\u00f3ximo de uma igreja e um col\u00e9gio infantil.","_links":{"self":[{"href":"https:\/\/marcelolopes.jor.br\/site\/wp-json\/wp\/v2\/posts\/65312","targetHints":{"allow":["GET"]}}],"collection":[{"href":"https:\/\/marcelolopes.jor.br\/site\/wp-json\/wp\/v2\/posts"}],"about":[{"href":"https:\/\/marcelolopes.jor.br\/site\/wp-json\/wp\/v2\/types\/post"}],"author":[{"embeddable":true,"href":"https:\/\/marcelolopes.jor.br\/site\/wp-json\/wp\/v2\/users\/2"}],"replies":[{"embeddable":true,"href":"https:\/\/marcelolopes.jor.br\/site\/wp-json\/wp\/v2\/comments?post=65312"}],"version-history":[{"count":2,"href":"https:\/\/marcelolopes.jor.br\/site\/wp-json\/wp\/v2\/posts\/65312\/revisions"}],"predecessor-version":[{"id":65315,"href":"https:\/\/marcelolopes.jor.br\/site\/wp-json\/wp\/v2\/posts\/65312\/revisions\/65315"}],"wp:featuredmedia":[{"embeddable":true,"href":"https:\/\/marcelolopes.jor.br\/site\/wp-json\/wp\/v2\/media\/65313"}],"wp:attachment":[{"href":"https:\/\/marcelolopes.jor.br\/site\/wp-json\/wp\/v2\/media?parent=65312"}],"wp:term":[{"taxonomy":"category","embeddable":true,"href":"https:\/\/marcelolopes.jor.br\/site\/wp-json\/wp\/v2\/categories?post=65312"},{"taxonomy":"post_tag","embeddable":true,"href":"https:\/\/marcelolopes.jor.br\/site\/wp-json\/wp\/v2\/tags?post=65312"}],"curies":[{"name":"wp","href":"https:\/\/api.w.org\/{rel}","templated":true}]}}