{"id":65282,"date":"2026-04-17T07:00:06","date_gmt":"2026-04-17T10:00:06","guid":{"rendered":"https:\/\/marcelolopes.jor.br\/site\/?p=65282"},"modified":"2026-04-16T22:22:18","modified_gmt":"2026-04-17T01:22:18","slug":"abono-salarial-comeca-a-ser-pago-para-nascidos-em-marco-e-abril","status":"publish","type":"post","link":"https:\/\/marcelolopes.jor.br\/site\/2026\/04\/17\/abono-salarial-comeca-a-ser-pago-para-nascidos-em-marco-e-abril\/","title":{"rendered":"Abono salarial come\u00e7a a ser pago para nascidos em mar\u00e7o e abril"},"content":{"rendered":"<p>O Minist\u00e9rio do Trabalho e Emprego iniciou, nesta quinta-feira, 16 de abril, o pagamento do terceiro grupo de trabalhadores com direito ao abono salarial. Em nota, a pasta informou que ser\u00e3o pagos benef\u00edcios a um total de 4.272.981 trabalhadores nascidos em mar\u00e7o e abril, com um desembolso de R$ 5,4 bilh\u00f5es.<!--more--><\/p>\n<h4 class=\"p1\"><span class=\"s1\">\ud83d\udcf8\u00a0<span style=\"color: #008000;\">Siga o Site do Marcelo Lopes no<\/span>\u00a0<span style=\"color: #800000;\"><a style=\"color: #800000;\" href=\"https:\/\/www.facebook.com\/sitedomarcelolopes\/\"><strong>Facebook<\/strong><\/a><\/span>\u00a0<span style=\"color: #008000;\">e no<\/span>\u00a0<span style=\"color: #800000;\"><strong><a style=\"color: #800000;\" href=\"https:\/\/www.instagram.com\/sitedomarcelolopes\/\">Instagram<\/a><\/strong><\/span><\/span><\/h4>\n<h4 class=\"p1\">\ud83d\udcf1<span style=\"color: #008000;\">Participe do grupo de<\/span>\u00a0<span style=\"color: #800000;\"><a style=\"color: #800000;\" href=\"https:\/\/chat.whatsapp.com\/BibzcI1ibYSKytbdyzubLA\"><strong>WhatsApp<\/strong><\/a><\/span> <span style=\"color: #008000;\">do Site do Marcelo Lopes<\/span><\/h4>\n<p><span style=\"font-size: 1rem;\"><br \/>\n<em>\u201cO abono salarial ser\u00e1 pago a 3.826.355 trabalhadores vinculados a empresas privadas cadastradas no Programa PIS, por meio da Caixa Econ\u00f4mica Federal, e a 446.626 trabalhadores servidores p\u00fablicos vinculados ao Programa Pasep, por meio do Banco do Brasil\u201d, destacou o comunicado.<\/em><\/span><\/p>\n<p>O valor do benef\u00edcio varia de R$ 136 a R$ 1.621, de acordo com a quantidade de meses trabalhados durante o ano-base 2024. Em 2026, o calend\u00e1rio de pagamento do abono salarial teve in\u00edcio em 16 de fevereiro. Os valores, segundo a pasta, ficar\u00e3o dispon\u00edveis aos trabalhadores at\u00e9 30 de dezembro de 2026.<\/p>\n<h3>Quem tem direito<\/h3>\n<p>T\u00eam direito ao abono salarial trabalhadores que atendem a crit\u00e9rios como:<br \/>\n\ud83d\udc49\ud83c\udffb estar cadastrado no PIS\/Pasep h\u00e1 pelo menos cinco anos, contados da data do primeiro v\u00ednculo;<br \/>\n\ud83d\udc49\ud83c\udffb ter recebido, de empregadores que contribuem para o Programa de Integra\u00e7\u00e3o Social (PIS) ou para o Programa de Forma\u00e7\u00e3o do Patrim\u00f4nio do Servidor P\u00fablico (Pasep), at\u00e9 o valor de refer\u00eancia de R$ 2.766 de remunera\u00e7\u00e3o mensal no ano-base 2024;<br \/>\n\ud83d\udc49\ud83c\udffb ter exercido atividade remunerada durante pelo menos 30 dias, consecutivos ou n\u00e3o, no ano-base considerado para apura\u00e7\u00e3o;<br \/>\n\ud83d\udc49\ud83c\udffb ter seus dados do ano-base 2024 informados corretamente pelo empregador no eSocial.<\/p>\n<h3>Pagamento<\/h3>\n<p>O pagamento do abono salarial pela Caixa ser\u00e1 realizado prioritariamente por cr\u00e9dito em conta do trabalhador (corrente, poupan\u00e7a ou Conta Digital) ou por meio do aplicativo Caixa Tem, em conta poupan\u00e7a social digital aberta automaticamente.<\/p>\n<p>Para o trabalhador n\u00e3o correntista, o pagamento ser\u00e1 realizado por meio de canais como ag\u00eancias, lot\u00e9ricas, autoatendimento, Caixa Aqui e demais canais disponibilizados pelo banco.<\/p>\n<p>J\u00e1 no Banco do Brasil, o pagamento ser\u00e1 realizado prioritariamente por cr\u00e9dito em conta banc\u00e1ria, transfer\u00eancia via TED ou Pix e presencialmente, nas ag\u00eancias de atendimento, para trabalhadores n\u00e3o correntistas e que n\u00e3o possuem chave Pix.<\/p>\n<p><em>\u201cInforma\u00e7\u00f5es adicionais poder\u00e3o ser obtidas nos canais de atendimento do Minist\u00e9rio do Trabalho e Emprego, nas unidades das Superintend\u00eancias Regionais do Trabalho ou pelo telefone 158\u201d, concluiu a pasta.<\/em><\/p>\n<p><strong>OUTRAS NOT\u00cdCIAS<\/strong><br \/>\n<a href=\"https:\/\/marcelolopes.jor.br\/site\/2025\/02\/17\/abono-de-ate-r-1-518-do-pis-pasep-ja-esta-liberado\/\"><strong><span style=\"color: #800000;\">Abono de at\u00e9 R$ 1.518 do PIS\/Pasep j\u00e1 est\u00e1 liberado<\/span><\/strong><\/a><\/p>\n<p><a href=\"https:\/\/marcelolopes.jor.br\/site\/2024\/08\/04\/pis-pasep-paga-em-agosto-o-ultimo-lote-do-abono-salarial\/\"><strong><span style=\"color: #800000;\">PIS\/Pasep paga em agosto o \u00faltimo lote do abono salarial<\/span><\/strong><\/a><\/p>\n<p>Fonte: Ag\u00eancia Brasil | Foto: Marcello Casal<\/p>\n<div class=\"dgqzw69f764894ab0f\" ><br><\/div><style type=\"text\/css\">\r\n@media screen and (min-width: 1201px) {\r\n.dgqzw69f764894ab0f {\r\ndisplay: block;\r\n}\r\n}\r\n@media screen and (min-width: 993px) and (max-width: 1200px) {\r\n.dgqzw69f764894ab0f {\r\ndisplay: block;\r\n}\r\n}\r\n@media screen and (min-width: 769px) and (max-width: 992px) {\r\n.dgqzw69f764894ab0f {\r\ndisplay: block;\r\n}\r\n}\r\n@media screen and (min-width: 768px) and (max-width: 768px) {\r\n.dgqzw69f764894ab0f {\r\ndisplay: block;\r\n}\r\n}\r\n@media screen and (max-width: 767px) {\r\n.dgqzw69f764894ab0f {\r\ndisplay: block;\r\n}\r\n}\r\n<\/style>\r\n<div class=\"ienlr69f764894ff80\" ><div id=\"div_destino\"><\/div>\r\n<script src=\"https:\/\/cdn.snsrsv.com\/sdk.js\"><\/script>\r\n<script >\r\n      new sdk(\"464030C30061EA8BE065000000000001\") \r\n          .appendTo(\"div_destino\")\r\n          .disableStyle(true) \r\n          .setCacheBusterMacro(\"%%CACHEBUSTER%%\")\r\n          .setSize(\"800\",\"214\")\r\n          .setClickMacro(\"%%CLICK_URL_ESC%%\") \r\n          .setReferrerUrlMacro(\"%%REFERRER_URL_ESC%%\") \r\n          .start(); \r\n<\/script><\/div><style type=\"text\/css\">\r\n@media screen and (min-width: 1201px) {\r\n.ienlr69f764894ff80 {\r\ndisplay: block;\r\n}\r\n}\r\n@media screen and (min-width: 993px) and (max-width: 1200px) {\r\n.ienlr69f764894ff80 {\r\ndisplay: block;\r\n}\r\n}\r\n@media screen and (min-width: 769px) and (max-width: 992px) {\r\n.ienlr69f764894ff80 {\r\ndisplay: block;\r\n}\r\n}\r\n@media screen and (min-width: 768px) and (max-width: 768px) {\r\n.ienlr69f764894ff80 {\r\ndisplay: block;\r\n}\r\n}\r\n@media screen and (max-width: 767px) {\r\n.ienlr69f764894ff80 {\r\ndisplay: block;\r\n}\r\n}\r\n<\/style>\r\n","protected":false},"excerpt":{"rendered":"<p>O Minist\u00e9rio do Trabalho e Emprego iniciou, nesta quinta-feira, 16 de abril, o pagamento do terceiro grupo de trabalhadores com direito ao abono salarial. Em nota, a pasta informou que ser\u00e3o pagos benef\u00edcios a um total de 4.272.981 trabalhadores nascidos<\/p>\n<p class=\"link-more\"><a class=\"more-link\" href=\"https:\/\/marcelolopes.jor.br\/site\/2026\/04\/17\/abono-salarial-comeca-a-ser-pago-para-nascidos-em-marco-e-abril\/\">Leia mais <span class=\"screen-reader-text\">Abono salarial come\u00e7a a ser pago para nascidos em mar\u00e7o e abril<\/span><\/a><\/p>\n","protected":false},"author":2,"featured_media":65284,"comment_status":"open","ping_status":"closed","sticky":false,"template":"","format":"standard","meta":{"footnotes":""},"categories":[1],"tags":[],"class_list":["post-65282","post","type-post","status-publish","format-standard","has-post-thumbnail","hentry","category-noticias","thumb-below-title"],"yoast_head":"<!-- This site is optimized with the Yoast SEO plugin v27.4 - https:\/\/yoast.com\/product\/yoast-seo-wordpress\/ -->\n<title>Abono salarial come\u00e7a a ser pago para nascidos em mar\u00e7o e abril | Marcelo Lopes<\/title>\n<meta name=\"description\" content=\"Abono salarial come\u00e7a a ser pago para nascidos em mar\u00e7o e abril. Calend\u00e1rio de pagamento teve in\u00edcio em 16 de fevereiro deste ano.\" \/>\n<meta name=\"robots\" content=\"index, follow, max-snippet:-1, max-image-preview:large, max-video-preview:-1\" \/>\n<link rel=\"canonical\" href=\"https:\/\/marcelolopes.jor.br\/site\/2026\/04\/17\/abono-salarial-comeca-a-ser-pago-para-nascidos-em-marco-e-abril\/\" \/>\n<meta property=\"og:locale\" content=\"pt_BR\" \/>\n<meta property=\"og:type\" content=\"article\" \/>\n<meta property=\"og:title\" content=\"Abono salarial come\u00e7a a ser pago para nascidos em mar\u00e7o e abril | Marcelo Lopes\" \/>\n<meta property=\"og:description\" content=\"Abono salarial come\u00e7a a ser pago para nascidos em mar\u00e7o e abril. Calend\u00e1rio de pagamento teve in\u00edcio em 16 de fevereiro deste ano.\" \/>\n<meta property=\"og:url\" content=\"https:\/\/marcelolopes.jor.br\/site\/2026\/04\/17\/abono-salarial-comeca-a-ser-pago-para-nascidos-em-marco-e-abril\/\" \/>\n<meta property=\"og:site_name\" content=\"Marcelo Lopes\" \/>\n<meta property=\"article:publisher\" content=\"https:\/\/www.facebook.com\/sitedomarcelolopes\" \/>\n<meta property=\"article:published_time\" content=\"2026-04-17T10:00:06+00:00\" \/>\n<meta property=\"og:image\" content=\"https:\/\/marcelolopes.jor.br\/site\/wp-content\/uploads\/2026\/04\/real_moeda_dinheiro_mcajr_2904223669.jpg.webp\" \/>\n\t<meta property=\"og:image:width\" content=\"1170\" \/>\n\t<meta property=\"og:image:height\" content=\"700\" \/>\n\t<meta property=\"og:image:type\" content=\"image\/webp\" \/>\n<meta name=\"author\" content=\"Marcelo Lopes\" \/>\n<meta name=\"twitter:card\" content=\"summary_large_image\" \/>\n<meta name=\"twitter:label1\" content=\"Escrito por\" \/>\n\t<meta name=\"twitter:data1\" content=\"Marcelo Lopes\" \/>\n\t<meta name=\"twitter:label2\" content=\"Est. tempo de leitura\" \/>\n\t<meta name=\"twitter:data2\" content=\"2 minutos\" \/>\n<script type=\"application\/ld+json\" class=\"yoast-schema-graph\">{\"@context\":\"https:\\\/\\\/schema.org\",\"@graph\":[{\"@type\":\"NewsArticle\",\"@id\":\"https:\\\/\\\/marcelolopes.jor.br\\\/site\\\/2026\\\/04\\\/17\\\/abono-salarial-comeca-a-ser-pago-para-nascidos-em-marco-e-abril\\\/#article\",\"isPartOf\":{\"@id\":\"https:\\\/\\\/marcelolopes.jor.br\\\/site\\\/2026\\\/04\\\/17\\\/abono-salarial-comeca-a-ser-pago-para-nascidos-em-marco-e-abril\\\/\"},\"author\":{\"name\":\"Marcelo Lopes\",\"@id\":\"https:\\\/\\\/marcelolopes.jor.br\\\/site\\\/#\\\/schema\\\/person\\\/3e7216a35c34d8fdf952b31da3d1f89f\"},\"headline\":\"Abono salarial come\u00e7a a ser pago para nascidos em mar\u00e7o e abril\",\"datePublished\":\"2026-04-17T10:00:06+00:00\",\"mainEntityOfPage\":{\"@id\":\"https:\\\/\\\/marcelolopes.jor.br\\\/site\\\/2026\\\/04\\\/17\\\/abono-salarial-comeca-a-ser-pago-para-nascidos-em-marco-e-abril\\\/\"},\"wordCount\":457,\"commentCount\":0,\"publisher\":{\"@id\":\"https:\\\/\\\/marcelolopes.jor.br\\\/site\\\/#organization\"},\"image\":{\"@id\":\"https:\\\/\\\/marcelolopes.jor.br\\\/site\\\/2026\\\/04\\\/17\\\/abono-salarial-comeca-a-ser-pago-para-nascidos-em-marco-e-abril\\\/#primaryimage\"},\"thumbnailUrl\":\"https:\\\/\\\/marcelolopes.jor.br\\\/site\\\/wp-content\\\/uploads\\\/2026\\\/04\\\/real_moeda_dinheiro_mcajr_2904223669.jpg.webp\",\"articleSection\":[\"Not\u00edcias\"],\"inLanguage\":\"pt-BR\",\"potentialAction\":[{\"@type\":\"CommentAction\",\"name\":\"Comment\",\"target\":[\"https:\\\/\\\/marcelolopes.jor.br\\\/site\\\/2026\\\/04\\\/17\\\/abono-salarial-comeca-a-ser-pago-para-nascidos-em-marco-e-abril\\\/#respond\"]}]},{\"@type\":\"WebPage\",\"@id\":\"https:\\\/\\\/marcelolopes.jor.br\\\/site\\\/2026\\\/04\\\/17\\\/abono-salarial-comeca-a-ser-pago-para-nascidos-em-marco-e-abril\\\/\",\"url\":\"https:\\\/\\\/marcelolopes.jor.br\\\/site\\\/2026\\\/04\\\/17\\\/abono-salarial-comeca-a-ser-pago-para-nascidos-em-marco-e-abril\\\/\",\"name\":\"Abono salarial come\u00e7a a ser pago para nascidos em mar\u00e7o e abril | Marcelo Lopes\",\"isPartOf\":{\"@id\":\"https:\\\/\\\/marcelolopes.jor.br\\\/site\\\/#website\"},\"primaryImageOfPage\":{\"@id\":\"https:\\\/\\\/marcelolopes.jor.br\\\/site\\\/2026\\\/04\\\/17\\\/abono-salarial-comeca-a-ser-pago-para-nascidos-em-marco-e-abril\\\/#primaryimage\"},\"image\":{\"@id\":\"https:\\\/\\\/marcelolopes.jor.br\\\/site\\\/2026\\\/04\\\/17\\\/abono-salarial-comeca-a-ser-pago-para-nascidos-em-marco-e-abril\\\/#primaryimage\"},\"thumbnailUrl\":\"https:\\\/\\\/marcelolopes.jor.br\\\/site\\\/wp-content\\\/uploads\\\/2026\\\/04\\\/real_moeda_dinheiro_mcajr_2904223669.jpg.webp\",\"datePublished\":\"2026-04-17T10:00:06+00:00\",\"description\":\"Abono salarial come\u00e7a a ser pago para nascidos em mar\u00e7o e abril. Calend\u00e1rio de pagamento teve in\u00edcio em 16 de fevereiro deste ano.\",\"breadcrumb\":{\"@id\":\"https:\\\/\\\/marcelolopes.jor.br\\\/site\\\/2026\\\/04\\\/17\\\/abono-salarial-comeca-a-ser-pago-para-nascidos-em-marco-e-abril\\\/#breadcrumb\"},\"inLanguage\":\"pt-BR\",\"potentialAction\":[{\"@type\":\"ReadAction\",\"target\":[\"https:\\\/\\\/marcelolopes.jor.br\\\/site\\\/2026\\\/04\\\/17\\\/abono-salarial-comeca-a-ser-pago-para-nascidos-em-marco-e-abril\\\/\"]}]},{\"@type\":\"ImageObject\",\"inLanguage\":\"pt-BR\",\"@id\":\"https:\\\/\\\/marcelolopes.jor.br\\\/site\\\/2026\\\/04\\\/17\\\/abono-salarial-comeca-a-ser-pago-para-nascidos-em-marco-e-abril\\\/#primaryimage\",\"url\":\"https:\\\/\\\/marcelolopes.jor.br\\\/site\\\/wp-content\\\/uploads\\\/2026\\\/04\\\/real_moeda_dinheiro_mcajr_2904223669.jpg.webp\",\"contentUrl\":\"https:\\\/\\\/marcelolopes.jor.br\\\/site\\\/wp-content\\\/uploads\\\/2026\\\/04\\\/real_moeda_dinheiro_mcajr_2904223669.jpg.webp\",\"width\":1170,\"height\":700,\"caption\":\"Abono salarial come\u00e7a a\"},{\"@type\":\"BreadcrumbList\",\"@id\":\"https:\\\/\\\/marcelolopes.jor.br\\\/site\\\/2026\\\/04\\\/17\\\/abono-salarial-comeca-a-ser-pago-para-nascidos-em-marco-e-abril\\\/#breadcrumb\",\"itemListElement\":[{\"@type\":\"ListItem\",\"position\":1,\"name\":\"Home\",\"item\":\"https:\\\/\\\/marcelolopes.jor.br\\\/site\\\/\"},{\"@type\":\"ListItem\",\"position\":2,\"name\":\"Abono salarial come\u00e7a a ser pago para nascidos em mar\u00e7o e abril\"}]},{\"@type\":\"WebSite\",\"@id\":\"https:\\\/\\\/marcelolopes.jor.br\\\/site\\\/#website\",\"url\":\"https:\\\/\\\/marcelolopes.jor.br\\\/site\\\/\",\"name\":\"Marcelo Lopes\",\"description\":\"Not\u00edcias de Cataguases e Regi\u00e3o\",\"publisher\":{\"@id\":\"https:\\\/\\\/marcelolopes.jor.br\\\/site\\\/#organization\"},\"potentialAction\":[{\"@type\":\"SearchAction\",\"target\":{\"@type\":\"EntryPoint\",\"urlTemplate\":\"https:\\\/\\\/marcelolopes.jor.br\\\/site\\\/?s={search_term_string}\"},\"query-input\":{\"@type\":\"PropertyValueSpecification\",\"valueRequired\":true,\"valueName\":\"search_term_string\"}}],\"inLanguage\":\"pt-BR\"},{\"@type\":\"Organization\",\"@id\":\"https:\\\/\\\/marcelolopes.jor.br\\\/site\\\/#organization\",\"name\":\"Site do Marcelo Lopes\",\"url\":\"https:\\\/\\\/marcelolopes.jor.br\\\/site\\\/\",\"logo\":{\"@type\":\"ImageObject\",\"inLanguage\":\"pt-BR\",\"@id\":\"https:\\\/\\\/marcelolopes.jor.br\\\/site\\\/#\\\/schema\\\/logo\\\/image\\\/\",\"url\":\"https:\\\/\\\/marcelolopes.jor.br\\\/site\\\/wp-content\\\/uploads\\\/2024\\\/11\\\/logo-1.png\",\"contentUrl\":\"https:\\\/\\\/marcelolopes.jor.br\\\/site\\\/wp-content\\\/uploads\\\/2024\\\/11\\\/logo-1.png\",\"width\":475,\"height\":80,\"caption\":\"Site do Marcelo Lopes\"},\"image\":{\"@id\":\"https:\\\/\\\/marcelolopes.jor.br\\\/site\\\/#\\\/schema\\\/logo\\\/image\\\/\"},\"sameAs\":[\"https:\\\/\\\/www.facebook.com\\\/sitedomarcelolopes\",\"https:\\\/\\\/www.instagram.com\\\/sitedomarcelolopes\\\/\",\"https:\\\/\\\/www.linkedin.com\\\/company\\\/site-do-marcelo-lopes\\\/\",\"https:\\\/\\\/www.youtube.com\\\/user\\\/marcelolopes957\"]},{\"@type\":\"Person\",\"@id\":\"https:\\\/\\\/marcelolopes.jor.br\\\/site\\\/#\\\/schema\\\/person\\\/3e7216a35c34d8fdf952b31da3d1f89f\",\"name\":\"Marcelo Lopes\",\"sameAs\":[\"http:\\\/\\\/www.marcelolopes.jor.br\"],\"url\":\"https:\\\/\\\/marcelolopes.jor.br\\\/site\\\/author\\\/marcelo\\\/\"}]}<\/script>\n<!-- \/ Yoast SEO plugin. -->","yoast_head_json":{"title":"Abono salarial come\u00e7a a ser pago para nascidos em mar\u00e7o e abril | Marcelo Lopes","description":"Abono salarial come\u00e7a a ser pago para nascidos em mar\u00e7o e abril. Calend\u00e1rio de pagamento teve in\u00edcio em 16 de fevereiro deste ano.","robots":{"index":"index","follow":"follow","max-snippet":"max-snippet:-1","max-image-preview":"max-image-preview:large","max-video-preview":"max-video-preview:-1"},"canonical":"https:\/\/marcelolopes.jor.br\/site\/2026\/04\/17\/abono-salarial-comeca-a-ser-pago-para-nascidos-em-marco-e-abril\/","og_locale":"pt_BR","og_type":"article","og_title":"Abono salarial come\u00e7a a ser pago para nascidos em mar\u00e7o e abril | Marcelo Lopes","og_description":"Abono salarial come\u00e7a a ser pago para nascidos em mar\u00e7o e abril. Calend\u00e1rio de pagamento teve in\u00edcio em 16 de fevereiro deste ano.","og_url":"https:\/\/marcelolopes.jor.br\/site\/2026\/04\/17\/abono-salarial-comeca-a-ser-pago-para-nascidos-em-marco-e-abril\/","og_site_name":"Marcelo Lopes","article_publisher":"https:\/\/www.facebook.com\/sitedomarcelolopes","article_published_time":"2026-04-17T10:00:06+00:00","og_image":[{"width":1170,"height":700,"url":"https:\/\/marcelolopes.jor.br\/site\/wp-content\/uploads\/2026\/04\/real_moeda_dinheiro_mcajr_2904223669.jpg.webp","type":"image\/webp"}],"author":"Marcelo Lopes","twitter_card":"summary_large_image","twitter_misc":{"Escrito por":"Marcelo Lopes","Est. tempo de leitura":"2 minutos"},"schema":{"@context":"https:\/\/schema.org","@graph":[{"@type":"NewsArticle","@id":"https:\/\/marcelolopes.jor.br\/site\/2026\/04\/17\/abono-salarial-comeca-a-ser-pago-para-nascidos-em-marco-e-abril\/#article","isPartOf":{"@id":"https:\/\/marcelolopes.jor.br\/site\/2026\/04\/17\/abono-salarial-comeca-a-ser-pago-para-nascidos-em-marco-e-abril\/"},"author":{"name":"Marcelo Lopes","@id":"https:\/\/marcelolopes.jor.br\/site\/#\/schema\/person\/3e7216a35c34d8fdf952b31da3d1f89f"},"headline":"Abono salarial come\u00e7a a ser pago para nascidos em mar\u00e7o e abril","datePublished":"2026-04-17T10:00:06+00:00","mainEntityOfPage":{"@id":"https:\/\/marcelolopes.jor.br\/site\/2026\/04\/17\/abono-salarial-comeca-a-ser-pago-para-nascidos-em-marco-e-abril\/"},"wordCount":457,"commentCount":0,"publisher":{"@id":"https:\/\/marcelolopes.jor.br\/site\/#organization"},"image":{"@id":"https:\/\/marcelolopes.jor.br\/site\/2026\/04\/17\/abono-salarial-comeca-a-ser-pago-para-nascidos-em-marco-e-abril\/#primaryimage"},"thumbnailUrl":"https:\/\/marcelolopes.jor.br\/site\/wp-content\/uploads\/2026\/04\/real_moeda_dinheiro_mcajr_2904223669.jpg.webp","articleSection":["Not\u00edcias"],"inLanguage":"pt-BR","potentialAction":[{"@type":"CommentAction","name":"Comment","target":["https:\/\/marcelolopes.jor.br\/site\/2026\/04\/17\/abono-salarial-comeca-a-ser-pago-para-nascidos-em-marco-e-abril\/#respond"]}]},{"@type":"WebPage","@id":"https:\/\/marcelolopes.jor.br\/site\/2026\/04\/17\/abono-salarial-comeca-a-ser-pago-para-nascidos-em-marco-e-abril\/","url":"https:\/\/marcelolopes.jor.br\/site\/2026\/04\/17\/abono-salarial-comeca-a-ser-pago-para-nascidos-em-marco-e-abril\/","name":"Abono salarial come\u00e7a a ser pago para nascidos em mar\u00e7o e abril | Marcelo Lopes","isPartOf":{"@id":"https:\/\/marcelolopes.jor.br\/site\/#website"},"primaryImageOfPage":{"@id":"https:\/\/marcelolopes.jor.br\/site\/2026\/04\/17\/abono-salarial-comeca-a-ser-pago-para-nascidos-em-marco-e-abril\/#primaryimage"},"image":{"@id":"https:\/\/marcelolopes.jor.br\/site\/2026\/04\/17\/abono-salarial-comeca-a-ser-pago-para-nascidos-em-marco-e-abril\/#primaryimage"},"thumbnailUrl":"https:\/\/marcelolopes.jor.br\/site\/wp-content\/uploads\/2026\/04\/real_moeda_dinheiro_mcajr_2904223669.jpg.webp","datePublished":"2026-04-17T10:00:06+00:00","description":"Abono salarial come\u00e7a a ser pago para nascidos em mar\u00e7o e abril. Calend\u00e1rio de pagamento teve in\u00edcio em 16 de fevereiro deste ano.","breadcrumb":{"@id":"https:\/\/marcelolopes.jor.br\/site\/2026\/04\/17\/abono-salarial-comeca-a-ser-pago-para-nascidos-em-marco-e-abril\/#breadcrumb"},"inLanguage":"pt-BR","potentialAction":[{"@type":"ReadAction","target":["https:\/\/marcelolopes.jor.br\/site\/2026\/04\/17\/abono-salarial-comeca-a-ser-pago-para-nascidos-em-marco-e-abril\/"]}]},{"@type":"ImageObject","inLanguage":"pt-BR","@id":"https:\/\/marcelolopes.jor.br\/site\/2026\/04\/17\/abono-salarial-comeca-a-ser-pago-para-nascidos-em-marco-e-abril\/#primaryimage","url":"https:\/\/marcelolopes.jor.br\/site\/wp-content\/uploads\/2026\/04\/real_moeda_dinheiro_mcajr_2904223669.jpg.webp","contentUrl":"https:\/\/marcelolopes.jor.br\/site\/wp-content\/uploads\/2026\/04\/real_moeda_dinheiro_mcajr_2904223669.jpg.webp","width":1170,"height":700,"caption":"Abono salarial come\u00e7a a"},{"@type":"BreadcrumbList","@id":"https:\/\/marcelolopes.jor.br\/site\/2026\/04\/17\/abono-salarial-comeca-a-ser-pago-para-nascidos-em-marco-e-abril\/#breadcrumb","itemListElement":[{"@type":"ListItem","position":1,"name":"Home","item":"https:\/\/marcelolopes.jor.br\/site\/"},{"@type":"ListItem","position":2,"name":"Abono salarial come\u00e7a a ser pago para nascidos em mar\u00e7o e abril"}]},{"@type":"WebSite","@id":"https:\/\/marcelolopes.jor.br\/site\/#website","url":"https:\/\/marcelolopes.jor.br\/site\/","name":"Marcelo Lopes","description":"Not\u00edcias de Cataguases e Regi\u00e3o","publisher":{"@id":"https:\/\/marcelolopes.jor.br\/site\/#organization"},"potentialAction":[{"@type":"SearchAction","target":{"@type":"EntryPoint","urlTemplate":"https:\/\/marcelolopes.jor.br\/site\/?s={search_term_string}"},"query-input":{"@type":"PropertyValueSpecification","valueRequired":true,"valueName":"search_term_string"}}],"inLanguage":"pt-BR"},{"@type":"Organization","@id":"https:\/\/marcelolopes.jor.br\/site\/#organization","name":"Site do Marcelo Lopes","url":"https:\/\/marcelolopes.jor.br\/site\/","logo":{"@type":"ImageObject","inLanguage":"pt-BR","@id":"https:\/\/marcelolopes.jor.br\/site\/#\/schema\/logo\/image\/","url":"https:\/\/marcelolopes.jor.br\/site\/wp-content\/uploads\/2024\/11\/logo-1.png","contentUrl":"https:\/\/marcelolopes.jor.br\/site\/wp-content\/uploads\/2024\/11\/logo-1.png","width":475,"height":80,"caption":"Site do Marcelo Lopes"},"image":{"@id":"https:\/\/marcelolopes.jor.br\/site\/#\/schema\/logo\/image\/"},"sameAs":["https:\/\/www.facebook.com\/sitedomarcelolopes","https:\/\/www.instagram.com\/sitedomarcelolopes\/","https:\/\/www.linkedin.com\/company\/site-do-marcelo-lopes\/","https:\/\/www.youtube.com\/user\/marcelolopes957"]},{"@type":"Person","@id":"https:\/\/marcelolopes.jor.br\/site\/#\/schema\/person\/3e7216a35c34d8fdf952b31da3d1f89f","name":"Marcelo Lopes","sameAs":["http:\/\/www.marcelolopes.jor.br"],"url":"https:\/\/marcelolopes.jor.br\/site\/author\/marcelo\/"}]}},"wps_subtitle":"Calend\u00e1rio de pagamento teve in\u00edcio em 16 de fevereiro deste ano.","_links":{"self":[{"href":"https:\/\/marcelolopes.jor.br\/site\/wp-json\/wp\/v2\/posts\/65282","targetHints":{"allow":["GET"]}}],"collection":[{"href":"https:\/\/marcelolopes.jor.br\/site\/wp-json\/wp\/v2\/posts"}],"about":[{"href":"https:\/\/marcelolopes.jor.br\/site\/wp-json\/wp\/v2\/types\/post"}],"author":[{"embeddable":true,"href":"https:\/\/marcelolopes.jor.br\/site\/wp-json\/wp\/v2\/users\/2"}],"replies":[{"embeddable":true,"href":"https:\/\/marcelolopes.jor.br\/site\/wp-json\/wp\/v2\/comments?post=65282"}],"version-history":[{"count":2,"href":"https:\/\/marcelolopes.jor.br\/site\/wp-json\/wp\/v2\/posts\/65282\/revisions"}],"predecessor-version":[{"id":65285,"href":"https:\/\/marcelolopes.jor.br\/site\/wp-json\/wp\/v2\/posts\/65282\/revisions\/65285"}],"wp:featuredmedia":[{"embeddable":true,"href":"https:\/\/marcelolopes.jor.br\/site\/wp-json\/wp\/v2\/media\/65284"}],"wp:attachment":[{"href":"https:\/\/marcelolopes.jor.br\/site\/wp-json\/wp\/v2\/media?parent=65282"}],"wp:term":[{"taxonomy":"category","embeddable":true,"href":"https:\/\/marcelolopes.jor.br\/site\/wp-json\/wp\/v2\/categories?post=65282"},{"taxonomy":"post_tag","embeddable":true,"href":"https:\/\/marcelolopes.jor.br\/site\/wp-json\/wp\/v2\/tags?post=65282"}],"curies":[{"name":"wp","href":"https:\/\/api.w.org\/{rel}","templated":true}]}}