{"id":65278,"date":"2026-04-17T12:00:49","date_gmt":"2026-04-17T15:00:49","guid":{"rendered":"https:\/\/marcelolopes.jor.br\/site\/?p=65278"},"modified":"2026-04-16T20:21:12","modified_gmt":"2026-04-16T23:21:12","slug":"dupla-e-presa-com-granada-durante-operacao-da-pm-em-alem-paraiba","status":"publish","type":"post","link":"https:\/\/marcelolopes.jor.br\/site\/2026\/04\/17\/dupla-e-presa-com-granada-durante-operacao-da-pm-em-alem-paraiba\/","title":{"rendered":"Dupla \u00e9 presa com granada durante opera\u00e7\u00e3o da PM em Al\u00e9m Para\u00edba"},"content":{"rendered":"<p>Uma opera\u00e7\u00e3o da Pol\u00edcia Militar resultou na pris\u00e3o de dois homens e na apreens\u00e3o de arma de fogo, granada e grande quantidade de drogas no bairro Vila Caxias, em Al\u00e9m Para\u00edba.<!--more--><\/p>\n<h4 class=\"p1\"><span class=\"s1\">\ud83d\udcf8\u00a0<span style=\"color: #008000;\">Siga o Site do Marcelo Lopes no<\/span>\u00a0<span style=\"color: #800000;\"><a style=\"color: #800000;\" href=\"https:\/\/www.facebook.com\/sitedomarcelolopes\/\"><strong>Facebook<\/strong><\/a><\/span>\u00a0<span style=\"color: #008000;\">e no<\/span>\u00a0<span style=\"color: #800000;\"><strong><a style=\"color: #800000;\" href=\"https:\/\/www.instagram.com\/sitedomarcelolopes\/\">Instagram<\/a><\/strong><\/span><\/span><\/h4>\n<h4 class=\"p1\">\ud83d\udcf1<span style=\"color: #008000;\">Participe do grupo de<\/span>\u00a0<span style=\"color: #800000;\"><a style=\"color: #800000;\" href=\"https:\/\/chat.whatsapp.com\/BibzcI1ibYSKytbdyzubLA\"><strong>WhatsApp<\/strong><\/a><\/span> <span style=\"color: #008000;\">do Site do Marcelo Lopes<\/span><\/h4>\n<p>De acordo com a PM, as equipes desencadearam uma a\u00e7\u00e3o em pontos considerados suspeitos da regi\u00e3o. Durante a incurs\u00e3o, os militares localizaram os dois autores, de 28 e 23 anos, escondidos sob a vegeta\u00e7\u00e3o. Ao perceberem a presen\u00e7a policial, eles tentaram fugir, mas foram cercados, contidos e presos.<\/p>\n<p>Ainda segundo a pol\u00edcia, os suspeitos possuem antecedentes criminais. O homem de 28 anos tem registros por tr\u00e1fico de drogas e \u00e9 suspeito de envolvimento em homic\u00eddio. J\u00e1 o de 23 anos possui passagens por tr\u00e1fico.<\/p>\n<p>Com a dupla, os militares apreenderam uma pistola Glock calibre 9mm, 50 muni\u00e7\u00f5es do mesmo calibre, um carregador alongado 9mm, um carregador calibre .40 e um carregador com kit rajada. Tamb\u00e9m foram encontrados 13 pinos de coca\u00edna, 44 por\u00e7\u00f5es de skank, duas buchas de maconha, uma granada, al\u00e9m de tr\u00eas celulares, R$ 542 em dinheiro, uma balan\u00e7a de precis\u00e3o, um r\u00e1dio comunicador, um canivete, um coldre em pol\u00edmero e uma touca tipo balaclava.<\/p>\n<p>Os autores e todo o material apreendido foram encaminhados \u00e0 delegacia para as provid\u00eancias cab\u00edveis.<\/p>\n<p><strong>OUTRAS NOT\u00cdCIAS<\/strong><br \/>\n<a href=\"https:\/\/marcelolopes.jor.br\/site\/2026\/04\/08\/mpmg-realiza-operacao-cavalo-de-troia-em-laranjal-e-alem-paraiba\/\"><strong><span style=\"color: #800000;\">MPMG realiza opera\u00e7\u00e3o &#8220;Cavalo de Tr\u00f3ia&#8221; em Laranjal e Al\u00e9m Para\u00edba<\/span><\/strong><\/a><\/p>\n<p><a href=\"https:\/\/marcelolopes.jor.br\/site\/2026\/04\/04\/homem-e-preso-com-carga-de-r-1-milhao-em-rodovia-de-alem-paraiba\/\"><strong><span style=\"color: #800000;\">Homem \u00e9 preso com carga de R$ 1 milh\u00e3o em rodovia de Al\u00e9m Para\u00edba<\/span><\/strong><\/a><\/p>\n<p>Fonte e foto: PMMG &#8211; Divulga\u00e7\u00e3o<\/p>\n<div class=\"wgbne69f76487c71fd\" ><br><\/div><style type=\"text\/css\">\r\n@media screen and (min-width: 1201px) {\r\n.wgbne69f76487c71fd {\r\ndisplay: block;\r\n}\r\n}\r\n@media screen and (min-width: 993px) and (max-width: 1200px) {\r\n.wgbne69f76487c71fd {\r\ndisplay: block;\r\n}\r\n}\r\n@media screen and (min-width: 769px) and (max-width: 992px) {\r\n.wgbne69f76487c71fd {\r\ndisplay: block;\r\n}\r\n}\r\n@media screen and (min-width: 768px) and (max-width: 768px) {\r\n.wgbne69f76487c71fd {\r\ndisplay: block;\r\n}\r\n}\r\n@media screen and (max-width: 767px) {\r\n.wgbne69f76487c71fd {\r\ndisplay: block;\r\n}\r\n}\r\n<\/style>\r\n<div class=\"brjwo69f76487ccb0f\" ><div id=\"div_destino\"><\/div>\r\n<script src=\"https:\/\/cdn.snsrsv.com\/sdk.js\"><\/script>\r\n<script >\r\n      new sdk(\"464030C30061EA8BE065000000000001\") \r\n          .appendTo(\"div_destino\")\r\n          .disableStyle(true) \r\n          .setCacheBusterMacro(\"%%CACHEBUSTER%%\")\r\n          .setSize(\"800\",\"214\")\r\n          .setClickMacro(\"%%CLICK_URL_ESC%%\") \r\n          .setReferrerUrlMacro(\"%%REFERRER_URL_ESC%%\") \r\n          .start(); \r\n<\/script><\/div><style type=\"text\/css\">\r\n@media screen and (min-width: 1201px) {\r\n.brjwo69f76487ccb0f {\r\ndisplay: block;\r\n}\r\n}\r\n@media screen and (min-width: 993px) and (max-width: 1200px) {\r\n.brjwo69f76487ccb0f {\r\ndisplay: block;\r\n}\r\n}\r\n@media screen and (min-width: 769px) and (max-width: 992px) {\r\n.brjwo69f76487ccb0f {\r\ndisplay: block;\r\n}\r\n}\r\n@media screen and (min-width: 768px) and (max-width: 768px) {\r\n.brjwo69f76487ccb0f {\r\ndisplay: block;\r\n}\r\n}\r\n@media screen and (max-width: 767px) {\r\n.brjwo69f76487ccb0f {\r\ndisplay: block;\r\n}\r\n}\r\n<\/style>\r\n","protected":false},"excerpt":{"rendered":"<p>Uma opera\u00e7\u00e3o da Pol\u00edcia Militar resultou na pris\u00e3o de dois homens e na apreens\u00e3o de arma de fogo, granada e grande quantidade de drogas no bairro Vila Caxias, em Al\u00e9m Para\u00edba.<\/p>\n","protected":false},"author":2,"featured_media":65279,"comment_status":"open","ping_status":"closed","sticky":false,"template":"","format":"standard","meta":{"footnotes":""},"categories":[1],"tags":[],"class_list":["post-65278","post","type-post","status-publish","format-standard","has-post-thumbnail","hentry","category-noticias","thumb-below-title"],"yoast_head":"<!-- This site is optimized with the Yoast SEO plugin v27.4 - https:\/\/yoast.com\/product\/yoast-seo-wordpress\/ -->\n<title>Dupla \u00e9 presa com granada durante opera\u00e7\u00e3o da PM em Al\u00e9m<\/title>\n<meta name=\"description\" content=\"Dupla \u00e9 presa com granada durante opera\u00e7\u00e3o da PM em Al\u00e9m Para\u00edba. Tamb\u00e9m foram apreendidas armas e drogas no Bairro Vila Caxias.\" \/>\n<meta name=\"robots\" content=\"index, follow, max-snippet:-1, max-image-preview:large, max-video-preview:-1\" \/>\n<link rel=\"canonical\" href=\"https:\/\/marcelolopes.jor.br\/site\/2026\/04\/17\/dupla-e-presa-com-granada-durante-operacao-da-pm-em-alem-paraiba\/\" \/>\n<meta property=\"og:locale\" content=\"pt_BR\" \/>\n<meta property=\"og:type\" content=\"article\" \/>\n<meta property=\"og:title\" content=\"Dupla \u00e9 presa com granada durante opera\u00e7\u00e3o da PM em Al\u00e9m\" \/>\n<meta property=\"og:description\" content=\"Dupla \u00e9 presa com granada durante opera\u00e7\u00e3o da PM em Al\u00e9m Para\u00edba. Tamb\u00e9m foram apreendidas armas e drogas no Bairro Vila Caxias.\" \/>\n<meta property=\"og:url\" content=\"https:\/\/marcelolopes.jor.br\/site\/2026\/04\/17\/dupla-e-presa-com-granada-durante-operacao-da-pm-em-alem-paraiba\/\" \/>\n<meta property=\"og:site_name\" content=\"Marcelo Lopes\" \/>\n<meta property=\"article:publisher\" content=\"https:\/\/www.facebook.com\/sitedomarcelolopes\" \/>\n<meta property=\"article:published_time\" content=\"2026-04-17T15:00:49+00:00\" \/>\n<meta property=\"og:image\" content=\"https:\/\/marcelolopes.jor.br\/site\/wp-content\/uploads\/2026\/04\/drogas-1.jpeg\" \/>\n\t<meta property=\"og:image:width\" content=\"1600\" \/>\n\t<meta property=\"og:image:height\" content=\"1201\" \/>\n\t<meta property=\"og:image:type\" content=\"image\/jpeg\" \/>\n<meta name=\"author\" content=\"Marcelo Lopes\" \/>\n<meta name=\"twitter:card\" content=\"summary_large_image\" \/>\n<meta name=\"twitter:label1\" content=\"Escrito por\" \/>\n\t<meta name=\"twitter:data1\" content=\"Marcelo Lopes\" \/>\n\t<meta name=\"twitter:label2\" content=\"Est. tempo de leitura\" \/>\n\t<meta name=\"twitter:data2\" content=\"1 minuto\" \/>\n<script type=\"application\/ld+json\" class=\"yoast-schema-graph\">{\"@context\":\"https:\\\/\\\/schema.org\",\"@graph\":[{\"@type\":\"NewsArticle\",\"@id\":\"https:\\\/\\\/marcelolopes.jor.br\\\/site\\\/2026\\\/04\\\/17\\\/dupla-e-presa-com-granada-durante-operacao-da-pm-em-alem-paraiba\\\/#article\",\"isPartOf\":{\"@id\":\"https:\\\/\\\/marcelolopes.jor.br\\\/site\\\/2026\\\/04\\\/17\\\/dupla-e-presa-com-granada-durante-operacao-da-pm-em-alem-paraiba\\\/\"},\"author\":{\"name\":\"Marcelo Lopes\",\"@id\":\"https:\\\/\\\/marcelolopes.jor.br\\\/site\\\/#\\\/schema\\\/person\\\/3e7216a35c34d8fdf952b31da3d1f89f\"},\"headline\":\"Dupla \u00e9 presa com granada durante opera\u00e7\u00e3o da PM em Al\u00e9m Para\u00edba\",\"datePublished\":\"2026-04-17T15:00:49+00:00\",\"mainEntityOfPage\":{\"@id\":\"https:\\\/\\\/marcelolopes.jor.br\\\/site\\\/2026\\\/04\\\/17\\\/dupla-e-presa-com-granada-durante-operacao-da-pm-em-alem-paraiba\\\/\"},\"wordCount\":294,\"commentCount\":0,\"publisher\":{\"@id\":\"https:\\\/\\\/marcelolopes.jor.br\\\/site\\\/#organization\"},\"image\":{\"@id\":\"https:\\\/\\\/marcelolopes.jor.br\\\/site\\\/2026\\\/04\\\/17\\\/dupla-e-presa-com-granada-durante-operacao-da-pm-em-alem-paraiba\\\/#primaryimage\"},\"thumbnailUrl\":\"https:\\\/\\\/marcelolopes.jor.br\\\/site\\\/wp-content\\\/uploads\\\/2026\\\/04\\\/drogas-1.jpeg\",\"articleSection\":[\"Not\u00edcias\"],\"inLanguage\":\"pt-BR\",\"potentialAction\":[{\"@type\":\"CommentAction\",\"name\":\"Comment\",\"target\":[\"https:\\\/\\\/marcelolopes.jor.br\\\/site\\\/2026\\\/04\\\/17\\\/dupla-e-presa-com-granada-durante-operacao-da-pm-em-alem-paraiba\\\/#respond\"]}]},{\"@type\":\"WebPage\",\"@id\":\"https:\\\/\\\/marcelolopes.jor.br\\\/site\\\/2026\\\/04\\\/17\\\/dupla-e-presa-com-granada-durante-operacao-da-pm-em-alem-paraiba\\\/\",\"url\":\"https:\\\/\\\/marcelolopes.jor.br\\\/site\\\/2026\\\/04\\\/17\\\/dupla-e-presa-com-granada-durante-operacao-da-pm-em-alem-paraiba\\\/\",\"name\":\"Dupla \u00e9 presa com granada durante opera\u00e7\u00e3o da PM em Al\u00e9m\",\"isPartOf\":{\"@id\":\"https:\\\/\\\/marcelolopes.jor.br\\\/site\\\/#website\"},\"primaryImageOfPage\":{\"@id\":\"https:\\\/\\\/marcelolopes.jor.br\\\/site\\\/2026\\\/04\\\/17\\\/dupla-e-presa-com-granada-durante-operacao-da-pm-em-alem-paraiba\\\/#primaryimage\"},\"image\":{\"@id\":\"https:\\\/\\\/marcelolopes.jor.br\\\/site\\\/2026\\\/04\\\/17\\\/dupla-e-presa-com-granada-durante-operacao-da-pm-em-alem-paraiba\\\/#primaryimage\"},\"thumbnailUrl\":\"https:\\\/\\\/marcelolopes.jor.br\\\/site\\\/wp-content\\\/uploads\\\/2026\\\/04\\\/drogas-1.jpeg\",\"datePublished\":\"2026-04-17T15:00:49+00:00\",\"description\":\"Dupla \u00e9 presa com granada durante opera\u00e7\u00e3o da PM em Al\u00e9m Para\u00edba. Tamb\u00e9m foram apreendidas armas e drogas no Bairro Vila Caxias.\",\"breadcrumb\":{\"@id\":\"https:\\\/\\\/marcelolopes.jor.br\\\/site\\\/2026\\\/04\\\/17\\\/dupla-e-presa-com-granada-durante-operacao-da-pm-em-alem-paraiba\\\/#breadcrumb\"},\"inLanguage\":\"pt-BR\",\"potentialAction\":[{\"@type\":\"ReadAction\",\"target\":[\"https:\\\/\\\/marcelolopes.jor.br\\\/site\\\/2026\\\/04\\\/17\\\/dupla-e-presa-com-granada-durante-operacao-da-pm-em-alem-paraiba\\\/\"]}]},{\"@type\":\"ImageObject\",\"inLanguage\":\"pt-BR\",\"@id\":\"https:\\\/\\\/marcelolopes.jor.br\\\/site\\\/2026\\\/04\\\/17\\\/dupla-e-presa-com-granada-durante-operacao-da-pm-em-alem-paraiba\\\/#primaryimage\",\"url\":\"https:\\\/\\\/marcelolopes.jor.br\\\/site\\\/wp-content\\\/uploads\\\/2026\\\/04\\\/drogas-1.jpeg\",\"contentUrl\":\"https:\\\/\\\/marcelolopes.jor.br\\\/site\\\/wp-content\\\/uploads\\\/2026\\\/04\\\/drogas-1.jpeg\",\"width\":1600,\"height\":1201,\"caption\":\"Dupla \u00e9 presa com\"},{\"@type\":\"BreadcrumbList\",\"@id\":\"https:\\\/\\\/marcelolopes.jor.br\\\/site\\\/2026\\\/04\\\/17\\\/dupla-e-presa-com-granada-durante-operacao-da-pm-em-alem-paraiba\\\/#breadcrumb\",\"itemListElement\":[{\"@type\":\"ListItem\",\"position\":1,\"name\":\"Home\",\"item\":\"https:\\\/\\\/marcelolopes.jor.br\\\/site\\\/\"},{\"@type\":\"ListItem\",\"position\":2,\"name\":\"Dupla \u00e9 presa com granada durante opera\u00e7\u00e3o da PM em Al\u00e9m Para\u00edba\"}]},{\"@type\":\"WebSite\",\"@id\":\"https:\\\/\\\/marcelolopes.jor.br\\\/site\\\/#website\",\"url\":\"https:\\\/\\\/marcelolopes.jor.br\\\/site\\\/\",\"name\":\"Marcelo Lopes\",\"description\":\"Not\u00edcias de Cataguases e Regi\u00e3o\",\"publisher\":{\"@id\":\"https:\\\/\\\/marcelolopes.jor.br\\\/site\\\/#organization\"},\"potentialAction\":[{\"@type\":\"SearchAction\",\"target\":{\"@type\":\"EntryPoint\",\"urlTemplate\":\"https:\\\/\\\/marcelolopes.jor.br\\\/site\\\/?s={search_term_string}\"},\"query-input\":{\"@type\":\"PropertyValueSpecification\",\"valueRequired\":true,\"valueName\":\"search_term_string\"}}],\"inLanguage\":\"pt-BR\"},{\"@type\":\"Organization\",\"@id\":\"https:\\\/\\\/marcelolopes.jor.br\\\/site\\\/#organization\",\"name\":\"Site do Marcelo Lopes\",\"url\":\"https:\\\/\\\/marcelolopes.jor.br\\\/site\\\/\",\"logo\":{\"@type\":\"ImageObject\",\"inLanguage\":\"pt-BR\",\"@id\":\"https:\\\/\\\/marcelolopes.jor.br\\\/site\\\/#\\\/schema\\\/logo\\\/image\\\/\",\"url\":\"https:\\\/\\\/marcelolopes.jor.br\\\/site\\\/wp-content\\\/uploads\\\/2024\\\/11\\\/logo-1.png\",\"contentUrl\":\"https:\\\/\\\/marcelolopes.jor.br\\\/site\\\/wp-content\\\/uploads\\\/2024\\\/11\\\/logo-1.png\",\"width\":475,\"height\":80,\"caption\":\"Site do Marcelo Lopes\"},\"image\":{\"@id\":\"https:\\\/\\\/marcelolopes.jor.br\\\/site\\\/#\\\/schema\\\/logo\\\/image\\\/\"},\"sameAs\":[\"https:\\\/\\\/www.facebook.com\\\/sitedomarcelolopes\",\"https:\\\/\\\/www.instagram.com\\\/sitedomarcelolopes\\\/\",\"https:\\\/\\\/www.linkedin.com\\\/company\\\/site-do-marcelo-lopes\\\/\",\"https:\\\/\\\/www.youtube.com\\\/user\\\/marcelolopes957\"]},{\"@type\":\"Person\",\"@id\":\"https:\\\/\\\/marcelolopes.jor.br\\\/site\\\/#\\\/schema\\\/person\\\/3e7216a35c34d8fdf952b31da3d1f89f\",\"name\":\"Marcelo Lopes\",\"sameAs\":[\"http:\\\/\\\/www.marcelolopes.jor.br\"],\"url\":\"https:\\\/\\\/marcelolopes.jor.br\\\/site\\\/author\\\/marcelo\\\/\"}]}<\/script>\n<!-- \/ Yoast SEO plugin. -->","yoast_head_json":{"title":"Dupla \u00e9 presa com granada durante opera\u00e7\u00e3o da PM em Al\u00e9m","description":"Dupla \u00e9 presa com granada durante opera\u00e7\u00e3o da PM em Al\u00e9m Para\u00edba. Tamb\u00e9m foram apreendidas armas e drogas no Bairro Vila Caxias.","robots":{"index":"index","follow":"follow","max-snippet":"max-snippet:-1","max-image-preview":"max-image-preview:large","max-video-preview":"max-video-preview:-1"},"canonical":"https:\/\/marcelolopes.jor.br\/site\/2026\/04\/17\/dupla-e-presa-com-granada-durante-operacao-da-pm-em-alem-paraiba\/","og_locale":"pt_BR","og_type":"article","og_title":"Dupla \u00e9 presa com granada durante opera\u00e7\u00e3o da PM em Al\u00e9m","og_description":"Dupla \u00e9 presa com granada durante opera\u00e7\u00e3o da PM em Al\u00e9m Para\u00edba. Tamb\u00e9m foram apreendidas armas e drogas no Bairro Vila Caxias.","og_url":"https:\/\/marcelolopes.jor.br\/site\/2026\/04\/17\/dupla-e-presa-com-granada-durante-operacao-da-pm-em-alem-paraiba\/","og_site_name":"Marcelo Lopes","article_publisher":"https:\/\/www.facebook.com\/sitedomarcelolopes","article_published_time":"2026-04-17T15:00:49+00:00","og_image":[{"width":1600,"height":1201,"url":"https:\/\/marcelolopes.jor.br\/site\/wp-content\/uploads\/2026\/04\/drogas-1.jpeg","type":"image\/jpeg"}],"author":"Marcelo Lopes","twitter_card":"summary_large_image","twitter_misc":{"Escrito por":"Marcelo Lopes","Est. tempo de leitura":"1 minuto"},"schema":{"@context":"https:\/\/schema.org","@graph":[{"@type":"NewsArticle","@id":"https:\/\/marcelolopes.jor.br\/site\/2026\/04\/17\/dupla-e-presa-com-granada-durante-operacao-da-pm-em-alem-paraiba\/#article","isPartOf":{"@id":"https:\/\/marcelolopes.jor.br\/site\/2026\/04\/17\/dupla-e-presa-com-granada-durante-operacao-da-pm-em-alem-paraiba\/"},"author":{"name":"Marcelo Lopes","@id":"https:\/\/marcelolopes.jor.br\/site\/#\/schema\/person\/3e7216a35c34d8fdf952b31da3d1f89f"},"headline":"Dupla \u00e9 presa com granada durante opera\u00e7\u00e3o da PM em Al\u00e9m Para\u00edba","datePublished":"2026-04-17T15:00:49+00:00","mainEntityOfPage":{"@id":"https:\/\/marcelolopes.jor.br\/site\/2026\/04\/17\/dupla-e-presa-com-granada-durante-operacao-da-pm-em-alem-paraiba\/"},"wordCount":294,"commentCount":0,"publisher":{"@id":"https:\/\/marcelolopes.jor.br\/site\/#organization"},"image":{"@id":"https:\/\/marcelolopes.jor.br\/site\/2026\/04\/17\/dupla-e-presa-com-granada-durante-operacao-da-pm-em-alem-paraiba\/#primaryimage"},"thumbnailUrl":"https:\/\/marcelolopes.jor.br\/site\/wp-content\/uploads\/2026\/04\/drogas-1.jpeg","articleSection":["Not\u00edcias"],"inLanguage":"pt-BR","potentialAction":[{"@type":"CommentAction","name":"Comment","target":["https:\/\/marcelolopes.jor.br\/site\/2026\/04\/17\/dupla-e-presa-com-granada-durante-operacao-da-pm-em-alem-paraiba\/#respond"]}]},{"@type":"WebPage","@id":"https:\/\/marcelolopes.jor.br\/site\/2026\/04\/17\/dupla-e-presa-com-granada-durante-operacao-da-pm-em-alem-paraiba\/","url":"https:\/\/marcelolopes.jor.br\/site\/2026\/04\/17\/dupla-e-presa-com-granada-durante-operacao-da-pm-em-alem-paraiba\/","name":"Dupla \u00e9 presa com granada durante opera\u00e7\u00e3o da PM em Al\u00e9m","isPartOf":{"@id":"https:\/\/marcelolopes.jor.br\/site\/#website"},"primaryImageOfPage":{"@id":"https:\/\/marcelolopes.jor.br\/site\/2026\/04\/17\/dupla-e-presa-com-granada-durante-operacao-da-pm-em-alem-paraiba\/#primaryimage"},"image":{"@id":"https:\/\/marcelolopes.jor.br\/site\/2026\/04\/17\/dupla-e-presa-com-granada-durante-operacao-da-pm-em-alem-paraiba\/#primaryimage"},"thumbnailUrl":"https:\/\/marcelolopes.jor.br\/site\/wp-content\/uploads\/2026\/04\/drogas-1.jpeg","datePublished":"2026-04-17T15:00:49+00:00","description":"Dupla \u00e9 presa com granada durante opera\u00e7\u00e3o da PM em Al\u00e9m Para\u00edba. Tamb\u00e9m foram apreendidas armas e drogas no Bairro Vila Caxias.","breadcrumb":{"@id":"https:\/\/marcelolopes.jor.br\/site\/2026\/04\/17\/dupla-e-presa-com-granada-durante-operacao-da-pm-em-alem-paraiba\/#breadcrumb"},"inLanguage":"pt-BR","potentialAction":[{"@type":"ReadAction","target":["https:\/\/marcelolopes.jor.br\/site\/2026\/04\/17\/dupla-e-presa-com-granada-durante-operacao-da-pm-em-alem-paraiba\/"]}]},{"@type":"ImageObject","inLanguage":"pt-BR","@id":"https:\/\/marcelolopes.jor.br\/site\/2026\/04\/17\/dupla-e-presa-com-granada-durante-operacao-da-pm-em-alem-paraiba\/#primaryimage","url":"https:\/\/marcelolopes.jor.br\/site\/wp-content\/uploads\/2026\/04\/drogas-1.jpeg","contentUrl":"https:\/\/marcelolopes.jor.br\/site\/wp-content\/uploads\/2026\/04\/drogas-1.jpeg","width":1600,"height":1201,"caption":"Dupla \u00e9 presa com"},{"@type":"BreadcrumbList","@id":"https:\/\/marcelolopes.jor.br\/site\/2026\/04\/17\/dupla-e-presa-com-granada-durante-operacao-da-pm-em-alem-paraiba\/#breadcrumb","itemListElement":[{"@type":"ListItem","position":1,"name":"Home","item":"https:\/\/marcelolopes.jor.br\/site\/"},{"@type":"ListItem","position":2,"name":"Dupla \u00e9 presa com granada durante opera\u00e7\u00e3o da PM em Al\u00e9m Para\u00edba"}]},{"@type":"WebSite","@id":"https:\/\/marcelolopes.jor.br\/site\/#website","url":"https:\/\/marcelolopes.jor.br\/site\/","name":"Marcelo Lopes","description":"Not\u00edcias de Cataguases e Regi\u00e3o","publisher":{"@id":"https:\/\/marcelolopes.jor.br\/site\/#organization"},"potentialAction":[{"@type":"SearchAction","target":{"@type":"EntryPoint","urlTemplate":"https:\/\/marcelolopes.jor.br\/site\/?s={search_term_string}"},"query-input":{"@type":"PropertyValueSpecification","valueRequired":true,"valueName":"search_term_string"}}],"inLanguage":"pt-BR"},{"@type":"Organization","@id":"https:\/\/marcelolopes.jor.br\/site\/#organization","name":"Site do Marcelo Lopes","url":"https:\/\/marcelolopes.jor.br\/site\/","logo":{"@type":"ImageObject","inLanguage":"pt-BR","@id":"https:\/\/marcelolopes.jor.br\/site\/#\/schema\/logo\/image\/","url":"https:\/\/marcelolopes.jor.br\/site\/wp-content\/uploads\/2024\/11\/logo-1.png","contentUrl":"https:\/\/marcelolopes.jor.br\/site\/wp-content\/uploads\/2024\/11\/logo-1.png","width":475,"height":80,"caption":"Site do Marcelo Lopes"},"image":{"@id":"https:\/\/marcelolopes.jor.br\/site\/#\/schema\/logo\/image\/"},"sameAs":["https:\/\/www.facebook.com\/sitedomarcelolopes","https:\/\/www.instagram.com\/sitedomarcelolopes\/","https:\/\/www.linkedin.com\/company\/site-do-marcelo-lopes\/","https:\/\/www.youtube.com\/user\/marcelolopes957"]},{"@type":"Person","@id":"https:\/\/marcelolopes.jor.br\/site\/#\/schema\/person\/3e7216a35c34d8fdf952b31da3d1f89f","name":"Marcelo Lopes","sameAs":["http:\/\/www.marcelolopes.jor.br"],"url":"https:\/\/marcelolopes.jor.br\/site\/author\/marcelo\/"}]}},"wps_subtitle":"Tamb\u00e9m foram apreendidas armas e drogas no Bairro Vila Caxias.","_links":{"self":[{"href":"https:\/\/marcelolopes.jor.br\/site\/wp-json\/wp\/v2\/posts\/65278","targetHints":{"allow":["GET"]}}],"collection":[{"href":"https:\/\/marcelolopes.jor.br\/site\/wp-json\/wp\/v2\/posts"}],"about":[{"href":"https:\/\/marcelolopes.jor.br\/site\/wp-json\/wp\/v2\/types\/post"}],"author":[{"embeddable":true,"href":"https:\/\/marcelolopes.jor.br\/site\/wp-json\/wp\/v2\/users\/2"}],"replies":[{"embeddable":true,"href":"https:\/\/marcelolopes.jor.br\/site\/wp-json\/wp\/v2\/comments?post=65278"}],"version-history":[{"count":2,"href":"https:\/\/marcelolopes.jor.br\/site\/wp-json\/wp\/v2\/posts\/65278\/revisions"}],"predecessor-version":[{"id":65281,"href":"https:\/\/marcelolopes.jor.br\/site\/wp-json\/wp\/v2\/posts\/65278\/revisions\/65281"}],"wp:featuredmedia":[{"embeddable":true,"href":"https:\/\/marcelolopes.jor.br\/site\/wp-json\/wp\/v2\/media\/65279"}],"wp:attachment":[{"href":"https:\/\/marcelolopes.jor.br\/site\/wp-json\/wp\/v2\/media?parent=65278"}],"wp:term":[{"taxonomy":"category","embeddable":true,"href":"https:\/\/marcelolopes.jor.br\/site\/wp-json\/wp\/v2\/categories?post=65278"},{"taxonomy":"post_tag","embeddable":true,"href":"https:\/\/marcelolopes.jor.br\/site\/wp-json\/wp\/v2\/tags?post=65278"}],"curies":[{"name":"wp","href":"https:\/\/api.w.org\/{rel}","templated":true}]}}