{"id":65259,"date":"2026-04-16T16:00:51","date_gmt":"2026-04-16T19:00:51","guid":{"rendered":"https:\/\/marcelolopes.jor.br\/site\/?p=65259"},"modified":"2026-04-16T11:17:42","modified_gmt":"2026-04-16T14:17:42","slug":"idoso-e-agredido-e-mantido-em-carcere-privado-durante-roubo-em-leopoldina","status":"publish","type":"post","link":"https:\/\/marcelolopes.jor.br\/site\/2026\/04\/16\/idoso-e-agredido-e-mantido-em-carcere-privado-durante-roubo-em-leopoldina\/","title":{"rendered":"Idoso \u00e9 agredido e mantido em c\u00e1rcere privado durante roubo em Leopoldina"},"content":{"rendered":"<p>Um idoso de 71 anos foi v\u00edtima de roubo seguido de c\u00e1rcere privado na zona rural de Leopoldina, na noite desta quarta-feira, 15 de abril. O caso foi registrado por volta das 21h26 em uma propriedade localizada na Estrada da Boa Sorte.<!--more--><\/p>\n<h4 class=\"p1\"><span class=\"s1\">\ud83d\udcf8\u00a0<span style=\"color: #008000;\">Siga o Site do Marcelo Lopes no<\/span>\u00a0<span style=\"color: #800000;\"><a style=\"color: #800000;\" href=\"https:\/\/www.facebook.com\/sitedomarcelolopes\/\"><strong>Facebook<\/strong><\/a><\/span>\u00a0<span style=\"color: #008000;\">e no<\/span>\u00a0<span style=\"color: #800000;\"><strong><a style=\"color: #800000;\" href=\"https:\/\/www.instagram.com\/sitedomarcelolopes\/\">Instagram<\/a><\/strong><\/span><\/span><\/h4>\n<h4 class=\"p1\">\ud83d\udcf1<span style=\"color: #008000;\">Participe do grupo de<\/span>\u00a0<span style=\"color: #800000;\"><a style=\"color: #800000;\" href=\"https:\/\/chat.whatsapp.com\/BibzcI1ibYSKytbdyzubLA\"><strong>WhatsApp<\/strong><\/a><\/span> <span style=\"color: #008000;\">do Site do Marcelo Lopes<\/span><\/h4>\n<p>De acordo com as informa\u00e7\u00f5es da Guarda Civil Municipal, uma den\u00fancia por telefone levou a equipe at\u00e9 o local. L\u00e1, os guardas civis encontraram a v\u00edtima que lhes contou ter percebido um homem observando a propriedade desde aquela manh\u00e3. No final da tarde, ele aproveitou o momento em que o idoso foi at\u00e9 o galinheiro e invadiu a resid\u00eancia pelos fundos, armado com uma faca de aproximadamente 30 cent\u00edmetros de l\u00e2mina.<\/p>\n<p>Ainda segundo o relato, o autor anunciou o roubo e passou a amea\u00e7ar a v\u00edtima de morte, exigindo dinheiro e outros pertences. Em seguida, o idoso foi agredido com socos, chutes e empurr\u00f5es, sendo for\u00e7ado a entrar na casa. O criminoso trancou portas e port\u00f5es, mantendo a v\u00edtima em c\u00e1rcere privado enquanto exigia celular, cart\u00f5es banc\u00e1rios e as respectivas senhas.<\/p>\n<p>Ap\u00f3s as agress\u00f5es, o homem roubou um aparelho celular, um carregador, um cart\u00e3o de cr\u00e9dito e cerca de R$ 100 em dinheiro e fugiu do local, deixando o idoso trancado dentro da resid\u00eancia. A v\u00edtima conseguiu ser libertada posteriormente com a ajuda de familiares.<\/p>\n<p>Com estas informa\u00e7\u00f5es as equipes fizeram rastreamentos e conseguiram localizar o suspeito na casa de sua companheira. Ele foi chamado para fora do im\u00f3vel, abordado e preso em flagrante. Durante a a\u00e7\u00e3o, ele informou que os materiais roubados estavam dentro da resid\u00eancia, sendo a entrada autorizada pela moradora. Os itens foram recuperados pelos agentes.<\/p>\n<p><strong>OUTRAS NOT\u00cdCIAS<\/strong><br \/>\n<a href=\"https:\/\/marcelolopes.jor.br\/site\/2026\/04\/16\/homem-e-preso-e-pm-apreende-fuzil-durante-operacao-em-leopoldina\/\"><strong><span style=\"color: #800000;\">Homem \u00e9 preso e PM apreende fuzil durante opera\u00e7\u00e3o em Leopoldina<\/span><\/strong><\/a><\/p>\n<p><a href=\"https:\/\/marcelolopes.jor.br\/site\/2026\/04\/12\/policia-militar-apreende-veiculo-com-carga-saqueada-em-leopoldina\/\"><strong><span style=\"color: #800000;\">Pol\u00edcia Militar apreende ve\u00edculo com carga saqueada em Leopoldina<\/span><\/strong><\/a><\/p>\n<p>Fonte e foto: PMMG &#8211; Divulga\u00e7\u00e3o | Texto: R\u00e1dio Muria\u00e9<\/p>\n<div class=\"hppzr69f76327799a0\" ><br><\/div><style type=\"text\/css\">\r\n@media screen and (min-width: 1201px) {\r\n.hppzr69f76327799a0 {\r\ndisplay: block;\r\n}\r\n}\r\n@media screen and (min-width: 993px) and (max-width: 1200px) {\r\n.hppzr69f76327799a0 {\r\ndisplay: block;\r\n}\r\n}\r\n@media screen and (min-width: 769px) and (max-width: 992px) {\r\n.hppzr69f76327799a0 {\r\ndisplay: block;\r\n}\r\n}\r\n@media screen and (min-width: 768px) and (max-width: 768px) {\r\n.hppzr69f76327799a0 {\r\ndisplay: block;\r\n}\r\n}\r\n@media screen and (max-width: 767px) {\r\n.hppzr69f76327799a0 {\r\ndisplay: block;\r\n}\r\n}\r\n<\/style>\r\n<div class=\"knuxg69f763277f610\" ><div id=\"div_destino\"><\/div>\r\n<script src=\"https:\/\/cdn.snsrsv.com\/sdk.js\"><\/script>\r\n<script >\r\n      new sdk(\"464030C30061EA8BE065000000000001\") \r\n          .appendTo(\"div_destino\")\r\n          .disableStyle(true) \r\n          .setCacheBusterMacro(\"%%CACHEBUSTER%%\")\r\n          .setSize(\"800\",\"214\")\r\n          .setClickMacro(\"%%CLICK_URL_ESC%%\") \r\n          .setReferrerUrlMacro(\"%%REFERRER_URL_ESC%%\") \r\n          .start(); \r\n<\/script><\/div><style type=\"text\/css\">\r\n@media screen and (min-width: 1201px) {\r\n.knuxg69f763277f610 {\r\ndisplay: block;\r\n}\r\n}\r\n@media screen and (min-width: 993px) and (max-width: 1200px) {\r\n.knuxg69f763277f610 {\r\ndisplay: block;\r\n}\r\n}\r\n@media screen and (min-width: 769px) and (max-width: 992px) {\r\n.knuxg69f763277f610 {\r\ndisplay: block;\r\n}\r\n}\r\n@media screen and (min-width: 768px) and (max-width: 768px) {\r\n.knuxg69f763277f610 {\r\ndisplay: block;\r\n}\r\n}\r\n@media screen and (max-width: 767px) {\r\n.knuxg69f763277f610 {\r\ndisplay: block;\r\n}\r\n}\r\n<\/style>\r\n","protected":false},"excerpt":{"rendered":"<p>Um idoso de 71 anos foi v\u00edtima de roubo seguido de c\u00e1rcere privado na zona rural de Leopoldina, na noite desta quarta-feira, 15 de abril. O caso foi registrado por volta das 21h26 em uma propriedade localizada na Estrada da<\/p>\n<p class=\"link-more\"><a class=\"more-link\" href=\"https:\/\/marcelolopes.jor.br\/site\/2026\/04\/16\/idoso-e-agredido-e-mantido-em-carcere-privado-durante-roubo-em-leopoldina\/\">Leia mais <span class=\"screen-reader-text\">Idoso \u00e9 agredido e mantido em c\u00e1rcere privado durante roubo em Leopoldina<\/span><\/a><\/p>\n","protected":false},"author":2,"featured_media":65261,"comment_status":"open","ping_status":"closed","sticky":false,"template":"","format":"standard","meta":{"footnotes":""},"categories":[1],"tags":[],"class_list":["post-65259","post","type-post","status-publish","format-standard","has-post-thumbnail","hentry","category-noticias","thumb-below-title"],"yoast_head":"<!-- This site is optimized with the Yoast SEO plugin v27.4 - https:\/\/yoast.com\/product\/yoast-seo-wordpress\/ -->\n<title>Idoso \u00e9 agredido e mantido em c\u00e1rcere privado durante roubo em<\/title>\n<meta name=\"description\" content=\"Idoso \u00e9 agredido e mantido em c\u00e1rcere privado durante roubo em Leopoldina. Caso aconteceu na zona rural daquele munic\u00edpio. Autor foi preso...\" \/>\n<meta name=\"robots\" content=\"index, follow, max-snippet:-1, max-image-preview:large, max-video-preview:-1\" \/>\n<link rel=\"canonical\" href=\"https:\/\/marcelolopes.jor.br\/site\/2026\/04\/16\/idoso-e-agredido-e-mantido-em-carcere-privado-durante-roubo-em-leopoldina\/\" \/>\n<meta property=\"og:locale\" content=\"pt_BR\" \/>\n<meta property=\"og:type\" content=\"article\" \/>\n<meta property=\"og:title\" content=\"Idoso \u00e9 agredido e mantido em c\u00e1rcere privado durante roubo em\" \/>\n<meta property=\"og:description\" content=\"Idoso \u00e9 agredido e mantido em c\u00e1rcere privado durante roubo em Leopoldina. Caso aconteceu na zona rural daquele munic\u00edpio. Autor foi preso...\" \/>\n<meta property=\"og:url\" content=\"https:\/\/marcelolopes.jor.br\/site\/2026\/04\/16\/idoso-e-agredido-e-mantido-em-carcere-privado-durante-roubo-em-leopoldina\/\" \/>\n<meta property=\"og:site_name\" content=\"Marcelo Lopes\" \/>\n<meta property=\"article:publisher\" content=\"https:\/\/www.facebook.com\/sitedomarcelolopes\" \/>\n<meta property=\"article:published_time\" content=\"2026-04-16T19:00:51+00:00\" \/>\n<meta property=\"og:image\" content=\"https:\/\/marcelolopes.jor.br\/site\/wp-content\/uploads\/2026\/04\/05-3.jpeg\" \/>\n\t<meta property=\"og:image:width\" content=\"750\" \/>\n\t<meta property=\"og:image:height\" content=\"500\" \/>\n\t<meta property=\"og:image:type\" content=\"image\/jpeg\" \/>\n<meta name=\"author\" content=\"Marcelo Lopes\" \/>\n<meta name=\"twitter:card\" content=\"summary_large_image\" \/>\n<meta name=\"twitter:label1\" content=\"Escrito por\" \/>\n\t<meta name=\"twitter:data1\" content=\"Marcelo Lopes\" \/>\n\t<meta name=\"twitter:label2\" content=\"Est. tempo de leitura\" \/>\n\t<meta name=\"twitter:data2\" content=\"2 minutos\" \/>\n<script type=\"application\/ld+json\" class=\"yoast-schema-graph\">{\"@context\":\"https:\\\/\\\/schema.org\",\"@graph\":[{\"@type\":\"NewsArticle\",\"@id\":\"https:\\\/\\\/marcelolopes.jor.br\\\/site\\\/2026\\\/04\\\/16\\\/idoso-e-agredido-e-mantido-em-carcere-privado-durante-roubo-em-leopoldina\\\/#article\",\"isPartOf\":{\"@id\":\"https:\\\/\\\/marcelolopes.jor.br\\\/site\\\/2026\\\/04\\\/16\\\/idoso-e-agredido-e-mantido-em-carcere-privado-durante-roubo-em-leopoldina\\\/\"},\"author\":{\"name\":\"Marcelo Lopes\",\"@id\":\"https:\\\/\\\/marcelolopes.jor.br\\\/site\\\/#\\\/schema\\\/person\\\/3e7216a35c34d8fdf952b31da3d1f89f\"},\"headline\":\"Idoso \u00e9 agredido e mantido em c\u00e1rcere privado durante roubo em Leopoldina\",\"datePublished\":\"2026-04-16T19:00:51+00:00\",\"mainEntityOfPage\":{\"@id\":\"https:\\\/\\\/marcelolopes.jor.br\\\/site\\\/2026\\\/04\\\/16\\\/idoso-e-agredido-e-mantido-em-carcere-privado-durante-roubo-em-leopoldina\\\/\"},\"wordCount\":363,\"commentCount\":0,\"publisher\":{\"@id\":\"https:\\\/\\\/marcelolopes.jor.br\\\/site\\\/#organization\"},\"image\":{\"@id\":\"https:\\\/\\\/marcelolopes.jor.br\\\/site\\\/2026\\\/04\\\/16\\\/idoso-e-agredido-e-mantido-em-carcere-privado-durante-roubo-em-leopoldina\\\/#primaryimage\"},\"thumbnailUrl\":\"https:\\\/\\\/marcelolopes.jor.br\\\/site\\\/wp-content\\\/uploads\\\/2026\\\/04\\\/05-3.jpeg\",\"articleSection\":[\"Not\u00edcias\"],\"inLanguage\":\"pt-BR\",\"potentialAction\":[{\"@type\":\"CommentAction\",\"name\":\"Comment\",\"target\":[\"https:\\\/\\\/marcelolopes.jor.br\\\/site\\\/2026\\\/04\\\/16\\\/idoso-e-agredido-e-mantido-em-carcere-privado-durante-roubo-em-leopoldina\\\/#respond\"]}]},{\"@type\":\"WebPage\",\"@id\":\"https:\\\/\\\/marcelolopes.jor.br\\\/site\\\/2026\\\/04\\\/16\\\/idoso-e-agredido-e-mantido-em-carcere-privado-durante-roubo-em-leopoldina\\\/\",\"url\":\"https:\\\/\\\/marcelolopes.jor.br\\\/site\\\/2026\\\/04\\\/16\\\/idoso-e-agredido-e-mantido-em-carcere-privado-durante-roubo-em-leopoldina\\\/\",\"name\":\"Idoso \u00e9 agredido e mantido em c\u00e1rcere privado durante roubo em\",\"isPartOf\":{\"@id\":\"https:\\\/\\\/marcelolopes.jor.br\\\/site\\\/#website\"},\"primaryImageOfPage\":{\"@id\":\"https:\\\/\\\/marcelolopes.jor.br\\\/site\\\/2026\\\/04\\\/16\\\/idoso-e-agredido-e-mantido-em-carcere-privado-durante-roubo-em-leopoldina\\\/#primaryimage\"},\"image\":{\"@id\":\"https:\\\/\\\/marcelolopes.jor.br\\\/site\\\/2026\\\/04\\\/16\\\/idoso-e-agredido-e-mantido-em-carcere-privado-durante-roubo-em-leopoldina\\\/#primaryimage\"},\"thumbnailUrl\":\"https:\\\/\\\/marcelolopes.jor.br\\\/site\\\/wp-content\\\/uploads\\\/2026\\\/04\\\/05-3.jpeg\",\"datePublished\":\"2026-04-16T19:00:51+00:00\",\"description\":\"Idoso \u00e9 agredido e mantido em c\u00e1rcere privado durante roubo em Leopoldina. Caso aconteceu na zona rural daquele munic\u00edpio. Autor foi preso...\",\"breadcrumb\":{\"@id\":\"https:\\\/\\\/marcelolopes.jor.br\\\/site\\\/2026\\\/04\\\/16\\\/idoso-e-agredido-e-mantido-em-carcere-privado-durante-roubo-em-leopoldina\\\/#breadcrumb\"},\"inLanguage\":\"pt-BR\",\"potentialAction\":[{\"@type\":\"ReadAction\",\"target\":[\"https:\\\/\\\/marcelolopes.jor.br\\\/site\\\/2026\\\/04\\\/16\\\/idoso-e-agredido-e-mantido-em-carcere-privado-durante-roubo-em-leopoldina\\\/\"]}]},{\"@type\":\"ImageObject\",\"inLanguage\":\"pt-BR\",\"@id\":\"https:\\\/\\\/marcelolopes.jor.br\\\/site\\\/2026\\\/04\\\/16\\\/idoso-e-agredido-e-mantido-em-carcere-privado-durante-roubo-em-leopoldina\\\/#primaryimage\",\"url\":\"https:\\\/\\\/marcelolopes.jor.br\\\/site\\\/wp-content\\\/uploads\\\/2026\\\/04\\\/05-3.jpeg\",\"contentUrl\":\"https:\\\/\\\/marcelolopes.jor.br\\\/site\\\/wp-content\\\/uploads\\\/2026\\\/04\\\/05-3.jpeg\",\"width\":750,\"height\":500,\"caption\":\"Idoso \u00e9 agredido e\"},{\"@type\":\"BreadcrumbList\",\"@id\":\"https:\\\/\\\/marcelolopes.jor.br\\\/site\\\/2026\\\/04\\\/16\\\/idoso-e-agredido-e-mantido-em-carcere-privado-durante-roubo-em-leopoldina\\\/#breadcrumb\",\"itemListElement\":[{\"@type\":\"ListItem\",\"position\":1,\"name\":\"Home\",\"item\":\"https:\\\/\\\/marcelolopes.jor.br\\\/site\\\/\"},{\"@type\":\"ListItem\",\"position\":2,\"name\":\"Idoso \u00e9 agredido e mantido em c\u00e1rcere privado durante roubo em Leopoldina\"}]},{\"@type\":\"WebSite\",\"@id\":\"https:\\\/\\\/marcelolopes.jor.br\\\/site\\\/#website\",\"url\":\"https:\\\/\\\/marcelolopes.jor.br\\\/site\\\/\",\"name\":\"Marcelo Lopes\",\"description\":\"Not\u00edcias de Cataguases e Regi\u00e3o\",\"publisher\":{\"@id\":\"https:\\\/\\\/marcelolopes.jor.br\\\/site\\\/#organization\"},\"potentialAction\":[{\"@type\":\"SearchAction\",\"target\":{\"@type\":\"EntryPoint\",\"urlTemplate\":\"https:\\\/\\\/marcelolopes.jor.br\\\/site\\\/?s={search_term_string}\"},\"query-input\":{\"@type\":\"PropertyValueSpecification\",\"valueRequired\":true,\"valueName\":\"search_term_string\"}}],\"inLanguage\":\"pt-BR\"},{\"@type\":\"Organization\",\"@id\":\"https:\\\/\\\/marcelolopes.jor.br\\\/site\\\/#organization\",\"name\":\"Site do Marcelo Lopes\",\"url\":\"https:\\\/\\\/marcelolopes.jor.br\\\/site\\\/\",\"logo\":{\"@type\":\"ImageObject\",\"inLanguage\":\"pt-BR\",\"@id\":\"https:\\\/\\\/marcelolopes.jor.br\\\/site\\\/#\\\/schema\\\/logo\\\/image\\\/\",\"url\":\"https:\\\/\\\/marcelolopes.jor.br\\\/site\\\/wp-content\\\/uploads\\\/2024\\\/11\\\/logo-1.png\",\"contentUrl\":\"https:\\\/\\\/marcelolopes.jor.br\\\/site\\\/wp-content\\\/uploads\\\/2024\\\/11\\\/logo-1.png\",\"width\":475,\"height\":80,\"caption\":\"Site do Marcelo Lopes\"},\"image\":{\"@id\":\"https:\\\/\\\/marcelolopes.jor.br\\\/site\\\/#\\\/schema\\\/logo\\\/image\\\/\"},\"sameAs\":[\"https:\\\/\\\/www.facebook.com\\\/sitedomarcelolopes\",\"https:\\\/\\\/www.instagram.com\\\/sitedomarcelolopes\\\/\",\"https:\\\/\\\/www.linkedin.com\\\/company\\\/site-do-marcelo-lopes\\\/\",\"https:\\\/\\\/www.youtube.com\\\/user\\\/marcelolopes957\"]},{\"@type\":\"Person\",\"@id\":\"https:\\\/\\\/marcelolopes.jor.br\\\/site\\\/#\\\/schema\\\/person\\\/3e7216a35c34d8fdf952b31da3d1f89f\",\"name\":\"Marcelo Lopes\",\"sameAs\":[\"http:\\\/\\\/www.marcelolopes.jor.br\"],\"url\":\"https:\\\/\\\/marcelolopes.jor.br\\\/site\\\/author\\\/marcelo\\\/\"}]}<\/script>\n<!-- \/ Yoast SEO plugin. -->","yoast_head_json":{"title":"Idoso \u00e9 agredido e mantido em c\u00e1rcere privado durante roubo em","description":"Idoso \u00e9 agredido e mantido em c\u00e1rcere privado durante roubo em Leopoldina. Caso aconteceu na zona rural daquele munic\u00edpio. Autor foi preso...","robots":{"index":"index","follow":"follow","max-snippet":"max-snippet:-1","max-image-preview":"max-image-preview:large","max-video-preview":"max-video-preview:-1"},"canonical":"https:\/\/marcelolopes.jor.br\/site\/2026\/04\/16\/idoso-e-agredido-e-mantido-em-carcere-privado-durante-roubo-em-leopoldina\/","og_locale":"pt_BR","og_type":"article","og_title":"Idoso \u00e9 agredido e mantido em c\u00e1rcere privado durante roubo em","og_description":"Idoso \u00e9 agredido e mantido em c\u00e1rcere privado durante roubo em Leopoldina. Caso aconteceu na zona rural daquele munic\u00edpio. Autor foi preso...","og_url":"https:\/\/marcelolopes.jor.br\/site\/2026\/04\/16\/idoso-e-agredido-e-mantido-em-carcere-privado-durante-roubo-em-leopoldina\/","og_site_name":"Marcelo Lopes","article_publisher":"https:\/\/www.facebook.com\/sitedomarcelolopes","article_published_time":"2026-04-16T19:00:51+00:00","og_image":[{"width":750,"height":500,"url":"https:\/\/marcelolopes.jor.br\/site\/wp-content\/uploads\/2026\/04\/05-3.jpeg","type":"image\/jpeg"}],"author":"Marcelo Lopes","twitter_card":"summary_large_image","twitter_misc":{"Escrito por":"Marcelo Lopes","Est. tempo de leitura":"2 minutos"},"schema":{"@context":"https:\/\/schema.org","@graph":[{"@type":"NewsArticle","@id":"https:\/\/marcelolopes.jor.br\/site\/2026\/04\/16\/idoso-e-agredido-e-mantido-em-carcere-privado-durante-roubo-em-leopoldina\/#article","isPartOf":{"@id":"https:\/\/marcelolopes.jor.br\/site\/2026\/04\/16\/idoso-e-agredido-e-mantido-em-carcere-privado-durante-roubo-em-leopoldina\/"},"author":{"name":"Marcelo Lopes","@id":"https:\/\/marcelolopes.jor.br\/site\/#\/schema\/person\/3e7216a35c34d8fdf952b31da3d1f89f"},"headline":"Idoso \u00e9 agredido e mantido em c\u00e1rcere privado durante roubo em Leopoldina","datePublished":"2026-04-16T19:00:51+00:00","mainEntityOfPage":{"@id":"https:\/\/marcelolopes.jor.br\/site\/2026\/04\/16\/idoso-e-agredido-e-mantido-em-carcere-privado-durante-roubo-em-leopoldina\/"},"wordCount":363,"commentCount":0,"publisher":{"@id":"https:\/\/marcelolopes.jor.br\/site\/#organization"},"image":{"@id":"https:\/\/marcelolopes.jor.br\/site\/2026\/04\/16\/idoso-e-agredido-e-mantido-em-carcere-privado-durante-roubo-em-leopoldina\/#primaryimage"},"thumbnailUrl":"https:\/\/marcelolopes.jor.br\/site\/wp-content\/uploads\/2026\/04\/05-3.jpeg","articleSection":["Not\u00edcias"],"inLanguage":"pt-BR","potentialAction":[{"@type":"CommentAction","name":"Comment","target":["https:\/\/marcelolopes.jor.br\/site\/2026\/04\/16\/idoso-e-agredido-e-mantido-em-carcere-privado-durante-roubo-em-leopoldina\/#respond"]}]},{"@type":"WebPage","@id":"https:\/\/marcelolopes.jor.br\/site\/2026\/04\/16\/idoso-e-agredido-e-mantido-em-carcere-privado-durante-roubo-em-leopoldina\/","url":"https:\/\/marcelolopes.jor.br\/site\/2026\/04\/16\/idoso-e-agredido-e-mantido-em-carcere-privado-durante-roubo-em-leopoldina\/","name":"Idoso \u00e9 agredido e mantido em c\u00e1rcere privado durante roubo em","isPartOf":{"@id":"https:\/\/marcelolopes.jor.br\/site\/#website"},"primaryImageOfPage":{"@id":"https:\/\/marcelolopes.jor.br\/site\/2026\/04\/16\/idoso-e-agredido-e-mantido-em-carcere-privado-durante-roubo-em-leopoldina\/#primaryimage"},"image":{"@id":"https:\/\/marcelolopes.jor.br\/site\/2026\/04\/16\/idoso-e-agredido-e-mantido-em-carcere-privado-durante-roubo-em-leopoldina\/#primaryimage"},"thumbnailUrl":"https:\/\/marcelolopes.jor.br\/site\/wp-content\/uploads\/2026\/04\/05-3.jpeg","datePublished":"2026-04-16T19:00:51+00:00","description":"Idoso \u00e9 agredido e mantido em c\u00e1rcere privado durante roubo em Leopoldina. Caso aconteceu na zona rural daquele munic\u00edpio. Autor foi preso...","breadcrumb":{"@id":"https:\/\/marcelolopes.jor.br\/site\/2026\/04\/16\/idoso-e-agredido-e-mantido-em-carcere-privado-durante-roubo-em-leopoldina\/#breadcrumb"},"inLanguage":"pt-BR","potentialAction":[{"@type":"ReadAction","target":["https:\/\/marcelolopes.jor.br\/site\/2026\/04\/16\/idoso-e-agredido-e-mantido-em-carcere-privado-durante-roubo-em-leopoldina\/"]}]},{"@type":"ImageObject","inLanguage":"pt-BR","@id":"https:\/\/marcelolopes.jor.br\/site\/2026\/04\/16\/idoso-e-agredido-e-mantido-em-carcere-privado-durante-roubo-em-leopoldina\/#primaryimage","url":"https:\/\/marcelolopes.jor.br\/site\/wp-content\/uploads\/2026\/04\/05-3.jpeg","contentUrl":"https:\/\/marcelolopes.jor.br\/site\/wp-content\/uploads\/2026\/04\/05-3.jpeg","width":750,"height":500,"caption":"Idoso \u00e9 agredido e"},{"@type":"BreadcrumbList","@id":"https:\/\/marcelolopes.jor.br\/site\/2026\/04\/16\/idoso-e-agredido-e-mantido-em-carcere-privado-durante-roubo-em-leopoldina\/#breadcrumb","itemListElement":[{"@type":"ListItem","position":1,"name":"Home","item":"https:\/\/marcelolopes.jor.br\/site\/"},{"@type":"ListItem","position":2,"name":"Idoso \u00e9 agredido e mantido em c\u00e1rcere privado durante roubo em Leopoldina"}]},{"@type":"WebSite","@id":"https:\/\/marcelolopes.jor.br\/site\/#website","url":"https:\/\/marcelolopes.jor.br\/site\/","name":"Marcelo Lopes","description":"Not\u00edcias de Cataguases e Regi\u00e3o","publisher":{"@id":"https:\/\/marcelolopes.jor.br\/site\/#organization"},"potentialAction":[{"@type":"SearchAction","target":{"@type":"EntryPoint","urlTemplate":"https:\/\/marcelolopes.jor.br\/site\/?s={search_term_string}"},"query-input":{"@type":"PropertyValueSpecification","valueRequired":true,"valueName":"search_term_string"}}],"inLanguage":"pt-BR"},{"@type":"Organization","@id":"https:\/\/marcelolopes.jor.br\/site\/#organization","name":"Site do Marcelo Lopes","url":"https:\/\/marcelolopes.jor.br\/site\/","logo":{"@type":"ImageObject","inLanguage":"pt-BR","@id":"https:\/\/marcelolopes.jor.br\/site\/#\/schema\/logo\/image\/","url":"https:\/\/marcelolopes.jor.br\/site\/wp-content\/uploads\/2024\/11\/logo-1.png","contentUrl":"https:\/\/marcelolopes.jor.br\/site\/wp-content\/uploads\/2024\/11\/logo-1.png","width":475,"height":80,"caption":"Site do Marcelo Lopes"},"image":{"@id":"https:\/\/marcelolopes.jor.br\/site\/#\/schema\/logo\/image\/"},"sameAs":["https:\/\/www.facebook.com\/sitedomarcelolopes","https:\/\/www.instagram.com\/sitedomarcelolopes\/","https:\/\/www.linkedin.com\/company\/site-do-marcelo-lopes\/","https:\/\/www.youtube.com\/user\/marcelolopes957"]},{"@type":"Person","@id":"https:\/\/marcelolopes.jor.br\/site\/#\/schema\/person\/3e7216a35c34d8fdf952b31da3d1f89f","name":"Marcelo Lopes","sameAs":["http:\/\/www.marcelolopes.jor.br"],"url":"https:\/\/marcelolopes.jor.br\/site\/author\/marcelo\/"}]}},"wps_subtitle":"Caso aconteceu na zona rural daquele munic\u00edpio. Autor foi preso horas depois.","_links":{"self":[{"href":"https:\/\/marcelolopes.jor.br\/site\/wp-json\/wp\/v2\/posts\/65259","targetHints":{"allow":["GET"]}}],"collection":[{"href":"https:\/\/marcelolopes.jor.br\/site\/wp-json\/wp\/v2\/posts"}],"about":[{"href":"https:\/\/marcelolopes.jor.br\/site\/wp-json\/wp\/v2\/types\/post"}],"author":[{"embeddable":true,"href":"https:\/\/marcelolopes.jor.br\/site\/wp-json\/wp\/v2\/users\/2"}],"replies":[{"embeddable":true,"href":"https:\/\/marcelolopes.jor.br\/site\/wp-json\/wp\/v2\/comments?post=65259"}],"version-history":[{"count":2,"href":"https:\/\/marcelolopes.jor.br\/site\/wp-json\/wp\/v2\/posts\/65259\/revisions"}],"predecessor-version":[{"id":65262,"href":"https:\/\/marcelolopes.jor.br\/site\/wp-json\/wp\/v2\/posts\/65259\/revisions\/65262"}],"wp:featuredmedia":[{"embeddable":true,"href":"https:\/\/marcelolopes.jor.br\/site\/wp-json\/wp\/v2\/media\/65261"}],"wp:attachment":[{"href":"https:\/\/marcelolopes.jor.br\/site\/wp-json\/wp\/v2\/media?parent=65259"}],"wp:term":[{"taxonomy":"category","embeddable":true,"href":"https:\/\/marcelolopes.jor.br\/site\/wp-json\/wp\/v2\/categories?post=65259"},{"taxonomy":"post_tag","embeddable":true,"href":"https:\/\/marcelolopes.jor.br\/site\/wp-json\/wp\/v2\/tags?post=65259"}],"curies":[{"name":"wp","href":"https:\/\/api.w.org\/{rel}","templated":true}]}}