{"id":65247,"date":"2026-04-15T20:00:13","date_gmt":"2026-04-15T23:00:13","guid":{"rendered":"https:\/\/marcelolopes.jor.br\/site\/?p=65247"},"modified":"2026-04-15T18:55:48","modified_gmt":"2026-04-15T21:55:48","slug":"doacoes-da-energisa-as-vitimas-das-chuvas-ultrapassa-r-16-milhao","status":"publish","type":"post","link":"https:\/\/marcelolopes.jor.br\/site\/2026\/04\/15\/doacoes-da-energisa-as-vitimas-das-chuvas-ultrapassa-r-16-milhao\/","title":{"rendered":"Doa\u00e7\u00f5es da Energisa \u00e0s v\u00edtimas das chuvas ultrapassa R$ 1,6 milh\u00e3o"},"content":{"rendered":"<p>A Energisa refor\u00e7a seu compromisso com as cidades da Zona da Mata mineira ampliando suas a\u00e7\u00f5es solid\u00e1rias voltadas para o atendimento das necessidades da popula\u00e7\u00e3o, afetadas pelas fortes chuvas de fevereiro. Al\u00e9m de trabalhar para manter a seguran\u00e7a e o funcionamento da rede el\u00e9trica, a empresa ampliou as a\u00e7\u00f5es solid\u00e1rias, entre outras, com a doa\u00e7\u00e3o de geladeiras para fam\u00edlias que perderam seus eletrodom\u00e9sticos durante a enchente.<!--more--><\/p>\n<h4 class=\"p1\"><span class=\"s1\">\ud83d\udcf8\u00a0<span style=\"color: #008000;\">Siga o Site do Marcelo Lopes no<\/span>\u00a0<span style=\"color: #800000;\"><a style=\"color: #800000;\" href=\"https:\/\/www.facebook.com\/sitedomarcelolopes\/\"><strong>Facebook<\/strong><\/a><\/span>\u00a0<span style=\"color: #008000;\">e no<\/span>\u00a0<span style=\"color: #800000;\"><strong><a style=\"color: #800000;\" href=\"https:\/\/www.instagram.com\/sitedomarcelolopes\/\">Instagram<\/a><\/strong><\/span><\/span><\/h4>\n<h4 class=\"p1\">\ud83d\udcf1<span style=\"color: #008000;\">Participe do grupo de<\/span>\u00a0<span style=\"color: #800000;\"><a style=\"color: #800000;\" href=\"https:\/\/chat.whatsapp.com\/BibzcI1ibYSKytbdyzubLA\"><strong>WhatsApp<\/strong><\/a><\/span> <span style=\"color: #008000;\">do Site do Marcelo Lopes<\/span><\/h4>\n<p>Por meio do Programa de Efici\u00eancia Energ\u00e9tica da Aneel, a Energisa est\u00e1 distribuindo 520 geladeiras para apoiar fam\u00edlias desalojadas. Parte dos equipamentos j\u00e1 foi entregue nos munic\u00edpios de Divin\u00e9sia, Guarani, Senador Firmino e Rodeiro. Em Ub\u00e1, as entregas tamb\u00e9m est\u00e3o em andamento. J\u00e1 Cataguases ser\u00e1 atendida nos pr\u00f3ximos meses, dando continuidade \u00e0 iniciativa, informou a distribuidora de energia el\u00e9trica.<\/p>\n<p>Outra a\u00e7\u00e3o relevante da empresa foi o apoio dado aos munic\u00edpios na recupera\u00e7\u00e3o das estradas afetadas pelas chuvas, com o uso de retroescavadeiras para retirada de lama e libera\u00e7\u00e3o de acessos, al\u00e9m de disponibilizar caminh\u00f5es\u2011pipa para o abastecimento de \u00e1gua. Foram doados ainda mais de R$ 100 mil em itens essenciais, como \u00e1gua mineral, fraldas e produtos de limpeza, e arrecadados mais de R$ 31 mil por meio da Funda\u00e7\u00e3o Ormeo Junqueira Botelho. Somadas todas as a\u00e7\u00f5es, o apoio ultrapassa R$ 1,6 milh\u00e3o.<\/p>\n<blockquote><p>Segundo o diretor\u2011presidente da Energisa Minas Rio, Eduardo Mantovani, as a\u00e7\u00f5es refor\u00e7am o papel da empresa nos momentos mais dif\u00edceis vividos pelas comunidades. \u201cMais do que distribuir energia, a Energisa tem um compromisso permanente com as cidades onde atua. Nosso papel tamb\u00e9m \u00e9 apoiar a reconstru\u00e7\u00e3o dos munic\u00edpios e contribuir para que as fam\u00edlias possam retomar sua rotina o quanto antes. Cuidar das pessoas \u00e9 o que nos move\u201d, afirma.<\/p><\/blockquote>\n<p>As a\u00e7\u00f5es tamb\u00e9m se estenderam aos seus colaboradores e o apoio da estrutura da empresa. Entre o fim de fevereiro e o in\u00edcio de mar\u00e7o, as ag\u00eancias da Energisa Minas Rio passaram a funcionar como pontos de arrecada\u00e7\u00e3o de doa\u00e7\u00f5es abertas ao p\u00fablico e aos funcion\u00e1rios. A mobiliza\u00e7\u00e3o resultou na coleta de cerca de quatro toneladas de alimentos, produtos de higiene e de limpeza, que foram encaminhadas para fam\u00edlias afetadas pelas chuvas em Ub\u00e1 e Cataguases.<\/p>\n<p>Em outra vertente, a Energisa tamb\u00e9m apoiou o transporte de mais quatro toneladas de roupas, cobertores, alimentos e materiais de limpeza arrecadados pela Cruz Vermelha de Nova Friburgo. Com iniciativas que seguem em andamento, a Energisa refor\u00e7a seu cuidado com as pessoas e com as regi\u00f5es onde atua.<\/p>\n<p><img loading=\"lazy\" decoding=\"async\" class=\"aligncenter wp-image-65250\" src=\"https:\/\/marcelolopes.jor.br\/site\/wp-content\/uploads\/2026\/04\/image002-1-300x225.png\" alt=\"\" width=\"700\" height=\"525\" srcset=\"https:\/\/marcelolopes.jor.br\/site\/wp-content\/uploads\/2026\/04\/image002-1-300x225.png 300w, https:\/\/marcelolopes.jor.br\/site\/wp-content\/uploads\/2026\/04\/image002-1-768x576.png 768w, https:\/\/marcelolopes.jor.br\/site\/wp-content\/uploads\/2026\/04\/image002-1-320x240.png 320w, https:\/\/marcelolopes.jor.br\/site\/wp-content\/uploads\/2026\/04\/image002-1.png 901w\" sizes=\"auto, (max-width: 700px) 100vw, 700px\" \/><\/p>\n<p><strong>OUTRAS NOT\u00cdCIAS<\/strong><br \/>\n<a href=\"https:\/\/marcelolopes.jor.br\/site\/2026\/04\/14\/energisa-minas-rio-adere-a-campanha-de-combate-a-violencia-domestica\/\"><strong><span style=\"color: #800000;\">Energisa Minas Rio adere \u00e0 campanha de combate \u00e0 viol\u00eancia dom\u00e9stica<\/span><\/strong><\/a><\/p>\n<p><a href=\"https:\/\/marcelolopes.jor.br\/site\/2026\/03\/20\/mais-de-30-clientes-da-regiao-sao-premiados-no-show-de-premios-da-energisa\/\"><strong><span style=\"color: #800000;\">Mais de 30 clientes da regi\u00e3o s\u00e3o premiados no Show de Pr\u00eamios da Energisa<\/span><\/strong><\/a><\/p>\n<p>Fonte e fotos: Energisa Minas Rio<\/p>\n<div class=\"rvvev69f762ef7a923\" ><br><\/div><style type=\"text\/css\">\r\n@media screen and (min-width: 1201px) {\r\n.rvvev69f762ef7a923 {\r\ndisplay: block;\r\n}\r\n}\r\n@media screen and (min-width: 993px) and (max-width: 1200px) {\r\n.rvvev69f762ef7a923 {\r\ndisplay: block;\r\n}\r\n}\r\n@media screen and (min-width: 769px) and (max-width: 992px) {\r\n.rvvev69f762ef7a923 {\r\ndisplay: block;\r\n}\r\n}\r\n@media screen and (min-width: 768px) and (max-width: 768px) {\r\n.rvvev69f762ef7a923 {\r\ndisplay: block;\r\n}\r\n}\r\n@media screen and (max-width: 767px) {\r\n.rvvev69f762ef7a923 {\r\ndisplay: block;\r\n}\r\n}\r\n<\/style>\r\n<div class=\"kbfzq69f762ef80882\" ><div id=\"div_destino\"><\/div>\r\n<script src=\"https:\/\/cdn.snsrsv.com\/sdk.js\"><\/script>\r\n<script >\r\n      new sdk(\"464030C30061EA8BE065000000000001\") \r\n          .appendTo(\"div_destino\")\r\n          .disableStyle(true) \r\n          .setCacheBusterMacro(\"%%CACHEBUSTER%%\")\r\n          .setSize(\"800\",\"214\")\r\n          .setClickMacro(\"%%CLICK_URL_ESC%%\") \r\n          .setReferrerUrlMacro(\"%%REFERRER_URL_ESC%%\") \r\n          .start(); \r\n<\/script><\/div><style type=\"text\/css\">\r\n@media screen and (min-width: 1201px) {\r\n.kbfzq69f762ef80882 {\r\ndisplay: block;\r\n}\r\n}\r\n@media screen and (min-width: 993px) and (max-width: 1200px) {\r\n.kbfzq69f762ef80882 {\r\ndisplay: block;\r\n}\r\n}\r\n@media screen and (min-width: 769px) and (max-width: 992px) {\r\n.kbfzq69f762ef80882 {\r\ndisplay: block;\r\n}\r\n}\r\n@media screen and (min-width: 768px) and (max-width: 768px) {\r\n.kbfzq69f762ef80882 {\r\ndisplay: block;\r\n}\r\n}\r\n@media screen and (max-width: 767px) {\r\n.kbfzq69f762ef80882 {\r\ndisplay: block;\r\n}\r\n}\r\n<\/style>\r\n","protected":false},"excerpt":{"rendered":"<p>A Energisa refor\u00e7a seu compromisso com as cidades da Zona da Mata mineira ampliando suas a\u00e7\u00f5es solid\u00e1rias voltadas para o atendimento das necessidades da popula\u00e7\u00e3o, afetadas pelas fortes chuvas de fevereiro. Al\u00e9m de trabalhar para manter a seguran\u00e7a e o<\/p>\n<p class=\"link-more\"><a class=\"more-link\" href=\"https:\/\/marcelolopes.jor.br\/site\/2026\/04\/15\/doacoes-da-energisa-as-vitimas-das-chuvas-ultrapassa-r-16-milhao\/\">Leia mais <span class=\"screen-reader-text\">Doa\u00e7\u00f5es da Energisa \u00e0s v\u00edtimas das chuvas ultrapassa R$ 1,6 milh\u00e3o<\/span><\/a><\/p>\n","protected":false},"author":2,"featured_media":65249,"comment_status":"open","ping_status":"closed","sticky":false,"template":"","format":"standard","meta":{"footnotes":""},"categories":[1],"tags":[],"class_list":["post-65247","post","type-post","status-publish","format-standard","has-post-thumbnail","hentry","category-noticias","thumb-below-title"],"yoast_head":"<!-- This site is optimized with the Yoast SEO plugin v27.4 - https:\/\/yoast.com\/product\/yoast-seo-wordpress\/ -->\n<title>Doa\u00e7\u00f5es da Energisa \u00e0s v\u00edtimas das chuvas ultrapassa R$1,6<\/title>\n<meta name=\"description\" content=\"Doa\u00e7\u00f5es da Energisa \u00e0s v\u00edtimas das chuvas ultrapassa R$1,6 milh\u00e3o. Empresa est\u00e1 entregando mais de 500 geladeiras e quase quatro toneladas...\" \/>\n<meta name=\"robots\" content=\"index, follow, max-snippet:-1, max-image-preview:large, max-video-preview:-1\" \/>\n<link rel=\"canonical\" href=\"https:\/\/marcelolopes.jor.br\/site\/2026\/04\/15\/doacoes-da-energisa-as-vitimas-das-chuvas-ultrapassa-r-16-milhao\/\" \/>\n<meta property=\"og:locale\" content=\"pt_BR\" \/>\n<meta property=\"og:type\" content=\"article\" \/>\n<meta property=\"og:title\" content=\"Doa\u00e7\u00f5es da Energisa \u00e0s v\u00edtimas das chuvas ultrapassa R$1,6\" \/>\n<meta property=\"og:description\" content=\"Doa\u00e7\u00f5es da Energisa \u00e0s v\u00edtimas das chuvas ultrapassa R$1,6 milh\u00e3o. Empresa est\u00e1 entregando mais de 500 geladeiras e quase quatro toneladas...\" \/>\n<meta property=\"og:url\" content=\"https:\/\/marcelolopes.jor.br\/site\/2026\/04\/15\/doacoes-da-energisa-as-vitimas-das-chuvas-ultrapassa-r-16-milhao\/\" \/>\n<meta property=\"og:site_name\" content=\"Marcelo Lopes\" \/>\n<meta property=\"article:publisher\" content=\"https:\/\/www.facebook.com\/sitedomarcelolopes\" \/>\n<meta property=\"article:published_time\" content=\"2026-04-15T23:00:13+00:00\" \/>\n<meta property=\"og:image\" content=\"https:\/\/marcelolopes.jor.br\/site\/wp-content\/uploads\/2026\/04\/image001-1.png\" \/>\n\t<meta property=\"og:image:width\" content=\"901\" \/>\n\t<meta property=\"og:image:height\" content=\"507\" \/>\n\t<meta property=\"og:image:type\" content=\"image\/png\" \/>\n<meta name=\"author\" content=\"Marcelo Lopes\" \/>\n<meta name=\"twitter:card\" content=\"summary_large_image\" \/>\n<meta name=\"twitter:label1\" content=\"Escrito por\" \/>\n\t<meta name=\"twitter:data1\" content=\"Marcelo Lopes\" \/>\n\t<meta name=\"twitter:label2\" content=\"Est. tempo de leitura\" \/>\n\t<meta name=\"twitter:data2\" content=\"3 minutos\" \/>\n<script type=\"application\/ld+json\" class=\"yoast-schema-graph\">{\"@context\":\"https:\\\/\\\/schema.org\",\"@graph\":[{\"@type\":\"NewsArticle\",\"@id\":\"https:\\\/\\\/marcelolopes.jor.br\\\/site\\\/2026\\\/04\\\/15\\\/doacoes-da-energisa-as-vitimas-das-chuvas-ultrapassa-r-16-milhao\\\/#article\",\"isPartOf\":{\"@id\":\"https:\\\/\\\/marcelolopes.jor.br\\\/site\\\/2026\\\/04\\\/15\\\/doacoes-da-energisa-as-vitimas-das-chuvas-ultrapassa-r-16-milhao\\\/\"},\"author\":{\"name\":\"Marcelo Lopes\",\"@id\":\"https:\\\/\\\/marcelolopes.jor.br\\\/site\\\/#\\\/schema\\\/person\\\/3e7216a35c34d8fdf952b31da3d1f89f\"},\"headline\":\"Doa\u00e7\u00f5es da Energisa \u00e0s v\u00edtimas das chuvas ultrapassa R$ 1,6 milh\u00e3o\",\"datePublished\":\"2026-04-15T23:00:13+00:00\",\"mainEntityOfPage\":{\"@id\":\"https:\\\/\\\/marcelolopes.jor.br\\\/site\\\/2026\\\/04\\\/15\\\/doacoes-da-energisa-as-vitimas-das-chuvas-ultrapassa-r-16-milhao\\\/\"},\"wordCount\":518,\"commentCount\":0,\"publisher\":{\"@id\":\"https:\\\/\\\/marcelolopes.jor.br\\\/site\\\/#organization\"},\"image\":{\"@id\":\"https:\\\/\\\/marcelolopes.jor.br\\\/site\\\/2026\\\/04\\\/15\\\/doacoes-da-energisa-as-vitimas-das-chuvas-ultrapassa-r-16-milhao\\\/#primaryimage\"},\"thumbnailUrl\":\"https:\\\/\\\/marcelolopes.jor.br\\\/site\\\/wp-content\\\/uploads\\\/2026\\\/04\\\/image001-1.png\",\"articleSection\":[\"Not\u00edcias\"],\"inLanguage\":\"pt-BR\",\"potentialAction\":[{\"@type\":\"CommentAction\",\"name\":\"Comment\",\"target\":[\"https:\\\/\\\/marcelolopes.jor.br\\\/site\\\/2026\\\/04\\\/15\\\/doacoes-da-energisa-as-vitimas-das-chuvas-ultrapassa-r-16-milhao\\\/#respond\"]}]},{\"@type\":\"WebPage\",\"@id\":\"https:\\\/\\\/marcelolopes.jor.br\\\/site\\\/2026\\\/04\\\/15\\\/doacoes-da-energisa-as-vitimas-das-chuvas-ultrapassa-r-16-milhao\\\/\",\"url\":\"https:\\\/\\\/marcelolopes.jor.br\\\/site\\\/2026\\\/04\\\/15\\\/doacoes-da-energisa-as-vitimas-das-chuvas-ultrapassa-r-16-milhao\\\/\",\"name\":\"Doa\u00e7\u00f5es da Energisa \u00e0s v\u00edtimas das chuvas ultrapassa R$1,6\",\"isPartOf\":{\"@id\":\"https:\\\/\\\/marcelolopes.jor.br\\\/site\\\/#website\"},\"primaryImageOfPage\":{\"@id\":\"https:\\\/\\\/marcelolopes.jor.br\\\/site\\\/2026\\\/04\\\/15\\\/doacoes-da-energisa-as-vitimas-das-chuvas-ultrapassa-r-16-milhao\\\/#primaryimage\"},\"image\":{\"@id\":\"https:\\\/\\\/marcelolopes.jor.br\\\/site\\\/2026\\\/04\\\/15\\\/doacoes-da-energisa-as-vitimas-das-chuvas-ultrapassa-r-16-milhao\\\/#primaryimage\"},\"thumbnailUrl\":\"https:\\\/\\\/marcelolopes.jor.br\\\/site\\\/wp-content\\\/uploads\\\/2026\\\/04\\\/image001-1.png\",\"datePublished\":\"2026-04-15T23:00:13+00:00\",\"description\":\"Doa\u00e7\u00f5es da Energisa \u00e0s v\u00edtimas das chuvas ultrapassa R$1,6 milh\u00e3o. Empresa est\u00e1 entregando mais de 500 geladeiras e quase quatro toneladas...\",\"breadcrumb\":{\"@id\":\"https:\\\/\\\/marcelolopes.jor.br\\\/site\\\/2026\\\/04\\\/15\\\/doacoes-da-energisa-as-vitimas-das-chuvas-ultrapassa-r-16-milhao\\\/#breadcrumb\"},\"inLanguage\":\"pt-BR\",\"potentialAction\":[{\"@type\":\"ReadAction\",\"target\":[\"https:\\\/\\\/marcelolopes.jor.br\\\/site\\\/2026\\\/04\\\/15\\\/doacoes-da-energisa-as-vitimas-das-chuvas-ultrapassa-r-16-milhao\\\/\"]}]},{\"@type\":\"ImageObject\",\"inLanguage\":\"pt-BR\",\"@id\":\"https:\\\/\\\/marcelolopes.jor.br\\\/site\\\/2026\\\/04\\\/15\\\/doacoes-da-energisa-as-vitimas-das-chuvas-ultrapassa-r-16-milhao\\\/#primaryimage\",\"url\":\"https:\\\/\\\/marcelolopes.jor.br\\\/site\\\/wp-content\\\/uploads\\\/2026\\\/04\\\/image001-1.png\",\"contentUrl\":\"https:\\\/\\\/marcelolopes.jor.br\\\/site\\\/wp-content\\\/uploads\\\/2026\\\/04\\\/image001-1.png\",\"width\":901,\"height\":507,\"caption\":\"Doa\u00e7\u00f5es da Energisa \u00e0s\"},{\"@type\":\"BreadcrumbList\",\"@id\":\"https:\\\/\\\/marcelolopes.jor.br\\\/site\\\/2026\\\/04\\\/15\\\/doacoes-da-energisa-as-vitimas-das-chuvas-ultrapassa-r-16-milhao\\\/#breadcrumb\",\"itemListElement\":[{\"@type\":\"ListItem\",\"position\":1,\"name\":\"Home\",\"item\":\"https:\\\/\\\/marcelolopes.jor.br\\\/site\\\/\"},{\"@type\":\"ListItem\",\"position\":2,\"name\":\"Doa\u00e7\u00f5es da Energisa \u00e0s v\u00edtimas das chuvas ultrapassa R$ 1,6 milh\u00e3o\"}]},{\"@type\":\"WebSite\",\"@id\":\"https:\\\/\\\/marcelolopes.jor.br\\\/site\\\/#website\",\"url\":\"https:\\\/\\\/marcelolopes.jor.br\\\/site\\\/\",\"name\":\"Marcelo Lopes\",\"description\":\"Not\u00edcias de Cataguases e Regi\u00e3o\",\"publisher\":{\"@id\":\"https:\\\/\\\/marcelolopes.jor.br\\\/site\\\/#organization\"},\"potentialAction\":[{\"@type\":\"SearchAction\",\"target\":{\"@type\":\"EntryPoint\",\"urlTemplate\":\"https:\\\/\\\/marcelolopes.jor.br\\\/site\\\/?s={search_term_string}\"},\"query-input\":{\"@type\":\"PropertyValueSpecification\",\"valueRequired\":true,\"valueName\":\"search_term_string\"}}],\"inLanguage\":\"pt-BR\"},{\"@type\":\"Organization\",\"@id\":\"https:\\\/\\\/marcelolopes.jor.br\\\/site\\\/#organization\",\"name\":\"Site do Marcelo Lopes\",\"url\":\"https:\\\/\\\/marcelolopes.jor.br\\\/site\\\/\",\"logo\":{\"@type\":\"ImageObject\",\"inLanguage\":\"pt-BR\",\"@id\":\"https:\\\/\\\/marcelolopes.jor.br\\\/site\\\/#\\\/schema\\\/logo\\\/image\\\/\",\"url\":\"https:\\\/\\\/marcelolopes.jor.br\\\/site\\\/wp-content\\\/uploads\\\/2024\\\/11\\\/logo-1.png\",\"contentUrl\":\"https:\\\/\\\/marcelolopes.jor.br\\\/site\\\/wp-content\\\/uploads\\\/2024\\\/11\\\/logo-1.png\",\"width\":475,\"height\":80,\"caption\":\"Site do Marcelo Lopes\"},\"image\":{\"@id\":\"https:\\\/\\\/marcelolopes.jor.br\\\/site\\\/#\\\/schema\\\/logo\\\/image\\\/\"},\"sameAs\":[\"https:\\\/\\\/www.facebook.com\\\/sitedomarcelolopes\",\"https:\\\/\\\/www.instagram.com\\\/sitedomarcelolopes\\\/\",\"https:\\\/\\\/www.linkedin.com\\\/company\\\/site-do-marcelo-lopes\\\/\",\"https:\\\/\\\/www.youtube.com\\\/user\\\/marcelolopes957\"]},{\"@type\":\"Person\",\"@id\":\"https:\\\/\\\/marcelolopes.jor.br\\\/site\\\/#\\\/schema\\\/person\\\/3e7216a35c34d8fdf952b31da3d1f89f\",\"name\":\"Marcelo Lopes\",\"sameAs\":[\"http:\\\/\\\/www.marcelolopes.jor.br\"],\"url\":\"https:\\\/\\\/marcelolopes.jor.br\\\/site\\\/author\\\/marcelo\\\/\"}]}<\/script>\n<!-- \/ Yoast SEO plugin. -->","yoast_head_json":{"title":"Doa\u00e7\u00f5es da Energisa \u00e0s v\u00edtimas das chuvas ultrapassa R$1,6","description":"Doa\u00e7\u00f5es da Energisa \u00e0s v\u00edtimas das chuvas ultrapassa R$1,6 milh\u00e3o. Empresa est\u00e1 entregando mais de 500 geladeiras e quase quatro toneladas...","robots":{"index":"index","follow":"follow","max-snippet":"max-snippet:-1","max-image-preview":"max-image-preview:large","max-video-preview":"max-video-preview:-1"},"canonical":"https:\/\/marcelolopes.jor.br\/site\/2026\/04\/15\/doacoes-da-energisa-as-vitimas-das-chuvas-ultrapassa-r-16-milhao\/","og_locale":"pt_BR","og_type":"article","og_title":"Doa\u00e7\u00f5es da Energisa \u00e0s v\u00edtimas das chuvas ultrapassa R$1,6","og_description":"Doa\u00e7\u00f5es da Energisa \u00e0s v\u00edtimas das chuvas ultrapassa R$1,6 milh\u00e3o. Empresa est\u00e1 entregando mais de 500 geladeiras e quase quatro toneladas...","og_url":"https:\/\/marcelolopes.jor.br\/site\/2026\/04\/15\/doacoes-da-energisa-as-vitimas-das-chuvas-ultrapassa-r-16-milhao\/","og_site_name":"Marcelo Lopes","article_publisher":"https:\/\/www.facebook.com\/sitedomarcelolopes","article_published_time":"2026-04-15T23:00:13+00:00","og_image":[{"width":901,"height":507,"url":"https:\/\/marcelolopes.jor.br\/site\/wp-content\/uploads\/2026\/04\/image001-1.png","type":"image\/png"}],"author":"Marcelo Lopes","twitter_card":"summary_large_image","twitter_misc":{"Escrito por":"Marcelo Lopes","Est. tempo de leitura":"3 minutos"},"schema":{"@context":"https:\/\/schema.org","@graph":[{"@type":"NewsArticle","@id":"https:\/\/marcelolopes.jor.br\/site\/2026\/04\/15\/doacoes-da-energisa-as-vitimas-das-chuvas-ultrapassa-r-16-milhao\/#article","isPartOf":{"@id":"https:\/\/marcelolopes.jor.br\/site\/2026\/04\/15\/doacoes-da-energisa-as-vitimas-das-chuvas-ultrapassa-r-16-milhao\/"},"author":{"name":"Marcelo Lopes","@id":"https:\/\/marcelolopes.jor.br\/site\/#\/schema\/person\/3e7216a35c34d8fdf952b31da3d1f89f"},"headline":"Doa\u00e7\u00f5es da Energisa \u00e0s v\u00edtimas das chuvas ultrapassa R$ 1,6 milh\u00e3o","datePublished":"2026-04-15T23:00:13+00:00","mainEntityOfPage":{"@id":"https:\/\/marcelolopes.jor.br\/site\/2026\/04\/15\/doacoes-da-energisa-as-vitimas-das-chuvas-ultrapassa-r-16-milhao\/"},"wordCount":518,"commentCount":0,"publisher":{"@id":"https:\/\/marcelolopes.jor.br\/site\/#organization"},"image":{"@id":"https:\/\/marcelolopes.jor.br\/site\/2026\/04\/15\/doacoes-da-energisa-as-vitimas-das-chuvas-ultrapassa-r-16-milhao\/#primaryimage"},"thumbnailUrl":"https:\/\/marcelolopes.jor.br\/site\/wp-content\/uploads\/2026\/04\/image001-1.png","articleSection":["Not\u00edcias"],"inLanguage":"pt-BR","potentialAction":[{"@type":"CommentAction","name":"Comment","target":["https:\/\/marcelolopes.jor.br\/site\/2026\/04\/15\/doacoes-da-energisa-as-vitimas-das-chuvas-ultrapassa-r-16-milhao\/#respond"]}]},{"@type":"WebPage","@id":"https:\/\/marcelolopes.jor.br\/site\/2026\/04\/15\/doacoes-da-energisa-as-vitimas-das-chuvas-ultrapassa-r-16-milhao\/","url":"https:\/\/marcelolopes.jor.br\/site\/2026\/04\/15\/doacoes-da-energisa-as-vitimas-das-chuvas-ultrapassa-r-16-milhao\/","name":"Doa\u00e7\u00f5es da Energisa \u00e0s v\u00edtimas das chuvas ultrapassa R$1,6","isPartOf":{"@id":"https:\/\/marcelolopes.jor.br\/site\/#website"},"primaryImageOfPage":{"@id":"https:\/\/marcelolopes.jor.br\/site\/2026\/04\/15\/doacoes-da-energisa-as-vitimas-das-chuvas-ultrapassa-r-16-milhao\/#primaryimage"},"image":{"@id":"https:\/\/marcelolopes.jor.br\/site\/2026\/04\/15\/doacoes-da-energisa-as-vitimas-das-chuvas-ultrapassa-r-16-milhao\/#primaryimage"},"thumbnailUrl":"https:\/\/marcelolopes.jor.br\/site\/wp-content\/uploads\/2026\/04\/image001-1.png","datePublished":"2026-04-15T23:00:13+00:00","description":"Doa\u00e7\u00f5es da Energisa \u00e0s v\u00edtimas das chuvas ultrapassa R$1,6 milh\u00e3o. Empresa est\u00e1 entregando mais de 500 geladeiras e quase quatro toneladas...","breadcrumb":{"@id":"https:\/\/marcelolopes.jor.br\/site\/2026\/04\/15\/doacoes-da-energisa-as-vitimas-das-chuvas-ultrapassa-r-16-milhao\/#breadcrumb"},"inLanguage":"pt-BR","potentialAction":[{"@type":"ReadAction","target":["https:\/\/marcelolopes.jor.br\/site\/2026\/04\/15\/doacoes-da-energisa-as-vitimas-das-chuvas-ultrapassa-r-16-milhao\/"]}]},{"@type":"ImageObject","inLanguage":"pt-BR","@id":"https:\/\/marcelolopes.jor.br\/site\/2026\/04\/15\/doacoes-da-energisa-as-vitimas-das-chuvas-ultrapassa-r-16-milhao\/#primaryimage","url":"https:\/\/marcelolopes.jor.br\/site\/wp-content\/uploads\/2026\/04\/image001-1.png","contentUrl":"https:\/\/marcelolopes.jor.br\/site\/wp-content\/uploads\/2026\/04\/image001-1.png","width":901,"height":507,"caption":"Doa\u00e7\u00f5es da Energisa \u00e0s"},{"@type":"BreadcrumbList","@id":"https:\/\/marcelolopes.jor.br\/site\/2026\/04\/15\/doacoes-da-energisa-as-vitimas-das-chuvas-ultrapassa-r-16-milhao\/#breadcrumb","itemListElement":[{"@type":"ListItem","position":1,"name":"Home","item":"https:\/\/marcelolopes.jor.br\/site\/"},{"@type":"ListItem","position":2,"name":"Doa\u00e7\u00f5es da Energisa \u00e0s v\u00edtimas das chuvas ultrapassa R$ 1,6 milh\u00e3o"}]},{"@type":"WebSite","@id":"https:\/\/marcelolopes.jor.br\/site\/#website","url":"https:\/\/marcelolopes.jor.br\/site\/","name":"Marcelo Lopes","description":"Not\u00edcias de Cataguases e Regi\u00e3o","publisher":{"@id":"https:\/\/marcelolopes.jor.br\/site\/#organization"},"potentialAction":[{"@type":"SearchAction","target":{"@type":"EntryPoint","urlTemplate":"https:\/\/marcelolopes.jor.br\/site\/?s={search_term_string}"},"query-input":{"@type":"PropertyValueSpecification","valueRequired":true,"valueName":"search_term_string"}}],"inLanguage":"pt-BR"},{"@type":"Organization","@id":"https:\/\/marcelolopes.jor.br\/site\/#organization","name":"Site do Marcelo Lopes","url":"https:\/\/marcelolopes.jor.br\/site\/","logo":{"@type":"ImageObject","inLanguage":"pt-BR","@id":"https:\/\/marcelolopes.jor.br\/site\/#\/schema\/logo\/image\/","url":"https:\/\/marcelolopes.jor.br\/site\/wp-content\/uploads\/2024\/11\/logo-1.png","contentUrl":"https:\/\/marcelolopes.jor.br\/site\/wp-content\/uploads\/2024\/11\/logo-1.png","width":475,"height":80,"caption":"Site do Marcelo Lopes"},"image":{"@id":"https:\/\/marcelolopes.jor.br\/site\/#\/schema\/logo\/image\/"},"sameAs":["https:\/\/www.facebook.com\/sitedomarcelolopes","https:\/\/www.instagram.com\/sitedomarcelolopes\/","https:\/\/www.linkedin.com\/company\/site-do-marcelo-lopes\/","https:\/\/www.youtube.com\/user\/marcelolopes957"]},{"@type":"Person","@id":"https:\/\/marcelolopes.jor.br\/site\/#\/schema\/person\/3e7216a35c34d8fdf952b31da3d1f89f","name":"Marcelo Lopes","sameAs":["http:\/\/www.marcelolopes.jor.br"],"url":"https:\/\/marcelolopes.jor.br\/site\/author\/marcelo\/"}]}},"wps_subtitle":"Empresa est\u00e1 entregando mais de 500 geladeiras e quase quatro toneladas de alimentos.","_links":{"self":[{"href":"https:\/\/marcelolopes.jor.br\/site\/wp-json\/wp\/v2\/posts\/65247","targetHints":{"allow":["GET"]}}],"collection":[{"href":"https:\/\/marcelolopes.jor.br\/site\/wp-json\/wp\/v2\/posts"}],"about":[{"href":"https:\/\/marcelolopes.jor.br\/site\/wp-json\/wp\/v2\/types\/post"}],"author":[{"embeddable":true,"href":"https:\/\/marcelolopes.jor.br\/site\/wp-json\/wp\/v2\/users\/2"}],"replies":[{"embeddable":true,"href":"https:\/\/marcelolopes.jor.br\/site\/wp-json\/wp\/v2\/comments?post=65247"}],"version-history":[{"count":2,"href":"https:\/\/marcelolopes.jor.br\/site\/wp-json\/wp\/v2\/posts\/65247\/revisions"}],"predecessor-version":[{"id":65252,"href":"https:\/\/marcelolopes.jor.br\/site\/wp-json\/wp\/v2\/posts\/65247\/revisions\/65252"}],"wp:featuredmedia":[{"embeddable":true,"href":"https:\/\/marcelolopes.jor.br\/site\/wp-json\/wp\/v2\/media\/65249"}],"wp:attachment":[{"href":"https:\/\/marcelolopes.jor.br\/site\/wp-json\/wp\/v2\/media?parent=65247"}],"wp:term":[{"taxonomy":"category","embeddable":true,"href":"https:\/\/marcelolopes.jor.br\/site\/wp-json\/wp\/v2\/categories?post=65247"},{"taxonomy":"post_tag","embeddable":true,"href":"https:\/\/marcelolopes.jor.br\/site\/wp-json\/wp\/v2\/tags?post=65247"}],"curies":[{"name":"wp","href":"https:\/\/api.w.org\/{rel}","templated":true}]}}