{"id":65243,"date":"2026-04-16T07:00:16","date_gmt":"2026-04-16T10:00:16","guid":{"rendered":"https:\/\/marcelolopes.jor.br\/site\/?p=65243"},"modified":"2026-04-15T15:24:40","modified_gmt":"2026-04-15T18:24:40","slug":"seis-hospitais-da-grs-leopoldina-sao-inseridos-na-rede-urgencia-e-emergencia","status":"publish","type":"post","link":"https:\/\/marcelolopes.jor.br\/site\/2026\/04\/16\/seis-hospitais-da-grs-leopoldina-sao-inseridos-na-rede-urgencia-e-emergencia\/","title":{"rendered":"Seis hospitais da GRS-Leopoldina s\u00e3o inseridos na Rede Urg\u00eancia e Emerg\u00eancia"},"content":{"rendered":"<p>Seis hospitais de munic\u00edpios que integram a Ger\u00eancia Regional de Sa\u00fade de Leopoldina (GRS-Leopoldina) foram reclassificados ou inseridos na Rede de Urg\u00eancia e Emerg\u00eancia (RUE) de Minas Gerais, conforme Resolu\u00e7\u00e3o SES\/MG N\u00ba 10.446, de 17 de setembro de 2025 e Resolu\u00e7\u00e3o SES\/MG N\u00ba 10.907, de 10 de fevereiro de 2026.<!--more--><\/p>\n<h4 class=\"p1\"><span class=\"s1\">\ud83d\udcf8\u00a0<span style=\"color: #008000;\">Siga o Site do Marcelo Lopes no<\/span>\u00a0<span style=\"color: #800000;\"><a style=\"color: #800000;\" href=\"https:\/\/www.facebook.com\/sitedomarcelolopes\/\"><strong>Facebook<\/strong><\/a><\/span>\u00a0<span style=\"color: #008000;\">e no<\/span>\u00a0<span style=\"color: #800000;\"><strong><a style=\"color: #800000;\" href=\"https:\/\/www.instagram.com\/sitedomarcelolopes\/\">Instagram<\/a><\/strong><\/span><\/span><\/h4>\n<h4 class=\"p1\">\ud83d\udcf1<span style=\"color: #008000;\">Participe do grupo de<\/span>\u00a0<span style=\"color: #800000;\"><a style=\"color: #800000;\" href=\"https:\/\/chat.whatsapp.com\/BibzcI1ibYSKytbdyzubLA\"><strong>WhatsApp<\/strong><\/a><\/span> <span style=\"color: #008000;\">do Site do Marcelo Lopes<\/span><\/h4>\n<p>Com isso eles v\u00e3o receber novos investimentos e passar por reestrutura\u00e7\u00e3o. As mudan\u00e7as garantem repasses anuais significativos e prometem melhorar o acesso e a qualidade do atendimento \u00e0 popula\u00e7\u00e3o.<\/p>\n<p>A atualiza\u00e7\u00e3o foi oficializada por resolu\u00e7\u00f5es da Secretaria de Estado de Sa\u00fade e redefine o papel de hospitais vinculados \u00e0 Ger\u00eancia Regional de Sa\u00fade de Leopoldina dentro da Rede.<\/p>\n<p><strong>Confira os hospitais contemplados e os valores anuais destinados:<\/strong><br \/>\n\u2726 Hospital S\u00e3o Salvador (Al\u00e9m Para\u00edba): R$ 2.280.000,00<br \/>\n\u2726 Casa de Caridade Leopoldinense (Leopoldina): R$ 2.880.000,00<br \/>\n\u2726 Hospital Municipal de Pirapetinga: R$ 900.000,00<br \/>\n\u2726 Hospital e Maternidade Maria Eloy (Palma): R$ 900.000,00<br \/>\n\u2726 Hospital Municipal de Laranjal: R$ 900.000,00<br \/>\n\u2726 Hospital Olyntho Almada (Astolfo Dutra): R$ 576.000,00<\/p>\n<p>De acordo com a GRS-Leopoldina, a reestrutura\u00e7\u00e3o tem como objetivo ampliar o acesso aos servi\u00e7os, reduzir o tempo de espera e descentralizar o atendimento, fortalecendo hospitais regionais e evitando a sobrecarga de grandes centros.<\/p>\n<p>A iniciativa integra o programa estadual voltado \u00e0s portas de urg\u00eancia e emerg\u00eancia dentro do Valora Minas, que busca organizar a rede hospitalar e garantir atendimento mais \u00e1gil e eficiente \u00e0 popula\u00e7\u00e3o.<\/p>\n<p><strong>OUTRAS NOT\u00cdCIAS<\/strong><br \/>\n<a href=\"https:\/\/marcelolopes.jor.br\/site\/2026\/03\/26\/operacao-em-cataguases-investiga-irregularidades-na-saude-publica\/\"><strong><span style=\"color: #800000;\">Opera\u00e7\u00e3o em Cataguases investiga irregularidades na sa\u00fade p\u00fablica<\/span><\/strong><\/a><\/p>\n<p><a href=\"https:\/\/marcelolopes.jor.br\/site\/2026\/03\/22\/trabalho-de-cataguases-e-apresentado-na-2a-mostra-mais-saude-com-agente\/\"><strong><span style=\"color: #800000;\">Trabalho de Cataguases \u00e9 apresentado na 2\u00aa Mostra Mais Sa\u00fade com Agente<\/span><\/strong><\/a><\/p>\n<p>Fonte e foto: GRS-Leopoldina<\/p>\n<div class=\"tqyen69f7798d1c02f\" ><br><\/div><style type=\"text\/css\">\r\n@media screen and (min-width: 1201px) {\r\n.tqyen69f7798d1c02f {\r\ndisplay: block;\r\n}\r\n}\r\n@media screen and (min-width: 993px) and (max-width: 1200px) {\r\n.tqyen69f7798d1c02f {\r\ndisplay: block;\r\n}\r\n}\r\n@media screen and (min-width: 769px) and (max-width: 992px) {\r\n.tqyen69f7798d1c02f {\r\ndisplay: block;\r\n}\r\n}\r\n@media screen and (min-width: 768px) and (max-width: 768px) {\r\n.tqyen69f7798d1c02f {\r\ndisplay: block;\r\n}\r\n}\r\n@media screen and (max-width: 767px) {\r\n.tqyen69f7798d1c02f {\r\ndisplay: block;\r\n}\r\n}\r\n<\/style>\r\n<div class=\"lwtdz69f7798d21c05\" ><div id=\"div_destino\"><\/div>\r\n<script src=\"https:\/\/cdn.snsrsv.com\/sdk.js\"><\/script>\r\n<script >\r\n      new sdk(\"464030C30061EA8BE065000000000001\") \r\n          .appendTo(\"div_destino\")\r\n          .disableStyle(true) \r\n          .setCacheBusterMacro(\"%%CACHEBUSTER%%\")\r\n          .setSize(\"800\",\"214\")\r\n          .setClickMacro(\"%%CLICK_URL_ESC%%\") \r\n          .setReferrerUrlMacro(\"%%REFERRER_URL_ESC%%\") \r\n          .start(); \r\n<\/script><\/div><style type=\"text\/css\">\r\n@media screen and (min-width: 1201px) {\r\n.lwtdz69f7798d21c05 {\r\ndisplay: block;\r\n}\r\n}\r\n@media screen and (min-width: 993px) and (max-width: 1200px) {\r\n.lwtdz69f7798d21c05 {\r\ndisplay: block;\r\n}\r\n}\r\n@media screen and (min-width: 769px) and (max-width: 992px) {\r\n.lwtdz69f7798d21c05 {\r\ndisplay: block;\r\n}\r\n}\r\n@media screen and (min-width: 768px) and (max-width: 768px) {\r\n.lwtdz69f7798d21c05 {\r\ndisplay: block;\r\n}\r\n}\r\n@media screen and (max-width: 767px) {\r\n.lwtdz69f7798d21c05 {\r\ndisplay: block;\r\n}\r\n}\r\n<\/style>\r\n","protected":false},"excerpt":{"rendered":"<p>Seis hospitais de munic\u00edpios que integram a Ger\u00eancia Regional de Sa\u00fade de Leopoldina (GRS-Leopoldina) foram reclassificados ou inseridos na Rede de Urg\u00eancia e Emerg\u00eancia (RUE) de Minas Gerais, conforme Resolu\u00e7\u00e3o SES\/MG N\u00ba 10.446, de 17 de setembro de 2025 e<\/p>\n<p class=\"link-more\"><a class=\"more-link\" href=\"https:\/\/marcelolopes.jor.br\/site\/2026\/04\/16\/seis-hospitais-da-grs-leopoldina-sao-inseridos-na-rede-urgencia-e-emergencia\/\">Leia mais <span class=\"screen-reader-text\">Seis hospitais da GRS-Leopoldina s\u00e3o inseridos na Rede Urg\u00eancia e Emerg\u00eancia<\/span><\/a><\/p>\n","protected":false},"author":2,"featured_media":65244,"comment_status":"open","ping_status":"closed","sticky":false,"template":"","format":"standard","meta":{"footnotes":""},"categories":[1],"tags":[],"class_list":["post-65243","post","type-post","status-publish","format-standard","has-post-thumbnail","hentry","category-noticias","thumb-below-title"],"yoast_head":"<!-- This site is optimized with the Yoast SEO plugin v27.4 - https:\/\/yoast.com\/product\/yoast-seo-wordpress\/ -->\n<title>Seis hospitais da GRS-Leopoldina s\u00e3o inseridos na Rede de<\/title>\n<meta name=\"description\" content=\"Seis hospitais da GRS-Leopoldina s\u00e3o inseridos na Rede de Urg\u00eancia e Emerg\u00eancia. Eles v\u00e3o receber recursos significativos e v\u00e3o passar por...\" \/>\n<meta name=\"robots\" content=\"index, follow, max-snippet:-1, max-image-preview:large, max-video-preview:-1\" \/>\n<link rel=\"canonical\" href=\"https:\/\/marcelolopes.jor.br\/site\/2026\/04\/16\/seis-hospitais-da-grs-leopoldina-sao-inseridos-na-rede-urgencia-e-emergencia\/\" \/>\n<meta property=\"og:locale\" content=\"pt_BR\" \/>\n<meta property=\"og:type\" content=\"article\" \/>\n<meta property=\"og:title\" content=\"Seis hospitais da GRS-Leopoldina s\u00e3o inseridos na Rede de\" \/>\n<meta property=\"og:description\" content=\"Seis hospitais da GRS-Leopoldina s\u00e3o inseridos na Rede de Urg\u00eancia e Emerg\u00eancia. Eles v\u00e3o receber recursos significativos e v\u00e3o passar por...\" \/>\n<meta property=\"og:url\" content=\"https:\/\/marcelolopes.jor.br\/site\/2026\/04\/16\/seis-hospitais-da-grs-leopoldina-sao-inseridos-na-rede-urgencia-e-emergencia\/\" \/>\n<meta property=\"og:site_name\" content=\"Marcelo Lopes\" \/>\n<meta property=\"article:publisher\" content=\"https:\/\/www.facebook.com\/sitedomarcelolopes\" \/>\n<meta property=\"article:published_time\" content=\"2026-04-16T10:00:16+00:00\" \/>\n<meta property=\"og:image\" content=\"https:\/\/marcelolopes.jor.br\/site\/wp-content\/uploads\/2026\/04\/Hospital-Olyntho-Almada-de-Astolfo-Dutra-1179x694-1.jpeg\" \/>\n\t<meta property=\"og:image:width\" content=\"1179\" \/>\n\t<meta property=\"og:image:height\" content=\"694\" \/>\n\t<meta property=\"og:image:type\" content=\"image\/jpeg\" \/>\n<meta name=\"author\" content=\"Marcelo Lopes\" \/>\n<meta name=\"twitter:card\" content=\"summary_large_image\" \/>\n<meta name=\"twitter:label1\" content=\"Escrito por\" \/>\n\t<meta name=\"twitter:data1\" content=\"Marcelo Lopes\" \/>\n\t<meta name=\"twitter:label2\" content=\"Est. tempo de leitura\" \/>\n\t<meta name=\"twitter:data2\" content=\"1 minuto\" \/>\n<script type=\"application\/ld+json\" class=\"yoast-schema-graph\">{\"@context\":\"https:\\\/\\\/schema.org\",\"@graph\":[{\"@type\":\"NewsArticle\",\"@id\":\"https:\\\/\\\/marcelolopes.jor.br\\\/site\\\/2026\\\/04\\\/16\\\/seis-hospitais-da-grs-leopoldina-sao-inseridos-na-rede-urgencia-e-emergencia\\\/#article\",\"isPartOf\":{\"@id\":\"https:\\\/\\\/marcelolopes.jor.br\\\/site\\\/2026\\\/04\\\/16\\\/seis-hospitais-da-grs-leopoldina-sao-inseridos-na-rede-urgencia-e-emergencia\\\/\"},\"author\":{\"name\":\"Marcelo Lopes\",\"@id\":\"https:\\\/\\\/marcelolopes.jor.br\\\/site\\\/#\\\/schema\\\/person\\\/3e7216a35c34d8fdf952b31da3d1f89f\"},\"headline\":\"Seis hospitais da GRS-Leopoldina s\u00e3o inseridos na Rede Urg\u00eancia e Emerg\u00eancia\",\"datePublished\":\"2026-04-16T10:00:16+00:00\",\"mainEntityOfPage\":{\"@id\":\"https:\\\/\\\/marcelolopes.jor.br\\\/site\\\/2026\\\/04\\\/16\\\/seis-hospitais-da-grs-leopoldina-sao-inseridos-na-rede-urgencia-e-emergencia\\\/\"},\"wordCount\":299,\"commentCount\":0,\"publisher\":{\"@id\":\"https:\\\/\\\/marcelolopes.jor.br\\\/site\\\/#organization\"},\"image\":{\"@id\":\"https:\\\/\\\/marcelolopes.jor.br\\\/site\\\/2026\\\/04\\\/16\\\/seis-hospitais-da-grs-leopoldina-sao-inseridos-na-rede-urgencia-e-emergencia\\\/#primaryimage\"},\"thumbnailUrl\":\"https:\\\/\\\/marcelolopes.jor.br\\\/site\\\/wp-content\\\/uploads\\\/2026\\\/04\\\/Hospital-Olyntho-Almada-de-Astolfo-Dutra-1179x694-1.jpeg\",\"articleSection\":[\"Not\u00edcias\"],\"inLanguage\":\"pt-BR\",\"potentialAction\":[{\"@type\":\"CommentAction\",\"name\":\"Comment\",\"target\":[\"https:\\\/\\\/marcelolopes.jor.br\\\/site\\\/2026\\\/04\\\/16\\\/seis-hospitais-da-grs-leopoldina-sao-inseridos-na-rede-urgencia-e-emergencia\\\/#respond\"]}]},{\"@type\":\"WebPage\",\"@id\":\"https:\\\/\\\/marcelolopes.jor.br\\\/site\\\/2026\\\/04\\\/16\\\/seis-hospitais-da-grs-leopoldina-sao-inseridos-na-rede-urgencia-e-emergencia\\\/\",\"url\":\"https:\\\/\\\/marcelolopes.jor.br\\\/site\\\/2026\\\/04\\\/16\\\/seis-hospitais-da-grs-leopoldina-sao-inseridos-na-rede-urgencia-e-emergencia\\\/\",\"name\":\"Seis hospitais da GRS-Leopoldina s\u00e3o inseridos na Rede de\",\"isPartOf\":{\"@id\":\"https:\\\/\\\/marcelolopes.jor.br\\\/site\\\/#website\"},\"primaryImageOfPage\":{\"@id\":\"https:\\\/\\\/marcelolopes.jor.br\\\/site\\\/2026\\\/04\\\/16\\\/seis-hospitais-da-grs-leopoldina-sao-inseridos-na-rede-urgencia-e-emergencia\\\/#primaryimage\"},\"image\":{\"@id\":\"https:\\\/\\\/marcelolopes.jor.br\\\/site\\\/2026\\\/04\\\/16\\\/seis-hospitais-da-grs-leopoldina-sao-inseridos-na-rede-urgencia-e-emergencia\\\/#primaryimage\"},\"thumbnailUrl\":\"https:\\\/\\\/marcelolopes.jor.br\\\/site\\\/wp-content\\\/uploads\\\/2026\\\/04\\\/Hospital-Olyntho-Almada-de-Astolfo-Dutra-1179x694-1.jpeg\",\"datePublished\":\"2026-04-16T10:00:16+00:00\",\"description\":\"Seis hospitais da GRS-Leopoldina s\u00e3o inseridos na Rede de Urg\u00eancia e Emerg\u00eancia. Eles v\u00e3o receber recursos significativos e v\u00e3o passar por...\",\"breadcrumb\":{\"@id\":\"https:\\\/\\\/marcelolopes.jor.br\\\/site\\\/2026\\\/04\\\/16\\\/seis-hospitais-da-grs-leopoldina-sao-inseridos-na-rede-urgencia-e-emergencia\\\/#breadcrumb\"},\"inLanguage\":\"pt-BR\",\"potentialAction\":[{\"@type\":\"ReadAction\",\"target\":[\"https:\\\/\\\/marcelolopes.jor.br\\\/site\\\/2026\\\/04\\\/16\\\/seis-hospitais-da-grs-leopoldina-sao-inseridos-na-rede-urgencia-e-emergencia\\\/\"]}]},{\"@type\":\"ImageObject\",\"inLanguage\":\"pt-BR\",\"@id\":\"https:\\\/\\\/marcelolopes.jor.br\\\/site\\\/2026\\\/04\\\/16\\\/seis-hospitais-da-grs-leopoldina-sao-inseridos-na-rede-urgencia-e-emergencia\\\/#primaryimage\",\"url\":\"https:\\\/\\\/marcelolopes.jor.br\\\/site\\\/wp-content\\\/uploads\\\/2026\\\/04\\\/Hospital-Olyntho-Almada-de-Astolfo-Dutra-1179x694-1.jpeg\",\"contentUrl\":\"https:\\\/\\\/marcelolopes.jor.br\\\/site\\\/wp-content\\\/uploads\\\/2026\\\/04\\\/Hospital-Olyntho-Almada-de-Astolfo-Dutra-1179x694-1.jpeg\",\"width\":1179,\"height\":694,\"caption\":\"Seis hospitais da GRS-Leopoldina\"},{\"@type\":\"BreadcrumbList\",\"@id\":\"https:\\\/\\\/marcelolopes.jor.br\\\/site\\\/2026\\\/04\\\/16\\\/seis-hospitais-da-grs-leopoldina-sao-inseridos-na-rede-urgencia-e-emergencia\\\/#breadcrumb\",\"itemListElement\":[{\"@type\":\"ListItem\",\"position\":1,\"name\":\"Home\",\"item\":\"https:\\\/\\\/marcelolopes.jor.br\\\/site\\\/\"},{\"@type\":\"ListItem\",\"position\":2,\"name\":\"Seis hospitais da GRS-Leopoldina s\u00e3o inseridos na Rede Urg\u00eancia e Emerg\u00eancia\"}]},{\"@type\":\"WebSite\",\"@id\":\"https:\\\/\\\/marcelolopes.jor.br\\\/site\\\/#website\",\"url\":\"https:\\\/\\\/marcelolopes.jor.br\\\/site\\\/\",\"name\":\"Marcelo Lopes\",\"description\":\"Not\u00edcias de Cataguases e Regi\u00e3o\",\"publisher\":{\"@id\":\"https:\\\/\\\/marcelolopes.jor.br\\\/site\\\/#organization\"},\"potentialAction\":[{\"@type\":\"SearchAction\",\"target\":{\"@type\":\"EntryPoint\",\"urlTemplate\":\"https:\\\/\\\/marcelolopes.jor.br\\\/site\\\/?s={search_term_string}\"},\"query-input\":{\"@type\":\"PropertyValueSpecification\",\"valueRequired\":true,\"valueName\":\"search_term_string\"}}],\"inLanguage\":\"pt-BR\"},{\"@type\":\"Organization\",\"@id\":\"https:\\\/\\\/marcelolopes.jor.br\\\/site\\\/#organization\",\"name\":\"Site do Marcelo Lopes\",\"url\":\"https:\\\/\\\/marcelolopes.jor.br\\\/site\\\/\",\"logo\":{\"@type\":\"ImageObject\",\"inLanguage\":\"pt-BR\",\"@id\":\"https:\\\/\\\/marcelolopes.jor.br\\\/site\\\/#\\\/schema\\\/logo\\\/image\\\/\",\"url\":\"https:\\\/\\\/marcelolopes.jor.br\\\/site\\\/wp-content\\\/uploads\\\/2024\\\/11\\\/logo-1.png\",\"contentUrl\":\"https:\\\/\\\/marcelolopes.jor.br\\\/site\\\/wp-content\\\/uploads\\\/2024\\\/11\\\/logo-1.png\",\"width\":475,\"height\":80,\"caption\":\"Site do Marcelo Lopes\"},\"image\":{\"@id\":\"https:\\\/\\\/marcelolopes.jor.br\\\/site\\\/#\\\/schema\\\/logo\\\/image\\\/\"},\"sameAs\":[\"https:\\\/\\\/www.facebook.com\\\/sitedomarcelolopes\",\"https:\\\/\\\/www.instagram.com\\\/sitedomarcelolopes\\\/\",\"https:\\\/\\\/www.linkedin.com\\\/company\\\/site-do-marcelo-lopes\\\/\",\"https:\\\/\\\/www.youtube.com\\\/user\\\/marcelolopes957\"]},{\"@type\":\"Person\",\"@id\":\"https:\\\/\\\/marcelolopes.jor.br\\\/site\\\/#\\\/schema\\\/person\\\/3e7216a35c34d8fdf952b31da3d1f89f\",\"name\":\"Marcelo Lopes\",\"sameAs\":[\"http:\\\/\\\/www.marcelolopes.jor.br\"],\"url\":\"https:\\\/\\\/marcelolopes.jor.br\\\/site\\\/author\\\/marcelo\\\/\"}]}<\/script>\n<!-- \/ Yoast SEO plugin. -->","yoast_head_json":{"title":"Seis hospitais da GRS-Leopoldina s\u00e3o inseridos na Rede de","description":"Seis hospitais da GRS-Leopoldina s\u00e3o inseridos na Rede de Urg\u00eancia e Emerg\u00eancia. Eles v\u00e3o receber recursos significativos e v\u00e3o passar por...","robots":{"index":"index","follow":"follow","max-snippet":"max-snippet:-1","max-image-preview":"max-image-preview:large","max-video-preview":"max-video-preview:-1"},"canonical":"https:\/\/marcelolopes.jor.br\/site\/2026\/04\/16\/seis-hospitais-da-grs-leopoldina-sao-inseridos-na-rede-urgencia-e-emergencia\/","og_locale":"pt_BR","og_type":"article","og_title":"Seis hospitais da GRS-Leopoldina s\u00e3o inseridos na Rede de","og_description":"Seis hospitais da GRS-Leopoldina s\u00e3o inseridos na Rede de Urg\u00eancia e Emerg\u00eancia. Eles v\u00e3o receber recursos significativos e v\u00e3o passar por...","og_url":"https:\/\/marcelolopes.jor.br\/site\/2026\/04\/16\/seis-hospitais-da-grs-leopoldina-sao-inseridos-na-rede-urgencia-e-emergencia\/","og_site_name":"Marcelo Lopes","article_publisher":"https:\/\/www.facebook.com\/sitedomarcelolopes","article_published_time":"2026-04-16T10:00:16+00:00","og_image":[{"width":1179,"height":694,"url":"https:\/\/marcelolopes.jor.br\/site\/wp-content\/uploads\/2026\/04\/Hospital-Olyntho-Almada-de-Astolfo-Dutra-1179x694-1.jpeg","type":"image\/jpeg"}],"author":"Marcelo Lopes","twitter_card":"summary_large_image","twitter_misc":{"Escrito por":"Marcelo Lopes","Est. tempo de leitura":"1 minuto"},"schema":{"@context":"https:\/\/schema.org","@graph":[{"@type":"NewsArticle","@id":"https:\/\/marcelolopes.jor.br\/site\/2026\/04\/16\/seis-hospitais-da-grs-leopoldina-sao-inseridos-na-rede-urgencia-e-emergencia\/#article","isPartOf":{"@id":"https:\/\/marcelolopes.jor.br\/site\/2026\/04\/16\/seis-hospitais-da-grs-leopoldina-sao-inseridos-na-rede-urgencia-e-emergencia\/"},"author":{"name":"Marcelo Lopes","@id":"https:\/\/marcelolopes.jor.br\/site\/#\/schema\/person\/3e7216a35c34d8fdf952b31da3d1f89f"},"headline":"Seis hospitais da GRS-Leopoldina s\u00e3o inseridos na Rede Urg\u00eancia e Emerg\u00eancia","datePublished":"2026-04-16T10:00:16+00:00","mainEntityOfPage":{"@id":"https:\/\/marcelolopes.jor.br\/site\/2026\/04\/16\/seis-hospitais-da-grs-leopoldina-sao-inseridos-na-rede-urgencia-e-emergencia\/"},"wordCount":299,"commentCount":0,"publisher":{"@id":"https:\/\/marcelolopes.jor.br\/site\/#organization"},"image":{"@id":"https:\/\/marcelolopes.jor.br\/site\/2026\/04\/16\/seis-hospitais-da-grs-leopoldina-sao-inseridos-na-rede-urgencia-e-emergencia\/#primaryimage"},"thumbnailUrl":"https:\/\/marcelolopes.jor.br\/site\/wp-content\/uploads\/2026\/04\/Hospital-Olyntho-Almada-de-Astolfo-Dutra-1179x694-1.jpeg","articleSection":["Not\u00edcias"],"inLanguage":"pt-BR","potentialAction":[{"@type":"CommentAction","name":"Comment","target":["https:\/\/marcelolopes.jor.br\/site\/2026\/04\/16\/seis-hospitais-da-grs-leopoldina-sao-inseridos-na-rede-urgencia-e-emergencia\/#respond"]}]},{"@type":"WebPage","@id":"https:\/\/marcelolopes.jor.br\/site\/2026\/04\/16\/seis-hospitais-da-grs-leopoldina-sao-inseridos-na-rede-urgencia-e-emergencia\/","url":"https:\/\/marcelolopes.jor.br\/site\/2026\/04\/16\/seis-hospitais-da-grs-leopoldina-sao-inseridos-na-rede-urgencia-e-emergencia\/","name":"Seis hospitais da GRS-Leopoldina s\u00e3o inseridos na Rede de","isPartOf":{"@id":"https:\/\/marcelolopes.jor.br\/site\/#website"},"primaryImageOfPage":{"@id":"https:\/\/marcelolopes.jor.br\/site\/2026\/04\/16\/seis-hospitais-da-grs-leopoldina-sao-inseridos-na-rede-urgencia-e-emergencia\/#primaryimage"},"image":{"@id":"https:\/\/marcelolopes.jor.br\/site\/2026\/04\/16\/seis-hospitais-da-grs-leopoldina-sao-inseridos-na-rede-urgencia-e-emergencia\/#primaryimage"},"thumbnailUrl":"https:\/\/marcelolopes.jor.br\/site\/wp-content\/uploads\/2026\/04\/Hospital-Olyntho-Almada-de-Astolfo-Dutra-1179x694-1.jpeg","datePublished":"2026-04-16T10:00:16+00:00","description":"Seis hospitais da GRS-Leopoldina s\u00e3o inseridos na Rede de Urg\u00eancia e Emerg\u00eancia. Eles v\u00e3o receber recursos significativos e v\u00e3o passar por...","breadcrumb":{"@id":"https:\/\/marcelolopes.jor.br\/site\/2026\/04\/16\/seis-hospitais-da-grs-leopoldina-sao-inseridos-na-rede-urgencia-e-emergencia\/#breadcrumb"},"inLanguage":"pt-BR","potentialAction":[{"@type":"ReadAction","target":["https:\/\/marcelolopes.jor.br\/site\/2026\/04\/16\/seis-hospitais-da-grs-leopoldina-sao-inseridos-na-rede-urgencia-e-emergencia\/"]}]},{"@type":"ImageObject","inLanguage":"pt-BR","@id":"https:\/\/marcelolopes.jor.br\/site\/2026\/04\/16\/seis-hospitais-da-grs-leopoldina-sao-inseridos-na-rede-urgencia-e-emergencia\/#primaryimage","url":"https:\/\/marcelolopes.jor.br\/site\/wp-content\/uploads\/2026\/04\/Hospital-Olyntho-Almada-de-Astolfo-Dutra-1179x694-1.jpeg","contentUrl":"https:\/\/marcelolopes.jor.br\/site\/wp-content\/uploads\/2026\/04\/Hospital-Olyntho-Almada-de-Astolfo-Dutra-1179x694-1.jpeg","width":1179,"height":694,"caption":"Seis hospitais da GRS-Leopoldina"},{"@type":"BreadcrumbList","@id":"https:\/\/marcelolopes.jor.br\/site\/2026\/04\/16\/seis-hospitais-da-grs-leopoldina-sao-inseridos-na-rede-urgencia-e-emergencia\/#breadcrumb","itemListElement":[{"@type":"ListItem","position":1,"name":"Home","item":"https:\/\/marcelolopes.jor.br\/site\/"},{"@type":"ListItem","position":2,"name":"Seis hospitais da GRS-Leopoldina s\u00e3o inseridos na Rede Urg\u00eancia e Emerg\u00eancia"}]},{"@type":"WebSite","@id":"https:\/\/marcelolopes.jor.br\/site\/#website","url":"https:\/\/marcelolopes.jor.br\/site\/","name":"Marcelo Lopes","description":"Not\u00edcias de Cataguases e Regi\u00e3o","publisher":{"@id":"https:\/\/marcelolopes.jor.br\/site\/#organization"},"potentialAction":[{"@type":"SearchAction","target":{"@type":"EntryPoint","urlTemplate":"https:\/\/marcelolopes.jor.br\/site\/?s={search_term_string}"},"query-input":{"@type":"PropertyValueSpecification","valueRequired":true,"valueName":"search_term_string"}}],"inLanguage":"pt-BR"},{"@type":"Organization","@id":"https:\/\/marcelolopes.jor.br\/site\/#organization","name":"Site do Marcelo Lopes","url":"https:\/\/marcelolopes.jor.br\/site\/","logo":{"@type":"ImageObject","inLanguage":"pt-BR","@id":"https:\/\/marcelolopes.jor.br\/site\/#\/schema\/logo\/image\/","url":"https:\/\/marcelolopes.jor.br\/site\/wp-content\/uploads\/2024\/11\/logo-1.png","contentUrl":"https:\/\/marcelolopes.jor.br\/site\/wp-content\/uploads\/2024\/11\/logo-1.png","width":475,"height":80,"caption":"Site do Marcelo Lopes"},"image":{"@id":"https:\/\/marcelolopes.jor.br\/site\/#\/schema\/logo\/image\/"},"sameAs":["https:\/\/www.facebook.com\/sitedomarcelolopes","https:\/\/www.instagram.com\/sitedomarcelolopes\/","https:\/\/www.linkedin.com\/company\/site-do-marcelo-lopes\/","https:\/\/www.youtube.com\/user\/marcelolopes957"]},{"@type":"Person","@id":"https:\/\/marcelolopes.jor.br\/site\/#\/schema\/person\/3e7216a35c34d8fdf952b31da3d1f89f","name":"Marcelo Lopes","sameAs":["http:\/\/www.marcelolopes.jor.br"],"url":"https:\/\/marcelolopes.jor.br\/site\/author\/marcelo\/"}]}},"wps_subtitle":"Com isso eles v\u00e3o receber recursos significativos e v\u00e3o passar por reestrutura\u00e7\u00e3o.","_links":{"self":[{"href":"https:\/\/marcelolopes.jor.br\/site\/wp-json\/wp\/v2\/posts\/65243","targetHints":{"allow":["GET"]}}],"collection":[{"href":"https:\/\/marcelolopes.jor.br\/site\/wp-json\/wp\/v2\/posts"}],"about":[{"href":"https:\/\/marcelolopes.jor.br\/site\/wp-json\/wp\/v2\/types\/post"}],"author":[{"embeddable":true,"href":"https:\/\/marcelolopes.jor.br\/site\/wp-json\/wp\/v2\/users\/2"}],"replies":[{"embeddable":true,"href":"https:\/\/marcelolopes.jor.br\/site\/wp-json\/wp\/v2\/comments?post=65243"}],"version-history":[{"count":2,"href":"https:\/\/marcelolopes.jor.br\/site\/wp-json\/wp\/v2\/posts\/65243\/revisions"}],"predecessor-version":[{"id":65246,"href":"https:\/\/marcelolopes.jor.br\/site\/wp-json\/wp\/v2\/posts\/65243\/revisions\/65246"}],"wp:featuredmedia":[{"embeddable":true,"href":"https:\/\/marcelolopes.jor.br\/site\/wp-json\/wp\/v2\/media\/65244"}],"wp:attachment":[{"href":"https:\/\/marcelolopes.jor.br\/site\/wp-json\/wp\/v2\/media?parent=65243"}],"wp:term":[{"taxonomy":"category","embeddable":true,"href":"https:\/\/marcelolopes.jor.br\/site\/wp-json\/wp\/v2\/categories?post=65243"},{"taxonomy":"post_tag","embeddable":true,"href":"https:\/\/marcelolopes.jor.br\/site\/wp-json\/wp\/v2\/tags?post=65243"}],"curies":[{"name":"wp","href":"https:\/\/api.w.org\/{rel}","templated":true}]}}