{"id":65111,"date":"2026-04-10T13:00:46","date_gmt":"2026-04-10T16:00:46","guid":{"rendered":"https:\/\/marcelolopes.jor.br\/site\/?p=65111"},"modified":"2026-04-10T11:58:12","modified_gmt":"2026-04-10T14:58:12","slug":"neste-sabado-11-e-dia-de-vacinar-contra-a-gripe","status":"publish","type":"post","link":"https:\/\/marcelolopes.jor.br\/site\/2026\/04\/10\/neste-sabado-11-e-dia-de-vacinar-contra-a-gripe\/","title":{"rendered":"Neste s\u00e1bado, 11, \u00e9 dia de vacinar contra a gripe"},"content":{"rendered":"<p>A Secretaria Municipal de Sa\u00fade de Cataguases realiza neste s\u00e1bado, 11 de abril, o Dia D de vacina\u00e7\u00e3o contra gripe, como parte da mobiliza\u00e7\u00e3o estrat\u00e9gica Vacina Mais Minas. A iniciativa tem como principal objetivo aumentar a cobertura vacinal e incentivar a popula\u00e7\u00e3o a atualizar a caderneta de vacina\u00e7\u00e3o, refor\u00e7ando a prote\u00e7\u00e3o contra doen\u00e7as imunopreven\u00edveis.<!--more--><\/p>\n<h4 class=\"p1\"><span class=\"s1\">\ud83d\udcf8\u00a0<span style=\"color: #008000;\">Siga o Site do Marcelo Lopes no<\/span>\u00a0<span style=\"color: #800000;\"><a style=\"color: #800000;\" href=\"https:\/\/www.facebook.com\/sitedomarcelolopes\/\"><strong>Facebook<\/strong><\/a><\/span>\u00a0<span style=\"color: #008000;\">e no<\/span>\u00a0<span style=\"color: #800000;\"><strong><a style=\"color: #800000;\" href=\"https:\/\/www.instagram.com\/sitedomarcelolopes\/\">Instagram<\/a><\/strong><\/span><\/span><\/h4>\n<h4 class=\"p1\">\ud83d\udcf1<span style=\"color: #008000;\">Participe do grupo de<\/span>\u00a0<span style=\"color: #800000;\"><a style=\"color: #800000;\" href=\"https:\/\/chat.whatsapp.com\/BibzcI1ibYSKytbdyzubLA\"><strong>WhatsApp<\/strong><\/a><\/span> <span style=\"color: #008000;\">do Site do Marcelo Lopes<\/span><\/h4>\n<p>Em Cataguases, a a\u00e7\u00e3o vai acontecer de 8h \u00e0s 13h nos seguintes locais:<\/p>\n<p>\u2022 Vacimovel (Ch\u00e1cara Dona Catarina)<br \/>\n\u2022 SEMAE<br \/>\n\u2022 UBS Para\u00edso<br \/>\n\u2022 UBS Pampulha<br \/>\n\u2022 UBS Centro<br \/>\n\u2022 UBS Taquana Preta<br \/>\n\u2022 UBS Justino<br \/>\n\u2022 UBS Bandeirantes<br \/>\n\u2022 UBS Vila Reis<br \/>\n\u2022 UBS Santa Clara<br \/>\n\u2022 UBS Granjaria<br \/>\n\u2022 UBS Primavera<br \/>\n\u2022 UBS Sol Nascente<br \/>\n\u2022 UBS Sereno<br \/>\n\u2022 UBS Leonardo<br \/>\n\u2022 UBS Vista Alegre<\/p>\n<p>Os grupos priorit\u00e1rios que devem ser vacinados foram definidos pelo Minist\u00e9rio da Sa\u00fade. S\u00e3o eles:<\/p>\n<p>\ud83d\udc49\ud83c\udffb Pessoas com doen\u00e7as cr\u00f4nicas n\u00e3o transmiss\u00edveis e outras condi\u00e7\u00f5es cl\u00ednicas especiais, independentemente da idade;<br \/>\n\ud83d\udc49\ud83c\udffb Crian\u00e7as de 6 meses a menores de 6 anos;<br \/>\n\ud83d\udc49\ud83c\udffb Gestantes;<br \/>\n\ud83d\udc49\ud83c\udffb Pu\u00e9rperas;<br \/>\n\ud83d\udc49\ud83c\udffb Idosos com 60 anos ou mais;<br \/>\n\ud83d\udc49\ud83c\udffb Povos ind\u00edgenas;<br \/>\n\ud83d\udc49\ud83c\udffb Quilombolas;<br \/>\n\ud83d\udc49\ud83c\udffb Pessoas em situa\u00e7\u00e3o de rua;<br \/>\n\ud83d\udc49\ud83c\udffb Trabalhadores da sa\u00fade;<br \/>\n\ud83d\udc49\ud83c\udffb Professores do ensino b\u00e1sico e superior;<br \/>\n\ud83d\udc49\ud83c\udffb Profissionais das for\u00e7as de seguran\u00e7a e salvamento;<br \/>\n\ud83d\udc49\ud83c\udffb Profissionais das For\u00e7as Armadas;<br \/>\n\ud83d\udc49\ud83c\udffb Pessoas com defici\u00eancia permanente;<br \/>\n\ud83d\udc49\ud83c\udffb Caminhoneiros;<br \/>\n\ud83d\udc49\ud83c\udffb Trabalhadores do transporte coletivo rodovi\u00e1rio (urbano e de longo curso);<br \/>\n\ud83d\udc49\ud83c\udffb Trabalhadores portu\u00e1rios;<br \/>\n\ud83d\udc49\ud83c\udffb Trabalhadores dos Correios;<br \/>\n\ud83d\udc49\ud83c\udffb Popula\u00e7\u00e3o privada de liberdade e funcion\u00e1rios do sistema prisional;<br \/>\n\ud83d\udc49\ud83c\udffb Adolescentes e jovens de 12 a 21 anos sob medidas socioeducativas.<\/p>\n<p><strong>OUTRAS NOT\u00cdCIAS<\/strong><br \/>\n<a href=\"https:\/\/marcelolopes.jor.br\/site\/2025\/08\/13\/tecidos-cataguases-realiza-dia-d-conexao-e-inclusao\/\"><strong><span style=\"color: #800000;\">Tecidos Cataguases realiza Dia D &#8211; Conex\u00e3o e Inclus\u00e3o<\/span><\/strong><\/a><\/p>\n<p><a href=\"https:\/\/marcelolopes.jor.br\/site\/2025\/05\/14\/dia-d-contra-a-gripe-aplicou-mais-de-1200-doses-da-vacina\/\"><strong><span style=\"color: #800000;\">Dia D contra a gripe aplicou mais de 1200 doses da vacina<\/span><\/strong><\/a><\/p>\n<p>Fonte: SMS-Cataguases | Foto: Pexels<\/p>\n<div class=\"zhkwx69f7648d57f7a\" ><br><\/div><style type=\"text\/css\">\r\n@media screen and (min-width: 1201px) {\r\n.zhkwx69f7648d57f7a {\r\ndisplay: block;\r\n}\r\n}\r\n@media screen and (min-width: 993px) and (max-width: 1200px) {\r\n.zhkwx69f7648d57f7a {\r\ndisplay: block;\r\n}\r\n}\r\n@media screen and (min-width: 769px) and (max-width: 992px) {\r\n.zhkwx69f7648d57f7a {\r\ndisplay: block;\r\n}\r\n}\r\n@media screen and (min-width: 768px) and (max-width: 768px) {\r\n.zhkwx69f7648d57f7a {\r\ndisplay: block;\r\n}\r\n}\r\n@media screen and (max-width: 767px) {\r\n.zhkwx69f7648d57f7a {\r\ndisplay: block;\r\n}\r\n}\r\n<\/style>\r\n<div class=\"oavee69f7648d5dfba\" ><div id=\"div_destino\"><\/div>\r\n<script src=\"https:\/\/cdn.snsrsv.com\/sdk.js\"><\/script>\r\n<script >\r\n      new sdk(\"464030C30061EA8BE065000000000001\") \r\n          .appendTo(\"div_destino\")\r\n          .disableStyle(true) \r\n          .setCacheBusterMacro(\"%%CACHEBUSTER%%\")\r\n          .setSize(\"800\",\"214\")\r\n          .setClickMacro(\"%%CLICK_URL_ESC%%\") \r\n          .setReferrerUrlMacro(\"%%REFERRER_URL_ESC%%\") \r\n          .start(); \r\n<\/script><\/div><style type=\"text\/css\">\r\n@media screen and (min-width: 1201px) {\r\n.oavee69f7648d5dfba {\r\ndisplay: block;\r\n}\r\n}\r\n@media screen and (min-width: 993px) and (max-width: 1200px) {\r\n.oavee69f7648d5dfba {\r\ndisplay: block;\r\n}\r\n}\r\n@media screen and (min-width: 769px) and (max-width: 992px) {\r\n.oavee69f7648d5dfba {\r\ndisplay: block;\r\n}\r\n}\r\n@media screen and (min-width: 768px) and (max-width: 768px) {\r\n.oavee69f7648d5dfba {\r\ndisplay: block;\r\n}\r\n}\r\n@media screen and (max-width: 767px) {\r\n.oavee69f7648d5dfba {\r\ndisplay: block;\r\n}\r\n}\r\n<\/style>\r\n","protected":false},"excerpt":{"rendered":"<p>A Secretaria Municipal de Sa\u00fade de Cataguases realiza neste s\u00e1bado, 11 de abril, o Dia D de vacina\u00e7\u00e3o contra gripe, como parte da mobiliza\u00e7\u00e3o estrat\u00e9gica Vacina Mais Minas. A iniciativa tem como principal objetivo aumentar a cobertura vacinal e incentivar<\/p>\n<p class=\"link-more\"><a class=\"more-link\" href=\"https:\/\/marcelolopes.jor.br\/site\/2026\/04\/10\/neste-sabado-11-e-dia-de-vacinar-contra-a-gripe\/\">Leia mais <span class=\"screen-reader-text\">Neste s\u00e1bado, 11, \u00e9 dia de vacinar contra a gripe<\/span><\/a><\/p>\n","protected":false},"author":2,"featured_media":65113,"comment_status":"open","ping_status":"closed","sticky":false,"template":"","format":"standard","meta":{"footnotes":""},"categories":[1],"tags":[],"class_list":["post-65111","post","type-post","status-publish","format-standard","has-post-thumbnail","hentry","category-noticias","thumb-below-title"],"yoast_head":"<!-- This site is optimized with the Yoast SEO plugin v27.4 - https:\/\/yoast.com\/product\/yoast-seo-wordpress\/ -->\n<title>Neste s\u00e1bado, 11, \u00e9 dia de vacinar contra a gripe | Marcelo Lopes<\/title>\n<meta name=\"description\" content=\"Neste s\u00e1bado, 11, \u00e9 dia de vacinar contra a gripe. Campanha mobiliza toda Minas Gerais para alcan\u00e7ar grupos priorit\u00e1rios.\" \/>\n<meta name=\"robots\" content=\"index, follow, max-snippet:-1, max-image-preview:large, max-video-preview:-1\" \/>\n<link rel=\"canonical\" href=\"https:\/\/marcelolopes.jor.br\/site\/2026\/04\/10\/neste-sabado-11-e-dia-de-vacinar-contra-a-gripe\/\" \/>\n<meta property=\"og:locale\" content=\"pt_BR\" \/>\n<meta property=\"og:type\" content=\"article\" \/>\n<meta property=\"og:title\" content=\"Neste s\u00e1bado, 11, \u00e9 dia de vacinar contra a gripe | Marcelo Lopes\" \/>\n<meta property=\"og:description\" content=\"Neste s\u00e1bado, 11, \u00e9 dia de vacinar contra a gripe. Campanha mobiliza toda Minas Gerais para alcan\u00e7ar grupos priorit\u00e1rios.\" \/>\n<meta property=\"og:url\" content=\"https:\/\/marcelolopes.jor.br\/site\/2026\/04\/10\/neste-sabado-11-e-dia-de-vacinar-contra-a-gripe\/\" \/>\n<meta property=\"og:site_name\" content=\"Marcelo Lopes\" \/>\n<meta property=\"article:publisher\" content=\"https:\/\/www.facebook.com\/sitedomarcelolopes\" \/>\n<meta property=\"article:published_time\" content=\"2026-04-10T16:00:46+00:00\" \/>\n<meta property=\"og:image\" content=\"https:\/\/marcelolopes.jor.br\/site\/wp-content\/uploads\/2026\/04\/Vacina.jpg\" \/>\n\t<meta property=\"og:image:width\" content=\"800\" \/>\n\t<meta property=\"og:image:height\" content=\"550\" \/>\n\t<meta property=\"og:image:type\" content=\"image\/jpeg\" \/>\n<meta name=\"author\" content=\"Marcelo Lopes\" \/>\n<meta name=\"twitter:card\" content=\"summary_large_image\" \/>\n<meta name=\"twitter:label1\" content=\"Escrito por\" \/>\n\t<meta name=\"twitter:data1\" content=\"Marcelo Lopes\" \/>\n\t<meta name=\"twitter:label2\" content=\"Est. tempo de leitura\" \/>\n\t<meta name=\"twitter:data2\" content=\"2 minutos\" \/>\n<script type=\"application\/ld+json\" class=\"yoast-schema-graph\">{\"@context\":\"https:\\\/\\\/schema.org\",\"@graph\":[{\"@type\":\"NewsArticle\",\"@id\":\"https:\\\/\\\/marcelolopes.jor.br\\\/site\\\/2026\\\/04\\\/10\\\/neste-sabado-11-e-dia-de-vacinar-contra-a-gripe\\\/#article\",\"isPartOf\":{\"@id\":\"https:\\\/\\\/marcelolopes.jor.br\\\/site\\\/2026\\\/04\\\/10\\\/neste-sabado-11-e-dia-de-vacinar-contra-a-gripe\\\/\"},\"author\":{\"name\":\"Marcelo Lopes\",\"@id\":\"https:\\\/\\\/marcelolopes.jor.br\\\/site\\\/#\\\/schema\\\/person\\\/3e7216a35c34d8fdf952b31da3d1f89f\"},\"headline\":\"Neste s\u00e1bado, 11, \u00e9 dia de vacinar contra a gripe\",\"datePublished\":\"2026-04-10T16:00:46+00:00\",\"mainEntityOfPage\":{\"@id\":\"https:\\\/\\\/marcelolopes.jor.br\\\/site\\\/2026\\\/04\\\/10\\\/neste-sabado-11-e-dia-de-vacinar-contra-a-gripe\\\/\"},\"wordCount\":310,\"commentCount\":0,\"publisher\":{\"@id\":\"https:\\\/\\\/marcelolopes.jor.br\\\/site\\\/#organization\"},\"image\":{\"@id\":\"https:\\\/\\\/marcelolopes.jor.br\\\/site\\\/2026\\\/04\\\/10\\\/neste-sabado-11-e-dia-de-vacinar-contra-a-gripe\\\/#primaryimage\"},\"thumbnailUrl\":\"https:\\\/\\\/marcelolopes.jor.br\\\/site\\\/wp-content\\\/uploads\\\/2026\\\/04\\\/Vacina.jpg\",\"articleSection\":[\"Not\u00edcias\"],\"inLanguage\":\"pt-BR\",\"potentialAction\":[{\"@type\":\"CommentAction\",\"name\":\"Comment\",\"target\":[\"https:\\\/\\\/marcelolopes.jor.br\\\/site\\\/2026\\\/04\\\/10\\\/neste-sabado-11-e-dia-de-vacinar-contra-a-gripe\\\/#respond\"]}]},{\"@type\":\"WebPage\",\"@id\":\"https:\\\/\\\/marcelolopes.jor.br\\\/site\\\/2026\\\/04\\\/10\\\/neste-sabado-11-e-dia-de-vacinar-contra-a-gripe\\\/\",\"url\":\"https:\\\/\\\/marcelolopes.jor.br\\\/site\\\/2026\\\/04\\\/10\\\/neste-sabado-11-e-dia-de-vacinar-contra-a-gripe\\\/\",\"name\":\"Neste s\u00e1bado, 11, \u00e9 dia de vacinar contra a gripe | Marcelo Lopes\",\"isPartOf\":{\"@id\":\"https:\\\/\\\/marcelolopes.jor.br\\\/site\\\/#website\"},\"primaryImageOfPage\":{\"@id\":\"https:\\\/\\\/marcelolopes.jor.br\\\/site\\\/2026\\\/04\\\/10\\\/neste-sabado-11-e-dia-de-vacinar-contra-a-gripe\\\/#primaryimage\"},\"image\":{\"@id\":\"https:\\\/\\\/marcelolopes.jor.br\\\/site\\\/2026\\\/04\\\/10\\\/neste-sabado-11-e-dia-de-vacinar-contra-a-gripe\\\/#primaryimage\"},\"thumbnailUrl\":\"https:\\\/\\\/marcelolopes.jor.br\\\/site\\\/wp-content\\\/uploads\\\/2026\\\/04\\\/Vacina.jpg\",\"datePublished\":\"2026-04-10T16:00:46+00:00\",\"description\":\"Neste s\u00e1bado, 11, \u00e9 dia de vacinar contra a gripe. Campanha mobiliza toda Minas Gerais para alcan\u00e7ar grupos priorit\u00e1rios.\",\"breadcrumb\":{\"@id\":\"https:\\\/\\\/marcelolopes.jor.br\\\/site\\\/2026\\\/04\\\/10\\\/neste-sabado-11-e-dia-de-vacinar-contra-a-gripe\\\/#breadcrumb\"},\"inLanguage\":\"pt-BR\",\"potentialAction\":[{\"@type\":\"ReadAction\",\"target\":[\"https:\\\/\\\/marcelolopes.jor.br\\\/site\\\/2026\\\/04\\\/10\\\/neste-sabado-11-e-dia-de-vacinar-contra-a-gripe\\\/\"]}]},{\"@type\":\"ImageObject\",\"inLanguage\":\"pt-BR\",\"@id\":\"https:\\\/\\\/marcelolopes.jor.br\\\/site\\\/2026\\\/04\\\/10\\\/neste-sabado-11-e-dia-de-vacinar-contra-a-gripe\\\/#primaryimage\",\"url\":\"https:\\\/\\\/marcelolopes.jor.br\\\/site\\\/wp-content\\\/uploads\\\/2026\\\/04\\\/Vacina.jpg\",\"contentUrl\":\"https:\\\/\\\/marcelolopes.jor.br\\\/site\\\/wp-content\\\/uploads\\\/2026\\\/04\\\/Vacina.jpg\",\"width\":800,\"height\":550,\"caption\":\"Neste s\u00e1bado, 11, \u00e9\"},{\"@type\":\"BreadcrumbList\",\"@id\":\"https:\\\/\\\/marcelolopes.jor.br\\\/site\\\/2026\\\/04\\\/10\\\/neste-sabado-11-e-dia-de-vacinar-contra-a-gripe\\\/#breadcrumb\",\"itemListElement\":[{\"@type\":\"ListItem\",\"position\":1,\"name\":\"Home\",\"item\":\"https:\\\/\\\/marcelolopes.jor.br\\\/site\\\/\"},{\"@type\":\"ListItem\",\"position\":2,\"name\":\"Neste s\u00e1bado, 11, \u00e9 dia de vacinar contra a gripe\"}]},{\"@type\":\"WebSite\",\"@id\":\"https:\\\/\\\/marcelolopes.jor.br\\\/site\\\/#website\",\"url\":\"https:\\\/\\\/marcelolopes.jor.br\\\/site\\\/\",\"name\":\"Marcelo Lopes\",\"description\":\"Not\u00edcias de Cataguases e Regi\u00e3o\",\"publisher\":{\"@id\":\"https:\\\/\\\/marcelolopes.jor.br\\\/site\\\/#organization\"},\"potentialAction\":[{\"@type\":\"SearchAction\",\"target\":{\"@type\":\"EntryPoint\",\"urlTemplate\":\"https:\\\/\\\/marcelolopes.jor.br\\\/site\\\/?s={search_term_string}\"},\"query-input\":{\"@type\":\"PropertyValueSpecification\",\"valueRequired\":true,\"valueName\":\"search_term_string\"}}],\"inLanguage\":\"pt-BR\"},{\"@type\":\"Organization\",\"@id\":\"https:\\\/\\\/marcelolopes.jor.br\\\/site\\\/#organization\",\"name\":\"Site do Marcelo Lopes\",\"url\":\"https:\\\/\\\/marcelolopes.jor.br\\\/site\\\/\",\"logo\":{\"@type\":\"ImageObject\",\"inLanguage\":\"pt-BR\",\"@id\":\"https:\\\/\\\/marcelolopes.jor.br\\\/site\\\/#\\\/schema\\\/logo\\\/image\\\/\",\"url\":\"https:\\\/\\\/marcelolopes.jor.br\\\/site\\\/wp-content\\\/uploads\\\/2024\\\/11\\\/logo-1.png\",\"contentUrl\":\"https:\\\/\\\/marcelolopes.jor.br\\\/site\\\/wp-content\\\/uploads\\\/2024\\\/11\\\/logo-1.png\",\"width\":475,\"height\":80,\"caption\":\"Site do Marcelo Lopes\"},\"image\":{\"@id\":\"https:\\\/\\\/marcelolopes.jor.br\\\/site\\\/#\\\/schema\\\/logo\\\/image\\\/\"},\"sameAs\":[\"https:\\\/\\\/www.facebook.com\\\/sitedomarcelolopes\",\"https:\\\/\\\/www.instagram.com\\\/sitedomarcelolopes\\\/\",\"https:\\\/\\\/www.linkedin.com\\\/company\\\/site-do-marcelo-lopes\\\/\",\"https:\\\/\\\/www.youtube.com\\\/user\\\/marcelolopes957\"]},{\"@type\":\"Person\",\"@id\":\"https:\\\/\\\/marcelolopes.jor.br\\\/site\\\/#\\\/schema\\\/person\\\/3e7216a35c34d8fdf952b31da3d1f89f\",\"name\":\"Marcelo Lopes\",\"sameAs\":[\"http:\\\/\\\/www.marcelolopes.jor.br\"],\"url\":\"https:\\\/\\\/marcelolopes.jor.br\\\/site\\\/author\\\/marcelo\\\/\"}]}<\/script>\n<!-- \/ Yoast SEO plugin. -->","yoast_head_json":{"title":"Neste s\u00e1bado, 11, \u00e9 dia de vacinar contra a gripe | Marcelo Lopes","description":"Neste s\u00e1bado, 11, \u00e9 dia de vacinar contra a gripe. Campanha mobiliza toda Minas Gerais para alcan\u00e7ar grupos priorit\u00e1rios.","robots":{"index":"index","follow":"follow","max-snippet":"max-snippet:-1","max-image-preview":"max-image-preview:large","max-video-preview":"max-video-preview:-1"},"canonical":"https:\/\/marcelolopes.jor.br\/site\/2026\/04\/10\/neste-sabado-11-e-dia-de-vacinar-contra-a-gripe\/","og_locale":"pt_BR","og_type":"article","og_title":"Neste s\u00e1bado, 11, \u00e9 dia de vacinar contra a gripe | Marcelo Lopes","og_description":"Neste s\u00e1bado, 11, \u00e9 dia de vacinar contra a gripe. Campanha mobiliza toda Minas Gerais para alcan\u00e7ar grupos priorit\u00e1rios.","og_url":"https:\/\/marcelolopes.jor.br\/site\/2026\/04\/10\/neste-sabado-11-e-dia-de-vacinar-contra-a-gripe\/","og_site_name":"Marcelo Lopes","article_publisher":"https:\/\/www.facebook.com\/sitedomarcelolopes","article_published_time":"2026-04-10T16:00:46+00:00","og_image":[{"width":800,"height":550,"url":"https:\/\/marcelolopes.jor.br\/site\/wp-content\/uploads\/2026\/04\/Vacina.jpg","type":"image\/jpeg"}],"author":"Marcelo Lopes","twitter_card":"summary_large_image","twitter_misc":{"Escrito por":"Marcelo Lopes","Est. tempo de leitura":"2 minutos"},"schema":{"@context":"https:\/\/schema.org","@graph":[{"@type":"NewsArticle","@id":"https:\/\/marcelolopes.jor.br\/site\/2026\/04\/10\/neste-sabado-11-e-dia-de-vacinar-contra-a-gripe\/#article","isPartOf":{"@id":"https:\/\/marcelolopes.jor.br\/site\/2026\/04\/10\/neste-sabado-11-e-dia-de-vacinar-contra-a-gripe\/"},"author":{"name":"Marcelo Lopes","@id":"https:\/\/marcelolopes.jor.br\/site\/#\/schema\/person\/3e7216a35c34d8fdf952b31da3d1f89f"},"headline":"Neste s\u00e1bado, 11, \u00e9 dia de vacinar contra a gripe","datePublished":"2026-04-10T16:00:46+00:00","mainEntityOfPage":{"@id":"https:\/\/marcelolopes.jor.br\/site\/2026\/04\/10\/neste-sabado-11-e-dia-de-vacinar-contra-a-gripe\/"},"wordCount":310,"commentCount":0,"publisher":{"@id":"https:\/\/marcelolopes.jor.br\/site\/#organization"},"image":{"@id":"https:\/\/marcelolopes.jor.br\/site\/2026\/04\/10\/neste-sabado-11-e-dia-de-vacinar-contra-a-gripe\/#primaryimage"},"thumbnailUrl":"https:\/\/marcelolopes.jor.br\/site\/wp-content\/uploads\/2026\/04\/Vacina.jpg","articleSection":["Not\u00edcias"],"inLanguage":"pt-BR","potentialAction":[{"@type":"CommentAction","name":"Comment","target":["https:\/\/marcelolopes.jor.br\/site\/2026\/04\/10\/neste-sabado-11-e-dia-de-vacinar-contra-a-gripe\/#respond"]}]},{"@type":"WebPage","@id":"https:\/\/marcelolopes.jor.br\/site\/2026\/04\/10\/neste-sabado-11-e-dia-de-vacinar-contra-a-gripe\/","url":"https:\/\/marcelolopes.jor.br\/site\/2026\/04\/10\/neste-sabado-11-e-dia-de-vacinar-contra-a-gripe\/","name":"Neste s\u00e1bado, 11, \u00e9 dia de vacinar contra a gripe | Marcelo Lopes","isPartOf":{"@id":"https:\/\/marcelolopes.jor.br\/site\/#website"},"primaryImageOfPage":{"@id":"https:\/\/marcelolopes.jor.br\/site\/2026\/04\/10\/neste-sabado-11-e-dia-de-vacinar-contra-a-gripe\/#primaryimage"},"image":{"@id":"https:\/\/marcelolopes.jor.br\/site\/2026\/04\/10\/neste-sabado-11-e-dia-de-vacinar-contra-a-gripe\/#primaryimage"},"thumbnailUrl":"https:\/\/marcelolopes.jor.br\/site\/wp-content\/uploads\/2026\/04\/Vacina.jpg","datePublished":"2026-04-10T16:00:46+00:00","description":"Neste s\u00e1bado, 11, \u00e9 dia de vacinar contra a gripe. Campanha mobiliza toda Minas Gerais para alcan\u00e7ar grupos priorit\u00e1rios.","breadcrumb":{"@id":"https:\/\/marcelolopes.jor.br\/site\/2026\/04\/10\/neste-sabado-11-e-dia-de-vacinar-contra-a-gripe\/#breadcrumb"},"inLanguage":"pt-BR","potentialAction":[{"@type":"ReadAction","target":["https:\/\/marcelolopes.jor.br\/site\/2026\/04\/10\/neste-sabado-11-e-dia-de-vacinar-contra-a-gripe\/"]}]},{"@type":"ImageObject","inLanguage":"pt-BR","@id":"https:\/\/marcelolopes.jor.br\/site\/2026\/04\/10\/neste-sabado-11-e-dia-de-vacinar-contra-a-gripe\/#primaryimage","url":"https:\/\/marcelolopes.jor.br\/site\/wp-content\/uploads\/2026\/04\/Vacina.jpg","contentUrl":"https:\/\/marcelolopes.jor.br\/site\/wp-content\/uploads\/2026\/04\/Vacina.jpg","width":800,"height":550,"caption":"Neste s\u00e1bado, 11, \u00e9"},{"@type":"BreadcrumbList","@id":"https:\/\/marcelolopes.jor.br\/site\/2026\/04\/10\/neste-sabado-11-e-dia-de-vacinar-contra-a-gripe\/#breadcrumb","itemListElement":[{"@type":"ListItem","position":1,"name":"Home","item":"https:\/\/marcelolopes.jor.br\/site\/"},{"@type":"ListItem","position":2,"name":"Neste s\u00e1bado, 11, \u00e9 dia de vacinar contra a gripe"}]},{"@type":"WebSite","@id":"https:\/\/marcelolopes.jor.br\/site\/#website","url":"https:\/\/marcelolopes.jor.br\/site\/","name":"Marcelo Lopes","description":"Not\u00edcias de Cataguases e Regi\u00e3o","publisher":{"@id":"https:\/\/marcelolopes.jor.br\/site\/#organization"},"potentialAction":[{"@type":"SearchAction","target":{"@type":"EntryPoint","urlTemplate":"https:\/\/marcelolopes.jor.br\/site\/?s={search_term_string}"},"query-input":{"@type":"PropertyValueSpecification","valueRequired":true,"valueName":"search_term_string"}}],"inLanguage":"pt-BR"},{"@type":"Organization","@id":"https:\/\/marcelolopes.jor.br\/site\/#organization","name":"Site do Marcelo Lopes","url":"https:\/\/marcelolopes.jor.br\/site\/","logo":{"@type":"ImageObject","inLanguage":"pt-BR","@id":"https:\/\/marcelolopes.jor.br\/site\/#\/schema\/logo\/image\/","url":"https:\/\/marcelolopes.jor.br\/site\/wp-content\/uploads\/2024\/11\/logo-1.png","contentUrl":"https:\/\/marcelolopes.jor.br\/site\/wp-content\/uploads\/2024\/11\/logo-1.png","width":475,"height":80,"caption":"Site do Marcelo Lopes"},"image":{"@id":"https:\/\/marcelolopes.jor.br\/site\/#\/schema\/logo\/image\/"},"sameAs":["https:\/\/www.facebook.com\/sitedomarcelolopes","https:\/\/www.instagram.com\/sitedomarcelolopes\/","https:\/\/www.linkedin.com\/company\/site-do-marcelo-lopes\/","https:\/\/www.youtube.com\/user\/marcelolopes957"]},{"@type":"Person","@id":"https:\/\/marcelolopes.jor.br\/site\/#\/schema\/person\/3e7216a35c34d8fdf952b31da3d1f89f","name":"Marcelo Lopes","sameAs":["http:\/\/www.marcelolopes.jor.br"],"url":"https:\/\/marcelolopes.jor.br\/site\/author\/marcelo\/"}]}},"wps_subtitle":"Campanha mobiliza toda Minas Gerais para alcan\u00e7ar grupos priorit\u00e1rios.","_links":{"self":[{"href":"https:\/\/marcelolopes.jor.br\/site\/wp-json\/wp\/v2\/posts\/65111","targetHints":{"allow":["GET"]}}],"collection":[{"href":"https:\/\/marcelolopes.jor.br\/site\/wp-json\/wp\/v2\/posts"}],"about":[{"href":"https:\/\/marcelolopes.jor.br\/site\/wp-json\/wp\/v2\/types\/post"}],"author":[{"embeddable":true,"href":"https:\/\/marcelolopes.jor.br\/site\/wp-json\/wp\/v2\/users\/2"}],"replies":[{"embeddable":true,"href":"https:\/\/marcelolopes.jor.br\/site\/wp-json\/wp\/v2\/comments?post=65111"}],"version-history":[{"count":3,"href":"https:\/\/marcelolopes.jor.br\/site\/wp-json\/wp\/v2\/posts\/65111\/revisions"}],"predecessor-version":[{"id":65115,"href":"https:\/\/marcelolopes.jor.br\/site\/wp-json\/wp\/v2\/posts\/65111\/revisions\/65115"}],"wp:featuredmedia":[{"embeddable":true,"href":"https:\/\/marcelolopes.jor.br\/site\/wp-json\/wp\/v2\/media\/65113"}],"wp:attachment":[{"href":"https:\/\/marcelolopes.jor.br\/site\/wp-json\/wp\/v2\/media?parent=65111"}],"wp:term":[{"taxonomy":"category","embeddable":true,"href":"https:\/\/marcelolopes.jor.br\/site\/wp-json\/wp\/v2\/categories?post=65111"},{"taxonomy":"post_tag","embeddable":true,"href":"https:\/\/marcelolopes.jor.br\/site\/wp-json\/wp\/v2\/tags?post=65111"}],"curies":[{"name":"wp","href":"https:\/\/api.w.org\/{rel}","templated":true}]}}