{"id":65057,"date":"2026-04-08T16:00:35","date_gmt":"2026-04-08T19:00:35","guid":{"rendered":"https:\/\/marcelolopes.jor.br\/site\/?p=65057"},"modified":"2026-04-08T10:50:00","modified_gmt":"2026-04-08T13:50:00","slug":"motociclista-de-mirai-morre-em-acidente-na-estrada-para-guiricema","status":"publish","type":"post","link":"https:\/\/marcelolopes.jor.br\/site\/2026\/04\/08\/motociclista-de-mirai-morre-em-acidente-na-estrada-para-guiricema\/","title":{"rendered":"Motociclista de Mira\u00ed morre em acidente na estrada para Guiricema"},"content":{"rendered":"<p>Um motociclista de 45 anos, identificado como Iza\u00edas Riguini Silva, mais conhecido como Iza\u00edas Motoboy, morreu ap\u00f3s se envolver em uma colis\u00e3o na rodovia MG 447, em Mira\u00ed, na tarde desta ter\u00e7a-feira, 7 de abril.<!--more--><\/p>\n<h4 class=\"p1\"><span class=\"s1\">\ud83d\udcf8\u00a0<span style=\"color: #008000;\">Siga o Site do Marcelo Lopes no<\/span>\u00a0<span style=\"color: #800000;\"><a style=\"color: #800000;\" href=\"https:\/\/www.facebook.com\/sitedomarcelolopes\/\"><strong>Facebook<\/strong><\/a><\/span>\u00a0<span style=\"color: #008000;\">e no<\/span>\u00a0<span style=\"color: #800000;\"><strong><a style=\"color: #800000;\" href=\"https:\/\/www.instagram.com\/sitedomarcelolopes\/\">Instagram<\/a><\/strong><\/span><\/span><\/h4>\n<h4 class=\"p1\">\ud83d\udcf1<span style=\"color: #008000;\">Participe do grupo de<\/span>\u00a0<span style=\"color: #800000;\"><a style=\"color: #800000;\" href=\"https:\/\/chat.whatsapp.com\/BibzcI1ibYSKytbdyzubLA\"><strong>WhatsApp<\/strong><\/a><\/span> <span style=\"color: #008000;\">do Site do Marcelo Lopes<\/span><\/h4>\n<p>O acidente envolveu tr\u00eas ve\u00edculos sendo a motocicleta Honda CG160 Fan, um caminh\u00e3o Mercedes Benz 1016 e um ve\u00edculo de carga n\u00e3o identificado.<\/p>\n<p>De acordo com informa\u00e7\u00f5es da Pol\u00edcia Militar Rodovi\u00e1ria a motocicleta de Iza\u00edas Motoboy teria batido em dois caminh\u00f5es, em sequ\u00eancia, vindo a cair ao ch\u00e3o logo depois.<\/p>\n<p>O Servi\u00e7o de Atendimento M\u00f3vel de Urg\u00eancia &#8211; SAMU &#8211; prestou atendimento ao motociclista &#8211; que foi a \u00fanica v\u00edtima &#8211; e constatou seu \u00f3bito.<\/p>\n<p>A per\u00edcia t\u00e9cnica da Pol\u00edcia Civil foi acionada comparecendo ao local e ap\u00f3s realizar os trabalhos de praxe liberou os ve\u00edculos e o corpo da v\u00edtima, que foi encaminhado para o IML de Leopoldina por uma empresa funer\u00e1ria.<\/p>\n<p>Iza\u00edas Motoboy era muito conhecido em Mira\u00ed e sua morte repentina causou como\u00e7\u00e3o na cidade. A presidente da C\u00e2mara Municipal, vereadora Milena Rocha, fez um coment\u00e1rio em uma rede social sobre a perda do amigo, que resume o sentimento popular na cidade.<em>&#8220;&#8230;o cora\u00e7\u00e3o d\u00f3i\u2026 meus sentimentos aos filhos e a todos familiares! Que Deus os conforte nesse momento\u2026 sem palavras.&#8221;<\/em><\/p>\n<p><strong>OUTRAS NOT\u00cdCIAS<\/strong><br \/>\n<a href=\"https:\/\/marcelolopes.jor.br\/site\/2026\/03\/09\/idoso-morre-apos-ser-atropelado-por-caminhao-em-mirai\/\"><strong><span style=\"color: #800000;\">Idoso morre ap\u00f3s ser atropelado por caminh\u00e3o em Mira\u00ed<\/span><\/strong><\/a><\/p>\n<p><a href=\"https:\/\/marcelolopes.jor.br\/site\/2026\/01\/29\/furto-de-veiculo-em-mirai-termina-com-prisao-em-flagrante\/\"><strong><span style=\"color: #800000;\">Furto de ve\u00edculo em Mira\u00ed termina com pris\u00e3o em flagrante<\/span><\/strong><\/a><\/p>\n<p>*Com informa\u00e7\u00f5es e foto do Portal RKF e PMRV<\/p>\n<div class=\"oztlk69f764c648e6b\" ><br><\/div><style type=\"text\/css\">\r\n@media screen and (min-width: 1201px) {\r\n.oztlk69f764c648e6b {\r\ndisplay: block;\r\n}\r\n}\r\n@media screen and (min-width: 993px) and (max-width: 1200px) {\r\n.oztlk69f764c648e6b {\r\ndisplay: block;\r\n}\r\n}\r\n@media screen and (min-width: 769px) and (max-width: 992px) {\r\n.oztlk69f764c648e6b {\r\ndisplay: block;\r\n}\r\n}\r\n@media screen and (min-width: 768px) and (max-width: 768px) {\r\n.oztlk69f764c648e6b {\r\ndisplay: block;\r\n}\r\n}\r\n@media screen and (max-width: 767px) {\r\n.oztlk69f764c648e6b {\r\ndisplay: block;\r\n}\r\n}\r\n<\/style>\r\n<div class=\"wskcz69f764c64e568\" ><div id=\"div_destino\"><\/div>\r\n<script src=\"https:\/\/cdn.snsrsv.com\/sdk.js\"><\/script>\r\n<script >\r\n      new sdk(\"464030C30061EA8BE065000000000001\") \r\n          .appendTo(\"div_destino\")\r\n          .disableStyle(true) \r\n          .setCacheBusterMacro(\"%%CACHEBUSTER%%\")\r\n          .setSize(\"800\",\"214\")\r\n          .setClickMacro(\"%%CLICK_URL_ESC%%\") \r\n          .setReferrerUrlMacro(\"%%REFERRER_URL_ESC%%\") \r\n          .start(); \r\n<\/script><\/div><style type=\"text\/css\">\r\n@media screen and (min-width: 1201px) {\r\n.wskcz69f764c64e568 {\r\ndisplay: block;\r\n}\r\n}\r\n@media screen and (min-width: 993px) and (max-width: 1200px) {\r\n.wskcz69f764c64e568 {\r\ndisplay: block;\r\n}\r\n}\r\n@media screen and (min-width: 769px) and (max-width: 992px) {\r\n.wskcz69f764c64e568 {\r\ndisplay: block;\r\n}\r\n}\r\n@media screen and (min-width: 768px) and (max-width: 768px) {\r\n.wskcz69f764c64e568 {\r\ndisplay: block;\r\n}\r\n}\r\n@media screen and (max-width: 767px) {\r\n.wskcz69f764c64e568 {\r\ndisplay: block;\r\n}\r\n}\r\n<\/style>\r\n","protected":false},"excerpt":{"rendered":"<p>Um motociclista de 45 anos, identificado como Iza\u00edas Riguini Silva, mais conhecido como Iza\u00edas Motoboy, morreu ap\u00f3s se envolver em uma colis\u00e3o na rodovia MG 447, em Mira\u00ed, na tarde desta ter\u00e7a-feira, 7 de abril.<\/p>\n","protected":false},"author":2,"featured_media":65058,"comment_status":"open","ping_status":"closed","sticky":false,"template":"","format":"standard","meta":{"footnotes":""},"categories":[1],"tags":[],"class_list":["post-65057","post","type-post","status-publish","format-standard","has-post-thumbnail","hentry","category-noticias","thumb-below-title"],"yoast_head":"<!-- This site is optimized with the Yoast SEO plugin v27.4 - https:\/\/yoast.com\/product\/yoast-seo-wordpress\/ -->\n<title>Motociclista de Mira\u00ed morre em acidente na estrada para Guiricema | Marcelo Lopes<\/title>\n<meta name=\"description\" content=\"Motociclista de Mira\u00ed morre em acidente na estrada para Guiricema. Iza\u00edas Motoboy era muito conhecido e sua morte causou como\u00e7\u00e3o na cidade.\" \/>\n<meta name=\"robots\" content=\"index, follow, max-snippet:-1, max-image-preview:large, max-video-preview:-1\" \/>\n<link rel=\"canonical\" href=\"https:\/\/marcelolopes.jor.br\/site\/2026\/04\/08\/motociclista-de-mirai-morre-em-acidente-na-estrada-para-guiricema\/\" \/>\n<meta property=\"og:locale\" content=\"pt_BR\" \/>\n<meta property=\"og:type\" content=\"article\" \/>\n<meta property=\"og:title\" content=\"Motociclista de Mira\u00ed morre em acidente na estrada para Guiricema | Marcelo Lopes\" \/>\n<meta property=\"og:description\" content=\"Motociclista de Mira\u00ed morre em acidente na estrada para Guiricema. Iza\u00edas Motoboy era muito conhecido e sua morte causou como\u00e7\u00e3o na cidade.\" \/>\n<meta property=\"og:url\" content=\"https:\/\/marcelolopes.jor.br\/site\/2026\/04\/08\/motociclista-de-mirai-morre-em-acidente-na-estrada-para-guiricema\/\" \/>\n<meta property=\"og:site_name\" content=\"Marcelo Lopes\" \/>\n<meta property=\"article:publisher\" content=\"https:\/\/www.facebook.com\/sitedomarcelolopes\" \/>\n<meta property=\"article:published_time\" content=\"2026-04-08T19:00:35+00:00\" \/>\n<meta property=\"og:image\" content=\"https:\/\/marcelolopes.jor.br\/site\/wp-content\/uploads\/2026\/04\/Izaias.jpg\" \/>\n\t<meta property=\"og:image:width\" content=\"800\" \/>\n\t<meta property=\"og:image:height\" content=\"550\" \/>\n\t<meta property=\"og:image:type\" content=\"image\/jpeg\" \/>\n<meta name=\"author\" content=\"Marcelo Lopes\" \/>\n<meta name=\"twitter:card\" content=\"summary_large_image\" \/>\n<meta name=\"twitter:label1\" content=\"Escrito por\" \/>\n\t<meta name=\"twitter:data1\" content=\"Marcelo Lopes\" \/>\n\t<meta name=\"twitter:label2\" content=\"Est. tempo de leitura\" \/>\n\t<meta name=\"twitter:data2\" content=\"1 minuto\" \/>\n<script type=\"application\/ld+json\" class=\"yoast-schema-graph\">{\"@context\":\"https:\\\/\\\/schema.org\",\"@graph\":[{\"@type\":\"NewsArticle\",\"@id\":\"https:\\\/\\\/marcelolopes.jor.br\\\/site\\\/2026\\\/04\\\/08\\\/motociclista-de-mirai-morre-em-acidente-na-estrada-para-guiricema\\\/#article\",\"isPartOf\":{\"@id\":\"https:\\\/\\\/marcelolopes.jor.br\\\/site\\\/2026\\\/04\\\/08\\\/motociclista-de-mirai-morre-em-acidente-na-estrada-para-guiricema\\\/\"},\"author\":{\"name\":\"Marcelo Lopes\",\"@id\":\"https:\\\/\\\/marcelolopes.jor.br\\\/site\\\/#\\\/schema\\\/person\\\/3e7216a35c34d8fdf952b31da3d1f89f\"},\"headline\":\"Motociclista de Mira\u00ed morre em acidente na estrada para Guiricema\",\"datePublished\":\"2026-04-08T19:00:35+00:00\",\"mainEntityOfPage\":{\"@id\":\"https:\\\/\\\/marcelolopes.jor.br\\\/site\\\/2026\\\/04\\\/08\\\/motociclista-de-mirai-morre-em-acidente-na-estrada-para-guiricema\\\/\"},\"wordCount\":306,\"commentCount\":0,\"publisher\":{\"@id\":\"https:\\\/\\\/marcelolopes.jor.br\\\/site\\\/#organization\"},\"image\":{\"@id\":\"https:\\\/\\\/marcelolopes.jor.br\\\/site\\\/2026\\\/04\\\/08\\\/motociclista-de-mirai-morre-em-acidente-na-estrada-para-guiricema\\\/#primaryimage\"},\"thumbnailUrl\":\"https:\\\/\\\/marcelolopes.jor.br\\\/site\\\/wp-content\\\/uploads\\\/2026\\\/04\\\/Izaias.jpg\",\"articleSection\":[\"Not\u00edcias\"],\"inLanguage\":\"pt-BR\",\"potentialAction\":[{\"@type\":\"CommentAction\",\"name\":\"Comment\",\"target\":[\"https:\\\/\\\/marcelolopes.jor.br\\\/site\\\/2026\\\/04\\\/08\\\/motociclista-de-mirai-morre-em-acidente-na-estrada-para-guiricema\\\/#respond\"]}]},{\"@type\":\"WebPage\",\"@id\":\"https:\\\/\\\/marcelolopes.jor.br\\\/site\\\/2026\\\/04\\\/08\\\/motociclista-de-mirai-morre-em-acidente-na-estrada-para-guiricema\\\/\",\"url\":\"https:\\\/\\\/marcelolopes.jor.br\\\/site\\\/2026\\\/04\\\/08\\\/motociclista-de-mirai-morre-em-acidente-na-estrada-para-guiricema\\\/\",\"name\":\"Motociclista de Mira\u00ed morre em acidente na estrada para Guiricema | Marcelo Lopes\",\"isPartOf\":{\"@id\":\"https:\\\/\\\/marcelolopes.jor.br\\\/site\\\/#website\"},\"primaryImageOfPage\":{\"@id\":\"https:\\\/\\\/marcelolopes.jor.br\\\/site\\\/2026\\\/04\\\/08\\\/motociclista-de-mirai-morre-em-acidente-na-estrada-para-guiricema\\\/#primaryimage\"},\"image\":{\"@id\":\"https:\\\/\\\/marcelolopes.jor.br\\\/site\\\/2026\\\/04\\\/08\\\/motociclista-de-mirai-morre-em-acidente-na-estrada-para-guiricema\\\/#primaryimage\"},\"thumbnailUrl\":\"https:\\\/\\\/marcelolopes.jor.br\\\/site\\\/wp-content\\\/uploads\\\/2026\\\/04\\\/Izaias.jpg\",\"datePublished\":\"2026-04-08T19:00:35+00:00\",\"description\":\"Motociclista de Mira\u00ed morre em acidente na estrada para Guiricema. Iza\u00edas Motoboy era muito conhecido e sua morte causou como\u00e7\u00e3o na cidade.\",\"breadcrumb\":{\"@id\":\"https:\\\/\\\/marcelolopes.jor.br\\\/site\\\/2026\\\/04\\\/08\\\/motociclista-de-mirai-morre-em-acidente-na-estrada-para-guiricema\\\/#breadcrumb\"},\"inLanguage\":\"pt-BR\",\"potentialAction\":[{\"@type\":\"ReadAction\",\"target\":[\"https:\\\/\\\/marcelolopes.jor.br\\\/site\\\/2026\\\/04\\\/08\\\/motociclista-de-mirai-morre-em-acidente-na-estrada-para-guiricema\\\/\"]}]},{\"@type\":\"ImageObject\",\"inLanguage\":\"pt-BR\",\"@id\":\"https:\\\/\\\/marcelolopes.jor.br\\\/site\\\/2026\\\/04\\\/08\\\/motociclista-de-mirai-morre-em-acidente-na-estrada-para-guiricema\\\/#primaryimage\",\"url\":\"https:\\\/\\\/marcelolopes.jor.br\\\/site\\\/wp-content\\\/uploads\\\/2026\\\/04\\\/Izaias.jpg\",\"contentUrl\":\"https:\\\/\\\/marcelolopes.jor.br\\\/site\\\/wp-content\\\/uploads\\\/2026\\\/04\\\/Izaias.jpg\",\"width\":800,\"height\":550,\"caption\":\"Motociclista de Mira\u00ed morre\"},{\"@type\":\"BreadcrumbList\",\"@id\":\"https:\\\/\\\/marcelolopes.jor.br\\\/site\\\/2026\\\/04\\\/08\\\/motociclista-de-mirai-morre-em-acidente-na-estrada-para-guiricema\\\/#breadcrumb\",\"itemListElement\":[{\"@type\":\"ListItem\",\"position\":1,\"name\":\"Home\",\"item\":\"https:\\\/\\\/marcelolopes.jor.br\\\/site\\\/\"},{\"@type\":\"ListItem\",\"position\":2,\"name\":\"Motociclista de Mira\u00ed morre em acidente na estrada para Guiricema\"}]},{\"@type\":\"WebSite\",\"@id\":\"https:\\\/\\\/marcelolopes.jor.br\\\/site\\\/#website\",\"url\":\"https:\\\/\\\/marcelolopes.jor.br\\\/site\\\/\",\"name\":\"Marcelo Lopes\",\"description\":\"Not\u00edcias de Cataguases e Regi\u00e3o\",\"publisher\":{\"@id\":\"https:\\\/\\\/marcelolopes.jor.br\\\/site\\\/#organization\"},\"potentialAction\":[{\"@type\":\"SearchAction\",\"target\":{\"@type\":\"EntryPoint\",\"urlTemplate\":\"https:\\\/\\\/marcelolopes.jor.br\\\/site\\\/?s={search_term_string}\"},\"query-input\":{\"@type\":\"PropertyValueSpecification\",\"valueRequired\":true,\"valueName\":\"search_term_string\"}}],\"inLanguage\":\"pt-BR\"},{\"@type\":\"Organization\",\"@id\":\"https:\\\/\\\/marcelolopes.jor.br\\\/site\\\/#organization\",\"name\":\"Site do Marcelo Lopes\",\"url\":\"https:\\\/\\\/marcelolopes.jor.br\\\/site\\\/\",\"logo\":{\"@type\":\"ImageObject\",\"inLanguage\":\"pt-BR\",\"@id\":\"https:\\\/\\\/marcelolopes.jor.br\\\/site\\\/#\\\/schema\\\/logo\\\/image\\\/\",\"url\":\"https:\\\/\\\/marcelolopes.jor.br\\\/site\\\/wp-content\\\/uploads\\\/2024\\\/11\\\/logo-1.png\",\"contentUrl\":\"https:\\\/\\\/marcelolopes.jor.br\\\/site\\\/wp-content\\\/uploads\\\/2024\\\/11\\\/logo-1.png\",\"width\":475,\"height\":80,\"caption\":\"Site do Marcelo Lopes\"},\"image\":{\"@id\":\"https:\\\/\\\/marcelolopes.jor.br\\\/site\\\/#\\\/schema\\\/logo\\\/image\\\/\"},\"sameAs\":[\"https:\\\/\\\/www.facebook.com\\\/sitedomarcelolopes\",\"https:\\\/\\\/www.instagram.com\\\/sitedomarcelolopes\\\/\",\"https:\\\/\\\/www.linkedin.com\\\/company\\\/site-do-marcelo-lopes\\\/\",\"https:\\\/\\\/www.youtube.com\\\/user\\\/marcelolopes957\"]},{\"@type\":\"Person\",\"@id\":\"https:\\\/\\\/marcelolopes.jor.br\\\/site\\\/#\\\/schema\\\/person\\\/3e7216a35c34d8fdf952b31da3d1f89f\",\"name\":\"Marcelo Lopes\",\"sameAs\":[\"http:\\\/\\\/www.marcelolopes.jor.br\"],\"url\":\"https:\\\/\\\/marcelolopes.jor.br\\\/site\\\/author\\\/marcelo\\\/\"}]}<\/script>\n<!-- \/ Yoast SEO plugin. -->","yoast_head_json":{"title":"Motociclista de Mira\u00ed morre em acidente na estrada para Guiricema | Marcelo Lopes","description":"Motociclista de Mira\u00ed morre em acidente na estrada para Guiricema. Iza\u00edas Motoboy era muito conhecido e sua morte causou como\u00e7\u00e3o na cidade.","robots":{"index":"index","follow":"follow","max-snippet":"max-snippet:-1","max-image-preview":"max-image-preview:large","max-video-preview":"max-video-preview:-1"},"canonical":"https:\/\/marcelolopes.jor.br\/site\/2026\/04\/08\/motociclista-de-mirai-morre-em-acidente-na-estrada-para-guiricema\/","og_locale":"pt_BR","og_type":"article","og_title":"Motociclista de Mira\u00ed morre em acidente na estrada para Guiricema | Marcelo Lopes","og_description":"Motociclista de Mira\u00ed morre em acidente na estrada para Guiricema. Iza\u00edas Motoboy era muito conhecido e sua morte causou como\u00e7\u00e3o na cidade.","og_url":"https:\/\/marcelolopes.jor.br\/site\/2026\/04\/08\/motociclista-de-mirai-morre-em-acidente-na-estrada-para-guiricema\/","og_site_name":"Marcelo Lopes","article_publisher":"https:\/\/www.facebook.com\/sitedomarcelolopes","article_published_time":"2026-04-08T19:00:35+00:00","og_image":[{"width":800,"height":550,"url":"https:\/\/marcelolopes.jor.br\/site\/wp-content\/uploads\/2026\/04\/Izaias.jpg","type":"image\/jpeg"}],"author":"Marcelo Lopes","twitter_card":"summary_large_image","twitter_misc":{"Escrito por":"Marcelo Lopes","Est. tempo de leitura":"1 minuto"},"schema":{"@context":"https:\/\/schema.org","@graph":[{"@type":"NewsArticle","@id":"https:\/\/marcelolopes.jor.br\/site\/2026\/04\/08\/motociclista-de-mirai-morre-em-acidente-na-estrada-para-guiricema\/#article","isPartOf":{"@id":"https:\/\/marcelolopes.jor.br\/site\/2026\/04\/08\/motociclista-de-mirai-morre-em-acidente-na-estrada-para-guiricema\/"},"author":{"name":"Marcelo Lopes","@id":"https:\/\/marcelolopes.jor.br\/site\/#\/schema\/person\/3e7216a35c34d8fdf952b31da3d1f89f"},"headline":"Motociclista de Mira\u00ed morre em acidente na estrada para Guiricema","datePublished":"2026-04-08T19:00:35+00:00","mainEntityOfPage":{"@id":"https:\/\/marcelolopes.jor.br\/site\/2026\/04\/08\/motociclista-de-mirai-morre-em-acidente-na-estrada-para-guiricema\/"},"wordCount":306,"commentCount":0,"publisher":{"@id":"https:\/\/marcelolopes.jor.br\/site\/#organization"},"image":{"@id":"https:\/\/marcelolopes.jor.br\/site\/2026\/04\/08\/motociclista-de-mirai-morre-em-acidente-na-estrada-para-guiricema\/#primaryimage"},"thumbnailUrl":"https:\/\/marcelolopes.jor.br\/site\/wp-content\/uploads\/2026\/04\/Izaias.jpg","articleSection":["Not\u00edcias"],"inLanguage":"pt-BR","potentialAction":[{"@type":"CommentAction","name":"Comment","target":["https:\/\/marcelolopes.jor.br\/site\/2026\/04\/08\/motociclista-de-mirai-morre-em-acidente-na-estrada-para-guiricema\/#respond"]}]},{"@type":"WebPage","@id":"https:\/\/marcelolopes.jor.br\/site\/2026\/04\/08\/motociclista-de-mirai-morre-em-acidente-na-estrada-para-guiricema\/","url":"https:\/\/marcelolopes.jor.br\/site\/2026\/04\/08\/motociclista-de-mirai-morre-em-acidente-na-estrada-para-guiricema\/","name":"Motociclista de Mira\u00ed morre em acidente na estrada para Guiricema | Marcelo Lopes","isPartOf":{"@id":"https:\/\/marcelolopes.jor.br\/site\/#website"},"primaryImageOfPage":{"@id":"https:\/\/marcelolopes.jor.br\/site\/2026\/04\/08\/motociclista-de-mirai-morre-em-acidente-na-estrada-para-guiricema\/#primaryimage"},"image":{"@id":"https:\/\/marcelolopes.jor.br\/site\/2026\/04\/08\/motociclista-de-mirai-morre-em-acidente-na-estrada-para-guiricema\/#primaryimage"},"thumbnailUrl":"https:\/\/marcelolopes.jor.br\/site\/wp-content\/uploads\/2026\/04\/Izaias.jpg","datePublished":"2026-04-08T19:00:35+00:00","description":"Motociclista de Mira\u00ed morre em acidente na estrada para Guiricema. Iza\u00edas Motoboy era muito conhecido e sua morte causou como\u00e7\u00e3o na cidade.","breadcrumb":{"@id":"https:\/\/marcelolopes.jor.br\/site\/2026\/04\/08\/motociclista-de-mirai-morre-em-acidente-na-estrada-para-guiricema\/#breadcrumb"},"inLanguage":"pt-BR","potentialAction":[{"@type":"ReadAction","target":["https:\/\/marcelolopes.jor.br\/site\/2026\/04\/08\/motociclista-de-mirai-morre-em-acidente-na-estrada-para-guiricema\/"]}]},{"@type":"ImageObject","inLanguage":"pt-BR","@id":"https:\/\/marcelolopes.jor.br\/site\/2026\/04\/08\/motociclista-de-mirai-morre-em-acidente-na-estrada-para-guiricema\/#primaryimage","url":"https:\/\/marcelolopes.jor.br\/site\/wp-content\/uploads\/2026\/04\/Izaias.jpg","contentUrl":"https:\/\/marcelolopes.jor.br\/site\/wp-content\/uploads\/2026\/04\/Izaias.jpg","width":800,"height":550,"caption":"Motociclista de Mira\u00ed morre"},{"@type":"BreadcrumbList","@id":"https:\/\/marcelolopes.jor.br\/site\/2026\/04\/08\/motociclista-de-mirai-morre-em-acidente-na-estrada-para-guiricema\/#breadcrumb","itemListElement":[{"@type":"ListItem","position":1,"name":"Home","item":"https:\/\/marcelolopes.jor.br\/site\/"},{"@type":"ListItem","position":2,"name":"Motociclista de Mira\u00ed morre em acidente na estrada para Guiricema"}]},{"@type":"WebSite","@id":"https:\/\/marcelolopes.jor.br\/site\/#website","url":"https:\/\/marcelolopes.jor.br\/site\/","name":"Marcelo Lopes","description":"Not\u00edcias de Cataguases e Regi\u00e3o","publisher":{"@id":"https:\/\/marcelolopes.jor.br\/site\/#organization"},"potentialAction":[{"@type":"SearchAction","target":{"@type":"EntryPoint","urlTemplate":"https:\/\/marcelolopes.jor.br\/site\/?s={search_term_string}"},"query-input":{"@type":"PropertyValueSpecification","valueRequired":true,"valueName":"search_term_string"}}],"inLanguage":"pt-BR"},{"@type":"Organization","@id":"https:\/\/marcelolopes.jor.br\/site\/#organization","name":"Site do Marcelo Lopes","url":"https:\/\/marcelolopes.jor.br\/site\/","logo":{"@type":"ImageObject","inLanguage":"pt-BR","@id":"https:\/\/marcelolopes.jor.br\/site\/#\/schema\/logo\/image\/","url":"https:\/\/marcelolopes.jor.br\/site\/wp-content\/uploads\/2024\/11\/logo-1.png","contentUrl":"https:\/\/marcelolopes.jor.br\/site\/wp-content\/uploads\/2024\/11\/logo-1.png","width":475,"height":80,"caption":"Site do Marcelo Lopes"},"image":{"@id":"https:\/\/marcelolopes.jor.br\/site\/#\/schema\/logo\/image\/"},"sameAs":["https:\/\/www.facebook.com\/sitedomarcelolopes","https:\/\/www.instagram.com\/sitedomarcelolopes\/","https:\/\/www.linkedin.com\/company\/site-do-marcelo-lopes\/","https:\/\/www.youtube.com\/user\/marcelolopes957"]},{"@type":"Person","@id":"https:\/\/marcelolopes.jor.br\/site\/#\/schema\/person\/3e7216a35c34d8fdf952b31da3d1f89f","name":"Marcelo Lopes","sameAs":["http:\/\/www.marcelolopes.jor.br"],"url":"https:\/\/marcelolopes.jor.br\/site\/author\/marcelo\/"}]}},"wps_subtitle":"Iza\u00edas Motoboy era muito conhecido e sua morte causou como\u00e7\u00e3o na cidade.","_links":{"self":[{"href":"https:\/\/marcelolopes.jor.br\/site\/wp-json\/wp\/v2\/posts\/65057","targetHints":{"allow":["GET"]}}],"collection":[{"href":"https:\/\/marcelolopes.jor.br\/site\/wp-json\/wp\/v2\/posts"}],"about":[{"href":"https:\/\/marcelolopes.jor.br\/site\/wp-json\/wp\/v2\/types\/post"}],"author":[{"embeddable":true,"href":"https:\/\/marcelolopes.jor.br\/site\/wp-json\/wp\/v2\/users\/2"}],"replies":[{"embeddable":true,"href":"https:\/\/marcelolopes.jor.br\/site\/wp-json\/wp\/v2\/comments?post=65057"}],"version-history":[{"count":3,"href":"https:\/\/marcelolopes.jor.br\/site\/wp-json\/wp\/v2\/posts\/65057\/revisions"}],"predecessor-version":[{"id":65061,"href":"https:\/\/marcelolopes.jor.br\/site\/wp-json\/wp\/v2\/posts\/65057\/revisions\/65061"}],"wp:featuredmedia":[{"embeddable":true,"href":"https:\/\/marcelolopes.jor.br\/site\/wp-json\/wp\/v2\/media\/65058"}],"wp:attachment":[{"href":"https:\/\/marcelolopes.jor.br\/site\/wp-json\/wp\/v2\/media?parent=65057"}],"wp:term":[{"taxonomy":"category","embeddable":true,"href":"https:\/\/marcelolopes.jor.br\/site\/wp-json\/wp\/v2\/categories?post=65057"},{"taxonomy":"post_tag","embeddable":true,"href":"https:\/\/marcelolopes.jor.br\/site\/wp-json\/wp\/v2\/tags?post=65057"}],"curies":[{"name":"wp","href":"https:\/\/api.w.org\/{rel}","templated":true}]}}