{"id":65034,"date":"2026-04-07T12:00:48","date_gmt":"2026-04-07T15:00:48","guid":{"rendered":"https:\/\/marcelolopes.jor.br\/site\/?p=65034"},"modified":"2026-04-07T10:43:50","modified_gmt":"2026-04-07T13:43:50","slug":"mulher-e-presa-apos-ameacar-a-propria-mae-em-leopoldina","status":"publish","type":"post","link":"https:\/\/marcelolopes.jor.br\/site\/2026\/04\/07\/mulher-e-presa-apos-ameacar-a-propria-mae-em-leopoldina\/","title":{"rendered":"Mulher \u00e9 presa ap\u00f3s amea\u00e7ar a pr\u00f3pria m\u00e3e em Leopoldina"},"content":{"rendered":"<p>Uma mulher de 25 anos foi presa na noite do \u00faltimo domingo, 5 de abril, ap\u00f3s amea\u00e7ar a pr\u00f3pria m\u00e3e e provocar confus\u00e3o em um estabelecimento comercial no bairro Vila Miralda, em Leopoldina.<!--more--><\/p>\n<h4 class=\"p1\"><span class=\"s1\">\ud83d\udcf8\u00a0<span style=\"color: #008000;\">Siga o Site do Marcelo Lopes no<\/span>\u00a0<span style=\"color: #800000;\"><a style=\"color: #800000;\" href=\"https:\/\/www.facebook.com\/sitedomarcelolopes\/\"><strong>Facebook<\/strong><\/a><\/span>\u00a0<span style=\"color: #008000;\">e no<\/span>\u00a0<span style=\"color: #800000;\"><strong><a style=\"color: #800000;\" href=\"https:\/\/www.instagram.com\/sitedomarcelolopes\/\">Instagram<\/a><\/strong><\/span><\/span><\/h4>\n<h4 class=\"p1\">\ud83d\udcf1<span style=\"color: #008000;\">Participe do grupo de<\/span>\u00a0<span style=\"color: #800000;\"><a style=\"color: #800000;\" href=\"https:\/\/chat.whatsapp.com\/BibzcI1ibYSKytbdyzubLA\"><strong>WhatsApp<\/strong><\/a><\/span> <span style=\"color: #008000;\">do Site do Marcelo Lopes<\/span><\/h4>\n<p>De acordo com a Guarda Civil Municipal, a equipe foi acionada via telefone de emerg\u00eancia 153, ap\u00f3s den\u00fancia de que a autora estaria amea\u00e7ando sua m\u00e3e, uma idosa de 63 anos, em um com\u00e9rcio.<\/p>\n<p>Ainda conforme apurado, a mulher chegou bastante alterada e passou a amea\u00e7ar sua m\u00e3e, afirmando ainda que iria danificar todo o estabelecimento por conta de um desentendimento. Durante a confus\u00e3o, ela teria desconectado fios de internet e c\u00e2meras de seguran\u00e7a, al\u00e9m de quebrar uma garrafa de cerveja e tentar atingir a pr\u00f3pria m\u00e3e.<\/p>\n<p>Ao chegar ao local, os agentes encontraram a autora em estado de agita\u00e7\u00e3o e comportamento agressivo. Durante a abordagem, ela tamb\u00e9m passou a acusar o propriet\u00e1rio do estabelecimento de envolvimento com tr\u00e1fico de drogas, fato que n\u00e3o foi constatado pela equipe, configurando, em tese, o crime de cal\u00fania.<\/p>\n<p>Diante da situa\u00e7\u00e3o, foi dada voz de pris\u00e3o \u00e0 ela pelos crimes de amea\u00e7a e cal\u00fania, sendo garantidos seus direitos constitucionais.<\/p>\n<p>As partes foram encaminhadas \u00e0 Delegacia de Pol\u00edcia Civil, onde a ocorr\u00eancia foi registrada.<\/p>\n<p><strong>OUTRAS NOT\u00cdCIAS<\/strong><br \/>\n<a href=\"https:\/\/marcelolopes.jor.br\/site\/2026\/01\/10\/filho-ameaca-a-mae-e-e-preso-pela-guarda-civil-em-leopoldina\/\"><strong><span style=\"color: #800000;\">Filho amea\u00e7a a m\u00e3e e \u00e9 preso pela Guarda Civil, em Leopoldina<\/span><\/strong><\/a><\/p>\n<p><a href=\"https:\/\/marcelolopes.jor.br\/site\/2025\/10\/02\/guarda-civil-municipal-de-leopoldina-recupera-carga-saqueada\/\"><strong><span style=\"color: #800000;\">Guarda Civil Municipal de Leopoldina recupera carga saqueada<\/span><\/strong><\/a><\/p>\n<p>Fonte e foto: O Vigilante Online<\/p>\n<div class=\"jozlj69f77969466ad\" ><br><\/div><style type=\"text\/css\">\r\n@media screen and (min-width: 1201px) {\r\n.jozlj69f77969466ad {\r\ndisplay: block;\r\n}\r\n}\r\n@media screen and (min-width: 993px) and (max-width: 1200px) {\r\n.jozlj69f77969466ad {\r\ndisplay: block;\r\n}\r\n}\r\n@media screen and (min-width: 769px) and (max-width: 992px) {\r\n.jozlj69f77969466ad {\r\ndisplay: block;\r\n}\r\n}\r\n@media screen and (min-width: 768px) and (max-width: 768px) {\r\n.jozlj69f77969466ad {\r\ndisplay: block;\r\n}\r\n}\r\n@media screen and (max-width: 767px) {\r\n.jozlj69f77969466ad {\r\ndisplay: block;\r\n}\r\n}\r\n<\/style>\r\n<div class=\"qktxq69f779694c853\" ><div id=\"div_destino\"><\/div>\r\n<script src=\"https:\/\/cdn.snsrsv.com\/sdk.js\"><\/script>\r\n<script >\r\n      new sdk(\"464030C30061EA8BE065000000000001\") \r\n          .appendTo(\"div_destino\")\r\n          .disableStyle(true) \r\n          .setCacheBusterMacro(\"%%CACHEBUSTER%%\")\r\n          .setSize(\"800\",\"214\")\r\n          .setClickMacro(\"%%CLICK_URL_ESC%%\") \r\n          .setReferrerUrlMacro(\"%%REFERRER_URL_ESC%%\") \r\n          .start(); \r\n<\/script><\/div><style type=\"text\/css\">\r\n@media screen and (min-width: 1201px) {\r\n.qktxq69f779694c853 {\r\ndisplay: block;\r\n}\r\n}\r\n@media screen and (min-width: 993px) and (max-width: 1200px) {\r\n.qktxq69f779694c853 {\r\ndisplay: block;\r\n}\r\n}\r\n@media screen and (min-width: 769px) and (max-width: 992px) {\r\n.qktxq69f779694c853 {\r\ndisplay: block;\r\n}\r\n}\r\n@media screen and (min-width: 768px) and (max-width: 768px) {\r\n.qktxq69f779694c853 {\r\ndisplay: block;\r\n}\r\n}\r\n@media screen and (max-width: 767px) {\r\n.qktxq69f779694c853 {\r\ndisplay: block;\r\n}\r\n}\r\n<\/style>\r\n","protected":false},"excerpt":{"rendered":"<p>Uma mulher de 25 anos foi presa na noite do \u00faltimo domingo, 5 de abril, ap\u00f3s amea\u00e7ar a pr\u00f3pria m\u00e3e e provocar confus\u00e3o em um estabelecimento comercial no bairro Vila Miralda, em Leopoldina.<\/p>\n","protected":false},"author":2,"featured_media":65037,"comment_status":"open","ping_status":"closed","sticky":false,"template":"","format":"standard","meta":{"footnotes":""},"categories":[1],"tags":[],"class_list":["post-65034","post","type-post","status-publish","format-standard","has-post-thumbnail","hentry","category-noticias","thumb-below-title"],"yoast_head":"<!-- This site is optimized with the Yoast SEO plugin v27.4 - https:\/\/yoast.com\/product\/yoast-seo-wordpress\/ -->\n<title>Mulher \u00e9 presa ap\u00f3s amea\u00e7ar a pr\u00f3pria m\u00e3e em Leopoldina | Marcelo Lopes<\/title>\n<meta name=\"description\" content=\"Mulher \u00e9 presa ap\u00f3s amea\u00e7ar a pr\u00f3pria m\u00e3e em Leopoldina. Ela tamb\u00e9m causou confus\u00e3o em estabelecimento comercial\" \/>\n<meta name=\"robots\" content=\"index, follow, max-snippet:-1, max-image-preview:large, max-video-preview:-1\" \/>\n<link rel=\"canonical\" href=\"https:\/\/marcelolopes.jor.br\/site\/2026\/04\/07\/mulher-e-presa-apos-ameacar-a-propria-mae-em-leopoldina\/\" \/>\n<meta property=\"og:locale\" content=\"pt_BR\" \/>\n<meta property=\"og:type\" content=\"article\" \/>\n<meta property=\"og:title\" content=\"Mulher \u00e9 presa ap\u00f3s amea\u00e7ar a pr\u00f3pria m\u00e3e em Leopoldina | Marcelo Lopes\" \/>\n<meta property=\"og:description\" content=\"Mulher \u00e9 presa ap\u00f3s amea\u00e7ar a pr\u00f3pria m\u00e3e em Leopoldina. Ela tamb\u00e9m causou confus\u00e3o em estabelecimento comercial\" \/>\n<meta property=\"og:url\" content=\"https:\/\/marcelolopes.jor.br\/site\/2026\/04\/07\/mulher-e-presa-apos-ameacar-a-propria-mae-em-leopoldina\/\" \/>\n<meta property=\"og:site_name\" content=\"Marcelo Lopes\" \/>\n<meta property=\"article:publisher\" content=\"https:\/\/www.facebook.com\/sitedomarcelolopes\" \/>\n<meta property=\"article:published_time\" content=\"2026-04-07T15:00:48+00:00\" \/>\n<meta property=\"og:image\" content=\"https:\/\/marcelolopes.jor.br\/site\/wp-content\/uploads\/2026\/04\/WhatsApp-Image-2026-04-07-at-09.57.46-1025x600-1.jpeg\" \/>\n\t<meta property=\"og:image:width\" content=\"1025\" \/>\n\t<meta property=\"og:image:height\" content=\"600\" \/>\n\t<meta property=\"og:image:type\" content=\"image\/jpeg\" \/>\n<meta name=\"author\" content=\"Marcelo Lopes\" \/>\n<meta name=\"twitter:card\" content=\"summary_large_image\" \/>\n<meta name=\"twitter:label1\" content=\"Escrito por\" \/>\n\t<meta name=\"twitter:data1\" content=\"Marcelo Lopes\" \/>\n\t<meta name=\"twitter:label2\" content=\"Est. tempo de leitura\" \/>\n\t<meta name=\"twitter:data2\" content=\"1 minuto\" \/>\n<script type=\"application\/ld+json\" class=\"yoast-schema-graph\">{\"@context\":\"https:\\\/\\\/schema.org\",\"@graph\":[{\"@type\":\"NewsArticle\",\"@id\":\"https:\\\/\\\/marcelolopes.jor.br\\\/site\\\/2026\\\/04\\\/07\\\/mulher-e-presa-apos-ameacar-a-propria-mae-em-leopoldina\\\/#article\",\"isPartOf\":{\"@id\":\"https:\\\/\\\/marcelolopes.jor.br\\\/site\\\/2026\\\/04\\\/07\\\/mulher-e-presa-apos-ameacar-a-propria-mae-em-leopoldina\\\/\"},\"author\":{\"name\":\"Marcelo Lopes\",\"@id\":\"https:\\\/\\\/marcelolopes.jor.br\\\/site\\\/#\\\/schema\\\/person\\\/3e7216a35c34d8fdf952b31da3d1f89f\"},\"headline\":\"Mulher \u00e9 presa ap\u00f3s amea\u00e7ar a pr\u00f3pria m\u00e3e em Leopoldina\",\"datePublished\":\"2026-04-07T15:00:48+00:00\",\"mainEntityOfPage\":{\"@id\":\"https:\\\/\\\/marcelolopes.jor.br\\\/site\\\/2026\\\/04\\\/07\\\/mulher-e-presa-apos-ameacar-a-propria-mae-em-leopoldina\\\/\"},\"wordCount\":292,\"commentCount\":0,\"publisher\":{\"@id\":\"https:\\\/\\\/marcelolopes.jor.br\\\/site\\\/#organization\"},\"image\":{\"@id\":\"https:\\\/\\\/marcelolopes.jor.br\\\/site\\\/2026\\\/04\\\/07\\\/mulher-e-presa-apos-ameacar-a-propria-mae-em-leopoldina\\\/#primaryimage\"},\"thumbnailUrl\":\"https:\\\/\\\/marcelolopes.jor.br\\\/site\\\/wp-content\\\/uploads\\\/2026\\\/04\\\/WhatsApp-Image-2026-04-07-at-09.57.46-1025x600-1.jpeg\",\"articleSection\":[\"Not\u00edcias\"],\"inLanguage\":\"pt-BR\",\"potentialAction\":[{\"@type\":\"CommentAction\",\"name\":\"Comment\",\"target\":[\"https:\\\/\\\/marcelolopes.jor.br\\\/site\\\/2026\\\/04\\\/07\\\/mulher-e-presa-apos-ameacar-a-propria-mae-em-leopoldina\\\/#respond\"]}]},{\"@type\":\"WebPage\",\"@id\":\"https:\\\/\\\/marcelolopes.jor.br\\\/site\\\/2026\\\/04\\\/07\\\/mulher-e-presa-apos-ameacar-a-propria-mae-em-leopoldina\\\/\",\"url\":\"https:\\\/\\\/marcelolopes.jor.br\\\/site\\\/2026\\\/04\\\/07\\\/mulher-e-presa-apos-ameacar-a-propria-mae-em-leopoldina\\\/\",\"name\":\"Mulher \u00e9 presa ap\u00f3s amea\u00e7ar a pr\u00f3pria m\u00e3e em Leopoldina | Marcelo Lopes\",\"isPartOf\":{\"@id\":\"https:\\\/\\\/marcelolopes.jor.br\\\/site\\\/#website\"},\"primaryImageOfPage\":{\"@id\":\"https:\\\/\\\/marcelolopes.jor.br\\\/site\\\/2026\\\/04\\\/07\\\/mulher-e-presa-apos-ameacar-a-propria-mae-em-leopoldina\\\/#primaryimage\"},\"image\":{\"@id\":\"https:\\\/\\\/marcelolopes.jor.br\\\/site\\\/2026\\\/04\\\/07\\\/mulher-e-presa-apos-ameacar-a-propria-mae-em-leopoldina\\\/#primaryimage\"},\"thumbnailUrl\":\"https:\\\/\\\/marcelolopes.jor.br\\\/site\\\/wp-content\\\/uploads\\\/2026\\\/04\\\/WhatsApp-Image-2026-04-07-at-09.57.46-1025x600-1.jpeg\",\"datePublished\":\"2026-04-07T15:00:48+00:00\",\"description\":\"Mulher \u00e9 presa ap\u00f3s amea\u00e7ar a pr\u00f3pria m\u00e3e em Leopoldina. Ela tamb\u00e9m causou confus\u00e3o em estabelecimento comercial\",\"breadcrumb\":{\"@id\":\"https:\\\/\\\/marcelolopes.jor.br\\\/site\\\/2026\\\/04\\\/07\\\/mulher-e-presa-apos-ameacar-a-propria-mae-em-leopoldina\\\/#breadcrumb\"},\"inLanguage\":\"pt-BR\",\"potentialAction\":[{\"@type\":\"ReadAction\",\"target\":[\"https:\\\/\\\/marcelolopes.jor.br\\\/site\\\/2026\\\/04\\\/07\\\/mulher-e-presa-apos-ameacar-a-propria-mae-em-leopoldina\\\/\"]}]},{\"@type\":\"ImageObject\",\"inLanguage\":\"pt-BR\",\"@id\":\"https:\\\/\\\/marcelolopes.jor.br\\\/site\\\/2026\\\/04\\\/07\\\/mulher-e-presa-apos-ameacar-a-propria-mae-em-leopoldina\\\/#primaryimage\",\"url\":\"https:\\\/\\\/marcelolopes.jor.br\\\/site\\\/wp-content\\\/uploads\\\/2026\\\/04\\\/WhatsApp-Image-2026-04-07-at-09.57.46-1025x600-1.jpeg\",\"contentUrl\":\"https:\\\/\\\/marcelolopes.jor.br\\\/site\\\/wp-content\\\/uploads\\\/2026\\\/04\\\/WhatsApp-Image-2026-04-07-at-09.57.46-1025x600-1.jpeg\",\"width\":1025,\"height\":600,\"caption\":\"Mulher \u00e9 presa ap\u00f3s\"},{\"@type\":\"BreadcrumbList\",\"@id\":\"https:\\\/\\\/marcelolopes.jor.br\\\/site\\\/2026\\\/04\\\/07\\\/mulher-e-presa-apos-ameacar-a-propria-mae-em-leopoldina\\\/#breadcrumb\",\"itemListElement\":[{\"@type\":\"ListItem\",\"position\":1,\"name\":\"Home\",\"item\":\"https:\\\/\\\/marcelolopes.jor.br\\\/site\\\/\"},{\"@type\":\"ListItem\",\"position\":2,\"name\":\"Mulher \u00e9 presa ap\u00f3s amea\u00e7ar a pr\u00f3pria m\u00e3e em Leopoldina\"}]},{\"@type\":\"WebSite\",\"@id\":\"https:\\\/\\\/marcelolopes.jor.br\\\/site\\\/#website\",\"url\":\"https:\\\/\\\/marcelolopes.jor.br\\\/site\\\/\",\"name\":\"Marcelo Lopes\",\"description\":\"Not\u00edcias de Cataguases e Regi\u00e3o\",\"publisher\":{\"@id\":\"https:\\\/\\\/marcelolopes.jor.br\\\/site\\\/#organization\"},\"potentialAction\":[{\"@type\":\"SearchAction\",\"target\":{\"@type\":\"EntryPoint\",\"urlTemplate\":\"https:\\\/\\\/marcelolopes.jor.br\\\/site\\\/?s={search_term_string}\"},\"query-input\":{\"@type\":\"PropertyValueSpecification\",\"valueRequired\":true,\"valueName\":\"search_term_string\"}}],\"inLanguage\":\"pt-BR\"},{\"@type\":\"Organization\",\"@id\":\"https:\\\/\\\/marcelolopes.jor.br\\\/site\\\/#organization\",\"name\":\"Site do Marcelo Lopes\",\"url\":\"https:\\\/\\\/marcelolopes.jor.br\\\/site\\\/\",\"logo\":{\"@type\":\"ImageObject\",\"inLanguage\":\"pt-BR\",\"@id\":\"https:\\\/\\\/marcelolopes.jor.br\\\/site\\\/#\\\/schema\\\/logo\\\/image\\\/\",\"url\":\"https:\\\/\\\/marcelolopes.jor.br\\\/site\\\/wp-content\\\/uploads\\\/2024\\\/11\\\/logo-1.png\",\"contentUrl\":\"https:\\\/\\\/marcelolopes.jor.br\\\/site\\\/wp-content\\\/uploads\\\/2024\\\/11\\\/logo-1.png\",\"width\":475,\"height\":80,\"caption\":\"Site do Marcelo Lopes\"},\"image\":{\"@id\":\"https:\\\/\\\/marcelolopes.jor.br\\\/site\\\/#\\\/schema\\\/logo\\\/image\\\/\"},\"sameAs\":[\"https:\\\/\\\/www.facebook.com\\\/sitedomarcelolopes\",\"https:\\\/\\\/www.instagram.com\\\/sitedomarcelolopes\\\/\",\"https:\\\/\\\/www.linkedin.com\\\/company\\\/site-do-marcelo-lopes\\\/\",\"https:\\\/\\\/www.youtube.com\\\/user\\\/marcelolopes957\"]},{\"@type\":\"Person\",\"@id\":\"https:\\\/\\\/marcelolopes.jor.br\\\/site\\\/#\\\/schema\\\/person\\\/3e7216a35c34d8fdf952b31da3d1f89f\",\"name\":\"Marcelo Lopes\",\"sameAs\":[\"http:\\\/\\\/www.marcelolopes.jor.br\"],\"url\":\"https:\\\/\\\/marcelolopes.jor.br\\\/site\\\/author\\\/marcelo\\\/\"}]}<\/script>\n<!-- \/ Yoast SEO plugin. -->","yoast_head_json":{"title":"Mulher \u00e9 presa ap\u00f3s amea\u00e7ar a pr\u00f3pria m\u00e3e em Leopoldina | Marcelo Lopes","description":"Mulher \u00e9 presa ap\u00f3s amea\u00e7ar a pr\u00f3pria m\u00e3e em Leopoldina. Ela tamb\u00e9m causou confus\u00e3o em estabelecimento comercial","robots":{"index":"index","follow":"follow","max-snippet":"max-snippet:-1","max-image-preview":"max-image-preview:large","max-video-preview":"max-video-preview:-1"},"canonical":"https:\/\/marcelolopes.jor.br\/site\/2026\/04\/07\/mulher-e-presa-apos-ameacar-a-propria-mae-em-leopoldina\/","og_locale":"pt_BR","og_type":"article","og_title":"Mulher \u00e9 presa ap\u00f3s amea\u00e7ar a pr\u00f3pria m\u00e3e em Leopoldina | Marcelo Lopes","og_description":"Mulher \u00e9 presa ap\u00f3s amea\u00e7ar a pr\u00f3pria m\u00e3e em Leopoldina. Ela tamb\u00e9m causou confus\u00e3o em estabelecimento comercial","og_url":"https:\/\/marcelolopes.jor.br\/site\/2026\/04\/07\/mulher-e-presa-apos-ameacar-a-propria-mae-em-leopoldina\/","og_site_name":"Marcelo Lopes","article_publisher":"https:\/\/www.facebook.com\/sitedomarcelolopes","article_published_time":"2026-04-07T15:00:48+00:00","og_image":[{"width":1025,"height":600,"url":"https:\/\/marcelolopes.jor.br\/site\/wp-content\/uploads\/2026\/04\/WhatsApp-Image-2026-04-07-at-09.57.46-1025x600-1.jpeg","type":"image\/jpeg"}],"author":"Marcelo Lopes","twitter_card":"summary_large_image","twitter_misc":{"Escrito por":"Marcelo Lopes","Est. tempo de leitura":"1 minuto"},"schema":{"@context":"https:\/\/schema.org","@graph":[{"@type":"NewsArticle","@id":"https:\/\/marcelolopes.jor.br\/site\/2026\/04\/07\/mulher-e-presa-apos-ameacar-a-propria-mae-em-leopoldina\/#article","isPartOf":{"@id":"https:\/\/marcelolopes.jor.br\/site\/2026\/04\/07\/mulher-e-presa-apos-ameacar-a-propria-mae-em-leopoldina\/"},"author":{"name":"Marcelo Lopes","@id":"https:\/\/marcelolopes.jor.br\/site\/#\/schema\/person\/3e7216a35c34d8fdf952b31da3d1f89f"},"headline":"Mulher \u00e9 presa ap\u00f3s amea\u00e7ar a pr\u00f3pria m\u00e3e em Leopoldina","datePublished":"2026-04-07T15:00:48+00:00","mainEntityOfPage":{"@id":"https:\/\/marcelolopes.jor.br\/site\/2026\/04\/07\/mulher-e-presa-apos-ameacar-a-propria-mae-em-leopoldina\/"},"wordCount":292,"commentCount":0,"publisher":{"@id":"https:\/\/marcelolopes.jor.br\/site\/#organization"},"image":{"@id":"https:\/\/marcelolopes.jor.br\/site\/2026\/04\/07\/mulher-e-presa-apos-ameacar-a-propria-mae-em-leopoldina\/#primaryimage"},"thumbnailUrl":"https:\/\/marcelolopes.jor.br\/site\/wp-content\/uploads\/2026\/04\/WhatsApp-Image-2026-04-07-at-09.57.46-1025x600-1.jpeg","articleSection":["Not\u00edcias"],"inLanguage":"pt-BR","potentialAction":[{"@type":"CommentAction","name":"Comment","target":["https:\/\/marcelolopes.jor.br\/site\/2026\/04\/07\/mulher-e-presa-apos-ameacar-a-propria-mae-em-leopoldina\/#respond"]}]},{"@type":"WebPage","@id":"https:\/\/marcelolopes.jor.br\/site\/2026\/04\/07\/mulher-e-presa-apos-ameacar-a-propria-mae-em-leopoldina\/","url":"https:\/\/marcelolopes.jor.br\/site\/2026\/04\/07\/mulher-e-presa-apos-ameacar-a-propria-mae-em-leopoldina\/","name":"Mulher \u00e9 presa ap\u00f3s amea\u00e7ar a pr\u00f3pria m\u00e3e em Leopoldina | Marcelo Lopes","isPartOf":{"@id":"https:\/\/marcelolopes.jor.br\/site\/#website"},"primaryImageOfPage":{"@id":"https:\/\/marcelolopes.jor.br\/site\/2026\/04\/07\/mulher-e-presa-apos-ameacar-a-propria-mae-em-leopoldina\/#primaryimage"},"image":{"@id":"https:\/\/marcelolopes.jor.br\/site\/2026\/04\/07\/mulher-e-presa-apos-ameacar-a-propria-mae-em-leopoldina\/#primaryimage"},"thumbnailUrl":"https:\/\/marcelolopes.jor.br\/site\/wp-content\/uploads\/2026\/04\/WhatsApp-Image-2026-04-07-at-09.57.46-1025x600-1.jpeg","datePublished":"2026-04-07T15:00:48+00:00","description":"Mulher \u00e9 presa ap\u00f3s amea\u00e7ar a pr\u00f3pria m\u00e3e em Leopoldina. Ela tamb\u00e9m causou confus\u00e3o em estabelecimento comercial","breadcrumb":{"@id":"https:\/\/marcelolopes.jor.br\/site\/2026\/04\/07\/mulher-e-presa-apos-ameacar-a-propria-mae-em-leopoldina\/#breadcrumb"},"inLanguage":"pt-BR","potentialAction":[{"@type":"ReadAction","target":["https:\/\/marcelolopes.jor.br\/site\/2026\/04\/07\/mulher-e-presa-apos-ameacar-a-propria-mae-em-leopoldina\/"]}]},{"@type":"ImageObject","inLanguage":"pt-BR","@id":"https:\/\/marcelolopes.jor.br\/site\/2026\/04\/07\/mulher-e-presa-apos-ameacar-a-propria-mae-em-leopoldina\/#primaryimage","url":"https:\/\/marcelolopes.jor.br\/site\/wp-content\/uploads\/2026\/04\/WhatsApp-Image-2026-04-07-at-09.57.46-1025x600-1.jpeg","contentUrl":"https:\/\/marcelolopes.jor.br\/site\/wp-content\/uploads\/2026\/04\/WhatsApp-Image-2026-04-07-at-09.57.46-1025x600-1.jpeg","width":1025,"height":600,"caption":"Mulher \u00e9 presa ap\u00f3s"},{"@type":"BreadcrumbList","@id":"https:\/\/marcelolopes.jor.br\/site\/2026\/04\/07\/mulher-e-presa-apos-ameacar-a-propria-mae-em-leopoldina\/#breadcrumb","itemListElement":[{"@type":"ListItem","position":1,"name":"Home","item":"https:\/\/marcelolopes.jor.br\/site\/"},{"@type":"ListItem","position":2,"name":"Mulher \u00e9 presa ap\u00f3s amea\u00e7ar a pr\u00f3pria m\u00e3e em Leopoldina"}]},{"@type":"WebSite","@id":"https:\/\/marcelolopes.jor.br\/site\/#website","url":"https:\/\/marcelolopes.jor.br\/site\/","name":"Marcelo Lopes","description":"Not\u00edcias de Cataguases e Regi\u00e3o","publisher":{"@id":"https:\/\/marcelolopes.jor.br\/site\/#organization"},"potentialAction":[{"@type":"SearchAction","target":{"@type":"EntryPoint","urlTemplate":"https:\/\/marcelolopes.jor.br\/site\/?s={search_term_string}"},"query-input":{"@type":"PropertyValueSpecification","valueRequired":true,"valueName":"search_term_string"}}],"inLanguage":"pt-BR"},{"@type":"Organization","@id":"https:\/\/marcelolopes.jor.br\/site\/#organization","name":"Site do Marcelo Lopes","url":"https:\/\/marcelolopes.jor.br\/site\/","logo":{"@type":"ImageObject","inLanguage":"pt-BR","@id":"https:\/\/marcelolopes.jor.br\/site\/#\/schema\/logo\/image\/","url":"https:\/\/marcelolopes.jor.br\/site\/wp-content\/uploads\/2024\/11\/logo-1.png","contentUrl":"https:\/\/marcelolopes.jor.br\/site\/wp-content\/uploads\/2024\/11\/logo-1.png","width":475,"height":80,"caption":"Site do Marcelo Lopes"},"image":{"@id":"https:\/\/marcelolopes.jor.br\/site\/#\/schema\/logo\/image\/"},"sameAs":["https:\/\/www.facebook.com\/sitedomarcelolopes","https:\/\/www.instagram.com\/sitedomarcelolopes\/","https:\/\/www.linkedin.com\/company\/site-do-marcelo-lopes\/","https:\/\/www.youtube.com\/user\/marcelolopes957"]},{"@type":"Person","@id":"https:\/\/marcelolopes.jor.br\/site\/#\/schema\/person\/3e7216a35c34d8fdf952b31da3d1f89f","name":"Marcelo Lopes","sameAs":["http:\/\/www.marcelolopes.jor.br"],"url":"https:\/\/marcelolopes.jor.br\/site\/author\/marcelo\/"}]}},"wps_subtitle":"Ela tamb\u00e9m causou confus\u00e3o em estabelecimento comercial","_links":{"self":[{"href":"https:\/\/marcelolopes.jor.br\/site\/wp-json\/wp\/v2\/posts\/65034","targetHints":{"allow":["GET"]}}],"collection":[{"href":"https:\/\/marcelolopes.jor.br\/site\/wp-json\/wp\/v2\/posts"}],"about":[{"href":"https:\/\/marcelolopes.jor.br\/site\/wp-json\/wp\/v2\/types\/post"}],"author":[{"embeddable":true,"href":"https:\/\/marcelolopes.jor.br\/site\/wp-json\/wp\/v2\/users\/2"}],"replies":[{"embeddable":true,"href":"https:\/\/marcelolopes.jor.br\/site\/wp-json\/wp\/v2\/comments?post=65034"}],"version-history":[{"count":2,"href":"https:\/\/marcelolopes.jor.br\/site\/wp-json\/wp\/v2\/posts\/65034\/revisions"}],"predecessor-version":[{"id":65036,"href":"https:\/\/marcelolopes.jor.br\/site\/wp-json\/wp\/v2\/posts\/65034\/revisions\/65036"}],"wp:featuredmedia":[{"embeddable":true,"href":"https:\/\/marcelolopes.jor.br\/site\/wp-json\/wp\/v2\/media\/65037"}],"wp:attachment":[{"href":"https:\/\/marcelolopes.jor.br\/site\/wp-json\/wp\/v2\/media?parent=65034"}],"wp:term":[{"taxonomy":"category","embeddable":true,"href":"https:\/\/marcelolopes.jor.br\/site\/wp-json\/wp\/v2\/categories?post=65034"},{"taxonomy":"post_tag","embeddable":true,"href":"https:\/\/marcelolopes.jor.br\/site\/wp-json\/wp\/v2\/tags?post=65034"}],"curies":[{"name":"wp","href":"https:\/\/api.w.org\/{rel}","templated":true}]}}