{"id":64943,"date":"2026-04-02T16:00:39","date_gmt":"2026-04-02T19:00:39","guid":{"rendered":"https:\/\/marcelolopes.jor.br\/site\/?p=64943"},"modified":"2026-04-03T11:01:07","modified_gmt":"2026-04-03T14:01:07","slug":"detento-e-brutalmente-assassinado-na-penitenciaria-de-muriae","status":"publish","type":"post","link":"https:\/\/marcelolopes.jor.br\/site\/2026\/04\/02\/detento-e-brutalmente-assassinado-na-penitenciaria-de-muriae\/","title":{"rendered":"Detento \u00e9 brutalmente assassinado na Penitenci\u00e1ria de Muria\u00e9"},"content":{"rendered":"<p><strong>MAT\u00c9RIA ATUALIZADA &#8211;<\/strong> Um homic\u00eddio foi registrado na manh\u00e3 desta quinta-feira, 2 de abril, dentro da Penitenci\u00e1ria Doutor Manuel Martins Lisboa J\u00fanior, em Muria\u00e9. A v\u00edtima, um detento que seria natural daquela cidade, foi encontrada sem vida em circunst\u00e2ncias violentas dentro da unidade prisional.<!--more--><\/p>\n<h4 class=\"p1\"><span class=\"s1\">\ud83d\udcf8\u00a0<span style=\"color: #008000;\">Siga o Site do Marcelo Lopes no<\/span>\u00a0<span style=\"color: #800000;\"><a style=\"color: #800000;\" href=\"https:\/\/www.facebook.com\/sitedomarcelolopes\/\"><strong>Facebook<\/strong><\/a><\/span>\u00a0<span style=\"color: #008000;\">e no<\/span>\u00a0<span style=\"color: #800000;\"><strong><a style=\"color: #800000;\" href=\"https:\/\/www.instagram.com\/sitedomarcelolopes\/\">Instagram<\/a><\/strong><\/span><\/span><\/h4>\n<h4 class=\"p1\">\ud83d\udcf1<span style=\"color: #008000;\">Participe do grupo de<\/span>\u00a0<span style=\"color: #800000;\"><a style=\"color: #800000;\" href=\"https:\/\/chat.whatsapp.com\/BibzcI1ibYSKytbdyzubLA\"><strong>WhatsApp<\/strong><\/a><\/span> <span style=\"color: #008000;\">do Site do Marcelo Lopes<\/span><\/h4>\n<p>De acordo com as primeiras informa\u00e7\u00f5es divulgadas pela R\u00e1dio Muria\u00e9, o crime teria ocorrido nesta manh\u00e3. Conforme apurado, a v\u00edtima foi encontrada decapitada e com as m\u00e3os e p\u00e9s decepados. A suspeita inicial \u00e9 de que o autor tenha utilizado um procedimento semelhante a outro homic\u00eddio registrado em 12 de janeiro deste ano, tamb\u00e9m dentro da mesma penitenci\u00e1ria. No entanto, essa hip\u00f3tese ainda est\u00e1 sendo apurada pelas autoridades.<\/p>\n<p>A v\u00edtima foi identificada como Deylon Moura Santos. De acordo com a Secretaria de Estado da Justi\u00e7a e Seguran\u00e7a P\u00fablica (Sejusp), ele possu\u00eda passagens pelo sistema prisional desde 2015, e havia sido admitido na institui\u00e7\u00e3o em agosto de 2025. N\u00e3o foram divulgadas informa\u00e7\u00f5es sobre a autoria do crime.<\/p>\n<p>Equipes da Delegacia de Homic\u00eddios e Prote\u00e7\u00e3o \u00e0 Pessoa estiveram no local e iniciaram imediatamente os trabalhos de investiga\u00e7\u00e3o. A motiva\u00e7\u00e3o do crime ainda \u00e9 desconhecida.<\/p>\n<p>O corpo da v\u00edtima foi encaminhado ao Instituto M\u00e9dico Legal (IML) de Muria\u00e9, onde passou pelos procedimentos de praxe. Ap\u00f3s a libera\u00e7\u00e3o, ficar\u00e1 sob responsabilidade da fam\u00edlia para o sepultamento.<\/p>\n<p>A Pol\u00edcia Civil segue com as investiga\u00e7\u00f5es e deve, ao longo das pr\u00f3ximas horas, apresentar novas informa\u00e7\u00f5es sobre o caso.<\/p>\n<p><strong>OUTRAS NOT\u00cdCIAS<\/strong><br \/>\n<a href=\"https:\/\/marcelolopes.jor.br\/site\/2024\/12\/23\/detento-de-22-anos-morre-em-penitenciaria-de-muriae\/\"><strong><span style=\"color: #800000;\">Detento de 22 anos morre em penitenci\u00e1ria de Muria\u00e9<\/span><\/strong><\/a><\/p>\n<p><a href=\"https:\/\/marcelolopes.jor.br\/site\/2026\/01\/13\/presidiario-de-muriae-e-morto-e-tem-pes-e-maos-decepados-na-cela\/\"><strong><span style=\"color: #800000;\">Presidi\u00e1rio de Muria\u00e9 \u00e9 morto e tem p\u00e9s e m\u00e3os decepados na cela<\/span><\/strong><\/a><\/p>\n<p>Fonte e foto: R\u00e1dio Muria\u00e9<\/p>\n<div class=\"hhytz69f71f79c19da\" ><br><\/div><style type=\"text\/css\">\r\n@media screen and (min-width: 1201px) {\r\n.hhytz69f71f79c19da {\r\ndisplay: block;\r\n}\r\n}\r\n@media screen and (min-width: 993px) and (max-width: 1200px) {\r\n.hhytz69f71f79c19da {\r\ndisplay: block;\r\n}\r\n}\r\n@media screen and (min-width: 769px) and (max-width: 992px) {\r\n.hhytz69f71f79c19da {\r\ndisplay: block;\r\n}\r\n}\r\n@media screen and (min-width: 768px) and (max-width: 768px) {\r\n.hhytz69f71f79c19da {\r\ndisplay: block;\r\n}\r\n}\r\n@media screen and (max-width: 767px) {\r\n.hhytz69f71f79c19da {\r\ndisplay: block;\r\n}\r\n}\r\n<\/style>\r\n<div class=\"ptcco69f71f79c6dbe\" ><div id=\"div_destino\"><\/div>\r\n<script src=\"https:\/\/cdn.snsrsv.com\/sdk.js\"><\/script>\r\n<script >\r\n      new sdk(\"464030C30061EA8BE065000000000001\") \r\n          .appendTo(\"div_destino\")\r\n          .disableStyle(true) \r\n          .setCacheBusterMacro(\"%%CACHEBUSTER%%\")\r\n          .setSize(\"800\",\"214\")\r\n          .setClickMacro(\"%%CLICK_URL_ESC%%\") \r\n          .setReferrerUrlMacro(\"%%REFERRER_URL_ESC%%\") \r\n          .start(); \r\n<\/script><\/div><style type=\"text\/css\">\r\n@media screen and (min-width: 1201px) {\r\n.ptcco69f71f79c6dbe {\r\ndisplay: block;\r\n}\r\n}\r\n@media screen and (min-width: 993px) and (max-width: 1200px) {\r\n.ptcco69f71f79c6dbe {\r\ndisplay: block;\r\n}\r\n}\r\n@media screen and (min-width: 769px) and (max-width: 992px) {\r\n.ptcco69f71f79c6dbe {\r\ndisplay: block;\r\n}\r\n}\r\n@media screen and (min-width: 768px) and (max-width: 768px) {\r\n.ptcco69f71f79c6dbe {\r\ndisplay: block;\r\n}\r\n}\r\n@media screen and (max-width: 767px) {\r\n.ptcco69f71f79c6dbe {\r\ndisplay: block;\r\n}\r\n}\r\n<\/style>\r\n","protected":false},"excerpt":{"rendered":"<p>MAT\u00c9RIA ATUALIZADA &#8211; Um homic\u00eddio foi registrado na manh\u00e3 desta quinta-feira, 2 de abril, dentro da Penitenci\u00e1ria Doutor Manuel Martins Lisboa J\u00fanior, em Muria\u00e9. A v\u00edtima, um detento que seria natural daquela cidade, foi encontrada sem vida em circunst\u00e2ncias violentas<\/p>\n<p class=\"link-more\"><a class=\"more-link\" href=\"https:\/\/marcelolopes.jor.br\/site\/2026\/04\/02\/detento-e-brutalmente-assassinado-na-penitenciaria-de-muriae\/\">Leia mais <span class=\"screen-reader-text\">Detento \u00e9 brutalmente assassinado na Penitenci\u00e1ria de Muria\u00e9<\/span><\/a><\/p>\n","protected":false},"author":2,"featured_media":64945,"comment_status":"open","ping_status":"closed","sticky":false,"template":"","format":"standard","meta":{"footnotes":""},"categories":[1],"tags":[],"class_list":["post-64943","post","type-post","status-publish","format-standard","has-post-thumbnail","hentry","category-noticias","thumb-below-title"],"yoast_head":"<!-- This site is optimized with the Yoast SEO plugin v27.4 - https:\/\/yoast.com\/product\/yoast-seo-wordpress\/ -->\n<title>Detento \u00e9 brutalmente assassinado na Penitenci\u00e1ria de Muria\u00e9 | Marcelo Lopes<\/title>\n<meta name=\"description\" content=\"Detento \u00e9 brutalmente assassinado na Penitenci\u00e1ria de Muria\u00e9. As identidades dele e do autor, n\u00e3o foram divulgadas.\" \/>\n<meta name=\"robots\" content=\"index, follow, max-snippet:-1, max-image-preview:large, max-video-preview:-1\" \/>\n<link rel=\"canonical\" href=\"https:\/\/marcelolopes.jor.br\/site\/2026\/04\/02\/detento-e-brutalmente-assassinado-na-penitenciaria-de-muriae\/\" \/>\n<meta property=\"og:locale\" content=\"pt_BR\" \/>\n<meta property=\"og:type\" content=\"article\" \/>\n<meta property=\"og:title\" content=\"Detento \u00e9 brutalmente assassinado na Penitenci\u00e1ria de Muria\u00e9 | Marcelo Lopes\" \/>\n<meta property=\"og:description\" content=\"Detento \u00e9 brutalmente assassinado na Penitenci\u00e1ria de Muria\u00e9. As identidades dele e do autor, n\u00e3o foram divulgadas.\" \/>\n<meta property=\"og:url\" content=\"https:\/\/marcelolopes.jor.br\/site\/2026\/04\/02\/detento-e-brutalmente-assassinado-na-penitenciaria-de-muriae\/\" \/>\n<meta property=\"og:site_name\" content=\"Marcelo Lopes\" \/>\n<meta property=\"article:publisher\" content=\"https:\/\/www.facebook.com\/sitedomarcelolopes\" \/>\n<meta property=\"article:published_time\" content=\"2026-04-02T19:00:39+00:00\" \/>\n<meta property=\"article:modified_time\" content=\"2026-04-03T14:01:07+00:00\" \/>\n<meta property=\"og:image\" content=\"https:\/\/marcelolopes.jor.br\/site\/wp-content\/uploads\/2026\/04\/presidio.jpeg\" \/>\n\t<meta property=\"og:image:width\" content=\"750\" \/>\n\t<meta property=\"og:image:height\" content=\"500\" \/>\n\t<meta property=\"og:image:type\" content=\"image\/jpeg\" \/>\n<meta name=\"author\" content=\"Marcelo Lopes\" \/>\n<meta name=\"twitter:card\" content=\"summary_large_image\" \/>\n<meta name=\"twitter:label1\" content=\"Escrito por\" \/>\n\t<meta name=\"twitter:data1\" content=\"Marcelo Lopes\" \/>\n\t<meta name=\"twitter:label2\" content=\"Est. tempo de leitura\" \/>\n\t<meta name=\"twitter:data2\" content=\"2 minutos\" \/>\n<script type=\"application\/ld+json\" class=\"yoast-schema-graph\">{\"@context\":\"https:\\\/\\\/schema.org\",\"@graph\":[{\"@type\":\"NewsArticle\",\"@id\":\"https:\\\/\\\/marcelolopes.jor.br\\\/site\\\/2026\\\/04\\\/02\\\/detento-e-brutalmente-assassinado-na-penitenciaria-de-muriae\\\/#article\",\"isPartOf\":{\"@id\":\"https:\\\/\\\/marcelolopes.jor.br\\\/site\\\/2026\\\/04\\\/02\\\/detento-e-brutalmente-assassinado-na-penitenciaria-de-muriae\\\/\"},\"author\":{\"name\":\"Marcelo Lopes\",\"@id\":\"https:\\\/\\\/marcelolopes.jor.br\\\/site\\\/#\\\/schema\\\/person\\\/3e7216a35c34d8fdf952b31da3d1f89f\"},\"headline\":\"Detento \u00e9 brutalmente assassinado na Penitenci\u00e1ria de Muria\u00e9\",\"datePublished\":\"2026-04-02T19:00:39+00:00\",\"dateModified\":\"2026-04-03T14:01:07+00:00\",\"mainEntityOfPage\":{\"@id\":\"https:\\\/\\\/marcelolopes.jor.br\\\/site\\\/2026\\\/04\\\/02\\\/detento-e-brutalmente-assassinado-na-penitenciaria-de-muriae\\\/\"},\"wordCount\":327,\"commentCount\":0,\"publisher\":{\"@id\":\"https:\\\/\\\/marcelolopes.jor.br\\\/site\\\/#organization\"},\"image\":{\"@id\":\"https:\\\/\\\/marcelolopes.jor.br\\\/site\\\/2026\\\/04\\\/02\\\/detento-e-brutalmente-assassinado-na-penitenciaria-de-muriae\\\/#primaryimage\"},\"thumbnailUrl\":\"https:\\\/\\\/marcelolopes.jor.br\\\/site\\\/wp-content\\\/uploads\\\/2026\\\/04\\\/presidio.jpeg\",\"articleSection\":[\"Not\u00edcias\"],\"inLanguage\":\"pt-BR\",\"potentialAction\":[{\"@type\":\"CommentAction\",\"name\":\"Comment\",\"target\":[\"https:\\\/\\\/marcelolopes.jor.br\\\/site\\\/2026\\\/04\\\/02\\\/detento-e-brutalmente-assassinado-na-penitenciaria-de-muriae\\\/#respond\"]}]},{\"@type\":\"WebPage\",\"@id\":\"https:\\\/\\\/marcelolopes.jor.br\\\/site\\\/2026\\\/04\\\/02\\\/detento-e-brutalmente-assassinado-na-penitenciaria-de-muriae\\\/\",\"url\":\"https:\\\/\\\/marcelolopes.jor.br\\\/site\\\/2026\\\/04\\\/02\\\/detento-e-brutalmente-assassinado-na-penitenciaria-de-muriae\\\/\",\"name\":\"Detento \u00e9 brutalmente assassinado na Penitenci\u00e1ria de Muria\u00e9 | Marcelo Lopes\",\"isPartOf\":{\"@id\":\"https:\\\/\\\/marcelolopes.jor.br\\\/site\\\/#website\"},\"primaryImageOfPage\":{\"@id\":\"https:\\\/\\\/marcelolopes.jor.br\\\/site\\\/2026\\\/04\\\/02\\\/detento-e-brutalmente-assassinado-na-penitenciaria-de-muriae\\\/#primaryimage\"},\"image\":{\"@id\":\"https:\\\/\\\/marcelolopes.jor.br\\\/site\\\/2026\\\/04\\\/02\\\/detento-e-brutalmente-assassinado-na-penitenciaria-de-muriae\\\/#primaryimage\"},\"thumbnailUrl\":\"https:\\\/\\\/marcelolopes.jor.br\\\/site\\\/wp-content\\\/uploads\\\/2026\\\/04\\\/presidio.jpeg\",\"datePublished\":\"2026-04-02T19:00:39+00:00\",\"dateModified\":\"2026-04-03T14:01:07+00:00\",\"description\":\"Detento \u00e9 brutalmente assassinado na Penitenci\u00e1ria de Muria\u00e9. As identidades dele e do autor, n\u00e3o foram divulgadas.\",\"breadcrumb\":{\"@id\":\"https:\\\/\\\/marcelolopes.jor.br\\\/site\\\/2026\\\/04\\\/02\\\/detento-e-brutalmente-assassinado-na-penitenciaria-de-muriae\\\/#breadcrumb\"},\"inLanguage\":\"pt-BR\",\"potentialAction\":[{\"@type\":\"ReadAction\",\"target\":[\"https:\\\/\\\/marcelolopes.jor.br\\\/site\\\/2026\\\/04\\\/02\\\/detento-e-brutalmente-assassinado-na-penitenciaria-de-muriae\\\/\"]}]},{\"@type\":\"ImageObject\",\"inLanguage\":\"pt-BR\",\"@id\":\"https:\\\/\\\/marcelolopes.jor.br\\\/site\\\/2026\\\/04\\\/02\\\/detento-e-brutalmente-assassinado-na-penitenciaria-de-muriae\\\/#primaryimage\",\"url\":\"https:\\\/\\\/marcelolopes.jor.br\\\/site\\\/wp-content\\\/uploads\\\/2026\\\/04\\\/presidio.jpeg\",\"contentUrl\":\"https:\\\/\\\/marcelolopes.jor.br\\\/site\\\/wp-content\\\/uploads\\\/2026\\\/04\\\/presidio.jpeg\",\"width\":750,\"height\":500,\"caption\":\"Detento \u00e9 brutalmente assassinado\"},{\"@type\":\"BreadcrumbList\",\"@id\":\"https:\\\/\\\/marcelolopes.jor.br\\\/site\\\/2026\\\/04\\\/02\\\/detento-e-brutalmente-assassinado-na-penitenciaria-de-muriae\\\/#breadcrumb\",\"itemListElement\":[{\"@type\":\"ListItem\",\"position\":1,\"name\":\"Home\",\"item\":\"https:\\\/\\\/marcelolopes.jor.br\\\/site\\\/\"},{\"@type\":\"ListItem\",\"position\":2,\"name\":\"Detento \u00e9 brutalmente assassinado na Penitenci\u00e1ria de Muria\u00e9\"}]},{\"@type\":\"WebSite\",\"@id\":\"https:\\\/\\\/marcelolopes.jor.br\\\/site\\\/#website\",\"url\":\"https:\\\/\\\/marcelolopes.jor.br\\\/site\\\/\",\"name\":\"Marcelo Lopes\",\"description\":\"Not\u00edcias de Cataguases e Regi\u00e3o\",\"publisher\":{\"@id\":\"https:\\\/\\\/marcelolopes.jor.br\\\/site\\\/#organization\"},\"potentialAction\":[{\"@type\":\"SearchAction\",\"target\":{\"@type\":\"EntryPoint\",\"urlTemplate\":\"https:\\\/\\\/marcelolopes.jor.br\\\/site\\\/?s={search_term_string}\"},\"query-input\":{\"@type\":\"PropertyValueSpecification\",\"valueRequired\":true,\"valueName\":\"search_term_string\"}}],\"inLanguage\":\"pt-BR\"},{\"@type\":\"Organization\",\"@id\":\"https:\\\/\\\/marcelolopes.jor.br\\\/site\\\/#organization\",\"name\":\"Site do Marcelo Lopes\",\"url\":\"https:\\\/\\\/marcelolopes.jor.br\\\/site\\\/\",\"logo\":{\"@type\":\"ImageObject\",\"inLanguage\":\"pt-BR\",\"@id\":\"https:\\\/\\\/marcelolopes.jor.br\\\/site\\\/#\\\/schema\\\/logo\\\/image\\\/\",\"url\":\"https:\\\/\\\/marcelolopes.jor.br\\\/site\\\/wp-content\\\/uploads\\\/2024\\\/11\\\/logo-1.png\",\"contentUrl\":\"https:\\\/\\\/marcelolopes.jor.br\\\/site\\\/wp-content\\\/uploads\\\/2024\\\/11\\\/logo-1.png\",\"width\":475,\"height\":80,\"caption\":\"Site do Marcelo Lopes\"},\"image\":{\"@id\":\"https:\\\/\\\/marcelolopes.jor.br\\\/site\\\/#\\\/schema\\\/logo\\\/image\\\/\"},\"sameAs\":[\"https:\\\/\\\/www.facebook.com\\\/sitedomarcelolopes\",\"https:\\\/\\\/www.instagram.com\\\/sitedomarcelolopes\\\/\",\"https:\\\/\\\/www.linkedin.com\\\/company\\\/site-do-marcelo-lopes\\\/\",\"https:\\\/\\\/www.youtube.com\\\/user\\\/marcelolopes957\"]},{\"@type\":\"Person\",\"@id\":\"https:\\\/\\\/marcelolopes.jor.br\\\/site\\\/#\\\/schema\\\/person\\\/3e7216a35c34d8fdf952b31da3d1f89f\",\"name\":\"Marcelo Lopes\",\"sameAs\":[\"http:\\\/\\\/www.marcelolopes.jor.br\"],\"url\":\"https:\\\/\\\/marcelolopes.jor.br\\\/site\\\/author\\\/marcelo\\\/\"}]}<\/script>\n<!-- \/ Yoast SEO plugin. -->","yoast_head_json":{"title":"Detento \u00e9 brutalmente assassinado na Penitenci\u00e1ria de Muria\u00e9 | Marcelo Lopes","description":"Detento \u00e9 brutalmente assassinado na Penitenci\u00e1ria de Muria\u00e9. As identidades dele e do autor, n\u00e3o foram divulgadas.","robots":{"index":"index","follow":"follow","max-snippet":"max-snippet:-1","max-image-preview":"max-image-preview:large","max-video-preview":"max-video-preview:-1"},"canonical":"https:\/\/marcelolopes.jor.br\/site\/2026\/04\/02\/detento-e-brutalmente-assassinado-na-penitenciaria-de-muriae\/","og_locale":"pt_BR","og_type":"article","og_title":"Detento \u00e9 brutalmente assassinado na Penitenci\u00e1ria de Muria\u00e9 | Marcelo Lopes","og_description":"Detento \u00e9 brutalmente assassinado na Penitenci\u00e1ria de Muria\u00e9. As identidades dele e do autor, n\u00e3o foram divulgadas.","og_url":"https:\/\/marcelolopes.jor.br\/site\/2026\/04\/02\/detento-e-brutalmente-assassinado-na-penitenciaria-de-muriae\/","og_site_name":"Marcelo Lopes","article_publisher":"https:\/\/www.facebook.com\/sitedomarcelolopes","article_published_time":"2026-04-02T19:00:39+00:00","article_modified_time":"2026-04-03T14:01:07+00:00","og_image":[{"width":750,"height":500,"url":"https:\/\/marcelolopes.jor.br\/site\/wp-content\/uploads\/2026\/04\/presidio.jpeg","type":"image\/jpeg"}],"author":"Marcelo Lopes","twitter_card":"summary_large_image","twitter_misc":{"Escrito por":"Marcelo Lopes","Est. tempo de leitura":"2 minutos"},"schema":{"@context":"https:\/\/schema.org","@graph":[{"@type":"NewsArticle","@id":"https:\/\/marcelolopes.jor.br\/site\/2026\/04\/02\/detento-e-brutalmente-assassinado-na-penitenciaria-de-muriae\/#article","isPartOf":{"@id":"https:\/\/marcelolopes.jor.br\/site\/2026\/04\/02\/detento-e-brutalmente-assassinado-na-penitenciaria-de-muriae\/"},"author":{"name":"Marcelo Lopes","@id":"https:\/\/marcelolopes.jor.br\/site\/#\/schema\/person\/3e7216a35c34d8fdf952b31da3d1f89f"},"headline":"Detento \u00e9 brutalmente assassinado na Penitenci\u00e1ria de Muria\u00e9","datePublished":"2026-04-02T19:00:39+00:00","dateModified":"2026-04-03T14:01:07+00:00","mainEntityOfPage":{"@id":"https:\/\/marcelolopes.jor.br\/site\/2026\/04\/02\/detento-e-brutalmente-assassinado-na-penitenciaria-de-muriae\/"},"wordCount":327,"commentCount":0,"publisher":{"@id":"https:\/\/marcelolopes.jor.br\/site\/#organization"},"image":{"@id":"https:\/\/marcelolopes.jor.br\/site\/2026\/04\/02\/detento-e-brutalmente-assassinado-na-penitenciaria-de-muriae\/#primaryimage"},"thumbnailUrl":"https:\/\/marcelolopes.jor.br\/site\/wp-content\/uploads\/2026\/04\/presidio.jpeg","articleSection":["Not\u00edcias"],"inLanguage":"pt-BR","potentialAction":[{"@type":"CommentAction","name":"Comment","target":["https:\/\/marcelolopes.jor.br\/site\/2026\/04\/02\/detento-e-brutalmente-assassinado-na-penitenciaria-de-muriae\/#respond"]}]},{"@type":"WebPage","@id":"https:\/\/marcelolopes.jor.br\/site\/2026\/04\/02\/detento-e-brutalmente-assassinado-na-penitenciaria-de-muriae\/","url":"https:\/\/marcelolopes.jor.br\/site\/2026\/04\/02\/detento-e-brutalmente-assassinado-na-penitenciaria-de-muriae\/","name":"Detento \u00e9 brutalmente assassinado na Penitenci\u00e1ria de Muria\u00e9 | Marcelo Lopes","isPartOf":{"@id":"https:\/\/marcelolopes.jor.br\/site\/#website"},"primaryImageOfPage":{"@id":"https:\/\/marcelolopes.jor.br\/site\/2026\/04\/02\/detento-e-brutalmente-assassinado-na-penitenciaria-de-muriae\/#primaryimage"},"image":{"@id":"https:\/\/marcelolopes.jor.br\/site\/2026\/04\/02\/detento-e-brutalmente-assassinado-na-penitenciaria-de-muriae\/#primaryimage"},"thumbnailUrl":"https:\/\/marcelolopes.jor.br\/site\/wp-content\/uploads\/2026\/04\/presidio.jpeg","datePublished":"2026-04-02T19:00:39+00:00","dateModified":"2026-04-03T14:01:07+00:00","description":"Detento \u00e9 brutalmente assassinado na Penitenci\u00e1ria de Muria\u00e9. As identidades dele e do autor, n\u00e3o foram divulgadas.","breadcrumb":{"@id":"https:\/\/marcelolopes.jor.br\/site\/2026\/04\/02\/detento-e-brutalmente-assassinado-na-penitenciaria-de-muriae\/#breadcrumb"},"inLanguage":"pt-BR","potentialAction":[{"@type":"ReadAction","target":["https:\/\/marcelolopes.jor.br\/site\/2026\/04\/02\/detento-e-brutalmente-assassinado-na-penitenciaria-de-muriae\/"]}]},{"@type":"ImageObject","inLanguage":"pt-BR","@id":"https:\/\/marcelolopes.jor.br\/site\/2026\/04\/02\/detento-e-brutalmente-assassinado-na-penitenciaria-de-muriae\/#primaryimage","url":"https:\/\/marcelolopes.jor.br\/site\/wp-content\/uploads\/2026\/04\/presidio.jpeg","contentUrl":"https:\/\/marcelolopes.jor.br\/site\/wp-content\/uploads\/2026\/04\/presidio.jpeg","width":750,"height":500,"caption":"Detento \u00e9 brutalmente assassinado"},{"@type":"BreadcrumbList","@id":"https:\/\/marcelolopes.jor.br\/site\/2026\/04\/02\/detento-e-brutalmente-assassinado-na-penitenciaria-de-muriae\/#breadcrumb","itemListElement":[{"@type":"ListItem","position":1,"name":"Home","item":"https:\/\/marcelolopes.jor.br\/site\/"},{"@type":"ListItem","position":2,"name":"Detento \u00e9 brutalmente assassinado na Penitenci\u00e1ria de Muria\u00e9"}]},{"@type":"WebSite","@id":"https:\/\/marcelolopes.jor.br\/site\/#website","url":"https:\/\/marcelolopes.jor.br\/site\/","name":"Marcelo Lopes","description":"Not\u00edcias de Cataguases e Regi\u00e3o","publisher":{"@id":"https:\/\/marcelolopes.jor.br\/site\/#organization"},"potentialAction":[{"@type":"SearchAction","target":{"@type":"EntryPoint","urlTemplate":"https:\/\/marcelolopes.jor.br\/site\/?s={search_term_string}"},"query-input":{"@type":"PropertyValueSpecification","valueRequired":true,"valueName":"search_term_string"}}],"inLanguage":"pt-BR"},{"@type":"Organization","@id":"https:\/\/marcelolopes.jor.br\/site\/#organization","name":"Site do Marcelo Lopes","url":"https:\/\/marcelolopes.jor.br\/site\/","logo":{"@type":"ImageObject","inLanguage":"pt-BR","@id":"https:\/\/marcelolopes.jor.br\/site\/#\/schema\/logo\/image\/","url":"https:\/\/marcelolopes.jor.br\/site\/wp-content\/uploads\/2024\/11\/logo-1.png","contentUrl":"https:\/\/marcelolopes.jor.br\/site\/wp-content\/uploads\/2024\/11\/logo-1.png","width":475,"height":80,"caption":"Site do Marcelo Lopes"},"image":{"@id":"https:\/\/marcelolopes.jor.br\/site\/#\/schema\/logo\/image\/"},"sameAs":["https:\/\/www.facebook.com\/sitedomarcelolopes","https:\/\/www.instagram.com\/sitedomarcelolopes\/","https:\/\/www.linkedin.com\/company\/site-do-marcelo-lopes\/","https:\/\/www.youtube.com\/user\/marcelolopes957"]},{"@type":"Person","@id":"https:\/\/marcelolopes.jor.br\/site\/#\/schema\/person\/3e7216a35c34d8fdf952b31da3d1f89f","name":"Marcelo Lopes","sameAs":["http:\/\/www.marcelolopes.jor.br"],"url":"https:\/\/marcelolopes.jor.br\/site\/author\/marcelo\/"}]}},"wps_subtitle":"As identidades dele e do autor, n\u00e3o foram divulgadas. O caso est\u00e1 sendo investigado pela PCMG.","_links":{"self":[{"href":"https:\/\/marcelolopes.jor.br\/site\/wp-json\/wp\/v2\/posts\/64943","targetHints":{"allow":["GET"]}}],"collection":[{"href":"https:\/\/marcelolopes.jor.br\/site\/wp-json\/wp\/v2\/posts"}],"about":[{"href":"https:\/\/marcelolopes.jor.br\/site\/wp-json\/wp\/v2\/types\/post"}],"author":[{"embeddable":true,"href":"https:\/\/marcelolopes.jor.br\/site\/wp-json\/wp\/v2\/users\/2"}],"replies":[{"embeddable":true,"href":"https:\/\/marcelolopes.jor.br\/site\/wp-json\/wp\/v2\/comments?post=64943"}],"version-history":[{"count":5,"href":"https:\/\/marcelolopes.jor.br\/site\/wp-json\/wp\/v2\/posts\/64943\/revisions"}],"predecessor-version":[{"id":64963,"href":"https:\/\/marcelolopes.jor.br\/site\/wp-json\/wp\/v2\/posts\/64943\/revisions\/64963"}],"wp:featuredmedia":[{"embeddable":true,"href":"https:\/\/marcelolopes.jor.br\/site\/wp-json\/wp\/v2\/media\/64945"}],"wp:attachment":[{"href":"https:\/\/marcelolopes.jor.br\/site\/wp-json\/wp\/v2\/media?parent=64943"}],"wp:term":[{"taxonomy":"category","embeddable":true,"href":"https:\/\/marcelolopes.jor.br\/site\/wp-json\/wp\/v2\/categories?post=64943"},{"taxonomy":"post_tag","embeddable":true,"href":"https:\/\/marcelolopes.jor.br\/site\/wp-json\/wp\/v2\/tags?post=64943"}],"curies":[{"name":"wp","href":"https:\/\/api.w.org\/{rel}","templated":true}]}}