{"id":64937,"date":"2026-04-02T12:00:34","date_gmt":"2026-04-02T15:00:34","guid":{"rendered":"https:\/\/marcelolopes.jor.br\/site\/?p=64937"},"modified":"2026-04-02T10:55:42","modified_gmt":"2026-04-02T13:55:42","slug":"operacao-policial-prende-tres-por-trafico-de-drogas-em-mirai","status":"publish","type":"post","link":"https:\/\/marcelolopes.jor.br\/site\/2026\/04\/02\/operacao-policial-prende-tres-por-trafico-de-drogas-em-mirai\/","title":{"rendered":"Opera\u00e7\u00e3o policial prende tr\u00eas por tr\u00e1fico de drogas em Mira\u00ed"},"content":{"rendered":"<p>Uma opera\u00e7\u00e3o da Pol\u00edcia Militar realizada na manh\u00e3 desta quinta-feira, 2 de abril, em Mira\u00ed, resultou na pris\u00e3o de tr\u00eas pessoas \u2014 de 18, 21 e 25 anos \u2014 e na apreens\u00e3o de dois menores, de 13 e 16 anos, suspeitos de envolvimento com o tr\u00e1fico de drogas e outros crimes. A a\u00e7\u00e3o ocorreu por volta das 6h15, durante o cumprimento de mandados de busca e apreens\u00e3o.<!--more--><\/p>\n<h4 class=\"p1\"><span class=\"s1\">\ud83d\udcf8\u00a0<span style=\"color: #008000;\">Siga o Site do Marcelo Lopes no<\/span>\u00a0<span style=\"color: #800000;\"><a style=\"color: #800000;\" href=\"https:\/\/www.facebook.com\/sitedomarcelolopes\/\"><strong>Facebook<\/strong><\/a><\/span>\u00a0<span style=\"color: #008000;\">e no<\/span>\u00a0<span style=\"color: #800000;\"><strong><a style=\"color: #800000;\" href=\"https:\/\/www.instagram.com\/sitedomarcelolopes\/\">Instagram<\/a><\/strong><\/span><\/span><\/h4>\n<h4 class=\"p1\">\ud83d\udcf1<span style=\"color: #008000;\">Participe do grupo de<\/span>\u00a0<span style=\"color: #800000;\"><a style=\"color: #800000;\" href=\"https:\/\/chat.whatsapp.com\/BibzcI1ibYSKytbdyzubLA\"><strong>WhatsApp<\/strong><\/a><\/span> <span style=\"color: #008000;\">do Site do Marcelo Lopes<\/span><\/h4>\n<p>A ofensiva teve como foco o combate ao tr\u00e1fico de drogas no munic\u00edpio e mobilizou um grande aparato policial, com atua\u00e7\u00e3o integrada de equipes locais e apoio de unidades especializadas, como o Grupo Especializado em Radiopatrulhamento (GER), Pol\u00edcia Militar de Meio Ambiente (MAMB), Pol\u00edcia Rodovi\u00e1ria (RV) e Rondas Ostensivas com C\u00e3es (ROCCA). Tamb\u00e9m participaram militares de cidades da regi\u00e3o, como Leopoldina, Cataguases, Santana de Cataguases e S\u00e3o Sebasti\u00e3o da Vargem Alegre.<\/p>\n<p>Durante a opera\u00e7\u00e3o, foram apreendidos um rev\u00f3lver calibre .32, quatro muni\u00e7\u00f5es, al\u00e9m de grande quantidade de drogas, incluindo maconha, coca\u00edna e crack \u2014 sendo 126 pedras da subst\u00e2ncia. Os policiais tamb\u00e9m recolheram seis celulares, duas balan\u00e7as de precis\u00e3o, um r\u00e1dio comunicador, materiais utilizados para preparo e embalagem de entorpecentes, R$ 1.138,05 em dinheiro e uma ave silvestre da esp\u00e9cie trinca-ferro.<\/p>\n<p><img loading=\"lazy\" decoding=\"async\" class=\"wp-image-64941 aligncenter\" src=\"https:\/\/marcelolopes.jor.br\/site\/wp-content\/uploads\/2026\/04\/apreens-169x300.jpeg\" alt=\"\" width=\"500\" height=\"717\" \/>De acordo com a Pol\u00edcia Militar, a a\u00e7\u00e3o faz parte de uma estrat\u00e9gia de enfrentamento ao crime organizado, com alvos previamente definidos. A expedi\u00e7\u00e3o dos mandados contou com apoio do Minist\u00e9rio P\u00fablico e do Poder Judici\u00e1rio.<\/p>\n<blockquote><p>Segundo o tenente Jardim, comandante da Pol\u00edcia Militar em Mira\u00ed, \u201cesta opera\u00e7\u00e3o reafirma o compromisso da Pol\u00edcia Militar em combater o tr\u00e1fico de drogas e tirar de circula\u00e7\u00e3o indiv\u00edduos que amea\u00e7am a paz social em nossa cidade\u201d.<\/p><\/blockquote>\n<p>Os envolvidos foram encaminhados \u00e0s autoridades competentes, e o material apreendido ser\u00e1 utilizado nas investiga\u00e7\u00f5es.<\/p>\n<p><strong>OUTRAS NOT\u00cdCIAS<\/strong><br \/>\n<a href=\"https:\/\/marcelolopes.jor.br\/site\/2026\/03\/23\/homem-e-morto-na-zona-rural-de-mirai-e-pm-prende-suspeito\/\"><strong><span style=\"color: #800000;\">Homem \u00e9 morto na zona rural de Mira\u00ed e PM prende suspeito<\/span><\/strong><\/a><\/p>\n<p><a href=\"https:\/\/marcelolopes.jor.br\/site\/2026\/03\/01\/jovem-e-preso-por-trafico-de-drogas-em-mirai\/\"><strong><span style=\"color: #800000;\">Jovem \u00e9 preso por tr\u00e1fico de drogas em Mira\u00ed<\/span><\/strong><\/a><\/p>\n<p>Fonte e fotos: PMMG-Mira\u00ed<\/p>\n<div class=\"ajjvh69f74bc7e78a3\" ><br><\/div><style type=\"text\/css\">\r\n@media screen and (min-width: 1201px) {\r\n.ajjvh69f74bc7e78a3 {\r\ndisplay: block;\r\n}\r\n}\r\n@media screen and (min-width: 993px) and (max-width: 1200px) {\r\n.ajjvh69f74bc7e78a3 {\r\ndisplay: block;\r\n}\r\n}\r\n@media screen and (min-width: 769px) and (max-width: 992px) {\r\n.ajjvh69f74bc7e78a3 {\r\ndisplay: block;\r\n}\r\n}\r\n@media screen and (min-width: 768px) and (max-width: 768px) {\r\n.ajjvh69f74bc7e78a3 {\r\ndisplay: block;\r\n}\r\n}\r\n@media screen and (max-width: 767px) {\r\n.ajjvh69f74bc7e78a3 {\r\ndisplay: block;\r\n}\r\n}\r\n<\/style>\r\n<div class=\"gqjei69f74bc7ee04b\" ><div id=\"div_destino\"><\/div>\r\n<script src=\"https:\/\/cdn.snsrsv.com\/sdk.js\"><\/script>\r\n<script >\r\n      new sdk(\"464030C30061EA8BE065000000000001\") \r\n          .appendTo(\"div_destino\")\r\n          .disableStyle(true) \r\n          .setCacheBusterMacro(\"%%CACHEBUSTER%%\")\r\n          .setSize(\"800\",\"214\")\r\n          .setClickMacro(\"%%CLICK_URL_ESC%%\") \r\n          .setReferrerUrlMacro(\"%%REFERRER_URL_ESC%%\") \r\n          .start(); \r\n<\/script><\/div><style type=\"text\/css\">\r\n@media screen and (min-width: 1201px) {\r\n.gqjei69f74bc7ee04b {\r\ndisplay: block;\r\n}\r\n}\r\n@media screen and (min-width: 993px) and (max-width: 1200px) {\r\n.gqjei69f74bc7ee04b {\r\ndisplay: block;\r\n}\r\n}\r\n@media screen and (min-width: 769px) and (max-width: 992px) {\r\n.gqjei69f74bc7ee04b {\r\ndisplay: block;\r\n}\r\n}\r\n@media screen and (min-width: 768px) and (max-width: 768px) {\r\n.gqjei69f74bc7ee04b {\r\ndisplay: block;\r\n}\r\n}\r\n@media screen and (max-width: 767px) {\r\n.gqjei69f74bc7ee04b {\r\ndisplay: block;\r\n}\r\n}\r\n<\/style>\r\n","protected":false},"excerpt":{"rendered":"<p>Uma opera\u00e7\u00e3o da Pol\u00edcia Militar realizada na manh\u00e3 desta quinta-feira, 2 de abril, em Mira\u00ed, resultou na pris\u00e3o de tr\u00eas pessoas \u2014 de 18, 21 e 25 anos \u2014 e na apreens\u00e3o de dois menores, de 13 e 16 anos,<\/p>\n<p class=\"link-more\"><a class=\"more-link\" href=\"https:\/\/marcelolopes.jor.br\/site\/2026\/04\/02\/operacao-policial-prende-tres-por-trafico-de-drogas-em-mirai\/\">Leia mais <span class=\"screen-reader-text\">Opera\u00e7\u00e3o policial prende tr\u00eas por tr\u00e1fico de drogas em Mira\u00ed<\/span><\/a><\/p>\n","protected":false},"author":2,"featured_media":64940,"comment_status":"open","ping_status":"closed","sticky":false,"template":"","format":"standard","meta":{"footnotes":""},"categories":[1],"tags":[],"class_list":["post-64937","post","type-post","status-publish","format-standard","has-post-thumbnail","hentry","category-noticias","thumb-below-title"],"yoast_head":"<!-- This site is optimized with the Yoast SEO plugin v27.4 - https:\/\/yoast.com\/product\/yoast-seo-wordpress\/ -->\n<title>Opera\u00e7\u00e3o policial prende tr\u00eas por tr\u00e1fico de drogas em Mira\u00ed | Marcelo Lopes<\/title>\n<meta name=\"description\" content=\"Opera\u00e7\u00e3o policial prende tr\u00eas por tr\u00e1fico de drogas em Mira\u00ed. Tamb\u00e9m foram apreendidos dois adolescentes, al\u00e9m de drogas e armas.\" \/>\n<meta name=\"robots\" content=\"index, follow, max-snippet:-1, max-image-preview:large, max-video-preview:-1\" \/>\n<link rel=\"canonical\" href=\"https:\/\/marcelolopes.jor.br\/site\/2026\/04\/02\/operacao-policial-prende-tres-por-trafico-de-drogas-em-mirai\/\" \/>\n<meta property=\"og:locale\" content=\"pt_BR\" \/>\n<meta property=\"og:type\" content=\"article\" \/>\n<meta property=\"og:title\" content=\"Opera\u00e7\u00e3o policial prende tr\u00eas por tr\u00e1fico de drogas em Mira\u00ed | Marcelo Lopes\" \/>\n<meta property=\"og:description\" content=\"Opera\u00e7\u00e3o policial prende tr\u00eas por tr\u00e1fico de drogas em Mira\u00ed. Tamb\u00e9m foram apreendidos dois adolescentes, al\u00e9m de drogas e armas.\" \/>\n<meta property=\"og:url\" content=\"https:\/\/marcelolopes.jor.br\/site\/2026\/04\/02\/operacao-policial-prende-tres-por-trafico-de-drogas-em-mirai\/\" \/>\n<meta property=\"og:site_name\" content=\"Marcelo Lopes\" \/>\n<meta property=\"article:publisher\" content=\"https:\/\/www.facebook.com\/sitedomarcelolopes\" \/>\n<meta property=\"article:published_time\" content=\"2026-04-02T15:00:34+00:00\" \/>\n<meta property=\"og:image\" content=\"https:\/\/marcelolopes.jor.br\/site\/wp-content\/uploads\/2026\/04\/apreenso.jpeg\" \/>\n\t<meta property=\"og:image:width\" content=\"1536\" \/>\n\t<meta property=\"og:image:height\" content=\"1024\" \/>\n\t<meta property=\"og:image:type\" content=\"image\/jpeg\" \/>\n<meta name=\"author\" content=\"Marcelo Lopes\" \/>\n<meta name=\"twitter:card\" content=\"summary_large_image\" \/>\n<meta name=\"twitter:label1\" content=\"Escrito por\" \/>\n\t<meta name=\"twitter:data1\" content=\"Marcelo Lopes\" \/>\n\t<meta name=\"twitter:label2\" content=\"Est. tempo de leitura\" \/>\n\t<meta name=\"twitter:data2\" content=\"2 minutos\" \/>\n<script type=\"application\/ld+json\" class=\"yoast-schema-graph\">{\"@context\":\"https:\\\/\\\/schema.org\",\"@graph\":[{\"@type\":\"NewsArticle\",\"@id\":\"https:\\\/\\\/marcelolopes.jor.br\\\/site\\\/2026\\\/04\\\/02\\\/operacao-policial-prende-tres-por-trafico-de-drogas-em-mirai\\\/#article\",\"isPartOf\":{\"@id\":\"https:\\\/\\\/marcelolopes.jor.br\\\/site\\\/2026\\\/04\\\/02\\\/operacao-policial-prende-tres-por-trafico-de-drogas-em-mirai\\\/\"},\"author\":{\"name\":\"Marcelo Lopes\",\"@id\":\"https:\\\/\\\/marcelolopes.jor.br\\\/site\\\/#\\\/schema\\\/person\\\/3e7216a35c34d8fdf952b31da3d1f89f\"},\"headline\":\"Opera\u00e7\u00e3o policial prende tr\u00eas por tr\u00e1fico de drogas em Mira\u00ed\",\"datePublished\":\"2026-04-02T15:00:34+00:00\",\"mainEntityOfPage\":{\"@id\":\"https:\\\/\\\/marcelolopes.jor.br\\\/site\\\/2026\\\/04\\\/02\\\/operacao-policial-prende-tres-por-trafico-de-drogas-em-mirai\\\/\"},\"wordCount\":380,\"commentCount\":0,\"publisher\":{\"@id\":\"https:\\\/\\\/marcelolopes.jor.br\\\/site\\\/#organization\"},\"image\":{\"@id\":\"https:\\\/\\\/marcelolopes.jor.br\\\/site\\\/2026\\\/04\\\/02\\\/operacao-policial-prende-tres-por-trafico-de-drogas-em-mirai\\\/#primaryimage\"},\"thumbnailUrl\":\"https:\\\/\\\/marcelolopes.jor.br\\\/site\\\/wp-content\\\/uploads\\\/2026\\\/04\\\/apreenso.jpeg\",\"articleSection\":[\"Not\u00edcias\"],\"inLanguage\":\"pt-BR\",\"potentialAction\":[{\"@type\":\"CommentAction\",\"name\":\"Comment\",\"target\":[\"https:\\\/\\\/marcelolopes.jor.br\\\/site\\\/2026\\\/04\\\/02\\\/operacao-policial-prende-tres-por-trafico-de-drogas-em-mirai\\\/#respond\"]}]},{\"@type\":\"WebPage\",\"@id\":\"https:\\\/\\\/marcelolopes.jor.br\\\/site\\\/2026\\\/04\\\/02\\\/operacao-policial-prende-tres-por-trafico-de-drogas-em-mirai\\\/\",\"url\":\"https:\\\/\\\/marcelolopes.jor.br\\\/site\\\/2026\\\/04\\\/02\\\/operacao-policial-prende-tres-por-trafico-de-drogas-em-mirai\\\/\",\"name\":\"Opera\u00e7\u00e3o policial prende tr\u00eas por tr\u00e1fico de drogas em Mira\u00ed | Marcelo Lopes\",\"isPartOf\":{\"@id\":\"https:\\\/\\\/marcelolopes.jor.br\\\/site\\\/#website\"},\"primaryImageOfPage\":{\"@id\":\"https:\\\/\\\/marcelolopes.jor.br\\\/site\\\/2026\\\/04\\\/02\\\/operacao-policial-prende-tres-por-trafico-de-drogas-em-mirai\\\/#primaryimage\"},\"image\":{\"@id\":\"https:\\\/\\\/marcelolopes.jor.br\\\/site\\\/2026\\\/04\\\/02\\\/operacao-policial-prende-tres-por-trafico-de-drogas-em-mirai\\\/#primaryimage\"},\"thumbnailUrl\":\"https:\\\/\\\/marcelolopes.jor.br\\\/site\\\/wp-content\\\/uploads\\\/2026\\\/04\\\/apreenso.jpeg\",\"datePublished\":\"2026-04-02T15:00:34+00:00\",\"description\":\"Opera\u00e7\u00e3o policial prende tr\u00eas por tr\u00e1fico de drogas em Mira\u00ed. Tamb\u00e9m foram apreendidos dois adolescentes, al\u00e9m de drogas e armas.\",\"breadcrumb\":{\"@id\":\"https:\\\/\\\/marcelolopes.jor.br\\\/site\\\/2026\\\/04\\\/02\\\/operacao-policial-prende-tres-por-trafico-de-drogas-em-mirai\\\/#breadcrumb\"},\"inLanguage\":\"pt-BR\",\"potentialAction\":[{\"@type\":\"ReadAction\",\"target\":[\"https:\\\/\\\/marcelolopes.jor.br\\\/site\\\/2026\\\/04\\\/02\\\/operacao-policial-prende-tres-por-trafico-de-drogas-em-mirai\\\/\"]}]},{\"@type\":\"ImageObject\",\"inLanguage\":\"pt-BR\",\"@id\":\"https:\\\/\\\/marcelolopes.jor.br\\\/site\\\/2026\\\/04\\\/02\\\/operacao-policial-prende-tres-por-trafico-de-drogas-em-mirai\\\/#primaryimage\",\"url\":\"https:\\\/\\\/marcelolopes.jor.br\\\/site\\\/wp-content\\\/uploads\\\/2026\\\/04\\\/apreenso.jpeg\",\"contentUrl\":\"https:\\\/\\\/marcelolopes.jor.br\\\/site\\\/wp-content\\\/uploads\\\/2026\\\/04\\\/apreenso.jpeg\",\"width\":1536,\"height\":1024,\"caption\":\"Opera\u00e7\u00e3o policial prende tr\u00eas\"},{\"@type\":\"BreadcrumbList\",\"@id\":\"https:\\\/\\\/marcelolopes.jor.br\\\/site\\\/2026\\\/04\\\/02\\\/operacao-policial-prende-tres-por-trafico-de-drogas-em-mirai\\\/#breadcrumb\",\"itemListElement\":[{\"@type\":\"ListItem\",\"position\":1,\"name\":\"Home\",\"item\":\"https:\\\/\\\/marcelolopes.jor.br\\\/site\\\/\"},{\"@type\":\"ListItem\",\"position\":2,\"name\":\"Opera\u00e7\u00e3o policial prende tr\u00eas por tr\u00e1fico de drogas em Mira\u00ed\"}]},{\"@type\":\"WebSite\",\"@id\":\"https:\\\/\\\/marcelolopes.jor.br\\\/site\\\/#website\",\"url\":\"https:\\\/\\\/marcelolopes.jor.br\\\/site\\\/\",\"name\":\"Marcelo Lopes\",\"description\":\"Not\u00edcias de Cataguases e Regi\u00e3o\",\"publisher\":{\"@id\":\"https:\\\/\\\/marcelolopes.jor.br\\\/site\\\/#organization\"},\"potentialAction\":[{\"@type\":\"SearchAction\",\"target\":{\"@type\":\"EntryPoint\",\"urlTemplate\":\"https:\\\/\\\/marcelolopes.jor.br\\\/site\\\/?s={search_term_string}\"},\"query-input\":{\"@type\":\"PropertyValueSpecification\",\"valueRequired\":true,\"valueName\":\"search_term_string\"}}],\"inLanguage\":\"pt-BR\"},{\"@type\":\"Organization\",\"@id\":\"https:\\\/\\\/marcelolopes.jor.br\\\/site\\\/#organization\",\"name\":\"Site do Marcelo Lopes\",\"url\":\"https:\\\/\\\/marcelolopes.jor.br\\\/site\\\/\",\"logo\":{\"@type\":\"ImageObject\",\"inLanguage\":\"pt-BR\",\"@id\":\"https:\\\/\\\/marcelolopes.jor.br\\\/site\\\/#\\\/schema\\\/logo\\\/image\\\/\",\"url\":\"https:\\\/\\\/marcelolopes.jor.br\\\/site\\\/wp-content\\\/uploads\\\/2024\\\/11\\\/logo-1.png\",\"contentUrl\":\"https:\\\/\\\/marcelolopes.jor.br\\\/site\\\/wp-content\\\/uploads\\\/2024\\\/11\\\/logo-1.png\",\"width\":475,\"height\":80,\"caption\":\"Site do Marcelo Lopes\"},\"image\":{\"@id\":\"https:\\\/\\\/marcelolopes.jor.br\\\/site\\\/#\\\/schema\\\/logo\\\/image\\\/\"},\"sameAs\":[\"https:\\\/\\\/www.facebook.com\\\/sitedomarcelolopes\",\"https:\\\/\\\/www.instagram.com\\\/sitedomarcelolopes\\\/\",\"https:\\\/\\\/www.linkedin.com\\\/company\\\/site-do-marcelo-lopes\\\/\",\"https:\\\/\\\/www.youtube.com\\\/user\\\/marcelolopes957\"]},{\"@type\":\"Person\",\"@id\":\"https:\\\/\\\/marcelolopes.jor.br\\\/site\\\/#\\\/schema\\\/person\\\/3e7216a35c34d8fdf952b31da3d1f89f\",\"name\":\"Marcelo Lopes\",\"sameAs\":[\"http:\\\/\\\/www.marcelolopes.jor.br\"],\"url\":\"https:\\\/\\\/marcelolopes.jor.br\\\/site\\\/author\\\/marcelo\\\/\"}]}<\/script>\n<!-- \/ Yoast SEO plugin. -->","yoast_head_json":{"title":"Opera\u00e7\u00e3o policial prende tr\u00eas por tr\u00e1fico de drogas em Mira\u00ed | Marcelo Lopes","description":"Opera\u00e7\u00e3o policial prende tr\u00eas por tr\u00e1fico de drogas em Mira\u00ed. Tamb\u00e9m foram apreendidos dois adolescentes, al\u00e9m de drogas e armas.","robots":{"index":"index","follow":"follow","max-snippet":"max-snippet:-1","max-image-preview":"max-image-preview:large","max-video-preview":"max-video-preview:-1"},"canonical":"https:\/\/marcelolopes.jor.br\/site\/2026\/04\/02\/operacao-policial-prende-tres-por-trafico-de-drogas-em-mirai\/","og_locale":"pt_BR","og_type":"article","og_title":"Opera\u00e7\u00e3o policial prende tr\u00eas por tr\u00e1fico de drogas em Mira\u00ed | Marcelo Lopes","og_description":"Opera\u00e7\u00e3o policial prende tr\u00eas por tr\u00e1fico de drogas em Mira\u00ed. Tamb\u00e9m foram apreendidos dois adolescentes, al\u00e9m de drogas e armas.","og_url":"https:\/\/marcelolopes.jor.br\/site\/2026\/04\/02\/operacao-policial-prende-tres-por-trafico-de-drogas-em-mirai\/","og_site_name":"Marcelo Lopes","article_publisher":"https:\/\/www.facebook.com\/sitedomarcelolopes","article_published_time":"2026-04-02T15:00:34+00:00","og_image":[{"width":1536,"height":1024,"url":"https:\/\/marcelolopes.jor.br\/site\/wp-content\/uploads\/2026\/04\/apreenso.jpeg","type":"image\/jpeg"}],"author":"Marcelo Lopes","twitter_card":"summary_large_image","twitter_misc":{"Escrito por":"Marcelo Lopes","Est. tempo de leitura":"2 minutos"},"schema":{"@context":"https:\/\/schema.org","@graph":[{"@type":"NewsArticle","@id":"https:\/\/marcelolopes.jor.br\/site\/2026\/04\/02\/operacao-policial-prende-tres-por-trafico-de-drogas-em-mirai\/#article","isPartOf":{"@id":"https:\/\/marcelolopes.jor.br\/site\/2026\/04\/02\/operacao-policial-prende-tres-por-trafico-de-drogas-em-mirai\/"},"author":{"name":"Marcelo Lopes","@id":"https:\/\/marcelolopes.jor.br\/site\/#\/schema\/person\/3e7216a35c34d8fdf952b31da3d1f89f"},"headline":"Opera\u00e7\u00e3o policial prende tr\u00eas por tr\u00e1fico de drogas em Mira\u00ed","datePublished":"2026-04-02T15:00:34+00:00","mainEntityOfPage":{"@id":"https:\/\/marcelolopes.jor.br\/site\/2026\/04\/02\/operacao-policial-prende-tres-por-trafico-de-drogas-em-mirai\/"},"wordCount":380,"commentCount":0,"publisher":{"@id":"https:\/\/marcelolopes.jor.br\/site\/#organization"},"image":{"@id":"https:\/\/marcelolopes.jor.br\/site\/2026\/04\/02\/operacao-policial-prende-tres-por-trafico-de-drogas-em-mirai\/#primaryimage"},"thumbnailUrl":"https:\/\/marcelolopes.jor.br\/site\/wp-content\/uploads\/2026\/04\/apreenso.jpeg","articleSection":["Not\u00edcias"],"inLanguage":"pt-BR","potentialAction":[{"@type":"CommentAction","name":"Comment","target":["https:\/\/marcelolopes.jor.br\/site\/2026\/04\/02\/operacao-policial-prende-tres-por-trafico-de-drogas-em-mirai\/#respond"]}]},{"@type":"WebPage","@id":"https:\/\/marcelolopes.jor.br\/site\/2026\/04\/02\/operacao-policial-prende-tres-por-trafico-de-drogas-em-mirai\/","url":"https:\/\/marcelolopes.jor.br\/site\/2026\/04\/02\/operacao-policial-prende-tres-por-trafico-de-drogas-em-mirai\/","name":"Opera\u00e7\u00e3o policial prende tr\u00eas por tr\u00e1fico de drogas em Mira\u00ed | Marcelo Lopes","isPartOf":{"@id":"https:\/\/marcelolopes.jor.br\/site\/#website"},"primaryImageOfPage":{"@id":"https:\/\/marcelolopes.jor.br\/site\/2026\/04\/02\/operacao-policial-prende-tres-por-trafico-de-drogas-em-mirai\/#primaryimage"},"image":{"@id":"https:\/\/marcelolopes.jor.br\/site\/2026\/04\/02\/operacao-policial-prende-tres-por-trafico-de-drogas-em-mirai\/#primaryimage"},"thumbnailUrl":"https:\/\/marcelolopes.jor.br\/site\/wp-content\/uploads\/2026\/04\/apreenso.jpeg","datePublished":"2026-04-02T15:00:34+00:00","description":"Opera\u00e7\u00e3o policial prende tr\u00eas por tr\u00e1fico de drogas em Mira\u00ed. Tamb\u00e9m foram apreendidos dois adolescentes, al\u00e9m de drogas e armas.","breadcrumb":{"@id":"https:\/\/marcelolopes.jor.br\/site\/2026\/04\/02\/operacao-policial-prende-tres-por-trafico-de-drogas-em-mirai\/#breadcrumb"},"inLanguage":"pt-BR","potentialAction":[{"@type":"ReadAction","target":["https:\/\/marcelolopes.jor.br\/site\/2026\/04\/02\/operacao-policial-prende-tres-por-trafico-de-drogas-em-mirai\/"]}]},{"@type":"ImageObject","inLanguage":"pt-BR","@id":"https:\/\/marcelolopes.jor.br\/site\/2026\/04\/02\/operacao-policial-prende-tres-por-trafico-de-drogas-em-mirai\/#primaryimage","url":"https:\/\/marcelolopes.jor.br\/site\/wp-content\/uploads\/2026\/04\/apreenso.jpeg","contentUrl":"https:\/\/marcelolopes.jor.br\/site\/wp-content\/uploads\/2026\/04\/apreenso.jpeg","width":1536,"height":1024,"caption":"Opera\u00e7\u00e3o policial prende tr\u00eas"},{"@type":"BreadcrumbList","@id":"https:\/\/marcelolopes.jor.br\/site\/2026\/04\/02\/operacao-policial-prende-tres-por-trafico-de-drogas-em-mirai\/#breadcrumb","itemListElement":[{"@type":"ListItem","position":1,"name":"Home","item":"https:\/\/marcelolopes.jor.br\/site\/"},{"@type":"ListItem","position":2,"name":"Opera\u00e7\u00e3o policial prende tr\u00eas por tr\u00e1fico de drogas em Mira\u00ed"}]},{"@type":"WebSite","@id":"https:\/\/marcelolopes.jor.br\/site\/#website","url":"https:\/\/marcelolopes.jor.br\/site\/","name":"Marcelo Lopes","description":"Not\u00edcias de Cataguases e Regi\u00e3o","publisher":{"@id":"https:\/\/marcelolopes.jor.br\/site\/#organization"},"potentialAction":[{"@type":"SearchAction","target":{"@type":"EntryPoint","urlTemplate":"https:\/\/marcelolopes.jor.br\/site\/?s={search_term_string}"},"query-input":{"@type":"PropertyValueSpecification","valueRequired":true,"valueName":"search_term_string"}}],"inLanguage":"pt-BR"},{"@type":"Organization","@id":"https:\/\/marcelolopes.jor.br\/site\/#organization","name":"Site do Marcelo Lopes","url":"https:\/\/marcelolopes.jor.br\/site\/","logo":{"@type":"ImageObject","inLanguage":"pt-BR","@id":"https:\/\/marcelolopes.jor.br\/site\/#\/schema\/logo\/image\/","url":"https:\/\/marcelolopes.jor.br\/site\/wp-content\/uploads\/2024\/11\/logo-1.png","contentUrl":"https:\/\/marcelolopes.jor.br\/site\/wp-content\/uploads\/2024\/11\/logo-1.png","width":475,"height":80,"caption":"Site do Marcelo Lopes"},"image":{"@id":"https:\/\/marcelolopes.jor.br\/site\/#\/schema\/logo\/image\/"},"sameAs":["https:\/\/www.facebook.com\/sitedomarcelolopes","https:\/\/www.instagram.com\/sitedomarcelolopes\/","https:\/\/www.linkedin.com\/company\/site-do-marcelo-lopes\/","https:\/\/www.youtube.com\/user\/marcelolopes957"]},{"@type":"Person","@id":"https:\/\/marcelolopes.jor.br\/site\/#\/schema\/person\/3e7216a35c34d8fdf952b31da3d1f89f","name":"Marcelo Lopes","sameAs":["http:\/\/www.marcelolopes.jor.br"],"url":"https:\/\/marcelolopes.jor.br\/site\/author\/marcelo\/"}]}},"wps_subtitle":"Tamb\u00e9m foram apreendidos dois adolescentes, al\u00e9m de drogas e armas.","_links":{"self":[{"href":"https:\/\/marcelolopes.jor.br\/site\/wp-json\/wp\/v2\/posts\/64937","targetHints":{"allow":["GET"]}}],"collection":[{"href":"https:\/\/marcelolopes.jor.br\/site\/wp-json\/wp\/v2\/posts"}],"about":[{"href":"https:\/\/marcelolopes.jor.br\/site\/wp-json\/wp\/v2\/types\/post"}],"author":[{"embeddable":true,"href":"https:\/\/marcelolopes.jor.br\/site\/wp-json\/wp\/v2\/users\/2"}],"replies":[{"embeddable":true,"href":"https:\/\/marcelolopes.jor.br\/site\/wp-json\/wp\/v2\/comments?post=64937"}],"version-history":[{"count":3,"href":"https:\/\/marcelolopes.jor.br\/site\/wp-json\/wp\/v2\/posts\/64937\/revisions"}],"predecessor-version":[{"id":64942,"href":"https:\/\/marcelolopes.jor.br\/site\/wp-json\/wp\/v2\/posts\/64937\/revisions\/64942"}],"wp:featuredmedia":[{"embeddable":true,"href":"https:\/\/marcelolopes.jor.br\/site\/wp-json\/wp\/v2\/media\/64940"}],"wp:attachment":[{"href":"https:\/\/marcelolopes.jor.br\/site\/wp-json\/wp\/v2\/media?parent=64937"}],"wp:term":[{"taxonomy":"category","embeddable":true,"href":"https:\/\/marcelolopes.jor.br\/site\/wp-json\/wp\/v2\/categories?post=64937"},{"taxonomy":"post_tag","embeddable":true,"href":"https:\/\/marcelolopes.jor.br\/site\/wp-json\/wp\/v2\/tags?post=64937"}],"curies":[{"name":"wp","href":"https:\/\/api.w.org\/{rel}","templated":true}]}}