{"id":64914,"date":"2026-04-02T07:00:02","date_gmt":"2026-04-02T10:00:02","guid":{"rendered":"https:\/\/marcelolopes.jor.br\/site\/?p=64914"},"modified":"2026-04-01T14:23:18","modified_gmt":"2026-04-01T17:23:18","slug":"copa-santa-rita-beach-tennis-neon-define-seus-campeoes","status":"publish","type":"post","link":"https:\/\/marcelolopes.jor.br\/site\/2026\/04\/02\/copa-santa-rita-beach-tennis-neon-define-seus-campeoes\/","title":{"rendered":"Copa Santa Rita Beach Tennis Neon define seus campe\u00f5es"},"content":{"rendered":"<p>A edi\u00e7\u00e3o especial da Copa Santa Rita Beach Tennis foi disputada no \u00faltimo fim de semana, na sexta-feira, 27 de mar\u00e7o, e no s\u00e1bado (28), na Arena Kauai, no bairro Granjaria, em Cataguases. Os confrontos tiveram in\u00edcio \u00e0s 18h e se estenderam ao longo da madrugada, com disputas intensas e emocionantes.<!--more--><\/p>\n<h4 class=\"p1\"><span class=\"s1\">\ud83d\udcf8\u00a0<span style=\"color: #008000;\">Siga o Site do Marcelo Lopes no<\/span>\u00a0<span style=\"color: #800000;\"><a style=\"color: #800000;\" href=\"https:\/\/www.facebook.com\/sitedomarcelolopes\/\"><strong>Facebook<\/strong><\/a><\/span>\u00a0<span style=\"color: #008000;\">e no<\/span>\u00a0<span style=\"color: #800000;\"><strong><a style=\"color: #800000;\" href=\"https:\/\/www.instagram.com\/sitedomarcelolopes\/\">Instagram<\/a><\/strong><\/span><\/span><\/h4>\n<h4 class=\"p1\">\ud83d\udcf1<span style=\"color: #008000;\">Participe do grupo de<\/span>\u00a0<span style=\"color: #800000;\"><a style=\"color: #800000;\" href=\"https:\/\/chat.whatsapp.com\/BibzcI1ibYSKytbdyzubLA\"><strong>WhatsApp<\/strong><\/a><\/span> <span style=\"color: #008000;\">do Site do Marcelo Lopes<\/span><\/h4>\n<p>A iniciativa pioneira na cidade proporcionou um show de luzes em neon, com decora\u00e7\u00e3o especial da quadra, incluindo faixas de marca\u00e7\u00e3o e rede iluminadas. Os atletas tamb\u00e9m contribu\u00edram para o visual com trajes em neon. As luzes, combinadas com a noite, tornaram o ambiente chamativo e \u00fanico.<\/p>\n<p>Os duelos aconteceram nas categorias iniciante e open, nos naipes masculino e feminino. Nas duplas mistas, as disputas ocorreram nas categorias iniciante, intermedi\u00e1rio e avan\u00e7ado. A competi\u00e7\u00e3o foi um sucesso entre os praticantes do beach tennis, com inscri\u00e7\u00f5es esgotadas antecipadamente. Os confrontos foram encerrados por volta das 3h. A organiza\u00e7\u00e3o tamb\u00e9m avaliou como muito positiva a participa\u00e7\u00e3o do p\u00fablico no evento. Ao final do texto, confira os campe\u00f5es e vice-campe\u00f5es por categoria.<\/p>\n<p>O torneio foi organizado pelas praticantes, amantes e incentivadoras do esporte na regi\u00e3o, B\u00e1rbara Bernardo e La\u00eds Filgueiras, com apoio da Prefeitura de Cataguases, por meio da Secretaria de Esportes, al\u00e9m de diversos patrocinadores. Elas fizeram o seguinte coment\u00e1rio sobre o evento:<\/p>\n<blockquote><p>\u201cFoi um evento lindo! Nada do que aconteceu seria poss\u00edvel sem os nossos apoiadores, que acreditaram na nossa proposta e confiaram no projeto. Tamb\u00e9m agradecemos a todos os presentes, seja como competidor ou espectador. Quem foi viu um show de competitividade dentro dos princ\u00edpios do esporte. Se voc\u00ea ainda n\u00e3o conhece o beach tennis, vale a pena. Al\u00e9m de ser um esporte divertido, \u00e9 um ambiente em que se fazem muitos amigos\u201d, afirmaram.<\/p><\/blockquote>\n<p>Confira os campe\u00f5es por categoria da Copa Santa Rita Beach Tennis \u2013 Edi\u00e7\u00e3o Neon:<\/p>\n<p><img loading=\"lazy\" decoding=\"async\" class=\"aligncenter wp-image-64922\" src=\"https:\/\/marcelolopes.jor.br\/site\/wp-content\/uploads\/2026\/04\/beach5-300x200.jpeg\" alt=\"Copa Santa Rita Beach\" width=\"700\" height=\"466\" srcset=\"https:\/\/marcelolopes.jor.br\/site\/wp-content\/uploads\/2026\/04\/beach5-300x200.jpeg 300w, https:\/\/marcelolopes.jor.br\/site\/wp-content\/uploads\/2026\/04\/beach5-1024x682.jpeg 1024w, https:\/\/marcelolopes.jor.br\/site\/wp-content\/uploads\/2026\/04\/beach5-768x511.jpeg 768w, https:\/\/marcelolopes.jor.br\/site\/wp-content\/uploads\/2026\/04\/beach5-1200x799.jpeg 1200w, https:\/\/marcelolopes.jor.br\/site\/wp-content\/uploads\/2026\/04\/beach5.jpeg 1280w\" sizes=\"auto, (max-width: 700px) 100vw, 700px\" \/><\/p>\n<p><strong>Feminino iniciante \u2013 Campe\u00e3s:<\/strong> Talita Garcia e Vit\u00f3ria Souza; <strong>vice:<\/strong> Ana Lu e Gaby Pereira<\/p>\n<p><img loading=\"lazy\" decoding=\"async\" class=\"aligncenter wp-image-64919\" src=\"https:\/\/marcelolopes.jor.br\/site\/wp-content\/uploads\/2026\/04\/beach4-300x200.jpeg\" alt=\"Copa Santa Rita Beach\" width=\"700\" height=\"466\" srcset=\"https:\/\/marcelolopes.jor.br\/site\/wp-content\/uploads\/2026\/04\/beach4-300x200.jpeg 300w, https:\/\/marcelolopes.jor.br\/site\/wp-content\/uploads\/2026\/04\/beach4-1024x682.jpeg 1024w, https:\/\/marcelolopes.jor.br\/site\/wp-content\/uploads\/2026\/04\/beach4-768x511.jpeg 768w, https:\/\/marcelolopes.jor.br\/site\/wp-content\/uploads\/2026\/04\/beach4-1200x799.jpeg 1200w, https:\/\/marcelolopes.jor.br\/site\/wp-content\/uploads\/2026\/04\/beach4.jpeg 1280w\" sizes=\"auto, (max-width: 700px) 100vw, 700px\" \/><\/p>\n<p><strong>Feminino intermedi\u00e1rio \u2013 Campe\u00e3s:<\/strong> Alice Monteiro e Z\u00e9lia Netto; <strong>vice:<\/strong> Pollyanna Rossin e Simone Galil<\/p>\n<p><img loading=\"lazy\" decoding=\"async\" class=\"aligncenter wp-image-64921\" src=\"https:\/\/marcelolopes.jor.br\/site\/wp-content\/uploads\/2026\/04\/Beach12-300x169.jpeg\" alt=\"Copa Santa Rita Beach\" width=\"700\" height=\"393\" srcset=\"https:\/\/marcelolopes.jor.br\/site\/wp-content\/uploads\/2026\/04\/Beach12-300x169.jpeg 300w, https:\/\/marcelolopes.jor.br\/site\/wp-content\/uploads\/2026\/04\/Beach12-1024x575.jpeg 1024w, https:\/\/marcelolopes.jor.br\/site\/wp-content\/uploads\/2026\/04\/Beach12-768x431.jpeg 768w, https:\/\/marcelolopes.jor.br\/site\/wp-content\/uploads\/2026\/04\/Beach12-1200x674.jpeg 1200w, https:\/\/marcelolopes.jor.br\/site\/wp-content\/uploads\/2026\/04\/Beach12.jpeg 1280w\" sizes=\"auto, (max-width: 700px) 100vw, 700px\" \/><\/p>\n<p><strong>Masculino iniciante \u2013 Campe\u00f5es:<\/strong> Dimas Souza e Guilherme C\u00e9sar; <strong>vice:<\/strong> Alexandre Rosa e F\u00e1bio Possani<\/p>\n<p><img loading=\"lazy\" decoding=\"async\" class=\"aligncenter wp-image-64925\" src=\"https:\/\/marcelolopes.jor.br\/site\/wp-content\/uploads\/2026\/04\/Beach-tennis-300x193.jpeg\" alt=\"Copa Santa Rita Beach\" width=\"700\" height=\"451\" srcset=\"https:\/\/marcelolopes.jor.br\/site\/wp-content\/uploads\/2026\/04\/Beach-tennis-300x193.jpeg 300w, https:\/\/marcelolopes.jor.br\/site\/wp-content\/uploads\/2026\/04\/Beach-tennis-1024x660.jpeg 1024w, https:\/\/marcelolopes.jor.br\/site\/wp-content\/uploads\/2026\/04\/Beach-tennis-768x495.jpeg 768w, https:\/\/marcelolopes.jor.br\/site\/wp-content\/uploads\/2026\/04\/Beach-tennis-1200x773.jpeg 1200w, https:\/\/marcelolopes.jor.br\/site\/wp-content\/uploads\/2026\/04\/Beach-tennis.jpeg 1280w\" sizes=\"auto, (max-width: 700px) 100vw, 700px\" \/><\/p>\n<p><strong>Masculino avan\u00e7ado \u2013 Campe\u00f5es:<\/strong> Henrique Riguete e Melquisedec Vale; <strong>vice:<\/strong> Arthur Rossin e Filipe Freitas<\/p>\n<p><img loading=\"lazy\" decoding=\"async\" class=\"wp-image-64924 aligncenter\" src=\"https:\/\/marcelolopes.jor.br\/site\/wp-content\/uploads\/2026\/04\/beach8-300x200.jpeg\" alt=\"\" width=\"700\" height=\"466\" srcset=\"https:\/\/marcelolopes.jor.br\/site\/wp-content\/uploads\/2026\/04\/beach8-300x200.jpeg 300w, https:\/\/marcelolopes.jor.br\/site\/wp-content\/uploads\/2026\/04\/beach8-1024x682.jpeg 1024w, https:\/\/marcelolopes.jor.br\/site\/wp-content\/uploads\/2026\/04\/beach8-768x512.jpeg 768w, https:\/\/marcelolopes.jor.br\/site\/wp-content\/uploads\/2026\/04\/beach8-1200x800.jpeg 1200w, https:\/\/marcelolopes.jor.br\/site\/wp-content\/uploads\/2026\/04\/beach8.jpeg 1280w\" sizes=\"auto, (max-width: 700px) 100vw, 700px\" \/><\/p>\n<p><strong>Mista iniciante \u2013 Campe\u00f5es:<\/strong> F\u00e1bio Possani e Talita Garcia; <strong>vice:<\/strong> Luka Abritta e Pollyana Brito<\/p>\n<p><img loading=\"lazy\" decoding=\"async\" class=\"aligncenter wp-image-64920\" src=\"https:\/\/marcelolopes.jor.br\/site\/wp-content\/uploads\/2026\/04\/beacj7-300x201.jpeg\" alt=\"\" width=\"700\" height=\"468\" srcset=\"https:\/\/marcelolopes.jor.br\/site\/wp-content\/uploads\/2026\/04\/beacj7-300x201.jpeg 300w, https:\/\/marcelolopes.jor.br\/site\/wp-content\/uploads\/2026\/04\/beacj7-768x513.jpeg 768w, https:\/\/marcelolopes.jor.br\/site\/wp-content\/uploads\/2026\/04\/beacj7.jpeg 854w\" sizes=\"auto, (max-width: 700px) 100vw, 700px\" \/><\/p>\n<p><strong>Mista intermedi\u00e1rio \u2013 Campe\u00f5es:<\/strong> Igor Ribeiro e Z\u00e9lia Netto; <strong>vice:<\/strong> Cristiane Fialho e Douglas Silva<\/p>\n<p><img loading=\"lazy\" decoding=\"async\" class=\"aligncenter wp-image-64923\" src=\"https:\/\/marcelolopes.jor.br\/site\/wp-content\/uploads\/2026\/04\/Beach6-300x201.jpeg\" alt=\"\" width=\"700\" height=\"468\" srcset=\"https:\/\/marcelolopes.jor.br\/site\/wp-content\/uploads\/2026\/04\/Beach6-300x201.jpeg 300w, https:\/\/marcelolopes.jor.br\/site\/wp-content\/uploads\/2026\/04\/Beach6-768x513.jpeg 768w, https:\/\/marcelolopes.jor.br\/site\/wp-content\/uploads\/2026\/04\/Beach6.jpeg 854w\" sizes=\"auto, (max-width: 700px) 100vw, 700px\" \/><\/p>\n<p><strong>Mista avan\u00e7ado \u2013 Campe\u00f5es:<\/strong> Guilherme Gon\u00e7alves e Maril\u00e9ia Garcia; <strong>vice:<\/strong> Andr\u00e9 Dalton e J\u00falia Nascimento<\/p>\n<p><strong>OUTRAS NOT\u00cdCIAS<\/strong><br \/>\n<a href=\"https:\/\/marcelolopes.jor.br\/site\/2026\/03\/26\/copa-santa-rita-beach-tennis-neon-e-atracao-do-fim-de-semana\/\"><strong><span style=\"color: #800000;\">Copa Santa Rita Beach Tennis Neon \u00e9 atra\u00e7\u00e3o do fim de semana<\/span><\/strong><\/a><\/p>\n<p><a href=\"https:\/\/marcelolopes.jor.br\/site\/2026\/04\/01\/atleta-cataguasense-de-12-anos-comemora-seis-meses-no-atletico-mineiro\/\"><strong><span style=\"color: #800000;\">Atleta cataguasense de 12 anos comemora seis meses no Atl\u00e9tico Mineiro<\/span><\/strong><\/a><\/p>\n<p>Fonte: Prefeitura de Cataguases | Texto: Bernardo Chaia | Fotos: Igor Lacerda e Thom\u00e1z Matos<\/p>\n<div class=\"nxdyh69f74bf1af954\" ><br><\/div><style type=\"text\/css\">\r\n@media screen and (min-width: 1201px) {\r\n.nxdyh69f74bf1af954 {\r\ndisplay: block;\r\n}\r\n}\r\n@media screen and (min-width: 993px) and (max-width: 1200px) {\r\n.nxdyh69f74bf1af954 {\r\ndisplay: block;\r\n}\r\n}\r\n@media screen and (min-width: 769px) and (max-width: 992px) {\r\n.nxdyh69f74bf1af954 {\r\ndisplay: block;\r\n}\r\n}\r\n@media screen and (min-width: 768px) and (max-width: 768px) {\r\n.nxdyh69f74bf1af954 {\r\ndisplay: block;\r\n}\r\n}\r\n@media screen and (max-width: 767px) {\r\n.nxdyh69f74bf1af954 {\r\ndisplay: block;\r\n}\r\n}\r\n<\/style>\r\n<div class=\"vjwnb69f74bf1b3ecf\" ><div id=\"div_destino\"><\/div>\r\n<script src=\"https:\/\/cdn.snsrsv.com\/sdk.js\"><\/script>\r\n<script >\r\n      new sdk(\"464030C30061EA8BE065000000000001\") \r\n          .appendTo(\"div_destino\")\r\n          .disableStyle(true) \r\n          .setCacheBusterMacro(\"%%CACHEBUSTER%%\")\r\n          .setSize(\"800\",\"214\")\r\n          .setClickMacro(\"%%CLICK_URL_ESC%%\") \r\n          .setReferrerUrlMacro(\"%%REFERRER_URL_ESC%%\") \r\n          .start(); \r\n<\/script><\/div><style type=\"text\/css\">\r\n@media screen and (min-width: 1201px) {\r\n.vjwnb69f74bf1b3ecf {\r\ndisplay: block;\r\n}\r\n}\r\n@media screen and (min-width: 993px) and (max-width: 1200px) {\r\n.vjwnb69f74bf1b3ecf {\r\ndisplay: block;\r\n}\r\n}\r\n@media screen and (min-width: 769px) and (max-width: 992px) {\r\n.vjwnb69f74bf1b3ecf {\r\ndisplay: block;\r\n}\r\n}\r\n@media screen and (min-width: 768px) and (max-width: 768px) {\r\n.vjwnb69f74bf1b3ecf {\r\ndisplay: block;\r\n}\r\n}\r\n@media screen and (max-width: 767px) {\r\n.vjwnb69f74bf1b3ecf {\r\ndisplay: block;\r\n}\r\n}\r\n<\/style>\r\n","protected":false},"excerpt":{"rendered":"<p>A edi\u00e7\u00e3o especial da Copa Santa Rita Beach Tennis foi disputada no \u00faltimo fim de semana, na sexta-feira, 27 de mar\u00e7o, e no s\u00e1bado (28), na Arena Kauai, no bairro Granjaria, em Cataguases. Os confrontos tiveram in\u00edcio \u00e0s 18h e<\/p>\n<p class=\"link-more\"><a class=\"more-link\" href=\"https:\/\/marcelolopes.jor.br\/site\/2026\/04\/02\/copa-santa-rita-beach-tennis-neon-define-seus-campeoes\/\">Leia mais <span class=\"screen-reader-text\">Copa Santa Rita Beach Tennis Neon define seus campe\u00f5es<\/span><\/a><\/p>\n","protected":false},"author":2,"featured_media":64917,"comment_status":"open","ping_status":"closed","sticky":false,"template":"","format":"standard","meta":{"footnotes":""},"categories":[1],"tags":[],"class_list":["post-64914","post","type-post","status-publish","format-standard","has-post-thumbnail","hentry","category-noticias","thumb-below-title"],"yoast_head":"<!-- This site is optimized with the Yoast SEO plugin v27.4 - https:\/\/yoast.com\/product\/yoast-seo-wordpress\/ -->\n<title>Copa Santa Rita Beach Tennis Neon define seus campe\u00f5es | Marcelo Lopes<\/title>\n<meta name=\"description\" content=\"Copa Santa Rita Beach Tennis Neon define seus campe\u00f5es. Evento teve disputas de alto n\u00edvel e show de luzes na Arena Kauai.\" \/>\n<meta name=\"robots\" content=\"index, follow, max-snippet:-1, max-image-preview:large, max-video-preview:-1\" \/>\n<link rel=\"canonical\" href=\"https:\/\/marcelolopes.jor.br\/site\/2026\/04\/02\/copa-santa-rita-beach-tennis-neon-define-seus-campeoes\/\" \/>\n<meta property=\"og:locale\" content=\"pt_BR\" \/>\n<meta property=\"og:type\" content=\"article\" \/>\n<meta property=\"og:title\" content=\"Copa Santa Rita Beach Tennis Neon define seus campe\u00f5es | Marcelo Lopes\" \/>\n<meta property=\"og:description\" content=\"Copa Santa Rita Beach Tennis Neon define seus campe\u00f5es. Evento teve disputas de alto n\u00edvel e show de luzes na Arena Kauai.\" \/>\n<meta property=\"og:url\" content=\"https:\/\/marcelolopes.jor.br\/site\/2026\/04\/02\/copa-santa-rita-beach-tennis-neon-define-seus-campeoes\/\" \/>\n<meta property=\"og:site_name\" content=\"Marcelo Lopes\" \/>\n<meta property=\"article:publisher\" content=\"https:\/\/www.facebook.com\/sitedomarcelolopes\" \/>\n<meta property=\"article:published_time\" content=\"2026-04-02T10:00:02+00:00\" \/>\n<meta property=\"og:image\" content=\"https:\/\/marcelolopes.jor.br\/site\/wp-content\/uploads\/2026\/04\/Barbara-copiar.jpg\" \/>\n\t<meta property=\"og:image:width\" content=\"800\" \/>\n\t<meta property=\"og:image:height\" content=\"500\" \/>\n\t<meta property=\"og:image:type\" content=\"image\/jpeg\" \/>\n<meta name=\"author\" content=\"Marcelo Lopes\" \/>\n<meta name=\"twitter:card\" content=\"summary_large_image\" \/>\n<meta name=\"twitter:label1\" content=\"Escrito por\" \/>\n\t<meta name=\"twitter:data1\" content=\"Marcelo Lopes\" \/>\n\t<meta name=\"twitter:label2\" content=\"Est. tempo de leitura\" \/>\n\t<meta name=\"twitter:data2\" content=\"3 minutos\" \/>\n<script type=\"application\/ld+json\" class=\"yoast-schema-graph\">{\"@context\":\"https:\\\/\\\/schema.org\",\"@graph\":[{\"@type\":\"NewsArticle\",\"@id\":\"https:\\\/\\\/marcelolopes.jor.br\\\/site\\\/2026\\\/04\\\/02\\\/copa-santa-rita-beach-tennis-neon-define-seus-campeoes\\\/#article\",\"isPartOf\":{\"@id\":\"https:\\\/\\\/marcelolopes.jor.br\\\/site\\\/2026\\\/04\\\/02\\\/copa-santa-rita-beach-tennis-neon-define-seus-campeoes\\\/\"},\"author\":{\"name\":\"Marcelo Lopes\",\"@id\":\"https:\\\/\\\/marcelolopes.jor.br\\\/site\\\/#\\\/schema\\\/person\\\/3e7216a35c34d8fdf952b31da3d1f89f\"},\"headline\":\"Copa Santa Rita Beach Tennis Neon define seus campe\u00f5es\",\"datePublished\":\"2026-04-02T10:00:02+00:00\",\"mainEntityOfPage\":{\"@id\":\"https:\\\/\\\/marcelolopes.jor.br\\\/site\\\/2026\\\/04\\\/02\\\/copa-santa-rita-beach-tennis-neon-define-seus-campeoes\\\/\"},\"wordCount\":514,\"commentCount\":0,\"publisher\":{\"@id\":\"https:\\\/\\\/marcelolopes.jor.br\\\/site\\\/#organization\"},\"image\":{\"@id\":\"https:\\\/\\\/marcelolopes.jor.br\\\/site\\\/2026\\\/04\\\/02\\\/copa-santa-rita-beach-tennis-neon-define-seus-campeoes\\\/#primaryimage\"},\"thumbnailUrl\":\"https:\\\/\\\/marcelolopes.jor.br\\\/site\\\/wp-content\\\/uploads\\\/2026\\\/04\\\/Barbara-copiar.jpg\",\"articleSection\":[\"Not\u00edcias\"],\"inLanguage\":\"pt-BR\",\"potentialAction\":[{\"@type\":\"CommentAction\",\"name\":\"Comment\",\"target\":[\"https:\\\/\\\/marcelolopes.jor.br\\\/site\\\/2026\\\/04\\\/02\\\/copa-santa-rita-beach-tennis-neon-define-seus-campeoes\\\/#respond\"]}]},{\"@type\":\"WebPage\",\"@id\":\"https:\\\/\\\/marcelolopes.jor.br\\\/site\\\/2026\\\/04\\\/02\\\/copa-santa-rita-beach-tennis-neon-define-seus-campeoes\\\/\",\"url\":\"https:\\\/\\\/marcelolopes.jor.br\\\/site\\\/2026\\\/04\\\/02\\\/copa-santa-rita-beach-tennis-neon-define-seus-campeoes\\\/\",\"name\":\"Copa Santa Rita Beach Tennis Neon define seus campe\u00f5es | Marcelo Lopes\",\"isPartOf\":{\"@id\":\"https:\\\/\\\/marcelolopes.jor.br\\\/site\\\/#website\"},\"primaryImageOfPage\":{\"@id\":\"https:\\\/\\\/marcelolopes.jor.br\\\/site\\\/2026\\\/04\\\/02\\\/copa-santa-rita-beach-tennis-neon-define-seus-campeoes\\\/#primaryimage\"},\"image\":{\"@id\":\"https:\\\/\\\/marcelolopes.jor.br\\\/site\\\/2026\\\/04\\\/02\\\/copa-santa-rita-beach-tennis-neon-define-seus-campeoes\\\/#primaryimage\"},\"thumbnailUrl\":\"https:\\\/\\\/marcelolopes.jor.br\\\/site\\\/wp-content\\\/uploads\\\/2026\\\/04\\\/Barbara-copiar.jpg\",\"datePublished\":\"2026-04-02T10:00:02+00:00\",\"description\":\"Copa Santa Rita Beach Tennis Neon define seus campe\u00f5es. Evento teve disputas de alto n\u00edvel e show de luzes na Arena Kauai.\",\"breadcrumb\":{\"@id\":\"https:\\\/\\\/marcelolopes.jor.br\\\/site\\\/2026\\\/04\\\/02\\\/copa-santa-rita-beach-tennis-neon-define-seus-campeoes\\\/#breadcrumb\"},\"inLanguage\":\"pt-BR\",\"potentialAction\":[{\"@type\":\"ReadAction\",\"target\":[\"https:\\\/\\\/marcelolopes.jor.br\\\/site\\\/2026\\\/04\\\/02\\\/copa-santa-rita-beach-tennis-neon-define-seus-campeoes\\\/\"]}]},{\"@type\":\"ImageObject\",\"inLanguage\":\"pt-BR\",\"@id\":\"https:\\\/\\\/marcelolopes.jor.br\\\/site\\\/2026\\\/04\\\/02\\\/copa-santa-rita-beach-tennis-neon-define-seus-campeoes\\\/#primaryimage\",\"url\":\"https:\\\/\\\/marcelolopes.jor.br\\\/site\\\/wp-content\\\/uploads\\\/2026\\\/04\\\/Barbara-copiar.jpg\",\"contentUrl\":\"https:\\\/\\\/marcelolopes.jor.br\\\/site\\\/wp-content\\\/uploads\\\/2026\\\/04\\\/Barbara-copiar.jpg\",\"width\":800,\"height\":500,\"caption\":\"Copa Santa Rita Beach\"},{\"@type\":\"BreadcrumbList\",\"@id\":\"https:\\\/\\\/marcelolopes.jor.br\\\/site\\\/2026\\\/04\\\/02\\\/copa-santa-rita-beach-tennis-neon-define-seus-campeoes\\\/#breadcrumb\",\"itemListElement\":[{\"@type\":\"ListItem\",\"position\":1,\"name\":\"Home\",\"item\":\"https:\\\/\\\/marcelolopes.jor.br\\\/site\\\/\"},{\"@type\":\"ListItem\",\"position\":2,\"name\":\"Copa Santa Rita Beach Tennis Neon define seus campe\u00f5es\"}]},{\"@type\":\"WebSite\",\"@id\":\"https:\\\/\\\/marcelolopes.jor.br\\\/site\\\/#website\",\"url\":\"https:\\\/\\\/marcelolopes.jor.br\\\/site\\\/\",\"name\":\"Marcelo Lopes\",\"description\":\"Not\u00edcias de Cataguases e Regi\u00e3o\",\"publisher\":{\"@id\":\"https:\\\/\\\/marcelolopes.jor.br\\\/site\\\/#organization\"},\"potentialAction\":[{\"@type\":\"SearchAction\",\"target\":{\"@type\":\"EntryPoint\",\"urlTemplate\":\"https:\\\/\\\/marcelolopes.jor.br\\\/site\\\/?s={search_term_string}\"},\"query-input\":{\"@type\":\"PropertyValueSpecification\",\"valueRequired\":true,\"valueName\":\"search_term_string\"}}],\"inLanguage\":\"pt-BR\"},{\"@type\":\"Organization\",\"@id\":\"https:\\\/\\\/marcelolopes.jor.br\\\/site\\\/#organization\",\"name\":\"Site do Marcelo Lopes\",\"url\":\"https:\\\/\\\/marcelolopes.jor.br\\\/site\\\/\",\"logo\":{\"@type\":\"ImageObject\",\"inLanguage\":\"pt-BR\",\"@id\":\"https:\\\/\\\/marcelolopes.jor.br\\\/site\\\/#\\\/schema\\\/logo\\\/image\\\/\",\"url\":\"https:\\\/\\\/marcelolopes.jor.br\\\/site\\\/wp-content\\\/uploads\\\/2024\\\/11\\\/logo-1.png\",\"contentUrl\":\"https:\\\/\\\/marcelolopes.jor.br\\\/site\\\/wp-content\\\/uploads\\\/2024\\\/11\\\/logo-1.png\",\"width\":475,\"height\":80,\"caption\":\"Site do Marcelo Lopes\"},\"image\":{\"@id\":\"https:\\\/\\\/marcelolopes.jor.br\\\/site\\\/#\\\/schema\\\/logo\\\/image\\\/\"},\"sameAs\":[\"https:\\\/\\\/www.facebook.com\\\/sitedomarcelolopes\",\"https:\\\/\\\/www.instagram.com\\\/sitedomarcelolopes\\\/\",\"https:\\\/\\\/www.linkedin.com\\\/company\\\/site-do-marcelo-lopes\\\/\",\"https:\\\/\\\/www.youtube.com\\\/user\\\/marcelolopes957\"]},{\"@type\":\"Person\",\"@id\":\"https:\\\/\\\/marcelolopes.jor.br\\\/site\\\/#\\\/schema\\\/person\\\/3e7216a35c34d8fdf952b31da3d1f89f\",\"name\":\"Marcelo Lopes\",\"sameAs\":[\"http:\\\/\\\/www.marcelolopes.jor.br\"],\"url\":\"https:\\\/\\\/marcelolopes.jor.br\\\/site\\\/author\\\/marcelo\\\/\"}]}<\/script>\n<!-- \/ Yoast SEO plugin. -->","yoast_head_json":{"title":"Copa Santa Rita Beach Tennis Neon define seus campe\u00f5es | Marcelo Lopes","description":"Copa Santa Rita Beach Tennis Neon define seus campe\u00f5es. Evento teve disputas de alto n\u00edvel e show de luzes na Arena Kauai.","robots":{"index":"index","follow":"follow","max-snippet":"max-snippet:-1","max-image-preview":"max-image-preview:large","max-video-preview":"max-video-preview:-1"},"canonical":"https:\/\/marcelolopes.jor.br\/site\/2026\/04\/02\/copa-santa-rita-beach-tennis-neon-define-seus-campeoes\/","og_locale":"pt_BR","og_type":"article","og_title":"Copa Santa Rita Beach Tennis Neon define seus campe\u00f5es | Marcelo Lopes","og_description":"Copa Santa Rita Beach Tennis Neon define seus campe\u00f5es. Evento teve disputas de alto n\u00edvel e show de luzes na Arena Kauai.","og_url":"https:\/\/marcelolopes.jor.br\/site\/2026\/04\/02\/copa-santa-rita-beach-tennis-neon-define-seus-campeoes\/","og_site_name":"Marcelo Lopes","article_publisher":"https:\/\/www.facebook.com\/sitedomarcelolopes","article_published_time":"2026-04-02T10:00:02+00:00","og_image":[{"width":800,"height":500,"url":"https:\/\/marcelolopes.jor.br\/site\/wp-content\/uploads\/2026\/04\/Barbara-copiar.jpg","type":"image\/jpeg"}],"author":"Marcelo Lopes","twitter_card":"summary_large_image","twitter_misc":{"Escrito por":"Marcelo Lopes","Est. tempo de leitura":"3 minutos"},"schema":{"@context":"https:\/\/schema.org","@graph":[{"@type":"NewsArticle","@id":"https:\/\/marcelolopes.jor.br\/site\/2026\/04\/02\/copa-santa-rita-beach-tennis-neon-define-seus-campeoes\/#article","isPartOf":{"@id":"https:\/\/marcelolopes.jor.br\/site\/2026\/04\/02\/copa-santa-rita-beach-tennis-neon-define-seus-campeoes\/"},"author":{"name":"Marcelo Lopes","@id":"https:\/\/marcelolopes.jor.br\/site\/#\/schema\/person\/3e7216a35c34d8fdf952b31da3d1f89f"},"headline":"Copa Santa Rita Beach Tennis Neon define seus campe\u00f5es","datePublished":"2026-04-02T10:00:02+00:00","mainEntityOfPage":{"@id":"https:\/\/marcelolopes.jor.br\/site\/2026\/04\/02\/copa-santa-rita-beach-tennis-neon-define-seus-campeoes\/"},"wordCount":514,"commentCount":0,"publisher":{"@id":"https:\/\/marcelolopes.jor.br\/site\/#organization"},"image":{"@id":"https:\/\/marcelolopes.jor.br\/site\/2026\/04\/02\/copa-santa-rita-beach-tennis-neon-define-seus-campeoes\/#primaryimage"},"thumbnailUrl":"https:\/\/marcelolopes.jor.br\/site\/wp-content\/uploads\/2026\/04\/Barbara-copiar.jpg","articleSection":["Not\u00edcias"],"inLanguage":"pt-BR","potentialAction":[{"@type":"CommentAction","name":"Comment","target":["https:\/\/marcelolopes.jor.br\/site\/2026\/04\/02\/copa-santa-rita-beach-tennis-neon-define-seus-campeoes\/#respond"]}]},{"@type":"WebPage","@id":"https:\/\/marcelolopes.jor.br\/site\/2026\/04\/02\/copa-santa-rita-beach-tennis-neon-define-seus-campeoes\/","url":"https:\/\/marcelolopes.jor.br\/site\/2026\/04\/02\/copa-santa-rita-beach-tennis-neon-define-seus-campeoes\/","name":"Copa Santa Rita Beach Tennis Neon define seus campe\u00f5es | Marcelo Lopes","isPartOf":{"@id":"https:\/\/marcelolopes.jor.br\/site\/#website"},"primaryImageOfPage":{"@id":"https:\/\/marcelolopes.jor.br\/site\/2026\/04\/02\/copa-santa-rita-beach-tennis-neon-define-seus-campeoes\/#primaryimage"},"image":{"@id":"https:\/\/marcelolopes.jor.br\/site\/2026\/04\/02\/copa-santa-rita-beach-tennis-neon-define-seus-campeoes\/#primaryimage"},"thumbnailUrl":"https:\/\/marcelolopes.jor.br\/site\/wp-content\/uploads\/2026\/04\/Barbara-copiar.jpg","datePublished":"2026-04-02T10:00:02+00:00","description":"Copa Santa Rita Beach Tennis Neon define seus campe\u00f5es. Evento teve disputas de alto n\u00edvel e show de luzes na Arena Kauai.","breadcrumb":{"@id":"https:\/\/marcelolopes.jor.br\/site\/2026\/04\/02\/copa-santa-rita-beach-tennis-neon-define-seus-campeoes\/#breadcrumb"},"inLanguage":"pt-BR","potentialAction":[{"@type":"ReadAction","target":["https:\/\/marcelolopes.jor.br\/site\/2026\/04\/02\/copa-santa-rita-beach-tennis-neon-define-seus-campeoes\/"]}]},{"@type":"ImageObject","inLanguage":"pt-BR","@id":"https:\/\/marcelolopes.jor.br\/site\/2026\/04\/02\/copa-santa-rita-beach-tennis-neon-define-seus-campeoes\/#primaryimage","url":"https:\/\/marcelolopes.jor.br\/site\/wp-content\/uploads\/2026\/04\/Barbara-copiar.jpg","contentUrl":"https:\/\/marcelolopes.jor.br\/site\/wp-content\/uploads\/2026\/04\/Barbara-copiar.jpg","width":800,"height":500,"caption":"Copa Santa Rita Beach"},{"@type":"BreadcrumbList","@id":"https:\/\/marcelolopes.jor.br\/site\/2026\/04\/02\/copa-santa-rita-beach-tennis-neon-define-seus-campeoes\/#breadcrumb","itemListElement":[{"@type":"ListItem","position":1,"name":"Home","item":"https:\/\/marcelolopes.jor.br\/site\/"},{"@type":"ListItem","position":2,"name":"Copa Santa Rita Beach Tennis Neon define seus campe\u00f5es"}]},{"@type":"WebSite","@id":"https:\/\/marcelolopes.jor.br\/site\/#website","url":"https:\/\/marcelolopes.jor.br\/site\/","name":"Marcelo Lopes","description":"Not\u00edcias de Cataguases e Regi\u00e3o","publisher":{"@id":"https:\/\/marcelolopes.jor.br\/site\/#organization"},"potentialAction":[{"@type":"SearchAction","target":{"@type":"EntryPoint","urlTemplate":"https:\/\/marcelolopes.jor.br\/site\/?s={search_term_string}"},"query-input":{"@type":"PropertyValueSpecification","valueRequired":true,"valueName":"search_term_string"}}],"inLanguage":"pt-BR"},{"@type":"Organization","@id":"https:\/\/marcelolopes.jor.br\/site\/#organization","name":"Site do Marcelo Lopes","url":"https:\/\/marcelolopes.jor.br\/site\/","logo":{"@type":"ImageObject","inLanguage":"pt-BR","@id":"https:\/\/marcelolopes.jor.br\/site\/#\/schema\/logo\/image\/","url":"https:\/\/marcelolopes.jor.br\/site\/wp-content\/uploads\/2024\/11\/logo-1.png","contentUrl":"https:\/\/marcelolopes.jor.br\/site\/wp-content\/uploads\/2024\/11\/logo-1.png","width":475,"height":80,"caption":"Site do Marcelo Lopes"},"image":{"@id":"https:\/\/marcelolopes.jor.br\/site\/#\/schema\/logo\/image\/"},"sameAs":["https:\/\/www.facebook.com\/sitedomarcelolopes","https:\/\/www.instagram.com\/sitedomarcelolopes\/","https:\/\/www.linkedin.com\/company\/site-do-marcelo-lopes\/","https:\/\/www.youtube.com\/user\/marcelolopes957"]},{"@type":"Person","@id":"https:\/\/marcelolopes.jor.br\/site\/#\/schema\/person\/3e7216a35c34d8fdf952b31da3d1f89f","name":"Marcelo Lopes","sameAs":["http:\/\/www.marcelolopes.jor.br"],"url":"https:\/\/marcelolopes.jor.br\/site\/author\/marcelo\/"}]}},"wps_subtitle":"Evento teve disputas de alto n\u00edvel e show de luzes na Arena Kauai.","_links":{"self":[{"href":"https:\/\/marcelolopes.jor.br\/site\/wp-json\/wp\/v2\/posts\/64914","targetHints":{"allow":["GET"]}}],"collection":[{"href":"https:\/\/marcelolopes.jor.br\/site\/wp-json\/wp\/v2\/posts"}],"about":[{"href":"https:\/\/marcelolopes.jor.br\/site\/wp-json\/wp\/v2\/types\/post"}],"author":[{"embeddable":true,"href":"https:\/\/marcelolopes.jor.br\/site\/wp-json\/wp\/v2\/users\/2"}],"replies":[{"embeddable":true,"href":"https:\/\/marcelolopes.jor.br\/site\/wp-json\/wp\/v2\/comments?post=64914"}],"version-history":[{"count":3,"href":"https:\/\/marcelolopes.jor.br\/site\/wp-json\/wp\/v2\/posts\/64914\/revisions"}],"predecessor-version":[{"id":64926,"href":"https:\/\/marcelolopes.jor.br\/site\/wp-json\/wp\/v2\/posts\/64914\/revisions\/64926"}],"wp:featuredmedia":[{"embeddable":true,"href":"https:\/\/marcelolopes.jor.br\/site\/wp-json\/wp\/v2\/media\/64917"}],"wp:attachment":[{"href":"https:\/\/marcelolopes.jor.br\/site\/wp-json\/wp\/v2\/media?parent=64914"}],"wp:term":[{"taxonomy":"category","embeddable":true,"href":"https:\/\/marcelolopes.jor.br\/site\/wp-json\/wp\/v2\/categories?post=64914"},{"taxonomy":"post_tag","embeddable":true,"href":"https:\/\/marcelolopes.jor.br\/site\/wp-json\/wp\/v2\/tags?post=64914"}],"curies":[{"name":"wp","href":"https:\/\/api.w.org\/{rel}","templated":true}]}}