{"id":64899,"date":"2026-04-01T12:00:21","date_gmt":"2026-04-01T15:00:21","guid":{"rendered":"https:\/\/marcelolopes.jor.br\/site\/?p=64899"},"modified":"2026-04-01T11:00:02","modified_gmt":"2026-04-01T14:00:02","slug":"atleta-cataguasense-de-12-anos-comemora-seis-meses-no-atletico-mineiro","status":"publish","type":"post","link":"https:\/\/marcelolopes.jor.br\/site\/2026\/04\/01\/atleta-cataguasense-de-12-anos-comemora-seis-meses-no-atletico-mineiro\/","title":{"rendered":"Atleta cataguasense de 12 anos comemora seis meses no Atl\u00e9tico Mineiro"},"content":{"rendered":"<p>A bola e a chuteira fazem parte da vida de Efraim desde o nascimento. Filho de Ade\u00edlton, ex-jogador de futebol, ele cresceu cercado pelo esporte. As camisas vestidas pelo pai \u2014 com passagens pelo profissional do Athletico Paranaense e futebol da S\u00e9rvia, al\u00e9m de atleta de base do Atl\u00e9tico Mineiro e da Sele\u00e7\u00e3o Brasileira de base \u2014 fazem parte do cotidiano da fam\u00edlia.<!--more--><\/p>\n<h4 class=\"p1\"><span class=\"s1\">\ud83d\udcf8\u00a0<span style=\"color: #008000;\">Siga o Site do Marcelo Lopes no<\/span>\u00a0<span style=\"color: #800000;\"><a style=\"color: #800000;\" href=\"https:\/\/www.facebook.com\/sitedomarcelolopes\/\"><strong>Facebook<\/strong><\/a><\/span>\u00a0<span style=\"color: #008000;\">e no<\/span>\u00a0<span style=\"color: #800000;\"><strong><a style=\"color: #800000;\" href=\"https:\/\/www.instagram.com\/sitedomarcelolopes\/\">Instagram<\/a><\/strong><\/span><\/span><\/h4>\n<h4 class=\"p1\">\ud83d\udcf1<span style=\"color: #008000;\">Participe do grupo de<\/span>\u00a0<span style=\"color: #800000;\"><a style=\"color: #800000;\" href=\"https:\/\/chat.whatsapp.com\/BibzcI1ibYSKytbdyzubLA\"><strong>WhatsApp<\/strong><\/a><\/span> <span style=\"color: #008000;\">do Site do Marcelo Lopes<\/span><\/h4>\n<p>Agora, prestes a completar 12 anos, Efraim d\u00e1 os primeiros passos em busca de seguir o mesmo caminho trilhado pelo pai. Desde a inf\u00e2ncia, participou de torneios apoiados pela Prefeitura e atuou pelo S\u00e3o Vicente, tamb\u00e9m beneficiado por apoio municipal, al\u00e9m de desenvolver suas habilidades na escolinha de futsal do Clube do Remo.<\/p>\n<p>A voca\u00e7\u00e3o para o futebol era frequentemente destacada por treinadores e membros de comiss\u00f5es t\u00e9cnicas. No futsal, atuava como ala esquerdo; no campo, jogava como volante e lateral-esquerdo. Com o tempo, come\u00e7aram a surgir convites, e o Atl\u00e9tico Mineiro foi escolhido para dar sequ\u00eancia \u00e0 sua forma\u00e7\u00e3o.<\/p>\n<p>Neste m\u00eas de mar\u00e7o, Efraim completou seis meses como atleta das categorias de base do Galo. No clube, recebe toda a estrutura voltada a atletas em in\u00edcio de forma\u00e7\u00e3o, integrando um grupo de jogadores considerados promissores, com desenvolvimento voltado tanto para o aspecto humano quanto esportivo. Nesta etapa, o foco est\u00e1 na forma\u00e7\u00e3o integral, mais do que nos resultados em jogos e competi\u00e7\u00f5es.<\/p>\n<p><img loading=\"lazy\" decoding=\"async\" class=\"size-medium wp-image-64906 alignleft\" src=\"https:\/\/marcelolopes.jor.br\/site\/wp-content\/uploads\/2026\/03\/Efraim3-132x300.jpg\" alt=\"\" width=\"132\" height=\"300\" srcset=\"https:\/\/marcelolopes.jor.br\/site\/wp-content\/uploads\/2026\/03\/Efraim3-132x300.jpg 132w, https:\/\/marcelolopes.jor.br\/site\/wp-content\/uploads\/2026\/03\/Efraim3.jpg 200w\" sizes=\"auto, (max-width: 132px) 100vw, 132px\" \/>A rotina exige esfor\u00e7o e dedica\u00e7\u00e3o. Pela manh\u00e3, ele estuda em uma escola estadual. \u00c0 tarde, participa de treinos de segunda a sexta-feira, na Cidade do Galo, em Vespasiano, onde est\u00e1 localizado o centro de treinamento do clube.<\/p>\n<p>O Clube Atl\u00e9tico Mineiro oferece uma estrutura completa a Efraim e seus companheiros de equipe, incluindo ajuda de custo, material de treino e acompanhamento de profissionais como m\u00e9dicos, dentistas, assistente social, pedagoga e psic\u00f3loga. Atualmente, ele integra a categoria sub-12 e disputa a Supercopa do Instituto Mineiro das Escolas de Futebol (IMEF).<\/p>\n<p>At\u00e9 o momento, foram disputados dois jogos: na estreia, no \u00faltimo dia 13, vit\u00f3ria por 6 a 1 sobre o JOC Coronel Fabriciano, na Cidade do Galo; e, na segunda partida, triunfo por 2 a 0 sobre a Sante Escola de Futebol, como visitante.<\/p>\n<p>A trajet\u00f3ria como atleta tamb\u00e9m trouxe mudan\u00e7as para a fam\u00edlia. Os pais, Ade\u00edlton Silva e Julimar Silva, decidiram se mudar para Belo Horizonte neste ano para ficar mais pr\u00f3ximos do filho. \u201cComo pai, fico muito orgulhoso do Efraim. N\u00e3o foi uma decis\u00e3o f\u00e1cil largarmos nossa vida em Cataguases, onde temos fam\u00edlia, amigos e est\u00e1vamos habituados, para nos mudarmos. Mas precis\u00e1vamos estar perto para acompanh\u00e1-lo nesta fase da vida. Sempre busco orient\u00e1-lo dentro e fora de campo e ajud\u00e1-lo a se desenvolver como homem e atleta\u201d, afirmou.<\/p>\n<p><img loading=\"lazy\" decoding=\"async\" class=\"aligncenter wp-image-64905 size-full\" src=\"https:\/\/marcelolopes.jor.br\/site\/wp-content\/uploads\/2026\/03\/Efraim2.jpg\" alt=\"\" width=\"700\" height=\"523\" srcset=\"https:\/\/marcelolopes.jor.br\/site\/wp-content\/uploads\/2026\/03\/Efraim2.jpg 700w, https:\/\/marcelolopes.jor.br\/site\/wp-content\/uploads\/2026\/03\/Efraim2-300x224.jpg 300w, https:\/\/marcelolopes.jor.br\/site\/wp-content\/uploads\/2026\/03\/Efraim2-320x240.jpg 320w\" sizes=\"auto, (max-width: 700px) 100vw, 700px\" \/><\/p>\n<p><strong>OUTRAS NOT\u00cdCIAS<\/strong><br \/>\n<a href=\"https:\/\/marcelolopes.jor.br\/site\/2026\/03\/31\/zagueiro-cataguasense-esta-na-selecao-brasileira-sub-17\/\"><strong><span style=\"color: #800000;\">Zagueiro cataguasense est\u00e1 na sele\u00e7\u00e3o brasileira sub-17<\/span><\/strong><\/a><\/p>\n<p><a href=\"https:\/\/marcelolopes.jor.br\/site\/2024\/02\/27\/observadores-selecionam-14-atletas-para-testes-em-grandes-clubes\/\"><strong><span style=\"color: #800000;\">Observadores selecionam 14 atletas para testes em grandes clubes<\/span><\/strong><\/a><\/p>\n<p>Fonte: Prefeitura de Cataguases | Texto: Bernardo Chaia | Foto: Acervo familiar<\/p>\n<div class=\"wixlk69f76488ce119\" ><br><\/div><style type=\"text\/css\">\r\n@media screen and (min-width: 1201px) {\r\n.wixlk69f76488ce119 {\r\ndisplay: block;\r\n}\r\n}\r\n@media screen and (min-width: 993px) and (max-width: 1200px) {\r\n.wixlk69f76488ce119 {\r\ndisplay: block;\r\n}\r\n}\r\n@media screen and (min-width: 769px) and (max-width: 992px) {\r\n.wixlk69f76488ce119 {\r\ndisplay: block;\r\n}\r\n}\r\n@media screen and (min-width: 768px) and (max-width: 768px) {\r\n.wixlk69f76488ce119 {\r\ndisplay: block;\r\n}\r\n}\r\n@media screen and (max-width: 767px) {\r\n.wixlk69f76488ce119 {\r\ndisplay: block;\r\n}\r\n}\r\n<\/style>\r\n<div class=\"eeors69f76488d4102\" ><div id=\"div_destino\"><\/div>\r\n<script src=\"https:\/\/cdn.snsrsv.com\/sdk.js\"><\/script>\r\n<script >\r\n      new sdk(\"464030C30061EA8BE065000000000001\") \r\n          .appendTo(\"div_destino\")\r\n          .disableStyle(true) \r\n          .setCacheBusterMacro(\"%%CACHEBUSTER%%\")\r\n          .setSize(\"800\",\"214\")\r\n          .setClickMacro(\"%%CLICK_URL_ESC%%\") \r\n          .setReferrerUrlMacro(\"%%REFERRER_URL_ESC%%\") \r\n          .start(); \r\n<\/script><\/div><style type=\"text\/css\">\r\n@media screen and (min-width: 1201px) {\r\n.eeors69f76488d4102 {\r\ndisplay: block;\r\n}\r\n}\r\n@media screen and (min-width: 993px) and (max-width: 1200px) {\r\n.eeors69f76488d4102 {\r\ndisplay: block;\r\n}\r\n}\r\n@media screen and (min-width: 769px) and (max-width: 992px) {\r\n.eeors69f76488d4102 {\r\ndisplay: block;\r\n}\r\n}\r\n@media screen and (min-width: 768px) and (max-width: 768px) {\r\n.eeors69f76488d4102 {\r\ndisplay: block;\r\n}\r\n}\r\n@media screen and (max-width: 767px) {\r\n.eeors69f76488d4102 {\r\ndisplay: block;\r\n}\r\n}\r\n<\/style>\r\n","protected":false},"excerpt":{"rendered":"<p>A bola e a chuteira fazem parte da vida de Efraim desde o nascimento. Filho de Ade\u00edlton, ex-jogador de futebol, ele cresceu cercado pelo esporte. As camisas vestidas pelo pai \u2014 com passagens pelo profissional do Athletico Paranaense e futebol<\/p>\n<p class=\"link-more\"><a class=\"more-link\" href=\"https:\/\/marcelolopes.jor.br\/site\/2026\/04\/01\/atleta-cataguasense-de-12-anos-comemora-seis-meses-no-atletico-mineiro\/\">Leia mais <span class=\"screen-reader-text\">Atleta cataguasense de 12 anos comemora seis meses no Atl\u00e9tico Mineiro<\/span><\/a><\/p>\n","protected":false},"author":2,"featured_media":64904,"comment_status":"open","ping_status":"closed","sticky":false,"template":"","format":"standard","meta":{"footnotes":""},"categories":[1],"tags":[],"class_list":["post-64899","post","type-post","status-publish","format-standard","has-post-thumbnail","hentry","category-noticias","thumb-below-title"],"yoast_head":"<!-- This site is optimized with the Yoast SEO plugin v27.4 - https:\/\/yoast.com\/product\/yoast-seo-wordpress\/ -->\n<title>Atleta cataguasense de 12 anos comemorar seis meses no Atl\u00e9tico<\/title>\n<meta name=\"description\" content=\"Atleta cataguasense de 12 anos comemorar seis meses no Atl\u00e9tico Mineiro. Efraim desenvolveu suas habilidades na escolinha de futebol do Remo.\" \/>\n<meta name=\"robots\" content=\"index, follow, max-snippet:-1, max-image-preview:large, max-video-preview:-1\" \/>\n<link rel=\"canonical\" href=\"https:\/\/marcelolopes.jor.br\/site\/2026\/04\/01\/atleta-cataguasense-de-12-anos-comemora-seis-meses-no-atletico-mineiro\/\" \/>\n<meta property=\"og:locale\" content=\"pt_BR\" \/>\n<meta property=\"og:type\" content=\"article\" \/>\n<meta property=\"og:title\" content=\"Atleta cataguasense de 12 anos comemorar seis meses no Atl\u00e9tico\" \/>\n<meta property=\"og:description\" content=\"Atleta cataguasense de 12 anos comemorar seis meses no Atl\u00e9tico Mineiro. Efraim desenvolveu suas habilidades na escolinha de futebol do Remo.\" \/>\n<meta property=\"og:url\" content=\"https:\/\/marcelolopes.jor.br\/site\/2026\/04\/01\/atleta-cataguasense-de-12-anos-comemora-seis-meses-no-atletico-mineiro\/\" \/>\n<meta property=\"og:site_name\" content=\"Marcelo Lopes\" \/>\n<meta property=\"article:publisher\" content=\"https:\/\/www.facebook.com\/sitedomarcelolopes\" \/>\n<meta property=\"article:published_time\" content=\"2026-04-01T15:00:21+00:00\" \/>\n<meta property=\"og:image\" content=\"https:\/\/marcelolopes.jor.br\/site\/wp-content\/uploads\/2026\/03\/Efraim1.jpg\" \/>\n\t<meta property=\"og:image:width\" content=\"800\" \/>\n\t<meta property=\"og:image:height\" content=\"551\" \/>\n\t<meta property=\"og:image:type\" content=\"image\/jpeg\" \/>\n<meta name=\"author\" content=\"Marcelo Lopes\" \/>\n<meta name=\"twitter:card\" content=\"summary_large_image\" \/>\n<meta name=\"twitter:label1\" content=\"Escrito por\" \/>\n\t<meta name=\"twitter:data1\" content=\"Marcelo Lopes\" \/>\n\t<meta name=\"twitter:label2\" content=\"Est. tempo de leitura\" \/>\n\t<meta name=\"twitter:data2\" content=\"3 minutos\" \/>\n<script type=\"application\/ld+json\" class=\"yoast-schema-graph\">{\"@context\":\"https:\\\/\\\/schema.org\",\"@graph\":[{\"@type\":\"NewsArticle\",\"@id\":\"https:\\\/\\\/marcelolopes.jor.br\\\/site\\\/2026\\\/04\\\/01\\\/atleta-cataguasense-de-12-anos-comemora-seis-meses-no-atletico-mineiro\\\/#article\",\"isPartOf\":{\"@id\":\"https:\\\/\\\/marcelolopes.jor.br\\\/site\\\/2026\\\/04\\\/01\\\/atleta-cataguasense-de-12-anos-comemora-seis-meses-no-atletico-mineiro\\\/\"},\"author\":{\"name\":\"Marcelo Lopes\",\"@id\":\"https:\\\/\\\/marcelolopes.jor.br\\\/site\\\/#\\\/schema\\\/person\\\/3e7216a35c34d8fdf952b31da3d1f89f\"},\"headline\":\"Atleta cataguasense de 12 anos comemora seis meses no Atl\u00e9tico Mineiro\",\"datePublished\":\"2026-04-01T15:00:21+00:00\",\"mainEntityOfPage\":{\"@id\":\"https:\\\/\\\/marcelolopes.jor.br\\\/site\\\/2026\\\/04\\\/01\\\/atleta-cataguasense-de-12-anos-comemora-seis-meses-no-atletico-mineiro\\\/\"},\"wordCount\":541,\"commentCount\":0,\"publisher\":{\"@id\":\"https:\\\/\\\/marcelolopes.jor.br\\\/site\\\/#organization\"},\"image\":{\"@id\":\"https:\\\/\\\/marcelolopes.jor.br\\\/site\\\/2026\\\/04\\\/01\\\/atleta-cataguasense-de-12-anos-comemora-seis-meses-no-atletico-mineiro\\\/#primaryimage\"},\"thumbnailUrl\":\"https:\\\/\\\/marcelolopes.jor.br\\\/site\\\/wp-content\\\/uploads\\\/2026\\\/03\\\/Efraim1.jpg\",\"articleSection\":[\"Not\u00edcias\"],\"inLanguage\":\"pt-BR\",\"potentialAction\":[{\"@type\":\"CommentAction\",\"name\":\"Comment\",\"target\":[\"https:\\\/\\\/marcelolopes.jor.br\\\/site\\\/2026\\\/04\\\/01\\\/atleta-cataguasense-de-12-anos-comemora-seis-meses-no-atletico-mineiro\\\/#respond\"]}]},{\"@type\":\"WebPage\",\"@id\":\"https:\\\/\\\/marcelolopes.jor.br\\\/site\\\/2026\\\/04\\\/01\\\/atleta-cataguasense-de-12-anos-comemora-seis-meses-no-atletico-mineiro\\\/\",\"url\":\"https:\\\/\\\/marcelolopes.jor.br\\\/site\\\/2026\\\/04\\\/01\\\/atleta-cataguasense-de-12-anos-comemora-seis-meses-no-atletico-mineiro\\\/\",\"name\":\"Atleta cataguasense de 12 anos comemorar seis meses no Atl\u00e9tico\",\"isPartOf\":{\"@id\":\"https:\\\/\\\/marcelolopes.jor.br\\\/site\\\/#website\"},\"primaryImageOfPage\":{\"@id\":\"https:\\\/\\\/marcelolopes.jor.br\\\/site\\\/2026\\\/04\\\/01\\\/atleta-cataguasense-de-12-anos-comemora-seis-meses-no-atletico-mineiro\\\/#primaryimage\"},\"image\":{\"@id\":\"https:\\\/\\\/marcelolopes.jor.br\\\/site\\\/2026\\\/04\\\/01\\\/atleta-cataguasense-de-12-anos-comemora-seis-meses-no-atletico-mineiro\\\/#primaryimage\"},\"thumbnailUrl\":\"https:\\\/\\\/marcelolopes.jor.br\\\/site\\\/wp-content\\\/uploads\\\/2026\\\/03\\\/Efraim1.jpg\",\"datePublished\":\"2026-04-01T15:00:21+00:00\",\"description\":\"Atleta cataguasense de 12 anos comemorar seis meses no Atl\u00e9tico Mineiro. Efraim desenvolveu suas habilidades na escolinha de futebol do Remo.\",\"breadcrumb\":{\"@id\":\"https:\\\/\\\/marcelolopes.jor.br\\\/site\\\/2026\\\/04\\\/01\\\/atleta-cataguasense-de-12-anos-comemora-seis-meses-no-atletico-mineiro\\\/#breadcrumb\"},\"inLanguage\":\"pt-BR\",\"potentialAction\":[{\"@type\":\"ReadAction\",\"target\":[\"https:\\\/\\\/marcelolopes.jor.br\\\/site\\\/2026\\\/04\\\/01\\\/atleta-cataguasense-de-12-anos-comemora-seis-meses-no-atletico-mineiro\\\/\"]}]},{\"@type\":\"ImageObject\",\"inLanguage\":\"pt-BR\",\"@id\":\"https:\\\/\\\/marcelolopes.jor.br\\\/site\\\/2026\\\/04\\\/01\\\/atleta-cataguasense-de-12-anos-comemora-seis-meses-no-atletico-mineiro\\\/#primaryimage\",\"url\":\"https:\\\/\\\/marcelolopes.jor.br\\\/site\\\/wp-content\\\/uploads\\\/2026\\\/03\\\/Efraim1.jpg\",\"contentUrl\":\"https:\\\/\\\/marcelolopes.jor.br\\\/site\\\/wp-content\\\/uploads\\\/2026\\\/03\\\/Efraim1.jpg\",\"width\":800,\"height\":551,\"caption\":\"Atleta cataguasense de 12\"},{\"@type\":\"BreadcrumbList\",\"@id\":\"https:\\\/\\\/marcelolopes.jor.br\\\/site\\\/2026\\\/04\\\/01\\\/atleta-cataguasense-de-12-anos-comemora-seis-meses-no-atletico-mineiro\\\/#breadcrumb\",\"itemListElement\":[{\"@type\":\"ListItem\",\"position\":1,\"name\":\"Home\",\"item\":\"https:\\\/\\\/marcelolopes.jor.br\\\/site\\\/\"},{\"@type\":\"ListItem\",\"position\":2,\"name\":\"Atleta cataguasense de 12 anos comemora seis meses no Atl\u00e9tico Mineiro\"}]},{\"@type\":\"WebSite\",\"@id\":\"https:\\\/\\\/marcelolopes.jor.br\\\/site\\\/#website\",\"url\":\"https:\\\/\\\/marcelolopes.jor.br\\\/site\\\/\",\"name\":\"Marcelo Lopes\",\"description\":\"Not\u00edcias de Cataguases e Regi\u00e3o\",\"publisher\":{\"@id\":\"https:\\\/\\\/marcelolopes.jor.br\\\/site\\\/#organization\"},\"potentialAction\":[{\"@type\":\"SearchAction\",\"target\":{\"@type\":\"EntryPoint\",\"urlTemplate\":\"https:\\\/\\\/marcelolopes.jor.br\\\/site\\\/?s={search_term_string}\"},\"query-input\":{\"@type\":\"PropertyValueSpecification\",\"valueRequired\":true,\"valueName\":\"search_term_string\"}}],\"inLanguage\":\"pt-BR\"},{\"@type\":\"Organization\",\"@id\":\"https:\\\/\\\/marcelolopes.jor.br\\\/site\\\/#organization\",\"name\":\"Site do Marcelo Lopes\",\"url\":\"https:\\\/\\\/marcelolopes.jor.br\\\/site\\\/\",\"logo\":{\"@type\":\"ImageObject\",\"inLanguage\":\"pt-BR\",\"@id\":\"https:\\\/\\\/marcelolopes.jor.br\\\/site\\\/#\\\/schema\\\/logo\\\/image\\\/\",\"url\":\"https:\\\/\\\/marcelolopes.jor.br\\\/site\\\/wp-content\\\/uploads\\\/2024\\\/11\\\/logo-1.png\",\"contentUrl\":\"https:\\\/\\\/marcelolopes.jor.br\\\/site\\\/wp-content\\\/uploads\\\/2024\\\/11\\\/logo-1.png\",\"width\":475,\"height\":80,\"caption\":\"Site do Marcelo Lopes\"},\"image\":{\"@id\":\"https:\\\/\\\/marcelolopes.jor.br\\\/site\\\/#\\\/schema\\\/logo\\\/image\\\/\"},\"sameAs\":[\"https:\\\/\\\/www.facebook.com\\\/sitedomarcelolopes\",\"https:\\\/\\\/www.instagram.com\\\/sitedomarcelolopes\\\/\",\"https:\\\/\\\/www.linkedin.com\\\/company\\\/site-do-marcelo-lopes\\\/\",\"https:\\\/\\\/www.youtube.com\\\/user\\\/marcelolopes957\"]},{\"@type\":\"Person\",\"@id\":\"https:\\\/\\\/marcelolopes.jor.br\\\/site\\\/#\\\/schema\\\/person\\\/3e7216a35c34d8fdf952b31da3d1f89f\",\"name\":\"Marcelo Lopes\",\"sameAs\":[\"http:\\\/\\\/www.marcelolopes.jor.br\"],\"url\":\"https:\\\/\\\/marcelolopes.jor.br\\\/site\\\/author\\\/marcelo\\\/\"}]}<\/script>\n<!-- \/ Yoast SEO plugin. -->","yoast_head_json":{"title":"Atleta cataguasense de 12 anos comemorar seis meses no Atl\u00e9tico","description":"Atleta cataguasense de 12 anos comemorar seis meses no Atl\u00e9tico Mineiro. Efraim desenvolveu suas habilidades na escolinha de futebol do Remo.","robots":{"index":"index","follow":"follow","max-snippet":"max-snippet:-1","max-image-preview":"max-image-preview:large","max-video-preview":"max-video-preview:-1"},"canonical":"https:\/\/marcelolopes.jor.br\/site\/2026\/04\/01\/atleta-cataguasense-de-12-anos-comemora-seis-meses-no-atletico-mineiro\/","og_locale":"pt_BR","og_type":"article","og_title":"Atleta cataguasense de 12 anos comemorar seis meses no Atl\u00e9tico","og_description":"Atleta cataguasense de 12 anos comemorar seis meses no Atl\u00e9tico Mineiro. Efraim desenvolveu suas habilidades na escolinha de futebol do Remo.","og_url":"https:\/\/marcelolopes.jor.br\/site\/2026\/04\/01\/atleta-cataguasense-de-12-anos-comemora-seis-meses-no-atletico-mineiro\/","og_site_name":"Marcelo Lopes","article_publisher":"https:\/\/www.facebook.com\/sitedomarcelolopes","article_published_time":"2026-04-01T15:00:21+00:00","og_image":[{"width":800,"height":551,"url":"https:\/\/marcelolopes.jor.br\/site\/wp-content\/uploads\/2026\/03\/Efraim1.jpg","type":"image\/jpeg"}],"author":"Marcelo Lopes","twitter_card":"summary_large_image","twitter_misc":{"Escrito por":"Marcelo Lopes","Est. tempo de leitura":"3 minutos"},"schema":{"@context":"https:\/\/schema.org","@graph":[{"@type":"NewsArticle","@id":"https:\/\/marcelolopes.jor.br\/site\/2026\/04\/01\/atleta-cataguasense-de-12-anos-comemora-seis-meses-no-atletico-mineiro\/#article","isPartOf":{"@id":"https:\/\/marcelolopes.jor.br\/site\/2026\/04\/01\/atleta-cataguasense-de-12-anos-comemora-seis-meses-no-atletico-mineiro\/"},"author":{"name":"Marcelo Lopes","@id":"https:\/\/marcelolopes.jor.br\/site\/#\/schema\/person\/3e7216a35c34d8fdf952b31da3d1f89f"},"headline":"Atleta cataguasense de 12 anos comemora seis meses no Atl\u00e9tico Mineiro","datePublished":"2026-04-01T15:00:21+00:00","mainEntityOfPage":{"@id":"https:\/\/marcelolopes.jor.br\/site\/2026\/04\/01\/atleta-cataguasense-de-12-anos-comemora-seis-meses-no-atletico-mineiro\/"},"wordCount":541,"commentCount":0,"publisher":{"@id":"https:\/\/marcelolopes.jor.br\/site\/#organization"},"image":{"@id":"https:\/\/marcelolopes.jor.br\/site\/2026\/04\/01\/atleta-cataguasense-de-12-anos-comemora-seis-meses-no-atletico-mineiro\/#primaryimage"},"thumbnailUrl":"https:\/\/marcelolopes.jor.br\/site\/wp-content\/uploads\/2026\/03\/Efraim1.jpg","articleSection":["Not\u00edcias"],"inLanguage":"pt-BR","potentialAction":[{"@type":"CommentAction","name":"Comment","target":["https:\/\/marcelolopes.jor.br\/site\/2026\/04\/01\/atleta-cataguasense-de-12-anos-comemora-seis-meses-no-atletico-mineiro\/#respond"]}]},{"@type":"WebPage","@id":"https:\/\/marcelolopes.jor.br\/site\/2026\/04\/01\/atleta-cataguasense-de-12-anos-comemora-seis-meses-no-atletico-mineiro\/","url":"https:\/\/marcelolopes.jor.br\/site\/2026\/04\/01\/atleta-cataguasense-de-12-anos-comemora-seis-meses-no-atletico-mineiro\/","name":"Atleta cataguasense de 12 anos comemorar seis meses no Atl\u00e9tico","isPartOf":{"@id":"https:\/\/marcelolopes.jor.br\/site\/#website"},"primaryImageOfPage":{"@id":"https:\/\/marcelolopes.jor.br\/site\/2026\/04\/01\/atleta-cataguasense-de-12-anos-comemora-seis-meses-no-atletico-mineiro\/#primaryimage"},"image":{"@id":"https:\/\/marcelolopes.jor.br\/site\/2026\/04\/01\/atleta-cataguasense-de-12-anos-comemora-seis-meses-no-atletico-mineiro\/#primaryimage"},"thumbnailUrl":"https:\/\/marcelolopes.jor.br\/site\/wp-content\/uploads\/2026\/03\/Efraim1.jpg","datePublished":"2026-04-01T15:00:21+00:00","description":"Atleta cataguasense de 12 anos comemorar seis meses no Atl\u00e9tico Mineiro. Efraim desenvolveu suas habilidades na escolinha de futebol do Remo.","breadcrumb":{"@id":"https:\/\/marcelolopes.jor.br\/site\/2026\/04\/01\/atleta-cataguasense-de-12-anos-comemora-seis-meses-no-atletico-mineiro\/#breadcrumb"},"inLanguage":"pt-BR","potentialAction":[{"@type":"ReadAction","target":["https:\/\/marcelolopes.jor.br\/site\/2026\/04\/01\/atleta-cataguasense-de-12-anos-comemora-seis-meses-no-atletico-mineiro\/"]}]},{"@type":"ImageObject","inLanguage":"pt-BR","@id":"https:\/\/marcelolopes.jor.br\/site\/2026\/04\/01\/atleta-cataguasense-de-12-anos-comemora-seis-meses-no-atletico-mineiro\/#primaryimage","url":"https:\/\/marcelolopes.jor.br\/site\/wp-content\/uploads\/2026\/03\/Efraim1.jpg","contentUrl":"https:\/\/marcelolopes.jor.br\/site\/wp-content\/uploads\/2026\/03\/Efraim1.jpg","width":800,"height":551,"caption":"Atleta cataguasense de 12"},{"@type":"BreadcrumbList","@id":"https:\/\/marcelolopes.jor.br\/site\/2026\/04\/01\/atleta-cataguasense-de-12-anos-comemora-seis-meses-no-atletico-mineiro\/#breadcrumb","itemListElement":[{"@type":"ListItem","position":1,"name":"Home","item":"https:\/\/marcelolopes.jor.br\/site\/"},{"@type":"ListItem","position":2,"name":"Atleta cataguasense de 12 anos comemora seis meses no Atl\u00e9tico Mineiro"}]},{"@type":"WebSite","@id":"https:\/\/marcelolopes.jor.br\/site\/#website","url":"https:\/\/marcelolopes.jor.br\/site\/","name":"Marcelo Lopes","description":"Not\u00edcias de Cataguases e Regi\u00e3o","publisher":{"@id":"https:\/\/marcelolopes.jor.br\/site\/#organization"},"potentialAction":[{"@type":"SearchAction","target":{"@type":"EntryPoint","urlTemplate":"https:\/\/marcelolopes.jor.br\/site\/?s={search_term_string}"},"query-input":{"@type":"PropertyValueSpecification","valueRequired":true,"valueName":"search_term_string"}}],"inLanguage":"pt-BR"},{"@type":"Organization","@id":"https:\/\/marcelolopes.jor.br\/site\/#organization","name":"Site do Marcelo Lopes","url":"https:\/\/marcelolopes.jor.br\/site\/","logo":{"@type":"ImageObject","inLanguage":"pt-BR","@id":"https:\/\/marcelolopes.jor.br\/site\/#\/schema\/logo\/image\/","url":"https:\/\/marcelolopes.jor.br\/site\/wp-content\/uploads\/2024\/11\/logo-1.png","contentUrl":"https:\/\/marcelolopes.jor.br\/site\/wp-content\/uploads\/2024\/11\/logo-1.png","width":475,"height":80,"caption":"Site do Marcelo Lopes"},"image":{"@id":"https:\/\/marcelolopes.jor.br\/site\/#\/schema\/logo\/image\/"},"sameAs":["https:\/\/www.facebook.com\/sitedomarcelolopes","https:\/\/www.instagram.com\/sitedomarcelolopes\/","https:\/\/www.linkedin.com\/company\/site-do-marcelo-lopes\/","https:\/\/www.youtube.com\/user\/marcelolopes957"]},{"@type":"Person","@id":"https:\/\/marcelolopes.jor.br\/site\/#\/schema\/person\/3e7216a35c34d8fdf952b31da3d1f89f","name":"Marcelo Lopes","sameAs":["http:\/\/www.marcelolopes.jor.br"],"url":"https:\/\/marcelolopes.jor.br\/site\/author\/marcelo\/"}]}},"wps_subtitle":"Efraim desenvolveu suas habilidades na escolinha de futebol do Clube do Remo.","_links":{"self":[{"href":"https:\/\/marcelolopes.jor.br\/site\/wp-json\/wp\/v2\/posts\/64899","targetHints":{"allow":["GET"]}}],"collection":[{"href":"https:\/\/marcelolopes.jor.br\/site\/wp-json\/wp\/v2\/posts"}],"about":[{"href":"https:\/\/marcelolopes.jor.br\/site\/wp-json\/wp\/v2\/types\/post"}],"author":[{"embeddable":true,"href":"https:\/\/marcelolopes.jor.br\/site\/wp-json\/wp\/v2\/users\/2"}],"replies":[{"embeddable":true,"href":"https:\/\/marcelolopes.jor.br\/site\/wp-json\/wp\/v2\/comments?post=64899"}],"version-history":[{"count":5,"href":"https:\/\/marcelolopes.jor.br\/site\/wp-json\/wp\/v2\/posts\/64899\/revisions"}],"predecessor-version":[{"id":64907,"href":"https:\/\/marcelolopes.jor.br\/site\/wp-json\/wp\/v2\/posts\/64899\/revisions\/64907"}],"wp:featuredmedia":[{"embeddable":true,"href":"https:\/\/marcelolopes.jor.br\/site\/wp-json\/wp\/v2\/media\/64904"}],"wp:attachment":[{"href":"https:\/\/marcelolopes.jor.br\/site\/wp-json\/wp\/v2\/media?parent=64899"}],"wp:term":[{"taxonomy":"category","embeddable":true,"href":"https:\/\/marcelolopes.jor.br\/site\/wp-json\/wp\/v2\/categories?post=64899"},{"taxonomy":"post_tag","embeddable":true,"href":"https:\/\/marcelolopes.jor.br\/site\/wp-json\/wp\/v2\/tags?post=64899"}],"curies":[{"name":"wp","href":"https:\/\/api.w.org\/{rel}","templated":true}]}}