{"id":64700,"date":"2026-03-23T19:00:45","date_gmt":"2026-03-23T22:00:45","guid":{"rendered":"https:\/\/marcelolopes.jor.br\/site\/?p=64700"},"modified":"2026-03-23T18:46:48","modified_gmt":"2026-03-23T21:46:48","slug":"homem-e-morto-na-zona-rural-de-mirai-e-pm-prende-suspeito","status":"publish","type":"post","link":"https:\/\/marcelolopes.jor.br\/site\/2026\/03\/23\/homem-e-morto-na-zona-rural-de-mirai-e-pm-prende-suspeito\/","title":{"rendered":"Homem \u00e9 morto na zona rural de Mira\u00ed e PM prende suspeito"},"content":{"rendered":"<p>Um homem de 57 anos foi morto na manh\u00e3 desta segunda-feira, 23 de mar\u00e7o, em uma propriedade rural no munic\u00edpio de Mira\u00ed. O crime ocorreu por volta das 6h10 e mobilizou equipes da Pol\u00edcia Militar e do Servi\u00e7o de Atendimento M\u00f3vel de Urg\u00eancia (SAMU).<!--more--><\/p>\n<h4 class=\"p1\"><span class=\"s1\">\ud83d\udcf8\u00a0<span style=\"color: #008000;\">Siga o Site do Marcelo Lopes no<\/span>\u00a0<span style=\"color: #800000;\"><a style=\"color: #800000;\" href=\"https:\/\/www.facebook.com\/sitedomarcelolopes\/\"><strong>Facebook<\/strong><\/a><\/span>\u00a0<span style=\"color: #008000;\">e no<\/span>\u00a0<span style=\"color: #800000;\"><strong><a style=\"color: #800000;\" href=\"https:\/\/www.instagram.com\/sitedomarcelolopes\/\">Instagram<\/a><\/strong><\/span><\/span><\/h4>\n<h4 class=\"p1\">\ud83d\udcf1<span style=\"color: #008000;\">Participe do grupo de<\/span>\u00a0<span style=\"color: #800000;\"><a style=\"color: #800000;\" href=\"https:\/\/chat.whatsapp.com\/BibzcI1ibYSKytbdyzubLA\"><strong>WhatsApp<\/strong><\/a><\/span> <span style=\"color: #008000;\">do Site do Marcelo Lopes<\/span><\/h4>\n<p>De acordo com a PM, a corpora\u00e7\u00e3o foi acionada ap\u00f3s a informa\u00e7\u00e3o de um homic\u00eddio consumado em um s\u00edtio da regi\u00e3o. No local, os militares encontraram a v\u00edtima ca\u00edda ao solo, j\u00e1 sem sinais vitais, com m\u00faltiplas les\u00f5es provocadas por arma branca. A equipe do SAMU compareceu e confirmou o \u00f3bito.<\/p>\n<p>A per\u00edcia t\u00e9cnica da Pol\u00edcia Civil identificou ferimentos graves em v\u00e1rias partes do corpo, incluindo m\u00e3o, pesco\u00e7o, cabe\u00e7a, orelha e abd\u00f4men, com cortes profundos e sinais de extrema viol\u00eancia.<\/p>\n<p>Durante as buscas na propriedade, os policiais localizaram, no interior do escrit\u00f3rio da fazenda, armas de fogo e muni\u00e7\u00f5es pertencentes \u00e0 v\u00edtima. Todo o material foi apreendido.<\/p>\n<p>Ainda segundo a PM, dilig\u00eancias realizadas nas imedia\u00e7\u00f5es apontaram um homem de 47 anos como principal suspeito. Ele teria sido visto nas proximidades no hor\u00e1rio do crime. Localizado pelos militares, o suspeito admitiu ter estado no local e, ap\u00f3s relatar um desentendimento com a v\u00edtima, confessou a autoria do homic\u00eddio.<\/p>\n<p>O homem foi preso em flagrante e encaminhado \u00e0 Delegacia de Pol\u00edcia Civil, onde o caso ser\u00e1 investigado.<\/p>\n<p><strong>Materiais apreendidos:<\/strong><br \/>\n\u2022 1 rev\u00f3lver calibre .38<br \/>\n\u2022 2 espingardas<br \/>\n\u2022 2 cartuchos calibre .36 deflagrados<br \/>\n\u2022 5 cartuchos calibre .32 deflagrados<br \/>\n\u2022 1 cartucho calibre .12 deflagrado<br \/>\n\u2022 1 cartucho calibre .28 municiado com esferas<br \/>\n\u2022 6 muni\u00e7\u00f5es calibre .38 intactas<br \/>\n\u2022 3 recipientes com p\u00f3lvora<br \/>\n\u2022 1 recipiente com esferas<br \/>\n\u2022 1 recipiente com espoletas<br \/>\n\u2022 1 faca<br \/>\n\u2022 1 fac\u00e3o<br \/>\n\u2022 1 aparelho celular<\/p>\n<p>OUTRAS NOT\u00cdCIAS<br \/>\nIdoso morre ap\u00f3s ser atropelado por caminh\u00e3o em Mira\u00ed<\/p>\n<blockquote class=\"wp-embedded-content\" data-secret=\"CIVdksDK9i\"><p><a href=\"https:\/\/marcelolopes.jor.br\/site\/2026\/03\/09\/idoso-morre-apos-ser-atropelado-por-caminhao-em-mirai\/\">Idoso morre ap\u00f3s ser atropelado por caminh\u00e3o em Mira\u00ed<\/a><\/p><\/blockquote>\n<p><iframe loading=\"lazy\" class=\"wp-embedded-content\" sandbox=\"allow-scripts\" security=\"restricted\" style=\"position: absolute; visibility: hidden;\" title=\"&#8220;Idoso morre ap\u00f3s ser atropelado por caminh\u00e3o em Mira\u00ed&#8221; &#8212; Marcelo Lopes\" src=\"https:\/\/marcelolopes.jor.br\/site\/2026\/03\/09\/idoso-morre-apos-ser-atropelado-por-caminhao-em-mirai\/embed\/#?secret=4tJzCLEE46#?secret=CIVdksDK9i\" data-secret=\"CIVdksDK9i\" width=\"600\" height=\"338\" frameborder=\"0\" marginwidth=\"0\" marginheight=\"0\" scrolling=\"no\"><\/iframe><\/p>\n<p>Jovem \u00e9 preso por tr\u00e1fico de drogas em Mira\u00ed<\/p>\n<blockquote class=\"wp-embedded-content\" data-secret=\"h8MpfIneMs\"><p><a href=\"https:\/\/marcelolopes.jor.br\/site\/2026\/03\/01\/jovem-e-preso-por-trafico-de-drogas-em-mirai\/\">Jovem \u00e9 preso por tr\u00e1fico de drogas em Mira\u00ed<\/a><\/p><\/blockquote>\n<p><iframe loading=\"lazy\" class=\"wp-embedded-content\" sandbox=\"allow-scripts\" security=\"restricted\" style=\"position: absolute; visibility: hidden;\" title=\"&#8220;Jovem \u00e9 preso por tr\u00e1fico de drogas em Mira\u00ed&#8221; &#8212; Marcelo Lopes\" src=\"https:\/\/marcelolopes.jor.br\/site\/2026\/03\/01\/jovem-e-preso-por-trafico-de-drogas-em-mirai\/embed\/#?secret=PeGAEP4O5k#?secret=h8MpfIneMs\" data-secret=\"h8MpfIneMs\" width=\"600\" height=\"338\" frameborder=\"0\" marginwidth=\"0\" marginheight=\"0\" scrolling=\"no\"><\/iframe><\/p>\n<p>Fonte e foto: PMMG &#8211; Mira\u00ed<\/p>\n<div class=\"pgeqh69f74bcbe8c71\" ><br><\/div><style type=\"text\/css\">\r\n@media screen and (min-width: 1201px) {\r\n.pgeqh69f74bcbe8c71 {\r\ndisplay: block;\r\n}\r\n}\r\n@media screen and (min-width: 993px) and (max-width: 1200px) {\r\n.pgeqh69f74bcbe8c71 {\r\ndisplay: block;\r\n}\r\n}\r\n@media screen and (min-width: 769px) and (max-width: 992px) {\r\n.pgeqh69f74bcbe8c71 {\r\ndisplay: block;\r\n}\r\n}\r\n@media screen and (min-width: 768px) and (max-width: 768px) {\r\n.pgeqh69f74bcbe8c71 {\r\ndisplay: block;\r\n}\r\n}\r\n@media screen and (max-width: 767px) {\r\n.pgeqh69f74bcbe8c71 {\r\ndisplay: block;\r\n}\r\n}\r\n<\/style>\r\n<div class=\"mgvki69f74bcbee055\" ><div id=\"div_destino\"><\/div>\r\n<script src=\"https:\/\/cdn.snsrsv.com\/sdk.js\"><\/script>\r\n<script >\r\n      new sdk(\"464030C30061EA8BE065000000000001\") \r\n          .appendTo(\"div_destino\")\r\n          .disableStyle(true) \r\n          .setCacheBusterMacro(\"%%CACHEBUSTER%%\")\r\n          .setSize(\"800\",\"214\")\r\n          .setClickMacro(\"%%CLICK_URL_ESC%%\") \r\n          .setReferrerUrlMacro(\"%%REFERRER_URL_ESC%%\") \r\n          .start(); \r\n<\/script><\/div><style type=\"text\/css\">\r\n@media screen and (min-width: 1201px) {\r\n.mgvki69f74bcbee055 {\r\ndisplay: block;\r\n}\r\n}\r\n@media screen and (min-width: 993px) and (max-width: 1200px) {\r\n.mgvki69f74bcbee055 {\r\ndisplay: block;\r\n}\r\n}\r\n@media screen and (min-width: 769px) and (max-width: 992px) {\r\n.mgvki69f74bcbee055 {\r\ndisplay: block;\r\n}\r\n}\r\n@media screen and (min-width: 768px) and (max-width: 768px) {\r\n.mgvki69f74bcbee055 {\r\ndisplay: block;\r\n}\r\n}\r\n@media screen and (max-width: 767px) {\r\n.mgvki69f74bcbee055 {\r\ndisplay: block;\r\n}\r\n}\r\n<\/style>\r\n","protected":false},"excerpt":{"rendered":"<p>Um homem de 57 anos foi morto na manh\u00e3 desta segunda-feira, 23 de mar\u00e7o, em uma propriedade rural no munic\u00edpio de Mira\u00ed. O crime ocorreu por volta das 6h10 e mobilizou equipes da Pol\u00edcia Militar e do Servi\u00e7o de Atendimento<\/p>\n<p class=\"link-more\"><a class=\"more-link\" href=\"https:\/\/marcelolopes.jor.br\/site\/2026\/03\/23\/homem-e-morto-na-zona-rural-de-mirai-e-pm-prende-suspeito\/\">Leia mais <span class=\"screen-reader-text\">Homem \u00e9 morto na zona rural de Mira\u00ed e PM prende suspeito<\/span><\/a><\/p>\n","protected":false},"author":2,"featured_media":64701,"comment_status":"open","ping_status":"closed","sticky":false,"template":"","format":"standard","meta":{"footnotes":""},"categories":[1],"tags":[],"class_list":["post-64700","post","type-post","status-publish","format-standard","has-post-thumbnail","hentry","category-noticias","thumb-below-title"],"yoast_head":"<!-- This site is optimized with the Yoast SEO plugin v27.4 - https:\/\/yoast.com\/product\/yoast-seo-wordpress\/ -->\n<title>Homem \u00e9 morto na zona rural de Mira\u00ed e PM prende suspeito | Marcelo Lopes<\/title>\n<meta name=\"description\" content=\"Homem \u00e9 morto na zona rural de Mira\u00ed e PM prende suspeito. Os policiais encontraram na fazenda muitas armas de fogo e muni\u00e7\u00f5es.\" \/>\n<meta name=\"robots\" content=\"index, follow, max-snippet:-1, max-image-preview:large, max-video-preview:-1\" \/>\n<link rel=\"canonical\" href=\"https:\/\/marcelolopes.jor.br\/site\/2026\/03\/23\/homem-e-morto-na-zona-rural-de-mirai-e-pm-prende-suspeito\/\" \/>\n<meta property=\"og:locale\" content=\"pt_BR\" \/>\n<meta property=\"og:type\" content=\"article\" \/>\n<meta property=\"og:title\" content=\"Homem \u00e9 morto na zona rural de Mira\u00ed e PM prende suspeito | Marcelo Lopes\" \/>\n<meta property=\"og:description\" content=\"Homem \u00e9 morto na zona rural de Mira\u00ed e PM prende suspeito. Os policiais encontraram na fazenda muitas armas de fogo e muni\u00e7\u00f5es.\" \/>\n<meta property=\"og:url\" content=\"https:\/\/marcelolopes.jor.br\/site\/2026\/03\/23\/homem-e-morto-na-zona-rural-de-mirai-e-pm-prende-suspeito\/\" \/>\n<meta property=\"og:site_name\" content=\"Marcelo Lopes\" \/>\n<meta property=\"article:publisher\" content=\"https:\/\/www.facebook.com\/sitedomarcelolopes\" \/>\n<meta property=\"article:published_time\" content=\"2026-03-23T22:00:45+00:00\" \/>\n<meta property=\"og:image\" content=\"https:\/\/marcelolopes.jor.br\/site\/wp-content\/uploads\/2026\/03\/armas.jpeg\" \/>\n\t<meta property=\"og:image:width\" content=\"1600\" \/>\n\t<meta property=\"og:image:height\" content=\"900\" \/>\n\t<meta property=\"og:image:type\" content=\"image\/jpeg\" \/>\n<meta name=\"author\" content=\"Marcelo Lopes\" \/>\n<meta name=\"twitter:card\" content=\"summary_large_image\" \/>\n<meta name=\"twitter:label1\" content=\"Escrito por\" \/>\n\t<meta name=\"twitter:data1\" content=\"Marcelo Lopes\" \/>\n\t<meta name=\"twitter:label2\" content=\"Est. tempo de leitura\" \/>\n\t<meta name=\"twitter:data2\" content=\"2 minutos\" \/>\n<script type=\"application\/ld+json\" class=\"yoast-schema-graph\">{\"@context\":\"https:\\\/\\\/schema.org\",\"@graph\":[{\"@type\":\"NewsArticle\",\"@id\":\"https:\\\/\\\/marcelolopes.jor.br\\\/site\\\/2026\\\/03\\\/23\\\/homem-e-morto-na-zona-rural-de-mirai-e-pm-prende-suspeito\\\/#article\",\"isPartOf\":{\"@id\":\"https:\\\/\\\/marcelolopes.jor.br\\\/site\\\/2026\\\/03\\\/23\\\/homem-e-morto-na-zona-rural-de-mirai-e-pm-prende-suspeito\\\/\"},\"author\":{\"name\":\"Marcelo Lopes\",\"@id\":\"https:\\\/\\\/marcelolopes.jor.br\\\/site\\\/#\\\/schema\\\/person\\\/3e7216a35c34d8fdf952b31da3d1f89f\"},\"headline\":\"Homem \u00e9 morto na zona rural de Mira\u00ed e PM prende suspeito\",\"datePublished\":\"2026-03-23T22:00:45+00:00\",\"mainEntityOfPage\":{\"@id\":\"https:\\\/\\\/marcelolopes.jor.br\\\/site\\\/2026\\\/03\\\/23\\\/homem-e-morto-na-zona-rural-de-mirai-e-pm-prende-suspeito\\\/\"},\"wordCount\":361,\"commentCount\":0,\"publisher\":{\"@id\":\"https:\\\/\\\/marcelolopes.jor.br\\\/site\\\/#organization\"},\"image\":{\"@id\":\"https:\\\/\\\/marcelolopes.jor.br\\\/site\\\/2026\\\/03\\\/23\\\/homem-e-morto-na-zona-rural-de-mirai-e-pm-prende-suspeito\\\/#primaryimage\"},\"thumbnailUrl\":\"https:\\\/\\\/marcelolopes.jor.br\\\/site\\\/wp-content\\\/uploads\\\/2026\\\/03\\\/armas.jpeg\",\"articleSection\":[\"Not\u00edcias\"],\"inLanguage\":\"pt-BR\",\"potentialAction\":[{\"@type\":\"CommentAction\",\"name\":\"Comment\",\"target\":[\"https:\\\/\\\/marcelolopes.jor.br\\\/site\\\/2026\\\/03\\\/23\\\/homem-e-morto-na-zona-rural-de-mirai-e-pm-prende-suspeito\\\/#respond\"]}]},{\"@type\":\"WebPage\",\"@id\":\"https:\\\/\\\/marcelolopes.jor.br\\\/site\\\/2026\\\/03\\\/23\\\/homem-e-morto-na-zona-rural-de-mirai-e-pm-prende-suspeito\\\/\",\"url\":\"https:\\\/\\\/marcelolopes.jor.br\\\/site\\\/2026\\\/03\\\/23\\\/homem-e-morto-na-zona-rural-de-mirai-e-pm-prende-suspeito\\\/\",\"name\":\"Homem \u00e9 morto na zona rural de Mira\u00ed e PM prende suspeito | Marcelo Lopes\",\"isPartOf\":{\"@id\":\"https:\\\/\\\/marcelolopes.jor.br\\\/site\\\/#website\"},\"primaryImageOfPage\":{\"@id\":\"https:\\\/\\\/marcelolopes.jor.br\\\/site\\\/2026\\\/03\\\/23\\\/homem-e-morto-na-zona-rural-de-mirai-e-pm-prende-suspeito\\\/#primaryimage\"},\"image\":{\"@id\":\"https:\\\/\\\/marcelolopes.jor.br\\\/site\\\/2026\\\/03\\\/23\\\/homem-e-morto-na-zona-rural-de-mirai-e-pm-prende-suspeito\\\/#primaryimage\"},\"thumbnailUrl\":\"https:\\\/\\\/marcelolopes.jor.br\\\/site\\\/wp-content\\\/uploads\\\/2026\\\/03\\\/armas.jpeg\",\"datePublished\":\"2026-03-23T22:00:45+00:00\",\"description\":\"Homem \u00e9 morto na zona rural de Mira\u00ed e PM prende suspeito. Os policiais encontraram na fazenda muitas armas de fogo e muni\u00e7\u00f5es.\",\"breadcrumb\":{\"@id\":\"https:\\\/\\\/marcelolopes.jor.br\\\/site\\\/2026\\\/03\\\/23\\\/homem-e-morto-na-zona-rural-de-mirai-e-pm-prende-suspeito\\\/#breadcrumb\"},\"inLanguage\":\"pt-BR\",\"potentialAction\":[{\"@type\":\"ReadAction\",\"target\":[\"https:\\\/\\\/marcelolopes.jor.br\\\/site\\\/2026\\\/03\\\/23\\\/homem-e-morto-na-zona-rural-de-mirai-e-pm-prende-suspeito\\\/\"]}]},{\"@type\":\"ImageObject\",\"inLanguage\":\"pt-BR\",\"@id\":\"https:\\\/\\\/marcelolopes.jor.br\\\/site\\\/2026\\\/03\\\/23\\\/homem-e-morto-na-zona-rural-de-mirai-e-pm-prende-suspeito\\\/#primaryimage\",\"url\":\"https:\\\/\\\/marcelolopes.jor.br\\\/site\\\/wp-content\\\/uploads\\\/2026\\\/03\\\/armas.jpeg\",\"contentUrl\":\"https:\\\/\\\/marcelolopes.jor.br\\\/site\\\/wp-content\\\/uploads\\\/2026\\\/03\\\/armas.jpeg\",\"width\":1600,\"height\":900,\"caption\":\"Homem \u00e9 morto na\"},{\"@type\":\"BreadcrumbList\",\"@id\":\"https:\\\/\\\/marcelolopes.jor.br\\\/site\\\/2026\\\/03\\\/23\\\/homem-e-morto-na-zona-rural-de-mirai-e-pm-prende-suspeito\\\/#breadcrumb\",\"itemListElement\":[{\"@type\":\"ListItem\",\"position\":1,\"name\":\"Home\",\"item\":\"https:\\\/\\\/marcelolopes.jor.br\\\/site\\\/\"},{\"@type\":\"ListItem\",\"position\":2,\"name\":\"Homem \u00e9 morto na zona rural de Mira\u00ed e PM prende suspeito\"}]},{\"@type\":\"WebSite\",\"@id\":\"https:\\\/\\\/marcelolopes.jor.br\\\/site\\\/#website\",\"url\":\"https:\\\/\\\/marcelolopes.jor.br\\\/site\\\/\",\"name\":\"Marcelo Lopes\",\"description\":\"Not\u00edcias de Cataguases e Regi\u00e3o\",\"publisher\":{\"@id\":\"https:\\\/\\\/marcelolopes.jor.br\\\/site\\\/#organization\"},\"potentialAction\":[{\"@type\":\"SearchAction\",\"target\":{\"@type\":\"EntryPoint\",\"urlTemplate\":\"https:\\\/\\\/marcelolopes.jor.br\\\/site\\\/?s={search_term_string}\"},\"query-input\":{\"@type\":\"PropertyValueSpecification\",\"valueRequired\":true,\"valueName\":\"search_term_string\"}}],\"inLanguage\":\"pt-BR\"},{\"@type\":\"Organization\",\"@id\":\"https:\\\/\\\/marcelolopes.jor.br\\\/site\\\/#organization\",\"name\":\"Site do Marcelo Lopes\",\"url\":\"https:\\\/\\\/marcelolopes.jor.br\\\/site\\\/\",\"logo\":{\"@type\":\"ImageObject\",\"inLanguage\":\"pt-BR\",\"@id\":\"https:\\\/\\\/marcelolopes.jor.br\\\/site\\\/#\\\/schema\\\/logo\\\/image\\\/\",\"url\":\"https:\\\/\\\/marcelolopes.jor.br\\\/site\\\/wp-content\\\/uploads\\\/2024\\\/11\\\/logo-1.png\",\"contentUrl\":\"https:\\\/\\\/marcelolopes.jor.br\\\/site\\\/wp-content\\\/uploads\\\/2024\\\/11\\\/logo-1.png\",\"width\":475,\"height\":80,\"caption\":\"Site do Marcelo Lopes\"},\"image\":{\"@id\":\"https:\\\/\\\/marcelolopes.jor.br\\\/site\\\/#\\\/schema\\\/logo\\\/image\\\/\"},\"sameAs\":[\"https:\\\/\\\/www.facebook.com\\\/sitedomarcelolopes\",\"https:\\\/\\\/www.instagram.com\\\/sitedomarcelolopes\\\/\",\"https:\\\/\\\/www.linkedin.com\\\/company\\\/site-do-marcelo-lopes\\\/\",\"https:\\\/\\\/www.youtube.com\\\/user\\\/marcelolopes957\"]},{\"@type\":\"Person\",\"@id\":\"https:\\\/\\\/marcelolopes.jor.br\\\/site\\\/#\\\/schema\\\/person\\\/3e7216a35c34d8fdf952b31da3d1f89f\",\"name\":\"Marcelo Lopes\",\"sameAs\":[\"http:\\\/\\\/www.marcelolopes.jor.br\"],\"url\":\"https:\\\/\\\/marcelolopes.jor.br\\\/site\\\/author\\\/marcelo\\\/\"}]}<\/script>\n<!-- \/ Yoast SEO plugin. -->","yoast_head_json":{"title":"Homem \u00e9 morto na zona rural de Mira\u00ed e PM prende suspeito | Marcelo Lopes","description":"Homem \u00e9 morto na zona rural de Mira\u00ed e PM prende suspeito. Os policiais encontraram na fazenda muitas armas de fogo e muni\u00e7\u00f5es.","robots":{"index":"index","follow":"follow","max-snippet":"max-snippet:-1","max-image-preview":"max-image-preview:large","max-video-preview":"max-video-preview:-1"},"canonical":"https:\/\/marcelolopes.jor.br\/site\/2026\/03\/23\/homem-e-morto-na-zona-rural-de-mirai-e-pm-prende-suspeito\/","og_locale":"pt_BR","og_type":"article","og_title":"Homem \u00e9 morto na zona rural de Mira\u00ed e PM prende suspeito | Marcelo Lopes","og_description":"Homem \u00e9 morto na zona rural de Mira\u00ed e PM prende suspeito. Os policiais encontraram na fazenda muitas armas de fogo e muni\u00e7\u00f5es.","og_url":"https:\/\/marcelolopes.jor.br\/site\/2026\/03\/23\/homem-e-morto-na-zona-rural-de-mirai-e-pm-prende-suspeito\/","og_site_name":"Marcelo Lopes","article_publisher":"https:\/\/www.facebook.com\/sitedomarcelolopes","article_published_time":"2026-03-23T22:00:45+00:00","og_image":[{"width":1600,"height":900,"url":"https:\/\/marcelolopes.jor.br\/site\/wp-content\/uploads\/2026\/03\/armas.jpeg","type":"image\/jpeg"}],"author":"Marcelo Lopes","twitter_card":"summary_large_image","twitter_misc":{"Escrito por":"Marcelo Lopes","Est. tempo de leitura":"2 minutos"},"schema":{"@context":"https:\/\/schema.org","@graph":[{"@type":"NewsArticle","@id":"https:\/\/marcelolopes.jor.br\/site\/2026\/03\/23\/homem-e-morto-na-zona-rural-de-mirai-e-pm-prende-suspeito\/#article","isPartOf":{"@id":"https:\/\/marcelolopes.jor.br\/site\/2026\/03\/23\/homem-e-morto-na-zona-rural-de-mirai-e-pm-prende-suspeito\/"},"author":{"name":"Marcelo Lopes","@id":"https:\/\/marcelolopes.jor.br\/site\/#\/schema\/person\/3e7216a35c34d8fdf952b31da3d1f89f"},"headline":"Homem \u00e9 morto na zona rural de Mira\u00ed e PM prende suspeito","datePublished":"2026-03-23T22:00:45+00:00","mainEntityOfPage":{"@id":"https:\/\/marcelolopes.jor.br\/site\/2026\/03\/23\/homem-e-morto-na-zona-rural-de-mirai-e-pm-prende-suspeito\/"},"wordCount":361,"commentCount":0,"publisher":{"@id":"https:\/\/marcelolopes.jor.br\/site\/#organization"},"image":{"@id":"https:\/\/marcelolopes.jor.br\/site\/2026\/03\/23\/homem-e-morto-na-zona-rural-de-mirai-e-pm-prende-suspeito\/#primaryimage"},"thumbnailUrl":"https:\/\/marcelolopes.jor.br\/site\/wp-content\/uploads\/2026\/03\/armas.jpeg","articleSection":["Not\u00edcias"],"inLanguage":"pt-BR","potentialAction":[{"@type":"CommentAction","name":"Comment","target":["https:\/\/marcelolopes.jor.br\/site\/2026\/03\/23\/homem-e-morto-na-zona-rural-de-mirai-e-pm-prende-suspeito\/#respond"]}]},{"@type":"WebPage","@id":"https:\/\/marcelolopes.jor.br\/site\/2026\/03\/23\/homem-e-morto-na-zona-rural-de-mirai-e-pm-prende-suspeito\/","url":"https:\/\/marcelolopes.jor.br\/site\/2026\/03\/23\/homem-e-morto-na-zona-rural-de-mirai-e-pm-prende-suspeito\/","name":"Homem \u00e9 morto na zona rural de Mira\u00ed e PM prende suspeito | Marcelo Lopes","isPartOf":{"@id":"https:\/\/marcelolopes.jor.br\/site\/#website"},"primaryImageOfPage":{"@id":"https:\/\/marcelolopes.jor.br\/site\/2026\/03\/23\/homem-e-morto-na-zona-rural-de-mirai-e-pm-prende-suspeito\/#primaryimage"},"image":{"@id":"https:\/\/marcelolopes.jor.br\/site\/2026\/03\/23\/homem-e-morto-na-zona-rural-de-mirai-e-pm-prende-suspeito\/#primaryimage"},"thumbnailUrl":"https:\/\/marcelolopes.jor.br\/site\/wp-content\/uploads\/2026\/03\/armas.jpeg","datePublished":"2026-03-23T22:00:45+00:00","description":"Homem \u00e9 morto na zona rural de Mira\u00ed e PM prende suspeito. Os policiais encontraram na fazenda muitas armas de fogo e muni\u00e7\u00f5es.","breadcrumb":{"@id":"https:\/\/marcelolopes.jor.br\/site\/2026\/03\/23\/homem-e-morto-na-zona-rural-de-mirai-e-pm-prende-suspeito\/#breadcrumb"},"inLanguage":"pt-BR","potentialAction":[{"@type":"ReadAction","target":["https:\/\/marcelolopes.jor.br\/site\/2026\/03\/23\/homem-e-morto-na-zona-rural-de-mirai-e-pm-prende-suspeito\/"]}]},{"@type":"ImageObject","inLanguage":"pt-BR","@id":"https:\/\/marcelolopes.jor.br\/site\/2026\/03\/23\/homem-e-morto-na-zona-rural-de-mirai-e-pm-prende-suspeito\/#primaryimage","url":"https:\/\/marcelolopes.jor.br\/site\/wp-content\/uploads\/2026\/03\/armas.jpeg","contentUrl":"https:\/\/marcelolopes.jor.br\/site\/wp-content\/uploads\/2026\/03\/armas.jpeg","width":1600,"height":900,"caption":"Homem \u00e9 morto na"},{"@type":"BreadcrumbList","@id":"https:\/\/marcelolopes.jor.br\/site\/2026\/03\/23\/homem-e-morto-na-zona-rural-de-mirai-e-pm-prende-suspeito\/#breadcrumb","itemListElement":[{"@type":"ListItem","position":1,"name":"Home","item":"https:\/\/marcelolopes.jor.br\/site\/"},{"@type":"ListItem","position":2,"name":"Homem \u00e9 morto na zona rural de Mira\u00ed e PM prende suspeito"}]},{"@type":"WebSite","@id":"https:\/\/marcelolopes.jor.br\/site\/#website","url":"https:\/\/marcelolopes.jor.br\/site\/","name":"Marcelo Lopes","description":"Not\u00edcias de Cataguases e Regi\u00e3o","publisher":{"@id":"https:\/\/marcelolopes.jor.br\/site\/#organization"},"potentialAction":[{"@type":"SearchAction","target":{"@type":"EntryPoint","urlTemplate":"https:\/\/marcelolopes.jor.br\/site\/?s={search_term_string}"},"query-input":{"@type":"PropertyValueSpecification","valueRequired":true,"valueName":"search_term_string"}}],"inLanguage":"pt-BR"},{"@type":"Organization","@id":"https:\/\/marcelolopes.jor.br\/site\/#organization","name":"Site do Marcelo Lopes","url":"https:\/\/marcelolopes.jor.br\/site\/","logo":{"@type":"ImageObject","inLanguage":"pt-BR","@id":"https:\/\/marcelolopes.jor.br\/site\/#\/schema\/logo\/image\/","url":"https:\/\/marcelolopes.jor.br\/site\/wp-content\/uploads\/2024\/11\/logo-1.png","contentUrl":"https:\/\/marcelolopes.jor.br\/site\/wp-content\/uploads\/2024\/11\/logo-1.png","width":475,"height":80,"caption":"Site do Marcelo Lopes"},"image":{"@id":"https:\/\/marcelolopes.jor.br\/site\/#\/schema\/logo\/image\/"},"sameAs":["https:\/\/www.facebook.com\/sitedomarcelolopes","https:\/\/www.instagram.com\/sitedomarcelolopes\/","https:\/\/www.linkedin.com\/company\/site-do-marcelo-lopes\/","https:\/\/www.youtube.com\/user\/marcelolopes957"]},{"@type":"Person","@id":"https:\/\/marcelolopes.jor.br\/site\/#\/schema\/person\/3e7216a35c34d8fdf952b31da3d1f89f","name":"Marcelo Lopes","sameAs":["http:\/\/www.marcelolopes.jor.br"],"url":"https:\/\/marcelolopes.jor.br\/site\/author\/marcelo\/"}]}},"wps_subtitle":"Os policiais encontraram na fazenda muitas armas de fogo e muni\u00e7\u00f5es.","_links":{"self":[{"href":"https:\/\/marcelolopes.jor.br\/site\/wp-json\/wp\/v2\/posts\/64700","targetHints":{"allow":["GET"]}}],"collection":[{"href":"https:\/\/marcelolopes.jor.br\/site\/wp-json\/wp\/v2\/posts"}],"about":[{"href":"https:\/\/marcelolopes.jor.br\/site\/wp-json\/wp\/v2\/types\/post"}],"author":[{"embeddable":true,"href":"https:\/\/marcelolopes.jor.br\/site\/wp-json\/wp\/v2\/users\/2"}],"replies":[{"embeddable":true,"href":"https:\/\/marcelolopes.jor.br\/site\/wp-json\/wp\/v2\/comments?post=64700"}],"version-history":[{"count":3,"href":"https:\/\/marcelolopes.jor.br\/site\/wp-json\/wp\/v2\/posts\/64700\/revisions"}],"predecessor-version":[{"id":64704,"href":"https:\/\/marcelolopes.jor.br\/site\/wp-json\/wp\/v2\/posts\/64700\/revisions\/64704"}],"wp:featuredmedia":[{"embeddable":true,"href":"https:\/\/marcelolopes.jor.br\/site\/wp-json\/wp\/v2\/media\/64701"}],"wp:attachment":[{"href":"https:\/\/marcelolopes.jor.br\/site\/wp-json\/wp\/v2\/media?parent=64700"}],"wp:term":[{"taxonomy":"category","embeddable":true,"href":"https:\/\/marcelolopes.jor.br\/site\/wp-json\/wp\/v2\/categories?post=64700"},{"taxonomy":"post_tag","embeddable":true,"href":"https:\/\/marcelolopes.jor.br\/site\/wp-json\/wp\/v2\/tags?post=64700"}],"curies":[{"name":"wp","href":"https:\/\/api.w.org\/{rel}","templated":true}]}}