{"id":64696,"date":"2026-03-24T07:00:52","date_gmt":"2026-03-24T10:00:52","guid":{"rendered":"https:\/\/marcelolopes.jor.br\/site\/?p=64696"},"modified":"2026-03-23T11:37:19","modified_gmt":"2026-03-23T14:37:19","slug":"casa-da-memoria-de-leopoldina-abre-agenda-para-visitas-guiadas","status":"publish","type":"post","link":"https:\/\/marcelolopes.jor.br\/site\/2026\/03\/24\/casa-da-memoria-de-leopoldina-abre-agenda-para-visitas-guiadas\/","title":{"rendered":"Casa da Mem\u00f3ria de Leopoldina abre agenda para visitas guiadas"},"content":{"rendered":"<p>Um convite para viajar no tempo e redescobrir as hist\u00f3rias de Leopoldina. A Casa da Mem\u00f3ria agora oferece visitas guiadas gratuitas, com agendamento pelo <a href=\"https:\/\/ingressosfojb.com.br\/login\"><strong><span style=\"color: #800000;\">site<\/span><\/strong><\/a>. O casar\u00e3o da d\u00e9cada de 1950 onde viveram os Junqueira Botelho reabre rebatizado e totalmente remodelado, apresentando a hist\u00f3ria e o legado da fam\u00edlia fundadora do atual Grupo Energisa e fazendo uma verdadeira celebra\u00e7\u00e3o \u00e0 mem\u00f3ria de todas as fam\u00edlias brasileiras. <!--more--><\/p>\n<h4 class=\"p1\"><span class=\"s1\">\ud83d\udcf8\u00a0<span style=\"color: #008000;\">Siga o Site do Marcelo Lopes no<\/span>\u00a0<span style=\"color: #800000;\"><a style=\"color: #800000;\" href=\"https:\/\/www.facebook.com\/sitedomarcelolopes\/\"><strong>Facebook<\/strong><\/a><\/span>\u00a0<span style=\"color: #008000;\">e no<\/span>\u00a0<span style=\"color: #800000;\"><strong><a style=\"color: #800000;\" href=\"https:\/\/www.instagram.com\/sitedomarcelolopes\/\">Instagram<\/a><\/strong><\/span><\/span><\/h4>\n<h4 class=\"p1\">\ud83d\udcf1<span style=\"color: #008000;\">Participe do grupo de<\/span>\u00a0<span style=\"color: #800000;\"><a style=\"color: #800000;\" href=\"https:\/\/chat.whatsapp.com\/BibzcI1ibYSKytbdyzubLA\"><strong>WhatsApp<\/strong><\/a><\/span> <span style=\"color: #008000;\">do Site do Marcelo Lopes<\/span><\/h4>\n<p>O espa\u00e7o contempor\u00e2neo na Zona da Mata Mineira n\u00e3o deixa nada a desejar \u00e0s principais casas de cultura do mundo. Com o uso de muita tecnologia, como intelig\u00eancia artificial para recriar em \u00e1udio e imagem trechos do di\u00e1rio de Get\u00falio Vargas sobre uma visita \u00e0 cidade e uma \u201cconversa\u201d do patriarca Ormeo Junqueira Botelho consigo mesmo na juventude e mais velho, a Casa da Mem\u00f3ria oferece divers\u00e3o e conhecimento para todas as gera\u00e7\u00f5es.<\/p>\n<p>Entre as atra\u00e7\u00f5es, vale destacar que os objetos da fam\u00edlia s\u00e3o exibidos em gavetas multim\u00eddia e uma mesa interativa apresenta mapas dos s\u00e9culos XVII e XVIII. O Espa\u00e7o Lya \u00e9 uma biblioteca e um ambiente para debate da produ\u00e7\u00e3o liter\u00e1ria feminina, enquanto Espa\u00e7o Cultural da Mata \u00e9 destinado a pesquisadores, e o Lab Mem\u00f3ria oferece tecnologia e inova\u00e7\u00e3o, como impressora 3D, para conectar diferentes gera\u00e7\u00f5es ao patrim\u00f4nio cultural da cidade.<\/p>\n<p>O projeto de readequa\u00e7\u00e3o foi promovido pela Funda\u00e7\u00e3o Ormeo Junqueira Botelho e patrocinado pelo Grupo Energisa, por meio da Lei Rouanet, principal mecanismo de incentivo \u00e0 cultura no pa\u00eds. A execu\u00e7\u00e3o do projeto \u00e9 da Santa Rosa Bureau Cultural. O espa\u00e7o funciona de quarta a s\u00e1bado, das 9h \u00e0s 17h30, e aos domingos, das 9h \u00e0s 14h. Para mais informa\u00e7\u00f5es, entre em contato pelo e-mail <strong>casadamemoria@fojb.org.br<\/strong> ou pelo telefone <strong>(32)98454-2049<\/strong>.<\/p>\n<p><strong>OUTRAS NOT\u00cdCIAS<\/strong><br \/>\n<a href=\"https:\/\/marcelolopes.jor.br\/site\/2026\/03\/06\/casa-da-memoria-em-leopoldina-e-o-novo-ponto-de-referencia-cultural-da-regiao\/\"><strong><span style=\"color: #800000;\">Casa da Mem\u00f3ria, em Leopoldina, \u00e9 o novo ponto de refer\u00eancia cultural da regi\u00e3o<\/span><\/strong><\/a><\/p>\n<p><a href=\"https:\/\/marcelolopes.jor.br\/site\/2025\/11\/21\/tres-livros-serao-lancados-no-centro-cultural-humberto-mauro\/\"><strong><span style=\"color: #800000;\">Tr\u00eas livros ser\u00e3o lan\u00e7ados no Centro Cultural Humberto Mauro<\/span><\/strong><\/a><\/p>\n<p>Fonte e foto: Energisa Minas Rio<\/p>\n<div class=\"rlcxp69f76486cf89f\" ><br><\/div><style type=\"text\/css\">\r\n@media screen and (min-width: 1201px) {\r\n.rlcxp69f76486cf89f {\r\ndisplay: block;\r\n}\r\n}\r\n@media screen and (min-width: 993px) and (max-width: 1200px) {\r\n.rlcxp69f76486cf89f {\r\ndisplay: block;\r\n}\r\n}\r\n@media screen and (min-width: 769px) and (max-width: 992px) {\r\n.rlcxp69f76486cf89f {\r\ndisplay: block;\r\n}\r\n}\r\n@media screen and (min-width: 768px) and (max-width: 768px) {\r\n.rlcxp69f76486cf89f {\r\ndisplay: block;\r\n}\r\n}\r\n@media screen and (max-width: 767px) {\r\n.rlcxp69f76486cf89f {\r\ndisplay: block;\r\n}\r\n}\r\n<\/style>\r\n<div class=\"cundt69f76486d6e41\" ><div id=\"div_destino\"><\/div>\r\n<script src=\"https:\/\/cdn.snsrsv.com\/sdk.js\"><\/script>\r\n<script >\r\n      new sdk(\"464030C30061EA8BE065000000000001\") \r\n          .appendTo(\"div_destino\")\r\n          .disableStyle(true) \r\n          .setCacheBusterMacro(\"%%CACHEBUSTER%%\")\r\n          .setSize(\"800\",\"214\")\r\n          .setClickMacro(\"%%CLICK_URL_ESC%%\") \r\n          .setReferrerUrlMacro(\"%%REFERRER_URL_ESC%%\") \r\n          .start(); \r\n<\/script><\/div><style type=\"text\/css\">\r\n@media screen and (min-width: 1201px) {\r\n.cundt69f76486d6e41 {\r\ndisplay: block;\r\n}\r\n}\r\n@media screen and (min-width: 993px) and (max-width: 1200px) {\r\n.cundt69f76486d6e41 {\r\ndisplay: block;\r\n}\r\n}\r\n@media screen and (min-width: 769px) and (max-width: 992px) {\r\n.cundt69f76486d6e41 {\r\ndisplay: block;\r\n}\r\n}\r\n@media screen and (min-width: 768px) and (max-width: 768px) {\r\n.cundt69f76486d6e41 {\r\ndisplay: block;\r\n}\r\n}\r\n@media screen and (max-width: 767px) {\r\n.cundt69f76486d6e41 {\r\ndisplay: block;\r\n}\r\n}\r\n<\/style>\r\n","protected":false},"excerpt":{"rendered":"<p>Um convite para viajar no tempo e redescobrir as hist\u00f3rias de Leopoldina. A Casa da Mem\u00f3ria agora oferece visitas guiadas gratuitas, com agendamento pelo site. O casar\u00e3o da d\u00e9cada de 1950 onde viveram os Junqueira Botelho reabre rebatizado e totalmente<\/p>\n<p class=\"link-more\"><a class=\"more-link\" href=\"https:\/\/marcelolopes.jor.br\/site\/2026\/03\/24\/casa-da-memoria-de-leopoldina-abre-agenda-para-visitas-guiadas\/\">Leia mais <span class=\"screen-reader-text\">Casa da Mem\u00f3ria de Leopoldina abre agenda para visitas guiadas<\/span><\/a><\/p>\n","protected":false},"author":2,"featured_media":64697,"comment_status":"open","ping_status":"closed","sticky":false,"template":"","format":"standard","meta":{"footnotes":""},"categories":[1],"tags":[],"class_list":["post-64696","post","type-post","status-publish","format-standard","has-post-thumbnail","hentry","category-noticias","thumb-below-title"],"yoast_head":"<!-- This site is optimized with the Yoast SEO plugin v27.4 - https:\/\/yoast.com\/product\/yoast-seo-wordpress\/ -->\n<title>Casa da Mem\u00f3ria de Leopoldina abre agenda para visitas guiadas | Marcelo Lopes<\/title>\n<meta name=\"description\" content=\"Casa da Mem\u00f3ria de Leopoldina abre agenda para visitas guiadas. Reservas devem ser feitas pelo aplicativo, garantindo uma experi\u00eancia...\" \/>\n<meta name=\"robots\" content=\"index, follow, max-snippet:-1, max-image-preview:large, max-video-preview:-1\" \/>\n<link rel=\"canonical\" href=\"https:\/\/marcelolopes.jor.br\/site\/2026\/03\/24\/casa-da-memoria-de-leopoldina-abre-agenda-para-visitas-guiadas\/\" \/>\n<meta property=\"og:locale\" content=\"pt_BR\" \/>\n<meta property=\"og:type\" content=\"article\" \/>\n<meta property=\"og:title\" content=\"Casa da Mem\u00f3ria de Leopoldina abre agenda para visitas guiadas | Marcelo Lopes\" \/>\n<meta property=\"og:description\" content=\"Casa da Mem\u00f3ria de Leopoldina abre agenda para visitas guiadas. Reservas devem ser feitas pelo aplicativo, garantindo uma experi\u00eancia...\" \/>\n<meta property=\"og:url\" content=\"https:\/\/marcelolopes.jor.br\/site\/2026\/03\/24\/casa-da-memoria-de-leopoldina-abre-agenda-para-visitas-guiadas\/\" \/>\n<meta property=\"og:site_name\" content=\"Marcelo Lopes\" \/>\n<meta property=\"article:publisher\" content=\"https:\/\/www.facebook.com\/sitedomarcelolopes\" \/>\n<meta property=\"article:published_time\" content=\"2026-03-24T10:00:52+00:00\" \/>\n<meta property=\"og:image\" content=\"https:\/\/marcelolopes.jor.br\/site\/wp-content\/uploads\/2026\/03\/image001.jpg\" \/>\n\t<meta property=\"og:image:width\" content=\"1600\" \/>\n\t<meta property=\"og:image:height\" content=\"937\" \/>\n\t<meta property=\"og:image:type\" content=\"image\/jpeg\" \/>\n<meta name=\"author\" content=\"Marcelo Lopes\" \/>\n<meta name=\"twitter:card\" content=\"summary_large_image\" \/>\n<meta name=\"twitter:label1\" content=\"Escrito por\" \/>\n\t<meta name=\"twitter:data1\" content=\"Marcelo Lopes\" \/>\n\t<meta name=\"twitter:label2\" content=\"Est. tempo de leitura\" \/>\n\t<meta name=\"twitter:data2\" content=\"2 minutos\" \/>\n<script type=\"application\/ld+json\" class=\"yoast-schema-graph\">{\"@context\":\"https:\\\/\\\/schema.org\",\"@graph\":[{\"@type\":\"NewsArticle\",\"@id\":\"https:\\\/\\\/marcelolopes.jor.br\\\/site\\\/2026\\\/03\\\/24\\\/casa-da-memoria-de-leopoldina-abre-agenda-para-visitas-guiadas\\\/#article\",\"isPartOf\":{\"@id\":\"https:\\\/\\\/marcelolopes.jor.br\\\/site\\\/2026\\\/03\\\/24\\\/casa-da-memoria-de-leopoldina-abre-agenda-para-visitas-guiadas\\\/\"},\"author\":{\"name\":\"Marcelo Lopes\",\"@id\":\"https:\\\/\\\/marcelolopes.jor.br\\\/site\\\/#\\\/schema\\\/person\\\/3e7216a35c34d8fdf952b31da3d1f89f\"},\"headline\":\"Casa da Mem\u00f3ria de Leopoldina abre agenda para visitas guiadas\",\"datePublished\":\"2026-03-24T10:00:52+00:00\",\"mainEntityOfPage\":{\"@id\":\"https:\\\/\\\/marcelolopes.jor.br\\\/site\\\/2026\\\/03\\\/24\\\/casa-da-memoria-de-leopoldina-abre-agenda-para-visitas-guiadas\\\/\"},\"wordCount\":382,\"commentCount\":0,\"publisher\":{\"@id\":\"https:\\\/\\\/marcelolopes.jor.br\\\/site\\\/#organization\"},\"image\":{\"@id\":\"https:\\\/\\\/marcelolopes.jor.br\\\/site\\\/2026\\\/03\\\/24\\\/casa-da-memoria-de-leopoldina-abre-agenda-para-visitas-guiadas\\\/#primaryimage\"},\"thumbnailUrl\":\"https:\\\/\\\/marcelolopes.jor.br\\\/site\\\/wp-content\\\/uploads\\\/2026\\\/03\\\/image001.jpg\",\"articleSection\":[\"Not\u00edcias\"],\"inLanguage\":\"pt-BR\",\"potentialAction\":[{\"@type\":\"CommentAction\",\"name\":\"Comment\",\"target\":[\"https:\\\/\\\/marcelolopes.jor.br\\\/site\\\/2026\\\/03\\\/24\\\/casa-da-memoria-de-leopoldina-abre-agenda-para-visitas-guiadas\\\/#respond\"]}]},{\"@type\":\"WebPage\",\"@id\":\"https:\\\/\\\/marcelolopes.jor.br\\\/site\\\/2026\\\/03\\\/24\\\/casa-da-memoria-de-leopoldina-abre-agenda-para-visitas-guiadas\\\/\",\"url\":\"https:\\\/\\\/marcelolopes.jor.br\\\/site\\\/2026\\\/03\\\/24\\\/casa-da-memoria-de-leopoldina-abre-agenda-para-visitas-guiadas\\\/\",\"name\":\"Casa da Mem\u00f3ria de Leopoldina abre agenda para visitas guiadas | Marcelo Lopes\",\"isPartOf\":{\"@id\":\"https:\\\/\\\/marcelolopes.jor.br\\\/site\\\/#website\"},\"primaryImageOfPage\":{\"@id\":\"https:\\\/\\\/marcelolopes.jor.br\\\/site\\\/2026\\\/03\\\/24\\\/casa-da-memoria-de-leopoldina-abre-agenda-para-visitas-guiadas\\\/#primaryimage\"},\"image\":{\"@id\":\"https:\\\/\\\/marcelolopes.jor.br\\\/site\\\/2026\\\/03\\\/24\\\/casa-da-memoria-de-leopoldina-abre-agenda-para-visitas-guiadas\\\/#primaryimage\"},\"thumbnailUrl\":\"https:\\\/\\\/marcelolopes.jor.br\\\/site\\\/wp-content\\\/uploads\\\/2026\\\/03\\\/image001.jpg\",\"datePublished\":\"2026-03-24T10:00:52+00:00\",\"description\":\"Casa da Mem\u00f3ria de Leopoldina abre agenda para visitas guiadas. Reservas devem ser feitas pelo aplicativo, garantindo uma experi\u00eancia...\",\"breadcrumb\":{\"@id\":\"https:\\\/\\\/marcelolopes.jor.br\\\/site\\\/2026\\\/03\\\/24\\\/casa-da-memoria-de-leopoldina-abre-agenda-para-visitas-guiadas\\\/#breadcrumb\"},\"inLanguage\":\"pt-BR\",\"potentialAction\":[{\"@type\":\"ReadAction\",\"target\":[\"https:\\\/\\\/marcelolopes.jor.br\\\/site\\\/2026\\\/03\\\/24\\\/casa-da-memoria-de-leopoldina-abre-agenda-para-visitas-guiadas\\\/\"]}]},{\"@type\":\"ImageObject\",\"inLanguage\":\"pt-BR\",\"@id\":\"https:\\\/\\\/marcelolopes.jor.br\\\/site\\\/2026\\\/03\\\/24\\\/casa-da-memoria-de-leopoldina-abre-agenda-para-visitas-guiadas\\\/#primaryimage\",\"url\":\"https:\\\/\\\/marcelolopes.jor.br\\\/site\\\/wp-content\\\/uploads\\\/2026\\\/03\\\/image001.jpg\",\"contentUrl\":\"https:\\\/\\\/marcelolopes.jor.br\\\/site\\\/wp-content\\\/uploads\\\/2026\\\/03\\\/image001.jpg\",\"width\":1600,\"height\":937,\"caption\":\"Casa da Mem\u00f3ria de\"},{\"@type\":\"BreadcrumbList\",\"@id\":\"https:\\\/\\\/marcelolopes.jor.br\\\/site\\\/2026\\\/03\\\/24\\\/casa-da-memoria-de-leopoldina-abre-agenda-para-visitas-guiadas\\\/#breadcrumb\",\"itemListElement\":[{\"@type\":\"ListItem\",\"position\":1,\"name\":\"Home\",\"item\":\"https:\\\/\\\/marcelolopes.jor.br\\\/site\\\/\"},{\"@type\":\"ListItem\",\"position\":2,\"name\":\"Casa da Mem\u00f3ria de Leopoldina abre agenda para visitas guiadas\"}]},{\"@type\":\"WebSite\",\"@id\":\"https:\\\/\\\/marcelolopes.jor.br\\\/site\\\/#website\",\"url\":\"https:\\\/\\\/marcelolopes.jor.br\\\/site\\\/\",\"name\":\"Marcelo Lopes\",\"description\":\"Not\u00edcias de Cataguases e Regi\u00e3o\",\"publisher\":{\"@id\":\"https:\\\/\\\/marcelolopes.jor.br\\\/site\\\/#organization\"},\"potentialAction\":[{\"@type\":\"SearchAction\",\"target\":{\"@type\":\"EntryPoint\",\"urlTemplate\":\"https:\\\/\\\/marcelolopes.jor.br\\\/site\\\/?s={search_term_string}\"},\"query-input\":{\"@type\":\"PropertyValueSpecification\",\"valueRequired\":true,\"valueName\":\"search_term_string\"}}],\"inLanguage\":\"pt-BR\"},{\"@type\":\"Organization\",\"@id\":\"https:\\\/\\\/marcelolopes.jor.br\\\/site\\\/#organization\",\"name\":\"Site do Marcelo Lopes\",\"url\":\"https:\\\/\\\/marcelolopes.jor.br\\\/site\\\/\",\"logo\":{\"@type\":\"ImageObject\",\"inLanguage\":\"pt-BR\",\"@id\":\"https:\\\/\\\/marcelolopes.jor.br\\\/site\\\/#\\\/schema\\\/logo\\\/image\\\/\",\"url\":\"https:\\\/\\\/marcelolopes.jor.br\\\/site\\\/wp-content\\\/uploads\\\/2024\\\/11\\\/logo-1.png\",\"contentUrl\":\"https:\\\/\\\/marcelolopes.jor.br\\\/site\\\/wp-content\\\/uploads\\\/2024\\\/11\\\/logo-1.png\",\"width\":475,\"height\":80,\"caption\":\"Site do Marcelo Lopes\"},\"image\":{\"@id\":\"https:\\\/\\\/marcelolopes.jor.br\\\/site\\\/#\\\/schema\\\/logo\\\/image\\\/\"},\"sameAs\":[\"https:\\\/\\\/www.facebook.com\\\/sitedomarcelolopes\",\"https:\\\/\\\/www.instagram.com\\\/sitedomarcelolopes\\\/\",\"https:\\\/\\\/www.linkedin.com\\\/company\\\/site-do-marcelo-lopes\\\/\",\"https:\\\/\\\/www.youtube.com\\\/user\\\/marcelolopes957\"]},{\"@type\":\"Person\",\"@id\":\"https:\\\/\\\/marcelolopes.jor.br\\\/site\\\/#\\\/schema\\\/person\\\/3e7216a35c34d8fdf952b31da3d1f89f\",\"name\":\"Marcelo Lopes\",\"sameAs\":[\"http:\\\/\\\/www.marcelolopes.jor.br\"],\"url\":\"https:\\\/\\\/marcelolopes.jor.br\\\/site\\\/author\\\/marcelo\\\/\"}]}<\/script>\n<!-- \/ Yoast SEO plugin. -->","yoast_head_json":{"title":"Casa da Mem\u00f3ria de Leopoldina abre agenda para visitas guiadas | Marcelo Lopes","description":"Casa da Mem\u00f3ria de Leopoldina abre agenda para visitas guiadas. Reservas devem ser feitas pelo aplicativo, garantindo uma experi\u00eancia...","robots":{"index":"index","follow":"follow","max-snippet":"max-snippet:-1","max-image-preview":"max-image-preview:large","max-video-preview":"max-video-preview:-1"},"canonical":"https:\/\/marcelolopes.jor.br\/site\/2026\/03\/24\/casa-da-memoria-de-leopoldina-abre-agenda-para-visitas-guiadas\/","og_locale":"pt_BR","og_type":"article","og_title":"Casa da Mem\u00f3ria de Leopoldina abre agenda para visitas guiadas | Marcelo Lopes","og_description":"Casa da Mem\u00f3ria de Leopoldina abre agenda para visitas guiadas. Reservas devem ser feitas pelo aplicativo, garantindo uma experi\u00eancia...","og_url":"https:\/\/marcelolopes.jor.br\/site\/2026\/03\/24\/casa-da-memoria-de-leopoldina-abre-agenda-para-visitas-guiadas\/","og_site_name":"Marcelo Lopes","article_publisher":"https:\/\/www.facebook.com\/sitedomarcelolopes","article_published_time":"2026-03-24T10:00:52+00:00","og_image":[{"width":1600,"height":937,"url":"https:\/\/marcelolopes.jor.br\/site\/wp-content\/uploads\/2026\/03\/image001.jpg","type":"image\/jpeg"}],"author":"Marcelo Lopes","twitter_card":"summary_large_image","twitter_misc":{"Escrito por":"Marcelo Lopes","Est. tempo de leitura":"2 minutos"},"schema":{"@context":"https:\/\/schema.org","@graph":[{"@type":"NewsArticle","@id":"https:\/\/marcelolopes.jor.br\/site\/2026\/03\/24\/casa-da-memoria-de-leopoldina-abre-agenda-para-visitas-guiadas\/#article","isPartOf":{"@id":"https:\/\/marcelolopes.jor.br\/site\/2026\/03\/24\/casa-da-memoria-de-leopoldina-abre-agenda-para-visitas-guiadas\/"},"author":{"name":"Marcelo Lopes","@id":"https:\/\/marcelolopes.jor.br\/site\/#\/schema\/person\/3e7216a35c34d8fdf952b31da3d1f89f"},"headline":"Casa da Mem\u00f3ria de Leopoldina abre agenda para visitas guiadas","datePublished":"2026-03-24T10:00:52+00:00","mainEntityOfPage":{"@id":"https:\/\/marcelolopes.jor.br\/site\/2026\/03\/24\/casa-da-memoria-de-leopoldina-abre-agenda-para-visitas-guiadas\/"},"wordCount":382,"commentCount":0,"publisher":{"@id":"https:\/\/marcelolopes.jor.br\/site\/#organization"},"image":{"@id":"https:\/\/marcelolopes.jor.br\/site\/2026\/03\/24\/casa-da-memoria-de-leopoldina-abre-agenda-para-visitas-guiadas\/#primaryimage"},"thumbnailUrl":"https:\/\/marcelolopes.jor.br\/site\/wp-content\/uploads\/2026\/03\/image001.jpg","articleSection":["Not\u00edcias"],"inLanguage":"pt-BR","potentialAction":[{"@type":"CommentAction","name":"Comment","target":["https:\/\/marcelolopes.jor.br\/site\/2026\/03\/24\/casa-da-memoria-de-leopoldina-abre-agenda-para-visitas-guiadas\/#respond"]}]},{"@type":"WebPage","@id":"https:\/\/marcelolopes.jor.br\/site\/2026\/03\/24\/casa-da-memoria-de-leopoldina-abre-agenda-para-visitas-guiadas\/","url":"https:\/\/marcelolopes.jor.br\/site\/2026\/03\/24\/casa-da-memoria-de-leopoldina-abre-agenda-para-visitas-guiadas\/","name":"Casa da Mem\u00f3ria de Leopoldina abre agenda para visitas guiadas | Marcelo Lopes","isPartOf":{"@id":"https:\/\/marcelolopes.jor.br\/site\/#website"},"primaryImageOfPage":{"@id":"https:\/\/marcelolopes.jor.br\/site\/2026\/03\/24\/casa-da-memoria-de-leopoldina-abre-agenda-para-visitas-guiadas\/#primaryimage"},"image":{"@id":"https:\/\/marcelolopes.jor.br\/site\/2026\/03\/24\/casa-da-memoria-de-leopoldina-abre-agenda-para-visitas-guiadas\/#primaryimage"},"thumbnailUrl":"https:\/\/marcelolopes.jor.br\/site\/wp-content\/uploads\/2026\/03\/image001.jpg","datePublished":"2026-03-24T10:00:52+00:00","description":"Casa da Mem\u00f3ria de Leopoldina abre agenda para visitas guiadas. Reservas devem ser feitas pelo aplicativo, garantindo uma experi\u00eancia...","breadcrumb":{"@id":"https:\/\/marcelolopes.jor.br\/site\/2026\/03\/24\/casa-da-memoria-de-leopoldina-abre-agenda-para-visitas-guiadas\/#breadcrumb"},"inLanguage":"pt-BR","potentialAction":[{"@type":"ReadAction","target":["https:\/\/marcelolopes.jor.br\/site\/2026\/03\/24\/casa-da-memoria-de-leopoldina-abre-agenda-para-visitas-guiadas\/"]}]},{"@type":"ImageObject","inLanguage":"pt-BR","@id":"https:\/\/marcelolopes.jor.br\/site\/2026\/03\/24\/casa-da-memoria-de-leopoldina-abre-agenda-para-visitas-guiadas\/#primaryimage","url":"https:\/\/marcelolopes.jor.br\/site\/wp-content\/uploads\/2026\/03\/image001.jpg","contentUrl":"https:\/\/marcelolopes.jor.br\/site\/wp-content\/uploads\/2026\/03\/image001.jpg","width":1600,"height":937,"caption":"Casa da Mem\u00f3ria de"},{"@type":"BreadcrumbList","@id":"https:\/\/marcelolopes.jor.br\/site\/2026\/03\/24\/casa-da-memoria-de-leopoldina-abre-agenda-para-visitas-guiadas\/#breadcrumb","itemListElement":[{"@type":"ListItem","position":1,"name":"Home","item":"https:\/\/marcelolopes.jor.br\/site\/"},{"@type":"ListItem","position":2,"name":"Casa da Mem\u00f3ria de Leopoldina abre agenda para visitas guiadas"}]},{"@type":"WebSite","@id":"https:\/\/marcelolopes.jor.br\/site\/#website","url":"https:\/\/marcelolopes.jor.br\/site\/","name":"Marcelo Lopes","description":"Not\u00edcias de Cataguases e Regi\u00e3o","publisher":{"@id":"https:\/\/marcelolopes.jor.br\/site\/#organization"},"potentialAction":[{"@type":"SearchAction","target":{"@type":"EntryPoint","urlTemplate":"https:\/\/marcelolopes.jor.br\/site\/?s={search_term_string}"},"query-input":{"@type":"PropertyValueSpecification","valueRequired":true,"valueName":"search_term_string"}}],"inLanguage":"pt-BR"},{"@type":"Organization","@id":"https:\/\/marcelolopes.jor.br\/site\/#organization","name":"Site do Marcelo Lopes","url":"https:\/\/marcelolopes.jor.br\/site\/","logo":{"@type":"ImageObject","inLanguage":"pt-BR","@id":"https:\/\/marcelolopes.jor.br\/site\/#\/schema\/logo\/image\/","url":"https:\/\/marcelolopes.jor.br\/site\/wp-content\/uploads\/2024\/11\/logo-1.png","contentUrl":"https:\/\/marcelolopes.jor.br\/site\/wp-content\/uploads\/2024\/11\/logo-1.png","width":475,"height":80,"caption":"Site do Marcelo Lopes"},"image":{"@id":"https:\/\/marcelolopes.jor.br\/site\/#\/schema\/logo\/image\/"},"sameAs":["https:\/\/www.facebook.com\/sitedomarcelolopes","https:\/\/www.instagram.com\/sitedomarcelolopes\/","https:\/\/www.linkedin.com\/company\/site-do-marcelo-lopes\/","https:\/\/www.youtube.com\/user\/marcelolopes957"]},{"@type":"Person","@id":"https:\/\/marcelolopes.jor.br\/site\/#\/schema\/person\/3e7216a35c34d8fdf952b31da3d1f89f","name":"Marcelo Lopes","sameAs":["http:\/\/www.marcelolopes.jor.br"],"url":"https:\/\/marcelolopes.jor.br\/site\/author\/marcelo\/"}]}},"wps_subtitle":"Reservas devem ser feitas pelo aplicativo, garantindo uma experi\u00eancia personalizada.","_links":{"self":[{"href":"https:\/\/marcelolopes.jor.br\/site\/wp-json\/wp\/v2\/posts\/64696","targetHints":{"allow":["GET"]}}],"collection":[{"href":"https:\/\/marcelolopes.jor.br\/site\/wp-json\/wp\/v2\/posts"}],"about":[{"href":"https:\/\/marcelolopes.jor.br\/site\/wp-json\/wp\/v2\/types\/post"}],"author":[{"embeddable":true,"href":"https:\/\/marcelolopes.jor.br\/site\/wp-json\/wp\/v2\/users\/2"}],"replies":[{"embeddable":true,"href":"https:\/\/marcelolopes.jor.br\/site\/wp-json\/wp\/v2\/comments?post=64696"}],"version-history":[{"count":2,"href":"https:\/\/marcelolopes.jor.br\/site\/wp-json\/wp\/v2\/posts\/64696\/revisions"}],"predecessor-version":[{"id":64699,"href":"https:\/\/marcelolopes.jor.br\/site\/wp-json\/wp\/v2\/posts\/64696\/revisions\/64699"}],"wp:featuredmedia":[{"embeddable":true,"href":"https:\/\/marcelolopes.jor.br\/site\/wp-json\/wp\/v2\/media\/64697"}],"wp:attachment":[{"href":"https:\/\/marcelolopes.jor.br\/site\/wp-json\/wp\/v2\/media?parent=64696"}],"wp:term":[{"taxonomy":"category","embeddable":true,"href":"https:\/\/marcelolopes.jor.br\/site\/wp-json\/wp\/v2\/categories?post=64696"},{"taxonomy":"post_tag","embeddable":true,"href":"https:\/\/marcelolopes.jor.br\/site\/wp-json\/wp\/v2\/tags?post=64696"}],"curies":[{"name":"wp","href":"https:\/\/api.w.org\/{rel}","templated":true}]}}