{"id":64686,"date":"2026-03-23T16:00:17","date_gmt":"2026-03-23T19:00:17","guid":{"rendered":"https:\/\/marcelolopes.jor.br\/site\/?p=64686"},"modified":"2026-03-23T11:25:53","modified_gmt":"2026-03-23T14:25:53","slug":"mais-de-200-cooperados-participam-da-assembleia-geral-do-sicoob-coopemata","status":"publish","type":"post","link":"https:\/\/marcelolopes.jor.br\/site\/2026\/03\/23\/mais-de-200-cooperados-participam-da-assembleia-geral-do-sicoob-coopemata\/","title":{"rendered":"Mais de 200 cooperados participam da Assembleia Geral do Sicoob Coopemata"},"content":{"rendered":"<p>O Sicoob Coopemata realizou, na noite desta quarta-feira, 18 de mar\u00e7o, sua Assembleia Geral Ordin\u00e1ria (AGO), reunindo mais de 200 cooperados na casa de festas Manto Verde, em Cataguases. O encontro refor\u00e7ou um dos principais pilares do cooperativismo: a participa\u00e7\u00e3o ativa dos cooperados nas decis\u00f5es estrat\u00e9gicas da institui\u00e7\u00e3o.<!--more--><\/p>\n<h4 class=\"p1\"><span class=\"s1\">\ud83d\udcf8\u00a0<span style=\"color: #008000;\">Siga o Site do Marcelo Lopes no<\/span>\u00a0<span style=\"color: #800000;\"><a style=\"color: #800000;\" href=\"https:\/\/www.facebook.com\/sitedomarcelolopes\/\"><strong>Facebook<\/strong><\/a><\/span>\u00a0<span style=\"color: #008000;\">e no<\/span>\u00a0<span style=\"color: #800000;\"><strong><a style=\"color: #800000;\" href=\"https:\/\/www.instagram.com\/sitedomarcelolopes\/\">Instagram<\/a><\/strong><\/span><\/span><\/h4>\n<h4 class=\"p1\">\ud83d\udcf1<span style=\"color: #008000;\">Participe do grupo de<\/span>\u00a0<span style=\"color: #800000;\"><a style=\"color: #800000;\" href=\"https:\/\/chat.whatsapp.com\/BibzcI1ibYSKytbdyzubLA\"><strong>WhatsApp<\/strong><\/a><\/span> <span style=\"color: #008000;\">do Site do Marcelo Lopes<\/span><\/h4>\n<p>Antes da abertura oficial, o p\u00fablico assistiu a uma apresenta\u00e7\u00e3o especial de canto realizada por alunos do Centro Cultural Sicoob Coopemata, evidenciando o compromisso da cooperativa com o desenvolvimento social e cultural das comunidades onde atua.<\/p>\n<p><img loading=\"lazy\" decoding=\"async\" class=\"aligncenter wp-image-64690\" src=\"https:\/\/marcelolopes.jor.br\/site\/wp-content\/uploads\/2026\/03\/DSC07147-Grande-300x200.jpeg\" alt=\"Mais de 200 cooperados participam\" width=\"700\" height=\"466\" srcset=\"https:\/\/marcelolopes.jor.br\/site\/wp-content\/uploads\/2026\/03\/DSC07147-Grande-300x200.jpeg 300w, https:\/\/marcelolopes.jor.br\/site\/wp-content\/uploads\/2026\/03\/DSC07147-Grande-1024x682.jpeg 1024w, https:\/\/marcelolopes.jor.br\/site\/wp-content\/uploads\/2026\/03\/DSC07147-Grande-768x512.jpeg 768w, https:\/\/marcelolopes.jor.br\/site\/wp-content\/uploads\/2026\/03\/DSC07147-Grande-1200x800.jpeg 1200w, https:\/\/marcelolopes.jor.br\/site\/wp-content\/uploads\/2026\/03\/DSC07147-Grande.jpeg 1280w\" sizes=\"auto, (max-width: 700px) 100vw, 700px\" \/><\/p>\n<p>A assembleia foi conduzida por Gustavo Almeida, coordenador da Unidade de Desenvolvimento Cooperativista, e contou com a presen\u00e7a da mesa diretora composta pelo Presidente do Conselho de Administra\u00e7\u00e3o, C\u00e9sar Augusto Mattos; Vice-Presidente, Camilo Crist\u00f3v\u00e3o Vicente; Diretor Comercial, Nei Coeli; Diretor Administrativo e de Riscos, Vinicius do Vale; Diretora de Opera\u00e7\u00f5es, Cristiane Lacerda Lima Mazini, e por Vanessa Lacerda Alves Fajardo, nomeada como Diretora de Pessoas, Cultura e Sustentabilidade.<\/p>\n<p>Durante a assembleia, foram apresentados e deliberados importantes temas, como a presta\u00e7\u00e3o de contas do exerc\u00edcio de 2025, incluindo relat\u00f3rio da administra\u00e7\u00e3o, balan\u00e7o geral e demonstra\u00e7\u00f5es financeiras, al\u00e9m da destina\u00e7\u00e3o dos resultados, aplica\u00e7\u00e3o do FATES (Fundo de Assist\u00eancia T\u00e9cnica, Educacional e Social) e defini\u00e7\u00e3o de honor\u00e1rios da administra\u00e7\u00e3o.<\/p>\n<p><img loading=\"lazy\" decoding=\"async\" class=\"alignleft wp-image-64692\" src=\"https:\/\/marcelolopes.jor.br\/site\/wp-content\/uploads\/2026\/03\/DSC07267-Grande-200x300.jpeg\" alt=\"Mais de 200 cooperados participam\" width=\"190\" height=\"283\" \/><\/p>\n<p>Um dos destaques da noite foi a elei\u00e7\u00e3o dos membros do Conselho de Administra\u00e7\u00e3o para o mandato de 2026 a 2030. Foram eleitos para compor o Conselho os cooperados C\u00e9sar Augusto Mattos, Camilo Crist\u00f3v\u00e3o Vicente, Maria In\u00eas Oliveira Dal Bianco, Mauro Fachini Gomes e Geraldo Majella Mazini, refor\u00e7ando a continuidade da gest\u00e3o e o compromisso com o crescimento sustent\u00e1vel da cooperativa.<\/p>\n<p>A AGO tamb\u00e9m reafirmou o posicionamento do Sicoob Coopemata em rela\u00e7\u00e3o \u00e0 sustentabilidade: o evento foi realizado mais uma vez com neutraliza\u00e7\u00e3o de carbono, fortalecendo as pr\u00e1ticas ambientais respons\u00e1veis da institui\u00e7\u00e3o.<\/p>\n<p>Outro ponto relevante foi o espa\u00e7o dedicado \u00e0 escuta dos cooperados. Ao todo, foram recebidas 53 manifesta\u00e7\u00f5es pr\u00e9vias entre sugest\u00f5es, d\u00favidas e elogios, que ser\u00e3o respondidas individualmente, refor\u00e7ando a transpar\u00eancia e o di\u00e1logo constante com os associados.<\/p>\n<p>Ao final, o evento foi marcado por um momento de confraterniza\u00e7\u00e3o entre os participantes, celebrando os resultados alcan\u00e7ados e fortalecendo o v\u00ednculo entre cooperativa e cooperados.<\/p>\n<p><img loading=\"lazy\" decoding=\"async\" class=\"aligncenter wp-image-64693\" src=\"https:\/\/marcelolopes.jor.br\/site\/wp-content\/uploads\/2026\/03\/DSC07721-Grande-300x197.jpeg\" alt=\"Mais de 200 cooperados participam\" width=\"700\" height=\"459\" srcset=\"https:\/\/marcelolopes.jor.br\/site\/wp-content\/uploads\/2026\/03\/DSC07721-Grande-300x197.jpeg 300w, https:\/\/marcelolopes.jor.br\/site\/wp-content\/uploads\/2026\/03\/DSC07721-Grande-1024x672.jpeg 1024w, https:\/\/marcelolopes.jor.br\/site\/wp-content\/uploads\/2026\/03\/DSC07721-Grande-768x504.jpeg 768w, https:\/\/marcelolopes.jor.br\/site\/wp-content\/uploads\/2026\/03\/DSC07721-Grande-1200x788.jpeg 1200w, https:\/\/marcelolopes.jor.br\/site\/wp-content\/uploads\/2026\/03\/DSC07721-Grande.jpeg 1280w\" sizes=\"auto, (max-width: 700px) 100vw, 700px\" \/> <img loading=\"lazy\" decoding=\"async\" class=\"aligncenter wp-image-64694\" src=\"https:\/\/marcelolopes.jor.br\/site\/wp-content\/uploads\/2026\/03\/DSC07609-Grande-300x197.jpeg\" alt=\"\" width=\"700\" height=\"459\" srcset=\"https:\/\/marcelolopes.jor.br\/site\/wp-content\/uploads\/2026\/03\/DSC07609-Grande-300x197.jpeg 300w, https:\/\/marcelolopes.jor.br\/site\/wp-content\/uploads\/2026\/03\/DSC07609-Grande-1024x672.jpeg 1024w, https:\/\/marcelolopes.jor.br\/site\/wp-content\/uploads\/2026\/03\/DSC07609-Grande-768x504.jpeg 768w, https:\/\/marcelolopes.jor.br\/site\/wp-content\/uploads\/2026\/03\/DSC07609-Grande-1200x788.jpeg 1200w, https:\/\/marcelolopes.jor.br\/site\/wp-content\/uploads\/2026\/03\/DSC07609-Grande.jpeg 1280w\" sizes=\"auto, (max-width: 700px) 100vw, 700px\" \/><\/p>\n<p><img loading=\"lazy\" decoding=\"async\" class=\"aligncenter wp-image-64691\" src=\"https:\/\/marcelolopes.jor.br\/site\/wp-content\/uploads\/2026\/03\/DSC07225-Grande-300x200.jpeg\" alt=\"\" width=\"700\" height=\"466\" srcset=\"https:\/\/marcelolopes.jor.br\/site\/wp-content\/uploads\/2026\/03\/DSC07225-Grande-300x200.jpeg 300w, https:\/\/marcelolopes.jor.br\/site\/wp-content\/uploads\/2026\/03\/DSC07225-Grande-1024x682.jpeg 1024w, https:\/\/marcelolopes.jor.br\/site\/wp-content\/uploads\/2026\/03\/DSC07225-Grande-768x512.jpeg 768w, https:\/\/marcelolopes.jor.br\/site\/wp-content\/uploads\/2026\/03\/DSC07225-Grande-1200x800.jpeg 1200w, https:\/\/marcelolopes.jor.br\/site\/wp-content\/uploads\/2026\/03\/DSC07225-Grande.jpeg 1280w\" sizes=\"auto, (max-width: 700px) 100vw, 700px\" \/><\/p>\n<p><strong>OUTRAS NOT\u00cdCIAS<\/strong><br \/>\n<a href=\"https:\/\/marcelolopes.jor.br\/site\/2026\/03\/03\/sicoob-coopemata-convida-associados-para-sua-assembleia-geral-ordinaria\/\"><strong><span style=\"color: #800000;\">Sicoob Coopemata convida associados para sua Assembleia Geral Ordin\u00e1ria<\/span><\/strong><\/a><\/p>\n<p><a href=\"https:\/\/marcelolopes.jor.br\/site\/2026\/02\/06\/sicoob-coopemata-mostra-suas-acoes-que-marcaram-2025\/\"><strong><span style=\"color: #800000;\">Sicoob Coopemata mostra suas a\u00e7\u00f5es que marcaram 2025<\/span><\/strong><\/a><\/p>\n<p>Fonte e foto: Sicoob Coopemata<\/p>\n<div class=\"wjvrh69f7648853eb4\" ><br><\/div><style type=\"text\/css\">\r\n@media screen and (min-width: 1201px) {\r\n.wjvrh69f7648853eb4 {\r\ndisplay: block;\r\n}\r\n}\r\n@media screen and (min-width: 993px) and (max-width: 1200px) {\r\n.wjvrh69f7648853eb4 {\r\ndisplay: block;\r\n}\r\n}\r\n@media screen and (min-width: 769px) and (max-width: 992px) {\r\n.wjvrh69f7648853eb4 {\r\ndisplay: block;\r\n}\r\n}\r\n@media screen and (min-width: 768px) and (max-width: 768px) {\r\n.wjvrh69f7648853eb4 {\r\ndisplay: block;\r\n}\r\n}\r\n@media screen and (max-width: 767px) {\r\n.wjvrh69f7648853eb4 {\r\ndisplay: block;\r\n}\r\n}\r\n<\/style>\r\n<div class=\"ijgvo69f7648859152\" ><div id=\"div_destino\"><\/div>\r\n<script src=\"https:\/\/cdn.snsrsv.com\/sdk.js\"><\/script>\r\n<script >\r\n      new sdk(\"464030C30061EA8BE065000000000001\") \r\n          .appendTo(\"div_destino\")\r\n          .disableStyle(true) \r\n          .setCacheBusterMacro(\"%%CACHEBUSTER%%\")\r\n          .setSize(\"800\",\"214\")\r\n          .setClickMacro(\"%%CLICK_URL_ESC%%\") \r\n          .setReferrerUrlMacro(\"%%REFERRER_URL_ESC%%\") \r\n          .start(); \r\n<\/script><\/div><style type=\"text\/css\">\r\n@media screen and (min-width: 1201px) {\r\n.ijgvo69f7648859152 {\r\ndisplay: block;\r\n}\r\n}\r\n@media screen and (min-width: 993px) and (max-width: 1200px) {\r\n.ijgvo69f7648859152 {\r\ndisplay: block;\r\n}\r\n}\r\n@media screen and (min-width: 769px) and (max-width: 992px) {\r\n.ijgvo69f7648859152 {\r\ndisplay: block;\r\n}\r\n}\r\n@media screen and (min-width: 768px) and (max-width: 768px) {\r\n.ijgvo69f7648859152 {\r\ndisplay: block;\r\n}\r\n}\r\n@media screen and (max-width: 767px) {\r\n.ijgvo69f7648859152 {\r\ndisplay: block;\r\n}\r\n}\r\n<\/style>\r\n","protected":false},"excerpt":{"rendered":"<p>O Sicoob Coopemata realizou, na noite desta quarta-feira, 18 de mar\u00e7o, sua Assembleia Geral Ordin\u00e1ria (AGO), reunindo mais de 200 cooperados na casa de festas Manto Verde, em Cataguases. O encontro refor\u00e7ou um dos principais pilares do cooperativismo: a participa\u00e7\u00e3o<\/p>\n<p class=\"link-more\"><a class=\"more-link\" href=\"https:\/\/marcelolopes.jor.br\/site\/2026\/03\/23\/mais-de-200-cooperados-participam-da-assembleia-geral-do-sicoob-coopemata\/\">Leia mais <span class=\"screen-reader-text\">Mais de 200 cooperados participam da Assembleia Geral do Sicoob Coopemata<\/span><\/a><\/p>\n","protected":false},"author":2,"featured_media":64689,"comment_status":"open","ping_status":"closed","sticky":false,"template":"","format":"standard","meta":{"footnotes":""},"categories":[1],"tags":[],"class_list":["post-64686","post","type-post","status-publish","format-standard","has-post-thumbnail","hentry","category-noticias","thumb-below-title"],"yoast_head":"<!-- This site is optimized with the Yoast SEO plugin v27.4 - https:\/\/yoast.com\/product\/yoast-seo-wordpress\/ -->\n<title>Mais de 200 cooperados participam da Assembleia Geral do<\/title>\n<meta name=\"description\" content=\"Mais de 200 cooperados participam da Assembleia Geral do Sicoob Coopemata. Evento em Cataguases teve apresenta\u00e7\u00e3o de canto dos alunos...\" \/>\n<meta name=\"robots\" content=\"index, follow, max-snippet:-1, max-image-preview:large, max-video-preview:-1\" \/>\n<link rel=\"canonical\" href=\"https:\/\/marcelolopes.jor.br\/site\/2026\/03\/23\/mais-de-200-cooperados-participam-da-assembleia-geral-do-sicoob-coopemata\/\" \/>\n<meta property=\"og:locale\" content=\"pt_BR\" \/>\n<meta property=\"og:type\" content=\"article\" \/>\n<meta property=\"og:title\" content=\"Mais de 200 cooperados participam da Assembleia Geral do\" \/>\n<meta property=\"og:description\" content=\"Mais de 200 cooperados participam da Assembleia Geral do Sicoob Coopemata. Evento em Cataguases teve apresenta\u00e7\u00e3o de canto dos alunos...\" \/>\n<meta property=\"og:url\" content=\"https:\/\/marcelolopes.jor.br\/site\/2026\/03\/23\/mais-de-200-cooperados-participam-da-assembleia-geral-do-sicoob-coopemata\/\" \/>\n<meta property=\"og:site_name\" content=\"Marcelo Lopes\" \/>\n<meta property=\"article:publisher\" content=\"https:\/\/www.facebook.com\/sitedomarcelolopes\" \/>\n<meta property=\"article:published_time\" content=\"2026-03-23T19:00:17+00:00\" \/>\n<meta property=\"og:image\" content=\"https:\/\/marcelolopes.jor.br\/site\/wp-content\/uploads\/2026\/03\/DSC07600-Grande.jpeg\" \/>\n\t<meta property=\"og:image:width\" content=\"1280\" \/>\n\t<meta property=\"og:image:height\" content=\"840\" \/>\n\t<meta property=\"og:image:type\" content=\"image\/jpeg\" \/>\n<meta name=\"author\" content=\"Marcelo Lopes\" \/>\n<meta name=\"twitter:card\" content=\"summary_large_image\" \/>\n<meta name=\"twitter:label1\" content=\"Escrito por\" \/>\n\t<meta name=\"twitter:data1\" content=\"Marcelo Lopes\" \/>\n\t<meta name=\"twitter:label2\" content=\"Est. tempo de leitura\" \/>\n\t<meta name=\"twitter:data2\" content=\"2 minutos\" \/>\n<script type=\"application\/ld+json\" class=\"yoast-schema-graph\">{\"@context\":\"https:\\\/\\\/schema.org\",\"@graph\":[{\"@type\":\"NewsArticle\",\"@id\":\"https:\\\/\\\/marcelolopes.jor.br\\\/site\\\/2026\\\/03\\\/23\\\/mais-de-200-cooperados-participam-da-assembleia-geral-do-sicoob-coopemata\\\/#article\",\"isPartOf\":{\"@id\":\"https:\\\/\\\/marcelolopes.jor.br\\\/site\\\/2026\\\/03\\\/23\\\/mais-de-200-cooperados-participam-da-assembleia-geral-do-sicoob-coopemata\\\/\"},\"author\":{\"name\":\"Marcelo Lopes\",\"@id\":\"https:\\\/\\\/marcelolopes.jor.br\\\/site\\\/#\\\/schema\\\/person\\\/3e7216a35c34d8fdf952b31da3d1f89f\"},\"headline\":\"Mais de 200 cooperados participam da Assembleia Geral do Sicoob Coopemata\",\"datePublished\":\"2026-03-23T19:00:17+00:00\",\"mainEntityOfPage\":{\"@id\":\"https:\\\/\\\/marcelolopes.jor.br\\\/site\\\/2026\\\/03\\\/23\\\/mais-de-200-cooperados-participam-da-assembleia-geral-do-sicoob-coopemata\\\/\"},\"wordCount\":460,\"commentCount\":0,\"publisher\":{\"@id\":\"https:\\\/\\\/marcelolopes.jor.br\\\/site\\\/#organization\"},\"image\":{\"@id\":\"https:\\\/\\\/marcelolopes.jor.br\\\/site\\\/2026\\\/03\\\/23\\\/mais-de-200-cooperados-participam-da-assembleia-geral-do-sicoob-coopemata\\\/#primaryimage\"},\"thumbnailUrl\":\"https:\\\/\\\/marcelolopes.jor.br\\\/site\\\/wp-content\\\/uploads\\\/2026\\\/03\\\/DSC07600-Grande.jpeg\",\"articleSection\":[\"Not\u00edcias\"],\"inLanguage\":\"pt-BR\",\"potentialAction\":[{\"@type\":\"CommentAction\",\"name\":\"Comment\",\"target\":[\"https:\\\/\\\/marcelolopes.jor.br\\\/site\\\/2026\\\/03\\\/23\\\/mais-de-200-cooperados-participam-da-assembleia-geral-do-sicoob-coopemata\\\/#respond\"]}]},{\"@type\":\"WebPage\",\"@id\":\"https:\\\/\\\/marcelolopes.jor.br\\\/site\\\/2026\\\/03\\\/23\\\/mais-de-200-cooperados-participam-da-assembleia-geral-do-sicoob-coopemata\\\/\",\"url\":\"https:\\\/\\\/marcelolopes.jor.br\\\/site\\\/2026\\\/03\\\/23\\\/mais-de-200-cooperados-participam-da-assembleia-geral-do-sicoob-coopemata\\\/\",\"name\":\"Mais de 200 cooperados participam da Assembleia Geral do\",\"isPartOf\":{\"@id\":\"https:\\\/\\\/marcelolopes.jor.br\\\/site\\\/#website\"},\"primaryImageOfPage\":{\"@id\":\"https:\\\/\\\/marcelolopes.jor.br\\\/site\\\/2026\\\/03\\\/23\\\/mais-de-200-cooperados-participam-da-assembleia-geral-do-sicoob-coopemata\\\/#primaryimage\"},\"image\":{\"@id\":\"https:\\\/\\\/marcelolopes.jor.br\\\/site\\\/2026\\\/03\\\/23\\\/mais-de-200-cooperados-participam-da-assembleia-geral-do-sicoob-coopemata\\\/#primaryimage\"},\"thumbnailUrl\":\"https:\\\/\\\/marcelolopes.jor.br\\\/site\\\/wp-content\\\/uploads\\\/2026\\\/03\\\/DSC07600-Grande.jpeg\",\"datePublished\":\"2026-03-23T19:00:17+00:00\",\"description\":\"Mais de 200 cooperados participam da Assembleia Geral do Sicoob Coopemata. Evento em Cataguases teve apresenta\u00e7\u00e3o de canto dos alunos...\",\"breadcrumb\":{\"@id\":\"https:\\\/\\\/marcelolopes.jor.br\\\/site\\\/2026\\\/03\\\/23\\\/mais-de-200-cooperados-participam-da-assembleia-geral-do-sicoob-coopemata\\\/#breadcrumb\"},\"inLanguage\":\"pt-BR\",\"potentialAction\":[{\"@type\":\"ReadAction\",\"target\":[\"https:\\\/\\\/marcelolopes.jor.br\\\/site\\\/2026\\\/03\\\/23\\\/mais-de-200-cooperados-participam-da-assembleia-geral-do-sicoob-coopemata\\\/\"]}]},{\"@type\":\"ImageObject\",\"inLanguage\":\"pt-BR\",\"@id\":\"https:\\\/\\\/marcelolopes.jor.br\\\/site\\\/2026\\\/03\\\/23\\\/mais-de-200-cooperados-participam-da-assembleia-geral-do-sicoob-coopemata\\\/#primaryimage\",\"url\":\"https:\\\/\\\/marcelolopes.jor.br\\\/site\\\/wp-content\\\/uploads\\\/2026\\\/03\\\/DSC07600-Grande.jpeg\",\"contentUrl\":\"https:\\\/\\\/marcelolopes.jor.br\\\/site\\\/wp-content\\\/uploads\\\/2026\\\/03\\\/DSC07600-Grande.jpeg\",\"width\":1280,\"height\":840,\"caption\":\"Mais de 200 cooperados participam\"},{\"@type\":\"BreadcrumbList\",\"@id\":\"https:\\\/\\\/marcelolopes.jor.br\\\/site\\\/2026\\\/03\\\/23\\\/mais-de-200-cooperados-participam-da-assembleia-geral-do-sicoob-coopemata\\\/#breadcrumb\",\"itemListElement\":[{\"@type\":\"ListItem\",\"position\":1,\"name\":\"Home\",\"item\":\"https:\\\/\\\/marcelolopes.jor.br\\\/site\\\/\"},{\"@type\":\"ListItem\",\"position\":2,\"name\":\"Mais de 200 cooperados participam da Assembleia Geral do Sicoob Coopemata\"}]},{\"@type\":\"WebSite\",\"@id\":\"https:\\\/\\\/marcelolopes.jor.br\\\/site\\\/#website\",\"url\":\"https:\\\/\\\/marcelolopes.jor.br\\\/site\\\/\",\"name\":\"Marcelo Lopes\",\"description\":\"Not\u00edcias de Cataguases e Regi\u00e3o\",\"publisher\":{\"@id\":\"https:\\\/\\\/marcelolopes.jor.br\\\/site\\\/#organization\"},\"potentialAction\":[{\"@type\":\"SearchAction\",\"target\":{\"@type\":\"EntryPoint\",\"urlTemplate\":\"https:\\\/\\\/marcelolopes.jor.br\\\/site\\\/?s={search_term_string}\"},\"query-input\":{\"@type\":\"PropertyValueSpecification\",\"valueRequired\":true,\"valueName\":\"search_term_string\"}}],\"inLanguage\":\"pt-BR\"},{\"@type\":\"Organization\",\"@id\":\"https:\\\/\\\/marcelolopes.jor.br\\\/site\\\/#organization\",\"name\":\"Site do Marcelo Lopes\",\"url\":\"https:\\\/\\\/marcelolopes.jor.br\\\/site\\\/\",\"logo\":{\"@type\":\"ImageObject\",\"inLanguage\":\"pt-BR\",\"@id\":\"https:\\\/\\\/marcelolopes.jor.br\\\/site\\\/#\\\/schema\\\/logo\\\/image\\\/\",\"url\":\"https:\\\/\\\/marcelolopes.jor.br\\\/site\\\/wp-content\\\/uploads\\\/2024\\\/11\\\/logo-1.png\",\"contentUrl\":\"https:\\\/\\\/marcelolopes.jor.br\\\/site\\\/wp-content\\\/uploads\\\/2024\\\/11\\\/logo-1.png\",\"width\":475,\"height\":80,\"caption\":\"Site do Marcelo Lopes\"},\"image\":{\"@id\":\"https:\\\/\\\/marcelolopes.jor.br\\\/site\\\/#\\\/schema\\\/logo\\\/image\\\/\"},\"sameAs\":[\"https:\\\/\\\/www.facebook.com\\\/sitedomarcelolopes\",\"https:\\\/\\\/www.instagram.com\\\/sitedomarcelolopes\\\/\",\"https:\\\/\\\/www.linkedin.com\\\/company\\\/site-do-marcelo-lopes\\\/\",\"https:\\\/\\\/www.youtube.com\\\/user\\\/marcelolopes957\"]},{\"@type\":\"Person\",\"@id\":\"https:\\\/\\\/marcelolopes.jor.br\\\/site\\\/#\\\/schema\\\/person\\\/3e7216a35c34d8fdf952b31da3d1f89f\",\"name\":\"Marcelo Lopes\",\"sameAs\":[\"http:\\\/\\\/www.marcelolopes.jor.br\"],\"url\":\"https:\\\/\\\/marcelolopes.jor.br\\\/site\\\/author\\\/marcelo\\\/\"}]}<\/script>\n<!-- \/ Yoast SEO plugin. -->","yoast_head_json":{"title":"Mais de 200 cooperados participam da Assembleia Geral do","description":"Mais de 200 cooperados participam da Assembleia Geral do Sicoob Coopemata. Evento em Cataguases teve apresenta\u00e7\u00e3o de canto dos alunos...","robots":{"index":"index","follow":"follow","max-snippet":"max-snippet:-1","max-image-preview":"max-image-preview:large","max-video-preview":"max-video-preview:-1"},"canonical":"https:\/\/marcelolopes.jor.br\/site\/2026\/03\/23\/mais-de-200-cooperados-participam-da-assembleia-geral-do-sicoob-coopemata\/","og_locale":"pt_BR","og_type":"article","og_title":"Mais de 200 cooperados participam da Assembleia Geral do","og_description":"Mais de 200 cooperados participam da Assembleia Geral do Sicoob Coopemata. Evento em Cataguases teve apresenta\u00e7\u00e3o de canto dos alunos...","og_url":"https:\/\/marcelolopes.jor.br\/site\/2026\/03\/23\/mais-de-200-cooperados-participam-da-assembleia-geral-do-sicoob-coopemata\/","og_site_name":"Marcelo Lopes","article_publisher":"https:\/\/www.facebook.com\/sitedomarcelolopes","article_published_time":"2026-03-23T19:00:17+00:00","og_image":[{"width":1280,"height":840,"url":"https:\/\/marcelolopes.jor.br\/site\/wp-content\/uploads\/2026\/03\/DSC07600-Grande.jpeg","type":"image\/jpeg"}],"author":"Marcelo Lopes","twitter_card":"summary_large_image","twitter_misc":{"Escrito por":"Marcelo Lopes","Est. tempo de leitura":"2 minutos"},"schema":{"@context":"https:\/\/schema.org","@graph":[{"@type":"NewsArticle","@id":"https:\/\/marcelolopes.jor.br\/site\/2026\/03\/23\/mais-de-200-cooperados-participam-da-assembleia-geral-do-sicoob-coopemata\/#article","isPartOf":{"@id":"https:\/\/marcelolopes.jor.br\/site\/2026\/03\/23\/mais-de-200-cooperados-participam-da-assembleia-geral-do-sicoob-coopemata\/"},"author":{"name":"Marcelo Lopes","@id":"https:\/\/marcelolopes.jor.br\/site\/#\/schema\/person\/3e7216a35c34d8fdf952b31da3d1f89f"},"headline":"Mais de 200 cooperados participam da Assembleia Geral do Sicoob Coopemata","datePublished":"2026-03-23T19:00:17+00:00","mainEntityOfPage":{"@id":"https:\/\/marcelolopes.jor.br\/site\/2026\/03\/23\/mais-de-200-cooperados-participam-da-assembleia-geral-do-sicoob-coopemata\/"},"wordCount":460,"commentCount":0,"publisher":{"@id":"https:\/\/marcelolopes.jor.br\/site\/#organization"},"image":{"@id":"https:\/\/marcelolopes.jor.br\/site\/2026\/03\/23\/mais-de-200-cooperados-participam-da-assembleia-geral-do-sicoob-coopemata\/#primaryimage"},"thumbnailUrl":"https:\/\/marcelolopes.jor.br\/site\/wp-content\/uploads\/2026\/03\/DSC07600-Grande.jpeg","articleSection":["Not\u00edcias"],"inLanguage":"pt-BR","potentialAction":[{"@type":"CommentAction","name":"Comment","target":["https:\/\/marcelolopes.jor.br\/site\/2026\/03\/23\/mais-de-200-cooperados-participam-da-assembleia-geral-do-sicoob-coopemata\/#respond"]}]},{"@type":"WebPage","@id":"https:\/\/marcelolopes.jor.br\/site\/2026\/03\/23\/mais-de-200-cooperados-participam-da-assembleia-geral-do-sicoob-coopemata\/","url":"https:\/\/marcelolopes.jor.br\/site\/2026\/03\/23\/mais-de-200-cooperados-participam-da-assembleia-geral-do-sicoob-coopemata\/","name":"Mais de 200 cooperados participam da Assembleia Geral do","isPartOf":{"@id":"https:\/\/marcelolopes.jor.br\/site\/#website"},"primaryImageOfPage":{"@id":"https:\/\/marcelolopes.jor.br\/site\/2026\/03\/23\/mais-de-200-cooperados-participam-da-assembleia-geral-do-sicoob-coopemata\/#primaryimage"},"image":{"@id":"https:\/\/marcelolopes.jor.br\/site\/2026\/03\/23\/mais-de-200-cooperados-participam-da-assembleia-geral-do-sicoob-coopemata\/#primaryimage"},"thumbnailUrl":"https:\/\/marcelolopes.jor.br\/site\/wp-content\/uploads\/2026\/03\/DSC07600-Grande.jpeg","datePublished":"2026-03-23T19:00:17+00:00","description":"Mais de 200 cooperados participam da Assembleia Geral do Sicoob Coopemata. Evento em Cataguases teve apresenta\u00e7\u00e3o de canto dos alunos...","breadcrumb":{"@id":"https:\/\/marcelolopes.jor.br\/site\/2026\/03\/23\/mais-de-200-cooperados-participam-da-assembleia-geral-do-sicoob-coopemata\/#breadcrumb"},"inLanguage":"pt-BR","potentialAction":[{"@type":"ReadAction","target":["https:\/\/marcelolopes.jor.br\/site\/2026\/03\/23\/mais-de-200-cooperados-participam-da-assembleia-geral-do-sicoob-coopemata\/"]}]},{"@type":"ImageObject","inLanguage":"pt-BR","@id":"https:\/\/marcelolopes.jor.br\/site\/2026\/03\/23\/mais-de-200-cooperados-participam-da-assembleia-geral-do-sicoob-coopemata\/#primaryimage","url":"https:\/\/marcelolopes.jor.br\/site\/wp-content\/uploads\/2026\/03\/DSC07600-Grande.jpeg","contentUrl":"https:\/\/marcelolopes.jor.br\/site\/wp-content\/uploads\/2026\/03\/DSC07600-Grande.jpeg","width":1280,"height":840,"caption":"Mais de 200 cooperados participam"},{"@type":"BreadcrumbList","@id":"https:\/\/marcelolopes.jor.br\/site\/2026\/03\/23\/mais-de-200-cooperados-participam-da-assembleia-geral-do-sicoob-coopemata\/#breadcrumb","itemListElement":[{"@type":"ListItem","position":1,"name":"Home","item":"https:\/\/marcelolopes.jor.br\/site\/"},{"@type":"ListItem","position":2,"name":"Mais de 200 cooperados participam da Assembleia Geral do Sicoob Coopemata"}]},{"@type":"WebSite","@id":"https:\/\/marcelolopes.jor.br\/site\/#website","url":"https:\/\/marcelolopes.jor.br\/site\/","name":"Marcelo Lopes","description":"Not\u00edcias de Cataguases e Regi\u00e3o","publisher":{"@id":"https:\/\/marcelolopes.jor.br\/site\/#organization"},"potentialAction":[{"@type":"SearchAction","target":{"@type":"EntryPoint","urlTemplate":"https:\/\/marcelolopes.jor.br\/site\/?s={search_term_string}"},"query-input":{"@type":"PropertyValueSpecification","valueRequired":true,"valueName":"search_term_string"}}],"inLanguage":"pt-BR"},{"@type":"Organization","@id":"https:\/\/marcelolopes.jor.br\/site\/#organization","name":"Site do Marcelo Lopes","url":"https:\/\/marcelolopes.jor.br\/site\/","logo":{"@type":"ImageObject","inLanguage":"pt-BR","@id":"https:\/\/marcelolopes.jor.br\/site\/#\/schema\/logo\/image\/","url":"https:\/\/marcelolopes.jor.br\/site\/wp-content\/uploads\/2024\/11\/logo-1.png","contentUrl":"https:\/\/marcelolopes.jor.br\/site\/wp-content\/uploads\/2024\/11\/logo-1.png","width":475,"height":80,"caption":"Site do Marcelo Lopes"},"image":{"@id":"https:\/\/marcelolopes.jor.br\/site\/#\/schema\/logo\/image\/"},"sameAs":["https:\/\/www.facebook.com\/sitedomarcelolopes","https:\/\/www.instagram.com\/sitedomarcelolopes\/","https:\/\/www.linkedin.com\/company\/site-do-marcelo-lopes\/","https:\/\/www.youtube.com\/user\/marcelolopes957"]},{"@type":"Person","@id":"https:\/\/marcelolopes.jor.br\/site\/#\/schema\/person\/3e7216a35c34d8fdf952b31da3d1f89f","name":"Marcelo Lopes","sameAs":["http:\/\/www.marcelolopes.jor.br"],"url":"https:\/\/marcelolopes.jor.br\/site\/author\/marcelo\/"}]}},"wps_subtitle":"Evento em Cataguases teve apresenta\u00e7\u00e3o de canto dos alunos do Centro Cultural Sicoob Coopemata.","_links":{"self":[{"href":"https:\/\/marcelolopes.jor.br\/site\/wp-json\/wp\/v2\/posts\/64686","targetHints":{"allow":["GET"]}}],"collection":[{"href":"https:\/\/marcelolopes.jor.br\/site\/wp-json\/wp\/v2\/posts"}],"about":[{"href":"https:\/\/marcelolopes.jor.br\/site\/wp-json\/wp\/v2\/types\/post"}],"author":[{"embeddable":true,"href":"https:\/\/marcelolopes.jor.br\/site\/wp-json\/wp\/v2\/users\/2"}],"replies":[{"embeddable":true,"href":"https:\/\/marcelolopes.jor.br\/site\/wp-json\/wp\/v2\/comments?post=64686"}],"version-history":[{"count":3,"href":"https:\/\/marcelolopes.jor.br\/site\/wp-json\/wp\/v2\/posts\/64686\/revisions"}],"predecessor-version":[{"id":64695,"href":"https:\/\/marcelolopes.jor.br\/site\/wp-json\/wp\/v2\/posts\/64686\/revisions\/64695"}],"wp:featuredmedia":[{"embeddable":true,"href":"https:\/\/marcelolopes.jor.br\/site\/wp-json\/wp\/v2\/media\/64689"}],"wp:attachment":[{"href":"https:\/\/marcelolopes.jor.br\/site\/wp-json\/wp\/v2\/media?parent=64686"}],"wp:term":[{"taxonomy":"category","embeddable":true,"href":"https:\/\/marcelolopes.jor.br\/site\/wp-json\/wp\/v2\/categories?post=64686"},{"taxonomy":"post_tag","embeddable":true,"href":"https:\/\/marcelolopes.jor.br\/site\/wp-json\/wp\/v2\/tags?post=64686"}],"curies":[{"name":"wp","href":"https:\/\/api.w.org\/{rel}","templated":true}]}}