{"id":64681,"date":"2026-03-23T12:00:59","date_gmt":"2026-03-23T15:00:59","guid":{"rendered":"https:\/\/marcelolopes.jor.br\/site\/?p=64681"},"modified":"2026-03-23T10:38:23","modified_gmt":"2026-03-23T13:38:23","slug":"fiscalizacao-ambiental-divulga-balanco-do-primeiro-trimestre","status":"publish","type":"post","link":"https:\/\/marcelolopes.jor.br\/site\/2026\/03\/23\/fiscalizacao-ambiental-divulga-balanco-do-primeiro-trimestre\/","title":{"rendered":"Fiscaliza\u00e7\u00e3o Ambiental divulga balan\u00e7o do primeiro trimestre"},"content":{"rendered":"<p>A Secretaria Municipal de Agricultura e Meio Ambiente (SAMA) de Cataguases apresentou, na \u00faltima semana, o balan\u00e7o das fiscaliza\u00e7\u00f5es realizadas neste primeiro trimestre. O documento enfatiza medidas voltadas \u00e0 orienta\u00e7\u00e3o e preven\u00e7\u00e3o, sem deixar de lado o cumprimento da legisla\u00e7\u00e3o ambiental.<!--more--><\/p>\n<h4 class=\"p1\"><span class=\"s1\">\ud83d\udcf8\u00a0<span style=\"color: #008000;\">Siga o Site do Marcelo Lopes no<\/span>\u00a0<span style=\"color: #800000;\"><a style=\"color: #800000;\" href=\"https:\/\/www.facebook.com\/sitedomarcelolopes\/\"><strong>Facebook<\/strong><\/a><\/span>\u00a0<span style=\"color: #008000;\">e no<\/span>\u00a0<span style=\"color: #800000;\"><strong><a style=\"color: #800000;\" href=\"https:\/\/www.instagram.com\/sitedomarcelolopes\/\">Instagram<\/a><\/strong><\/span><\/span><\/h4>\n<h4 class=\"p1\">\ud83d\udcf1<span style=\"color: #008000;\">Participe do grupo de<\/span>\u00a0<span style=\"color: #800000;\"><a style=\"color: #800000;\" href=\"https:\/\/chat.whatsapp.com\/BibzcI1ibYSKytbdyzubLA\"><strong>WhatsApp<\/strong><\/a><\/span> <span style=\"color: #008000;\">do Site do Marcelo Lopes<\/span><\/h4>\n<p>De acordo com o levantamento, foram emitidos 26 autos de notifica\u00e7\u00e3o \u2014 etapa inicial com car\u00e1ter educativo e preventivo \u2014 e 14 autos de infra\u00e7\u00e3o, aplicados nos casos em que as irregularidades persistiram. Tamb\u00e9m foram registrados dois embargos, al\u00e9m de tr\u00eas obras que seguem paralisadas por interven\u00e7\u00e3o em \u00c1reas de Preserva\u00e7\u00e3o Permanente (APP).<\/p>\n<p>As principais ocorr\u00eancias atendidas pela fiscaliza\u00e7\u00e3o envolveram a verifica\u00e7\u00e3o de documenta\u00e7\u00e3o e licen\u00e7as ambientais, o acompanhamento de condicionantes, al\u00e9m de a\u00e7\u00f5es relacionadas \u00e0 poda e supress\u00e3o de vegeta\u00e7\u00e3o, interven\u00e7\u00f5es em APP, descarte irregular de res\u00edduos e apura\u00e7\u00e3o de den\u00fancias ambientais.<\/p>\n<p>No campo financeiro, o total de multas aplicadas soma R$ 55.117,15. Ap\u00f3s a an\u00e1lise de recursos administrativos, o valor consolidado chega a R$ 50.613,75. Parte desses recursos &#8211; conforme explicou Rafael Nogueira, titular daquela Secretaria &#8211; \u00e9 destinada ao Fundo Municipal de Meio Ambiente, contribuindo para investimentos em a\u00e7\u00f5es ambientais, aquisi\u00e7\u00e3o de equipamentos e o fortalecimento das atividades de fiscaliza\u00e7\u00e3o.<\/p>\n<blockquote><p>&#8220;A legisla\u00e7\u00e3o vigente tamb\u00e9m prev\u00ea, em situa\u00e7\u00f5es espec\u00edficas, a convers\u00e3o de penalidades em medidas compensat\u00f3rias, como o plantio de mudas e a\u00e7\u00f5es de recupera\u00e7\u00e3o ambiental, refor\u00e7ando o car\u00e1ter educativo e reparador das san\u00e7\u00f5es aplicadas&#8221;, acrescentou o Secret\u00e1rio.<\/p><\/blockquote>\n<p>Rafael Nogueira, ressalta ainda que a fiscaliza\u00e7\u00e3o ambiental tem sido realizada de forma integrada com outros setores do munic\u00edpio, continuadamente. Ele tamb\u00e9m refor\u00e7a a import\u00e2ncia da participa\u00e7\u00e3o da popula\u00e7\u00e3o, por meio de den\u00fancias de irregularidades, como forma de promover uma cidade mais sustent\u00e1vel.<\/p>\n<p><strong>OUTRAS NOT\u00cdCIAS<\/strong><br \/>\n<a href=\"https:\/\/marcelolopes.jor.br\/site\/2026\/01\/31\/pm-de-meio-ambiente-combate-pesca-predatoria-em-alem-paraiba\/\"><strong><span style=\"color: #800000;\">PM de Meio Ambiente combate pesca predat\u00f3ria em Al\u00e9m Para\u00edba<\/span><\/strong><\/a><\/p>\n<p><a href=\"https:\/\/marcelolopes.jor.br\/site\/2025\/05\/21\/policia-de-meio-ambiente-suspende-venda-de-area-rural-irregular\/\"><strong><span style=\"color: #800000;\">Pol\u00edcia de Meio Ambiente suspende venda de \u00e1rea rural irregular<\/span><\/strong><\/a><\/p>\n<p>Fonte: Prefeitura de Cataguases | Foto Ilustrativa: REPAM-Brasil<\/p>\n<div class=\"rxkwg69f7796e4b43d\" ><br><\/div><style type=\"text\/css\">\r\n@media screen and (min-width: 1201px) {\r\n.rxkwg69f7796e4b43d {\r\ndisplay: block;\r\n}\r\n}\r\n@media screen and (min-width: 993px) and (max-width: 1200px) {\r\n.rxkwg69f7796e4b43d {\r\ndisplay: block;\r\n}\r\n}\r\n@media screen and (min-width: 769px) and (max-width: 992px) {\r\n.rxkwg69f7796e4b43d {\r\ndisplay: block;\r\n}\r\n}\r\n@media screen and (min-width: 768px) and (max-width: 768px) {\r\n.rxkwg69f7796e4b43d {\r\ndisplay: block;\r\n}\r\n}\r\n@media screen and (max-width: 767px) {\r\n.rxkwg69f7796e4b43d {\r\ndisplay: block;\r\n}\r\n}\r\n<\/style>\r\n<div class=\"duhyi69f7796e51bab\" ><div id=\"div_destino\"><\/div>\r\n<script src=\"https:\/\/cdn.snsrsv.com\/sdk.js\"><\/script>\r\n<script >\r\n      new sdk(\"464030C30061EA8BE065000000000001\") \r\n          .appendTo(\"div_destino\")\r\n          .disableStyle(true) \r\n          .setCacheBusterMacro(\"%%CACHEBUSTER%%\")\r\n          .setSize(\"800\",\"214\")\r\n          .setClickMacro(\"%%CLICK_URL_ESC%%\") \r\n          .setReferrerUrlMacro(\"%%REFERRER_URL_ESC%%\") \r\n          .start(); \r\n<\/script><\/div><style type=\"text\/css\">\r\n@media screen and (min-width: 1201px) {\r\n.duhyi69f7796e51bab {\r\ndisplay: block;\r\n}\r\n}\r\n@media screen and (min-width: 993px) and (max-width: 1200px) {\r\n.duhyi69f7796e51bab {\r\ndisplay: block;\r\n}\r\n}\r\n@media screen and (min-width: 769px) and (max-width: 992px) {\r\n.duhyi69f7796e51bab {\r\ndisplay: block;\r\n}\r\n}\r\n@media screen and (min-width: 768px) and (max-width: 768px) {\r\n.duhyi69f7796e51bab {\r\ndisplay: block;\r\n}\r\n}\r\n@media screen and (max-width: 767px) {\r\n.duhyi69f7796e51bab {\r\ndisplay: block;\r\n}\r\n}\r\n<\/style>\r\n","protected":false},"excerpt":{"rendered":"<p>A Secretaria Municipal de Agricultura e Meio Ambiente (SAMA) de Cataguases apresentou, na \u00faltima semana, o balan\u00e7o das fiscaliza\u00e7\u00f5es realizadas neste primeiro trimestre. O documento enfatiza medidas voltadas \u00e0 orienta\u00e7\u00e3o e preven\u00e7\u00e3o, sem deixar de lado o cumprimento da legisla\u00e7\u00e3o<\/p>\n<p class=\"link-more\"><a class=\"more-link\" href=\"https:\/\/marcelolopes.jor.br\/site\/2026\/03\/23\/fiscalizacao-ambiental-divulga-balanco-do-primeiro-trimestre\/\">Leia mais <span class=\"screen-reader-text\">Fiscaliza\u00e7\u00e3o Ambiental divulga balan\u00e7o do primeiro trimestre<\/span><\/a><\/p>\n","protected":false},"author":2,"featured_media":64683,"comment_status":"open","ping_status":"closed","sticky":false,"template":"","format":"standard","meta":{"footnotes":""},"categories":[1],"tags":[],"class_list":["post-64681","post","type-post","status-publish","format-standard","has-post-thumbnail","hentry","category-noticias","thumb-below-title"],"yoast_head":"<!-- This site is optimized with the Yoast SEO plugin v27.4 - https:\/\/yoast.com\/product\/yoast-seo-wordpress\/ -->\n<title>Fiscaliza\u00e7\u00e3o Ambiental divulga balan\u00e7o do primeiro trimestre | Marcelo Lopes<\/title>\n<meta name=\"description\" content=\"Fiscaliza\u00e7\u00e3o Ambiental divulga balan\u00e7o do primeiro trimestre. Iniciativa \u00e9 da Secretaria Municipal de Agricultura e Meio Ambiente.\" \/>\n<meta name=\"robots\" content=\"index, follow, max-snippet:-1, max-image-preview:large, max-video-preview:-1\" \/>\n<link rel=\"canonical\" href=\"https:\/\/marcelolopes.jor.br\/site\/2026\/03\/23\/fiscalizacao-ambiental-divulga-balanco-do-primeiro-trimestre\/\" \/>\n<meta property=\"og:locale\" content=\"pt_BR\" \/>\n<meta property=\"og:type\" content=\"article\" \/>\n<meta property=\"og:title\" content=\"Fiscaliza\u00e7\u00e3o Ambiental divulga balan\u00e7o do primeiro trimestre | Marcelo Lopes\" \/>\n<meta property=\"og:description\" content=\"Fiscaliza\u00e7\u00e3o Ambiental divulga balan\u00e7o do primeiro trimestre. Iniciativa \u00e9 da Secretaria Municipal de Agricultura e Meio Ambiente.\" \/>\n<meta property=\"og:url\" content=\"https:\/\/marcelolopes.jor.br\/site\/2026\/03\/23\/fiscalizacao-ambiental-divulga-balanco-do-primeiro-trimestre\/\" \/>\n<meta property=\"og:site_name\" content=\"Marcelo Lopes\" \/>\n<meta property=\"article:publisher\" content=\"https:\/\/www.facebook.com\/sitedomarcelolopes\" \/>\n<meta property=\"article:published_time\" content=\"2026-03-23T15:00:59+00:00\" \/>\n<meta property=\"og:image\" content=\"https:\/\/marcelolopes.jor.br\/site\/wp-content\/uploads\/2026\/03\/18052023_Estudo_Fiscalizacao_Ambiental-450x225-1.jpg\" \/>\n\t<meta property=\"og:image:width\" content=\"450\" \/>\n\t<meta property=\"og:image:height\" content=\"225\" \/>\n\t<meta property=\"og:image:type\" content=\"image\/jpeg\" \/>\n<meta name=\"author\" content=\"Marcelo Lopes\" \/>\n<meta name=\"twitter:card\" content=\"summary_large_image\" \/>\n<meta name=\"twitter:label1\" content=\"Escrito por\" \/>\n\t<meta name=\"twitter:data1\" content=\"Marcelo Lopes\" \/>\n\t<meta name=\"twitter:label2\" content=\"Est. tempo de leitura\" \/>\n\t<meta name=\"twitter:data2\" content=\"2 minutos\" \/>\n<script type=\"application\/ld+json\" class=\"yoast-schema-graph\">{\"@context\":\"https:\\\/\\\/schema.org\",\"@graph\":[{\"@type\":\"NewsArticle\",\"@id\":\"https:\\\/\\\/marcelolopes.jor.br\\\/site\\\/2026\\\/03\\\/23\\\/fiscalizacao-ambiental-divulga-balanco-do-primeiro-trimestre\\\/#article\",\"isPartOf\":{\"@id\":\"https:\\\/\\\/marcelolopes.jor.br\\\/site\\\/2026\\\/03\\\/23\\\/fiscalizacao-ambiental-divulga-balanco-do-primeiro-trimestre\\\/\"},\"author\":{\"name\":\"Marcelo Lopes\",\"@id\":\"https:\\\/\\\/marcelolopes.jor.br\\\/site\\\/#\\\/schema\\\/person\\\/3e7216a35c34d8fdf952b31da3d1f89f\"},\"headline\":\"Fiscaliza\u00e7\u00e3o Ambiental divulga balan\u00e7o do primeiro trimestre\",\"datePublished\":\"2026-03-23T15:00:59+00:00\",\"mainEntityOfPage\":{\"@id\":\"https:\\\/\\\/marcelolopes.jor.br\\\/site\\\/2026\\\/03\\\/23\\\/fiscalizacao-ambiental-divulga-balanco-do-primeiro-trimestre\\\/\"},\"wordCount\":381,\"commentCount\":0,\"publisher\":{\"@id\":\"https:\\\/\\\/marcelolopes.jor.br\\\/site\\\/#organization\"},\"image\":{\"@id\":\"https:\\\/\\\/marcelolopes.jor.br\\\/site\\\/2026\\\/03\\\/23\\\/fiscalizacao-ambiental-divulga-balanco-do-primeiro-trimestre\\\/#primaryimage\"},\"thumbnailUrl\":\"https:\\\/\\\/marcelolopes.jor.br\\\/site\\\/wp-content\\\/uploads\\\/2026\\\/03\\\/18052023_Estudo_Fiscalizacao_Ambiental-450x225-1.jpg\",\"articleSection\":[\"Not\u00edcias\"],\"inLanguage\":\"pt-BR\",\"potentialAction\":[{\"@type\":\"CommentAction\",\"name\":\"Comment\",\"target\":[\"https:\\\/\\\/marcelolopes.jor.br\\\/site\\\/2026\\\/03\\\/23\\\/fiscalizacao-ambiental-divulga-balanco-do-primeiro-trimestre\\\/#respond\"]}]},{\"@type\":\"WebPage\",\"@id\":\"https:\\\/\\\/marcelolopes.jor.br\\\/site\\\/2026\\\/03\\\/23\\\/fiscalizacao-ambiental-divulga-balanco-do-primeiro-trimestre\\\/\",\"url\":\"https:\\\/\\\/marcelolopes.jor.br\\\/site\\\/2026\\\/03\\\/23\\\/fiscalizacao-ambiental-divulga-balanco-do-primeiro-trimestre\\\/\",\"name\":\"Fiscaliza\u00e7\u00e3o Ambiental divulga balan\u00e7o do primeiro trimestre | Marcelo Lopes\",\"isPartOf\":{\"@id\":\"https:\\\/\\\/marcelolopes.jor.br\\\/site\\\/#website\"},\"primaryImageOfPage\":{\"@id\":\"https:\\\/\\\/marcelolopes.jor.br\\\/site\\\/2026\\\/03\\\/23\\\/fiscalizacao-ambiental-divulga-balanco-do-primeiro-trimestre\\\/#primaryimage\"},\"image\":{\"@id\":\"https:\\\/\\\/marcelolopes.jor.br\\\/site\\\/2026\\\/03\\\/23\\\/fiscalizacao-ambiental-divulga-balanco-do-primeiro-trimestre\\\/#primaryimage\"},\"thumbnailUrl\":\"https:\\\/\\\/marcelolopes.jor.br\\\/site\\\/wp-content\\\/uploads\\\/2026\\\/03\\\/18052023_Estudo_Fiscalizacao_Ambiental-450x225-1.jpg\",\"datePublished\":\"2026-03-23T15:00:59+00:00\",\"description\":\"Fiscaliza\u00e7\u00e3o Ambiental divulga balan\u00e7o do primeiro trimestre. Iniciativa \u00e9 da Secretaria Municipal de Agricultura e Meio Ambiente.\",\"breadcrumb\":{\"@id\":\"https:\\\/\\\/marcelolopes.jor.br\\\/site\\\/2026\\\/03\\\/23\\\/fiscalizacao-ambiental-divulga-balanco-do-primeiro-trimestre\\\/#breadcrumb\"},\"inLanguage\":\"pt-BR\",\"potentialAction\":[{\"@type\":\"ReadAction\",\"target\":[\"https:\\\/\\\/marcelolopes.jor.br\\\/site\\\/2026\\\/03\\\/23\\\/fiscalizacao-ambiental-divulga-balanco-do-primeiro-trimestre\\\/\"]}]},{\"@type\":\"ImageObject\",\"inLanguage\":\"pt-BR\",\"@id\":\"https:\\\/\\\/marcelolopes.jor.br\\\/site\\\/2026\\\/03\\\/23\\\/fiscalizacao-ambiental-divulga-balanco-do-primeiro-trimestre\\\/#primaryimage\",\"url\":\"https:\\\/\\\/marcelolopes.jor.br\\\/site\\\/wp-content\\\/uploads\\\/2026\\\/03\\\/18052023_Estudo_Fiscalizacao_Ambiental-450x225-1.jpg\",\"contentUrl\":\"https:\\\/\\\/marcelolopes.jor.br\\\/site\\\/wp-content\\\/uploads\\\/2026\\\/03\\\/18052023_Estudo_Fiscalizacao_Ambiental-450x225-1.jpg\",\"width\":450,\"height\":225,\"caption\":\"Fiscaliza\u00e7\u00e3o Ambiental divulga balan\u00e7o\"},{\"@type\":\"BreadcrumbList\",\"@id\":\"https:\\\/\\\/marcelolopes.jor.br\\\/site\\\/2026\\\/03\\\/23\\\/fiscalizacao-ambiental-divulga-balanco-do-primeiro-trimestre\\\/#breadcrumb\",\"itemListElement\":[{\"@type\":\"ListItem\",\"position\":1,\"name\":\"Home\",\"item\":\"https:\\\/\\\/marcelolopes.jor.br\\\/site\\\/\"},{\"@type\":\"ListItem\",\"position\":2,\"name\":\"Fiscaliza\u00e7\u00e3o Ambiental divulga balan\u00e7o do primeiro trimestre\"}]},{\"@type\":\"WebSite\",\"@id\":\"https:\\\/\\\/marcelolopes.jor.br\\\/site\\\/#website\",\"url\":\"https:\\\/\\\/marcelolopes.jor.br\\\/site\\\/\",\"name\":\"Marcelo Lopes\",\"description\":\"Not\u00edcias de Cataguases e Regi\u00e3o\",\"publisher\":{\"@id\":\"https:\\\/\\\/marcelolopes.jor.br\\\/site\\\/#organization\"},\"potentialAction\":[{\"@type\":\"SearchAction\",\"target\":{\"@type\":\"EntryPoint\",\"urlTemplate\":\"https:\\\/\\\/marcelolopes.jor.br\\\/site\\\/?s={search_term_string}\"},\"query-input\":{\"@type\":\"PropertyValueSpecification\",\"valueRequired\":true,\"valueName\":\"search_term_string\"}}],\"inLanguage\":\"pt-BR\"},{\"@type\":\"Organization\",\"@id\":\"https:\\\/\\\/marcelolopes.jor.br\\\/site\\\/#organization\",\"name\":\"Site do Marcelo Lopes\",\"url\":\"https:\\\/\\\/marcelolopes.jor.br\\\/site\\\/\",\"logo\":{\"@type\":\"ImageObject\",\"inLanguage\":\"pt-BR\",\"@id\":\"https:\\\/\\\/marcelolopes.jor.br\\\/site\\\/#\\\/schema\\\/logo\\\/image\\\/\",\"url\":\"https:\\\/\\\/marcelolopes.jor.br\\\/site\\\/wp-content\\\/uploads\\\/2024\\\/11\\\/logo-1.png\",\"contentUrl\":\"https:\\\/\\\/marcelolopes.jor.br\\\/site\\\/wp-content\\\/uploads\\\/2024\\\/11\\\/logo-1.png\",\"width\":475,\"height\":80,\"caption\":\"Site do Marcelo Lopes\"},\"image\":{\"@id\":\"https:\\\/\\\/marcelolopes.jor.br\\\/site\\\/#\\\/schema\\\/logo\\\/image\\\/\"},\"sameAs\":[\"https:\\\/\\\/www.facebook.com\\\/sitedomarcelolopes\",\"https:\\\/\\\/www.instagram.com\\\/sitedomarcelolopes\\\/\",\"https:\\\/\\\/www.linkedin.com\\\/company\\\/site-do-marcelo-lopes\\\/\",\"https:\\\/\\\/www.youtube.com\\\/user\\\/marcelolopes957\"]},{\"@type\":\"Person\",\"@id\":\"https:\\\/\\\/marcelolopes.jor.br\\\/site\\\/#\\\/schema\\\/person\\\/3e7216a35c34d8fdf952b31da3d1f89f\",\"name\":\"Marcelo Lopes\",\"sameAs\":[\"http:\\\/\\\/www.marcelolopes.jor.br\"],\"url\":\"https:\\\/\\\/marcelolopes.jor.br\\\/site\\\/author\\\/marcelo\\\/\"}]}<\/script>\n<!-- \/ Yoast SEO plugin. -->","yoast_head_json":{"title":"Fiscaliza\u00e7\u00e3o Ambiental divulga balan\u00e7o do primeiro trimestre | Marcelo Lopes","description":"Fiscaliza\u00e7\u00e3o Ambiental divulga balan\u00e7o do primeiro trimestre. Iniciativa \u00e9 da Secretaria Municipal de Agricultura e Meio Ambiente.","robots":{"index":"index","follow":"follow","max-snippet":"max-snippet:-1","max-image-preview":"max-image-preview:large","max-video-preview":"max-video-preview:-1"},"canonical":"https:\/\/marcelolopes.jor.br\/site\/2026\/03\/23\/fiscalizacao-ambiental-divulga-balanco-do-primeiro-trimestre\/","og_locale":"pt_BR","og_type":"article","og_title":"Fiscaliza\u00e7\u00e3o Ambiental divulga balan\u00e7o do primeiro trimestre | Marcelo Lopes","og_description":"Fiscaliza\u00e7\u00e3o Ambiental divulga balan\u00e7o do primeiro trimestre. Iniciativa \u00e9 da Secretaria Municipal de Agricultura e Meio Ambiente.","og_url":"https:\/\/marcelolopes.jor.br\/site\/2026\/03\/23\/fiscalizacao-ambiental-divulga-balanco-do-primeiro-trimestre\/","og_site_name":"Marcelo Lopes","article_publisher":"https:\/\/www.facebook.com\/sitedomarcelolopes","article_published_time":"2026-03-23T15:00:59+00:00","og_image":[{"width":450,"height":225,"url":"https:\/\/marcelolopes.jor.br\/site\/wp-content\/uploads\/2026\/03\/18052023_Estudo_Fiscalizacao_Ambiental-450x225-1.jpg","type":"image\/jpeg"}],"author":"Marcelo Lopes","twitter_card":"summary_large_image","twitter_misc":{"Escrito por":"Marcelo Lopes","Est. tempo de leitura":"2 minutos"},"schema":{"@context":"https:\/\/schema.org","@graph":[{"@type":"NewsArticle","@id":"https:\/\/marcelolopes.jor.br\/site\/2026\/03\/23\/fiscalizacao-ambiental-divulga-balanco-do-primeiro-trimestre\/#article","isPartOf":{"@id":"https:\/\/marcelolopes.jor.br\/site\/2026\/03\/23\/fiscalizacao-ambiental-divulga-balanco-do-primeiro-trimestre\/"},"author":{"name":"Marcelo Lopes","@id":"https:\/\/marcelolopes.jor.br\/site\/#\/schema\/person\/3e7216a35c34d8fdf952b31da3d1f89f"},"headline":"Fiscaliza\u00e7\u00e3o Ambiental divulga balan\u00e7o do primeiro trimestre","datePublished":"2026-03-23T15:00:59+00:00","mainEntityOfPage":{"@id":"https:\/\/marcelolopes.jor.br\/site\/2026\/03\/23\/fiscalizacao-ambiental-divulga-balanco-do-primeiro-trimestre\/"},"wordCount":381,"commentCount":0,"publisher":{"@id":"https:\/\/marcelolopes.jor.br\/site\/#organization"},"image":{"@id":"https:\/\/marcelolopes.jor.br\/site\/2026\/03\/23\/fiscalizacao-ambiental-divulga-balanco-do-primeiro-trimestre\/#primaryimage"},"thumbnailUrl":"https:\/\/marcelolopes.jor.br\/site\/wp-content\/uploads\/2026\/03\/18052023_Estudo_Fiscalizacao_Ambiental-450x225-1.jpg","articleSection":["Not\u00edcias"],"inLanguage":"pt-BR","potentialAction":[{"@type":"CommentAction","name":"Comment","target":["https:\/\/marcelolopes.jor.br\/site\/2026\/03\/23\/fiscalizacao-ambiental-divulga-balanco-do-primeiro-trimestre\/#respond"]}]},{"@type":"WebPage","@id":"https:\/\/marcelolopes.jor.br\/site\/2026\/03\/23\/fiscalizacao-ambiental-divulga-balanco-do-primeiro-trimestre\/","url":"https:\/\/marcelolopes.jor.br\/site\/2026\/03\/23\/fiscalizacao-ambiental-divulga-balanco-do-primeiro-trimestre\/","name":"Fiscaliza\u00e7\u00e3o Ambiental divulga balan\u00e7o do primeiro trimestre | Marcelo Lopes","isPartOf":{"@id":"https:\/\/marcelolopes.jor.br\/site\/#website"},"primaryImageOfPage":{"@id":"https:\/\/marcelolopes.jor.br\/site\/2026\/03\/23\/fiscalizacao-ambiental-divulga-balanco-do-primeiro-trimestre\/#primaryimage"},"image":{"@id":"https:\/\/marcelolopes.jor.br\/site\/2026\/03\/23\/fiscalizacao-ambiental-divulga-balanco-do-primeiro-trimestre\/#primaryimage"},"thumbnailUrl":"https:\/\/marcelolopes.jor.br\/site\/wp-content\/uploads\/2026\/03\/18052023_Estudo_Fiscalizacao_Ambiental-450x225-1.jpg","datePublished":"2026-03-23T15:00:59+00:00","description":"Fiscaliza\u00e7\u00e3o Ambiental divulga balan\u00e7o do primeiro trimestre. Iniciativa \u00e9 da Secretaria Municipal de Agricultura e Meio Ambiente.","breadcrumb":{"@id":"https:\/\/marcelolopes.jor.br\/site\/2026\/03\/23\/fiscalizacao-ambiental-divulga-balanco-do-primeiro-trimestre\/#breadcrumb"},"inLanguage":"pt-BR","potentialAction":[{"@type":"ReadAction","target":["https:\/\/marcelolopes.jor.br\/site\/2026\/03\/23\/fiscalizacao-ambiental-divulga-balanco-do-primeiro-trimestre\/"]}]},{"@type":"ImageObject","inLanguage":"pt-BR","@id":"https:\/\/marcelolopes.jor.br\/site\/2026\/03\/23\/fiscalizacao-ambiental-divulga-balanco-do-primeiro-trimestre\/#primaryimage","url":"https:\/\/marcelolopes.jor.br\/site\/wp-content\/uploads\/2026\/03\/18052023_Estudo_Fiscalizacao_Ambiental-450x225-1.jpg","contentUrl":"https:\/\/marcelolopes.jor.br\/site\/wp-content\/uploads\/2026\/03\/18052023_Estudo_Fiscalizacao_Ambiental-450x225-1.jpg","width":450,"height":225,"caption":"Fiscaliza\u00e7\u00e3o Ambiental divulga balan\u00e7o"},{"@type":"BreadcrumbList","@id":"https:\/\/marcelolopes.jor.br\/site\/2026\/03\/23\/fiscalizacao-ambiental-divulga-balanco-do-primeiro-trimestre\/#breadcrumb","itemListElement":[{"@type":"ListItem","position":1,"name":"Home","item":"https:\/\/marcelolopes.jor.br\/site\/"},{"@type":"ListItem","position":2,"name":"Fiscaliza\u00e7\u00e3o Ambiental divulga balan\u00e7o do primeiro trimestre"}]},{"@type":"WebSite","@id":"https:\/\/marcelolopes.jor.br\/site\/#website","url":"https:\/\/marcelolopes.jor.br\/site\/","name":"Marcelo Lopes","description":"Not\u00edcias de Cataguases e Regi\u00e3o","publisher":{"@id":"https:\/\/marcelolopes.jor.br\/site\/#organization"},"potentialAction":[{"@type":"SearchAction","target":{"@type":"EntryPoint","urlTemplate":"https:\/\/marcelolopes.jor.br\/site\/?s={search_term_string}"},"query-input":{"@type":"PropertyValueSpecification","valueRequired":true,"valueName":"search_term_string"}}],"inLanguage":"pt-BR"},{"@type":"Organization","@id":"https:\/\/marcelolopes.jor.br\/site\/#organization","name":"Site do Marcelo Lopes","url":"https:\/\/marcelolopes.jor.br\/site\/","logo":{"@type":"ImageObject","inLanguage":"pt-BR","@id":"https:\/\/marcelolopes.jor.br\/site\/#\/schema\/logo\/image\/","url":"https:\/\/marcelolopes.jor.br\/site\/wp-content\/uploads\/2024\/11\/logo-1.png","contentUrl":"https:\/\/marcelolopes.jor.br\/site\/wp-content\/uploads\/2024\/11\/logo-1.png","width":475,"height":80,"caption":"Site do Marcelo Lopes"},"image":{"@id":"https:\/\/marcelolopes.jor.br\/site\/#\/schema\/logo\/image\/"},"sameAs":["https:\/\/www.facebook.com\/sitedomarcelolopes","https:\/\/www.instagram.com\/sitedomarcelolopes\/","https:\/\/www.linkedin.com\/company\/site-do-marcelo-lopes\/","https:\/\/www.youtube.com\/user\/marcelolopes957"]},{"@type":"Person","@id":"https:\/\/marcelolopes.jor.br\/site\/#\/schema\/person\/3e7216a35c34d8fdf952b31da3d1f89f","name":"Marcelo Lopes","sameAs":["http:\/\/www.marcelolopes.jor.br"],"url":"https:\/\/marcelolopes.jor.br\/site\/author\/marcelo\/"}]}},"wps_subtitle":"Iniciativa \u00e9 uma das atividades da Secretaria Municipal de Agricultura e Meio Ambiente.","_links":{"self":[{"href":"https:\/\/marcelolopes.jor.br\/site\/wp-json\/wp\/v2\/posts\/64681","targetHints":{"allow":["GET"]}}],"collection":[{"href":"https:\/\/marcelolopes.jor.br\/site\/wp-json\/wp\/v2\/posts"}],"about":[{"href":"https:\/\/marcelolopes.jor.br\/site\/wp-json\/wp\/v2\/types\/post"}],"author":[{"embeddable":true,"href":"https:\/\/marcelolopes.jor.br\/site\/wp-json\/wp\/v2\/users\/2"}],"replies":[{"embeddable":true,"href":"https:\/\/marcelolopes.jor.br\/site\/wp-json\/wp\/v2\/comments?post=64681"}],"version-history":[{"count":2,"href":"https:\/\/marcelolopes.jor.br\/site\/wp-json\/wp\/v2\/posts\/64681\/revisions"}],"predecessor-version":[{"id":64684,"href":"https:\/\/marcelolopes.jor.br\/site\/wp-json\/wp\/v2\/posts\/64681\/revisions\/64684"}],"wp:featuredmedia":[{"embeddable":true,"href":"https:\/\/marcelolopes.jor.br\/site\/wp-json\/wp\/v2\/media\/64683"}],"wp:attachment":[{"href":"https:\/\/marcelolopes.jor.br\/site\/wp-json\/wp\/v2\/media?parent=64681"}],"wp:term":[{"taxonomy":"category","embeddable":true,"href":"https:\/\/marcelolopes.jor.br\/site\/wp-json\/wp\/v2\/categories?post=64681"},{"taxonomy":"post_tag","embeddable":true,"href":"https:\/\/marcelolopes.jor.br\/site\/wp-json\/wp\/v2\/tags?post=64681"}],"curies":[{"name":"wp","href":"https:\/\/api.w.org\/{rel}","templated":true}]}}