{"id":64667,"date":"2026-03-23T07:00:16","date_gmt":"2026-03-23T10:00:16","guid":{"rendered":"https:\/\/marcelolopes.jor.br\/site\/?p=64667"},"modified":"2026-03-22T15:31:35","modified_gmt":"2026-03-22T18:31:35","slug":"prefeitura-de-cataguases-abre-consulta-publica-sobre-o-orcamento-2027","status":"publish","type":"post","link":"https:\/\/marcelolopes.jor.br\/site\/2026\/03\/23\/prefeitura-de-cataguases-abre-consulta-publica-sobre-o-orcamento-2027\/","title":{"rendered":"Prefeitura de Cataguases abre consulta p\u00fablica sobre o Or\u00e7amento 2027"},"content":{"rendered":"<p>A Prefeitura de Cataguases abriu \u00e0 participa\u00e7\u00e3o popular a constru\u00e7\u00e3o do or\u00e7amento municipal de 2027. Por meio de uma consulta p\u00fablica eletr\u00f4nica, moradores e entidades podem sugerir a\u00e7\u00f5es e prioridades que poder\u00e3o influenciar diretamente os investimentos da cidade no pr\u00f3ximo ano.<!--more--><\/p>\n<h4 class=\"p1\"><span class=\"s1\">\ud83d\udcf8\u00a0<span style=\"color: #008000;\">Siga o Site do Marcelo Lopes no<\/span>\u00a0<span style=\"color: #800000;\"><a style=\"color: #800000;\" href=\"https:\/\/www.facebook.com\/sitedomarcelolopes\/\"><strong>Facebook<\/strong><\/a><\/span>\u00a0<span style=\"color: #008000;\">e no<\/span>\u00a0<span style=\"color: #800000;\"><strong><a style=\"color: #800000;\" href=\"https:\/\/www.instagram.com\/sitedomarcelolopes\/\">Instagram<\/a><\/strong><\/span><\/span><\/h4>\n<h4 class=\"p1\">\ud83d\udcf1<span style=\"color: #008000;\">Participe do grupo de<\/span>\u00a0<span style=\"color: #800000;\"><a style=\"color: #800000;\" href=\"https:\/\/chat.whatsapp.com\/BibzcI1ibYSKytbdyzubLA\"><strong>WhatsApp<\/strong><\/a><\/span> <span style=\"color: #008000;\">do Site do Marcelo Lopes<\/span><\/h4>\n<p>A iniciativa, conduzida pela Secretaria Municipal de Fazenda, atende \u00e0s exig\u00eancias da Lei de Responsabilidade Fiscal e busca ampliar o envolvimento da popula\u00e7\u00e3o no planejamento das contas p\u00fablicas. As contribui\u00e7\u00f5es enviadas ser\u00e3o analisadas pela equipe t\u00e9cnica e poder\u00e3o ser incorporadas ao Projeto de Lei de Diretrizes Or\u00e7ament\u00e1rias (LDO) de 2027.<\/p>\n<p>O prazo para participa\u00e7\u00e3o segue aberto at\u00e9 o dia 6 de abril. A ferramenta (clique <a href=\"https:\/\/docs.google.com\/forms\/d\/e\/1FAIpQLSc6QfXB1Z-AaxeFWaMYud-Ypcmi39WMLzQRSW7VcWmfb4DfKA\/viewform?pli=1\"><strong><span style=\"color: #800000;\">aqui<\/span> <\/strong><\/a>para participar) permite que cidad\u00e3os opinem sobre \u00e1reas consideradas priorit\u00e1rias, colaborando na defini\u00e7\u00e3o de pol\u00edticas p\u00fablicas e na destina\u00e7\u00e3o dos recursos municipais.<\/p>\n<p>A LDO \u00e9 respons\u00e1vel por estabelecer metas e prioridades da administra\u00e7\u00e3o para o exerc\u00edcio financeiro seguinte, al\u00e9m de orientar a elabora\u00e7\u00e3o da Lei Or\u00e7ament\u00e1ria Anual (LOA), que detalha a aplica\u00e7\u00e3o dos recursos.<\/p>\n<p>Como parte do processo, a Prefeitura tamb\u00e9m realizar\u00e1 uma audi\u00eancia p\u00fablica no dia 6 de maio, \u00e0s 14h30, na sede da Secretaria Municipal de Fazenda, localizada na Rua Major Vieira, n\u00ba 212, no Centro de Cataguases. O encontro ser\u00e1 aberto ao p\u00fablico e tem como objetivo garantir transpar\u00eancia e refor\u00e7ar a participa\u00e7\u00e3o social nas decis\u00f5es or\u00e7ament\u00e1rias.<\/p>\n<p><strong>OUTRAS NOT\u00cdCIAS<\/strong><br \/>\n<a href=\"https:\/\/marcelolopes.jor.br\/site\/2026\/02\/24\/prefeitura-de-cataguases-convida-servidores-a-atuarem-na-modernizacao-da-administracao\/\"><strong><span style=\"color: #800000;\">Prefeitura de Cataguases convida servidores a atuarem na moderniza\u00e7\u00e3o da administra\u00e7\u00e3o<\/span><\/strong><\/a><\/p>\n<p><span style=\"color: #800000;\"><a style=\"color: #800000;\" href=\"https:\/\/marcelolopes.jor.br\/site\/2025\/05\/06\/prefeitura-de-cataguases-abre-inscricoes-para-processo-seletivo\/\"><strong>Prefeitura de Cataguases abre inscri\u00e7\u00f5es para processo seletivo<\/strong><\/a><\/span><\/p>\n<p>Fonte: Prefeitura de Cataguases | Foto: Red7<\/p>\n<div class=\"apzau69f762ee7262a\" ><br><\/div><style type=\"text\/css\">\r\n@media screen and (min-width: 1201px) {\r\n.apzau69f762ee7262a {\r\ndisplay: block;\r\n}\r\n}\r\n@media screen and (min-width: 993px) and (max-width: 1200px) {\r\n.apzau69f762ee7262a {\r\ndisplay: block;\r\n}\r\n}\r\n@media screen and (min-width: 769px) and (max-width: 992px) {\r\n.apzau69f762ee7262a {\r\ndisplay: block;\r\n}\r\n}\r\n@media screen and (min-width: 768px) and (max-width: 768px) {\r\n.apzau69f762ee7262a {\r\ndisplay: block;\r\n}\r\n}\r\n@media screen and (max-width: 767px) {\r\n.apzau69f762ee7262a {\r\ndisplay: block;\r\n}\r\n}\r\n<\/style>\r\n<div class=\"xdsny69f762ee78906\" ><div id=\"div_destino\"><\/div>\r\n<script src=\"https:\/\/cdn.snsrsv.com\/sdk.js\"><\/script>\r\n<script >\r\n      new sdk(\"464030C30061EA8BE065000000000001\") \r\n          .appendTo(\"div_destino\")\r\n          .disableStyle(true) \r\n          .setCacheBusterMacro(\"%%CACHEBUSTER%%\")\r\n          .setSize(\"800\",\"214\")\r\n          .setClickMacro(\"%%CLICK_URL_ESC%%\") \r\n          .setReferrerUrlMacro(\"%%REFERRER_URL_ESC%%\") \r\n          .start(); \r\n<\/script><\/div><style type=\"text\/css\">\r\n@media screen and (min-width: 1201px) {\r\n.xdsny69f762ee78906 {\r\ndisplay: block;\r\n}\r\n}\r\n@media screen and (min-width: 993px) and (max-width: 1200px) {\r\n.xdsny69f762ee78906 {\r\ndisplay: block;\r\n}\r\n}\r\n@media screen and (min-width: 769px) and (max-width: 992px) {\r\n.xdsny69f762ee78906 {\r\ndisplay: block;\r\n}\r\n}\r\n@media screen and (min-width: 768px) and (max-width: 768px) {\r\n.xdsny69f762ee78906 {\r\ndisplay: block;\r\n}\r\n}\r\n@media screen and (max-width: 767px) {\r\n.xdsny69f762ee78906 {\r\ndisplay: block;\r\n}\r\n}\r\n<\/style>\r\n","protected":false},"excerpt":{"rendered":"<p>A Prefeitura de Cataguases abriu \u00e0 participa\u00e7\u00e3o popular a constru\u00e7\u00e3o do or\u00e7amento municipal de 2027. Por meio de uma consulta p\u00fablica eletr\u00f4nica, moradores e entidades podem sugerir a\u00e7\u00f5es e prioridades que poder\u00e3o influenciar diretamente os investimentos da cidade no pr\u00f3ximo<\/p>\n<p class=\"link-more\"><a class=\"more-link\" href=\"https:\/\/marcelolopes.jor.br\/site\/2026\/03\/23\/prefeitura-de-cataguases-abre-consulta-publica-sobre-o-orcamento-2027\/\">Leia mais <span class=\"screen-reader-text\">Prefeitura de Cataguases abre consulta p\u00fablica sobre o Or\u00e7amento 2027<\/span><\/a><\/p>\n","protected":false},"author":2,"featured_media":64669,"comment_status":"open","ping_status":"closed","sticky":false,"template":"","format":"standard","meta":{"footnotes":""},"categories":[1],"tags":[],"class_list":["post-64667","post","type-post","status-publish","format-standard","has-post-thumbnail","hentry","category-noticias","thumb-below-title"],"yoast_head":"<!-- This site is optimized with the Yoast SEO plugin v27.4 - https:\/\/yoast.com\/product\/yoast-seo-wordpress\/ -->\n<title>Prefeitura de Cataguases abre consulta p\u00fablica sobre o or\u00e7amento<\/title>\n<meta name=\"description\" content=\"Prefeitura de Cataguases abre consulta p\u00fablica sobre o or\u00e7amento 2027. Objetivo \u00e9 conhecer as prioridades da popula\u00e7\u00e3o. Prazo vai at\u00e9 6\/04.\" \/>\n<meta name=\"robots\" content=\"index, follow, max-snippet:-1, max-image-preview:large, max-video-preview:-1\" \/>\n<link rel=\"canonical\" href=\"https:\/\/marcelolopes.jor.br\/site\/2026\/03\/23\/prefeitura-de-cataguases-abre-consulta-publica-sobre-o-orcamento-2027\/\" \/>\n<meta property=\"og:locale\" content=\"pt_BR\" \/>\n<meta property=\"og:type\" content=\"article\" \/>\n<meta property=\"og:title\" content=\"Prefeitura de Cataguases abre consulta p\u00fablica sobre o or\u00e7amento\" \/>\n<meta property=\"og:description\" content=\"Prefeitura de Cataguases abre consulta p\u00fablica sobre o or\u00e7amento 2027. Objetivo \u00e9 conhecer as prioridades da popula\u00e7\u00e3o. Prazo vai at\u00e9 6\/04.\" \/>\n<meta property=\"og:url\" content=\"https:\/\/marcelolopes.jor.br\/site\/2026\/03\/23\/prefeitura-de-cataguases-abre-consulta-publica-sobre-o-orcamento-2027\/\" \/>\n<meta property=\"og:site_name\" content=\"Marcelo Lopes\" \/>\n<meta property=\"article:publisher\" content=\"https:\/\/www.facebook.com\/sitedomarcelolopes\" \/>\n<meta property=\"article:published_time\" content=\"2026-03-23T10:00:16+00:00\" \/>\n<meta property=\"og:image\" content=\"https:\/\/marcelolopes.jor.br\/site\/wp-content\/uploads\/2026\/03\/Image1.jpg\" \/>\n\t<meta property=\"og:image:width\" content=\"635\" \/>\n\t<meta property=\"og:image:height\" content=\"450\" \/>\n\t<meta property=\"og:image:type\" content=\"image\/jpeg\" \/>\n<meta name=\"author\" content=\"Marcelo Lopes\" \/>\n<meta name=\"twitter:card\" content=\"summary_large_image\" \/>\n<meta name=\"twitter:label1\" content=\"Escrito por\" \/>\n\t<meta name=\"twitter:data1\" content=\"Marcelo Lopes\" \/>\n\t<meta name=\"twitter:label2\" content=\"Est. tempo de leitura\" \/>\n\t<meta name=\"twitter:data2\" content=\"2 minutos\" \/>\n<script type=\"application\/ld+json\" class=\"yoast-schema-graph\">{\"@context\":\"https:\\\/\\\/schema.org\",\"@graph\":[{\"@type\":\"NewsArticle\",\"@id\":\"https:\\\/\\\/marcelolopes.jor.br\\\/site\\\/2026\\\/03\\\/23\\\/prefeitura-de-cataguases-abre-consulta-publica-sobre-o-orcamento-2027\\\/#article\",\"isPartOf\":{\"@id\":\"https:\\\/\\\/marcelolopes.jor.br\\\/site\\\/2026\\\/03\\\/23\\\/prefeitura-de-cataguases-abre-consulta-publica-sobre-o-orcamento-2027\\\/\"},\"author\":{\"name\":\"Marcelo Lopes\",\"@id\":\"https:\\\/\\\/marcelolopes.jor.br\\\/site\\\/#\\\/schema\\\/person\\\/3e7216a35c34d8fdf952b31da3d1f89f\"},\"headline\":\"Prefeitura de Cataguases abre consulta p\u00fablica sobre o Or\u00e7amento 2027\",\"datePublished\":\"2026-03-23T10:00:16+00:00\",\"mainEntityOfPage\":{\"@id\":\"https:\\\/\\\/marcelolopes.jor.br\\\/site\\\/2026\\\/03\\\/23\\\/prefeitura-de-cataguases-abre-consulta-publica-sobre-o-orcamento-2027\\\/\"},\"wordCount\":315,\"commentCount\":0,\"publisher\":{\"@id\":\"https:\\\/\\\/marcelolopes.jor.br\\\/site\\\/#organization\"},\"image\":{\"@id\":\"https:\\\/\\\/marcelolopes.jor.br\\\/site\\\/2026\\\/03\\\/23\\\/prefeitura-de-cataguases-abre-consulta-publica-sobre-o-orcamento-2027\\\/#primaryimage\"},\"thumbnailUrl\":\"https:\\\/\\\/marcelolopes.jor.br\\\/site\\\/wp-content\\\/uploads\\\/2026\\\/03\\\/Image1.jpg\",\"articleSection\":[\"Not\u00edcias\"],\"inLanguage\":\"pt-BR\",\"potentialAction\":[{\"@type\":\"CommentAction\",\"name\":\"Comment\",\"target\":[\"https:\\\/\\\/marcelolopes.jor.br\\\/site\\\/2026\\\/03\\\/23\\\/prefeitura-de-cataguases-abre-consulta-publica-sobre-o-orcamento-2027\\\/#respond\"]}]},{\"@type\":\"WebPage\",\"@id\":\"https:\\\/\\\/marcelolopes.jor.br\\\/site\\\/2026\\\/03\\\/23\\\/prefeitura-de-cataguases-abre-consulta-publica-sobre-o-orcamento-2027\\\/\",\"url\":\"https:\\\/\\\/marcelolopes.jor.br\\\/site\\\/2026\\\/03\\\/23\\\/prefeitura-de-cataguases-abre-consulta-publica-sobre-o-orcamento-2027\\\/\",\"name\":\"Prefeitura de Cataguases abre consulta p\u00fablica sobre o or\u00e7amento\",\"isPartOf\":{\"@id\":\"https:\\\/\\\/marcelolopes.jor.br\\\/site\\\/#website\"},\"primaryImageOfPage\":{\"@id\":\"https:\\\/\\\/marcelolopes.jor.br\\\/site\\\/2026\\\/03\\\/23\\\/prefeitura-de-cataguases-abre-consulta-publica-sobre-o-orcamento-2027\\\/#primaryimage\"},\"image\":{\"@id\":\"https:\\\/\\\/marcelolopes.jor.br\\\/site\\\/2026\\\/03\\\/23\\\/prefeitura-de-cataguases-abre-consulta-publica-sobre-o-orcamento-2027\\\/#primaryimage\"},\"thumbnailUrl\":\"https:\\\/\\\/marcelolopes.jor.br\\\/site\\\/wp-content\\\/uploads\\\/2026\\\/03\\\/Image1.jpg\",\"datePublished\":\"2026-03-23T10:00:16+00:00\",\"description\":\"Prefeitura de Cataguases abre consulta p\u00fablica sobre o or\u00e7amento 2027. Objetivo \u00e9 conhecer as prioridades da popula\u00e7\u00e3o. Prazo vai at\u00e9 6\\\/04.\",\"breadcrumb\":{\"@id\":\"https:\\\/\\\/marcelolopes.jor.br\\\/site\\\/2026\\\/03\\\/23\\\/prefeitura-de-cataguases-abre-consulta-publica-sobre-o-orcamento-2027\\\/#breadcrumb\"},\"inLanguage\":\"pt-BR\",\"potentialAction\":[{\"@type\":\"ReadAction\",\"target\":[\"https:\\\/\\\/marcelolopes.jor.br\\\/site\\\/2026\\\/03\\\/23\\\/prefeitura-de-cataguases-abre-consulta-publica-sobre-o-orcamento-2027\\\/\"]}]},{\"@type\":\"ImageObject\",\"inLanguage\":\"pt-BR\",\"@id\":\"https:\\\/\\\/marcelolopes.jor.br\\\/site\\\/2026\\\/03\\\/23\\\/prefeitura-de-cataguases-abre-consulta-publica-sobre-o-orcamento-2027\\\/#primaryimage\",\"url\":\"https:\\\/\\\/marcelolopes.jor.br\\\/site\\\/wp-content\\\/uploads\\\/2026\\\/03\\\/Image1.jpg\",\"contentUrl\":\"https:\\\/\\\/marcelolopes.jor.br\\\/site\\\/wp-content\\\/uploads\\\/2026\\\/03\\\/Image1.jpg\",\"width\":635,\"height\":450},{\"@type\":\"BreadcrumbList\",\"@id\":\"https:\\\/\\\/marcelolopes.jor.br\\\/site\\\/2026\\\/03\\\/23\\\/prefeitura-de-cataguases-abre-consulta-publica-sobre-o-orcamento-2027\\\/#breadcrumb\",\"itemListElement\":[{\"@type\":\"ListItem\",\"position\":1,\"name\":\"Home\",\"item\":\"https:\\\/\\\/marcelolopes.jor.br\\\/site\\\/\"},{\"@type\":\"ListItem\",\"position\":2,\"name\":\"Prefeitura de Cataguases abre consulta p\u00fablica sobre o Or\u00e7amento 2027\"}]},{\"@type\":\"WebSite\",\"@id\":\"https:\\\/\\\/marcelolopes.jor.br\\\/site\\\/#website\",\"url\":\"https:\\\/\\\/marcelolopes.jor.br\\\/site\\\/\",\"name\":\"Marcelo Lopes\",\"description\":\"Not\u00edcias de Cataguases e Regi\u00e3o\",\"publisher\":{\"@id\":\"https:\\\/\\\/marcelolopes.jor.br\\\/site\\\/#organization\"},\"potentialAction\":[{\"@type\":\"SearchAction\",\"target\":{\"@type\":\"EntryPoint\",\"urlTemplate\":\"https:\\\/\\\/marcelolopes.jor.br\\\/site\\\/?s={search_term_string}\"},\"query-input\":{\"@type\":\"PropertyValueSpecification\",\"valueRequired\":true,\"valueName\":\"search_term_string\"}}],\"inLanguage\":\"pt-BR\"},{\"@type\":\"Organization\",\"@id\":\"https:\\\/\\\/marcelolopes.jor.br\\\/site\\\/#organization\",\"name\":\"Site do Marcelo Lopes\",\"url\":\"https:\\\/\\\/marcelolopes.jor.br\\\/site\\\/\",\"logo\":{\"@type\":\"ImageObject\",\"inLanguage\":\"pt-BR\",\"@id\":\"https:\\\/\\\/marcelolopes.jor.br\\\/site\\\/#\\\/schema\\\/logo\\\/image\\\/\",\"url\":\"https:\\\/\\\/marcelolopes.jor.br\\\/site\\\/wp-content\\\/uploads\\\/2024\\\/11\\\/logo-1.png\",\"contentUrl\":\"https:\\\/\\\/marcelolopes.jor.br\\\/site\\\/wp-content\\\/uploads\\\/2024\\\/11\\\/logo-1.png\",\"width\":475,\"height\":80,\"caption\":\"Site do Marcelo Lopes\"},\"image\":{\"@id\":\"https:\\\/\\\/marcelolopes.jor.br\\\/site\\\/#\\\/schema\\\/logo\\\/image\\\/\"},\"sameAs\":[\"https:\\\/\\\/www.facebook.com\\\/sitedomarcelolopes\",\"https:\\\/\\\/www.instagram.com\\\/sitedomarcelolopes\\\/\",\"https:\\\/\\\/www.linkedin.com\\\/company\\\/site-do-marcelo-lopes\\\/\",\"https:\\\/\\\/www.youtube.com\\\/user\\\/marcelolopes957\"]},{\"@type\":\"Person\",\"@id\":\"https:\\\/\\\/marcelolopes.jor.br\\\/site\\\/#\\\/schema\\\/person\\\/3e7216a35c34d8fdf952b31da3d1f89f\",\"name\":\"Marcelo Lopes\",\"sameAs\":[\"http:\\\/\\\/www.marcelolopes.jor.br\"],\"url\":\"https:\\\/\\\/marcelolopes.jor.br\\\/site\\\/author\\\/marcelo\\\/\"}]}<\/script>\n<!-- \/ Yoast SEO plugin. -->","yoast_head_json":{"title":"Prefeitura de Cataguases abre consulta p\u00fablica sobre o or\u00e7amento","description":"Prefeitura de Cataguases abre consulta p\u00fablica sobre o or\u00e7amento 2027. Objetivo \u00e9 conhecer as prioridades da popula\u00e7\u00e3o. Prazo vai at\u00e9 6\/04.","robots":{"index":"index","follow":"follow","max-snippet":"max-snippet:-1","max-image-preview":"max-image-preview:large","max-video-preview":"max-video-preview:-1"},"canonical":"https:\/\/marcelolopes.jor.br\/site\/2026\/03\/23\/prefeitura-de-cataguases-abre-consulta-publica-sobre-o-orcamento-2027\/","og_locale":"pt_BR","og_type":"article","og_title":"Prefeitura de Cataguases abre consulta p\u00fablica sobre o or\u00e7amento","og_description":"Prefeitura de Cataguases abre consulta p\u00fablica sobre o or\u00e7amento 2027. Objetivo \u00e9 conhecer as prioridades da popula\u00e7\u00e3o. Prazo vai at\u00e9 6\/04.","og_url":"https:\/\/marcelolopes.jor.br\/site\/2026\/03\/23\/prefeitura-de-cataguases-abre-consulta-publica-sobre-o-orcamento-2027\/","og_site_name":"Marcelo Lopes","article_publisher":"https:\/\/www.facebook.com\/sitedomarcelolopes","article_published_time":"2026-03-23T10:00:16+00:00","og_image":[{"width":635,"height":450,"url":"https:\/\/marcelolopes.jor.br\/site\/wp-content\/uploads\/2026\/03\/Image1.jpg","type":"image\/jpeg"}],"author":"Marcelo Lopes","twitter_card":"summary_large_image","twitter_misc":{"Escrito por":"Marcelo Lopes","Est. tempo de leitura":"2 minutos"},"schema":{"@context":"https:\/\/schema.org","@graph":[{"@type":"NewsArticle","@id":"https:\/\/marcelolopes.jor.br\/site\/2026\/03\/23\/prefeitura-de-cataguases-abre-consulta-publica-sobre-o-orcamento-2027\/#article","isPartOf":{"@id":"https:\/\/marcelolopes.jor.br\/site\/2026\/03\/23\/prefeitura-de-cataguases-abre-consulta-publica-sobre-o-orcamento-2027\/"},"author":{"name":"Marcelo Lopes","@id":"https:\/\/marcelolopes.jor.br\/site\/#\/schema\/person\/3e7216a35c34d8fdf952b31da3d1f89f"},"headline":"Prefeitura de Cataguases abre consulta p\u00fablica sobre o Or\u00e7amento 2027","datePublished":"2026-03-23T10:00:16+00:00","mainEntityOfPage":{"@id":"https:\/\/marcelolopes.jor.br\/site\/2026\/03\/23\/prefeitura-de-cataguases-abre-consulta-publica-sobre-o-orcamento-2027\/"},"wordCount":315,"commentCount":0,"publisher":{"@id":"https:\/\/marcelolopes.jor.br\/site\/#organization"},"image":{"@id":"https:\/\/marcelolopes.jor.br\/site\/2026\/03\/23\/prefeitura-de-cataguases-abre-consulta-publica-sobre-o-orcamento-2027\/#primaryimage"},"thumbnailUrl":"https:\/\/marcelolopes.jor.br\/site\/wp-content\/uploads\/2026\/03\/Image1.jpg","articleSection":["Not\u00edcias"],"inLanguage":"pt-BR","potentialAction":[{"@type":"CommentAction","name":"Comment","target":["https:\/\/marcelolopes.jor.br\/site\/2026\/03\/23\/prefeitura-de-cataguases-abre-consulta-publica-sobre-o-orcamento-2027\/#respond"]}]},{"@type":"WebPage","@id":"https:\/\/marcelolopes.jor.br\/site\/2026\/03\/23\/prefeitura-de-cataguases-abre-consulta-publica-sobre-o-orcamento-2027\/","url":"https:\/\/marcelolopes.jor.br\/site\/2026\/03\/23\/prefeitura-de-cataguases-abre-consulta-publica-sobre-o-orcamento-2027\/","name":"Prefeitura de Cataguases abre consulta p\u00fablica sobre o or\u00e7amento","isPartOf":{"@id":"https:\/\/marcelolopes.jor.br\/site\/#website"},"primaryImageOfPage":{"@id":"https:\/\/marcelolopes.jor.br\/site\/2026\/03\/23\/prefeitura-de-cataguases-abre-consulta-publica-sobre-o-orcamento-2027\/#primaryimage"},"image":{"@id":"https:\/\/marcelolopes.jor.br\/site\/2026\/03\/23\/prefeitura-de-cataguases-abre-consulta-publica-sobre-o-orcamento-2027\/#primaryimage"},"thumbnailUrl":"https:\/\/marcelolopes.jor.br\/site\/wp-content\/uploads\/2026\/03\/Image1.jpg","datePublished":"2026-03-23T10:00:16+00:00","description":"Prefeitura de Cataguases abre consulta p\u00fablica sobre o or\u00e7amento 2027. Objetivo \u00e9 conhecer as prioridades da popula\u00e7\u00e3o. Prazo vai at\u00e9 6\/04.","breadcrumb":{"@id":"https:\/\/marcelolopes.jor.br\/site\/2026\/03\/23\/prefeitura-de-cataguases-abre-consulta-publica-sobre-o-orcamento-2027\/#breadcrumb"},"inLanguage":"pt-BR","potentialAction":[{"@type":"ReadAction","target":["https:\/\/marcelolopes.jor.br\/site\/2026\/03\/23\/prefeitura-de-cataguases-abre-consulta-publica-sobre-o-orcamento-2027\/"]}]},{"@type":"ImageObject","inLanguage":"pt-BR","@id":"https:\/\/marcelolopes.jor.br\/site\/2026\/03\/23\/prefeitura-de-cataguases-abre-consulta-publica-sobre-o-orcamento-2027\/#primaryimage","url":"https:\/\/marcelolopes.jor.br\/site\/wp-content\/uploads\/2026\/03\/Image1.jpg","contentUrl":"https:\/\/marcelolopes.jor.br\/site\/wp-content\/uploads\/2026\/03\/Image1.jpg","width":635,"height":450},{"@type":"BreadcrumbList","@id":"https:\/\/marcelolopes.jor.br\/site\/2026\/03\/23\/prefeitura-de-cataguases-abre-consulta-publica-sobre-o-orcamento-2027\/#breadcrumb","itemListElement":[{"@type":"ListItem","position":1,"name":"Home","item":"https:\/\/marcelolopes.jor.br\/site\/"},{"@type":"ListItem","position":2,"name":"Prefeitura de Cataguases abre consulta p\u00fablica sobre o Or\u00e7amento 2027"}]},{"@type":"WebSite","@id":"https:\/\/marcelolopes.jor.br\/site\/#website","url":"https:\/\/marcelolopes.jor.br\/site\/","name":"Marcelo Lopes","description":"Not\u00edcias de Cataguases e Regi\u00e3o","publisher":{"@id":"https:\/\/marcelolopes.jor.br\/site\/#organization"},"potentialAction":[{"@type":"SearchAction","target":{"@type":"EntryPoint","urlTemplate":"https:\/\/marcelolopes.jor.br\/site\/?s={search_term_string}"},"query-input":{"@type":"PropertyValueSpecification","valueRequired":true,"valueName":"search_term_string"}}],"inLanguage":"pt-BR"},{"@type":"Organization","@id":"https:\/\/marcelolopes.jor.br\/site\/#organization","name":"Site do Marcelo Lopes","url":"https:\/\/marcelolopes.jor.br\/site\/","logo":{"@type":"ImageObject","inLanguage":"pt-BR","@id":"https:\/\/marcelolopes.jor.br\/site\/#\/schema\/logo\/image\/","url":"https:\/\/marcelolopes.jor.br\/site\/wp-content\/uploads\/2024\/11\/logo-1.png","contentUrl":"https:\/\/marcelolopes.jor.br\/site\/wp-content\/uploads\/2024\/11\/logo-1.png","width":475,"height":80,"caption":"Site do Marcelo Lopes"},"image":{"@id":"https:\/\/marcelolopes.jor.br\/site\/#\/schema\/logo\/image\/"},"sameAs":["https:\/\/www.facebook.com\/sitedomarcelolopes","https:\/\/www.instagram.com\/sitedomarcelolopes\/","https:\/\/www.linkedin.com\/company\/site-do-marcelo-lopes\/","https:\/\/www.youtube.com\/user\/marcelolopes957"]},{"@type":"Person","@id":"https:\/\/marcelolopes.jor.br\/site\/#\/schema\/person\/3e7216a35c34d8fdf952b31da3d1f89f","name":"Marcelo Lopes","sameAs":["http:\/\/www.marcelolopes.jor.br"],"url":"https:\/\/marcelolopes.jor.br\/site\/author\/marcelo\/"}]}},"wps_subtitle":"Objetivo \u00e9 conhecer as prioridades da popula\u00e7\u00e3o. Prazo vai at\u00e9 6\/04.","_links":{"self":[{"href":"https:\/\/marcelolopes.jor.br\/site\/wp-json\/wp\/v2\/posts\/64667","targetHints":{"allow":["GET"]}}],"collection":[{"href":"https:\/\/marcelolopes.jor.br\/site\/wp-json\/wp\/v2\/posts"}],"about":[{"href":"https:\/\/marcelolopes.jor.br\/site\/wp-json\/wp\/v2\/types\/post"}],"author":[{"embeddable":true,"href":"https:\/\/marcelolopes.jor.br\/site\/wp-json\/wp\/v2\/users\/2"}],"replies":[{"embeddable":true,"href":"https:\/\/marcelolopes.jor.br\/site\/wp-json\/wp\/v2\/comments?post=64667"}],"version-history":[{"count":2,"href":"https:\/\/marcelolopes.jor.br\/site\/wp-json\/wp\/v2\/posts\/64667\/revisions"}],"predecessor-version":[{"id":64670,"href":"https:\/\/marcelolopes.jor.br\/site\/wp-json\/wp\/v2\/posts\/64667\/revisions\/64670"}],"wp:featuredmedia":[{"embeddable":true,"href":"https:\/\/marcelolopes.jor.br\/site\/wp-json\/wp\/v2\/media\/64669"}],"wp:attachment":[{"href":"https:\/\/marcelolopes.jor.br\/site\/wp-json\/wp\/v2\/media?parent=64667"}],"wp:term":[{"taxonomy":"category","embeddable":true,"href":"https:\/\/marcelolopes.jor.br\/site\/wp-json\/wp\/v2\/categories?post=64667"},{"taxonomy":"post_tag","embeddable":true,"href":"https:\/\/marcelolopes.jor.br\/site\/wp-json\/wp\/v2\/tags?post=64667"}],"curies":[{"name":"wp","href":"https:\/\/api.w.org\/{rel}","templated":true}]}}