{"id":64506,"date":"2026-03-16T16:00:03","date_gmt":"2026-03-16T19:00:03","guid":{"rendered":"https:\/\/marcelolopes.jor.br\/site\/?p=64506"},"modified":"2026-03-16T14:50:23","modified_gmt":"2026-03-16T17:50:23","slug":"pcmg-e-pmmg-prendem-dois-por-trafico-de-drogas-em-cataguases","status":"publish","type":"post","link":"https:\/\/marcelolopes.jor.br\/site\/2026\/03\/16\/pcmg-e-pmmg-prendem-dois-por-trafico-de-drogas-em-cataguases\/","title":{"rendered":"PCMG e PMMG prendem dois por tr\u00e1fico de drogas em Cataguases"},"content":{"rendered":"<p>A Pol\u00edcia Civil de Minas Gerais (PCMG) e a Pol\u00edcia Militar (PMMG) prenderam em flagrante, na \u00faltima quinta-feira, 12 de mar\u00e7o, dois homens, de 18 e 22 anos, suspeitos de tr\u00e1fico de drogas e associa\u00e7\u00e3o para o tr\u00e1fico. A a\u00e7\u00e3o conjunta ocorreu em Cataguases, ap\u00f3s monitoramento realizado pelos setores de intelig\u00eancia das institui\u00e7\u00f5es.<!--more--><\/p>\n<h4 class=\"p1\"><span class=\"s1\">\ud83d\udcf8\u00a0<span style=\"color: #008000;\">Siga o Site do Marcelo Lopes no<\/span>\u00a0<span style=\"color: #800000;\"><a style=\"color: #800000;\" href=\"https:\/\/www.facebook.com\/sitedomarcelolopes\/\"><strong>Facebook<\/strong><\/a><\/span>\u00a0<span style=\"color: #008000;\">e no<\/span>\u00a0<span style=\"color: #800000;\"><strong><a style=\"color: #800000;\" href=\"https:\/\/www.instagram.com\/sitedomarcelolopes\/\">Instagram<\/a><\/strong><\/span><\/span><\/h4>\n<h4 class=\"p1\">\ud83d\udcf1<span style=\"color: #008000;\">Participe do grupo de<\/span>\u00a0<span style=\"color: #800000;\"><a style=\"color: #800000;\" href=\"https:\/\/chat.whatsapp.com\/BibzcI1ibYSKytbdyzubLA\"><strong>WhatsApp<\/strong><\/a><\/span> <span style=\"color: #008000;\">do Site do Marcelo Lopes<\/span><\/h4>\n<p>Com base nos levantamentos, as equipes identificaram a entrega de entorpecentes em um im\u00f3vel na Vila Resende. Durante a abordagem, os policiais confirmaram a atividade il\u00edcita e efetuaram a pris\u00e3o dos suspeitos. No interior da resid\u00eancia, foram apreendidas diversas por\u00e7\u00f5es de drogas j\u00e1 fracionadas e prontas para comercializa\u00e7\u00e3o, al\u00e9m de materiais que indicam a utiliza\u00e7\u00e3o do espa\u00e7o para o preparo e acondicionamento de subst\u00e2ncias destinadas \u00e0 distribui\u00e7\u00e3o regional.<\/p>\n<p>De acordo com o delegado respons\u00e1vel pelas investiga\u00e7\u00f5es, Giovane Dantas, &#8220;a opera\u00e7\u00e3o representa a continuidade das a\u00e7\u00f5es de enfrentamento ao tr\u00e1fico de drogas no bairro, uma vez que o mesmo im\u00f3vel j\u00e1 havia sido alvo de cumprimento de mandado de busca e apreens\u00e3o em 10 de fevereiro deste ano, ocasi\u00e3o em que foi apreendida grande quantidade de entorpecentes&#8221;.<\/p>\n<p>As investiga\u00e7\u00f5es continuam, e os investigados foram encaminhados ao sistema prisional, permanecendo \u00e0 disposi\u00e7\u00e3o da Justi\u00e7a.<\/p>\n<p><strong>OUTRAS NOT\u00cdCIAS<\/strong><br \/>\n<a href=\"https:\/\/marcelolopes.jor.br\/site\/2026\/03\/03\/homem-com-historico-criminal-e-preso-por-trafico-de-drogas\/\"><strong><span style=\"color: #800000;\">Homem com hist\u00f3rico criminal \u00e9 preso por tr\u00e1fico de drogas<\/span><\/strong><\/a><\/p>\n<p><a href=\"https:\/\/marcelolopes.jor.br\/site\/2026\/03\/01\/jovem-e-preso-por-trafico-de-drogas-em-mirai\/\"><strong><span style=\"color: #800000;\">Jovem \u00e9 preso por tr\u00e1fico de drogas em Mira\u00ed<\/span><\/strong><\/a><\/p>\n<p>Fonte e foto: PCMG &#8211; Ascom<\/p>\n<div class=\"wtlmu69f7648757661\" ><br><\/div><style type=\"text\/css\">\r\n@media screen and (min-width: 1201px) {\r\n.wtlmu69f7648757661 {\r\ndisplay: block;\r\n}\r\n}\r\n@media screen and (min-width: 993px) and (max-width: 1200px) {\r\n.wtlmu69f7648757661 {\r\ndisplay: block;\r\n}\r\n}\r\n@media screen and (min-width: 769px) and (max-width: 992px) {\r\n.wtlmu69f7648757661 {\r\ndisplay: block;\r\n}\r\n}\r\n@media screen and (min-width: 768px) and (max-width: 768px) {\r\n.wtlmu69f7648757661 {\r\ndisplay: block;\r\n}\r\n}\r\n@media screen and (max-width: 767px) {\r\n.wtlmu69f7648757661 {\r\ndisplay: block;\r\n}\r\n}\r\n<\/style>\r\n<div class=\"swene69f764875d3c9\" ><div id=\"div_destino\"><\/div>\r\n<script src=\"https:\/\/cdn.snsrsv.com\/sdk.js\"><\/script>\r\n<script >\r\n      new sdk(\"464030C30061EA8BE065000000000001\") \r\n          .appendTo(\"div_destino\")\r\n          .disableStyle(true) \r\n          .setCacheBusterMacro(\"%%CACHEBUSTER%%\")\r\n          .setSize(\"800\",\"214\")\r\n          .setClickMacro(\"%%CLICK_URL_ESC%%\") \r\n          .setReferrerUrlMacro(\"%%REFERRER_URL_ESC%%\") \r\n          .start(); \r\n<\/script><\/div><style type=\"text\/css\">\r\n@media screen and (min-width: 1201px) {\r\n.swene69f764875d3c9 {\r\ndisplay: block;\r\n}\r\n}\r\n@media screen and (min-width: 993px) and (max-width: 1200px) {\r\n.swene69f764875d3c9 {\r\ndisplay: block;\r\n}\r\n}\r\n@media screen and (min-width: 769px) and (max-width: 992px) {\r\n.swene69f764875d3c9 {\r\ndisplay: block;\r\n}\r\n}\r\n@media screen and (min-width: 768px) and (max-width: 768px) {\r\n.swene69f764875d3c9 {\r\ndisplay: block;\r\n}\r\n}\r\n@media screen and (max-width: 767px) {\r\n.swene69f764875d3c9 {\r\ndisplay: block;\r\n}\r\n}\r\n<\/style>\r\n","protected":false},"excerpt":{"rendered":"<p>A Pol\u00edcia Civil de Minas Gerais (PCMG) e a Pol\u00edcia Militar (PMMG) prenderam em flagrante, na \u00faltima quinta-feira, 12 de mar\u00e7o, dois homens, de 18 e 22 anos, suspeitos de tr\u00e1fico de drogas e associa\u00e7\u00e3o para o tr\u00e1fico. A a\u00e7\u00e3o<\/p>\n<p class=\"link-more\"><a class=\"more-link\" href=\"https:\/\/marcelolopes.jor.br\/site\/2026\/03\/16\/pcmg-e-pmmg-prendem-dois-por-trafico-de-drogas-em-cataguases\/\">Leia mais <span class=\"screen-reader-text\">PCMG e PMMG prendem dois por tr\u00e1fico de drogas em Cataguases<\/span><\/a><\/p>\n","protected":false},"author":2,"featured_media":64508,"comment_status":"open","ping_status":"closed","sticky":false,"template":"","format":"standard","meta":{"footnotes":""},"categories":[1],"tags":[],"class_list":["post-64506","post","type-post","status-publish","format-standard","has-post-thumbnail","hentry","category-noticias","thumb-below-title"],"yoast_head":"<!-- This site is optimized with the Yoast SEO plugin v27.4 - https:\/\/yoast.com\/product\/yoast-seo-wordpress\/ -->\n<title>PCMG e PMMG prendem dois por tr\u00e1fico de drogas em<\/title>\n<meta name=\"description\" content=\"PCMG e PMMG prendem dois por tr\u00e1fico de drogas em Cataguases. A\u00e7\u00e3o e trabalho de intelig\u00eancia resultaram na pris\u00e3o ocorrida na Vila Resende.\" \/>\n<meta name=\"robots\" content=\"index, follow, max-snippet:-1, max-image-preview:large, max-video-preview:-1\" \/>\n<link rel=\"canonical\" href=\"https:\/\/marcelolopes.jor.br\/site\/2026\/03\/16\/pcmg-e-pmmg-prendem-dois-por-trafico-de-drogas-em-cataguases\/\" \/>\n<meta property=\"og:locale\" content=\"pt_BR\" \/>\n<meta property=\"og:type\" content=\"article\" \/>\n<meta property=\"og:title\" content=\"PCMG e PMMG prendem dois por tr\u00e1fico de drogas em\" \/>\n<meta property=\"og:description\" content=\"PCMG e PMMG prendem dois por tr\u00e1fico de drogas em Cataguases. A\u00e7\u00e3o e trabalho de intelig\u00eancia resultaram na pris\u00e3o ocorrida na Vila Resende.\" \/>\n<meta property=\"og:url\" content=\"https:\/\/marcelolopes.jor.br\/site\/2026\/03\/16\/pcmg-e-pmmg-prendem-dois-por-trafico-de-drogas-em-cataguases\/\" \/>\n<meta property=\"og:site_name\" content=\"Marcelo Lopes\" \/>\n<meta property=\"article:publisher\" content=\"https:\/\/www.facebook.com\/sitedomarcelolopes\" \/>\n<meta property=\"article:published_time\" content=\"2026-03-16T19:00:03+00:00\" \/>\n<meta property=\"og:image\" content=\"https:\/\/marcelolopes.jor.br\/site\/wp-content\/uploads\/2026\/03\/2026-03-16-at-10.51.24.jpeg\" \/>\n\t<meta property=\"og:image:width\" content=\"800\" \/>\n\t<meta property=\"og:image:height\" content=\"630\" \/>\n\t<meta property=\"og:image:type\" content=\"image\/jpeg\" \/>\n<meta name=\"author\" content=\"Marcelo Lopes\" \/>\n<meta name=\"twitter:card\" content=\"summary_large_image\" \/>\n<meta name=\"twitter:label1\" content=\"Escrito por\" \/>\n\t<meta name=\"twitter:data1\" content=\"Marcelo Lopes\" \/>\n\t<meta name=\"twitter:label2\" content=\"Est. tempo de leitura\" \/>\n\t<meta name=\"twitter:data2\" content=\"1 minuto\" \/>\n<script type=\"application\/ld+json\" class=\"yoast-schema-graph\">{\"@context\":\"https:\\\/\\\/schema.org\",\"@graph\":[{\"@type\":\"NewsArticle\",\"@id\":\"https:\\\/\\\/marcelolopes.jor.br\\\/site\\\/2026\\\/03\\\/16\\\/pcmg-e-pmmg-prendem-dois-por-trafico-de-drogas-em-cataguases\\\/#article\",\"isPartOf\":{\"@id\":\"https:\\\/\\\/marcelolopes.jor.br\\\/site\\\/2026\\\/03\\\/16\\\/pcmg-e-pmmg-prendem-dois-por-trafico-de-drogas-em-cataguases\\\/\"},\"author\":{\"name\":\"Marcelo Lopes\",\"@id\":\"https:\\\/\\\/marcelolopes.jor.br\\\/site\\\/#\\\/schema\\\/person\\\/3e7216a35c34d8fdf952b31da3d1f89f\"},\"headline\":\"PCMG e PMMG prendem dois por tr\u00e1fico de drogas em Cataguases\",\"datePublished\":\"2026-03-16T19:00:03+00:00\",\"mainEntityOfPage\":{\"@id\":\"https:\\\/\\\/marcelolopes.jor.br\\\/site\\\/2026\\\/03\\\/16\\\/pcmg-e-pmmg-prendem-dois-por-trafico-de-drogas-em-cataguases\\\/\"},\"wordCount\":283,\"commentCount\":0,\"publisher\":{\"@id\":\"https:\\\/\\\/marcelolopes.jor.br\\\/site\\\/#organization\"},\"image\":{\"@id\":\"https:\\\/\\\/marcelolopes.jor.br\\\/site\\\/2026\\\/03\\\/16\\\/pcmg-e-pmmg-prendem-dois-por-trafico-de-drogas-em-cataguases\\\/#primaryimage\"},\"thumbnailUrl\":\"https:\\\/\\\/marcelolopes.jor.br\\\/site\\\/wp-content\\\/uploads\\\/2026\\\/03\\\/2026-03-16-at-10.51.24.jpeg\",\"articleSection\":[\"Not\u00edcias\"],\"inLanguage\":\"pt-BR\",\"potentialAction\":[{\"@type\":\"CommentAction\",\"name\":\"Comment\",\"target\":[\"https:\\\/\\\/marcelolopes.jor.br\\\/site\\\/2026\\\/03\\\/16\\\/pcmg-e-pmmg-prendem-dois-por-trafico-de-drogas-em-cataguases\\\/#respond\"]}]},{\"@type\":\"WebPage\",\"@id\":\"https:\\\/\\\/marcelolopes.jor.br\\\/site\\\/2026\\\/03\\\/16\\\/pcmg-e-pmmg-prendem-dois-por-trafico-de-drogas-em-cataguases\\\/\",\"url\":\"https:\\\/\\\/marcelolopes.jor.br\\\/site\\\/2026\\\/03\\\/16\\\/pcmg-e-pmmg-prendem-dois-por-trafico-de-drogas-em-cataguases\\\/\",\"name\":\"PCMG e PMMG prendem dois por tr\u00e1fico de drogas em\",\"isPartOf\":{\"@id\":\"https:\\\/\\\/marcelolopes.jor.br\\\/site\\\/#website\"},\"primaryImageOfPage\":{\"@id\":\"https:\\\/\\\/marcelolopes.jor.br\\\/site\\\/2026\\\/03\\\/16\\\/pcmg-e-pmmg-prendem-dois-por-trafico-de-drogas-em-cataguases\\\/#primaryimage\"},\"image\":{\"@id\":\"https:\\\/\\\/marcelolopes.jor.br\\\/site\\\/2026\\\/03\\\/16\\\/pcmg-e-pmmg-prendem-dois-por-trafico-de-drogas-em-cataguases\\\/#primaryimage\"},\"thumbnailUrl\":\"https:\\\/\\\/marcelolopes.jor.br\\\/site\\\/wp-content\\\/uploads\\\/2026\\\/03\\\/2026-03-16-at-10.51.24.jpeg\",\"datePublished\":\"2026-03-16T19:00:03+00:00\",\"description\":\"PCMG e PMMG prendem dois por tr\u00e1fico de drogas em Cataguases. A\u00e7\u00e3o e trabalho de intelig\u00eancia resultaram na pris\u00e3o ocorrida na Vila Resende.\",\"breadcrumb\":{\"@id\":\"https:\\\/\\\/marcelolopes.jor.br\\\/site\\\/2026\\\/03\\\/16\\\/pcmg-e-pmmg-prendem-dois-por-trafico-de-drogas-em-cataguases\\\/#breadcrumb\"},\"inLanguage\":\"pt-BR\",\"potentialAction\":[{\"@type\":\"ReadAction\",\"target\":[\"https:\\\/\\\/marcelolopes.jor.br\\\/site\\\/2026\\\/03\\\/16\\\/pcmg-e-pmmg-prendem-dois-por-trafico-de-drogas-em-cataguases\\\/\"]}]},{\"@type\":\"ImageObject\",\"inLanguage\":\"pt-BR\",\"@id\":\"https:\\\/\\\/marcelolopes.jor.br\\\/site\\\/2026\\\/03\\\/16\\\/pcmg-e-pmmg-prendem-dois-por-trafico-de-drogas-em-cataguases\\\/#primaryimage\",\"url\":\"https:\\\/\\\/marcelolopes.jor.br\\\/site\\\/wp-content\\\/uploads\\\/2026\\\/03\\\/2026-03-16-at-10.51.24.jpeg\",\"contentUrl\":\"https:\\\/\\\/marcelolopes.jor.br\\\/site\\\/wp-content\\\/uploads\\\/2026\\\/03\\\/2026-03-16-at-10.51.24.jpeg\",\"width\":800,\"height\":630,\"caption\":\"PCMG e PMMG prendem\"},{\"@type\":\"BreadcrumbList\",\"@id\":\"https:\\\/\\\/marcelolopes.jor.br\\\/site\\\/2026\\\/03\\\/16\\\/pcmg-e-pmmg-prendem-dois-por-trafico-de-drogas-em-cataguases\\\/#breadcrumb\",\"itemListElement\":[{\"@type\":\"ListItem\",\"position\":1,\"name\":\"Home\",\"item\":\"https:\\\/\\\/marcelolopes.jor.br\\\/site\\\/\"},{\"@type\":\"ListItem\",\"position\":2,\"name\":\"PCMG e PMMG prendem dois por tr\u00e1fico de drogas em Cataguases\"}]},{\"@type\":\"WebSite\",\"@id\":\"https:\\\/\\\/marcelolopes.jor.br\\\/site\\\/#website\",\"url\":\"https:\\\/\\\/marcelolopes.jor.br\\\/site\\\/\",\"name\":\"Marcelo Lopes\",\"description\":\"Not\u00edcias de Cataguases e Regi\u00e3o\",\"publisher\":{\"@id\":\"https:\\\/\\\/marcelolopes.jor.br\\\/site\\\/#organization\"},\"potentialAction\":[{\"@type\":\"SearchAction\",\"target\":{\"@type\":\"EntryPoint\",\"urlTemplate\":\"https:\\\/\\\/marcelolopes.jor.br\\\/site\\\/?s={search_term_string}\"},\"query-input\":{\"@type\":\"PropertyValueSpecification\",\"valueRequired\":true,\"valueName\":\"search_term_string\"}}],\"inLanguage\":\"pt-BR\"},{\"@type\":\"Organization\",\"@id\":\"https:\\\/\\\/marcelolopes.jor.br\\\/site\\\/#organization\",\"name\":\"Site do Marcelo Lopes\",\"url\":\"https:\\\/\\\/marcelolopes.jor.br\\\/site\\\/\",\"logo\":{\"@type\":\"ImageObject\",\"inLanguage\":\"pt-BR\",\"@id\":\"https:\\\/\\\/marcelolopes.jor.br\\\/site\\\/#\\\/schema\\\/logo\\\/image\\\/\",\"url\":\"https:\\\/\\\/marcelolopes.jor.br\\\/site\\\/wp-content\\\/uploads\\\/2024\\\/11\\\/logo-1.png\",\"contentUrl\":\"https:\\\/\\\/marcelolopes.jor.br\\\/site\\\/wp-content\\\/uploads\\\/2024\\\/11\\\/logo-1.png\",\"width\":475,\"height\":80,\"caption\":\"Site do Marcelo Lopes\"},\"image\":{\"@id\":\"https:\\\/\\\/marcelolopes.jor.br\\\/site\\\/#\\\/schema\\\/logo\\\/image\\\/\"},\"sameAs\":[\"https:\\\/\\\/www.facebook.com\\\/sitedomarcelolopes\",\"https:\\\/\\\/www.instagram.com\\\/sitedomarcelolopes\\\/\",\"https:\\\/\\\/www.linkedin.com\\\/company\\\/site-do-marcelo-lopes\\\/\",\"https:\\\/\\\/www.youtube.com\\\/user\\\/marcelolopes957\"]},{\"@type\":\"Person\",\"@id\":\"https:\\\/\\\/marcelolopes.jor.br\\\/site\\\/#\\\/schema\\\/person\\\/3e7216a35c34d8fdf952b31da3d1f89f\",\"name\":\"Marcelo Lopes\",\"sameAs\":[\"http:\\\/\\\/www.marcelolopes.jor.br\"],\"url\":\"https:\\\/\\\/marcelolopes.jor.br\\\/site\\\/author\\\/marcelo\\\/\"}]}<\/script>\n<!-- \/ Yoast SEO plugin. -->","yoast_head_json":{"title":"PCMG e PMMG prendem dois por tr\u00e1fico de drogas em","description":"PCMG e PMMG prendem dois por tr\u00e1fico de drogas em Cataguases. A\u00e7\u00e3o e trabalho de intelig\u00eancia resultaram na pris\u00e3o ocorrida na Vila Resende.","robots":{"index":"index","follow":"follow","max-snippet":"max-snippet:-1","max-image-preview":"max-image-preview:large","max-video-preview":"max-video-preview:-1"},"canonical":"https:\/\/marcelolopes.jor.br\/site\/2026\/03\/16\/pcmg-e-pmmg-prendem-dois-por-trafico-de-drogas-em-cataguases\/","og_locale":"pt_BR","og_type":"article","og_title":"PCMG e PMMG prendem dois por tr\u00e1fico de drogas em","og_description":"PCMG e PMMG prendem dois por tr\u00e1fico de drogas em Cataguases. A\u00e7\u00e3o e trabalho de intelig\u00eancia resultaram na pris\u00e3o ocorrida na Vila Resende.","og_url":"https:\/\/marcelolopes.jor.br\/site\/2026\/03\/16\/pcmg-e-pmmg-prendem-dois-por-trafico-de-drogas-em-cataguases\/","og_site_name":"Marcelo Lopes","article_publisher":"https:\/\/www.facebook.com\/sitedomarcelolopes","article_published_time":"2026-03-16T19:00:03+00:00","og_image":[{"width":800,"height":630,"url":"https:\/\/marcelolopes.jor.br\/site\/wp-content\/uploads\/2026\/03\/2026-03-16-at-10.51.24.jpeg","type":"image\/jpeg"}],"author":"Marcelo Lopes","twitter_card":"summary_large_image","twitter_misc":{"Escrito por":"Marcelo Lopes","Est. tempo de leitura":"1 minuto"},"schema":{"@context":"https:\/\/schema.org","@graph":[{"@type":"NewsArticle","@id":"https:\/\/marcelolopes.jor.br\/site\/2026\/03\/16\/pcmg-e-pmmg-prendem-dois-por-trafico-de-drogas-em-cataguases\/#article","isPartOf":{"@id":"https:\/\/marcelolopes.jor.br\/site\/2026\/03\/16\/pcmg-e-pmmg-prendem-dois-por-trafico-de-drogas-em-cataguases\/"},"author":{"name":"Marcelo Lopes","@id":"https:\/\/marcelolopes.jor.br\/site\/#\/schema\/person\/3e7216a35c34d8fdf952b31da3d1f89f"},"headline":"PCMG e PMMG prendem dois por tr\u00e1fico de drogas em Cataguases","datePublished":"2026-03-16T19:00:03+00:00","mainEntityOfPage":{"@id":"https:\/\/marcelolopes.jor.br\/site\/2026\/03\/16\/pcmg-e-pmmg-prendem-dois-por-trafico-de-drogas-em-cataguases\/"},"wordCount":283,"commentCount":0,"publisher":{"@id":"https:\/\/marcelolopes.jor.br\/site\/#organization"},"image":{"@id":"https:\/\/marcelolopes.jor.br\/site\/2026\/03\/16\/pcmg-e-pmmg-prendem-dois-por-trafico-de-drogas-em-cataguases\/#primaryimage"},"thumbnailUrl":"https:\/\/marcelolopes.jor.br\/site\/wp-content\/uploads\/2026\/03\/2026-03-16-at-10.51.24.jpeg","articleSection":["Not\u00edcias"],"inLanguage":"pt-BR","potentialAction":[{"@type":"CommentAction","name":"Comment","target":["https:\/\/marcelolopes.jor.br\/site\/2026\/03\/16\/pcmg-e-pmmg-prendem-dois-por-trafico-de-drogas-em-cataguases\/#respond"]}]},{"@type":"WebPage","@id":"https:\/\/marcelolopes.jor.br\/site\/2026\/03\/16\/pcmg-e-pmmg-prendem-dois-por-trafico-de-drogas-em-cataguases\/","url":"https:\/\/marcelolopes.jor.br\/site\/2026\/03\/16\/pcmg-e-pmmg-prendem-dois-por-trafico-de-drogas-em-cataguases\/","name":"PCMG e PMMG prendem dois por tr\u00e1fico de drogas em","isPartOf":{"@id":"https:\/\/marcelolopes.jor.br\/site\/#website"},"primaryImageOfPage":{"@id":"https:\/\/marcelolopes.jor.br\/site\/2026\/03\/16\/pcmg-e-pmmg-prendem-dois-por-trafico-de-drogas-em-cataguases\/#primaryimage"},"image":{"@id":"https:\/\/marcelolopes.jor.br\/site\/2026\/03\/16\/pcmg-e-pmmg-prendem-dois-por-trafico-de-drogas-em-cataguases\/#primaryimage"},"thumbnailUrl":"https:\/\/marcelolopes.jor.br\/site\/wp-content\/uploads\/2026\/03\/2026-03-16-at-10.51.24.jpeg","datePublished":"2026-03-16T19:00:03+00:00","description":"PCMG e PMMG prendem dois por tr\u00e1fico de drogas em Cataguases. A\u00e7\u00e3o e trabalho de intelig\u00eancia resultaram na pris\u00e3o ocorrida na Vila Resende.","breadcrumb":{"@id":"https:\/\/marcelolopes.jor.br\/site\/2026\/03\/16\/pcmg-e-pmmg-prendem-dois-por-trafico-de-drogas-em-cataguases\/#breadcrumb"},"inLanguage":"pt-BR","potentialAction":[{"@type":"ReadAction","target":["https:\/\/marcelolopes.jor.br\/site\/2026\/03\/16\/pcmg-e-pmmg-prendem-dois-por-trafico-de-drogas-em-cataguases\/"]}]},{"@type":"ImageObject","inLanguage":"pt-BR","@id":"https:\/\/marcelolopes.jor.br\/site\/2026\/03\/16\/pcmg-e-pmmg-prendem-dois-por-trafico-de-drogas-em-cataguases\/#primaryimage","url":"https:\/\/marcelolopes.jor.br\/site\/wp-content\/uploads\/2026\/03\/2026-03-16-at-10.51.24.jpeg","contentUrl":"https:\/\/marcelolopes.jor.br\/site\/wp-content\/uploads\/2026\/03\/2026-03-16-at-10.51.24.jpeg","width":800,"height":630,"caption":"PCMG e PMMG prendem"},{"@type":"BreadcrumbList","@id":"https:\/\/marcelolopes.jor.br\/site\/2026\/03\/16\/pcmg-e-pmmg-prendem-dois-por-trafico-de-drogas-em-cataguases\/#breadcrumb","itemListElement":[{"@type":"ListItem","position":1,"name":"Home","item":"https:\/\/marcelolopes.jor.br\/site\/"},{"@type":"ListItem","position":2,"name":"PCMG e PMMG prendem dois por tr\u00e1fico de drogas em Cataguases"}]},{"@type":"WebSite","@id":"https:\/\/marcelolopes.jor.br\/site\/#website","url":"https:\/\/marcelolopes.jor.br\/site\/","name":"Marcelo Lopes","description":"Not\u00edcias de Cataguases e Regi\u00e3o","publisher":{"@id":"https:\/\/marcelolopes.jor.br\/site\/#organization"},"potentialAction":[{"@type":"SearchAction","target":{"@type":"EntryPoint","urlTemplate":"https:\/\/marcelolopes.jor.br\/site\/?s={search_term_string}"},"query-input":{"@type":"PropertyValueSpecification","valueRequired":true,"valueName":"search_term_string"}}],"inLanguage":"pt-BR"},{"@type":"Organization","@id":"https:\/\/marcelolopes.jor.br\/site\/#organization","name":"Site do Marcelo Lopes","url":"https:\/\/marcelolopes.jor.br\/site\/","logo":{"@type":"ImageObject","inLanguage":"pt-BR","@id":"https:\/\/marcelolopes.jor.br\/site\/#\/schema\/logo\/image\/","url":"https:\/\/marcelolopes.jor.br\/site\/wp-content\/uploads\/2024\/11\/logo-1.png","contentUrl":"https:\/\/marcelolopes.jor.br\/site\/wp-content\/uploads\/2024\/11\/logo-1.png","width":475,"height":80,"caption":"Site do Marcelo Lopes"},"image":{"@id":"https:\/\/marcelolopes.jor.br\/site\/#\/schema\/logo\/image\/"},"sameAs":["https:\/\/www.facebook.com\/sitedomarcelolopes","https:\/\/www.instagram.com\/sitedomarcelolopes\/","https:\/\/www.linkedin.com\/company\/site-do-marcelo-lopes\/","https:\/\/www.youtube.com\/user\/marcelolopes957"]},{"@type":"Person","@id":"https:\/\/marcelolopes.jor.br\/site\/#\/schema\/person\/3e7216a35c34d8fdf952b31da3d1f89f","name":"Marcelo Lopes","sameAs":["http:\/\/www.marcelolopes.jor.br"],"url":"https:\/\/marcelolopes.jor.br\/site\/author\/marcelo\/"}]}},"wps_subtitle":"A\u00e7\u00e3o conjunta e trabalho de intelig\u00eancia resultaram na pris\u00e3o ocorrida na Vila Resende.","_links":{"self":[{"href":"https:\/\/marcelolopes.jor.br\/site\/wp-json\/wp\/v2\/posts\/64506","targetHints":{"allow":["GET"]}}],"collection":[{"href":"https:\/\/marcelolopes.jor.br\/site\/wp-json\/wp\/v2\/posts"}],"about":[{"href":"https:\/\/marcelolopes.jor.br\/site\/wp-json\/wp\/v2\/types\/post"}],"author":[{"embeddable":true,"href":"https:\/\/marcelolopes.jor.br\/site\/wp-json\/wp\/v2\/users\/2"}],"replies":[{"embeddable":true,"href":"https:\/\/marcelolopes.jor.br\/site\/wp-json\/wp\/v2\/comments?post=64506"}],"version-history":[{"count":0,"href":"https:\/\/marcelolopes.jor.br\/site\/wp-json\/wp\/v2\/posts\/64506\/revisions"}],"wp:featuredmedia":[{"embeddable":true,"href":"https:\/\/marcelolopes.jor.br\/site\/wp-json\/wp\/v2\/media\/64508"}],"wp:attachment":[{"href":"https:\/\/marcelolopes.jor.br\/site\/wp-json\/wp\/v2\/media?parent=64506"}],"wp:term":[{"taxonomy":"category","embeddable":true,"href":"https:\/\/marcelolopes.jor.br\/site\/wp-json\/wp\/v2\/categories?post=64506"},{"taxonomy":"post_tag","embeddable":true,"href":"https:\/\/marcelolopes.jor.br\/site\/wp-json\/wp\/v2\/tags?post=64506"}],"curies":[{"name":"wp","href":"https:\/\/api.w.org\/{rel}","templated":true}]}}