{"id":64425,"date":"2026-03-12T20:00:53","date_gmt":"2026-03-12T23:00:53","guid":{"rendered":"https:\/\/marcelolopes.jor.br\/site\/?p=64425"},"modified":"2026-03-12T20:08:20","modified_gmt":"2026-03-12T23:08:20","slug":"cataguases-inaugura-sistema-municipal-de-coleta-seletiva","status":"publish","type":"post","link":"https:\/\/marcelolopes.jor.br\/site\/2026\/03\/12\/cataguases-inaugura-sistema-municipal-de-coleta-seletiva\/","title":{"rendered":"Cataguases inaugura Sistema Municipal de Coleta Seletiva"},"content":{"rendered":"<p>A Prefeitura de Cataguases deu mais um passo importante rumo \u00e0 sustentabilidade e \u00e0 gest\u00e3o respons\u00e1vel de res\u00edduos s\u00f3lidos com a inaugura\u00e7\u00e3o do Sistema Municipal de Coleta Seletiva e da cooperativa Recicla Cataguases. O evento, realizado nesta quinta-feira, 12 de mar\u00e7o, na sede da cooperativa, reuniu representantes da administra\u00e7\u00e3o municipal, do Instituto Recicleiros, al\u00e9m de parceiros e investidores como BNDES e Alliance to End Plastic Waste.<!--more--><\/p>\n<h4 class=\"p1\"><span class=\"s1\">\ud83d\udcf8\u00a0<span style=\"color: #008000;\">Siga o Site do Marcelo Lopes no<\/span>\u00a0<span style=\"color: #800000;\"><a style=\"color: #800000;\" href=\"https:\/\/www.facebook.com\/sitedomarcelolopes\/\"><strong>Facebook<\/strong><\/a><\/span>\u00a0<span style=\"color: #008000;\">e no<\/span>\u00a0<span style=\"color: #800000;\"><strong><a style=\"color: #800000;\" href=\"https:\/\/www.instagram.com\/sitedomarcelolopes\/\">Instagram<\/a><\/strong><\/span><\/span><\/h4>\n<h4 class=\"p1\">\ud83d\udcf1<span style=\"color: #008000;\">Participe do grupo de<\/span>\u00a0<span style=\"color: #800000;\"><a style=\"color: #800000;\" href=\"https:\/\/chat.whatsapp.com\/BibzcI1ibYSKytbdyzubLA\"><strong>WhatsApp<\/strong><\/a><\/span> <span style=\"color: #008000;\">do Site do Marcelo Lopes<\/span><\/h4>\n<p>A iniciativa consolida a coleta seletiva como pol\u00edtica p\u00fablica permanente no munic\u00edpio, integrando coleta, triagem, educa\u00e7\u00e3o ambiental e comercializa\u00e7\u00e3o de materiais recicl\u00e1veis. O modelo adotado coloca os catadores como protagonistas do processo, garantindo estrutura adequada de trabalho, remunera\u00e7\u00e3o pelos servi\u00e7os ambientais prestados e maior efici\u00eancia na destina\u00e7\u00e3o dos res\u00edduos.<\/p>\n<p>O prefeito Jos\u00e9 Henriques destacou que a implanta\u00e7\u00e3o do sistema representa um avan\u00e7o importante para a cidade, unindo preserva\u00e7\u00e3o ambiental, gera\u00e7\u00e3o de oportunidades e melhoria da qualidade de vida da popula\u00e7\u00e3o.<\/p>\n<p>\u201cEstamos construindo uma pol\u00edtica p\u00fablica s\u00f3lida, que transforma um problema ambiental em oportunidade de desenvolvimento social e econ\u00f4mico. A coleta seletiva significa uma cidade mais limpa, mais consciente e com novas oportunidades para quem vive do trabalho da reciclagem\u201d, afirmou.<\/p>\n<p><img loading=\"lazy\" decoding=\"async\" class=\"aligncenter wp-image-64438\" src=\"https:\/\/marcelolopes.jor.br\/site\/wp-content\/uploads\/2026\/03\/04-300x225.jpeg\" alt=\"Cataguases inaugura Sistema Municipal\" width=\"700\" height=\"525\" \/><\/p>\n<h3>Impacto ambiental e econ\u00f4mico<\/h3>\n<p>Cataguases possui um potencial estimado de aproximadamente 534 toneladas de res\u00edduos recicl\u00e1veis por m\u00eas, presentes na composi\u00e7\u00e3o dos res\u00edduos s\u00f3lidos domiciliares do munic\u00edpio. Com a implanta\u00e7\u00e3o estruturada da coleta seletiva, a previs\u00e3o \u00e9 que mais de 350 toneladas de materiais recicl\u00e1veis sejam recuperadas mensalmente, deixando de ser destinadas a aterros e retornando \u00e0 cadeia produtiva.<\/p>\n<p>Esse processo fortalece a chamada economia circular, na qual os materiais s\u00e3o reaproveitados e reinseridos na ind\u00fastria, reduzindo impactos ambientais e promovendo maior efici\u00eancia no uso de recursos naturais.<\/p>\n<p>A coleta seletiva foi planejada para atender mais de 63 mil moradores, com implanta\u00e7\u00e3o gradual do servi\u00e7o. A expans\u00e3o ser\u00e1 progressiva at\u00e9 alcan\u00e7ar toda a \u00e1rea urbana do munic\u00edpio, ampliando o acesso da popula\u00e7\u00e3o ao sistema.<\/p>\n<p><img loading=\"lazy\" decoding=\"async\" class=\"aligncenter wp-image-64437\" src=\"https:\/\/marcelolopes.jor.br\/site\/wp-content\/uploads\/2026\/03\/03-300x225.jpeg\" alt=\"Cataguases inaugura Sistema Municipal\" width=\"700\" height=\"525\" \/><\/p>\n<h3>Estrutura moderna e inclus\u00e3o social<\/h3>\n<p>A central de triagem da cooperativa Recicla Cataguases conta com<br \/>\ninfraestrutura moderna e segura, com capacidade instalada para processar cerca de 200 toneladas de res\u00edduos recicl\u00e1veis secos por m\u00eas, compostos majoritariamente por embalagens p\u00f3s-consumo provenientes das resid\u00eancias.<\/p>\n<p>No local, os materiais coletados passam por separa\u00e7\u00e3o, classifica\u00e7\u00e3o e prepara\u00e7\u00e3o para comercializa\u00e7\u00e3o, permitindo que retornem ao ciclo produtivo.<\/p>\n<p>Al\u00e9m do impacto ambiental positivo, o projeto tamb\u00e9m promove inclus\u00e3o socioprodutiva. A amplia\u00e7\u00e3o da coleta seletiva e o aumento do volume de materiais processados permitir\u00e3o o crescimento gradual da cooperativa, com previs\u00e3o de gera\u00e7\u00e3o de at\u00e9 58 postos de trabalho para catadores organizados, garantindo renda, dignidade e melhores condi\u00e7\u00f5es de trabalho.<\/p>\n<p>As catadoras e catadores tamb\u00e9m recebem forma\u00e7\u00e3o t\u00e9cnica e capacita\u00e7\u00e3o profissional por meio do Instituto Recicleiros, fortalecendo a gest\u00e3o da cooperativa e garantindo autonomia aos trabalhadores ao longo do desenvolvimento do projeto.<\/p>\n<p><img loading=\"lazy\" decoding=\"async\" class=\"aligncenter wp-image-64436\" src=\"https:\/\/marcelolopes.jor.br\/site\/wp-content\/uploads\/2026\/03\/02-300x225.jpeg\" alt=\"\" width=\"700\" height=\"525\" \/><\/p>\n<h3>Educa\u00e7\u00e3o ambiental e participa\u00e7\u00e3o da popula\u00e7\u00e3o<\/h3>\n<p>Como parte da implanta\u00e7\u00e3o do sistema, a Prefeitura tamb\u00e9m iniciou a\u00e7\u00f5es permanentes de mobiliza\u00e7\u00e3o e educa\u00e7\u00e3o ambiental para orientar a popula\u00e7\u00e3o sobre a separa\u00e7\u00e3o correta dos res\u00edduos recicl\u00e1veis.<\/p>\n<p>As iniciativas incluem visitas porta a porta, campanhas de comunica\u00e7\u00e3o, a\u00e7\u00f5es em escolas, \u00f3rg\u00e3os p\u00fablicos e atividades de conscientiza\u00e7\u00e3o em diversos bairros da cidade.<\/p>\n<p>Paralelamente, a log\u00edstica da coleta seletiva porta a porta est\u00e1 sendo ampliada gradualmente. A expectativa \u00e9 que todo o per\u00edmetro urbano de Cataguases seja atendido pelo caminh\u00e3o da coleta seletiva ainda neste ano, consolidando o sistema como um servi\u00e7o essencial para a cidade.<\/p>\n<h3>Compromisso com o futuro<\/h3>\n<p>A implanta\u00e7\u00e3o do Sistema Municipal de Coleta Seletiva refor\u00e7a o compromisso da Prefeitura de Cataguases com o desenvolvimento sustent\u00e1vel, a preserva\u00e7\u00e3o ambiental e a gera\u00e7\u00e3o de oportunidades para a popula\u00e7\u00e3o.<\/p>\n<p>Com a participa\u00e7\u00e3o da sociedade, do poder p\u00fablico e de parceiros institucionais, a cidade avan\u00e7a na constru\u00e7\u00e3o de um modelo de gest\u00e3o de res\u00edduos mais eficiente, humano e ambientalmente respons\u00e1vel.<\/p>\n<p><strong>OUTRAS NOT\u00cdCIAS<\/strong><br \/>\n<a href=\"https:\/\/marcelolopes.jor.br\/site\/2026\/02\/24\/prefeitura-de-cataguases-convida-servidores-a-atuarem-na-modernizacao-da-administracao\/\"><strong><span style=\"color: #800000;\">Prefeitura de Cataguases convida servidores a atuarem na moderniza\u00e7\u00e3o da administra\u00e7\u00e3o<\/span><\/strong><\/a><\/p>\n<p><a href=\"https:\/\/marcelolopes.jor.br\/site\/2025\/10\/09\/prefeitura-de-cataguases-vai-adequar-escolas-e-unidades-de-saude\/\"><strong><span style=\"color: #800000;\">Prefeitura de Cataguases vai adequar escolas e unidades de sa\u00fade<\/span><\/strong><\/a><\/p>\n<p>Texto e fotos: Prefeitura de Cataguases<\/p>\n<div class=\"fnngj69f77967eae46\" ><br><\/div><style type=\"text\/css\">\r\n@media screen and (min-width: 1201px) {\r\n.fnngj69f77967eae46 {\r\ndisplay: block;\r\n}\r\n}\r\n@media screen and (min-width: 993px) and (max-width: 1200px) {\r\n.fnngj69f77967eae46 {\r\ndisplay: block;\r\n}\r\n}\r\n@media screen and (min-width: 769px) and (max-width: 992px) {\r\n.fnngj69f77967eae46 {\r\ndisplay: block;\r\n}\r\n}\r\n@media screen and (min-width: 768px) and (max-width: 768px) {\r\n.fnngj69f77967eae46 {\r\ndisplay: block;\r\n}\r\n}\r\n@media screen and (max-width: 767px) {\r\n.fnngj69f77967eae46 {\r\ndisplay: block;\r\n}\r\n}\r\n<\/style>\r\n<div class=\"scnho69f77967f1514\" ><div id=\"div_destino\"><\/div>\r\n<script src=\"https:\/\/cdn.snsrsv.com\/sdk.js\"><\/script>\r\n<script >\r\n      new sdk(\"464030C30061EA8BE065000000000001\") \r\n          .appendTo(\"div_destino\")\r\n          .disableStyle(true) \r\n          .setCacheBusterMacro(\"%%CACHEBUSTER%%\")\r\n          .setSize(\"800\",\"214\")\r\n          .setClickMacro(\"%%CLICK_URL_ESC%%\") \r\n          .setReferrerUrlMacro(\"%%REFERRER_URL_ESC%%\") \r\n          .start(); \r\n<\/script><\/div><style type=\"text\/css\">\r\n@media screen and (min-width: 1201px) {\r\n.scnho69f77967f1514 {\r\ndisplay: block;\r\n}\r\n}\r\n@media screen and (min-width: 993px) and (max-width: 1200px) {\r\n.scnho69f77967f1514 {\r\ndisplay: block;\r\n}\r\n}\r\n@media screen and (min-width: 769px) and (max-width: 992px) {\r\n.scnho69f77967f1514 {\r\ndisplay: block;\r\n}\r\n}\r\n@media screen and (min-width: 768px) and (max-width: 768px) {\r\n.scnho69f77967f1514 {\r\ndisplay: block;\r\n}\r\n}\r\n@media screen and (max-width: 767px) {\r\n.scnho69f77967f1514 {\r\ndisplay: block;\r\n}\r\n}\r\n<\/style>\r\n","protected":false},"excerpt":{"rendered":"<p>A Prefeitura de Cataguases deu mais um passo importante rumo \u00e0 sustentabilidade e \u00e0 gest\u00e3o respons\u00e1vel de res\u00edduos s\u00f3lidos com a inaugura\u00e7\u00e3o do Sistema Municipal de Coleta Seletiva e da cooperativa Recicla Cataguases. O evento, realizado nesta quinta-feira, 12 de<\/p>\n<p class=\"link-more\"><a class=\"more-link\" href=\"https:\/\/marcelolopes.jor.br\/site\/2026\/03\/12\/cataguases-inaugura-sistema-municipal-de-coleta-seletiva\/\">Leia mais <span class=\"screen-reader-text\">Cataguases inaugura Sistema Municipal de Coleta Seletiva<\/span><\/a><\/p>\n","protected":false},"author":2,"featured_media":64435,"comment_status":"open","ping_status":"closed","sticky":false,"template":"","format":"standard","meta":{"footnotes":""},"categories":[1],"tags":[],"class_list":["post-64425","post","type-post","status-publish","format-standard","has-post-thumbnail","hentry","category-noticias","thumb-below-title"],"yoast_head":"<!-- This site is optimized with the Yoast SEO plugin v27.4 - https:\/\/yoast.com\/product\/yoast-seo-wordpress\/ -->\n<title>Cataguases inaugura Sistema Municipal de Coleta Seletiva | Marcelo Lopes<\/title>\n<meta name=\"description\" content=\"Cataguases inaugura Sistema Municipal de Coleta Seletiva. Iniciativa fortalece e consolida a pol\u00edtica p\u00fablica da reciclagem.\" \/>\n<meta name=\"robots\" content=\"index, follow, max-snippet:-1, max-image-preview:large, max-video-preview:-1\" \/>\n<link rel=\"canonical\" href=\"https:\/\/marcelolopes.jor.br\/site\/2026\/03\/12\/cataguases-inaugura-sistema-municipal-de-coleta-seletiva\/\" \/>\n<meta property=\"og:locale\" content=\"pt_BR\" \/>\n<meta property=\"og:type\" content=\"article\" \/>\n<meta property=\"og:title\" content=\"Cataguases inaugura Sistema Municipal de Coleta Seletiva | Marcelo Lopes\" \/>\n<meta property=\"og:description\" content=\"Cataguases inaugura Sistema Municipal de Coleta Seletiva. Iniciativa fortalece e consolida a pol\u00edtica p\u00fablica da reciclagem.\" \/>\n<meta property=\"og:url\" content=\"https:\/\/marcelolopes.jor.br\/site\/2026\/03\/12\/cataguases-inaugura-sistema-municipal-de-coleta-seletiva\/\" \/>\n<meta property=\"og:site_name\" content=\"Marcelo Lopes\" \/>\n<meta property=\"article:publisher\" content=\"https:\/\/www.facebook.com\/sitedomarcelolopes\" \/>\n<meta property=\"article:published_time\" content=\"2026-03-12T23:00:53+00:00\" \/>\n<meta property=\"article:modified_time\" content=\"2026-03-12T23:08:20+00:00\" \/>\n<meta property=\"og:image\" content=\"https:\/\/marcelolopes.jor.br\/site\/wp-content\/uploads\/2026\/03\/01.jpeg\" \/>\n\t<meta property=\"og:image:width\" content=\"1600\" \/>\n\t<meta property=\"og:image:height\" content=\"1200\" \/>\n\t<meta property=\"og:image:type\" content=\"image\/jpeg\" \/>\n<meta name=\"author\" content=\"Marcelo Lopes\" \/>\n<meta name=\"twitter:card\" content=\"summary_large_image\" \/>\n<meta name=\"twitter:label1\" content=\"Escrito por\" \/>\n\t<meta name=\"twitter:data1\" content=\"Marcelo Lopes\" \/>\n\t<meta name=\"twitter:label2\" content=\"Est. tempo de leitura\" \/>\n\t<meta name=\"twitter:data2\" content=\"4 minutos\" \/>\n<script type=\"application\/ld+json\" class=\"yoast-schema-graph\">{\"@context\":\"https:\\\/\\\/schema.org\",\"@graph\":[{\"@type\":\"NewsArticle\",\"@id\":\"https:\\\/\\\/marcelolopes.jor.br\\\/site\\\/2026\\\/03\\\/12\\\/cataguases-inaugura-sistema-municipal-de-coleta-seletiva\\\/#article\",\"isPartOf\":{\"@id\":\"https:\\\/\\\/marcelolopes.jor.br\\\/site\\\/2026\\\/03\\\/12\\\/cataguases-inaugura-sistema-municipal-de-coleta-seletiva\\\/\"},\"author\":{\"name\":\"Marcelo Lopes\",\"@id\":\"https:\\\/\\\/marcelolopes.jor.br\\\/site\\\/#\\\/schema\\\/person\\\/3e7216a35c34d8fdf952b31da3d1f89f\"},\"headline\":\"Cataguases inaugura Sistema Municipal de Coleta Seletiva\",\"datePublished\":\"2026-03-12T23:00:53+00:00\",\"dateModified\":\"2026-03-12T23:08:20+00:00\",\"mainEntityOfPage\":{\"@id\":\"https:\\\/\\\/marcelolopes.jor.br\\\/site\\\/2026\\\/03\\\/12\\\/cataguases-inaugura-sistema-municipal-de-coleta-seletiva\\\/\"},\"wordCount\":774,\"commentCount\":0,\"publisher\":{\"@id\":\"https:\\\/\\\/marcelolopes.jor.br\\\/site\\\/#organization\"},\"image\":{\"@id\":\"https:\\\/\\\/marcelolopes.jor.br\\\/site\\\/2026\\\/03\\\/12\\\/cataguases-inaugura-sistema-municipal-de-coleta-seletiva\\\/#primaryimage\"},\"thumbnailUrl\":\"https:\\\/\\\/marcelolopes.jor.br\\\/site\\\/wp-content\\\/uploads\\\/2026\\\/03\\\/01.jpeg\",\"articleSection\":[\"Not\u00edcias\"],\"inLanguage\":\"pt-BR\",\"potentialAction\":[{\"@type\":\"CommentAction\",\"name\":\"Comment\",\"target\":[\"https:\\\/\\\/marcelolopes.jor.br\\\/site\\\/2026\\\/03\\\/12\\\/cataguases-inaugura-sistema-municipal-de-coleta-seletiva\\\/#respond\"]}]},{\"@type\":\"WebPage\",\"@id\":\"https:\\\/\\\/marcelolopes.jor.br\\\/site\\\/2026\\\/03\\\/12\\\/cataguases-inaugura-sistema-municipal-de-coleta-seletiva\\\/\",\"url\":\"https:\\\/\\\/marcelolopes.jor.br\\\/site\\\/2026\\\/03\\\/12\\\/cataguases-inaugura-sistema-municipal-de-coleta-seletiva\\\/\",\"name\":\"Cataguases inaugura Sistema Municipal de Coleta Seletiva | Marcelo Lopes\",\"isPartOf\":{\"@id\":\"https:\\\/\\\/marcelolopes.jor.br\\\/site\\\/#website\"},\"primaryImageOfPage\":{\"@id\":\"https:\\\/\\\/marcelolopes.jor.br\\\/site\\\/2026\\\/03\\\/12\\\/cataguases-inaugura-sistema-municipal-de-coleta-seletiva\\\/#primaryimage\"},\"image\":{\"@id\":\"https:\\\/\\\/marcelolopes.jor.br\\\/site\\\/2026\\\/03\\\/12\\\/cataguases-inaugura-sistema-municipal-de-coleta-seletiva\\\/#primaryimage\"},\"thumbnailUrl\":\"https:\\\/\\\/marcelolopes.jor.br\\\/site\\\/wp-content\\\/uploads\\\/2026\\\/03\\\/01.jpeg\",\"datePublished\":\"2026-03-12T23:00:53+00:00\",\"dateModified\":\"2026-03-12T23:08:20+00:00\",\"description\":\"Cataguases inaugura Sistema Municipal de Coleta Seletiva. Iniciativa fortalece e consolida a pol\u00edtica p\u00fablica da reciclagem.\",\"breadcrumb\":{\"@id\":\"https:\\\/\\\/marcelolopes.jor.br\\\/site\\\/2026\\\/03\\\/12\\\/cataguases-inaugura-sistema-municipal-de-coleta-seletiva\\\/#breadcrumb\"},\"inLanguage\":\"pt-BR\",\"potentialAction\":[{\"@type\":\"ReadAction\",\"target\":[\"https:\\\/\\\/marcelolopes.jor.br\\\/site\\\/2026\\\/03\\\/12\\\/cataguases-inaugura-sistema-municipal-de-coleta-seletiva\\\/\"]}]},{\"@type\":\"ImageObject\",\"inLanguage\":\"pt-BR\",\"@id\":\"https:\\\/\\\/marcelolopes.jor.br\\\/site\\\/2026\\\/03\\\/12\\\/cataguases-inaugura-sistema-municipal-de-coleta-seletiva\\\/#primaryimage\",\"url\":\"https:\\\/\\\/marcelolopes.jor.br\\\/site\\\/wp-content\\\/uploads\\\/2026\\\/03\\\/01.jpeg\",\"contentUrl\":\"https:\\\/\\\/marcelolopes.jor.br\\\/site\\\/wp-content\\\/uploads\\\/2026\\\/03\\\/01.jpeg\",\"width\":1600,\"height\":1200,\"caption\":\"Cataguases inaugura Sistema Municipal\"},{\"@type\":\"BreadcrumbList\",\"@id\":\"https:\\\/\\\/marcelolopes.jor.br\\\/site\\\/2026\\\/03\\\/12\\\/cataguases-inaugura-sistema-municipal-de-coleta-seletiva\\\/#breadcrumb\",\"itemListElement\":[{\"@type\":\"ListItem\",\"position\":1,\"name\":\"Home\",\"item\":\"https:\\\/\\\/marcelolopes.jor.br\\\/site\\\/\"},{\"@type\":\"ListItem\",\"position\":2,\"name\":\"Cataguases inaugura Sistema Municipal de Coleta Seletiva\"}]},{\"@type\":\"WebSite\",\"@id\":\"https:\\\/\\\/marcelolopes.jor.br\\\/site\\\/#website\",\"url\":\"https:\\\/\\\/marcelolopes.jor.br\\\/site\\\/\",\"name\":\"Marcelo Lopes\",\"description\":\"Not\u00edcias de Cataguases e Regi\u00e3o\",\"publisher\":{\"@id\":\"https:\\\/\\\/marcelolopes.jor.br\\\/site\\\/#organization\"},\"potentialAction\":[{\"@type\":\"SearchAction\",\"target\":{\"@type\":\"EntryPoint\",\"urlTemplate\":\"https:\\\/\\\/marcelolopes.jor.br\\\/site\\\/?s={search_term_string}\"},\"query-input\":{\"@type\":\"PropertyValueSpecification\",\"valueRequired\":true,\"valueName\":\"search_term_string\"}}],\"inLanguage\":\"pt-BR\"},{\"@type\":\"Organization\",\"@id\":\"https:\\\/\\\/marcelolopes.jor.br\\\/site\\\/#organization\",\"name\":\"Site do Marcelo Lopes\",\"url\":\"https:\\\/\\\/marcelolopes.jor.br\\\/site\\\/\",\"logo\":{\"@type\":\"ImageObject\",\"inLanguage\":\"pt-BR\",\"@id\":\"https:\\\/\\\/marcelolopes.jor.br\\\/site\\\/#\\\/schema\\\/logo\\\/image\\\/\",\"url\":\"https:\\\/\\\/marcelolopes.jor.br\\\/site\\\/wp-content\\\/uploads\\\/2024\\\/11\\\/logo-1.png\",\"contentUrl\":\"https:\\\/\\\/marcelolopes.jor.br\\\/site\\\/wp-content\\\/uploads\\\/2024\\\/11\\\/logo-1.png\",\"width\":475,\"height\":80,\"caption\":\"Site do Marcelo Lopes\"},\"image\":{\"@id\":\"https:\\\/\\\/marcelolopes.jor.br\\\/site\\\/#\\\/schema\\\/logo\\\/image\\\/\"},\"sameAs\":[\"https:\\\/\\\/www.facebook.com\\\/sitedomarcelolopes\",\"https:\\\/\\\/www.instagram.com\\\/sitedomarcelolopes\\\/\",\"https:\\\/\\\/www.linkedin.com\\\/company\\\/site-do-marcelo-lopes\\\/\",\"https:\\\/\\\/www.youtube.com\\\/user\\\/marcelolopes957\"]},{\"@type\":\"Person\",\"@id\":\"https:\\\/\\\/marcelolopes.jor.br\\\/site\\\/#\\\/schema\\\/person\\\/3e7216a35c34d8fdf952b31da3d1f89f\",\"name\":\"Marcelo Lopes\",\"sameAs\":[\"http:\\\/\\\/www.marcelolopes.jor.br\"],\"url\":\"https:\\\/\\\/marcelolopes.jor.br\\\/site\\\/author\\\/marcelo\\\/\"}]}<\/script>\n<!-- \/ Yoast SEO plugin. -->","yoast_head_json":{"title":"Cataguases inaugura Sistema Municipal de Coleta Seletiva | Marcelo Lopes","description":"Cataguases inaugura Sistema Municipal de Coleta Seletiva. Iniciativa fortalece e consolida a pol\u00edtica p\u00fablica da reciclagem.","robots":{"index":"index","follow":"follow","max-snippet":"max-snippet:-1","max-image-preview":"max-image-preview:large","max-video-preview":"max-video-preview:-1"},"canonical":"https:\/\/marcelolopes.jor.br\/site\/2026\/03\/12\/cataguases-inaugura-sistema-municipal-de-coleta-seletiva\/","og_locale":"pt_BR","og_type":"article","og_title":"Cataguases inaugura Sistema Municipal de Coleta Seletiva | Marcelo Lopes","og_description":"Cataguases inaugura Sistema Municipal de Coleta Seletiva. Iniciativa fortalece e consolida a pol\u00edtica p\u00fablica da reciclagem.","og_url":"https:\/\/marcelolopes.jor.br\/site\/2026\/03\/12\/cataguases-inaugura-sistema-municipal-de-coleta-seletiva\/","og_site_name":"Marcelo Lopes","article_publisher":"https:\/\/www.facebook.com\/sitedomarcelolopes","article_published_time":"2026-03-12T23:00:53+00:00","article_modified_time":"2026-03-12T23:08:20+00:00","og_image":[{"width":1600,"height":1200,"url":"https:\/\/marcelolopes.jor.br\/site\/wp-content\/uploads\/2026\/03\/01.jpeg","type":"image\/jpeg"}],"author":"Marcelo Lopes","twitter_card":"summary_large_image","twitter_misc":{"Escrito por":"Marcelo Lopes","Est. tempo de leitura":"4 minutos"},"schema":{"@context":"https:\/\/schema.org","@graph":[{"@type":"NewsArticle","@id":"https:\/\/marcelolopes.jor.br\/site\/2026\/03\/12\/cataguases-inaugura-sistema-municipal-de-coleta-seletiva\/#article","isPartOf":{"@id":"https:\/\/marcelolopes.jor.br\/site\/2026\/03\/12\/cataguases-inaugura-sistema-municipal-de-coleta-seletiva\/"},"author":{"name":"Marcelo Lopes","@id":"https:\/\/marcelolopes.jor.br\/site\/#\/schema\/person\/3e7216a35c34d8fdf952b31da3d1f89f"},"headline":"Cataguases inaugura Sistema Municipal de Coleta Seletiva","datePublished":"2026-03-12T23:00:53+00:00","dateModified":"2026-03-12T23:08:20+00:00","mainEntityOfPage":{"@id":"https:\/\/marcelolopes.jor.br\/site\/2026\/03\/12\/cataguases-inaugura-sistema-municipal-de-coleta-seletiva\/"},"wordCount":774,"commentCount":0,"publisher":{"@id":"https:\/\/marcelolopes.jor.br\/site\/#organization"},"image":{"@id":"https:\/\/marcelolopes.jor.br\/site\/2026\/03\/12\/cataguases-inaugura-sistema-municipal-de-coleta-seletiva\/#primaryimage"},"thumbnailUrl":"https:\/\/marcelolopes.jor.br\/site\/wp-content\/uploads\/2026\/03\/01.jpeg","articleSection":["Not\u00edcias"],"inLanguage":"pt-BR","potentialAction":[{"@type":"CommentAction","name":"Comment","target":["https:\/\/marcelolopes.jor.br\/site\/2026\/03\/12\/cataguases-inaugura-sistema-municipal-de-coleta-seletiva\/#respond"]}]},{"@type":"WebPage","@id":"https:\/\/marcelolopes.jor.br\/site\/2026\/03\/12\/cataguases-inaugura-sistema-municipal-de-coleta-seletiva\/","url":"https:\/\/marcelolopes.jor.br\/site\/2026\/03\/12\/cataguases-inaugura-sistema-municipal-de-coleta-seletiva\/","name":"Cataguases inaugura Sistema Municipal de Coleta Seletiva | Marcelo Lopes","isPartOf":{"@id":"https:\/\/marcelolopes.jor.br\/site\/#website"},"primaryImageOfPage":{"@id":"https:\/\/marcelolopes.jor.br\/site\/2026\/03\/12\/cataguases-inaugura-sistema-municipal-de-coleta-seletiva\/#primaryimage"},"image":{"@id":"https:\/\/marcelolopes.jor.br\/site\/2026\/03\/12\/cataguases-inaugura-sistema-municipal-de-coleta-seletiva\/#primaryimage"},"thumbnailUrl":"https:\/\/marcelolopes.jor.br\/site\/wp-content\/uploads\/2026\/03\/01.jpeg","datePublished":"2026-03-12T23:00:53+00:00","dateModified":"2026-03-12T23:08:20+00:00","description":"Cataguases inaugura Sistema Municipal de Coleta Seletiva. Iniciativa fortalece e consolida a pol\u00edtica p\u00fablica da reciclagem.","breadcrumb":{"@id":"https:\/\/marcelolopes.jor.br\/site\/2026\/03\/12\/cataguases-inaugura-sistema-municipal-de-coleta-seletiva\/#breadcrumb"},"inLanguage":"pt-BR","potentialAction":[{"@type":"ReadAction","target":["https:\/\/marcelolopes.jor.br\/site\/2026\/03\/12\/cataguases-inaugura-sistema-municipal-de-coleta-seletiva\/"]}]},{"@type":"ImageObject","inLanguage":"pt-BR","@id":"https:\/\/marcelolopes.jor.br\/site\/2026\/03\/12\/cataguases-inaugura-sistema-municipal-de-coleta-seletiva\/#primaryimage","url":"https:\/\/marcelolopes.jor.br\/site\/wp-content\/uploads\/2026\/03\/01.jpeg","contentUrl":"https:\/\/marcelolopes.jor.br\/site\/wp-content\/uploads\/2026\/03\/01.jpeg","width":1600,"height":1200,"caption":"Cataguases inaugura Sistema Municipal"},{"@type":"BreadcrumbList","@id":"https:\/\/marcelolopes.jor.br\/site\/2026\/03\/12\/cataguases-inaugura-sistema-municipal-de-coleta-seletiva\/#breadcrumb","itemListElement":[{"@type":"ListItem","position":1,"name":"Home","item":"https:\/\/marcelolopes.jor.br\/site\/"},{"@type":"ListItem","position":2,"name":"Cataguases inaugura Sistema Municipal de Coleta Seletiva"}]},{"@type":"WebSite","@id":"https:\/\/marcelolopes.jor.br\/site\/#website","url":"https:\/\/marcelolopes.jor.br\/site\/","name":"Marcelo Lopes","description":"Not\u00edcias de Cataguases e Regi\u00e3o","publisher":{"@id":"https:\/\/marcelolopes.jor.br\/site\/#organization"},"potentialAction":[{"@type":"SearchAction","target":{"@type":"EntryPoint","urlTemplate":"https:\/\/marcelolopes.jor.br\/site\/?s={search_term_string}"},"query-input":{"@type":"PropertyValueSpecification","valueRequired":true,"valueName":"search_term_string"}}],"inLanguage":"pt-BR"},{"@type":"Organization","@id":"https:\/\/marcelolopes.jor.br\/site\/#organization","name":"Site do Marcelo Lopes","url":"https:\/\/marcelolopes.jor.br\/site\/","logo":{"@type":"ImageObject","inLanguage":"pt-BR","@id":"https:\/\/marcelolopes.jor.br\/site\/#\/schema\/logo\/image\/","url":"https:\/\/marcelolopes.jor.br\/site\/wp-content\/uploads\/2024\/11\/logo-1.png","contentUrl":"https:\/\/marcelolopes.jor.br\/site\/wp-content\/uploads\/2024\/11\/logo-1.png","width":475,"height":80,"caption":"Site do Marcelo Lopes"},"image":{"@id":"https:\/\/marcelolopes.jor.br\/site\/#\/schema\/logo\/image\/"},"sameAs":["https:\/\/www.facebook.com\/sitedomarcelolopes","https:\/\/www.instagram.com\/sitedomarcelolopes\/","https:\/\/www.linkedin.com\/company\/site-do-marcelo-lopes\/","https:\/\/www.youtube.com\/user\/marcelolopes957"]},{"@type":"Person","@id":"https:\/\/marcelolopes.jor.br\/site\/#\/schema\/person\/3e7216a35c34d8fdf952b31da3d1f89f","name":"Marcelo Lopes","sameAs":["http:\/\/www.marcelolopes.jor.br"],"url":"https:\/\/marcelolopes.jor.br\/site\/author\/marcelo\/"}]}},"wps_subtitle":"Iniciativa fortalece e consolida a pol\u00edtica p\u00fablica da reciclagem.","_links":{"self":[{"href":"https:\/\/marcelolopes.jor.br\/site\/wp-json\/wp\/v2\/posts\/64425","targetHints":{"allow":["GET"]}}],"collection":[{"href":"https:\/\/marcelolopes.jor.br\/site\/wp-json\/wp\/v2\/posts"}],"about":[{"href":"https:\/\/marcelolopes.jor.br\/site\/wp-json\/wp\/v2\/types\/post"}],"author":[{"embeddable":true,"href":"https:\/\/marcelolopes.jor.br\/site\/wp-json\/wp\/v2\/users\/2"}],"replies":[{"embeddable":true,"href":"https:\/\/marcelolopes.jor.br\/site\/wp-json\/wp\/v2\/comments?post=64425"}],"version-history":[{"count":0,"href":"https:\/\/marcelolopes.jor.br\/site\/wp-json\/wp\/v2\/posts\/64425\/revisions"}],"wp:featuredmedia":[{"embeddable":true,"href":"https:\/\/marcelolopes.jor.br\/site\/wp-json\/wp\/v2\/media\/64435"}],"wp:attachment":[{"href":"https:\/\/marcelolopes.jor.br\/site\/wp-json\/wp\/v2\/media?parent=64425"}],"wp:term":[{"taxonomy":"category","embeddable":true,"href":"https:\/\/marcelolopes.jor.br\/site\/wp-json\/wp\/v2\/categories?post=64425"},{"taxonomy":"post_tag","embeddable":true,"href":"https:\/\/marcelolopes.jor.br\/site\/wp-json\/wp\/v2\/tags?post=64425"}],"curies":[{"name":"wp","href":"https:\/\/api.w.org\/{rel}","templated":true}]}}