{"id":64414,"date":"2026-03-12T16:00:31","date_gmt":"2026-03-12T19:00:31","guid":{"rendered":"https:\/\/marcelolopes.jor.br\/site\/?p=64414"},"modified":"2026-03-12T11:29:45","modified_gmt":"2026-03-12T14:29:45","slug":"casal-e-preso-em-muriae-com-dois-veiculos-roubados-no-rio-de-janeiro","status":"publish","type":"post","link":"https:\/\/marcelolopes.jor.br\/site\/2026\/03\/12\/casal-e-preso-em-muriae-com-dois-veiculos-roubados-no-rio-de-janeiro\/","title":{"rendered":"Casal \u00e9 preso em Muria\u00e9 com dois ve\u00edculos roubados no Rio de Janeiro"},"content":{"rendered":"<p>Um casal foi preso pela Pol\u00edcia Militar, em Muria\u00e9, com dois ve\u00edculos roubados na tarde desta quarta-feira, 11 de mar\u00e7o. O flagrante ocorreu em uma oficina \u00e0s margens da rodovia BR-116, ap\u00f3s o propriet\u00e1rio de uma transportadora reconhecer o caminh\u00e3o de sua empresa que havia sido roubado no Rio de Janeiro.<!--more--><\/p>\n<h4 class=\"p1\"><span class=\"s1\">\ud83d\udcf8\u00a0<span style=\"color: #008000;\">Siga o Site do Marcelo Lopes no<\/span>\u00a0<span style=\"color: #800000;\"><a style=\"color: #800000;\" href=\"https:\/\/www.facebook.com\/sitedomarcelolopes\/\"><strong>Facebook<\/strong><\/a><\/span>\u00a0<span style=\"color: #008000;\">e no<\/span>\u00a0<span style=\"color: #800000;\"><strong><a style=\"color: #800000;\" href=\"https:\/\/www.instagram.com\/sitedomarcelolopes\/\">Instagram<\/a><\/strong><\/span><\/span><\/h4>\n<h4 class=\"p1\">\ud83d\udcf1<span style=\"color: #008000;\">Participe do grupo de<\/span>\u00a0<span style=\"color: #800000;\"><a style=\"color: #800000;\" href=\"https:\/\/chat.whatsapp.com\/BibzcI1ibYSKytbdyzubLA\"><strong>WhatsApp<\/strong><\/a><\/span> <span style=\"color: #008000;\">do Site do Marcelo Lopes<\/span><\/h4>\n<p>Ao chegarem ao local, os militares abordaram um Jeep Renegade preto que sa\u00eda da oficina, conduzido por uma mulher. Simultaneamente, um homem tamb\u00e9m foi parado enquanto deixava o estabelecimento a p\u00e9. Ap\u00f3s entrar em contradi\u00e7\u00e3o, o suspeito confessou ser o dono de um caminh\u00e3o que passava por reparos el\u00e9tricos no local. Durante a vistoria, os agentes confirmaram que tanto o caminh\u00e3o quanto o Jeep Renegade haviam sido roubados no Rio de Janeiro.<\/p>\n<p>O homem afirmou ter pago R$ 100 mil de entrada no caminh\u00e3o e R$ 80 mil pelo Jeep, mas apresentou informa\u00e7\u00f5es inconsistentes sobre os valores e os vendedores. Ele portava documentos falsos no celular com dados adulterados do motor. O casal &#8211; cuja idade \u00e9 28 anos &#8211; foi preso por recepta\u00e7\u00e3o e os ve\u00edculos foram removidos para um p\u00e1tio credenciado.<\/p>\n<p><strong>OUTRAS NOT\u00cdCIAS<\/strong><br \/>\n<a href=\"https:\/\/marcelolopes.jor.br\/site\/2026\/03\/09\/mpmg-denuncia-vereador-de-muriae-e-familiares-por-fraudes\/\"><strong><span style=\"color: #800000;\">MPMG denuncia vereador de Muria\u00e9 e familiares por fraudes<\/span><\/strong><\/a><\/p>\n<p><a href=\"https:\/\/marcelolopes.jor.br\/site\/2026\/02\/22\/homem-e-preso-apos-esfaquear-ex-companheira-em-muriae\/\"><span style=\"color: #800000;\"><strong>Homem \u00e9 preso ap\u00f3s esfaquear ex-companheira, em Muria\u00e9<\/strong><\/span><\/a><\/p>\n<p>Fonte e fotos: R\u00e1dio Muria\u00e9<\/p>\n<div class=\"pbqpn69f76326425ba\" ><br><\/div><style type=\"text\/css\">\r\n@media screen and (min-width: 1201px) {\r\n.pbqpn69f76326425ba {\r\ndisplay: block;\r\n}\r\n}\r\n@media screen and (min-width: 993px) and (max-width: 1200px) {\r\n.pbqpn69f76326425ba {\r\ndisplay: block;\r\n}\r\n}\r\n@media screen and (min-width: 769px) and (max-width: 992px) {\r\n.pbqpn69f76326425ba {\r\ndisplay: block;\r\n}\r\n}\r\n@media screen and (min-width: 768px) and (max-width: 768px) {\r\n.pbqpn69f76326425ba {\r\ndisplay: block;\r\n}\r\n}\r\n@media screen and (max-width: 767px) {\r\n.pbqpn69f76326425ba {\r\ndisplay: block;\r\n}\r\n}\r\n<\/style>\r\n<div class=\"xuqgr69f763264851d\" ><div id=\"div_destino\"><\/div>\r\n<script src=\"https:\/\/cdn.snsrsv.com\/sdk.js\"><\/script>\r\n<script >\r\n      new sdk(\"464030C30061EA8BE065000000000001\") \r\n          .appendTo(\"div_destino\")\r\n          .disableStyle(true) \r\n          .setCacheBusterMacro(\"%%CACHEBUSTER%%\")\r\n          .setSize(\"800\",\"214\")\r\n          .setClickMacro(\"%%CLICK_URL_ESC%%\") \r\n          .setReferrerUrlMacro(\"%%REFERRER_URL_ESC%%\") \r\n          .start(); \r\n<\/script><\/div><style type=\"text\/css\">\r\n@media screen and (min-width: 1201px) {\r\n.xuqgr69f763264851d {\r\ndisplay: block;\r\n}\r\n}\r\n@media screen and (min-width: 993px) and (max-width: 1200px) {\r\n.xuqgr69f763264851d {\r\ndisplay: block;\r\n}\r\n}\r\n@media screen and (min-width: 769px) and (max-width: 992px) {\r\n.xuqgr69f763264851d {\r\ndisplay: block;\r\n}\r\n}\r\n@media screen and (min-width: 768px) and (max-width: 768px) {\r\n.xuqgr69f763264851d {\r\ndisplay: block;\r\n}\r\n}\r\n@media screen and (max-width: 767px) {\r\n.xuqgr69f763264851d {\r\ndisplay: block;\r\n}\r\n}\r\n<\/style>\r\n","protected":false},"excerpt":{"rendered":"<p>Um casal foi preso pela Pol\u00edcia Militar, em Muria\u00e9, com dois ve\u00edculos roubados na tarde desta quarta-feira, 11 de mar\u00e7o. O flagrante ocorreu em uma oficina \u00e0s margens da rodovia BR-116, ap\u00f3s o propriet\u00e1rio de uma transportadora reconhecer o caminh\u00e3o<\/p>\n<p class=\"link-more\"><a class=\"more-link\" href=\"https:\/\/marcelolopes.jor.br\/site\/2026\/03\/12\/casal-e-preso-em-muriae-com-dois-veiculos-roubados-no-rio-de-janeiro\/\">Leia mais <span class=\"screen-reader-text\">Casal \u00e9 preso em Muria\u00e9 com dois ve\u00edculos roubados no Rio de Janeiro<\/span><\/a><\/p>\n","protected":false},"author":2,"featured_media":64416,"comment_status":"open","ping_status":"closed","sticky":false,"template":"","format":"standard","meta":{"footnotes":""},"categories":[1],"tags":[],"class_list":["post-64414","post","type-post","status-publish","format-standard","has-post-thumbnail","hentry","category-noticias","thumb-below-title"],"yoast_head":"<!-- This site is optimized with the Yoast SEO plugin v27.4 - https:\/\/yoast.com\/product\/yoast-seo-wordpress\/ -->\n<title>Casal \u00e9 preso em Muria\u00e9 com dois ve\u00edculos roubados no Rio de<\/title>\n<meta name=\"description\" content=\"Casal \u00e9 preso em Muria\u00e9 com dois ve\u00edculos roubados no Rio de Janeiro. Eles sa\u00edam de uma oficina mec\u00e2nica com um caminh\u00e3o e um Jeep Renegade.\" \/>\n<meta name=\"robots\" content=\"index, follow, max-snippet:-1, max-image-preview:large, max-video-preview:-1\" \/>\n<link rel=\"canonical\" href=\"https:\/\/marcelolopes.jor.br\/site\/2026\/03\/12\/casal-e-preso-em-muriae-com-dois-veiculos-roubados-no-rio-de-janeiro\/\" \/>\n<meta property=\"og:locale\" content=\"pt_BR\" \/>\n<meta property=\"og:type\" content=\"article\" \/>\n<meta property=\"og:title\" content=\"Casal \u00e9 preso em Muria\u00e9 com dois ve\u00edculos roubados no Rio de\" \/>\n<meta property=\"og:description\" content=\"Casal \u00e9 preso em Muria\u00e9 com dois ve\u00edculos roubados no Rio de Janeiro. Eles sa\u00edam de uma oficina mec\u00e2nica com um caminh\u00e3o e um Jeep Renegade.\" \/>\n<meta property=\"og:url\" content=\"https:\/\/marcelolopes.jor.br\/site\/2026\/03\/12\/casal-e-preso-em-muriae-com-dois-veiculos-roubados-no-rio-de-janeiro\/\" \/>\n<meta property=\"og:site_name\" content=\"Marcelo Lopes\" \/>\n<meta property=\"article:publisher\" content=\"https:\/\/www.facebook.com\/sitedomarcelolopes\" \/>\n<meta property=\"article:published_time\" content=\"2026-03-12T19:00:31+00:00\" \/>\n<meta property=\"og:image\" content=\"https:\/\/marcelolopes.jor.br\/site\/wp-content\/uploads\/2026\/03\/veiculos.png\" \/>\n\t<meta property=\"og:image:width\" content=\"800\" \/>\n\t<meta property=\"og:image:height\" content=\"550\" \/>\n\t<meta property=\"og:image:type\" content=\"image\/png\" \/>\n<meta name=\"author\" content=\"Marcelo Lopes\" \/>\n<meta name=\"twitter:card\" content=\"summary_large_image\" \/>\n<meta name=\"twitter:label1\" content=\"Escrito por\" \/>\n\t<meta name=\"twitter:data1\" content=\"Marcelo Lopes\" \/>\n\t<meta name=\"twitter:label2\" content=\"Est. tempo de leitura\" \/>\n\t<meta name=\"twitter:data2\" content=\"1 minuto\" \/>\n<script type=\"application\/ld+json\" class=\"yoast-schema-graph\">{\"@context\":\"https:\\\/\\\/schema.org\",\"@graph\":[{\"@type\":\"NewsArticle\",\"@id\":\"https:\\\/\\\/marcelolopes.jor.br\\\/site\\\/2026\\\/03\\\/12\\\/casal-e-preso-em-muriae-com-dois-veiculos-roubados-no-rio-de-janeiro\\\/#article\",\"isPartOf\":{\"@id\":\"https:\\\/\\\/marcelolopes.jor.br\\\/site\\\/2026\\\/03\\\/12\\\/casal-e-preso-em-muriae-com-dois-veiculos-roubados-no-rio-de-janeiro\\\/\"},\"author\":{\"name\":\"Marcelo Lopes\",\"@id\":\"https:\\\/\\\/marcelolopes.jor.br\\\/site\\\/#\\\/schema\\\/person\\\/3e7216a35c34d8fdf952b31da3d1f89f\"},\"headline\":\"Casal \u00e9 preso em Muria\u00e9 com dois ve\u00edculos roubados no Rio de Janeiro\",\"datePublished\":\"2026-03-12T19:00:31+00:00\",\"mainEntityOfPage\":{\"@id\":\"https:\\\/\\\/marcelolopes.jor.br\\\/site\\\/2026\\\/03\\\/12\\\/casal-e-preso-em-muriae-com-dois-veiculos-roubados-no-rio-de-janeiro\\\/\"},\"wordCount\":257,\"commentCount\":0,\"publisher\":{\"@id\":\"https:\\\/\\\/marcelolopes.jor.br\\\/site\\\/#organization\"},\"image\":{\"@id\":\"https:\\\/\\\/marcelolopes.jor.br\\\/site\\\/2026\\\/03\\\/12\\\/casal-e-preso-em-muriae-com-dois-veiculos-roubados-no-rio-de-janeiro\\\/#primaryimage\"},\"thumbnailUrl\":\"https:\\\/\\\/marcelolopes.jor.br\\\/site\\\/wp-content\\\/uploads\\\/2026\\\/03\\\/veiculos.png\",\"articleSection\":[\"Not\u00edcias\"],\"inLanguage\":\"pt-BR\",\"potentialAction\":[{\"@type\":\"CommentAction\",\"name\":\"Comment\",\"target\":[\"https:\\\/\\\/marcelolopes.jor.br\\\/site\\\/2026\\\/03\\\/12\\\/casal-e-preso-em-muriae-com-dois-veiculos-roubados-no-rio-de-janeiro\\\/#respond\"]}]},{\"@type\":\"WebPage\",\"@id\":\"https:\\\/\\\/marcelolopes.jor.br\\\/site\\\/2026\\\/03\\\/12\\\/casal-e-preso-em-muriae-com-dois-veiculos-roubados-no-rio-de-janeiro\\\/\",\"url\":\"https:\\\/\\\/marcelolopes.jor.br\\\/site\\\/2026\\\/03\\\/12\\\/casal-e-preso-em-muriae-com-dois-veiculos-roubados-no-rio-de-janeiro\\\/\",\"name\":\"Casal \u00e9 preso em Muria\u00e9 com dois ve\u00edculos roubados no Rio de\",\"isPartOf\":{\"@id\":\"https:\\\/\\\/marcelolopes.jor.br\\\/site\\\/#website\"},\"primaryImageOfPage\":{\"@id\":\"https:\\\/\\\/marcelolopes.jor.br\\\/site\\\/2026\\\/03\\\/12\\\/casal-e-preso-em-muriae-com-dois-veiculos-roubados-no-rio-de-janeiro\\\/#primaryimage\"},\"image\":{\"@id\":\"https:\\\/\\\/marcelolopes.jor.br\\\/site\\\/2026\\\/03\\\/12\\\/casal-e-preso-em-muriae-com-dois-veiculos-roubados-no-rio-de-janeiro\\\/#primaryimage\"},\"thumbnailUrl\":\"https:\\\/\\\/marcelolopes.jor.br\\\/site\\\/wp-content\\\/uploads\\\/2026\\\/03\\\/veiculos.png\",\"datePublished\":\"2026-03-12T19:00:31+00:00\",\"description\":\"Casal \u00e9 preso em Muria\u00e9 com dois ve\u00edculos roubados no Rio de Janeiro. Eles sa\u00edam de uma oficina mec\u00e2nica com um caminh\u00e3o e um Jeep Renegade.\",\"breadcrumb\":{\"@id\":\"https:\\\/\\\/marcelolopes.jor.br\\\/site\\\/2026\\\/03\\\/12\\\/casal-e-preso-em-muriae-com-dois-veiculos-roubados-no-rio-de-janeiro\\\/#breadcrumb\"},\"inLanguage\":\"pt-BR\",\"potentialAction\":[{\"@type\":\"ReadAction\",\"target\":[\"https:\\\/\\\/marcelolopes.jor.br\\\/site\\\/2026\\\/03\\\/12\\\/casal-e-preso-em-muriae-com-dois-veiculos-roubados-no-rio-de-janeiro\\\/\"]}]},{\"@type\":\"ImageObject\",\"inLanguage\":\"pt-BR\",\"@id\":\"https:\\\/\\\/marcelolopes.jor.br\\\/site\\\/2026\\\/03\\\/12\\\/casal-e-preso-em-muriae-com-dois-veiculos-roubados-no-rio-de-janeiro\\\/#primaryimage\",\"url\":\"https:\\\/\\\/marcelolopes.jor.br\\\/site\\\/wp-content\\\/uploads\\\/2026\\\/03\\\/veiculos.png\",\"contentUrl\":\"https:\\\/\\\/marcelolopes.jor.br\\\/site\\\/wp-content\\\/uploads\\\/2026\\\/03\\\/veiculos.png\",\"width\":800,\"height\":550,\"caption\":\"Casal \u00e9 preso em\"},{\"@type\":\"BreadcrumbList\",\"@id\":\"https:\\\/\\\/marcelolopes.jor.br\\\/site\\\/2026\\\/03\\\/12\\\/casal-e-preso-em-muriae-com-dois-veiculos-roubados-no-rio-de-janeiro\\\/#breadcrumb\",\"itemListElement\":[{\"@type\":\"ListItem\",\"position\":1,\"name\":\"Home\",\"item\":\"https:\\\/\\\/marcelolopes.jor.br\\\/site\\\/\"},{\"@type\":\"ListItem\",\"position\":2,\"name\":\"Casal \u00e9 preso em Muria\u00e9 com dois ve\u00edculos roubados no Rio de Janeiro\"}]},{\"@type\":\"WebSite\",\"@id\":\"https:\\\/\\\/marcelolopes.jor.br\\\/site\\\/#website\",\"url\":\"https:\\\/\\\/marcelolopes.jor.br\\\/site\\\/\",\"name\":\"Marcelo Lopes\",\"description\":\"Not\u00edcias de Cataguases e Regi\u00e3o\",\"publisher\":{\"@id\":\"https:\\\/\\\/marcelolopes.jor.br\\\/site\\\/#organization\"},\"potentialAction\":[{\"@type\":\"SearchAction\",\"target\":{\"@type\":\"EntryPoint\",\"urlTemplate\":\"https:\\\/\\\/marcelolopes.jor.br\\\/site\\\/?s={search_term_string}\"},\"query-input\":{\"@type\":\"PropertyValueSpecification\",\"valueRequired\":true,\"valueName\":\"search_term_string\"}}],\"inLanguage\":\"pt-BR\"},{\"@type\":\"Organization\",\"@id\":\"https:\\\/\\\/marcelolopes.jor.br\\\/site\\\/#organization\",\"name\":\"Site do Marcelo Lopes\",\"url\":\"https:\\\/\\\/marcelolopes.jor.br\\\/site\\\/\",\"logo\":{\"@type\":\"ImageObject\",\"inLanguage\":\"pt-BR\",\"@id\":\"https:\\\/\\\/marcelolopes.jor.br\\\/site\\\/#\\\/schema\\\/logo\\\/image\\\/\",\"url\":\"https:\\\/\\\/marcelolopes.jor.br\\\/site\\\/wp-content\\\/uploads\\\/2024\\\/11\\\/logo-1.png\",\"contentUrl\":\"https:\\\/\\\/marcelolopes.jor.br\\\/site\\\/wp-content\\\/uploads\\\/2024\\\/11\\\/logo-1.png\",\"width\":475,\"height\":80,\"caption\":\"Site do Marcelo Lopes\"},\"image\":{\"@id\":\"https:\\\/\\\/marcelolopes.jor.br\\\/site\\\/#\\\/schema\\\/logo\\\/image\\\/\"},\"sameAs\":[\"https:\\\/\\\/www.facebook.com\\\/sitedomarcelolopes\",\"https:\\\/\\\/www.instagram.com\\\/sitedomarcelolopes\\\/\",\"https:\\\/\\\/www.linkedin.com\\\/company\\\/site-do-marcelo-lopes\\\/\",\"https:\\\/\\\/www.youtube.com\\\/user\\\/marcelolopes957\"]},{\"@type\":\"Person\",\"@id\":\"https:\\\/\\\/marcelolopes.jor.br\\\/site\\\/#\\\/schema\\\/person\\\/3e7216a35c34d8fdf952b31da3d1f89f\",\"name\":\"Marcelo Lopes\",\"sameAs\":[\"http:\\\/\\\/www.marcelolopes.jor.br\"],\"url\":\"https:\\\/\\\/marcelolopes.jor.br\\\/site\\\/author\\\/marcelo\\\/\"}]}<\/script>\n<!-- \/ Yoast SEO plugin. -->","yoast_head_json":{"title":"Casal \u00e9 preso em Muria\u00e9 com dois ve\u00edculos roubados no Rio de","description":"Casal \u00e9 preso em Muria\u00e9 com dois ve\u00edculos roubados no Rio de Janeiro. Eles sa\u00edam de uma oficina mec\u00e2nica com um caminh\u00e3o e um Jeep Renegade.","robots":{"index":"index","follow":"follow","max-snippet":"max-snippet:-1","max-image-preview":"max-image-preview:large","max-video-preview":"max-video-preview:-1"},"canonical":"https:\/\/marcelolopes.jor.br\/site\/2026\/03\/12\/casal-e-preso-em-muriae-com-dois-veiculos-roubados-no-rio-de-janeiro\/","og_locale":"pt_BR","og_type":"article","og_title":"Casal \u00e9 preso em Muria\u00e9 com dois ve\u00edculos roubados no Rio de","og_description":"Casal \u00e9 preso em Muria\u00e9 com dois ve\u00edculos roubados no Rio de Janeiro. Eles sa\u00edam de uma oficina mec\u00e2nica com um caminh\u00e3o e um Jeep Renegade.","og_url":"https:\/\/marcelolopes.jor.br\/site\/2026\/03\/12\/casal-e-preso-em-muriae-com-dois-veiculos-roubados-no-rio-de-janeiro\/","og_site_name":"Marcelo Lopes","article_publisher":"https:\/\/www.facebook.com\/sitedomarcelolopes","article_published_time":"2026-03-12T19:00:31+00:00","og_image":[{"width":800,"height":550,"url":"https:\/\/marcelolopes.jor.br\/site\/wp-content\/uploads\/2026\/03\/veiculos.png","type":"image\/png"}],"author":"Marcelo Lopes","twitter_card":"summary_large_image","twitter_misc":{"Escrito por":"Marcelo Lopes","Est. tempo de leitura":"1 minuto"},"schema":{"@context":"https:\/\/schema.org","@graph":[{"@type":"NewsArticle","@id":"https:\/\/marcelolopes.jor.br\/site\/2026\/03\/12\/casal-e-preso-em-muriae-com-dois-veiculos-roubados-no-rio-de-janeiro\/#article","isPartOf":{"@id":"https:\/\/marcelolopes.jor.br\/site\/2026\/03\/12\/casal-e-preso-em-muriae-com-dois-veiculos-roubados-no-rio-de-janeiro\/"},"author":{"name":"Marcelo Lopes","@id":"https:\/\/marcelolopes.jor.br\/site\/#\/schema\/person\/3e7216a35c34d8fdf952b31da3d1f89f"},"headline":"Casal \u00e9 preso em Muria\u00e9 com dois ve\u00edculos roubados no Rio de Janeiro","datePublished":"2026-03-12T19:00:31+00:00","mainEntityOfPage":{"@id":"https:\/\/marcelolopes.jor.br\/site\/2026\/03\/12\/casal-e-preso-em-muriae-com-dois-veiculos-roubados-no-rio-de-janeiro\/"},"wordCount":257,"commentCount":0,"publisher":{"@id":"https:\/\/marcelolopes.jor.br\/site\/#organization"},"image":{"@id":"https:\/\/marcelolopes.jor.br\/site\/2026\/03\/12\/casal-e-preso-em-muriae-com-dois-veiculos-roubados-no-rio-de-janeiro\/#primaryimage"},"thumbnailUrl":"https:\/\/marcelolopes.jor.br\/site\/wp-content\/uploads\/2026\/03\/veiculos.png","articleSection":["Not\u00edcias"],"inLanguage":"pt-BR","potentialAction":[{"@type":"CommentAction","name":"Comment","target":["https:\/\/marcelolopes.jor.br\/site\/2026\/03\/12\/casal-e-preso-em-muriae-com-dois-veiculos-roubados-no-rio-de-janeiro\/#respond"]}]},{"@type":"WebPage","@id":"https:\/\/marcelolopes.jor.br\/site\/2026\/03\/12\/casal-e-preso-em-muriae-com-dois-veiculos-roubados-no-rio-de-janeiro\/","url":"https:\/\/marcelolopes.jor.br\/site\/2026\/03\/12\/casal-e-preso-em-muriae-com-dois-veiculos-roubados-no-rio-de-janeiro\/","name":"Casal \u00e9 preso em Muria\u00e9 com dois ve\u00edculos roubados no Rio de","isPartOf":{"@id":"https:\/\/marcelolopes.jor.br\/site\/#website"},"primaryImageOfPage":{"@id":"https:\/\/marcelolopes.jor.br\/site\/2026\/03\/12\/casal-e-preso-em-muriae-com-dois-veiculos-roubados-no-rio-de-janeiro\/#primaryimage"},"image":{"@id":"https:\/\/marcelolopes.jor.br\/site\/2026\/03\/12\/casal-e-preso-em-muriae-com-dois-veiculos-roubados-no-rio-de-janeiro\/#primaryimage"},"thumbnailUrl":"https:\/\/marcelolopes.jor.br\/site\/wp-content\/uploads\/2026\/03\/veiculos.png","datePublished":"2026-03-12T19:00:31+00:00","description":"Casal \u00e9 preso em Muria\u00e9 com dois ve\u00edculos roubados no Rio de Janeiro. Eles sa\u00edam de uma oficina mec\u00e2nica com um caminh\u00e3o e um Jeep Renegade.","breadcrumb":{"@id":"https:\/\/marcelolopes.jor.br\/site\/2026\/03\/12\/casal-e-preso-em-muriae-com-dois-veiculos-roubados-no-rio-de-janeiro\/#breadcrumb"},"inLanguage":"pt-BR","potentialAction":[{"@type":"ReadAction","target":["https:\/\/marcelolopes.jor.br\/site\/2026\/03\/12\/casal-e-preso-em-muriae-com-dois-veiculos-roubados-no-rio-de-janeiro\/"]}]},{"@type":"ImageObject","inLanguage":"pt-BR","@id":"https:\/\/marcelolopes.jor.br\/site\/2026\/03\/12\/casal-e-preso-em-muriae-com-dois-veiculos-roubados-no-rio-de-janeiro\/#primaryimage","url":"https:\/\/marcelolopes.jor.br\/site\/wp-content\/uploads\/2026\/03\/veiculos.png","contentUrl":"https:\/\/marcelolopes.jor.br\/site\/wp-content\/uploads\/2026\/03\/veiculos.png","width":800,"height":550,"caption":"Casal \u00e9 preso em"},{"@type":"BreadcrumbList","@id":"https:\/\/marcelolopes.jor.br\/site\/2026\/03\/12\/casal-e-preso-em-muriae-com-dois-veiculos-roubados-no-rio-de-janeiro\/#breadcrumb","itemListElement":[{"@type":"ListItem","position":1,"name":"Home","item":"https:\/\/marcelolopes.jor.br\/site\/"},{"@type":"ListItem","position":2,"name":"Casal \u00e9 preso em Muria\u00e9 com dois ve\u00edculos roubados no Rio de Janeiro"}]},{"@type":"WebSite","@id":"https:\/\/marcelolopes.jor.br\/site\/#website","url":"https:\/\/marcelolopes.jor.br\/site\/","name":"Marcelo Lopes","description":"Not\u00edcias de Cataguases e Regi\u00e3o","publisher":{"@id":"https:\/\/marcelolopes.jor.br\/site\/#organization"},"potentialAction":[{"@type":"SearchAction","target":{"@type":"EntryPoint","urlTemplate":"https:\/\/marcelolopes.jor.br\/site\/?s={search_term_string}"},"query-input":{"@type":"PropertyValueSpecification","valueRequired":true,"valueName":"search_term_string"}}],"inLanguage":"pt-BR"},{"@type":"Organization","@id":"https:\/\/marcelolopes.jor.br\/site\/#organization","name":"Site do Marcelo Lopes","url":"https:\/\/marcelolopes.jor.br\/site\/","logo":{"@type":"ImageObject","inLanguage":"pt-BR","@id":"https:\/\/marcelolopes.jor.br\/site\/#\/schema\/logo\/image\/","url":"https:\/\/marcelolopes.jor.br\/site\/wp-content\/uploads\/2024\/11\/logo-1.png","contentUrl":"https:\/\/marcelolopes.jor.br\/site\/wp-content\/uploads\/2024\/11\/logo-1.png","width":475,"height":80,"caption":"Site do Marcelo Lopes"},"image":{"@id":"https:\/\/marcelolopes.jor.br\/site\/#\/schema\/logo\/image\/"},"sameAs":["https:\/\/www.facebook.com\/sitedomarcelolopes","https:\/\/www.instagram.com\/sitedomarcelolopes\/","https:\/\/www.linkedin.com\/company\/site-do-marcelo-lopes\/","https:\/\/www.youtube.com\/user\/marcelolopes957"]},{"@type":"Person","@id":"https:\/\/marcelolopes.jor.br\/site\/#\/schema\/person\/3e7216a35c34d8fdf952b31da3d1f89f","name":"Marcelo Lopes","sameAs":["http:\/\/www.marcelolopes.jor.br"],"url":"https:\/\/marcelolopes.jor.br\/site\/author\/marcelo\/"}]}},"wps_subtitle":"Eles sa\u00edam de uma oficina mec\u00e2nica com um caminh\u00e3o e um Jeep Renegade.","_links":{"self":[{"href":"https:\/\/marcelolopes.jor.br\/site\/wp-json\/wp\/v2\/posts\/64414","targetHints":{"allow":["GET"]}}],"collection":[{"href":"https:\/\/marcelolopes.jor.br\/site\/wp-json\/wp\/v2\/posts"}],"about":[{"href":"https:\/\/marcelolopes.jor.br\/site\/wp-json\/wp\/v2\/types\/post"}],"author":[{"embeddable":true,"href":"https:\/\/marcelolopes.jor.br\/site\/wp-json\/wp\/v2\/users\/2"}],"replies":[{"embeddable":true,"href":"https:\/\/marcelolopes.jor.br\/site\/wp-json\/wp\/v2\/comments?post=64414"}],"version-history":[{"count":0,"href":"https:\/\/marcelolopes.jor.br\/site\/wp-json\/wp\/v2\/posts\/64414\/revisions"}],"wp:featuredmedia":[{"embeddable":true,"href":"https:\/\/marcelolopes.jor.br\/site\/wp-json\/wp\/v2\/media\/64416"}],"wp:attachment":[{"href":"https:\/\/marcelolopes.jor.br\/site\/wp-json\/wp\/v2\/media?parent=64414"}],"wp:term":[{"taxonomy":"category","embeddable":true,"href":"https:\/\/marcelolopes.jor.br\/site\/wp-json\/wp\/v2\/categories?post=64414"},{"taxonomy":"post_tag","embeddable":true,"href":"https:\/\/marcelolopes.jor.br\/site\/wp-json\/wp\/v2\/tags?post=64414"}],"curies":[{"name":"wp","href":"https:\/\/api.w.org\/{rel}","templated":true}]}}