{"id":64410,"date":"2026-03-12T12:00:54","date_gmt":"2026-03-12T15:00:54","guid":{"rendered":"https:\/\/marcelolopes.jor.br\/site\/?p=64410"},"modified":"2026-03-12T09:48:09","modified_gmt":"2026-03-12T12:48:09","slug":"policia-civil-prende-suspeito-de-furtos-a-residencia-em-cataguases","status":"publish","type":"post","link":"https:\/\/marcelolopes.jor.br\/site\/2026\/03\/12\/policia-civil-prende-suspeito-de-furtos-a-residencia-em-cataguases\/","title":{"rendered":"Pol\u00edcia Civil prende suspeito de furtos a resid\u00eancia em Cataguases"},"content":{"rendered":"<p>A Pol\u00edcia Civil de Minas Gerais, por meio da 27\u00aa Delegacia de Pol\u00edcia de Cataguases, prendeu na noite do dia 11 de mar\u00e7o, por volta das 19 horas, um homem de 33 anos, em cumprimento a mandado de pris\u00e3o preventiva expedido pela Justi\u00e7a. A medida cautelar foi decretada no \u00e2mbito de investiga\u00e7\u00e3o que apura a tentativa de furto a uma resid\u00eancia no munic\u00edpio.<!--more--><\/p>\n<h4 class=\"p1\"><span class=\"s1\">\ud83d\udcf8\u00a0<span style=\"color: #008000;\">Siga o Site do Marcelo Lopes no<\/span>\u00a0<span style=\"color: #800000;\"><a style=\"color: #800000;\" href=\"https:\/\/www.facebook.com\/sitedomarcelolopes\/\"><strong>Facebook<\/strong><\/a><\/span>\u00a0<span style=\"color: #008000;\">e no<\/span>\u00a0<span style=\"color: #800000;\"><strong><a style=\"color: #800000;\" href=\"https:\/\/www.instagram.com\/sitedomarcelolopes\/\">Instagram<\/a><\/strong><\/span><\/span><\/h4>\n<h4 class=\"p1\">\ud83d\udcf1<span style=\"color: #008000;\">Participe do grupo de<\/span>\u00a0<span style=\"color: #800000;\"><a style=\"color: #800000;\" href=\"https:\/\/chat.whatsapp.com\/BibzcI1ibYSKytbdyzubLA\"><strong>WhatsApp<\/strong><\/a><\/span> <span style=\"color: #008000;\">do Site do Marcelo Lopes<\/span><\/h4>\n<p>De acordo com as apura\u00e7\u00f5es, na madrugada do fato, o suspeito teria escolhido uma resid\u00eancia como alvo e iniciado a execu\u00e7\u00e3o do crime escalando o port\u00e3o do im\u00f3vel vizinho com a inten\u00e7\u00e3o de alcan\u00e7ar a janela da casa. No entanto, a a\u00e7\u00e3o criminosa foi interrompida ap\u00f3s o cachorro da fam\u00edlia come\u00e7ar a latir, o que despertou os moradores. Ao perceber que havia sido descoberto, o suspeito fugiu do local antes de conseguir entrar na resid\u00eancia.<\/p>\n<p>As investiga\u00e7\u00f5es conduzidas pela Pol\u00edcia Civil reuniram elementos de prova, incluindo imagens de c\u00e2meras de seguran\u00e7a, que possibilitaram a identifica\u00e7\u00e3o do autor e subsidiaram o pedido de pris\u00e3o preventiva, posteriormente deferido pelo Poder Judici\u00e1rio.<\/p>\n<p>Segundo a Pol\u00edcia Civil, o homem \u00e9 um antigo conhecido no meio policial. Sua ficha de antecedentes registra cerca de 25 passagens por crimes de furto, a maioria deles praticados contra resid\u00eancias e estabelecimentos comerciais. Ainda conforme levantamentos policiais, os delitos atribu\u00eddos ao suspeito costumam ocorrer, em sua maioria, durante o per\u00edodo noturno ou na madrugada, circunst\u00e2ncia que demonstra um padr\u00e3o de atua\u00e7\u00e3o voltado a aproveitar momentos de menor circula\u00e7\u00e3o de pessoas.<\/p>\n<p>O Delegado Marcelo Manna, respons\u00e1vel pelas investiga\u00e7\u00f5es, destacou a import\u00e2ncia do trabalho investigativo para a identifica\u00e7\u00e3o e responsabiliza\u00e7\u00e3o do suspeito. \u201cTrata-se de um indiv\u00edduo com longa ficha criminal e reiteradas passagens por furtos, especialmente em resid\u00eancias. As imagens de seguran\u00e7a foram fundamentais para esclarecer a din\u00e2mica do fato e confirmar a autoria. A pris\u00e3o preventiva foi representada justamente para interromper essa sequ\u00eancia de crimes patrimoniais e trazer maior sensa\u00e7\u00e3o de seguran\u00e7a \u00e0 popula\u00e7\u00e3o\u201d, afirmou.<\/p>\n<p>Ap\u00f3s a pris\u00e3o, o indiv\u00edduo foi encaminhado ao sistema prisional, onde permanecer\u00e1 \u00e0 disposi\u00e7\u00e3o da Justi\u00e7a.<\/p>\n<p><strong>OUTRAS NOT\u00cdCIAS<\/strong><br \/>\n<a href=\"https:\/\/marcelolopes.jor.br\/site\/2026\/02\/21\/policia-civil-prende-suspeito-de-tentativa-de-feminicidio-em-cataguases\/\"><strong><span style=\"color: #800000;\">Pol\u00edcia Civil prende suspeito de tentativa de feminic\u00eddio em Cataguases<\/span><\/strong><\/a><\/p>\n<p><a href=\"https:\/\/marcelolopes.jor.br\/site\/2025\/12\/17\/bebe-resgatada-pela-policia-civil-passa-por-exames-medicos\/\"><strong><span style=\"color: #800000;\">Beb\u00ea resgatada pela Pol\u00edcia Civil passa por exames m\u00e9dicos<\/span><\/strong><\/a><\/p>\n<p>Fonte e foto: PCMG<\/p>\n<div class=\"xkrgo69f77969bfe51\" ><br><\/div><style type=\"text\/css\">\r\n@media screen and (min-width: 1201px) {\r\n.xkrgo69f77969bfe51 {\r\ndisplay: block;\r\n}\r\n}\r\n@media screen and (min-width: 993px) and (max-width: 1200px) {\r\n.xkrgo69f77969bfe51 {\r\ndisplay: block;\r\n}\r\n}\r\n@media screen and (min-width: 769px) and (max-width: 992px) {\r\n.xkrgo69f77969bfe51 {\r\ndisplay: block;\r\n}\r\n}\r\n@media screen and (min-width: 768px) and (max-width: 768px) {\r\n.xkrgo69f77969bfe51 {\r\ndisplay: block;\r\n}\r\n}\r\n@media screen and (max-width: 767px) {\r\n.xkrgo69f77969bfe51 {\r\ndisplay: block;\r\n}\r\n}\r\n<\/style>\r\n<div class=\"hlhhp69f77969c5c2a\" ><div id=\"div_destino\"><\/div>\r\n<script src=\"https:\/\/cdn.snsrsv.com\/sdk.js\"><\/script>\r\n<script >\r\n      new sdk(\"464030C30061EA8BE065000000000001\") \r\n          .appendTo(\"div_destino\")\r\n          .disableStyle(true) \r\n          .setCacheBusterMacro(\"%%CACHEBUSTER%%\")\r\n          .setSize(\"800\",\"214\")\r\n          .setClickMacro(\"%%CLICK_URL_ESC%%\") \r\n          .setReferrerUrlMacro(\"%%REFERRER_URL_ESC%%\") \r\n          .start(); \r\n<\/script><\/div><style type=\"text\/css\">\r\n@media screen and (min-width: 1201px) {\r\n.hlhhp69f77969c5c2a {\r\ndisplay: block;\r\n}\r\n}\r\n@media screen and (min-width: 993px) and (max-width: 1200px) {\r\n.hlhhp69f77969c5c2a {\r\ndisplay: block;\r\n}\r\n}\r\n@media screen and (min-width: 769px) and (max-width: 992px) {\r\n.hlhhp69f77969c5c2a {\r\ndisplay: block;\r\n}\r\n}\r\n@media screen and (min-width: 768px) and (max-width: 768px) {\r\n.hlhhp69f77969c5c2a {\r\ndisplay: block;\r\n}\r\n}\r\n@media screen and (max-width: 767px) {\r\n.hlhhp69f77969c5c2a {\r\ndisplay: block;\r\n}\r\n}\r\n<\/style>\r\n","protected":false},"excerpt":{"rendered":"<p>A Pol\u00edcia Civil de Minas Gerais, por meio da 27\u00aa Delegacia de Pol\u00edcia de Cataguases, prendeu na noite do dia 11 de mar\u00e7o, por volta das 19 horas, um homem de 33 anos, em cumprimento a mandado de pris\u00e3o preventiva<\/p>\n<p class=\"link-more\"><a class=\"more-link\" href=\"https:\/\/marcelolopes.jor.br\/site\/2026\/03\/12\/policia-civil-prende-suspeito-de-furtos-a-residencia-em-cataguases\/\">Leia mais <span class=\"screen-reader-text\">Pol\u00edcia Civil prende suspeito de furtos a resid\u00eancia em Cataguases<\/span><\/a><\/p>\n","protected":false},"author":2,"featured_media":64412,"comment_status":"open","ping_status":"closed","sticky":false,"template":"","format":"standard","meta":{"footnotes":""},"categories":[1],"tags":[],"class_list":["post-64410","post","type-post","status-publish","format-standard","has-post-thumbnail","hentry","category-noticias","thumb-below-title"],"yoast_head":"<!-- This site is optimized with the Yoast SEO plugin v27.4 - https:\/\/yoast.com\/product\/yoast-seo-wordpress\/ -->\n<title>Pol\u00edcia Civil prende suspeito de furtos a resid\u00eancia em Cataguases | Marcelo Lopes<\/title>\n<meta name=\"description\" content=\"Pol\u00edcia Civil prende suspeito de furtos a resid\u00eancia em Cataguases. Delegado Marcelo Manna informou que suspeito tem 25 registros por furto.\" \/>\n<meta name=\"robots\" content=\"index, follow, max-snippet:-1, max-image-preview:large, max-video-preview:-1\" \/>\n<link rel=\"canonical\" href=\"https:\/\/marcelolopes.jor.br\/site\/2026\/03\/12\/policia-civil-prende-suspeito-de-furtos-a-residencia-em-cataguases\/\" \/>\n<meta property=\"og:locale\" content=\"pt_BR\" \/>\n<meta property=\"og:type\" content=\"article\" \/>\n<meta property=\"og:title\" content=\"Pol\u00edcia Civil prende suspeito de furtos a resid\u00eancia em Cataguases | Marcelo Lopes\" \/>\n<meta property=\"og:description\" content=\"Pol\u00edcia Civil prende suspeito de furtos a resid\u00eancia em Cataguases. Delegado Marcelo Manna informou que suspeito tem 25 registros por furto.\" \/>\n<meta property=\"og:url\" content=\"https:\/\/marcelolopes.jor.br\/site\/2026\/03\/12\/policia-civil-prende-suspeito-de-furtos-a-residencia-em-cataguases\/\" \/>\n<meta property=\"og:site_name\" content=\"Marcelo Lopes\" \/>\n<meta property=\"article:publisher\" content=\"https:\/\/www.facebook.com\/sitedomarcelolopes\" \/>\n<meta property=\"article:published_time\" content=\"2026-03-12T15:00:54+00:00\" \/>\n<meta property=\"og:image\" content=\"https:\/\/marcelolopes.jor.br\/site\/wp-content\/uploads\/2026\/03\/Suspeito.jpg\" \/>\n\t<meta property=\"og:image:width\" content=\"800\" \/>\n\t<meta property=\"og:image:height\" content=\"537\" \/>\n\t<meta property=\"og:image:type\" content=\"image\/jpeg\" \/>\n<meta name=\"author\" content=\"Marcelo Lopes\" \/>\n<meta name=\"twitter:card\" content=\"summary_large_image\" \/>\n<meta name=\"twitter:label1\" content=\"Escrito por\" \/>\n\t<meta name=\"twitter:data1\" content=\"Marcelo Lopes\" \/>\n\t<meta name=\"twitter:label2\" content=\"Est. tempo de leitura\" \/>\n\t<meta name=\"twitter:data2\" content=\"2 minutos\" \/>\n<script type=\"application\/ld+json\" class=\"yoast-schema-graph\">{\"@context\":\"https:\\\/\\\/schema.org\",\"@graph\":[{\"@type\":\"NewsArticle\",\"@id\":\"https:\\\/\\\/marcelolopes.jor.br\\\/site\\\/2026\\\/03\\\/12\\\/policia-civil-prende-suspeito-de-furtos-a-residencia-em-cataguases\\\/#article\",\"isPartOf\":{\"@id\":\"https:\\\/\\\/marcelolopes.jor.br\\\/site\\\/2026\\\/03\\\/12\\\/policia-civil-prende-suspeito-de-furtos-a-residencia-em-cataguases\\\/\"},\"author\":{\"name\":\"Marcelo Lopes\",\"@id\":\"https:\\\/\\\/marcelolopes.jor.br\\\/site\\\/#\\\/schema\\\/person\\\/3e7216a35c34d8fdf952b31da3d1f89f\"},\"headline\":\"Pol\u00edcia Civil prende suspeito de furtos a resid\u00eancia em Cataguases\",\"datePublished\":\"2026-03-12T15:00:54+00:00\",\"mainEntityOfPage\":{\"@id\":\"https:\\\/\\\/marcelolopes.jor.br\\\/site\\\/2026\\\/03\\\/12\\\/policia-civil-prende-suspeito-de-furtos-a-residencia-em-cataguases\\\/\"},\"wordCount\":443,\"commentCount\":0,\"publisher\":{\"@id\":\"https:\\\/\\\/marcelolopes.jor.br\\\/site\\\/#organization\"},\"image\":{\"@id\":\"https:\\\/\\\/marcelolopes.jor.br\\\/site\\\/2026\\\/03\\\/12\\\/policia-civil-prende-suspeito-de-furtos-a-residencia-em-cataguases\\\/#primaryimage\"},\"thumbnailUrl\":\"https:\\\/\\\/marcelolopes.jor.br\\\/site\\\/wp-content\\\/uploads\\\/2026\\\/03\\\/Suspeito.jpg\",\"articleSection\":[\"Not\u00edcias\"],\"inLanguage\":\"pt-BR\",\"potentialAction\":[{\"@type\":\"CommentAction\",\"name\":\"Comment\",\"target\":[\"https:\\\/\\\/marcelolopes.jor.br\\\/site\\\/2026\\\/03\\\/12\\\/policia-civil-prende-suspeito-de-furtos-a-residencia-em-cataguases\\\/#respond\"]}]},{\"@type\":\"WebPage\",\"@id\":\"https:\\\/\\\/marcelolopes.jor.br\\\/site\\\/2026\\\/03\\\/12\\\/policia-civil-prende-suspeito-de-furtos-a-residencia-em-cataguases\\\/\",\"url\":\"https:\\\/\\\/marcelolopes.jor.br\\\/site\\\/2026\\\/03\\\/12\\\/policia-civil-prende-suspeito-de-furtos-a-residencia-em-cataguases\\\/\",\"name\":\"Pol\u00edcia Civil prende suspeito de furtos a resid\u00eancia em Cataguases | Marcelo Lopes\",\"isPartOf\":{\"@id\":\"https:\\\/\\\/marcelolopes.jor.br\\\/site\\\/#website\"},\"primaryImageOfPage\":{\"@id\":\"https:\\\/\\\/marcelolopes.jor.br\\\/site\\\/2026\\\/03\\\/12\\\/policia-civil-prende-suspeito-de-furtos-a-residencia-em-cataguases\\\/#primaryimage\"},\"image\":{\"@id\":\"https:\\\/\\\/marcelolopes.jor.br\\\/site\\\/2026\\\/03\\\/12\\\/policia-civil-prende-suspeito-de-furtos-a-residencia-em-cataguases\\\/#primaryimage\"},\"thumbnailUrl\":\"https:\\\/\\\/marcelolopes.jor.br\\\/site\\\/wp-content\\\/uploads\\\/2026\\\/03\\\/Suspeito.jpg\",\"datePublished\":\"2026-03-12T15:00:54+00:00\",\"description\":\"Pol\u00edcia Civil prende suspeito de furtos a resid\u00eancia em Cataguases. Delegado Marcelo Manna informou que suspeito tem 25 registros por furto.\",\"breadcrumb\":{\"@id\":\"https:\\\/\\\/marcelolopes.jor.br\\\/site\\\/2026\\\/03\\\/12\\\/policia-civil-prende-suspeito-de-furtos-a-residencia-em-cataguases\\\/#breadcrumb\"},\"inLanguage\":\"pt-BR\",\"potentialAction\":[{\"@type\":\"ReadAction\",\"target\":[\"https:\\\/\\\/marcelolopes.jor.br\\\/site\\\/2026\\\/03\\\/12\\\/policia-civil-prende-suspeito-de-furtos-a-residencia-em-cataguases\\\/\"]}]},{\"@type\":\"ImageObject\",\"inLanguage\":\"pt-BR\",\"@id\":\"https:\\\/\\\/marcelolopes.jor.br\\\/site\\\/2026\\\/03\\\/12\\\/policia-civil-prende-suspeito-de-furtos-a-residencia-em-cataguases\\\/#primaryimage\",\"url\":\"https:\\\/\\\/marcelolopes.jor.br\\\/site\\\/wp-content\\\/uploads\\\/2026\\\/03\\\/Suspeito.jpg\",\"contentUrl\":\"https:\\\/\\\/marcelolopes.jor.br\\\/site\\\/wp-content\\\/uploads\\\/2026\\\/03\\\/Suspeito.jpg\",\"width\":800,\"height\":537,\"caption\":\"Pol\u00edcia Civil prende suspeito\"},{\"@type\":\"BreadcrumbList\",\"@id\":\"https:\\\/\\\/marcelolopes.jor.br\\\/site\\\/2026\\\/03\\\/12\\\/policia-civil-prende-suspeito-de-furtos-a-residencia-em-cataguases\\\/#breadcrumb\",\"itemListElement\":[{\"@type\":\"ListItem\",\"position\":1,\"name\":\"Home\",\"item\":\"https:\\\/\\\/marcelolopes.jor.br\\\/site\\\/\"},{\"@type\":\"ListItem\",\"position\":2,\"name\":\"Pol\u00edcia Civil prende suspeito de furtos a resid\u00eancia em Cataguases\"}]},{\"@type\":\"WebSite\",\"@id\":\"https:\\\/\\\/marcelolopes.jor.br\\\/site\\\/#website\",\"url\":\"https:\\\/\\\/marcelolopes.jor.br\\\/site\\\/\",\"name\":\"Marcelo Lopes\",\"description\":\"Not\u00edcias de Cataguases e Regi\u00e3o\",\"publisher\":{\"@id\":\"https:\\\/\\\/marcelolopes.jor.br\\\/site\\\/#organization\"},\"potentialAction\":[{\"@type\":\"SearchAction\",\"target\":{\"@type\":\"EntryPoint\",\"urlTemplate\":\"https:\\\/\\\/marcelolopes.jor.br\\\/site\\\/?s={search_term_string}\"},\"query-input\":{\"@type\":\"PropertyValueSpecification\",\"valueRequired\":true,\"valueName\":\"search_term_string\"}}],\"inLanguage\":\"pt-BR\"},{\"@type\":\"Organization\",\"@id\":\"https:\\\/\\\/marcelolopes.jor.br\\\/site\\\/#organization\",\"name\":\"Site do Marcelo Lopes\",\"url\":\"https:\\\/\\\/marcelolopes.jor.br\\\/site\\\/\",\"logo\":{\"@type\":\"ImageObject\",\"inLanguage\":\"pt-BR\",\"@id\":\"https:\\\/\\\/marcelolopes.jor.br\\\/site\\\/#\\\/schema\\\/logo\\\/image\\\/\",\"url\":\"https:\\\/\\\/marcelolopes.jor.br\\\/site\\\/wp-content\\\/uploads\\\/2024\\\/11\\\/logo-1.png\",\"contentUrl\":\"https:\\\/\\\/marcelolopes.jor.br\\\/site\\\/wp-content\\\/uploads\\\/2024\\\/11\\\/logo-1.png\",\"width\":475,\"height\":80,\"caption\":\"Site do Marcelo Lopes\"},\"image\":{\"@id\":\"https:\\\/\\\/marcelolopes.jor.br\\\/site\\\/#\\\/schema\\\/logo\\\/image\\\/\"},\"sameAs\":[\"https:\\\/\\\/www.facebook.com\\\/sitedomarcelolopes\",\"https:\\\/\\\/www.instagram.com\\\/sitedomarcelolopes\\\/\",\"https:\\\/\\\/www.linkedin.com\\\/company\\\/site-do-marcelo-lopes\\\/\",\"https:\\\/\\\/www.youtube.com\\\/user\\\/marcelolopes957\"]},{\"@type\":\"Person\",\"@id\":\"https:\\\/\\\/marcelolopes.jor.br\\\/site\\\/#\\\/schema\\\/person\\\/3e7216a35c34d8fdf952b31da3d1f89f\",\"name\":\"Marcelo Lopes\",\"sameAs\":[\"http:\\\/\\\/www.marcelolopes.jor.br\"],\"url\":\"https:\\\/\\\/marcelolopes.jor.br\\\/site\\\/author\\\/marcelo\\\/\"}]}<\/script>\n<!-- \/ Yoast SEO plugin. -->","yoast_head_json":{"title":"Pol\u00edcia Civil prende suspeito de furtos a resid\u00eancia em Cataguases | Marcelo Lopes","description":"Pol\u00edcia Civil prende suspeito de furtos a resid\u00eancia em Cataguases. Delegado Marcelo Manna informou que suspeito tem 25 registros por furto.","robots":{"index":"index","follow":"follow","max-snippet":"max-snippet:-1","max-image-preview":"max-image-preview:large","max-video-preview":"max-video-preview:-1"},"canonical":"https:\/\/marcelolopes.jor.br\/site\/2026\/03\/12\/policia-civil-prende-suspeito-de-furtos-a-residencia-em-cataguases\/","og_locale":"pt_BR","og_type":"article","og_title":"Pol\u00edcia Civil prende suspeito de furtos a resid\u00eancia em Cataguases | Marcelo Lopes","og_description":"Pol\u00edcia Civil prende suspeito de furtos a resid\u00eancia em Cataguases. Delegado Marcelo Manna informou que suspeito tem 25 registros por furto.","og_url":"https:\/\/marcelolopes.jor.br\/site\/2026\/03\/12\/policia-civil-prende-suspeito-de-furtos-a-residencia-em-cataguases\/","og_site_name":"Marcelo Lopes","article_publisher":"https:\/\/www.facebook.com\/sitedomarcelolopes","article_published_time":"2026-03-12T15:00:54+00:00","og_image":[{"width":800,"height":537,"url":"https:\/\/marcelolopes.jor.br\/site\/wp-content\/uploads\/2026\/03\/Suspeito.jpg","type":"image\/jpeg"}],"author":"Marcelo Lopes","twitter_card":"summary_large_image","twitter_misc":{"Escrito por":"Marcelo Lopes","Est. tempo de leitura":"2 minutos"},"schema":{"@context":"https:\/\/schema.org","@graph":[{"@type":"NewsArticle","@id":"https:\/\/marcelolopes.jor.br\/site\/2026\/03\/12\/policia-civil-prende-suspeito-de-furtos-a-residencia-em-cataguases\/#article","isPartOf":{"@id":"https:\/\/marcelolopes.jor.br\/site\/2026\/03\/12\/policia-civil-prende-suspeito-de-furtos-a-residencia-em-cataguases\/"},"author":{"name":"Marcelo Lopes","@id":"https:\/\/marcelolopes.jor.br\/site\/#\/schema\/person\/3e7216a35c34d8fdf952b31da3d1f89f"},"headline":"Pol\u00edcia Civil prende suspeito de furtos a resid\u00eancia em Cataguases","datePublished":"2026-03-12T15:00:54+00:00","mainEntityOfPage":{"@id":"https:\/\/marcelolopes.jor.br\/site\/2026\/03\/12\/policia-civil-prende-suspeito-de-furtos-a-residencia-em-cataguases\/"},"wordCount":443,"commentCount":0,"publisher":{"@id":"https:\/\/marcelolopes.jor.br\/site\/#organization"},"image":{"@id":"https:\/\/marcelolopes.jor.br\/site\/2026\/03\/12\/policia-civil-prende-suspeito-de-furtos-a-residencia-em-cataguases\/#primaryimage"},"thumbnailUrl":"https:\/\/marcelolopes.jor.br\/site\/wp-content\/uploads\/2026\/03\/Suspeito.jpg","articleSection":["Not\u00edcias"],"inLanguage":"pt-BR","potentialAction":[{"@type":"CommentAction","name":"Comment","target":["https:\/\/marcelolopes.jor.br\/site\/2026\/03\/12\/policia-civil-prende-suspeito-de-furtos-a-residencia-em-cataguases\/#respond"]}]},{"@type":"WebPage","@id":"https:\/\/marcelolopes.jor.br\/site\/2026\/03\/12\/policia-civil-prende-suspeito-de-furtos-a-residencia-em-cataguases\/","url":"https:\/\/marcelolopes.jor.br\/site\/2026\/03\/12\/policia-civil-prende-suspeito-de-furtos-a-residencia-em-cataguases\/","name":"Pol\u00edcia Civil prende suspeito de furtos a resid\u00eancia em Cataguases | Marcelo Lopes","isPartOf":{"@id":"https:\/\/marcelolopes.jor.br\/site\/#website"},"primaryImageOfPage":{"@id":"https:\/\/marcelolopes.jor.br\/site\/2026\/03\/12\/policia-civil-prende-suspeito-de-furtos-a-residencia-em-cataguases\/#primaryimage"},"image":{"@id":"https:\/\/marcelolopes.jor.br\/site\/2026\/03\/12\/policia-civil-prende-suspeito-de-furtos-a-residencia-em-cataguases\/#primaryimage"},"thumbnailUrl":"https:\/\/marcelolopes.jor.br\/site\/wp-content\/uploads\/2026\/03\/Suspeito.jpg","datePublished":"2026-03-12T15:00:54+00:00","description":"Pol\u00edcia Civil prende suspeito de furtos a resid\u00eancia em Cataguases. Delegado Marcelo Manna informou que suspeito tem 25 registros por furto.","breadcrumb":{"@id":"https:\/\/marcelolopes.jor.br\/site\/2026\/03\/12\/policia-civil-prende-suspeito-de-furtos-a-residencia-em-cataguases\/#breadcrumb"},"inLanguage":"pt-BR","potentialAction":[{"@type":"ReadAction","target":["https:\/\/marcelolopes.jor.br\/site\/2026\/03\/12\/policia-civil-prende-suspeito-de-furtos-a-residencia-em-cataguases\/"]}]},{"@type":"ImageObject","inLanguage":"pt-BR","@id":"https:\/\/marcelolopes.jor.br\/site\/2026\/03\/12\/policia-civil-prende-suspeito-de-furtos-a-residencia-em-cataguases\/#primaryimage","url":"https:\/\/marcelolopes.jor.br\/site\/wp-content\/uploads\/2026\/03\/Suspeito.jpg","contentUrl":"https:\/\/marcelolopes.jor.br\/site\/wp-content\/uploads\/2026\/03\/Suspeito.jpg","width":800,"height":537,"caption":"Pol\u00edcia Civil prende suspeito"},{"@type":"BreadcrumbList","@id":"https:\/\/marcelolopes.jor.br\/site\/2026\/03\/12\/policia-civil-prende-suspeito-de-furtos-a-residencia-em-cataguases\/#breadcrumb","itemListElement":[{"@type":"ListItem","position":1,"name":"Home","item":"https:\/\/marcelolopes.jor.br\/site\/"},{"@type":"ListItem","position":2,"name":"Pol\u00edcia Civil prende suspeito de furtos a resid\u00eancia em Cataguases"}]},{"@type":"WebSite","@id":"https:\/\/marcelolopes.jor.br\/site\/#website","url":"https:\/\/marcelolopes.jor.br\/site\/","name":"Marcelo Lopes","description":"Not\u00edcias de Cataguases e Regi\u00e3o","publisher":{"@id":"https:\/\/marcelolopes.jor.br\/site\/#organization"},"potentialAction":[{"@type":"SearchAction","target":{"@type":"EntryPoint","urlTemplate":"https:\/\/marcelolopes.jor.br\/site\/?s={search_term_string}"},"query-input":{"@type":"PropertyValueSpecification","valueRequired":true,"valueName":"search_term_string"}}],"inLanguage":"pt-BR"},{"@type":"Organization","@id":"https:\/\/marcelolopes.jor.br\/site\/#organization","name":"Site do Marcelo Lopes","url":"https:\/\/marcelolopes.jor.br\/site\/","logo":{"@type":"ImageObject","inLanguage":"pt-BR","@id":"https:\/\/marcelolopes.jor.br\/site\/#\/schema\/logo\/image\/","url":"https:\/\/marcelolopes.jor.br\/site\/wp-content\/uploads\/2024\/11\/logo-1.png","contentUrl":"https:\/\/marcelolopes.jor.br\/site\/wp-content\/uploads\/2024\/11\/logo-1.png","width":475,"height":80,"caption":"Site do Marcelo Lopes"},"image":{"@id":"https:\/\/marcelolopes.jor.br\/site\/#\/schema\/logo\/image\/"},"sameAs":["https:\/\/www.facebook.com\/sitedomarcelolopes","https:\/\/www.instagram.com\/sitedomarcelolopes\/","https:\/\/www.linkedin.com\/company\/site-do-marcelo-lopes\/","https:\/\/www.youtube.com\/user\/marcelolopes957"]},{"@type":"Person","@id":"https:\/\/marcelolopes.jor.br\/site\/#\/schema\/person\/3e7216a35c34d8fdf952b31da3d1f89f","name":"Marcelo Lopes","sameAs":["http:\/\/www.marcelolopes.jor.br"],"url":"https:\/\/marcelolopes.jor.br\/site\/author\/marcelo\/"}]}},"wps_subtitle":"O delegado Marcelo Manna informou que o suspeito tem 25 registros pelo crime de furto.","_links":{"self":[{"href":"https:\/\/marcelolopes.jor.br\/site\/wp-json\/wp\/v2\/posts\/64410","targetHints":{"allow":["GET"]}}],"collection":[{"href":"https:\/\/marcelolopes.jor.br\/site\/wp-json\/wp\/v2\/posts"}],"about":[{"href":"https:\/\/marcelolopes.jor.br\/site\/wp-json\/wp\/v2\/types\/post"}],"author":[{"embeddable":true,"href":"https:\/\/marcelolopes.jor.br\/site\/wp-json\/wp\/v2\/users\/2"}],"replies":[{"embeddable":true,"href":"https:\/\/marcelolopes.jor.br\/site\/wp-json\/wp\/v2\/comments?post=64410"}],"version-history":[{"count":0,"href":"https:\/\/marcelolopes.jor.br\/site\/wp-json\/wp\/v2\/posts\/64410\/revisions"}],"wp:featuredmedia":[{"embeddable":true,"href":"https:\/\/marcelolopes.jor.br\/site\/wp-json\/wp\/v2\/media\/64412"}],"wp:attachment":[{"href":"https:\/\/marcelolopes.jor.br\/site\/wp-json\/wp\/v2\/media?parent=64410"}],"wp:term":[{"taxonomy":"category","embeddable":true,"href":"https:\/\/marcelolopes.jor.br\/site\/wp-json\/wp\/v2\/categories?post=64410"},{"taxonomy":"post_tag","embeddable":true,"href":"https:\/\/marcelolopes.jor.br\/site\/wp-json\/wp\/v2\/tags?post=64410"}],"curies":[{"name":"wp","href":"https:\/\/api.w.org\/{rel}","templated":true}]}}