{"id":64096,"date":"2026-02-26T19:14:59","date_gmt":"2026-02-26T22:14:59","guid":{"rendered":"https:\/\/marcelolopes.jor.br\/site\/?p=64096"},"modified":"2026-02-26T22:01:36","modified_gmt":"2026-02-27T01:01:36","slug":"forte-temporal-alaga-varias-ruas-em-cataguases","status":"publish","type":"post","link":"https:\/\/marcelolopes.jor.br\/site\/2026\/02\/26\/forte-temporal-alaga-varias-ruas-em-cataguases\/","title":{"rendered":"Forte temporal alaga v\u00e1rias ruas em Cataguases"},"content":{"rendered":"<p>Um forte temporal cai sobre Cataguases h\u00e1 mais de 2 horas, com raios e trov\u00f5es. \u00a0O aguaceiro inundou v\u00e1rias ruas em diversos pontos da cidade, inclusive a regi\u00e3o central onde as avenidas Astolfo Dutra e Humberto Mauro, est\u00e3o intransit\u00e1veis devido ao grande volume de \u00e1gua acumulado em seus leitos. A Avenida Ver\u00edssimo Mendon\u00e7a &#8211; altura da antiga Via\u00e7\u00e3o Bonan\u00e7a &#8211; est\u00e1 interditada devido a queda de encosta. Portanto, neste momento n\u00e3o saia de casa ou do local onde estiver para se proteger.<\/p>\n<p><!--more--><\/p>\n<h4 class=\"p1\"><span class=\"s1\">\ud83d\udcf8\u00a0<span style=\"color: #008000;\">Siga o Site do Marcelo Lopes no<\/span>\u00a0<span style=\"color: #800000;\"><a style=\"color: #800000;\" href=\"https:\/\/www.facebook.com\/sitedomarcelolopes\/\"><strong>Facebook<\/strong><\/a><\/span>\u00a0<span style=\"color: #008000;\">e no<\/span>\u00a0<span style=\"color: #800000;\"><strong><a style=\"color: #800000;\" href=\"https:\/\/www.instagram.com\/sitedomarcelolopes\/\">Instagram<\/a><\/strong><\/span><\/span><\/h4>\n<h4 class=\"p1\">\ud83d\udcf1<span style=\"color: #008000;\">Participe do grupo de<\/span>\u00a0<span style=\"color: #800000;\"><a style=\"color: #800000;\" href=\"https:\/\/chat.whatsapp.com\/BibzcI1ibYSKytbdyzubLA\"><strong>WhatsApp<\/strong><\/a><\/span> <span style=\"color: #008000;\">do Site do Marcelo Lopes<\/span><\/h4>\n<p>O Site fez um apanhado de alguns v\u00eddeos postados pelos internautas de alguns pontos da cidade e reproduz um v\u00eddeo compilado para dar uma dimens\u00e3o do que a tempestade est\u00e1 provocando na cidade. H\u00e1 inunda\u00e7\u00f5es em diversos bairros como Santa Clara, Vila Minalda, Granjaria, Vila Tereza, al\u00e9m da regi\u00e3o central. \u00a0O momento \u00e9 de ficar em casa e evitar transitar pelas ruas. Todas as equipes da Defesa Civil, Corpo de Bombeiros e Prefeitura de Cataguases est\u00e3o realizando atendimentos e verificando os estragos provocados pelo temporal.<\/p>\n<figure id=\"attachment_64098\" aria-describedby=\"caption-attachment-64098\" style=\"width: 700px\" class=\"wp-caption aligncenter\"><img loading=\"lazy\" decoding=\"async\" class=\"wp-image-64098\" src=\"https:\/\/marcelolopes.jor.br\/site\/wp-content\/uploads\/2026\/02\/IMG_2799-300x198.jpg\" alt=\"\" width=\"700\" height=\"462\" srcset=\"https:\/\/marcelolopes.jor.br\/site\/wp-content\/uploads\/2026\/02\/IMG_2799-300x198.jpg 300w, https:\/\/marcelolopes.jor.br\/site\/wp-content\/uploads\/2026\/02\/IMG_2799-1024x676.jpg 1024w, https:\/\/marcelolopes.jor.br\/site\/wp-content\/uploads\/2026\/02\/IMG_2799-768x507.jpg 768w, https:\/\/marcelolopes.jor.br\/site\/wp-content\/uploads\/2026\/02\/IMG_2799-1200x792.jpg 1200w, https:\/\/marcelolopes.jor.br\/site\/wp-content\/uploads\/2026\/02\/IMG_2799.jpg 1320w\" sizes=\"auto, (max-width: 700px) 100vw, 700px\" \/><figcaption id=\"caption-attachment-64098\" class=\"wp-caption-text\">Avenida Astolfo Dutra.<\/figcaption><\/figure>\n<p>Veja um compilado dos v\u00eddeos mostrando os efeitos da tempestade produzidos por internautas e postados em redes sociais. Clique abaixo para assistir:<\/p>\n<div style=\"width: 736px;\" class=\"wp-video\"><video class=\"wp-video-shortcode\" id=\"video-64096-1\" width=\"736\" height=\"1232\" preload=\"metadata\" controls=\"controls\"><source type=\"video\/mp4\" src=\"https:\/\/marcelolopes.jor.br\/site\/wp-content\/uploads\/2026\/02\/out_2026-02-26-21-50-19.mp4?_=1\" \/><a href=\"https:\/\/marcelolopes.jor.br\/site\/wp-content\/uploads\/2026\/02\/out_2026-02-26-21-50-19.mp4\">https:\/\/marcelolopes.jor.br\/site\/wp-content\/uploads\/2026\/02\/out_2026-02-26-21-50-19.mp4<\/a><\/video><\/div>\n<p>&nbsp;<\/p>\n<div class=\"ztnkx69f71f7710065\" ><br><\/div><style type=\"text\/css\">\r\n@media screen and (min-width: 1201px) {\r\n.ztnkx69f71f7710065 {\r\ndisplay: block;\r\n}\r\n}\r\n@media screen and (min-width: 993px) and (max-width: 1200px) {\r\n.ztnkx69f71f7710065 {\r\ndisplay: block;\r\n}\r\n}\r\n@media screen and (min-width: 769px) and (max-width: 992px) {\r\n.ztnkx69f71f7710065 {\r\ndisplay: block;\r\n}\r\n}\r\n@media screen and (min-width: 768px) and (max-width: 768px) {\r\n.ztnkx69f71f7710065 {\r\ndisplay: block;\r\n}\r\n}\r\n@media screen and (max-width: 767px) {\r\n.ztnkx69f71f7710065 {\r\ndisplay: block;\r\n}\r\n}\r\n<\/style>\r\n<div class=\"bwwyu69f71f7715edd\" ><div id=\"div_destino\"><\/div>\r\n<script src=\"https:\/\/cdn.snsrsv.com\/sdk.js\"><\/script>\r\n<script >\r\n      new sdk(\"464030C30061EA8BE065000000000001\") \r\n          .appendTo(\"div_destino\")\r\n          .disableStyle(true) \r\n          .setCacheBusterMacro(\"%%CACHEBUSTER%%\")\r\n          .setSize(\"800\",\"214\")\r\n          .setClickMacro(\"%%CLICK_URL_ESC%%\") \r\n          .setReferrerUrlMacro(\"%%REFERRER_URL_ESC%%\") \r\n          .start(); \r\n<\/script><\/div><style type=\"text\/css\">\r\n@media screen and (min-width: 1201px) {\r\n.bwwyu69f71f7715edd {\r\ndisplay: block;\r\n}\r\n}\r\n@media screen and (min-width: 993px) and (max-width: 1200px) {\r\n.bwwyu69f71f7715edd {\r\ndisplay: block;\r\n}\r\n}\r\n@media screen and (min-width: 769px) and (max-width: 992px) {\r\n.bwwyu69f71f7715edd {\r\ndisplay: block;\r\n}\r\n}\r\n@media screen and (min-width: 768px) and (max-width: 768px) {\r\n.bwwyu69f71f7715edd {\r\ndisplay: block;\r\n}\r\n}\r\n@media screen and (max-width: 767px) {\r\n.bwwyu69f71f7715edd {\r\ndisplay: block;\r\n}\r\n}\r\n<\/style>\r\n","protected":false},"excerpt":{"rendered":"<p>Um forte temporal cai sobre Cataguases h\u00e1 mais de 2 horas, com raios e trov\u00f5es. \u00a0O aguaceiro inundou v\u00e1rias ruas em diversos pontos da cidade, inclusive a regi\u00e3o central onde as avenidas Astolfo Dutra e Humberto Mauro, est\u00e3o intransit\u00e1veis devido<\/p>\n<p class=\"link-more\"><a class=\"more-link\" href=\"https:\/\/marcelolopes.jor.br\/site\/2026\/02\/26\/forte-temporal-alaga-varias-ruas-em-cataguases\/\">Leia mais <span class=\"screen-reader-text\">Forte temporal alaga v\u00e1rias ruas em Cataguases<\/span><\/a><\/p>\n","protected":false},"author":2,"featured_media":64097,"comment_status":"open","ping_status":"closed","sticky":false,"template":"","format":"standard","meta":{"footnotes":""},"categories":[1],"tags":[],"class_list":["post-64096","post","type-post","status-publish","format-standard","has-post-thumbnail","hentry","category-noticias","thumb-below-title"],"yoast_head":"<!-- This site is optimized with the Yoast SEO plugin v27.4 - https:\/\/yoast.com\/product\/yoast-seo-wordpress\/ -->\n<title>Forte temporal alaga v\u00e1rias ruas em Cataguases | Marcelo Lopes<\/title>\n<meta name=\"robots\" content=\"index, follow, max-snippet:-1, max-image-preview:large, max-video-preview:-1\" \/>\n<link rel=\"canonical\" href=\"https:\/\/marcelolopes.jor.br\/site\/2026\/02\/26\/forte-temporal-alaga-varias-ruas-em-cataguases\/\" \/>\n<meta property=\"og:locale\" content=\"pt_BR\" \/>\n<meta property=\"og:type\" content=\"article\" \/>\n<meta property=\"og:title\" content=\"Forte temporal alaga v\u00e1rias ruas em Cataguases | Marcelo Lopes\" \/>\n<meta property=\"og:description\" content=\"Um forte temporal cai sobre Cataguases h\u00e1 mais de 2 horas, com raios e trov\u00f5es. \u00a0O aguaceiro inundou v\u00e1rias ruas em diversos pontos da cidade, inclusive a regi\u00e3o central onde as avenidas Astolfo Dutra e Humberto Mauro, est\u00e3o intransit\u00e1veis devidoLeia mais Forte temporal alaga v\u00e1rias ruas em Cataguases\" \/>\n<meta property=\"og:url\" content=\"https:\/\/marcelolopes.jor.br\/site\/2026\/02\/26\/forte-temporal-alaga-varias-ruas-em-cataguases\/\" \/>\n<meta property=\"og:site_name\" content=\"Marcelo Lopes\" \/>\n<meta property=\"article:publisher\" content=\"https:\/\/www.facebook.com\/sitedomarcelolopes\" \/>\n<meta property=\"article:published_time\" content=\"2026-02-26T22:14:59+00:00\" \/>\n<meta property=\"article:modified_time\" content=\"2026-02-27T01:01:36+00:00\" \/>\n<meta property=\"og:image\" content=\"https:\/\/marcelolopes.jor.br\/site\/wp-content\/uploads\/2026\/02\/IMG_2800.jpg\" \/>\n\t<meta property=\"og:image:width\" content=\"1320\" \/>\n\t<meta property=\"og:image:height\" content=\"952\" \/>\n\t<meta property=\"og:image:type\" content=\"image\/jpeg\" \/>\n<meta name=\"author\" content=\"Marcelo Lopes\" \/>\n<meta name=\"twitter:card\" content=\"summary_large_image\" \/>\n<meta name=\"twitter:label1\" content=\"Escrito por\" \/>\n\t<meta name=\"twitter:data1\" content=\"Marcelo Lopes\" \/>\n\t<meta name=\"twitter:label2\" content=\"Est. tempo de leitura\" \/>\n\t<meta name=\"twitter:data2\" content=\"1 minuto\" \/>\n<script type=\"application\/ld+json\" class=\"yoast-schema-graph\">{\"@context\":\"https:\\\/\\\/schema.org\",\"@graph\":[{\"@type\":\"NewsArticle\",\"@id\":\"https:\\\/\\\/marcelolopes.jor.br\\\/site\\\/2026\\\/02\\\/26\\\/forte-temporal-alaga-varias-ruas-em-cataguases\\\/#article\",\"isPartOf\":{\"@id\":\"https:\\\/\\\/marcelolopes.jor.br\\\/site\\\/2026\\\/02\\\/26\\\/forte-temporal-alaga-varias-ruas-em-cataguases\\\/\"},\"author\":{\"name\":\"Marcelo Lopes\",\"@id\":\"https:\\\/\\\/marcelolopes.jor.br\\\/site\\\/#\\\/schema\\\/person\\\/3e7216a35c34d8fdf952b31da3d1f89f\"},\"headline\":\"Forte temporal alaga v\u00e1rias ruas em Cataguases\",\"datePublished\":\"2026-02-26T22:14:59+00:00\",\"dateModified\":\"2026-02-27T01:01:36+00:00\",\"mainEntityOfPage\":{\"@id\":\"https:\\\/\\\/marcelolopes.jor.br\\\/site\\\/2026\\\/02\\\/26\\\/forte-temporal-alaga-varias-ruas-em-cataguases\\\/\"},\"wordCount\":264,\"commentCount\":0,\"publisher\":{\"@id\":\"https:\\\/\\\/marcelolopes.jor.br\\\/site\\\/#organization\"},\"image\":{\"@id\":\"https:\\\/\\\/marcelolopes.jor.br\\\/site\\\/2026\\\/02\\\/26\\\/forte-temporal-alaga-varias-ruas-em-cataguases\\\/#primaryimage\"},\"thumbnailUrl\":\"https:\\\/\\\/marcelolopes.jor.br\\\/site\\\/wp-content\\\/uploads\\\/2026\\\/02\\\/IMG_2800.jpg\",\"articleSection\":[\"Not\u00edcias\"],\"inLanguage\":\"pt-BR\",\"potentialAction\":[{\"@type\":\"CommentAction\",\"name\":\"Comment\",\"target\":[\"https:\\\/\\\/marcelolopes.jor.br\\\/site\\\/2026\\\/02\\\/26\\\/forte-temporal-alaga-varias-ruas-em-cataguases\\\/#respond\"]}]},{\"@type\":\"WebPage\",\"@id\":\"https:\\\/\\\/marcelolopes.jor.br\\\/site\\\/2026\\\/02\\\/26\\\/forte-temporal-alaga-varias-ruas-em-cataguases\\\/\",\"url\":\"https:\\\/\\\/marcelolopes.jor.br\\\/site\\\/2026\\\/02\\\/26\\\/forte-temporal-alaga-varias-ruas-em-cataguases\\\/\",\"name\":\"Forte temporal alaga v\u00e1rias ruas em Cataguases | Marcelo Lopes\",\"isPartOf\":{\"@id\":\"https:\\\/\\\/marcelolopes.jor.br\\\/site\\\/#website\"},\"primaryImageOfPage\":{\"@id\":\"https:\\\/\\\/marcelolopes.jor.br\\\/site\\\/2026\\\/02\\\/26\\\/forte-temporal-alaga-varias-ruas-em-cataguases\\\/#primaryimage\"},\"image\":{\"@id\":\"https:\\\/\\\/marcelolopes.jor.br\\\/site\\\/2026\\\/02\\\/26\\\/forte-temporal-alaga-varias-ruas-em-cataguases\\\/#primaryimage\"},\"thumbnailUrl\":\"https:\\\/\\\/marcelolopes.jor.br\\\/site\\\/wp-content\\\/uploads\\\/2026\\\/02\\\/IMG_2800.jpg\",\"datePublished\":\"2026-02-26T22:14:59+00:00\",\"dateModified\":\"2026-02-27T01:01:36+00:00\",\"breadcrumb\":{\"@id\":\"https:\\\/\\\/marcelolopes.jor.br\\\/site\\\/2026\\\/02\\\/26\\\/forte-temporal-alaga-varias-ruas-em-cataguases\\\/#breadcrumb\"},\"inLanguage\":\"pt-BR\",\"potentialAction\":[{\"@type\":\"ReadAction\",\"target\":[\"https:\\\/\\\/marcelolopes.jor.br\\\/site\\\/2026\\\/02\\\/26\\\/forte-temporal-alaga-varias-ruas-em-cataguases\\\/\"]}]},{\"@type\":\"ImageObject\",\"inLanguage\":\"pt-BR\",\"@id\":\"https:\\\/\\\/marcelolopes.jor.br\\\/site\\\/2026\\\/02\\\/26\\\/forte-temporal-alaga-varias-ruas-em-cataguases\\\/#primaryimage\",\"url\":\"https:\\\/\\\/marcelolopes.jor.br\\\/site\\\/wp-content\\\/uploads\\\/2026\\\/02\\\/IMG_2800.jpg\",\"contentUrl\":\"https:\\\/\\\/marcelolopes.jor.br\\\/site\\\/wp-content\\\/uploads\\\/2026\\\/02\\\/IMG_2800.jpg\",\"width\":1320,\"height\":952,\"caption\":\"Forte temporal alaga v\u00e1rias\"},{\"@type\":\"BreadcrumbList\",\"@id\":\"https:\\\/\\\/marcelolopes.jor.br\\\/site\\\/2026\\\/02\\\/26\\\/forte-temporal-alaga-varias-ruas-em-cataguases\\\/#breadcrumb\",\"itemListElement\":[{\"@type\":\"ListItem\",\"position\":1,\"name\":\"Home\",\"item\":\"https:\\\/\\\/marcelolopes.jor.br\\\/site\\\/\"},{\"@type\":\"ListItem\",\"position\":2,\"name\":\"Forte temporal alaga v\u00e1rias ruas em Cataguases\"}]},{\"@type\":\"WebSite\",\"@id\":\"https:\\\/\\\/marcelolopes.jor.br\\\/site\\\/#website\",\"url\":\"https:\\\/\\\/marcelolopes.jor.br\\\/site\\\/\",\"name\":\"Marcelo Lopes\",\"description\":\"Not\u00edcias de Cataguases e Regi\u00e3o\",\"publisher\":{\"@id\":\"https:\\\/\\\/marcelolopes.jor.br\\\/site\\\/#organization\"},\"potentialAction\":[{\"@type\":\"SearchAction\",\"target\":{\"@type\":\"EntryPoint\",\"urlTemplate\":\"https:\\\/\\\/marcelolopes.jor.br\\\/site\\\/?s={search_term_string}\"},\"query-input\":{\"@type\":\"PropertyValueSpecification\",\"valueRequired\":true,\"valueName\":\"search_term_string\"}}],\"inLanguage\":\"pt-BR\"},{\"@type\":\"Organization\",\"@id\":\"https:\\\/\\\/marcelolopes.jor.br\\\/site\\\/#organization\",\"name\":\"Site do Marcelo Lopes\",\"url\":\"https:\\\/\\\/marcelolopes.jor.br\\\/site\\\/\",\"logo\":{\"@type\":\"ImageObject\",\"inLanguage\":\"pt-BR\",\"@id\":\"https:\\\/\\\/marcelolopes.jor.br\\\/site\\\/#\\\/schema\\\/logo\\\/image\\\/\",\"url\":\"https:\\\/\\\/marcelolopes.jor.br\\\/site\\\/wp-content\\\/uploads\\\/2024\\\/11\\\/logo-1.png\",\"contentUrl\":\"https:\\\/\\\/marcelolopes.jor.br\\\/site\\\/wp-content\\\/uploads\\\/2024\\\/11\\\/logo-1.png\",\"width\":475,\"height\":80,\"caption\":\"Site do Marcelo Lopes\"},\"image\":{\"@id\":\"https:\\\/\\\/marcelolopes.jor.br\\\/site\\\/#\\\/schema\\\/logo\\\/image\\\/\"},\"sameAs\":[\"https:\\\/\\\/www.facebook.com\\\/sitedomarcelolopes\",\"https:\\\/\\\/www.instagram.com\\\/sitedomarcelolopes\\\/\",\"https:\\\/\\\/www.linkedin.com\\\/company\\\/site-do-marcelo-lopes\\\/\",\"https:\\\/\\\/www.youtube.com\\\/user\\\/marcelolopes957\"]},{\"@type\":\"Person\",\"@id\":\"https:\\\/\\\/marcelolopes.jor.br\\\/site\\\/#\\\/schema\\\/person\\\/3e7216a35c34d8fdf952b31da3d1f89f\",\"name\":\"Marcelo Lopes\",\"sameAs\":[\"http:\\\/\\\/www.marcelolopes.jor.br\"],\"url\":\"https:\\\/\\\/marcelolopes.jor.br\\\/site\\\/author\\\/marcelo\\\/\"}]}<\/script>\n<!-- \/ Yoast SEO plugin. -->","yoast_head_json":{"title":"Forte temporal alaga v\u00e1rias ruas em Cataguases | Marcelo Lopes","robots":{"index":"index","follow":"follow","max-snippet":"max-snippet:-1","max-image-preview":"max-image-preview:large","max-video-preview":"max-video-preview:-1"},"canonical":"https:\/\/marcelolopes.jor.br\/site\/2026\/02\/26\/forte-temporal-alaga-varias-ruas-em-cataguases\/","og_locale":"pt_BR","og_type":"article","og_title":"Forte temporal alaga v\u00e1rias ruas em Cataguases | Marcelo Lopes","og_description":"Um forte temporal cai sobre Cataguases h\u00e1 mais de 2 horas, com raios e trov\u00f5es. \u00a0O aguaceiro inundou v\u00e1rias ruas em diversos pontos da cidade, inclusive a regi\u00e3o central onde as avenidas Astolfo Dutra e Humberto Mauro, est\u00e3o intransit\u00e1veis devidoLeia mais Forte temporal alaga v\u00e1rias ruas em Cataguases","og_url":"https:\/\/marcelolopes.jor.br\/site\/2026\/02\/26\/forte-temporal-alaga-varias-ruas-em-cataguases\/","og_site_name":"Marcelo Lopes","article_publisher":"https:\/\/www.facebook.com\/sitedomarcelolopes","article_published_time":"2026-02-26T22:14:59+00:00","article_modified_time":"2026-02-27T01:01:36+00:00","og_image":[{"width":1320,"height":952,"url":"https:\/\/marcelolopes.jor.br\/site\/wp-content\/uploads\/2026\/02\/IMG_2800.jpg","type":"image\/jpeg"}],"author":"Marcelo Lopes","twitter_card":"summary_large_image","twitter_misc":{"Escrito por":"Marcelo Lopes","Est. tempo de leitura":"1 minuto"},"schema":{"@context":"https:\/\/schema.org","@graph":[{"@type":"NewsArticle","@id":"https:\/\/marcelolopes.jor.br\/site\/2026\/02\/26\/forte-temporal-alaga-varias-ruas-em-cataguases\/#article","isPartOf":{"@id":"https:\/\/marcelolopes.jor.br\/site\/2026\/02\/26\/forte-temporal-alaga-varias-ruas-em-cataguases\/"},"author":{"name":"Marcelo Lopes","@id":"https:\/\/marcelolopes.jor.br\/site\/#\/schema\/person\/3e7216a35c34d8fdf952b31da3d1f89f"},"headline":"Forte temporal alaga v\u00e1rias ruas em Cataguases","datePublished":"2026-02-26T22:14:59+00:00","dateModified":"2026-02-27T01:01:36+00:00","mainEntityOfPage":{"@id":"https:\/\/marcelolopes.jor.br\/site\/2026\/02\/26\/forte-temporal-alaga-varias-ruas-em-cataguases\/"},"wordCount":264,"commentCount":0,"publisher":{"@id":"https:\/\/marcelolopes.jor.br\/site\/#organization"},"image":{"@id":"https:\/\/marcelolopes.jor.br\/site\/2026\/02\/26\/forte-temporal-alaga-varias-ruas-em-cataguases\/#primaryimage"},"thumbnailUrl":"https:\/\/marcelolopes.jor.br\/site\/wp-content\/uploads\/2026\/02\/IMG_2800.jpg","articleSection":["Not\u00edcias"],"inLanguage":"pt-BR","potentialAction":[{"@type":"CommentAction","name":"Comment","target":["https:\/\/marcelolopes.jor.br\/site\/2026\/02\/26\/forte-temporal-alaga-varias-ruas-em-cataguases\/#respond"]}]},{"@type":"WebPage","@id":"https:\/\/marcelolopes.jor.br\/site\/2026\/02\/26\/forte-temporal-alaga-varias-ruas-em-cataguases\/","url":"https:\/\/marcelolopes.jor.br\/site\/2026\/02\/26\/forte-temporal-alaga-varias-ruas-em-cataguases\/","name":"Forte temporal alaga v\u00e1rias ruas em Cataguases | Marcelo Lopes","isPartOf":{"@id":"https:\/\/marcelolopes.jor.br\/site\/#website"},"primaryImageOfPage":{"@id":"https:\/\/marcelolopes.jor.br\/site\/2026\/02\/26\/forte-temporal-alaga-varias-ruas-em-cataguases\/#primaryimage"},"image":{"@id":"https:\/\/marcelolopes.jor.br\/site\/2026\/02\/26\/forte-temporal-alaga-varias-ruas-em-cataguases\/#primaryimage"},"thumbnailUrl":"https:\/\/marcelolopes.jor.br\/site\/wp-content\/uploads\/2026\/02\/IMG_2800.jpg","datePublished":"2026-02-26T22:14:59+00:00","dateModified":"2026-02-27T01:01:36+00:00","breadcrumb":{"@id":"https:\/\/marcelolopes.jor.br\/site\/2026\/02\/26\/forte-temporal-alaga-varias-ruas-em-cataguases\/#breadcrumb"},"inLanguage":"pt-BR","potentialAction":[{"@type":"ReadAction","target":["https:\/\/marcelolopes.jor.br\/site\/2026\/02\/26\/forte-temporal-alaga-varias-ruas-em-cataguases\/"]}]},{"@type":"ImageObject","inLanguage":"pt-BR","@id":"https:\/\/marcelolopes.jor.br\/site\/2026\/02\/26\/forte-temporal-alaga-varias-ruas-em-cataguases\/#primaryimage","url":"https:\/\/marcelolopes.jor.br\/site\/wp-content\/uploads\/2026\/02\/IMG_2800.jpg","contentUrl":"https:\/\/marcelolopes.jor.br\/site\/wp-content\/uploads\/2026\/02\/IMG_2800.jpg","width":1320,"height":952,"caption":"Forte temporal alaga v\u00e1rias"},{"@type":"BreadcrumbList","@id":"https:\/\/marcelolopes.jor.br\/site\/2026\/02\/26\/forte-temporal-alaga-varias-ruas-em-cataguases\/#breadcrumb","itemListElement":[{"@type":"ListItem","position":1,"name":"Home","item":"https:\/\/marcelolopes.jor.br\/site\/"},{"@type":"ListItem","position":2,"name":"Forte temporal alaga v\u00e1rias ruas em Cataguases"}]},{"@type":"WebSite","@id":"https:\/\/marcelolopes.jor.br\/site\/#website","url":"https:\/\/marcelolopes.jor.br\/site\/","name":"Marcelo Lopes","description":"Not\u00edcias de Cataguases e Regi\u00e3o","publisher":{"@id":"https:\/\/marcelolopes.jor.br\/site\/#organization"},"potentialAction":[{"@type":"SearchAction","target":{"@type":"EntryPoint","urlTemplate":"https:\/\/marcelolopes.jor.br\/site\/?s={search_term_string}"},"query-input":{"@type":"PropertyValueSpecification","valueRequired":true,"valueName":"search_term_string"}}],"inLanguage":"pt-BR"},{"@type":"Organization","@id":"https:\/\/marcelolopes.jor.br\/site\/#organization","name":"Site do Marcelo Lopes","url":"https:\/\/marcelolopes.jor.br\/site\/","logo":{"@type":"ImageObject","inLanguage":"pt-BR","@id":"https:\/\/marcelolopes.jor.br\/site\/#\/schema\/logo\/image\/","url":"https:\/\/marcelolopes.jor.br\/site\/wp-content\/uploads\/2024\/11\/logo-1.png","contentUrl":"https:\/\/marcelolopes.jor.br\/site\/wp-content\/uploads\/2024\/11\/logo-1.png","width":475,"height":80,"caption":"Site do Marcelo Lopes"},"image":{"@id":"https:\/\/marcelolopes.jor.br\/site\/#\/schema\/logo\/image\/"},"sameAs":["https:\/\/www.facebook.com\/sitedomarcelolopes","https:\/\/www.instagram.com\/sitedomarcelolopes\/","https:\/\/www.linkedin.com\/company\/site-do-marcelo-lopes\/","https:\/\/www.youtube.com\/user\/marcelolopes957"]},{"@type":"Person","@id":"https:\/\/marcelolopes.jor.br\/site\/#\/schema\/person\/3e7216a35c34d8fdf952b31da3d1f89f","name":"Marcelo Lopes","sameAs":["http:\/\/www.marcelolopes.jor.br"],"url":"https:\/\/marcelolopes.jor.br\/site\/author\/marcelo\/"}]}},"wps_subtitle":"V\u00eddeos enviados por internautas mostram um pouco da situa\u00e7\u00e3o na cidade.","_links":{"self":[{"href":"https:\/\/marcelolopes.jor.br\/site\/wp-json\/wp\/v2\/posts\/64096","targetHints":{"allow":["GET"]}}],"collection":[{"href":"https:\/\/marcelolopes.jor.br\/site\/wp-json\/wp\/v2\/posts"}],"about":[{"href":"https:\/\/marcelolopes.jor.br\/site\/wp-json\/wp\/v2\/types\/post"}],"author":[{"embeddable":true,"href":"https:\/\/marcelolopes.jor.br\/site\/wp-json\/wp\/v2\/users\/2"}],"replies":[{"embeddable":true,"href":"https:\/\/marcelolopes.jor.br\/site\/wp-json\/wp\/v2\/comments?post=64096"}],"version-history":[{"count":0,"href":"https:\/\/marcelolopes.jor.br\/site\/wp-json\/wp\/v2\/posts\/64096\/revisions"}],"wp:featuredmedia":[{"embeddable":true,"href":"https:\/\/marcelolopes.jor.br\/site\/wp-json\/wp\/v2\/media\/64097"}],"wp:attachment":[{"href":"https:\/\/marcelolopes.jor.br\/site\/wp-json\/wp\/v2\/media?parent=64096"}],"wp:term":[{"taxonomy":"category","embeddable":true,"href":"https:\/\/marcelolopes.jor.br\/site\/wp-json\/wp\/v2\/categories?post=64096"},{"taxonomy":"post_tag","embeddable":true,"href":"https:\/\/marcelolopes.jor.br\/site\/wp-json\/wp\/v2\/tags?post=64096"}],"curies":[{"name":"wp","href":"https:\/\/api.w.org\/{rel}","templated":true}]}}