{"id":64016,"date":"2026-02-24T10:45:32","date_gmt":"2026-02-24T13:45:32","guid":{"rendered":"https:\/\/marcelolopes.jor.br\/site\/?p=64016"},"modified":"2026-02-24T10:45:32","modified_gmt":"2026-02-24T13:45:32","slug":"chuva-torrencial-castiga-uba-nesta-madrugada-de-terca-feira","status":"publish","type":"post","link":"https:\/\/marcelolopes.jor.br\/site\/2026\/02\/24\/chuva-torrencial-castiga-uba-nesta-madrugada-de-terca-feira\/","title":{"rendered":"Chuva torrencial castiga Ub\u00e1 nesta madrugada de ter\u00e7a-feira"},"content":{"rendered":"<p>Quatro pessoas morreram em Ub\u00e1, em decorr\u00eancia do temporal que atingiu a cidade na noite desta segunda-feira, 23 de fevereiro. A informa\u00e7\u00e3o foi confirmada pelo Corpo de Bombeiros.<!--more--><\/p>\n<h4 class=\"p1\"><span class=\"s1\">\ud83d\udcf8\u00a0<span style=\"color: #008000;\">Siga o Site do Marcelo Lopes no<\/span>\u00a0<span style=\"color: #800000;\"><a style=\"color: #800000;\" href=\"https:\/\/www.facebook.com\/sitedomarcelolopes\/\"><strong>Facebook<\/strong><\/a><\/span>\u00a0<span style=\"color: #008000;\">e no<\/span>\u00a0<span style=\"color: #800000;\"><strong><a style=\"color: #800000;\" href=\"https:\/\/www.instagram.com\/sitedomarcelolopes\/\">Instagram<\/a><\/strong><\/span><\/span><\/h4>\n<h4 class=\"p1\">\ud83d\udcf1<span style=\"color: #008000;\">Participe do grupo de<\/span>\u00a0<span style=\"color: #800000;\"><a style=\"color: #800000;\" href=\"https:\/\/chat.whatsapp.com\/BibzcI1ibYSKytbdyzubLA\"><strong>WhatsApp<\/strong><\/a><\/span> <span style=\"color: #008000;\">do Site do Marcelo Lopes<\/span><\/h4>\n<p>De acordo com a assessoria da prefeitura, uma das v\u00edtimas \u00e9 um homem com idade entre 45 e 55 anos. Ele estava na \u00e1gua e foi eletrocutado ao passar por um ponto onde havia um fio energizado. N\u00e3o foram repassados detalhes sobre as demais v\u00edtimas informadas pelos bombeiros.<\/p>\n<p>V\u00eddeos divulgados nas redes sociais mostram (video abaixo) o desabamento de uma casa e ruas tomadas pela \u00e1gua durante a madrugada. Equipes do Corpo de Bombeiros e da Defesa Civil trabalham no resgate de pessoas afetadas pela chuva.<\/p>\n<div style=\"width: 720px;\" class=\"wp-video\"><video class=\"wp-video-shortcode\" id=\"video-64016-1\" width=\"720\" height=\"1280\" preload=\"metadata\" controls=\"controls\"><source type=\"video\/mp4\" src=\"https:\/\/marcelolopes.jor.br\/site\/wp-content\/uploads\/2026\/02\/6a9d59965f7a41f39e5bc02042c039c1.mp4?_=1\" \/><a href=\"https:\/\/marcelolopes.jor.br\/site\/wp-content\/uploads\/2026\/02\/6a9d59965f7a41f39e5bc02042c039c1.mp4\">https:\/\/marcelolopes.jor.br\/site\/wp-content\/uploads\/2026\/02\/6a9d59965f7a41f39e5bc02042c039c1.mp4<\/a><\/video><\/div>\n<p>A \u00e1gua tamb\u00e9m invadiu o asilo Lar Jo\u00e3o de Freitas (foto abaixo). Um v\u00eddeo que circula nas redes sociais mostra o im\u00f3vel alagado e idosos boiando sobre os colch\u00f5es. \u201cOlha o estado da situa\u00e7\u00e3o aqui. Quem puder vir aqui nos ajudar. Est\u00e1 debaixo d\u2019\u00e1gua o Lar Jo\u00e3o de Freitas\u201d, disse a pessoa que gravou o v\u00eddeo. A veracidade da imagem foi confirmada pelo Site do Marcelo Lopes.<\/p>\n<p><img loading=\"lazy\" decoding=\"async\" class=\"aligncenter wp-image-64018\" src=\"https:\/\/marcelolopes.jor.br\/site\/wp-content\/uploads\/2026\/02\/90-300x169.webp\" alt=\"\" width=\"700\" height=\"394\" srcset=\"https:\/\/marcelolopes.jor.br\/site\/wp-content\/uploads\/2026\/02\/90-300x169.webp 300w, https:\/\/marcelolopes.jor.br\/site\/wp-content\/uploads\/2026\/02\/90-768x432.webp 768w, https:\/\/marcelolopes.jor.br\/site\/wp-content\/uploads\/2026\/02\/90.webp 1000w\" sizes=\"auto, (max-width: 700px) 100vw, 700px\" \/><\/p>\n<p>Pelo menos dois im\u00f3veis desabaram, e h\u00e1 registro de que uma fonte no Centro da cidade tenha se deslocado com a for\u00e7a da enxurrada. O prefeito est\u00e1 em reuni\u00e3o, na manh\u00e3 desta ter\u00e7a-feira (24), com equipes da Defesa Civil para fazer o levantamento oficial do n\u00famero de pessoas afetadas pelo temporal.<\/p>\n<p>Ainda segundo a prefeitura, at\u00e9 as 5h desta ter\u00e7a-feira (24), foram registrados 124 mil\u00edmetros de chuva nas seis horas anteriores. O grande volume provocou a eleva\u00e7\u00e3o do n\u00edvel do ribeir\u00e3o.<\/p>\n<p>Em nota, a Secretaria Municipal de Sa\u00fade informou que a inunda\u00e7\u00e3o atingiu pr\u00e9dios p\u00fablicos e comprometeu a estrutura de im\u00f3veis, o que levou \u00e0 suspens\u00e3o dos servi\u00e7os da Farm\u00e1cia Municipal, do Centro de Especialidades Odontol\u00f3gicas, da Policl\u00ednica Regional e da Equipe de Aten\u00e7\u00e3o Prim\u00e1ria (EAP).<\/p>\n<div style=\"width: 720px;\" class=\"wp-video\"><video class=\"wp-video-shortcode\" id=\"video-64016-2\" width=\"720\" height=\"1280\" preload=\"metadata\" controls=\"controls\"><source type=\"video\/mp4\" src=\"https:\/\/marcelolopes.jor.br\/site\/wp-content\/uploads\/2026\/02\/4d08aebcf9f948ffaa01d9a39e2184e7.mp4?_=2\" \/><a href=\"https:\/\/marcelolopes.jor.br\/site\/wp-content\/uploads\/2026\/02\/4d08aebcf9f948ffaa01d9a39e2184e7.mp4\">https:\/\/marcelolopes.jor.br\/site\/wp-content\/uploads\/2026\/02\/4d08aebcf9f948ffaa01d9a39e2184e7.mp4<\/a><\/video><\/div>\n<h3>Arrecada\u00e7\u00e3o de alimentos para as v\u00edtimas<\/h3>\n<p>A prefeitura, por meio da Secretaria de Desenvolvimento Social, est\u00e1 arrecadando alimentos e materiais de higiene para as v\u00edtimas no F\u00f3rum Cultural, na Pra\u00e7a S\u00e3o Janu\u00e1rio.<\/p>\n<p><strong>Materiais de higiene:<\/strong> Sabonete, Shampoo e condicionador, Creme dental, Escova de dente, Papel higi\u00eanico, Absorvente, Fraldas infantis e geri\u00e1tricas, \u00c1lcool 70%, \u00c1gua sanit\u00e1ria, Desinfetante, Sab\u00e3o em p\u00f3, Detergente, Toalhas e Len\u00e7os umedecidos<\/p>\n<p><strong>Alimentos e \u00e1gua:<\/strong> \u00c1gua mineral, Alimentos n\u00e3o perec\u00edveis, Leite, Biscoitos, Enlatados<\/p>\n<p><strong>Roupas:<\/strong> Roupas adultas e infantis, Agasalhos, Cobertores e cal\u00e7ados<\/p>\n<p><strong>OUTRAS NOT\u00cdCIAS<\/strong><br \/>\n<a href=\"https:\/\/marcelolopes.jor.br\/site\/2024\/03\/21\/meteorologia-preve-300-milimetros-de-chuva-a-partir-desta-sexta-feira\/\"><strong><span style=\"color: #800000;\">Meteorologia prev\u00ea 300 mil\u00edmetros de chuva a partir desta sexta-feira<\/span><\/strong><\/a><\/p>\n<p><a href=\"https:\/\/marcelolopes.jor.br\/site\/2023\/04\/05\/atingidos-pela-chuva-do-inicio-do-ano-podem-sacar-o-fgts\/\"><strong><span style=\"color: #800000;\">Atingidos pela chuva do in\u00edcio do ano podem sacar o FGTS<\/span><\/strong><\/a><\/p>\n<p>Fonte: g1, Prefeitura de Ub\u00e1 e R\u00e1dio Itatiaia | Fotos e v\u00eddeos: Redes Sociais<\/p>\n<div class=\"raivq69f709159f486\" ><br><\/div><style type=\"text\/css\">\r\n@media screen and (min-width: 1201px) {\r\n.raivq69f709159f486 {\r\ndisplay: block;\r\n}\r\n}\r\n@media screen and (min-width: 993px) and (max-width: 1200px) {\r\n.raivq69f709159f486 {\r\ndisplay: block;\r\n}\r\n}\r\n@media screen and (min-width: 769px) and (max-width: 992px) {\r\n.raivq69f709159f486 {\r\ndisplay: block;\r\n}\r\n}\r\n@media screen and (min-width: 768px) and (max-width: 768px) {\r\n.raivq69f709159f486 {\r\ndisplay: block;\r\n}\r\n}\r\n@media screen and (max-width: 767px) {\r\n.raivq69f709159f486 {\r\ndisplay: block;\r\n}\r\n}\r\n<\/style>\r\n<div class=\"obrih69f70915a497e\" ><div id=\"div_destino\"><\/div>\r\n<script src=\"https:\/\/cdn.snsrsv.com\/sdk.js\"><\/script>\r\n<script >\r\n      new sdk(\"464030C30061EA8BE065000000000001\") \r\n          .appendTo(\"div_destino\")\r\n          .disableStyle(true) \r\n          .setCacheBusterMacro(\"%%CACHEBUSTER%%\")\r\n          .setSize(\"800\",\"214\")\r\n          .setClickMacro(\"%%CLICK_URL_ESC%%\") \r\n          .setReferrerUrlMacro(\"%%REFERRER_URL_ESC%%\") \r\n          .start(); \r\n<\/script><\/div><style type=\"text\/css\">\r\n@media screen and (min-width: 1201px) {\r\n.obrih69f70915a497e {\r\ndisplay: block;\r\n}\r\n}\r\n@media screen and (min-width: 993px) and (max-width: 1200px) {\r\n.obrih69f70915a497e {\r\ndisplay: block;\r\n}\r\n}\r\n@media screen and (min-width: 769px) and (max-width: 992px) {\r\n.obrih69f70915a497e {\r\ndisplay: block;\r\n}\r\n}\r\n@media screen and (min-width: 768px) and (max-width: 768px) {\r\n.obrih69f70915a497e {\r\ndisplay: block;\r\n}\r\n}\r\n@media screen and (max-width: 767px) {\r\n.obrih69f70915a497e {\r\ndisplay: block;\r\n}\r\n}\r\n<\/style>\r\n","protected":false},"excerpt":{"rendered":"<p>Quatro pessoas morreram em Ub\u00e1, em decorr\u00eancia do temporal que atingiu a cidade na noite desta segunda-feira, 23 de fevereiro. A informa\u00e7\u00e3o foi confirmada pelo Corpo de Bombeiros.<\/p>\n","protected":false},"author":2,"featured_media":64019,"comment_status":"open","ping_status":"closed","sticky":false,"template":"","format":"standard","meta":{"footnotes":""},"categories":[1],"tags":[],"class_list":["post-64016","post","type-post","status-publish","format-standard","has-post-thumbnail","hentry","category-noticias","thumb-below-title"],"yoast_head":"<!-- This site is optimized with the Yoast SEO plugin v27.4 - https:\/\/yoast.com\/product\/yoast-seo-wordpress\/ -->\n<title>Chuva torrencial castiga Ub\u00e1 nesta madrugada de ter\u00e7a-feira | Marcelo Lopes<\/title>\n<meta name=\"description\" content=\"Chuva torrencial castiga Ub\u00e1 nesta madrugada de ter\u00e7a-feira. Quatro pessoas morreram, um pr\u00e9dio desabou e o asilo ficou inundado.\" \/>\n<meta name=\"robots\" content=\"index, follow, max-snippet:-1, max-image-preview:large, max-video-preview:-1\" \/>\n<link rel=\"canonical\" href=\"https:\/\/marcelolopes.jor.br\/site\/2026\/02\/24\/chuva-torrencial-castiga-uba-nesta-madrugada-de-terca-feira\/\" \/>\n<meta property=\"og:locale\" content=\"pt_BR\" \/>\n<meta property=\"og:type\" content=\"article\" \/>\n<meta property=\"og:title\" content=\"Chuva torrencial castiga Ub\u00e1 nesta madrugada de ter\u00e7a-feira | Marcelo Lopes\" \/>\n<meta property=\"og:description\" content=\"Chuva torrencial castiga Ub\u00e1 nesta madrugada de ter\u00e7a-feira. Quatro pessoas morreram, um pr\u00e9dio desabou e o asilo ficou inundado.\" \/>\n<meta property=\"og:url\" content=\"https:\/\/marcelolopes.jor.br\/site\/2026\/02\/24\/chuva-torrencial-castiga-uba-nesta-madrugada-de-terca-feira\/\" \/>\n<meta property=\"og:site_name\" content=\"Marcelo Lopes\" \/>\n<meta property=\"article:publisher\" content=\"https:\/\/www.facebook.com\/sitedomarcelolopes\" \/>\n<meta property=\"article:published_time\" content=\"2026-02-24T13:45:32+00:00\" \/>\n<meta name=\"author\" content=\"Marcelo Lopes\" \/>\n<meta name=\"twitter:card\" content=\"summary_large_image\" \/>\n<meta name=\"twitter:label1\" content=\"Escrito por\" \/>\n\t<meta name=\"twitter:data1\" content=\"Marcelo Lopes\" \/>\n\t<meta name=\"twitter:label2\" content=\"Est. tempo de leitura\" \/>\n\t<meta name=\"twitter:data2\" content=\"3 minutos\" \/>\n<script type=\"application\/ld+json\" class=\"yoast-schema-graph\">{\"@context\":\"https:\\\/\\\/schema.org\",\"@graph\":[{\"@type\":\"NewsArticle\",\"@id\":\"https:\\\/\\\/marcelolopes.jor.br\\\/site\\\/2026\\\/02\\\/24\\\/chuva-torrencial-castiga-uba-nesta-madrugada-de-terca-feira\\\/#article\",\"isPartOf\":{\"@id\":\"https:\\\/\\\/marcelolopes.jor.br\\\/site\\\/2026\\\/02\\\/24\\\/chuva-torrencial-castiga-uba-nesta-madrugada-de-terca-feira\\\/\"},\"author\":{\"name\":\"Marcelo Lopes\",\"@id\":\"https:\\\/\\\/marcelolopes.jor.br\\\/site\\\/#\\\/schema\\\/person\\\/3e7216a35c34d8fdf952b31da3d1f89f\"},\"headline\":\"Chuva torrencial castiga Ub\u00e1 nesta madrugada de ter\u00e7a-feira\",\"datePublished\":\"2026-02-24T13:45:32+00:00\",\"mainEntityOfPage\":{\"@id\":\"https:\\\/\\\/marcelolopes.jor.br\\\/site\\\/2026\\\/02\\\/24\\\/chuva-torrencial-castiga-uba-nesta-madrugada-de-terca-feira\\\/\"},\"wordCount\":547,\"commentCount\":0,\"publisher\":{\"@id\":\"https:\\\/\\\/marcelolopes.jor.br\\\/site\\\/#organization\"},\"image\":{\"@id\":\"https:\\\/\\\/marcelolopes.jor.br\\\/site\\\/2026\\\/02\\\/24\\\/chuva-torrencial-castiga-uba-nesta-madrugada-de-terca-feira\\\/#primaryimage\"},\"thumbnailUrl\":\"https:\\\/\\\/marcelolopes.jor.br\\\/site\\\/wp-content\\\/uploads\\\/2026\\\/02\\\/uba-gif.jpg.avif\",\"articleSection\":[\"Not\u00edcias\"],\"inLanguage\":\"pt-BR\",\"potentialAction\":[{\"@type\":\"CommentAction\",\"name\":\"Comment\",\"target\":[\"https:\\\/\\\/marcelolopes.jor.br\\\/site\\\/2026\\\/02\\\/24\\\/chuva-torrencial-castiga-uba-nesta-madrugada-de-terca-feira\\\/#respond\"]}]},{\"@type\":\"WebPage\",\"@id\":\"https:\\\/\\\/marcelolopes.jor.br\\\/site\\\/2026\\\/02\\\/24\\\/chuva-torrencial-castiga-uba-nesta-madrugada-de-terca-feira\\\/\",\"url\":\"https:\\\/\\\/marcelolopes.jor.br\\\/site\\\/2026\\\/02\\\/24\\\/chuva-torrencial-castiga-uba-nesta-madrugada-de-terca-feira\\\/\",\"name\":\"Chuva torrencial castiga Ub\u00e1 nesta madrugada de ter\u00e7a-feira | Marcelo Lopes\",\"isPartOf\":{\"@id\":\"https:\\\/\\\/marcelolopes.jor.br\\\/site\\\/#website\"},\"primaryImageOfPage\":{\"@id\":\"https:\\\/\\\/marcelolopes.jor.br\\\/site\\\/2026\\\/02\\\/24\\\/chuva-torrencial-castiga-uba-nesta-madrugada-de-terca-feira\\\/#primaryimage\"},\"image\":{\"@id\":\"https:\\\/\\\/marcelolopes.jor.br\\\/site\\\/2026\\\/02\\\/24\\\/chuva-torrencial-castiga-uba-nesta-madrugada-de-terca-feira\\\/#primaryimage\"},\"thumbnailUrl\":\"https:\\\/\\\/marcelolopes.jor.br\\\/site\\\/wp-content\\\/uploads\\\/2026\\\/02\\\/uba-gif.jpg.avif\",\"datePublished\":\"2026-02-24T13:45:32+00:00\",\"description\":\"Chuva torrencial castiga Ub\u00e1 nesta madrugada de ter\u00e7a-feira. Quatro pessoas morreram, um pr\u00e9dio desabou e o asilo ficou inundado.\",\"breadcrumb\":{\"@id\":\"https:\\\/\\\/marcelolopes.jor.br\\\/site\\\/2026\\\/02\\\/24\\\/chuva-torrencial-castiga-uba-nesta-madrugada-de-terca-feira\\\/#breadcrumb\"},\"inLanguage\":\"pt-BR\",\"potentialAction\":[{\"@type\":\"ReadAction\",\"target\":[\"https:\\\/\\\/marcelolopes.jor.br\\\/site\\\/2026\\\/02\\\/24\\\/chuva-torrencial-castiga-uba-nesta-madrugada-de-terca-feira\\\/\"]}]},{\"@type\":\"ImageObject\",\"inLanguage\":\"pt-BR\",\"@id\":\"https:\\\/\\\/marcelolopes.jor.br\\\/site\\\/2026\\\/02\\\/24\\\/chuva-torrencial-castiga-uba-nesta-madrugada-de-terca-feira\\\/#primaryimage\",\"url\":\"https:\\\/\\\/marcelolopes.jor.br\\\/site\\\/wp-content\\\/uploads\\\/2026\\\/02\\\/uba-gif.jpg.avif\",\"contentUrl\":\"https:\\\/\\\/marcelolopes.jor.br\\\/site\\\/wp-content\\\/uploads\\\/2026\\\/02\\\/uba-gif.jpg.avif\",\"width\":1000,\"height\":562},{\"@type\":\"BreadcrumbList\",\"@id\":\"https:\\\/\\\/marcelolopes.jor.br\\\/site\\\/2026\\\/02\\\/24\\\/chuva-torrencial-castiga-uba-nesta-madrugada-de-terca-feira\\\/#breadcrumb\",\"itemListElement\":[{\"@type\":\"ListItem\",\"position\":1,\"name\":\"Home\",\"item\":\"https:\\\/\\\/marcelolopes.jor.br\\\/site\\\/\"},{\"@type\":\"ListItem\",\"position\":2,\"name\":\"Chuva torrencial castiga Ub\u00e1 nesta madrugada de ter\u00e7a-feira\"}]},{\"@type\":\"WebSite\",\"@id\":\"https:\\\/\\\/marcelolopes.jor.br\\\/site\\\/#website\",\"url\":\"https:\\\/\\\/marcelolopes.jor.br\\\/site\\\/\",\"name\":\"Marcelo Lopes\",\"description\":\"Not\u00edcias de Cataguases e Regi\u00e3o\",\"publisher\":{\"@id\":\"https:\\\/\\\/marcelolopes.jor.br\\\/site\\\/#organization\"},\"potentialAction\":[{\"@type\":\"SearchAction\",\"target\":{\"@type\":\"EntryPoint\",\"urlTemplate\":\"https:\\\/\\\/marcelolopes.jor.br\\\/site\\\/?s={search_term_string}\"},\"query-input\":{\"@type\":\"PropertyValueSpecification\",\"valueRequired\":true,\"valueName\":\"search_term_string\"}}],\"inLanguage\":\"pt-BR\"},{\"@type\":\"Organization\",\"@id\":\"https:\\\/\\\/marcelolopes.jor.br\\\/site\\\/#organization\",\"name\":\"Site do Marcelo Lopes\",\"url\":\"https:\\\/\\\/marcelolopes.jor.br\\\/site\\\/\",\"logo\":{\"@type\":\"ImageObject\",\"inLanguage\":\"pt-BR\",\"@id\":\"https:\\\/\\\/marcelolopes.jor.br\\\/site\\\/#\\\/schema\\\/logo\\\/image\\\/\",\"url\":\"https:\\\/\\\/marcelolopes.jor.br\\\/site\\\/wp-content\\\/uploads\\\/2024\\\/11\\\/logo-1.png\",\"contentUrl\":\"https:\\\/\\\/marcelolopes.jor.br\\\/site\\\/wp-content\\\/uploads\\\/2024\\\/11\\\/logo-1.png\",\"width\":475,\"height\":80,\"caption\":\"Site do Marcelo Lopes\"},\"image\":{\"@id\":\"https:\\\/\\\/marcelolopes.jor.br\\\/site\\\/#\\\/schema\\\/logo\\\/image\\\/\"},\"sameAs\":[\"https:\\\/\\\/www.facebook.com\\\/sitedomarcelolopes\",\"https:\\\/\\\/www.instagram.com\\\/sitedomarcelolopes\\\/\",\"https:\\\/\\\/www.linkedin.com\\\/company\\\/site-do-marcelo-lopes\\\/\",\"https:\\\/\\\/www.youtube.com\\\/user\\\/marcelolopes957\"]},{\"@type\":\"Person\",\"@id\":\"https:\\\/\\\/marcelolopes.jor.br\\\/site\\\/#\\\/schema\\\/person\\\/3e7216a35c34d8fdf952b31da3d1f89f\",\"name\":\"Marcelo Lopes\",\"sameAs\":[\"http:\\\/\\\/www.marcelolopes.jor.br\"],\"url\":\"https:\\\/\\\/marcelolopes.jor.br\\\/site\\\/author\\\/marcelo\\\/\"}]}<\/script>\n<!-- \/ Yoast SEO plugin. -->","yoast_head_json":{"title":"Chuva torrencial castiga Ub\u00e1 nesta madrugada de ter\u00e7a-feira | Marcelo Lopes","description":"Chuva torrencial castiga Ub\u00e1 nesta madrugada de ter\u00e7a-feira. Quatro pessoas morreram, um pr\u00e9dio desabou e o asilo ficou inundado.","robots":{"index":"index","follow":"follow","max-snippet":"max-snippet:-1","max-image-preview":"max-image-preview:large","max-video-preview":"max-video-preview:-1"},"canonical":"https:\/\/marcelolopes.jor.br\/site\/2026\/02\/24\/chuva-torrencial-castiga-uba-nesta-madrugada-de-terca-feira\/","og_locale":"pt_BR","og_type":"article","og_title":"Chuva torrencial castiga Ub\u00e1 nesta madrugada de ter\u00e7a-feira | Marcelo Lopes","og_description":"Chuva torrencial castiga Ub\u00e1 nesta madrugada de ter\u00e7a-feira. Quatro pessoas morreram, um pr\u00e9dio desabou e o asilo ficou inundado.","og_url":"https:\/\/marcelolopes.jor.br\/site\/2026\/02\/24\/chuva-torrencial-castiga-uba-nesta-madrugada-de-terca-feira\/","og_site_name":"Marcelo Lopes","article_publisher":"https:\/\/www.facebook.com\/sitedomarcelolopes","article_published_time":"2026-02-24T13:45:32+00:00","author":"Marcelo Lopes","twitter_card":"summary_large_image","twitter_misc":{"Escrito por":"Marcelo Lopes","Est. tempo de leitura":"3 minutos"},"schema":{"@context":"https:\/\/schema.org","@graph":[{"@type":"NewsArticle","@id":"https:\/\/marcelolopes.jor.br\/site\/2026\/02\/24\/chuva-torrencial-castiga-uba-nesta-madrugada-de-terca-feira\/#article","isPartOf":{"@id":"https:\/\/marcelolopes.jor.br\/site\/2026\/02\/24\/chuva-torrencial-castiga-uba-nesta-madrugada-de-terca-feira\/"},"author":{"name":"Marcelo Lopes","@id":"https:\/\/marcelolopes.jor.br\/site\/#\/schema\/person\/3e7216a35c34d8fdf952b31da3d1f89f"},"headline":"Chuva torrencial castiga Ub\u00e1 nesta madrugada de ter\u00e7a-feira","datePublished":"2026-02-24T13:45:32+00:00","mainEntityOfPage":{"@id":"https:\/\/marcelolopes.jor.br\/site\/2026\/02\/24\/chuva-torrencial-castiga-uba-nesta-madrugada-de-terca-feira\/"},"wordCount":547,"commentCount":0,"publisher":{"@id":"https:\/\/marcelolopes.jor.br\/site\/#organization"},"image":{"@id":"https:\/\/marcelolopes.jor.br\/site\/2026\/02\/24\/chuva-torrencial-castiga-uba-nesta-madrugada-de-terca-feira\/#primaryimage"},"thumbnailUrl":"https:\/\/marcelolopes.jor.br\/site\/wp-content\/uploads\/2026\/02\/uba-gif.jpg.avif","articleSection":["Not\u00edcias"],"inLanguage":"pt-BR","potentialAction":[{"@type":"CommentAction","name":"Comment","target":["https:\/\/marcelolopes.jor.br\/site\/2026\/02\/24\/chuva-torrencial-castiga-uba-nesta-madrugada-de-terca-feira\/#respond"]}]},{"@type":"WebPage","@id":"https:\/\/marcelolopes.jor.br\/site\/2026\/02\/24\/chuva-torrencial-castiga-uba-nesta-madrugada-de-terca-feira\/","url":"https:\/\/marcelolopes.jor.br\/site\/2026\/02\/24\/chuva-torrencial-castiga-uba-nesta-madrugada-de-terca-feira\/","name":"Chuva torrencial castiga Ub\u00e1 nesta madrugada de ter\u00e7a-feira | Marcelo Lopes","isPartOf":{"@id":"https:\/\/marcelolopes.jor.br\/site\/#website"},"primaryImageOfPage":{"@id":"https:\/\/marcelolopes.jor.br\/site\/2026\/02\/24\/chuva-torrencial-castiga-uba-nesta-madrugada-de-terca-feira\/#primaryimage"},"image":{"@id":"https:\/\/marcelolopes.jor.br\/site\/2026\/02\/24\/chuva-torrencial-castiga-uba-nesta-madrugada-de-terca-feira\/#primaryimage"},"thumbnailUrl":"https:\/\/marcelolopes.jor.br\/site\/wp-content\/uploads\/2026\/02\/uba-gif.jpg.avif","datePublished":"2026-02-24T13:45:32+00:00","description":"Chuva torrencial castiga Ub\u00e1 nesta madrugada de ter\u00e7a-feira. Quatro pessoas morreram, um pr\u00e9dio desabou e o asilo ficou inundado.","breadcrumb":{"@id":"https:\/\/marcelolopes.jor.br\/site\/2026\/02\/24\/chuva-torrencial-castiga-uba-nesta-madrugada-de-terca-feira\/#breadcrumb"},"inLanguage":"pt-BR","potentialAction":[{"@type":"ReadAction","target":["https:\/\/marcelolopes.jor.br\/site\/2026\/02\/24\/chuva-torrencial-castiga-uba-nesta-madrugada-de-terca-feira\/"]}]},{"@type":"ImageObject","inLanguage":"pt-BR","@id":"https:\/\/marcelolopes.jor.br\/site\/2026\/02\/24\/chuva-torrencial-castiga-uba-nesta-madrugada-de-terca-feira\/#primaryimage","url":"https:\/\/marcelolopes.jor.br\/site\/wp-content\/uploads\/2026\/02\/uba-gif.jpg.avif","contentUrl":"https:\/\/marcelolopes.jor.br\/site\/wp-content\/uploads\/2026\/02\/uba-gif.jpg.avif","width":1000,"height":562},{"@type":"BreadcrumbList","@id":"https:\/\/marcelolopes.jor.br\/site\/2026\/02\/24\/chuva-torrencial-castiga-uba-nesta-madrugada-de-terca-feira\/#breadcrumb","itemListElement":[{"@type":"ListItem","position":1,"name":"Home","item":"https:\/\/marcelolopes.jor.br\/site\/"},{"@type":"ListItem","position":2,"name":"Chuva torrencial castiga Ub\u00e1 nesta madrugada de ter\u00e7a-feira"}]},{"@type":"WebSite","@id":"https:\/\/marcelolopes.jor.br\/site\/#website","url":"https:\/\/marcelolopes.jor.br\/site\/","name":"Marcelo Lopes","description":"Not\u00edcias de Cataguases e Regi\u00e3o","publisher":{"@id":"https:\/\/marcelolopes.jor.br\/site\/#organization"},"potentialAction":[{"@type":"SearchAction","target":{"@type":"EntryPoint","urlTemplate":"https:\/\/marcelolopes.jor.br\/site\/?s={search_term_string}"},"query-input":{"@type":"PropertyValueSpecification","valueRequired":true,"valueName":"search_term_string"}}],"inLanguage":"pt-BR"},{"@type":"Organization","@id":"https:\/\/marcelolopes.jor.br\/site\/#organization","name":"Site do Marcelo Lopes","url":"https:\/\/marcelolopes.jor.br\/site\/","logo":{"@type":"ImageObject","inLanguage":"pt-BR","@id":"https:\/\/marcelolopes.jor.br\/site\/#\/schema\/logo\/image\/","url":"https:\/\/marcelolopes.jor.br\/site\/wp-content\/uploads\/2024\/11\/logo-1.png","contentUrl":"https:\/\/marcelolopes.jor.br\/site\/wp-content\/uploads\/2024\/11\/logo-1.png","width":475,"height":80,"caption":"Site do Marcelo Lopes"},"image":{"@id":"https:\/\/marcelolopes.jor.br\/site\/#\/schema\/logo\/image\/"},"sameAs":["https:\/\/www.facebook.com\/sitedomarcelolopes","https:\/\/www.instagram.com\/sitedomarcelolopes\/","https:\/\/www.linkedin.com\/company\/site-do-marcelo-lopes\/","https:\/\/www.youtube.com\/user\/marcelolopes957"]},{"@type":"Person","@id":"https:\/\/marcelolopes.jor.br\/site\/#\/schema\/person\/3e7216a35c34d8fdf952b31da3d1f89f","name":"Marcelo Lopes","sameAs":["http:\/\/www.marcelolopes.jor.br"],"url":"https:\/\/marcelolopes.jor.br\/site\/author\/marcelo\/"}]}},"wps_subtitle":"Quatro pessoas morreram, um pr\u00e9dio desabou e o asilo ficou inundado.","_links":{"self":[{"href":"https:\/\/marcelolopes.jor.br\/site\/wp-json\/wp\/v2\/posts\/64016","targetHints":{"allow":["GET"]}}],"collection":[{"href":"https:\/\/marcelolopes.jor.br\/site\/wp-json\/wp\/v2\/posts"}],"about":[{"href":"https:\/\/marcelolopes.jor.br\/site\/wp-json\/wp\/v2\/types\/post"}],"author":[{"embeddable":true,"href":"https:\/\/marcelolopes.jor.br\/site\/wp-json\/wp\/v2\/users\/2"}],"replies":[{"embeddable":true,"href":"https:\/\/marcelolopes.jor.br\/site\/wp-json\/wp\/v2\/comments?post=64016"}],"version-history":[{"count":0,"href":"https:\/\/marcelolopes.jor.br\/site\/wp-json\/wp\/v2\/posts\/64016\/revisions"}],"wp:featuredmedia":[{"embeddable":true,"href":"https:\/\/marcelolopes.jor.br\/site\/wp-json\/wp\/v2\/media\/64019"}],"wp:attachment":[{"href":"https:\/\/marcelolopes.jor.br\/site\/wp-json\/wp\/v2\/media?parent=64016"}],"wp:term":[{"taxonomy":"category","embeddable":true,"href":"https:\/\/marcelolopes.jor.br\/site\/wp-json\/wp\/v2\/categories?post=64016"},{"taxonomy":"post_tag","embeddable":true,"href":"https:\/\/marcelolopes.jor.br\/site\/wp-json\/wp\/v2\/tags?post=64016"}],"curies":[{"name":"wp","href":"https:\/\/api.w.org\/{rel}","templated":true}]}}