{"id":63997,"date":"2026-02-24T07:00:51","date_gmt":"2026-02-24T10:00:51","guid":{"rendered":"https:\/\/marcelolopes.jor.br\/site\/?p=63997"},"modified":"2026-02-23T19:07:53","modified_gmt":"2026-02-23T22:07:53","slug":"caixa-libera-vale-recarga-para-o-programa-gas-do-povo","status":"publish","type":"post","link":"https:\/\/marcelolopes.jor.br\/site\/2026\/02\/24\/caixa-libera-vale-recarga-para-o-programa-gas-do-povo\/","title":{"rendered":"Caixa libera vale-recarga para o programa G\u00e1s do Povo"},"content":{"rendered":"<p>A Caixa iniciou nesta segunda-feira, 23 de fevereiro, a terceira etapa da disponibiliza\u00e7\u00e3o do vale-recarga de g\u00e1s de cozinha (GLP) para benefici\u00e1rios do Programa G\u00e1s do Povo. De acordo com o governo federal, o benef\u00edcio contemplar\u00e1 cerca de 4,5 milh\u00f5es de fam\u00edlias inscritas no Cadastro \u00danico para Programas Sociais do Governo Federal (Cad\u00danico). Em Cataguases quase 13 mil fam\u00edlias t\u00eam direito a receber o benef\u00edcio.<!--more--><\/p>\n<h4 class=\"p1\"><span class=\"s1\">\ud83d\udcf8\u00a0<span style=\"color: #008000;\">Siga o Site do Marcelo Lopes no<\/span>\u00a0<span style=\"color: #800000;\"><a style=\"color: #800000;\" href=\"https:\/\/www.facebook.com\/sitedomarcelolopes\/\"><strong>Facebook<\/strong><\/a><\/span>\u00a0<span style=\"color: #008000;\">e no<\/span>\u00a0<span style=\"color: #800000;\"><strong><a style=\"color: #800000;\" href=\"https:\/\/www.instagram.com\/sitedomarcelolopes\/\">Instagram<\/a><\/strong><\/span><\/span><\/h4>\n<h4 class=\"p1\">\ud83d\udcf1<span style=\"color: #008000;\">Participe do grupo de<\/span>\u00a0<span style=\"color: #800000;\"><a style=\"color: #800000;\" href=\"https:\/\/chat.whatsapp.com\/BibzcI1ibYSKytbdyzubLA\"><strong>WhatsApp<\/strong><\/a><\/span> <span style=\"color: #008000;\">do Site do Marcelo Lopes<\/span><\/h4>\n<p>O G\u00e1s do Povo garante recargas gratuitas para botij\u00f5es de g\u00e1s de cozinha de 13 quilos (kg) a fam\u00edlias com renda per capita de at\u00e9 meio sal\u00e1rio m\u00ednimo.<\/p>\n<p>O valor estabelecido para o sal\u00e1rio m\u00ednimo em 2026 \u00e9 de R$ 1.621. Meio sal\u00e1rio m\u00ednimo, portanto, equivale a R$ 810,50 por m\u00eas. A sele\u00e7\u00e3o das fam\u00edlias fica a cargo do Minist\u00e9rio do Desenvolvimento e Assist\u00eancia Social, Fam\u00edlia e Combate \u00e0 Fome (MDS).<\/p>\n<p>Segundo o governo, a expectativa \u00e9 de que o benef\u00edcio contemple 15 milh\u00f5es de fam\u00edlias (50 milh\u00f5es de pessoas) at\u00e9 mar\u00e7o de 2026 \u2013 incluindo aqueles que migraram do Aux\u00edlio G\u00e1s dos Brasileiros e que se enquadram nas regras da nova modalidade.<\/p>\n<blockquote><p>\u201cA recarga gratuita do botij\u00e3o de g\u00e1s poder\u00e1 ser feita pelo respons\u00e1vel familiar diretamente nas revendedoras que aderiram voluntariamente ao programa, sem intermedi\u00e1rios, por meio de valida\u00e7\u00e3o eletr\u00f4nica na azulzinha (maquininha de cart\u00f5es)\u201d, informou a Secretaria de Comunica\u00e7\u00e3o da Presid\u00eancia da Rep\u00fablica.<\/p><\/blockquote>\n<p><strong>A valida\u00e7\u00e3o pode ser feita das seguintes formas:<\/strong><br \/>\n&#8211; cart\u00e3o com chip do Bolsa Fam\u00edlia e senha;<br \/>\n&#8211; cart\u00e3o de d\u00e9bito de conta Caixa e senha;<br \/>\n&#8211; CPF com c\u00f3digo de valida\u00e7\u00e3o enviado ao celular cadastrado na Caixa.<\/p>\n<blockquote><p>\u201cA Caixa faz a operacionaliza\u00e7\u00e3o do programa e tamb\u00e9m disponibiliza o sistema para ades\u00e3o das revendedoras de g\u00e1s desde 23 de outubro de 2025. Para participar, as empresas devem estar cadastradas na ANP, em situa\u00e7\u00e3o regular junto \u00e0 Receita Federal, possuir conta corrente PJ na Caixa e utilizar a azulzinha como meio de pagamento\u201d, detalhou a Secom.<\/p><\/blockquote>\n<p>Ainda segundo a secretaria, em menos de dois meses, o benef\u00edcio j\u00e1 pode ser acessado em pelo menos 10 mil pontos de comercializa\u00e7\u00e3o credenciados. Dessa forma, uma em cada seis revendas de GLP do pa\u00eds j\u00e1 est\u00e1 conectada ao programa.<\/p>\n<h3>Como se candidatar ao programa<\/h3>\n<p>Para se candidatar ao programa, a fam\u00edlia deve ser benefici\u00e1ria do Bolsa Fam\u00edlia com, pelo menos, duas pessoas, ter renda per capita de at\u00e9 meio sal\u00e1rio m\u00ednimo e manter o Cad\u00danico atualizado nos \u00faltimos 24 meses.<\/p>\n<p>Tamb\u00e9m \u00e9 preciso que o CPF do respons\u00e1vel familiar esteja regular e que o cadastro n\u00e3o apresente pend\u00eancias como averigua\u00e7\u00e3o cadastral ou ind\u00edcio de \u00f3bito.<\/p>\n<h3>Aplicativo<\/h3>\n<p>No app Meu Social &#8211; G\u00e1s do Povo, as fam\u00edlias podem verificar se est\u00e3o eleg\u00edveis, conferir a situa\u00e7\u00e3o do vale recarga e encontrar revendas credenciadas, al\u00e9m de telefones e endere\u00e7os de pontos credenciados.<\/p>\n<p>Para pessoas sem acesso \u00e0 internet ou celular, tamb\u00e9m \u00e9 poss\u00edvel usar o vale recarga por meio das op\u00e7\u00f5es: cart\u00e3o do Programa Bolsa Fam\u00edlia (com chip), cart\u00e3o de d\u00e9bito da Caixa ou informando o CPF do respons\u00e1vel familiar na m\u00e1quina do cart\u00e3o.<\/p>\n<h3>Fique ligado<\/h3>\n<p>Benefici\u00e1rios do Cad\u00danico podem consultar o direito ao vale recarga G\u00e1s do Povo pelos seguintes canais:<br \/>\n&#8211; <a href=\"https:\/\/apps.apple.com\/br\/app\/meu-social-g\u00e1s-do-povo\/id6754226503\"><strong><span style=\"color: #800000;\">aplicativo Meu Social<\/span><\/strong><\/a> \u2013 G\u00e1s do Povo<br \/>\n&#8211; consulta do CPF do respons\u00e1vel familiar na p\u00e1gina do programa<br \/>\n&#8211; <a href=\"https:\/\/cidadao.caixa.gov.br\/frontpage\"><strong><span style=\"color: #800000;\">portal Cidad\u00e3o Caixa<\/span><\/strong><\/a><br \/>\n&#8211; atendimento Caixa Cidad\u00e3o \u2013 0800 726 0207<\/p>\n<p><strong>OUTRAS NOT\u00cdCIAS<\/strong><br \/>\n<a href=\"https:\/\/marcelolopes.jor.br\/site\/2026\/02\/16\/lula-sanciona-programa-gas-do-povo-saiba-como-funciona-2\/\"><strong><span style=\"color: #800000;\">Lula sanciona programa G\u00e1s do Povo. Saiba como funciona<\/span><\/strong><\/a><\/p>\n<p><a href=\"https:\/\/marcelolopes.jor.br\/site\/2025\/12\/26\/governo-lula-cria-auxilio-transporte-para-tratamento-de-cancer\/\"><strong><span style=\"color: #800000;\">Governo Lula cria aux\u00edlio transporte para tratamento de c\u00e2ncer<\/span><\/strong><\/a><\/p>\n<p>Fonte: Ag\u00eancia Brasil | Foto: Marcello Casal<\/p>\n<div class=\"lazpk69f7094439464\" ><br><\/div><style type=\"text\/css\">\r\n@media screen and (min-width: 1201px) {\r\n.lazpk69f7094439464 {\r\ndisplay: block;\r\n}\r\n}\r\n@media screen and (min-width: 993px) and (max-width: 1200px) {\r\n.lazpk69f7094439464 {\r\ndisplay: block;\r\n}\r\n}\r\n@media screen and (min-width: 769px) and (max-width: 992px) {\r\n.lazpk69f7094439464 {\r\ndisplay: block;\r\n}\r\n}\r\n@media screen and (min-width: 768px) and (max-width: 768px) {\r\n.lazpk69f7094439464 {\r\ndisplay: block;\r\n}\r\n}\r\n@media screen and (max-width: 767px) {\r\n.lazpk69f7094439464 {\r\ndisplay: block;\r\n}\r\n}\r\n<\/style>\r\n<div class=\"hvixc69f709443dc42\" ><div id=\"div_destino\"><\/div>\r\n<script src=\"https:\/\/cdn.snsrsv.com\/sdk.js\"><\/script>\r\n<script >\r\n      new sdk(\"464030C30061EA8BE065000000000001\") \r\n          .appendTo(\"div_destino\")\r\n          .disableStyle(true) \r\n          .setCacheBusterMacro(\"%%CACHEBUSTER%%\")\r\n          .setSize(\"800\",\"214\")\r\n          .setClickMacro(\"%%CLICK_URL_ESC%%\") \r\n          .setReferrerUrlMacro(\"%%REFERRER_URL_ESC%%\") \r\n          .start(); \r\n<\/script><\/div><style type=\"text\/css\">\r\n@media screen and (min-width: 1201px) {\r\n.hvixc69f709443dc42 {\r\ndisplay: block;\r\n}\r\n}\r\n@media screen and (min-width: 993px) and (max-width: 1200px) {\r\n.hvixc69f709443dc42 {\r\ndisplay: block;\r\n}\r\n}\r\n@media screen and (min-width: 769px) and (max-width: 992px) {\r\n.hvixc69f709443dc42 {\r\ndisplay: block;\r\n}\r\n}\r\n@media screen and (min-width: 768px) and (max-width: 768px) {\r\n.hvixc69f709443dc42 {\r\ndisplay: block;\r\n}\r\n}\r\n@media screen and (max-width: 767px) {\r\n.hvixc69f709443dc42 {\r\ndisplay: block;\r\n}\r\n}\r\n<\/style>\r\n","protected":false},"excerpt":{"rendered":"<p>A Caixa iniciou nesta segunda-feira, 23 de fevereiro, a terceira etapa da disponibiliza\u00e7\u00e3o do vale-recarga de g\u00e1s de cozinha (GLP) para benefici\u00e1rios do Programa G\u00e1s do Povo. De acordo com o governo federal, o benef\u00edcio contemplar\u00e1 cerca de 4,5 milh\u00f5es<\/p>\n<p class=\"link-more\"><a class=\"more-link\" href=\"https:\/\/marcelolopes.jor.br\/site\/2026\/02\/24\/caixa-libera-vale-recarga-para-o-programa-gas-do-povo\/\">Leia mais <span class=\"screen-reader-text\">Caixa libera vale-recarga para o programa G\u00e1s do Povo<\/span><\/a><\/p>\n","protected":false},"author":2,"featured_media":63998,"comment_status":"open","ping_status":"closed","sticky":false,"template":"","format":"standard","meta":{"footnotes":""},"categories":[1],"tags":[],"class_list":["post-63997","post","type-post","status-publish","format-standard","has-post-thumbnail","hentry","category-noticias","thumb-below-title"],"yoast_head":"<!-- This site is optimized with the Yoast SEO plugin v27.4 - https:\/\/yoast.com\/product\/yoast-seo-wordpress\/ -->\n<title>Caixa libera vale-recarga para o programa G\u00e1s do Povo | Marcelo Lopes<\/title>\n<meta name=\"description\" content=\"Caixa libera vale-recarga para o programa G\u00e1s do Povo. Cerca de 4,5 milh\u00f5es de fam\u00edlias ser\u00e3o beneficiadas, estima o governo.\" \/>\n<meta name=\"robots\" content=\"index, follow, max-snippet:-1, max-image-preview:large, max-video-preview:-1\" \/>\n<link rel=\"canonical\" href=\"https:\/\/marcelolopes.jor.br\/site\/2026\/02\/24\/caixa-libera-vale-recarga-para-o-programa-gas-do-povo\/\" \/>\n<meta property=\"og:locale\" content=\"pt_BR\" \/>\n<meta property=\"og:type\" content=\"article\" \/>\n<meta property=\"og:title\" content=\"Caixa libera vale-recarga para o programa G\u00e1s do Povo | Marcelo Lopes\" \/>\n<meta property=\"og:description\" content=\"Caixa libera vale-recarga para o programa G\u00e1s do Povo. Cerca de 4,5 milh\u00f5es de fam\u00edlias ser\u00e3o beneficiadas, estima o governo.\" \/>\n<meta property=\"og:url\" content=\"https:\/\/marcelolopes.jor.br\/site\/2026\/02\/24\/caixa-libera-vale-recarga-para-o-programa-gas-do-povo\/\" \/>\n<meta property=\"og:site_name\" content=\"Marcelo Lopes\" \/>\n<meta property=\"article:publisher\" content=\"https:\/\/www.facebook.com\/sitedomarcelolopes\" \/>\n<meta property=\"article:published_time\" content=\"2026-02-24T10:00:51+00:00\" \/>\n<meta property=\"og:image\" content=\"https:\/\/marcelolopes.jor.br\/site\/wp-content\/uploads\/2026\/02\/tmcj_0025.jpg.webp\" \/>\n\t<meta property=\"og:image:width\" content=\"1170\" \/>\n\t<meta property=\"og:image:height\" content=\"700\" \/>\n\t<meta property=\"og:image:type\" content=\"image\/webp\" \/>\n<meta name=\"author\" content=\"Marcelo Lopes\" \/>\n<meta name=\"twitter:card\" content=\"summary_large_image\" \/>\n<meta name=\"twitter:label1\" content=\"Escrito por\" \/>\n\t<meta name=\"twitter:data1\" content=\"Marcelo Lopes\" \/>\n\t<meta name=\"twitter:label2\" content=\"Est. tempo de leitura\" \/>\n\t<meta name=\"twitter:data2\" content=\"3 minutos\" \/>\n<script type=\"application\/ld+json\" class=\"yoast-schema-graph\">{\"@context\":\"https:\\\/\\\/schema.org\",\"@graph\":[{\"@type\":\"NewsArticle\",\"@id\":\"https:\\\/\\\/marcelolopes.jor.br\\\/site\\\/2026\\\/02\\\/24\\\/caixa-libera-vale-recarga-para-o-programa-gas-do-povo\\\/#article\",\"isPartOf\":{\"@id\":\"https:\\\/\\\/marcelolopes.jor.br\\\/site\\\/2026\\\/02\\\/24\\\/caixa-libera-vale-recarga-para-o-programa-gas-do-povo\\\/\"},\"author\":{\"name\":\"Marcelo Lopes\",\"@id\":\"https:\\\/\\\/marcelolopes.jor.br\\\/site\\\/#\\\/schema\\\/person\\\/3e7216a35c34d8fdf952b31da3d1f89f\"},\"headline\":\"Caixa libera vale-recarga para o programa G\u00e1s do Povo\",\"datePublished\":\"2026-02-24T10:00:51+00:00\",\"mainEntityOfPage\":{\"@id\":\"https:\\\/\\\/marcelolopes.jor.br\\\/site\\\/2026\\\/02\\\/24\\\/caixa-libera-vale-recarga-para-o-programa-gas-do-povo\\\/\"},\"wordCount\":677,\"commentCount\":0,\"publisher\":{\"@id\":\"https:\\\/\\\/marcelolopes.jor.br\\\/site\\\/#organization\"},\"image\":{\"@id\":\"https:\\\/\\\/marcelolopes.jor.br\\\/site\\\/2026\\\/02\\\/24\\\/caixa-libera-vale-recarga-para-o-programa-gas-do-povo\\\/#primaryimage\"},\"thumbnailUrl\":\"https:\\\/\\\/marcelolopes.jor.br\\\/site\\\/wp-content\\\/uploads\\\/2026\\\/02\\\/tmcj_0025.jpg.webp\",\"articleSection\":[\"Not\u00edcias\"],\"inLanguage\":\"pt-BR\",\"potentialAction\":[{\"@type\":\"CommentAction\",\"name\":\"Comment\",\"target\":[\"https:\\\/\\\/marcelolopes.jor.br\\\/site\\\/2026\\\/02\\\/24\\\/caixa-libera-vale-recarga-para-o-programa-gas-do-povo\\\/#respond\"]}]},{\"@type\":\"WebPage\",\"@id\":\"https:\\\/\\\/marcelolopes.jor.br\\\/site\\\/2026\\\/02\\\/24\\\/caixa-libera-vale-recarga-para-o-programa-gas-do-povo\\\/\",\"url\":\"https:\\\/\\\/marcelolopes.jor.br\\\/site\\\/2026\\\/02\\\/24\\\/caixa-libera-vale-recarga-para-o-programa-gas-do-povo\\\/\",\"name\":\"Caixa libera vale-recarga para o programa G\u00e1s do Povo | Marcelo Lopes\",\"isPartOf\":{\"@id\":\"https:\\\/\\\/marcelolopes.jor.br\\\/site\\\/#website\"},\"primaryImageOfPage\":{\"@id\":\"https:\\\/\\\/marcelolopes.jor.br\\\/site\\\/2026\\\/02\\\/24\\\/caixa-libera-vale-recarga-para-o-programa-gas-do-povo\\\/#primaryimage\"},\"image\":{\"@id\":\"https:\\\/\\\/marcelolopes.jor.br\\\/site\\\/2026\\\/02\\\/24\\\/caixa-libera-vale-recarga-para-o-programa-gas-do-povo\\\/#primaryimage\"},\"thumbnailUrl\":\"https:\\\/\\\/marcelolopes.jor.br\\\/site\\\/wp-content\\\/uploads\\\/2026\\\/02\\\/tmcj_0025.jpg.webp\",\"datePublished\":\"2026-02-24T10:00:51+00:00\",\"description\":\"Caixa libera vale-recarga para o programa G\u00e1s do Povo. Cerca de 4,5 milh\u00f5es de fam\u00edlias ser\u00e3o beneficiadas, estima o governo.\",\"breadcrumb\":{\"@id\":\"https:\\\/\\\/marcelolopes.jor.br\\\/site\\\/2026\\\/02\\\/24\\\/caixa-libera-vale-recarga-para-o-programa-gas-do-povo\\\/#breadcrumb\"},\"inLanguage\":\"pt-BR\",\"potentialAction\":[{\"@type\":\"ReadAction\",\"target\":[\"https:\\\/\\\/marcelolopes.jor.br\\\/site\\\/2026\\\/02\\\/24\\\/caixa-libera-vale-recarga-para-o-programa-gas-do-povo\\\/\"]}]},{\"@type\":\"ImageObject\",\"inLanguage\":\"pt-BR\",\"@id\":\"https:\\\/\\\/marcelolopes.jor.br\\\/site\\\/2026\\\/02\\\/24\\\/caixa-libera-vale-recarga-para-o-programa-gas-do-povo\\\/#primaryimage\",\"url\":\"https:\\\/\\\/marcelolopes.jor.br\\\/site\\\/wp-content\\\/uploads\\\/2026\\\/02\\\/tmcj_0025.jpg.webp\",\"contentUrl\":\"https:\\\/\\\/marcelolopes.jor.br\\\/site\\\/wp-content\\\/uploads\\\/2026\\\/02\\\/tmcj_0025.jpg.webp\",\"width\":1170,\"height\":700,\"caption\":\"Caixa libera vale-recarga\"},{\"@type\":\"BreadcrumbList\",\"@id\":\"https:\\\/\\\/marcelolopes.jor.br\\\/site\\\/2026\\\/02\\\/24\\\/caixa-libera-vale-recarga-para-o-programa-gas-do-povo\\\/#breadcrumb\",\"itemListElement\":[{\"@type\":\"ListItem\",\"position\":1,\"name\":\"Home\",\"item\":\"https:\\\/\\\/marcelolopes.jor.br\\\/site\\\/\"},{\"@type\":\"ListItem\",\"position\":2,\"name\":\"Caixa libera vale-recarga para o programa G\u00e1s do Povo\"}]},{\"@type\":\"WebSite\",\"@id\":\"https:\\\/\\\/marcelolopes.jor.br\\\/site\\\/#website\",\"url\":\"https:\\\/\\\/marcelolopes.jor.br\\\/site\\\/\",\"name\":\"Marcelo Lopes\",\"description\":\"Not\u00edcias de Cataguases e Regi\u00e3o\",\"publisher\":{\"@id\":\"https:\\\/\\\/marcelolopes.jor.br\\\/site\\\/#organization\"},\"potentialAction\":[{\"@type\":\"SearchAction\",\"target\":{\"@type\":\"EntryPoint\",\"urlTemplate\":\"https:\\\/\\\/marcelolopes.jor.br\\\/site\\\/?s={search_term_string}\"},\"query-input\":{\"@type\":\"PropertyValueSpecification\",\"valueRequired\":true,\"valueName\":\"search_term_string\"}}],\"inLanguage\":\"pt-BR\"},{\"@type\":\"Organization\",\"@id\":\"https:\\\/\\\/marcelolopes.jor.br\\\/site\\\/#organization\",\"name\":\"Site do Marcelo Lopes\",\"url\":\"https:\\\/\\\/marcelolopes.jor.br\\\/site\\\/\",\"logo\":{\"@type\":\"ImageObject\",\"inLanguage\":\"pt-BR\",\"@id\":\"https:\\\/\\\/marcelolopes.jor.br\\\/site\\\/#\\\/schema\\\/logo\\\/image\\\/\",\"url\":\"https:\\\/\\\/marcelolopes.jor.br\\\/site\\\/wp-content\\\/uploads\\\/2024\\\/11\\\/logo-1.png\",\"contentUrl\":\"https:\\\/\\\/marcelolopes.jor.br\\\/site\\\/wp-content\\\/uploads\\\/2024\\\/11\\\/logo-1.png\",\"width\":475,\"height\":80,\"caption\":\"Site do Marcelo Lopes\"},\"image\":{\"@id\":\"https:\\\/\\\/marcelolopes.jor.br\\\/site\\\/#\\\/schema\\\/logo\\\/image\\\/\"},\"sameAs\":[\"https:\\\/\\\/www.facebook.com\\\/sitedomarcelolopes\",\"https:\\\/\\\/www.instagram.com\\\/sitedomarcelolopes\\\/\",\"https:\\\/\\\/www.linkedin.com\\\/company\\\/site-do-marcelo-lopes\\\/\",\"https:\\\/\\\/www.youtube.com\\\/user\\\/marcelolopes957\"]},{\"@type\":\"Person\",\"@id\":\"https:\\\/\\\/marcelolopes.jor.br\\\/site\\\/#\\\/schema\\\/person\\\/3e7216a35c34d8fdf952b31da3d1f89f\",\"name\":\"Marcelo Lopes\",\"sameAs\":[\"http:\\\/\\\/www.marcelolopes.jor.br\"],\"url\":\"https:\\\/\\\/marcelolopes.jor.br\\\/site\\\/author\\\/marcelo\\\/\"}]}<\/script>\n<!-- \/ Yoast SEO plugin. -->","yoast_head_json":{"title":"Caixa libera vale-recarga para o programa G\u00e1s do Povo | Marcelo Lopes","description":"Caixa libera vale-recarga para o programa G\u00e1s do Povo. Cerca de 4,5 milh\u00f5es de fam\u00edlias ser\u00e3o beneficiadas, estima o governo.","robots":{"index":"index","follow":"follow","max-snippet":"max-snippet:-1","max-image-preview":"max-image-preview:large","max-video-preview":"max-video-preview:-1"},"canonical":"https:\/\/marcelolopes.jor.br\/site\/2026\/02\/24\/caixa-libera-vale-recarga-para-o-programa-gas-do-povo\/","og_locale":"pt_BR","og_type":"article","og_title":"Caixa libera vale-recarga para o programa G\u00e1s do Povo | Marcelo Lopes","og_description":"Caixa libera vale-recarga para o programa G\u00e1s do Povo. Cerca de 4,5 milh\u00f5es de fam\u00edlias ser\u00e3o beneficiadas, estima o governo.","og_url":"https:\/\/marcelolopes.jor.br\/site\/2026\/02\/24\/caixa-libera-vale-recarga-para-o-programa-gas-do-povo\/","og_site_name":"Marcelo Lopes","article_publisher":"https:\/\/www.facebook.com\/sitedomarcelolopes","article_published_time":"2026-02-24T10:00:51+00:00","og_image":[{"width":1170,"height":700,"url":"https:\/\/marcelolopes.jor.br\/site\/wp-content\/uploads\/2026\/02\/tmcj_0025.jpg.webp","type":"image\/webp"}],"author":"Marcelo Lopes","twitter_card":"summary_large_image","twitter_misc":{"Escrito por":"Marcelo Lopes","Est. tempo de leitura":"3 minutos"},"schema":{"@context":"https:\/\/schema.org","@graph":[{"@type":"NewsArticle","@id":"https:\/\/marcelolopes.jor.br\/site\/2026\/02\/24\/caixa-libera-vale-recarga-para-o-programa-gas-do-povo\/#article","isPartOf":{"@id":"https:\/\/marcelolopes.jor.br\/site\/2026\/02\/24\/caixa-libera-vale-recarga-para-o-programa-gas-do-povo\/"},"author":{"name":"Marcelo Lopes","@id":"https:\/\/marcelolopes.jor.br\/site\/#\/schema\/person\/3e7216a35c34d8fdf952b31da3d1f89f"},"headline":"Caixa libera vale-recarga para o programa G\u00e1s do Povo","datePublished":"2026-02-24T10:00:51+00:00","mainEntityOfPage":{"@id":"https:\/\/marcelolopes.jor.br\/site\/2026\/02\/24\/caixa-libera-vale-recarga-para-o-programa-gas-do-povo\/"},"wordCount":677,"commentCount":0,"publisher":{"@id":"https:\/\/marcelolopes.jor.br\/site\/#organization"},"image":{"@id":"https:\/\/marcelolopes.jor.br\/site\/2026\/02\/24\/caixa-libera-vale-recarga-para-o-programa-gas-do-povo\/#primaryimage"},"thumbnailUrl":"https:\/\/marcelolopes.jor.br\/site\/wp-content\/uploads\/2026\/02\/tmcj_0025.jpg.webp","articleSection":["Not\u00edcias"],"inLanguage":"pt-BR","potentialAction":[{"@type":"CommentAction","name":"Comment","target":["https:\/\/marcelolopes.jor.br\/site\/2026\/02\/24\/caixa-libera-vale-recarga-para-o-programa-gas-do-povo\/#respond"]}]},{"@type":"WebPage","@id":"https:\/\/marcelolopes.jor.br\/site\/2026\/02\/24\/caixa-libera-vale-recarga-para-o-programa-gas-do-povo\/","url":"https:\/\/marcelolopes.jor.br\/site\/2026\/02\/24\/caixa-libera-vale-recarga-para-o-programa-gas-do-povo\/","name":"Caixa libera vale-recarga para o programa G\u00e1s do Povo | Marcelo Lopes","isPartOf":{"@id":"https:\/\/marcelolopes.jor.br\/site\/#website"},"primaryImageOfPage":{"@id":"https:\/\/marcelolopes.jor.br\/site\/2026\/02\/24\/caixa-libera-vale-recarga-para-o-programa-gas-do-povo\/#primaryimage"},"image":{"@id":"https:\/\/marcelolopes.jor.br\/site\/2026\/02\/24\/caixa-libera-vale-recarga-para-o-programa-gas-do-povo\/#primaryimage"},"thumbnailUrl":"https:\/\/marcelolopes.jor.br\/site\/wp-content\/uploads\/2026\/02\/tmcj_0025.jpg.webp","datePublished":"2026-02-24T10:00:51+00:00","description":"Caixa libera vale-recarga para o programa G\u00e1s do Povo. Cerca de 4,5 milh\u00f5es de fam\u00edlias ser\u00e3o beneficiadas, estima o governo.","breadcrumb":{"@id":"https:\/\/marcelolopes.jor.br\/site\/2026\/02\/24\/caixa-libera-vale-recarga-para-o-programa-gas-do-povo\/#breadcrumb"},"inLanguage":"pt-BR","potentialAction":[{"@type":"ReadAction","target":["https:\/\/marcelolopes.jor.br\/site\/2026\/02\/24\/caixa-libera-vale-recarga-para-o-programa-gas-do-povo\/"]}]},{"@type":"ImageObject","inLanguage":"pt-BR","@id":"https:\/\/marcelolopes.jor.br\/site\/2026\/02\/24\/caixa-libera-vale-recarga-para-o-programa-gas-do-povo\/#primaryimage","url":"https:\/\/marcelolopes.jor.br\/site\/wp-content\/uploads\/2026\/02\/tmcj_0025.jpg.webp","contentUrl":"https:\/\/marcelolopes.jor.br\/site\/wp-content\/uploads\/2026\/02\/tmcj_0025.jpg.webp","width":1170,"height":700,"caption":"Caixa libera vale-recarga"},{"@type":"BreadcrumbList","@id":"https:\/\/marcelolopes.jor.br\/site\/2026\/02\/24\/caixa-libera-vale-recarga-para-o-programa-gas-do-povo\/#breadcrumb","itemListElement":[{"@type":"ListItem","position":1,"name":"Home","item":"https:\/\/marcelolopes.jor.br\/site\/"},{"@type":"ListItem","position":2,"name":"Caixa libera vale-recarga para o programa G\u00e1s do Povo"}]},{"@type":"WebSite","@id":"https:\/\/marcelolopes.jor.br\/site\/#website","url":"https:\/\/marcelolopes.jor.br\/site\/","name":"Marcelo Lopes","description":"Not\u00edcias de Cataguases e Regi\u00e3o","publisher":{"@id":"https:\/\/marcelolopes.jor.br\/site\/#organization"},"potentialAction":[{"@type":"SearchAction","target":{"@type":"EntryPoint","urlTemplate":"https:\/\/marcelolopes.jor.br\/site\/?s={search_term_string}"},"query-input":{"@type":"PropertyValueSpecification","valueRequired":true,"valueName":"search_term_string"}}],"inLanguage":"pt-BR"},{"@type":"Organization","@id":"https:\/\/marcelolopes.jor.br\/site\/#organization","name":"Site do Marcelo Lopes","url":"https:\/\/marcelolopes.jor.br\/site\/","logo":{"@type":"ImageObject","inLanguage":"pt-BR","@id":"https:\/\/marcelolopes.jor.br\/site\/#\/schema\/logo\/image\/","url":"https:\/\/marcelolopes.jor.br\/site\/wp-content\/uploads\/2024\/11\/logo-1.png","contentUrl":"https:\/\/marcelolopes.jor.br\/site\/wp-content\/uploads\/2024\/11\/logo-1.png","width":475,"height":80,"caption":"Site do Marcelo Lopes"},"image":{"@id":"https:\/\/marcelolopes.jor.br\/site\/#\/schema\/logo\/image\/"},"sameAs":["https:\/\/www.facebook.com\/sitedomarcelolopes","https:\/\/www.instagram.com\/sitedomarcelolopes\/","https:\/\/www.linkedin.com\/company\/site-do-marcelo-lopes\/","https:\/\/www.youtube.com\/user\/marcelolopes957"]},{"@type":"Person","@id":"https:\/\/marcelolopes.jor.br\/site\/#\/schema\/person\/3e7216a35c34d8fdf952b31da3d1f89f","name":"Marcelo Lopes","sameAs":["http:\/\/www.marcelolopes.jor.br"],"url":"https:\/\/marcelolopes.jor.br\/site\/author\/marcelo\/"}]}},"wps_subtitle":"Cerca de 4,5 milh\u00f5es de fam\u00edlias ser\u00e3o beneficiadas, estima o governo.","_links":{"self":[{"href":"https:\/\/marcelolopes.jor.br\/site\/wp-json\/wp\/v2\/posts\/63997","targetHints":{"allow":["GET"]}}],"collection":[{"href":"https:\/\/marcelolopes.jor.br\/site\/wp-json\/wp\/v2\/posts"}],"about":[{"href":"https:\/\/marcelolopes.jor.br\/site\/wp-json\/wp\/v2\/types\/post"}],"author":[{"embeddable":true,"href":"https:\/\/marcelolopes.jor.br\/site\/wp-json\/wp\/v2\/users\/2"}],"replies":[{"embeddable":true,"href":"https:\/\/marcelolopes.jor.br\/site\/wp-json\/wp\/v2\/comments?post=63997"}],"version-history":[{"count":0,"href":"https:\/\/marcelolopes.jor.br\/site\/wp-json\/wp\/v2\/posts\/63997\/revisions"}],"wp:featuredmedia":[{"embeddable":true,"href":"https:\/\/marcelolopes.jor.br\/site\/wp-json\/wp\/v2\/media\/63998"}],"wp:attachment":[{"href":"https:\/\/marcelolopes.jor.br\/site\/wp-json\/wp\/v2\/media?parent=63997"}],"wp:term":[{"taxonomy":"category","embeddable":true,"href":"https:\/\/marcelolopes.jor.br\/site\/wp-json\/wp\/v2\/categories?post=63997"},{"taxonomy":"post_tag","embeddable":true,"href":"https:\/\/marcelolopes.jor.br\/site\/wp-json\/wp\/v2\/tags?post=63997"}],"curies":[{"name":"wp","href":"https:\/\/api.w.org\/{rel}","templated":true}]}}