{"id":6388,"date":"2019-09-28T15:30:51","date_gmt":"2019-09-28T18:30:51","guid":{"rendered":"https:\/\/marcelolopes.jor.br\/?p=6388"},"modified":"2019-09-28T15:48:15","modified_gmt":"2019-09-28T18:48:15","slug":"carro-cai-em-corrego-no-centro-de-leopoldina","status":"publish","type":"post","link":"https:\/\/marcelolopes.jor.br\/site\/2019\/09\/28\/carro-cai-em-corrego-no-centro-de-leopoldina\/","title":{"rendered":"Carro cai em c\u00f3rrego no Centro de Leopoldina"},"content":{"rendered":"<p style=\"text-align: justify;\">Um acidente envolvendo o ve\u00edculo Fiat Uno, com placas de Leopoldina, aconteceu por volta das 6 horas deste s\u00e1bado, 28 de setembro, na regi\u00e3o central de Leopoldina. Segundo as informa\u00e7\u00f5es obtidas junto \u00e0 Pol\u00edcia Militar, o motorista perdeu o controle da dire\u00e7\u00e3o e caiu no c\u00f3rrego Feij\u00e3o Cru. O Servi\u00e7o de Atendimento M\u00e9dico de Urg\u00eancia (Samu) foi acionado e socorreu o condutor, que foi encaminhado ao Pronto-Socorro Municipal da Casa de Caridade Leopoldinense. A PM fez o registro do acidente.<!--more--><\/p>\n<p style=\"text-align: justify;\">Conforme divulgou o site do jornal O Vigilante Online, que esteve no local, o ve\u00edculo foi removido pelo Auto Socorro S\u00e3o Pedro, por volta de 8h30min, e encaminhado ao p\u00e1tio credenciado junto ao Detran-MG, em Leopoldina.<\/p>\n<p style=\"text-align: justify;\">A Pol\u00edcia Militar n\u00e3o informou se o motorista \u00e9 habilitado, se estava sob efeito de \u00e1lcool e se o ve\u00edculo est\u00e1 com a documenta\u00e7\u00e3o em dia.<\/p>\n<p><img loading=\"lazy\" decoding=\"async\" class=\"aligncenter wp-image-6390\" src=\"https:\/\/marcelolopes.jor.br\/site\/wp-content\/uploads\/2019\/09\/c21b58886c9c44c8a2d1e16be8e00932-300x167.jpg\" alt=\"\" width=\"500\" height=\"278\" srcset=\"https:\/\/marcelolopes.jor.br\/site\/wp-content\/uploads\/2019\/09\/c21b58886c9c44c8a2d1e16be8e00932-300x167.jpg 300w, https:\/\/marcelolopes.jor.br\/site\/wp-content\/uploads\/2019\/09\/c21b58886c9c44c8a2d1e16be8e00932-768x427.jpg 768w, https:\/\/marcelolopes.jor.br\/site\/wp-content\/uploads\/2019\/09\/c21b58886c9c44c8a2d1e16be8e00932.jpg 900w\" sizes=\"auto, (max-width: 500px) 100vw, 500px\" \/><\/p>\n<p><img loading=\"lazy\" decoding=\"async\" class=\"aligncenter wp-image-6391\" src=\"https:\/\/marcelolopes.jor.br\/site\/wp-content\/uploads\/2019\/09\/6f5265d37a8342ce93b7ce5a2fbfa3e9-300x186.jpg\" alt=\"\" width=\"500\" height=\"310\" srcset=\"https:\/\/marcelolopes.jor.br\/site\/wp-content\/uploads\/2019\/09\/6f5265d37a8342ce93b7ce5a2fbfa3e9-300x186.jpg 300w, https:\/\/marcelolopes.jor.br\/site\/wp-content\/uploads\/2019\/09\/6f5265d37a8342ce93b7ce5a2fbfa3e9-768x476.jpg 768w, https:\/\/marcelolopes.jor.br\/site\/wp-content\/uploads\/2019\/09\/6f5265d37a8342ce93b7ce5a2fbfa3e9.jpg 893w\" sizes=\"auto, (max-width: 500px) 100vw, 500px\" \/><\/p>\n<p>&nbsp;<\/p>\n<p><em>Fonte e fotos: O Vigilante Online<\/em><\/p>\n<div class=\"nzdqi6a94c74579824\" ><br><\/div><style type=\"text\/css\">\r\n@media screen and (min-width: 1201px) {\r\n.nzdqi6a94c74579824 {\r\ndisplay: block;\r\n}\r\n}\r\n@media screen and (min-width: 993px) and (max-width: 1200px) {\r\n.nzdqi6a94c74579824 {\r\ndisplay: block;\r\n}\r\n}\r\n@media screen and (min-width: 769px) and (max-width: 992px) {\r\n.nzdqi6a94c74579824 {\r\ndisplay: block;\r\n}\r\n}\r\n@media screen and (min-width: 768px) and (max-width: 768px) {\r\n.nzdqi6a94c74579824 {\r\ndisplay: block;\r\n}\r\n}\r\n@media screen and (max-width: 767px) {\r\n.nzdqi6a94c74579824 {\r\ndisplay: block;\r\n}\r\n}\r\n<\/style>\r\n<div class=\"geoui6a94c7457f06b\" ><div id=\"div_destino\"><\/div>\r\n<script src=\"https:\/\/cdn.snsrsv.com\/sdk.js\"><\/script>\r\n<script >\r\n      new sdk(\"464030C30061EA8BE065000000000001\") \r\n          .appendTo(\"div_destino\")\r\n          .disableStyle(true) \r\n          .setCacheBusterMacro(\"%%CACHEBUSTER%%\")\r\n          .setSize(\"800\",\"214\")\r\n          .setClickMacro(\"%%CLICK_URL_ESC%%\") \r\n          .setReferrerUrlMacro(\"%%REFERRER_URL_ESC%%\") \r\n          .start(); \r\n<\/script><\/div><style type=\"text\/css\">\r\n@media screen and (min-width: 1201px) {\r\n.geoui6a94c7457f06b {\r\ndisplay: block;\r\n}\r\n}\r\n@media screen and (min-width: 993px) and (max-width: 1200px) {\r\n.geoui6a94c7457f06b {\r\ndisplay: block;\r\n}\r\n}\r\n@media screen and (min-width: 769px) and (max-width: 992px) {\r\n.geoui6a94c7457f06b {\r\ndisplay: block;\r\n}\r\n}\r\n@media screen and (min-width: 768px) and (max-width: 768px) {\r\n.geoui6a94c7457f06b {\r\ndisplay: block;\r\n}\r\n}\r\n@media screen and (max-width: 767px) {\r\n.geoui6a94c7457f06b {\r\ndisplay: block;\r\n}\r\n}\r\n<\/style>\r\n","protected":false},"excerpt":{"rendered":"<p>Um acidente envolvendo o ve\u00edculo Fiat Uno, com placas de Leopoldina, aconteceu por volta das 6 horas deste s\u00e1bado, 28 de setembro, na regi\u00e3o central de Leopoldina. Segundo as informa\u00e7\u00f5es obtidas junto \u00e0 Pol\u00edcia Militar, o motorista perdeu o controle<\/p>\n<p class=\"link-more\"><a class=\"more-link\" href=\"https:\/\/marcelolopes.jor.br\/site\/2019\/09\/28\/carro-cai-em-corrego-no-centro-de-leopoldina\/\">Leia mais <span class=\"screen-reader-text\">Carro cai em c\u00f3rrego no Centro de Leopoldina<\/span><\/a><\/p>\n","protected":false},"author":2,"featured_media":6389,"comment_status":"open","ping_status":"open","sticky":false,"template":"","format":"standard","meta":{"footnotes":""},"categories":[1],"tags":[1345,1347,1076,1346],"class_list":["post-6388","post","type-post","status-publish","format-standard","has-post-thumbnail","hentry","category-noticias","tag-corrego","tag-feijao-cru","tag-leopoldina","tag-rio","thumb-below-title"],"yoast_head":"<!-- This site is optimized with the Yoast SEO plugin v28.3 - https:\/\/yoast.com\/product\/yoast-seo-wordpress\/ -->\n<title>Carro cai em c\u00f3rrego no Centro de Leopoldina | Marcelo Lopes<\/title>\n<meta name=\"robots\" content=\"index, follow, max-snippet:-1, max-image-preview:large, max-video-preview:-1\" \/>\n<link rel=\"canonical\" href=\"https:\/\/marcelolopes.jor.br\/site\/2019\/09\/28\/carro-cai-em-corrego-no-centro-de-leopoldina\/\" \/>\n<meta property=\"og:locale\" content=\"pt_BR\" \/>\n<meta property=\"og:type\" content=\"article\" \/>\n<meta property=\"og:title\" content=\"Carro cai em c\u00f3rrego no Centro de Leopoldina | Marcelo Lopes\" \/>\n<meta property=\"og:description\" content=\"Um acidente envolvendo o ve\u00edculo Fiat Uno, com placas de Leopoldina, aconteceu por volta das 6 horas deste s\u00e1bado, 28 de setembro, na regi\u00e3o central de Leopoldina. Segundo as informa\u00e7\u00f5es obtidas junto \u00e0 Pol\u00edcia Militar, o motorista perdeu o controleLeia mais Carro cai em c\u00f3rrego no Centro de Leopoldina\" \/>\n<meta property=\"og:url\" content=\"https:\/\/marcelolopes.jor.br\/site\/2019\/09\/28\/carro-cai-em-corrego-no-centro-de-leopoldina\/\" \/>\n<meta property=\"og:site_name\" content=\"Marcelo Lopes\" \/>\n<meta property=\"article:publisher\" content=\"https:\/\/www.facebook.com\/sitedomarcelolopes\" \/>\n<meta property=\"article:published_time\" content=\"2019-09-28T18:30:51+00:00\" \/>\n<meta property=\"article:modified_time\" content=\"2019-09-28T18:48:15+00:00\" \/>\n<meta property=\"og:image\" content=\"https:\/\/marcelolopes.jor.br\/site\/wp-content\/uploads\/2019\/09\/d68e110edf314bca83cfd5197301302b.jpg\" \/>\n\t<meta property=\"og:image:width\" content=\"894\" \/>\n\t<meta property=\"og:image:height\" content=\"565\" \/>\n\t<meta property=\"og:image:type\" content=\"image\/jpeg\" \/>\n<meta name=\"author\" content=\"Marcelo Lopes\" \/>\n<meta name=\"twitter:card\" content=\"summary_large_image\" \/>\n<meta name=\"twitter:label1\" content=\"Escrito por\" \/>\n\t<meta name=\"twitter:data1\" content=\"Marcelo Lopes\" \/>\n\t<meta name=\"twitter:label2\" content=\"Est. tempo de leitura\" \/>\n\t<meta name=\"twitter:data2\" content=\"1 minuto\" \/>\n<script type=\"application\/ld+json\" class=\"yoast-schema-graph\">{\"@context\":\"https:\\\/\\\/schema.org\",\"@graph\":[{\"@type\":\"NewsArticle\",\"@id\":\"https:\\\/\\\/marcelolopes.jor.br\\\/site\\\/2019\\\/09\\\/28\\\/carro-cai-em-corrego-no-centro-de-leopoldina\\\/#article\",\"isPartOf\":{\"@id\":\"https:\\\/\\\/marcelolopes.jor.br\\\/site\\\/2019\\\/09\\\/28\\\/carro-cai-em-corrego-no-centro-de-leopoldina\\\/\"},\"author\":{\"name\":\"Marcelo Lopes\",\"@id\":\"https:\\\/\\\/marcelolopes.jor.br\\\/site\\\/#\\\/schema\\\/person\\\/3e7216a35c34d8fdf952b31da3d1f89f\"},\"headline\":\"Carro cai em c\u00f3rrego no Centro de Leopoldina\",\"datePublished\":\"2019-09-28T18:30:51+00:00\",\"dateModified\":\"2019-09-28T18:48:15+00:00\",\"mainEntityOfPage\":{\"@id\":\"https:\\\/\\\/marcelolopes.jor.br\\\/site\\\/2019\\\/09\\\/28\\\/carro-cai-em-corrego-no-centro-de-leopoldina\\\/\"},\"wordCount\":173,\"commentCount\":0,\"publisher\":{\"@id\":\"https:\\\/\\\/marcelolopes.jor.br\\\/site\\\/#organization\"},\"image\":{\"@id\":\"https:\\\/\\\/marcelolopes.jor.br\\\/site\\\/2019\\\/09\\\/28\\\/carro-cai-em-corrego-no-centro-de-leopoldina\\\/#primaryimage\"},\"thumbnailUrl\":\"https:\\\/\\\/marcelolopes.jor.br\\\/site\\\/wp-content\\\/uploads\\\/2019\\\/09\\\/d68e110edf314bca83cfd5197301302b.jpg\",\"keywords\":[\"c\u00f3rrego\",\"feij\u00e3o cr\u00fa\",\"Leopoldina\",\"rio\"],\"articleSection\":[\"Not\u00edcias\"],\"inLanguage\":\"pt-BR\",\"potentialAction\":[{\"@type\":\"CommentAction\",\"name\":\"Comment\",\"target\":[\"https:\\\/\\\/marcelolopes.jor.br\\\/site\\\/2019\\\/09\\\/28\\\/carro-cai-em-corrego-no-centro-de-leopoldina\\\/#respond\"]}]},{\"@type\":\"WebPage\",\"@id\":\"https:\\\/\\\/marcelolopes.jor.br\\\/site\\\/2019\\\/09\\\/28\\\/carro-cai-em-corrego-no-centro-de-leopoldina\\\/\",\"url\":\"https:\\\/\\\/marcelolopes.jor.br\\\/site\\\/2019\\\/09\\\/28\\\/carro-cai-em-corrego-no-centro-de-leopoldina\\\/\",\"name\":\"Carro cai em c\u00f3rrego no Centro de Leopoldina | Marcelo Lopes\",\"isPartOf\":{\"@id\":\"https:\\\/\\\/marcelolopes.jor.br\\\/site\\\/#website\"},\"primaryImageOfPage\":{\"@id\":\"https:\\\/\\\/marcelolopes.jor.br\\\/site\\\/2019\\\/09\\\/28\\\/carro-cai-em-corrego-no-centro-de-leopoldina\\\/#primaryimage\"},\"image\":{\"@id\":\"https:\\\/\\\/marcelolopes.jor.br\\\/site\\\/2019\\\/09\\\/28\\\/carro-cai-em-corrego-no-centro-de-leopoldina\\\/#primaryimage\"},\"thumbnailUrl\":\"https:\\\/\\\/marcelolopes.jor.br\\\/site\\\/wp-content\\\/uploads\\\/2019\\\/09\\\/d68e110edf314bca83cfd5197301302b.jpg\",\"datePublished\":\"2019-09-28T18:30:51+00:00\",\"dateModified\":\"2019-09-28T18:48:15+00:00\",\"breadcrumb\":{\"@id\":\"https:\\\/\\\/marcelolopes.jor.br\\\/site\\\/2019\\\/09\\\/28\\\/carro-cai-em-corrego-no-centro-de-leopoldina\\\/#breadcrumb\"},\"inLanguage\":\"pt-BR\",\"potentialAction\":[{\"@type\":\"ReadAction\",\"target\":[\"https:\\\/\\\/marcelolopes.jor.br\\\/site\\\/2019\\\/09\\\/28\\\/carro-cai-em-corrego-no-centro-de-leopoldina\\\/\"]}]},{\"@type\":\"ImageObject\",\"inLanguage\":\"pt-BR\",\"@id\":\"https:\\\/\\\/marcelolopes.jor.br\\\/site\\\/2019\\\/09\\\/28\\\/carro-cai-em-corrego-no-centro-de-leopoldina\\\/#primaryimage\",\"url\":\"https:\\\/\\\/marcelolopes.jor.br\\\/site\\\/wp-content\\\/uploads\\\/2019\\\/09\\\/d68e110edf314bca83cfd5197301302b.jpg\",\"contentUrl\":\"https:\\\/\\\/marcelolopes.jor.br\\\/site\\\/wp-content\\\/uploads\\\/2019\\\/09\\\/d68e110edf314bca83cfd5197301302b.jpg\",\"width\":894,\"height\":565},{\"@type\":\"BreadcrumbList\",\"@id\":\"https:\\\/\\\/marcelolopes.jor.br\\\/site\\\/2019\\\/09\\\/28\\\/carro-cai-em-corrego-no-centro-de-leopoldina\\\/#breadcrumb\",\"itemListElement\":[{\"@type\":\"ListItem\",\"position\":1,\"name\":\"Home\",\"item\":\"https:\\\/\\\/marcelolopes.jor.br\\\/site\\\/\"},{\"@type\":\"ListItem\",\"position\":2,\"name\":\"Carro cai em c\u00f3rrego no Centro de Leopoldina\"}]},{\"@type\":\"WebSite\",\"@id\":\"https:\\\/\\\/marcelolopes.jor.br\\\/site\\\/#website\",\"url\":\"https:\\\/\\\/marcelolopes.jor.br\\\/site\\\/\",\"name\":\"Marcelo Lopes\",\"description\":\"Not\u00edcias de Cataguases e Regi\u00e3o\",\"publisher\":{\"@id\":\"https:\\\/\\\/marcelolopes.jor.br\\\/site\\\/#organization\"},\"potentialAction\":[{\"@type\":\"SearchAction\",\"target\":{\"@type\":\"EntryPoint\",\"urlTemplate\":\"https:\\\/\\\/marcelolopes.jor.br\\\/site\\\/?s={search_term_string}\"},\"query-input\":{\"@type\":\"PropertyValueSpecification\",\"valueRequired\":true,\"valueName\":\"search_term_string\"}}],\"inLanguage\":\"pt-BR\"},{\"@type\":\"Organization\",\"@id\":\"https:\\\/\\\/marcelolopes.jor.br\\\/site\\\/#organization\",\"name\":\"Site do Marcelo Lopes\",\"url\":\"https:\\\/\\\/marcelolopes.jor.br\\\/site\\\/\",\"logo\":{\"@type\":\"ImageObject\",\"inLanguage\":\"pt-BR\",\"@id\":\"https:\\\/\\\/marcelolopes.jor.br\\\/site\\\/#\\\/schema\\\/logo\\\/image\\\/\",\"url\":\"https:\\\/\\\/marcelolopes.jor.br\\\/site\\\/wp-content\\\/uploads\\\/2026\\\/07\\\/cropped-logo2026.png\",\"contentUrl\":\"https:\\\/\\\/marcelolopes.jor.br\\\/site\\\/wp-content\\\/uploads\\\/2026\\\/07\\\/cropped-logo2026.png\",\"width\":328,\"height\":96,\"caption\":\"Site do Marcelo Lopes\"},\"image\":{\"@id\":\"https:\\\/\\\/marcelolopes.jor.br\\\/site\\\/#\\\/schema\\\/logo\\\/image\\\/\"},\"sameAs\":[\"https:\\\/\\\/www.facebook.com\\\/sitedomarcelolopes\",\"https:\\\/\\\/www.instagram.com\\\/sitedomarcelolopes\\\/\",\"https:\\\/\\\/www.linkedin.com\\\/company\\\/site-do-marcelo-lopes\\\/\",\"https:\\\/\\\/www.youtube.com\\\/user\\\/marcelolopes957\"]},{\"@type\":\"Person\",\"@id\":\"https:\\\/\\\/marcelolopes.jor.br\\\/site\\\/#\\\/schema\\\/person\\\/3e7216a35c34d8fdf952b31da3d1f89f\",\"name\":\"Marcelo Lopes\",\"sameAs\":[\"http:\\\/\\\/www.marcelolopes.jor.br\"],\"url\":\"https:\\\/\\\/marcelolopes.jor.br\\\/site\\\/author\\\/marcelo\\\/\"}]}<\/script>\n<!-- \/ Yoast SEO plugin. -->","yoast_head_json":{"title":"Carro cai em c\u00f3rrego no Centro de Leopoldina | Marcelo Lopes","robots":{"index":"index","follow":"follow","max-snippet":"max-snippet:-1","max-image-preview":"max-image-preview:large","max-video-preview":"max-video-preview:-1"},"canonical":"https:\/\/marcelolopes.jor.br\/site\/2019\/09\/28\/carro-cai-em-corrego-no-centro-de-leopoldina\/","og_locale":"pt_BR","og_type":"article","og_title":"Carro cai em c\u00f3rrego no Centro de Leopoldina | Marcelo Lopes","og_description":"Um acidente envolvendo o ve\u00edculo Fiat Uno, com placas de Leopoldina, aconteceu por volta das 6 horas deste s\u00e1bado, 28 de setembro, na regi\u00e3o central de Leopoldina. Segundo as informa\u00e7\u00f5es obtidas junto \u00e0 Pol\u00edcia Militar, o motorista perdeu o controleLeia mais Carro cai em c\u00f3rrego no Centro de Leopoldina","og_url":"https:\/\/marcelolopes.jor.br\/site\/2019\/09\/28\/carro-cai-em-corrego-no-centro-de-leopoldina\/","og_site_name":"Marcelo Lopes","article_publisher":"https:\/\/www.facebook.com\/sitedomarcelolopes","article_published_time":"2019-09-28T18:30:51+00:00","article_modified_time":"2019-09-28T18:48:15+00:00","og_image":[{"width":894,"height":565,"url":"https:\/\/marcelolopes.jor.br\/site\/wp-content\/uploads\/2019\/09\/d68e110edf314bca83cfd5197301302b.jpg","type":"image\/jpeg"}],"author":"Marcelo Lopes","twitter_card":"summary_large_image","twitter_misc":{"Escrito por":"Marcelo Lopes","Est. tempo de leitura":"1 minuto"},"schema":{"@context":"https:\/\/schema.org","@graph":[{"@type":"NewsArticle","@id":"https:\/\/marcelolopes.jor.br\/site\/2019\/09\/28\/carro-cai-em-corrego-no-centro-de-leopoldina\/#article","isPartOf":{"@id":"https:\/\/marcelolopes.jor.br\/site\/2019\/09\/28\/carro-cai-em-corrego-no-centro-de-leopoldina\/"},"author":{"name":"Marcelo Lopes","@id":"https:\/\/marcelolopes.jor.br\/site\/#\/schema\/person\/3e7216a35c34d8fdf952b31da3d1f89f"},"headline":"Carro cai em c\u00f3rrego no Centro de Leopoldina","datePublished":"2019-09-28T18:30:51+00:00","dateModified":"2019-09-28T18:48:15+00:00","mainEntityOfPage":{"@id":"https:\/\/marcelolopes.jor.br\/site\/2019\/09\/28\/carro-cai-em-corrego-no-centro-de-leopoldina\/"},"wordCount":173,"commentCount":0,"publisher":{"@id":"https:\/\/marcelolopes.jor.br\/site\/#organization"},"image":{"@id":"https:\/\/marcelolopes.jor.br\/site\/2019\/09\/28\/carro-cai-em-corrego-no-centro-de-leopoldina\/#primaryimage"},"thumbnailUrl":"https:\/\/marcelolopes.jor.br\/site\/wp-content\/uploads\/2019\/09\/d68e110edf314bca83cfd5197301302b.jpg","keywords":["c\u00f3rrego","feij\u00e3o cr\u00fa","Leopoldina","rio"],"articleSection":["Not\u00edcias"],"inLanguage":"pt-BR","potentialAction":[{"@type":"CommentAction","name":"Comment","target":["https:\/\/marcelolopes.jor.br\/site\/2019\/09\/28\/carro-cai-em-corrego-no-centro-de-leopoldina\/#respond"]}]},{"@type":"WebPage","@id":"https:\/\/marcelolopes.jor.br\/site\/2019\/09\/28\/carro-cai-em-corrego-no-centro-de-leopoldina\/","url":"https:\/\/marcelolopes.jor.br\/site\/2019\/09\/28\/carro-cai-em-corrego-no-centro-de-leopoldina\/","name":"Carro cai em c\u00f3rrego no Centro de Leopoldina | Marcelo Lopes","isPartOf":{"@id":"https:\/\/marcelolopes.jor.br\/site\/#website"},"primaryImageOfPage":{"@id":"https:\/\/marcelolopes.jor.br\/site\/2019\/09\/28\/carro-cai-em-corrego-no-centro-de-leopoldina\/#primaryimage"},"image":{"@id":"https:\/\/marcelolopes.jor.br\/site\/2019\/09\/28\/carro-cai-em-corrego-no-centro-de-leopoldina\/#primaryimage"},"thumbnailUrl":"https:\/\/marcelolopes.jor.br\/site\/wp-content\/uploads\/2019\/09\/d68e110edf314bca83cfd5197301302b.jpg","datePublished":"2019-09-28T18:30:51+00:00","dateModified":"2019-09-28T18:48:15+00:00","breadcrumb":{"@id":"https:\/\/marcelolopes.jor.br\/site\/2019\/09\/28\/carro-cai-em-corrego-no-centro-de-leopoldina\/#breadcrumb"},"inLanguage":"pt-BR","potentialAction":[{"@type":"ReadAction","target":["https:\/\/marcelolopes.jor.br\/site\/2019\/09\/28\/carro-cai-em-corrego-no-centro-de-leopoldina\/"]}]},{"@type":"ImageObject","inLanguage":"pt-BR","@id":"https:\/\/marcelolopes.jor.br\/site\/2019\/09\/28\/carro-cai-em-corrego-no-centro-de-leopoldina\/#primaryimage","url":"https:\/\/marcelolopes.jor.br\/site\/wp-content\/uploads\/2019\/09\/d68e110edf314bca83cfd5197301302b.jpg","contentUrl":"https:\/\/marcelolopes.jor.br\/site\/wp-content\/uploads\/2019\/09\/d68e110edf314bca83cfd5197301302b.jpg","width":894,"height":565},{"@type":"BreadcrumbList","@id":"https:\/\/marcelolopes.jor.br\/site\/2019\/09\/28\/carro-cai-em-corrego-no-centro-de-leopoldina\/#breadcrumb","itemListElement":[{"@type":"ListItem","position":1,"name":"Home","item":"https:\/\/marcelolopes.jor.br\/site\/"},{"@type":"ListItem","position":2,"name":"Carro cai em c\u00f3rrego no Centro de Leopoldina"}]},{"@type":"WebSite","@id":"https:\/\/marcelolopes.jor.br\/site\/#website","url":"https:\/\/marcelolopes.jor.br\/site\/","name":"Marcelo Lopes","description":"Not\u00edcias de Cataguases e Regi\u00e3o","publisher":{"@id":"https:\/\/marcelolopes.jor.br\/site\/#organization"},"potentialAction":[{"@type":"SearchAction","target":{"@type":"EntryPoint","urlTemplate":"https:\/\/marcelolopes.jor.br\/site\/?s={search_term_string}"},"query-input":{"@type":"PropertyValueSpecification","valueRequired":true,"valueName":"search_term_string"}}],"inLanguage":"pt-BR"},{"@type":"Organization","@id":"https:\/\/marcelolopes.jor.br\/site\/#organization","name":"Site do Marcelo Lopes","url":"https:\/\/marcelolopes.jor.br\/site\/","logo":{"@type":"ImageObject","inLanguage":"pt-BR","@id":"https:\/\/marcelolopes.jor.br\/site\/#\/schema\/logo\/image\/","url":"https:\/\/marcelolopes.jor.br\/site\/wp-content\/uploads\/2026\/07\/cropped-logo2026.png","contentUrl":"https:\/\/marcelolopes.jor.br\/site\/wp-content\/uploads\/2026\/07\/cropped-logo2026.png","width":328,"height":96,"caption":"Site do Marcelo Lopes"},"image":{"@id":"https:\/\/marcelolopes.jor.br\/site\/#\/schema\/logo\/image\/"},"sameAs":["https:\/\/www.facebook.com\/sitedomarcelolopes","https:\/\/www.instagram.com\/sitedomarcelolopes\/","https:\/\/www.linkedin.com\/company\/site-do-marcelo-lopes\/","https:\/\/www.youtube.com\/user\/marcelolopes957"]},{"@type":"Person","@id":"https:\/\/marcelolopes.jor.br\/site\/#\/schema\/person\/3e7216a35c34d8fdf952b31da3d1f89f","name":"Marcelo Lopes","sameAs":["http:\/\/www.marcelolopes.jor.br"],"url":"https:\/\/marcelolopes.jor.br\/site\/author\/marcelo\/"}]}},"wps_subtitle":"Samu e Pol\u00edcia Militar foram acionados. Acidente aconteceu no in\u00edcio da manh\u00e3 deste s\u00e1bado (28).","_links":{"self":[{"href":"https:\/\/marcelolopes.jor.br\/site\/wp-json\/wp\/v2\/posts\/6388","targetHints":{"allow":["GET"]}}],"collection":[{"href":"https:\/\/marcelolopes.jor.br\/site\/wp-json\/wp\/v2\/posts"}],"about":[{"href":"https:\/\/marcelolopes.jor.br\/site\/wp-json\/wp\/v2\/types\/post"}],"author":[{"embeddable":true,"href":"https:\/\/marcelolopes.jor.br\/site\/wp-json\/wp\/v2\/users\/2"}],"replies":[{"embeddable":true,"href":"https:\/\/marcelolopes.jor.br\/site\/wp-json\/wp\/v2\/comments?post=6388"}],"version-history":[{"count":0,"href":"https:\/\/marcelolopes.jor.br\/site\/wp-json\/wp\/v2\/posts\/6388\/revisions"}],"wp:featuredmedia":[{"embeddable":true,"href":"https:\/\/marcelolopes.jor.br\/site\/wp-json\/wp\/v2\/media\/6389"}],"wp:attachment":[{"href":"https:\/\/marcelolopes.jor.br\/site\/wp-json\/wp\/v2\/media?parent=6388"}],"wp:term":[{"taxonomy":"category","embeddable":true,"href":"https:\/\/marcelolopes.jor.br\/site\/wp-json\/wp\/v2\/categories?post=6388"},{"taxonomy":"post_tag","embeddable":true,"href":"https:\/\/marcelolopes.jor.br\/site\/wp-json\/wp\/v2\/tags?post=6388"}],"curies":[{"name":"wp","href":"https:\/\/api.w.org\/{rel}","templated":true}]}}