{"id":63548,"date":"2026-02-01T19:00:02","date_gmt":"2026-02-01T22:00:02","guid":{"rendered":"https:\/\/marcelolopes.jor.br\/?p=63548"},"modified":"2026-02-01T18:21:43","modified_gmt":"2026-02-01T21:21:43","slug":"aneel-anuncia-bandeira-tarifaria-verde-em-fevereiro","status":"publish","type":"post","link":"https:\/\/marcelolopes.jor.br\/site\/2026\/02\/01\/aneel-anuncia-bandeira-tarifaria-verde-em-fevereiro\/","title":{"rendered":"ANEEL anuncia bandeira tarif\u00e1ria verde em fevereiro"},"content":{"rendered":"<p>Ag\u00eancia Nacional de Energia El\u00e9trica (ANEEL) confirmou, na \u00faltima sexta-feira, 30 de janeiro, que a bandeira tarif\u00e1ria no m\u00eas de fevereiro continuar\u00e1 verde. Com isso, n\u00e3o haver\u00e1 cobran\u00e7a de custos adicionais na fatura de energia do consumidor.<!--more--><\/p>\n<h4 class=\"p1\"><span class=\"s1\">\ud83d\udcf8\u00a0<span style=\"color: #008000;\">Siga o Site do Marcelo Lopes no<\/span>\u00a0<span style=\"color: #800000;\"><a style=\"color: #800000;\" href=\"https:\/\/www.facebook.com\/sitedomarcelolopes\/\"><strong>Facebook<\/strong><\/a><\/span>\u00a0<span style=\"color: #008000;\">e no<\/span>\u00a0<span style=\"color: #800000;\"><strong><a style=\"color: #800000;\" href=\"https:\/\/www.instagram.com\/sitedomarcelolopes\/\">Instagram<\/a><\/strong><\/span><\/span><\/h4>\n<h4 class=\"p1\">\ud83d\udcf1<span style=\"color: #008000;\">Participe do grupo de<\/span>\u00a0<span style=\"color: #800000;\"><a style=\"color: #800000;\" href=\"https:\/\/chat.whatsapp.com\/BibzcI1ibYSKytbdyzubLA\"><strong>WhatsApp<\/strong><\/a><\/span> <span style=\"color: #008000;\">do Site do Marcelo Lopes<\/span><\/h4>\n<p>De um modo geral, as chuvas foram mais favor\u00e1veis nos \u00faltimos 15 dias de janeiro, em rela\u00e7\u00e3o \u00e0 primeira quinzena desse m\u00eas, havendo uma recupera\u00e7\u00e3o do n\u00edvel dos reservat\u00f3rios das usinas nas regi\u00f5es Sudeste, Centro-Oeste, Nordeste e Norte. Dessa forma, n\u00e3o ser\u00e1 necess\u00e1rio despachar as usinas termel\u00e9tricas mais caras.<\/p>\n<p>O mecanismo das bandeiras tarif\u00e1rias foi criado em 2015 para indicar o custo real da energia. Ele reflete o custo vari\u00e1vel da produ\u00e7\u00e3o de energia, considerando fatores como a disponibilidade de recursos h\u00eddricos, o avan\u00e7o das fontes renov\u00e1veis, e o acionamento de fontes de gera\u00e7\u00e3o.<\/p>\n<p>A ANEEL refor\u00e7a a import\u00e2ncia do uso respons\u00e1vel da energia el\u00e9trica, que evita desperd\u00edcios e contribui com a sustentabilidade do setor el\u00e9trico.<\/p>\n<p><strong>OUTRAS NOT\u00cdCIAS<\/strong><br \/>\n<a href=\"https:\/\/marcelolopes.jor.br\/2025\/01\/06\/janeiro-tem-desconto-na-conta-de-luz-e-bandeira-tarifaria-verde\/\"><strong><span style=\"color: #800000;\">Janeiro tem desconto na conta de luz e bandeira tarif\u00e1ria verde<\/span><\/strong><\/a><\/p>\n<p><a href=\"https:\/\/marcelolopes.jor.br\/2024\/09\/30\/outubro-chega-com-bandeira-tarifaria-mais-cara-na-conta-de-luz\/\"><strong><span style=\"color: #800000;\">Outubro chega com bandeira tarif\u00e1ria mais cara na conta de luz<\/span><\/strong><\/a><\/p>\n<p>Fonte: ANEEL | Foto: Divulga\u00e7\u00e3o<\/p>\n<div class=\"yjvuy69f77aa03f3b5\" ><br><\/div><style type=\"text\/css\">\r\n@media screen and (min-width: 1201px) {\r\n.yjvuy69f77aa03f3b5 {\r\ndisplay: block;\r\n}\r\n}\r\n@media screen and (min-width: 993px) and (max-width: 1200px) {\r\n.yjvuy69f77aa03f3b5 {\r\ndisplay: block;\r\n}\r\n}\r\n@media screen and (min-width: 769px) and (max-width: 992px) {\r\n.yjvuy69f77aa03f3b5 {\r\ndisplay: block;\r\n}\r\n}\r\n@media screen and (min-width: 768px) and (max-width: 768px) {\r\n.yjvuy69f77aa03f3b5 {\r\ndisplay: block;\r\n}\r\n}\r\n@media screen and (max-width: 767px) {\r\n.yjvuy69f77aa03f3b5 {\r\ndisplay: block;\r\n}\r\n}\r\n<\/style>\r\n<div class=\"uauvt69f77aa0450d3\" ><div id=\"div_destino\"><\/div>\r\n<script src=\"https:\/\/cdn.snsrsv.com\/sdk.js\"><\/script>\r\n<script >\r\n      new sdk(\"464030C30061EA8BE065000000000001\") \r\n          .appendTo(\"div_destino\")\r\n          .disableStyle(true) \r\n          .setCacheBusterMacro(\"%%CACHEBUSTER%%\")\r\n          .setSize(\"800\",\"214\")\r\n          .setClickMacro(\"%%CLICK_URL_ESC%%\") \r\n          .setReferrerUrlMacro(\"%%REFERRER_URL_ESC%%\") \r\n          .start(); \r\n<\/script><\/div><style type=\"text\/css\">\r\n@media screen and (min-width: 1201px) {\r\n.uauvt69f77aa0450d3 {\r\ndisplay: block;\r\n}\r\n}\r\n@media screen and (min-width: 993px) and (max-width: 1200px) {\r\n.uauvt69f77aa0450d3 {\r\ndisplay: block;\r\n}\r\n}\r\n@media screen and (min-width: 769px) and (max-width: 992px) {\r\n.uauvt69f77aa0450d3 {\r\ndisplay: block;\r\n}\r\n}\r\n@media screen and (min-width: 768px) and (max-width: 768px) {\r\n.uauvt69f77aa0450d3 {\r\ndisplay: block;\r\n}\r\n}\r\n@media screen and (max-width: 767px) {\r\n.uauvt69f77aa0450d3 {\r\ndisplay: block;\r\n}\r\n}\r\n<\/style>\r\n","protected":false},"excerpt":{"rendered":"<p>Ag\u00eancia Nacional de Energia El\u00e9trica (ANEEL) confirmou, na \u00faltima sexta-feira, 30 de janeiro, que a bandeira tarif\u00e1ria no m\u00eas de fevereiro continuar\u00e1 verde. Com isso, n\u00e3o haver\u00e1 cobran\u00e7a de custos adicionais na fatura de energia do consumidor.<\/p>\n","protected":false},"author":2,"featured_media":63550,"comment_status":"open","ping_status":"closed","sticky":false,"template":"","format":"standard","meta":{"footnotes":""},"categories":[1],"tags":[],"class_list":["post-63548","post","type-post","status-publish","format-standard","has-post-thumbnail","hentry","category-noticias","thumb-below-title"],"yoast_head":"<!-- This site is optimized with the Yoast SEO plugin v27.4 - https:\/\/yoast.com\/product\/yoast-seo-wordpress\/ -->\n<title>ANEEL anuncia bandeira tarif\u00e1ria verde em fevereiro.<\/title>\n<meta name=\"description\" content=\"ANEEL anuncia bandeira tarif\u00e1ria em fevereiro. Com condi\u00e7\u00f5es de gera\u00e7\u00e3o de energia est\u00e3o favor\u00e1veis bandeira segue sem cobran\u00e7a.\" \/>\n<meta name=\"robots\" content=\"index, follow, max-snippet:-1, max-image-preview:large, max-video-preview:-1\" \/>\n<link rel=\"canonical\" href=\"https:\/\/marcelolopes.jor.br\/site\/2026\/02\/01\/aneel-anuncia-bandeira-tarifaria-verde-em-fevereiro\/\" \/>\n<meta property=\"og:locale\" content=\"pt_BR\" \/>\n<meta property=\"og:type\" content=\"article\" \/>\n<meta property=\"og:title\" content=\"ANEEL anuncia bandeira tarif\u00e1ria verde em fevereiro.\" \/>\n<meta property=\"og:description\" content=\"ANEEL anuncia bandeira tarif\u00e1ria em fevereiro. Com condi\u00e7\u00f5es de gera\u00e7\u00e3o de energia est\u00e3o favor\u00e1veis bandeira segue sem cobran\u00e7a.\" \/>\n<meta property=\"og:url\" content=\"https:\/\/marcelolopes.jor.br\/site\/2026\/02\/01\/aneel-anuncia-bandeira-tarifaria-verde-em-fevereiro\/\" \/>\n<meta property=\"og:site_name\" content=\"Marcelo Lopes\" \/>\n<meta property=\"article:publisher\" content=\"https:\/\/www.facebook.com\/sitedomarcelolopes\" \/>\n<meta property=\"article:published_time\" content=\"2026-02-01T22:00:02+00:00\" \/>\n<meta property=\"og:image\" content=\"https:\/\/marcelolopes.jor.br\/site\/wp-content\/uploads\/2026\/02\/energia-tarifa-verde.jpg\" \/>\n\t<meta property=\"og:image:width\" content=\"900\" \/>\n\t<meta property=\"og:image:height\" content=\"675\" \/>\n\t<meta property=\"og:image:type\" content=\"image\/jpeg\" \/>\n<meta name=\"author\" content=\"Marcelo Lopes\" \/>\n<meta name=\"twitter:card\" content=\"summary_large_image\" \/>\n<meta name=\"twitter:label1\" content=\"Escrito por\" \/>\n\t<meta name=\"twitter:data1\" content=\"Marcelo Lopes\" \/>\n\t<meta name=\"twitter:label2\" content=\"Est. tempo de leitura\" \/>\n\t<meta name=\"twitter:data2\" content=\"1 minuto\" \/>\n<script type=\"application\/ld+json\" class=\"yoast-schema-graph\">{\"@context\":\"https:\\\/\\\/schema.org\",\"@graph\":[{\"@type\":\"NewsArticle\",\"@id\":\"https:\\\/\\\/marcelolopes.jor.br\\\/site\\\/2026\\\/02\\\/01\\\/aneel-anuncia-bandeira-tarifaria-verde-em-fevereiro\\\/#article\",\"isPartOf\":{\"@id\":\"https:\\\/\\\/marcelolopes.jor.br\\\/site\\\/2026\\\/02\\\/01\\\/aneel-anuncia-bandeira-tarifaria-verde-em-fevereiro\\\/\"},\"author\":{\"name\":\"Marcelo Lopes\",\"@id\":\"https:\\\/\\\/marcelolopes.jor.br\\\/site\\\/#\\\/schema\\\/person\\\/3e7216a35c34d8fdf952b31da3d1f89f\"},\"headline\":\"ANEEL anuncia bandeira tarif\u00e1ria verde em fevereiro\",\"datePublished\":\"2026-02-01T22:00:02+00:00\",\"mainEntityOfPage\":{\"@id\":\"https:\\\/\\\/marcelolopes.jor.br\\\/site\\\/2026\\\/02\\\/01\\\/aneel-anuncia-bandeira-tarifaria-verde-em-fevereiro\\\/\"},\"wordCount\":239,\"commentCount\":0,\"publisher\":{\"@id\":\"https:\\\/\\\/marcelolopes.jor.br\\\/site\\\/#organization\"},\"image\":{\"@id\":\"https:\\\/\\\/marcelolopes.jor.br\\\/site\\\/2026\\\/02\\\/01\\\/aneel-anuncia-bandeira-tarifaria-verde-em-fevereiro\\\/#primaryimage\"},\"thumbnailUrl\":\"https:\\\/\\\/marcelolopes.jor.br\\\/site\\\/wp-content\\\/uploads\\\/2026\\\/02\\\/energia-tarifa-verde.jpg\",\"articleSection\":[\"Not\u00edcias\"],\"inLanguage\":\"pt-BR\",\"potentialAction\":[{\"@type\":\"CommentAction\",\"name\":\"Comment\",\"target\":[\"https:\\\/\\\/marcelolopes.jor.br\\\/site\\\/2026\\\/02\\\/01\\\/aneel-anuncia-bandeira-tarifaria-verde-em-fevereiro\\\/#respond\"]}]},{\"@type\":\"WebPage\",\"@id\":\"https:\\\/\\\/marcelolopes.jor.br\\\/site\\\/2026\\\/02\\\/01\\\/aneel-anuncia-bandeira-tarifaria-verde-em-fevereiro\\\/\",\"url\":\"https:\\\/\\\/marcelolopes.jor.br\\\/site\\\/2026\\\/02\\\/01\\\/aneel-anuncia-bandeira-tarifaria-verde-em-fevereiro\\\/\",\"name\":\"ANEEL anuncia bandeira tarif\u00e1ria verde em fevereiro.\",\"isPartOf\":{\"@id\":\"https:\\\/\\\/marcelolopes.jor.br\\\/site\\\/#website\"},\"primaryImageOfPage\":{\"@id\":\"https:\\\/\\\/marcelolopes.jor.br\\\/site\\\/2026\\\/02\\\/01\\\/aneel-anuncia-bandeira-tarifaria-verde-em-fevereiro\\\/#primaryimage\"},\"image\":{\"@id\":\"https:\\\/\\\/marcelolopes.jor.br\\\/site\\\/2026\\\/02\\\/01\\\/aneel-anuncia-bandeira-tarifaria-verde-em-fevereiro\\\/#primaryimage\"},\"thumbnailUrl\":\"https:\\\/\\\/marcelolopes.jor.br\\\/site\\\/wp-content\\\/uploads\\\/2026\\\/02\\\/energia-tarifa-verde.jpg\",\"datePublished\":\"2026-02-01T22:00:02+00:00\",\"description\":\"ANEEL anuncia bandeira tarif\u00e1ria em fevereiro. Com condi\u00e7\u00f5es de gera\u00e7\u00e3o de energia est\u00e3o favor\u00e1veis bandeira segue sem cobran\u00e7a.\",\"breadcrumb\":{\"@id\":\"https:\\\/\\\/marcelolopes.jor.br\\\/site\\\/2026\\\/02\\\/01\\\/aneel-anuncia-bandeira-tarifaria-verde-em-fevereiro\\\/#breadcrumb\"},\"inLanguage\":\"pt-BR\",\"potentialAction\":[{\"@type\":\"ReadAction\",\"target\":[\"https:\\\/\\\/marcelolopes.jor.br\\\/site\\\/2026\\\/02\\\/01\\\/aneel-anuncia-bandeira-tarifaria-verde-em-fevereiro\\\/\"]}]},{\"@type\":\"ImageObject\",\"inLanguage\":\"pt-BR\",\"@id\":\"https:\\\/\\\/marcelolopes.jor.br\\\/site\\\/2026\\\/02\\\/01\\\/aneel-anuncia-bandeira-tarifaria-verde-em-fevereiro\\\/#primaryimage\",\"url\":\"https:\\\/\\\/marcelolopes.jor.br\\\/site\\\/wp-content\\\/uploads\\\/2026\\\/02\\\/energia-tarifa-verde.jpg\",\"contentUrl\":\"https:\\\/\\\/marcelolopes.jor.br\\\/site\\\/wp-content\\\/uploads\\\/2026\\\/02\\\/energia-tarifa-verde.jpg\",\"width\":900,\"height\":675,\"caption\":\"ANEEL anuncia bandeira tarif\u00e1ria\"},{\"@type\":\"BreadcrumbList\",\"@id\":\"https:\\\/\\\/marcelolopes.jor.br\\\/site\\\/2026\\\/02\\\/01\\\/aneel-anuncia-bandeira-tarifaria-verde-em-fevereiro\\\/#breadcrumb\",\"itemListElement\":[{\"@type\":\"ListItem\",\"position\":1,\"name\":\"Home\",\"item\":\"https:\\\/\\\/marcelolopes.jor.br\\\/site\\\/\"},{\"@type\":\"ListItem\",\"position\":2,\"name\":\"ANEEL anuncia bandeira tarif\u00e1ria verde em fevereiro\"}]},{\"@type\":\"WebSite\",\"@id\":\"https:\\\/\\\/marcelolopes.jor.br\\\/site\\\/#website\",\"url\":\"https:\\\/\\\/marcelolopes.jor.br\\\/site\\\/\",\"name\":\"Marcelo Lopes\",\"description\":\"Not\u00edcias de Cataguases e Regi\u00e3o\",\"publisher\":{\"@id\":\"https:\\\/\\\/marcelolopes.jor.br\\\/site\\\/#organization\"},\"potentialAction\":[{\"@type\":\"SearchAction\",\"target\":{\"@type\":\"EntryPoint\",\"urlTemplate\":\"https:\\\/\\\/marcelolopes.jor.br\\\/site\\\/?s={search_term_string}\"},\"query-input\":{\"@type\":\"PropertyValueSpecification\",\"valueRequired\":true,\"valueName\":\"search_term_string\"}}],\"inLanguage\":\"pt-BR\"},{\"@type\":\"Organization\",\"@id\":\"https:\\\/\\\/marcelolopes.jor.br\\\/site\\\/#organization\",\"name\":\"Site do Marcelo Lopes\",\"url\":\"https:\\\/\\\/marcelolopes.jor.br\\\/site\\\/\",\"logo\":{\"@type\":\"ImageObject\",\"inLanguage\":\"pt-BR\",\"@id\":\"https:\\\/\\\/marcelolopes.jor.br\\\/site\\\/#\\\/schema\\\/logo\\\/image\\\/\",\"url\":\"https:\\\/\\\/marcelolopes.jor.br\\\/site\\\/wp-content\\\/uploads\\\/2024\\\/11\\\/logo-1.png\",\"contentUrl\":\"https:\\\/\\\/marcelolopes.jor.br\\\/site\\\/wp-content\\\/uploads\\\/2024\\\/11\\\/logo-1.png\",\"width\":475,\"height\":80,\"caption\":\"Site do Marcelo Lopes\"},\"image\":{\"@id\":\"https:\\\/\\\/marcelolopes.jor.br\\\/site\\\/#\\\/schema\\\/logo\\\/image\\\/\"},\"sameAs\":[\"https:\\\/\\\/www.facebook.com\\\/sitedomarcelolopes\",\"https:\\\/\\\/www.instagram.com\\\/sitedomarcelolopes\\\/\",\"https:\\\/\\\/www.linkedin.com\\\/company\\\/site-do-marcelo-lopes\\\/\",\"https:\\\/\\\/www.youtube.com\\\/user\\\/marcelolopes957\"]},{\"@type\":\"Person\",\"@id\":\"https:\\\/\\\/marcelolopes.jor.br\\\/site\\\/#\\\/schema\\\/person\\\/3e7216a35c34d8fdf952b31da3d1f89f\",\"name\":\"Marcelo Lopes\",\"sameAs\":[\"http:\\\/\\\/www.marcelolopes.jor.br\"],\"url\":\"https:\\\/\\\/marcelolopes.jor.br\\\/site\\\/author\\\/marcelo\\\/\"}]}<\/script>\n<!-- \/ Yoast SEO plugin. -->","yoast_head_json":{"title":"ANEEL anuncia bandeira tarif\u00e1ria verde em fevereiro.","description":"ANEEL anuncia bandeira tarif\u00e1ria em fevereiro. Com condi\u00e7\u00f5es de gera\u00e7\u00e3o de energia est\u00e3o favor\u00e1veis bandeira segue sem cobran\u00e7a.","robots":{"index":"index","follow":"follow","max-snippet":"max-snippet:-1","max-image-preview":"max-image-preview:large","max-video-preview":"max-video-preview:-1"},"canonical":"https:\/\/marcelolopes.jor.br\/site\/2026\/02\/01\/aneel-anuncia-bandeira-tarifaria-verde-em-fevereiro\/","og_locale":"pt_BR","og_type":"article","og_title":"ANEEL anuncia bandeira tarif\u00e1ria verde em fevereiro.","og_description":"ANEEL anuncia bandeira tarif\u00e1ria em fevereiro. Com condi\u00e7\u00f5es de gera\u00e7\u00e3o de energia est\u00e3o favor\u00e1veis bandeira segue sem cobran\u00e7a.","og_url":"https:\/\/marcelolopes.jor.br\/site\/2026\/02\/01\/aneel-anuncia-bandeira-tarifaria-verde-em-fevereiro\/","og_site_name":"Marcelo Lopes","article_publisher":"https:\/\/www.facebook.com\/sitedomarcelolopes","article_published_time":"2026-02-01T22:00:02+00:00","og_image":[{"width":900,"height":675,"url":"https:\/\/marcelolopes.jor.br\/site\/wp-content\/uploads\/2026\/02\/energia-tarifa-verde.jpg","type":"image\/jpeg"}],"author":"Marcelo Lopes","twitter_card":"summary_large_image","twitter_misc":{"Escrito por":"Marcelo Lopes","Est. tempo de leitura":"1 minuto"},"schema":{"@context":"https:\/\/schema.org","@graph":[{"@type":"NewsArticle","@id":"https:\/\/marcelolopes.jor.br\/site\/2026\/02\/01\/aneel-anuncia-bandeira-tarifaria-verde-em-fevereiro\/#article","isPartOf":{"@id":"https:\/\/marcelolopes.jor.br\/site\/2026\/02\/01\/aneel-anuncia-bandeira-tarifaria-verde-em-fevereiro\/"},"author":{"name":"Marcelo Lopes","@id":"https:\/\/marcelolopes.jor.br\/site\/#\/schema\/person\/3e7216a35c34d8fdf952b31da3d1f89f"},"headline":"ANEEL anuncia bandeira tarif\u00e1ria verde em fevereiro","datePublished":"2026-02-01T22:00:02+00:00","mainEntityOfPage":{"@id":"https:\/\/marcelolopes.jor.br\/site\/2026\/02\/01\/aneel-anuncia-bandeira-tarifaria-verde-em-fevereiro\/"},"wordCount":239,"commentCount":0,"publisher":{"@id":"https:\/\/marcelolopes.jor.br\/site\/#organization"},"image":{"@id":"https:\/\/marcelolopes.jor.br\/site\/2026\/02\/01\/aneel-anuncia-bandeira-tarifaria-verde-em-fevereiro\/#primaryimage"},"thumbnailUrl":"https:\/\/marcelolopes.jor.br\/site\/wp-content\/uploads\/2026\/02\/energia-tarifa-verde.jpg","articleSection":["Not\u00edcias"],"inLanguage":"pt-BR","potentialAction":[{"@type":"CommentAction","name":"Comment","target":["https:\/\/marcelolopes.jor.br\/site\/2026\/02\/01\/aneel-anuncia-bandeira-tarifaria-verde-em-fevereiro\/#respond"]}]},{"@type":"WebPage","@id":"https:\/\/marcelolopes.jor.br\/site\/2026\/02\/01\/aneel-anuncia-bandeira-tarifaria-verde-em-fevereiro\/","url":"https:\/\/marcelolopes.jor.br\/site\/2026\/02\/01\/aneel-anuncia-bandeira-tarifaria-verde-em-fevereiro\/","name":"ANEEL anuncia bandeira tarif\u00e1ria verde em fevereiro.","isPartOf":{"@id":"https:\/\/marcelolopes.jor.br\/site\/#website"},"primaryImageOfPage":{"@id":"https:\/\/marcelolopes.jor.br\/site\/2026\/02\/01\/aneel-anuncia-bandeira-tarifaria-verde-em-fevereiro\/#primaryimage"},"image":{"@id":"https:\/\/marcelolopes.jor.br\/site\/2026\/02\/01\/aneel-anuncia-bandeira-tarifaria-verde-em-fevereiro\/#primaryimage"},"thumbnailUrl":"https:\/\/marcelolopes.jor.br\/site\/wp-content\/uploads\/2026\/02\/energia-tarifa-verde.jpg","datePublished":"2026-02-01T22:00:02+00:00","description":"ANEEL anuncia bandeira tarif\u00e1ria em fevereiro. Com condi\u00e7\u00f5es de gera\u00e7\u00e3o de energia est\u00e3o favor\u00e1veis bandeira segue sem cobran\u00e7a.","breadcrumb":{"@id":"https:\/\/marcelolopes.jor.br\/site\/2026\/02\/01\/aneel-anuncia-bandeira-tarifaria-verde-em-fevereiro\/#breadcrumb"},"inLanguage":"pt-BR","potentialAction":[{"@type":"ReadAction","target":["https:\/\/marcelolopes.jor.br\/site\/2026\/02\/01\/aneel-anuncia-bandeira-tarifaria-verde-em-fevereiro\/"]}]},{"@type":"ImageObject","inLanguage":"pt-BR","@id":"https:\/\/marcelolopes.jor.br\/site\/2026\/02\/01\/aneel-anuncia-bandeira-tarifaria-verde-em-fevereiro\/#primaryimage","url":"https:\/\/marcelolopes.jor.br\/site\/wp-content\/uploads\/2026\/02\/energia-tarifa-verde.jpg","contentUrl":"https:\/\/marcelolopes.jor.br\/site\/wp-content\/uploads\/2026\/02\/energia-tarifa-verde.jpg","width":900,"height":675,"caption":"ANEEL anuncia bandeira tarif\u00e1ria"},{"@type":"BreadcrumbList","@id":"https:\/\/marcelolopes.jor.br\/site\/2026\/02\/01\/aneel-anuncia-bandeira-tarifaria-verde-em-fevereiro\/#breadcrumb","itemListElement":[{"@type":"ListItem","position":1,"name":"Home","item":"https:\/\/marcelolopes.jor.br\/site\/"},{"@type":"ListItem","position":2,"name":"ANEEL anuncia bandeira tarif\u00e1ria verde em fevereiro"}]},{"@type":"WebSite","@id":"https:\/\/marcelolopes.jor.br\/site\/#website","url":"https:\/\/marcelolopes.jor.br\/site\/","name":"Marcelo Lopes","description":"Not\u00edcias de Cataguases e Regi\u00e3o","publisher":{"@id":"https:\/\/marcelolopes.jor.br\/site\/#organization"},"potentialAction":[{"@type":"SearchAction","target":{"@type":"EntryPoint","urlTemplate":"https:\/\/marcelolopes.jor.br\/site\/?s={search_term_string}"},"query-input":{"@type":"PropertyValueSpecification","valueRequired":true,"valueName":"search_term_string"}}],"inLanguage":"pt-BR"},{"@type":"Organization","@id":"https:\/\/marcelolopes.jor.br\/site\/#organization","name":"Site do Marcelo Lopes","url":"https:\/\/marcelolopes.jor.br\/site\/","logo":{"@type":"ImageObject","inLanguage":"pt-BR","@id":"https:\/\/marcelolopes.jor.br\/site\/#\/schema\/logo\/image\/","url":"https:\/\/marcelolopes.jor.br\/site\/wp-content\/uploads\/2024\/11\/logo-1.png","contentUrl":"https:\/\/marcelolopes.jor.br\/site\/wp-content\/uploads\/2024\/11\/logo-1.png","width":475,"height":80,"caption":"Site do Marcelo Lopes"},"image":{"@id":"https:\/\/marcelolopes.jor.br\/site\/#\/schema\/logo\/image\/"},"sameAs":["https:\/\/www.facebook.com\/sitedomarcelolopes","https:\/\/www.instagram.com\/sitedomarcelolopes\/","https:\/\/www.linkedin.com\/company\/site-do-marcelo-lopes\/","https:\/\/www.youtube.com\/user\/marcelolopes957"]},{"@type":"Person","@id":"https:\/\/marcelolopes.jor.br\/site\/#\/schema\/person\/3e7216a35c34d8fdf952b31da3d1f89f","name":"Marcelo Lopes","sameAs":["http:\/\/www.marcelolopes.jor.br"],"url":"https:\/\/marcelolopes.jor.br\/site\/author\/marcelo\/"}]}},"wps_subtitle":"Com condi\u00e7\u00f5es de gera\u00e7\u00e3o de energia est\u00e3o favor\u00e1veis bandeira segue sem cobran\u00e7a.","_links":{"self":[{"href":"https:\/\/marcelolopes.jor.br\/site\/wp-json\/wp\/v2\/posts\/63548","targetHints":{"allow":["GET"]}}],"collection":[{"href":"https:\/\/marcelolopes.jor.br\/site\/wp-json\/wp\/v2\/posts"}],"about":[{"href":"https:\/\/marcelolopes.jor.br\/site\/wp-json\/wp\/v2\/types\/post"}],"author":[{"embeddable":true,"href":"https:\/\/marcelolopes.jor.br\/site\/wp-json\/wp\/v2\/users\/2"}],"replies":[{"embeddable":true,"href":"https:\/\/marcelolopes.jor.br\/site\/wp-json\/wp\/v2\/comments?post=63548"}],"version-history":[{"count":0,"href":"https:\/\/marcelolopes.jor.br\/site\/wp-json\/wp\/v2\/posts\/63548\/revisions"}],"wp:featuredmedia":[{"embeddable":true,"href":"https:\/\/marcelolopes.jor.br\/site\/wp-json\/wp\/v2\/media\/63550"}],"wp:attachment":[{"href":"https:\/\/marcelolopes.jor.br\/site\/wp-json\/wp\/v2\/media?parent=63548"}],"wp:term":[{"taxonomy":"category","embeddable":true,"href":"https:\/\/marcelolopes.jor.br\/site\/wp-json\/wp\/v2\/categories?post=63548"},{"taxonomy":"post_tag","embeddable":true,"href":"https:\/\/marcelolopes.jor.br\/site\/wp-json\/wp\/v2\/tags?post=63548"}],"curies":[{"name":"wp","href":"https:\/\/api.w.org\/{rel}","templated":true}]}}