{"id":6345,"date":"2019-09-27T17:44:51","date_gmt":"2019-09-27T20:44:51","guid":{"rendered":"https:\/\/marcelolopes.jor.br\/?p=6345"},"modified":"2019-09-27T21:35:39","modified_gmt":"2019-09-28T00:35:39","slug":"quatro-homens-roubam-caminhonete-e-motocicleta-da-motobella","status":"publish","type":"post","link":"https:\/\/marcelolopes.jor.br\/site\/2019\/09\/27\/quatro-homens-roubam-caminhonete-e-motocicleta-da-motobella\/","title":{"rendered":"Quatro homens roubam caminhonete e motocicleta da Motobella"},"content":{"rendered":"<p style=\"text-align: justify;\"><strong>MAT\u00c9RIA ATUALIZADA &#8211;<\/strong> Quatro homens assaltaram um ve\u00edculo da concession\u00e1ria de motocicletas Honda de Cataguases no meio da tarde desta sexta-feira, 27 de setembro. Um deles estava com uma arma de fogo. O crime aconteceu na rodovia MG-285, pr\u00f3ximo \u00e0 entrada do grupo Bauminas, que d\u00e1 acesso ao trevo para Astolfo Dutra e \u00e0 estrada Cataguases-Leopoldina, conforme informa\u00e7\u00f5es confirmadas pela Pol\u00edcia Militar, \u00a0que est\u00e1 \u00e0 frente do caso. Duas mulheres tamb\u00e9m foram presas.<!--more--><\/p>\n<p style=\"text-align: justify;\">De acordo com o tenente Vin\u00edcius Marinato, comandante do policiamento em Cataguases, que comanda a opera\u00e7\u00e3o de busca e captura dos criminosos, eles abordaram o ve\u00edculo, um Fiat Strada daquela concession\u00e1ria que levava uma motocicleta na carroceria. Ap\u00f3s renderem o motorista o deixaram na pista e seguiram tomando rumo ignorado. A PM iniciou buscas pelos autores e conseguiu localizar e prender tr\u00eas deles, pr\u00f3ximo ao Bairro Leonardo, pouco depois das 18 horas. Todos os tr\u00eas suspeitos s\u00e3o oriundos do Rio de Janeiro, sendo que um deles \u00e9 foragido da justi\u00e7a. Tamb\u00e9m foi apreendida uma pistola calibre .40mm utilizada no assalto<\/p>\n<p style=\"text-align: justify;\">Durante as buscas, militares receberam informa\u00e7\u00f5es sobre um ve\u00edculo daquela empresa que estaria abandonado na entrada do Bairro Ana Carrara. Ao chegarem ao local indicado confirmaram tratar-se da caminhonete levada pelos marginais. A motocicleta, uma Honda Fan preta, 0 km, que seria entregue ao comprador \u00a0em Dona Eus\u00e9bia, e estava na carroceria, foi retirada e s\u00f3 foi localizada no in\u00edcio da noite, tamb\u00e9m abandonada naquele bairro.<\/p>\n<p style=\"text-align: justify;\"><img loading=\"lazy\" decoding=\"async\" class=\"aligncenter wp-image-6347\" src=\"https:\/\/marcelolopes.jor.br\/site\/wp-content\/uploads\/2019\/09\/WhatsApp-Image-2019-09-27-at-16.13.22-300x225.jpeg\" alt=\"\" width=\"500\" height=\"375\" srcset=\"https:\/\/marcelolopes.jor.br\/site\/wp-content\/uploads\/2019\/09\/WhatsApp-Image-2019-09-27-at-16.13.22-300x225.jpeg 300w, https:\/\/marcelolopes.jor.br\/site\/wp-content\/uploads\/2019\/09\/WhatsApp-Image-2019-09-27-at-16.13.22-768x576.jpeg 768w, https:\/\/marcelolopes.jor.br\/site\/wp-content\/uploads\/2019\/09\/WhatsApp-Image-2019-09-27-at-16.13.22-1024x768.jpeg 1024w, https:\/\/marcelolopes.jor.br\/site\/wp-content\/uploads\/2019\/09\/WhatsApp-Image-2019-09-27-at-16.13.22.jpeg 1032w\" sizes=\"auto, (max-width: 500px) 100vw, 500px\" \/>Ainda no in\u00edcio da noite, equipes da PM apreenderam um Honda Civic, em cerco montado em frente ao quartel da Pol\u00edcia Militar, na Avenida Astolfo Dutra. Dentro dele estavam quatro pessoas, sendo dois homens e duas mulheres. \u00a0Elas foram presas juntamente com um homem e, a princ\u00edpio, as mulheres n\u00e3o teriam participado do assalto. O outro homem conseguiu fugir em dire\u00e7\u00e3o ao rio Pomba, nas proximidades do Almoxarifado e a PM continua \u00e0 procura dele.<\/p>\n<p class=\"p1\" style=\"text-align: justify;\"><span class=\"s1\">Participaram da opera\u00e7\u00e3o quinze militares sob o comando do Tenente Marinato. S\u00e3o eles:\u00a0<\/span><span class=\"s1\">Sargentos Priscila, Correia, Resende, Alexandre, Proc\u00f3pio, Jer\u00f4nimo, C\u00e1ssio, Vagner e Silvio; os Cabos Renan, T\u00falio, Fortunato e \u00cdtalo, que tiveram a supervis\u00e3o do major Willian Machado.<\/span><\/p>\n<p><img loading=\"lazy\" decoding=\"async\" class=\"wp-image-6366 alignleft\" src=\"https:\/\/marcelolopes.jor.br\/site\/wp-content\/uploads\/2019\/09\/ACF6963F-1B0A-48F2-A932-D504682588D0-269x300.jpeg\" alt=\"\" width=\"359\" height=\"400\" srcset=\"https:\/\/marcelolopes.jor.br\/site\/wp-content\/uploads\/2019\/09\/ACF6963F-1B0A-48F2-A932-D504682588D0-269x300.jpeg 269w, https:\/\/marcelolopes.jor.br\/site\/wp-content\/uploads\/2019\/09\/ACF6963F-1B0A-48F2-A932-D504682588D0.jpeg 581w\" sizes=\"auto, (max-width: 359px) 100vw, 359px\" \/><\/p>\n<p><em>Foto: Reprodu\u00e7\u00e3o Rede Social<\/em><\/p>\n<div class=\"xgryo69f77483c7e7a\" ><br><\/div><style type=\"text\/css\">\r\n@media screen and (min-width: 1201px) {\r\n.xgryo69f77483c7e7a {\r\ndisplay: block;\r\n}\r\n}\r\n@media screen and (min-width: 993px) and (max-width: 1200px) {\r\n.xgryo69f77483c7e7a {\r\ndisplay: block;\r\n}\r\n}\r\n@media screen and (min-width: 769px) and (max-width: 992px) {\r\n.xgryo69f77483c7e7a {\r\ndisplay: block;\r\n}\r\n}\r\n@media screen and (min-width: 768px) and (max-width: 768px) {\r\n.xgryo69f77483c7e7a {\r\ndisplay: block;\r\n}\r\n}\r\n@media screen and (max-width: 767px) {\r\n.xgryo69f77483c7e7a {\r\ndisplay: block;\r\n}\r\n}\r\n<\/style>\r\n<div class=\"ztuhw69f77483cd690\" ><div id=\"div_destino\"><\/div>\r\n<script src=\"https:\/\/cdn.snsrsv.com\/sdk.js\"><\/script>\r\n<script >\r\n      new sdk(\"464030C30061EA8BE065000000000001\") \r\n          .appendTo(\"div_destino\")\r\n          .disableStyle(true) \r\n          .setCacheBusterMacro(\"%%CACHEBUSTER%%\")\r\n          .setSize(\"800\",\"214\")\r\n          .setClickMacro(\"%%CLICK_URL_ESC%%\") \r\n          .setReferrerUrlMacro(\"%%REFERRER_URL_ESC%%\") \r\n          .start(); \r\n<\/script><\/div><style type=\"text\/css\">\r\n@media screen and (min-width: 1201px) {\r\n.ztuhw69f77483cd690 {\r\ndisplay: block;\r\n}\r\n}\r\n@media screen and (min-width: 993px) and (max-width: 1200px) {\r\n.ztuhw69f77483cd690 {\r\ndisplay: block;\r\n}\r\n}\r\n@media screen and (min-width: 769px) and (max-width: 992px) {\r\n.ztuhw69f77483cd690 {\r\ndisplay: block;\r\n}\r\n}\r\n@media screen and (min-width: 768px) and (max-width: 768px) {\r\n.ztuhw69f77483cd690 {\r\ndisplay: block;\r\n}\r\n}\r\n@media screen and (max-width: 767px) {\r\n.ztuhw69f77483cd690 {\r\ndisplay: block;\r\n}\r\n}\r\n<\/style>\r\n","protected":false},"excerpt":{"rendered":"<p>MAT\u00c9RIA ATUALIZADA &#8211; Quatro homens assaltaram um ve\u00edculo da concession\u00e1ria de motocicletas Honda de Cataguases no meio da tarde desta sexta-feira, 27 de setembro. Um deles estava com uma arma de fogo. O crime aconteceu na rodovia MG-285, pr\u00f3ximo \u00e0<\/p>\n<p class=\"link-more\"><a class=\"more-link\" href=\"https:\/\/marcelolopes.jor.br\/site\/2019\/09\/27\/quatro-homens-roubam-caminhonete-e-motocicleta-da-motobella\/\">Leia mais <span class=\"screen-reader-text\">Quatro homens roubam caminhonete e motocicleta da Motobella<\/span><\/a><\/p>\n","protected":false},"author":2,"featured_media":6363,"comment_status":"open","ping_status":"open","sticky":false,"template":"","format":"standard","meta":{"footnotes":""},"categories":[1],"tags":[106,125,1342,226],"class_list":["post-6345","post","type-post","status-publish","format-standard","has-post-thumbnail","hentry","category-noticias","tag-assalto","tag-estrada","tag-motobela","tag-motocicleta","thumb-below-title"],"yoast_head":"<!-- This site is optimized with the Yoast SEO plugin v27.4 - https:\/\/yoast.com\/product\/yoast-seo-wordpress\/ -->\n<title>Quatro homens roubam caminhonete e motocicleta da Motobella | Marcelo Lopes<\/title>\n<meta name=\"robots\" content=\"index, follow, max-snippet:-1, max-image-preview:large, max-video-preview:-1\" \/>\n<link rel=\"canonical\" href=\"https:\/\/marcelolopes.jor.br\/site\/2019\/09\/27\/quatro-homens-roubam-caminhonete-e-motocicleta-da-motobella\/\" \/>\n<meta property=\"og:locale\" content=\"pt_BR\" \/>\n<meta property=\"og:type\" content=\"article\" \/>\n<meta property=\"og:title\" content=\"Quatro homens roubam caminhonete e motocicleta da Motobella | Marcelo Lopes\" \/>\n<meta property=\"og:description\" content=\"MAT\u00c9RIA ATUALIZADA &#8211; Quatro homens assaltaram um ve\u00edculo da concession\u00e1ria de motocicletas Honda de Cataguases no meio da tarde desta sexta-feira, 27 de setembro. Um deles estava com uma arma de fogo. O crime aconteceu na rodovia MG-285, pr\u00f3ximo \u00e0Leia mais Quatro homens roubam caminhonete e motocicleta da Motobella\" \/>\n<meta property=\"og:url\" content=\"https:\/\/marcelolopes.jor.br\/site\/2019\/09\/27\/quatro-homens-roubam-caminhonete-e-motocicleta-da-motobella\/\" \/>\n<meta property=\"og:site_name\" content=\"Marcelo Lopes\" \/>\n<meta property=\"article:publisher\" content=\"https:\/\/www.facebook.com\/sitedomarcelolopes\" \/>\n<meta property=\"article:published_time\" content=\"2019-09-27T20:44:51+00:00\" \/>\n<meta property=\"article:modified_time\" content=\"2019-09-28T00:35:39+00:00\" \/>\n<meta property=\"og:image\" content=\"https:\/\/marcelolopes.jor.br\/site\/wp-content\/uploads\/2019\/09\/28F7B222-AE7A-4456-8992-BE6AE0B9188D-1024x768.jpeg\" \/>\n\t<meta property=\"og:image:width\" content=\"1024\" \/>\n\t<meta property=\"og:image:height\" content=\"768\" \/>\n\t<meta property=\"og:image:type\" content=\"image\/jpeg\" \/>\n<meta name=\"author\" content=\"Marcelo Lopes\" \/>\n<meta name=\"twitter:card\" content=\"summary_large_image\" \/>\n<meta name=\"twitter:label1\" content=\"Escrito por\" \/>\n\t<meta name=\"twitter:data1\" content=\"Marcelo Lopes\" \/>\n\t<meta name=\"twitter:label2\" content=\"Est. tempo de leitura\" \/>\n\t<meta name=\"twitter:data2\" content=\"2 minutos\" \/>\n<script type=\"application\/ld+json\" class=\"yoast-schema-graph\">{\"@context\":\"https:\\\/\\\/schema.org\",\"@graph\":[{\"@type\":\"NewsArticle\",\"@id\":\"https:\\\/\\\/marcelolopes.jor.br\\\/site\\\/2019\\\/09\\\/27\\\/quatro-homens-roubam-caminhonete-e-motocicleta-da-motobella\\\/#article\",\"isPartOf\":{\"@id\":\"https:\\\/\\\/marcelolopes.jor.br\\\/site\\\/2019\\\/09\\\/27\\\/quatro-homens-roubam-caminhonete-e-motocicleta-da-motobella\\\/\"},\"author\":{\"name\":\"Marcelo Lopes\",\"@id\":\"https:\\\/\\\/marcelolopes.jor.br\\\/site\\\/#\\\/schema\\\/person\\\/3e7216a35c34d8fdf952b31da3d1f89f\"},\"headline\":\"Quatro homens roubam caminhonete e motocicleta da Motobella\",\"datePublished\":\"2019-09-27T20:44:51+00:00\",\"dateModified\":\"2019-09-28T00:35:39+00:00\",\"mainEntityOfPage\":{\"@id\":\"https:\\\/\\\/marcelolopes.jor.br\\\/site\\\/2019\\\/09\\\/27\\\/quatro-homens-roubam-caminhonete-e-motocicleta-da-motobella\\\/\"},\"wordCount\":393,\"commentCount\":0,\"publisher\":{\"@id\":\"https:\\\/\\\/marcelolopes.jor.br\\\/site\\\/#organization\"},\"image\":{\"@id\":\"https:\\\/\\\/marcelolopes.jor.br\\\/site\\\/2019\\\/09\\\/27\\\/quatro-homens-roubam-caminhonete-e-motocicleta-da-motobella\\\/#primaryimage\"},\"thumbnailUrl\":\"https:\\\/\\\/marcelolopes.jor.br\\\/site\\\/wp-content\\\/uploads\\\/2019\\\/09\\\/28F7B222-AE7A-4456-8992-BE6AE0B9188D.jpeg\",\"keywords\":[\"assalto\",\"estrada\",\"Motobela\",\"motocicleta\"],\"articleSection\":[\"Not\u00edcias\"],\"inLanguage\":\"pt-BR\",\"potentialAction\":[{\"@type\":\"CommentAction\",\"name\":\"Comment\",\"target\":[\"https:\\\/\\\/marcelolopes.jor.br\\\/site\\\/2019\\\/09\\\/27\\\/quatro-homens-roubam-caminhonete-e-motocicleta-da-motobella\\\/#respond\"]}]},{\"@type\":\"WebPage\",\"@id\":\"https:\\\/\\\/marcelolopes.jor.br\\\/site\\\/2019\\\/09\\\/27\\\/quatro-homens-roubam-caminhonete-e-motocicleta-da-motobella\\\/\",\"url\":\"https:\\\/\\\/marcelolopes.jor.br\\\/site\\\/2019\\\/09\\\/27\\\/quatro-homens-roubam-caminhonete-e-motocicleta-da-motobella\\\/\",\"name\":\"Quatro homens roubam caminhonete e motocicleta da Motobella | Marcelo Lopes\",\"isPartOf\":{\"@id\":\"https:\\\/\\\/marcelolopes.jor.br\\\/site\\\/#website\"},\"primaryImageOfPage\":{\"@id\":\"https:\\\/\\\/marcelolopes.jor.br\\\/site\\\/2019\\\/09\\\/27\\\/quatro-homens-roubam-caminhonete-e-motocicleta-da-motobella\\\/#primaryimage\"},\"image\":{\"@id\":\"https:\\\/\\\/marcelolopes.jor.br\\\/site\\\/2019\\\/09\\\/27\\\/quatro-homens-roubam-caminhonete-e-motocicleta-da-motobella\\\/#primaryimage\"},\"thumbnailUrl\":\"https:\\\/\\\/marcelolopes.jor.br\\\/site\\\/wp-content\\\/uploads\\\/2019\\\/09\\\/28F7B222-AE7A-4456-8992-BE6AE0B9188D.jpeg\",\"datePublished\":\"2019-09-27T20:44:51+00:00\",\"dateModified\":\"2019-09-28T00:35:39+00:00\",\"breadcrumb\":{\"@id\":\"https:\\\/\\\/marcelolopes.jor.br\\\/site\\\/2019\\\/09\\\/27\\\/quatro-homens-roubam-caminhonete-e-motocicleta-da-motobella\\\/#breadcrumb\"},\"inLanguage\":\"pt-BR\",\"potentialAction\":[{\"@type\":\"ReadAction\",\"target\":[\"https:\\\/\\\/marcelolopes.jor.br\\\/site\\\/2019\\\/09\\\/27\\\/quatro-homens-roubam-caminhonete-e-motocicleta-da-motobella\\\/\"]}]},{\"@type\":\"ImageObject\",\"inLanguage\":\"pt-BR\",\"@id\":\"https:\\\/\\\/marcelolopes.jor.br\\\/site\\\/2019\\\/09\\\/27\\\/quatro-homens-roubam-caminhonete-e-motocicleta-da-motobella\\\/#primaryimage\",\"url\":\"https:\\\/\\\/marcelolopes.jor.br\\\/site\\\/wp-content\\\/uploads\\\/2019\\\/09\\\/28F7B222-AE7A-4456-8992-BE6AE0B9188D.jpeg\",\"contentUrl\":\"https:\\\/\\\/marcelolopes.jor.br\\\/site\\\/wp-content\\\/uploads\\\/2019\\\/09\\\/28F7B222-AE7A-4456-8992-BE6AE0B9188D.jpeg\",\"width\":4032,\"height\":3024},{\"@type\":\"BreadcrumbList\",\"@id\":\"https:\\\/\\\/marcelolopes.jor.br\\\/site\\\/2019\\\/09\\\/27\\\/quatro-homens-roubam-caminhonete-e-motocicleta-da-motobella\\\/#breadcrumb\",\"itemListElement\":[{\"@type\":\"ListItem\",\"position\":1,\"name\":\"Home\",\"item\":\"https:\\\/\\\/marcelolopes.jor.br\\\/site\\\/\"},{\"@type\":\"ListItem\",\"position\":2,\"name\":\"Quatro homens roubam caminhonete e motocicleta da Motobella\"}]},{\"@type\":\"WebSite\",\"@id\":\"https:\\\/\\\/marcelolopes.jor.br\\\/site\\\/#website\",\"url\":\"https:\\\/\\\/marcelolopes.jor.br\\\/site\\\/\",\"name\":\"Marcelo Lopes\",\"description\":\"Not\u00edcias de Cataguases e Regi\u00e3o\",\"publisher\":{\"@id\":\"https:\\\/\\\/marcelolopes.jor.br\\\/site\\\/#organization\"},\"potentialAction\":[{\"@type\":\"SearchAction\",\"target\":{\"@type\":\"EntryPoint\",\"urlTemplate\":\"https:\\\/\\\/marcelolopes.jor.br\\\/site\\\/?s={search_term_string}\"},\"query-input\":{\"@type\":\"PropertyValueSpecification\",\"valueRequired\":true,\"valueName\":\"search_term_string\"}}],\"inLanguage\":\"pt-BR\"},{\"@type\":\"Organization\",\"@id\":\"https:\\\/\\\/marcelolopes.jor.br\\\/site\\\/#organization\",\"name\":\"Site do Marcelo Lopes\",\"url\":\"https:\\\/\\\/marcelolopes.jor.br\\\/site\\\/\",\"logo\":{\"@type\":\"ImageObject\",\"inLanguage\":\"pt-BR\",\"@id\":\"https:\\\/\\\/marcelolopes.jor.br\\\/site\\\/#\\\/schema\\\/logo\\\/image\\\/\",\"url\":\"https:\\\/\\\/marcelolopes.jor.br\\\/site\\\/wp-content\\\/uploads\\\/2024\\\/11\\\/logo-1.png\",\"contentUrl\":\"https:\\\/\\\/marcelolopes.jor.br\\\/site\\\/wp-content\\\/uploads\\\/2024\\\/11\\\/logo-1.png\",\"width\":475,\"height\":80,\"caption\":\"Site do Marcelo Lopes\"},\"image\":{\"@id\":\"https:\\\/\\\/marcelolopes.jor.br\\\/site\\\/#\\\/schema\\\/logo\\\/image\\\/\"},\"sameAs\":[\"https:\\\/\\\/www.facebook.com\\\/sitedomarcelolopes\",\"https:\\\/\\\/www.instagram.com\\\/sitedomarcelolopes\\\/\",\"https:\\\/\\\/www.linkedin.com\\\/company\\\/site-do-marcelo-lopes\\\/\",\"https:\\\/\\\/www.youtube.com\\\/user\\\/marcelolopes957\"]},{\"@type\":\"Person\",\"@id\":\"https:\\\/\\\/marcelolopes.jor.br\\\/site\\\/#\\\/schema\\\/person\\\/3e7216a35c34d8fdf952b31da3d1f89f\",\"name\":\"Marcelo Lopes\",\"sameAs\":[\"http:\\\/\\\/www.marcelolopes.jor.br\"],\"url\":\"https:\\\/\\\/marcelolopes.jor.br\\\/site\\\/author\\\/marcelo\\\/\"}]}<\/script>\n<!-- \/ Yoast SEO plugin. -->","yoast_head_json":{"title":"Quatro homens roubam caminhonete e motocicleta da Motobella | Marcelo Lopes","robots":{"index":"index","follow":"follow","max-snippet":"max-snippet:-1","max-image-preview":"max-image-preview:large","max-video-preview":"max-video-preview:-1"},"canonical":"https:\/\/marcelolopes.jor.br\/site\/2019\/09\/27\/quatro-homens-roubam-caminhonete-e-motocicleta-da-motobella\/","og_locale":"pt_BR","og_type":"article","og_title":"Quatro homens roubam caminhonete e motocicleta da Motobella | Marcelo Lopes","og_description":"MAT\u00c9RIA ATUALIZADA &#8211; Quatro homens assaltaram um ve\u00edculo da concession\u00e1ria de motocicletas Honda de Cataguases no meio da tarde desta sexta-feira, 27 de setembro. Um deles estava com uma arma de fogo. O crime aconteceu na rodovia MG-285, pr\u00f3ximo \u00e0Leia mais Quatro homens roubam caminhonete e motocicleta da Motobella","og_url":"https:\/\/marcelolopes.jor.br\/site\/2019\/09\/27\/quatro-homens-roubam-caminhonete-e-motocicleta-da-motobella\/","og_site_name":"Marcelo Lopes","article_publisher":"https:\/\/www.facebook.com\/sitedomarcelolopes","article_published_time":"2019-09-27T20:44:51+00:00","article_modified_time":"2019-09-28T00:35:39+00:00","og_image":[{"width":1024,"height":768,"url":"https:\/\/marcelolopes.jor.br\/site\/wp-content\/uploads\/2019\/09\/28F7B222-AE7A-4456-8992-BE6AE0B9188D-1024x768.jpeg","type":"image\/jpeg"}],"author":"Marcelo Lopes","twitter_card":"summary_large_image","twitter_misc":{"Escrito por":"Marcelo Lopes","Est. tempo de leitura":"2 minutos"},"schema":{"@context":"https:\/\/schema.org","@graph":[{"@type":"NewsArticle","@id":"https:\/\/marcelolopes.jor.br\/site\/2019\/09\/27\/quatro-homens-roubam-caminhonete-e-motocicleta-da-motobella\/#article","isPartOf":{"@id":"https:\/\/marcelolopes.jor.br\/site\/2019\/09\/27\/quatro-homens-roubam-caminhonete-e-motocicleta-da-motobella\/"},"author":{"name":"Marcelo Lopes","@id":"https:\/\/marcelolopes.jor.br\/site\/#\/schema\/person\/3e7216a35c34d8fdf952b31da3d1f89f"},"headline":"Quatro homens roubam caminhonete e motocicleta da Motobella","datePublished":"2019-09-27T20:44:51+00:00","dateModified":"2019-09-28T00:35:39+00:00","mainEntityOfPage":{"@id":"https:\/\/marcelolopes.jor.br\/site\/2019\/09\/27\/quatro-homens-roubam-caminhonete-e-motocicleta-da-motobella\/"},"wordCount":393,"commentCount":0,"publisher":{"@id":"https:\/\/marcelolopes.jor.br\/site\/#organization"},"image":{"@id":"https:\/\/marcelolopes.jor.br\/site\/2019\/09\/27\/quatro-homens-roubam-caminhonete-e-motocicleta-da-motobella\/#primaryimage"},"thumbnailUrl":"https:\/\/marcelolopes.jor.br\/site\/wp-content\/uploads\/2019\/09\/28F7B222-AE7A-4456-8992-BE6AE0B9188D.jpeg","keywords":["assalto","estrada","Motobela","motocicleta"],"articleSection":["Not\u00edcias"],"inLanguage":"pt-BR","potentialAction":[{"@type":"CommentAction","name":"Comment","target":["https:\/\/marcelolopes.jor.br\/site\/2019\/09\/27\/quatro-homens-roubam-caminhonete-e-motocicleta-da-motobella\/#respond"]}]},{"@type":"WebPage","@id":"https:\/\/marcelolopes.jor.br\/site\/2019\/09\/27\/quatro-homens-roubam-caminhonete-e-motocicleta-da-motobella\/","url":"https:\/\/marcelolopes.jor.br\/site\/2019\/09\/27\/quatro-homens-roubam-caminhonete-e-motocicleta-da-motobella\/","name":"Quatro homens roubam caminhonete e motocicleta da Motobella | Marcelo Lopes","isPartOf":{"@id":"https:\/\/marcelolopes.jor.br\/site\/#website"},"primaryImageOfPage":{"@id":"https:\/\/marcelolopes.jor.br\/site\/2019\/09\/27\/quatro-homens-roubam-caminhonete-e-motocicleta-da-motobella\/#primaryimage"},"image":{"@id":"https:\/\/marcelolopes.jor.br\/site\/2019\/09\/27\/quatro-homens-roubam-caminhonete-e-motocicleta-da-motobella\/#primaryimage"},"thumbnailUrl":"https:\/\/marcelolopes.jor.br\/site\/wp-content\/uploads\/2019\/09\/28F7B222-AE7A-4456-8992-BE6AE0B9188D.jpeg","datePublished":"2019-09-27T20:44:51+00:00","dateModified":"2019-09-28T00:35:39+00:00","breadcrumb":{"@id":"https:\/\/marcelolopes.jor.br\/site\/2019\/09\/27\/quatro-homens-roubam-caminhonete-e-motocicleta-da-motobella\/#breadcrumb"},"inLanguage":"pt-BR","potentialAction":[{"@type":"ReadAction","target":["https:\/\/marcelolopes.jor.br\/site\/2019\/09\/27\/quatro-homens-roubam-caminhonete-e-motocicleta-da-motobella\/"]}]},{"@type":"ImageObject","inLanguage":"pt-BR","@id":"https:\/\/marcelolopes.jor.br\/site\/2019\/09\/27\/quatro-homens-roubam-caminhonete-e-motocicleta-da-motobella\/#primaryimage","url":"https:\/\/marcelolopes.jor.br\/site\/wp-content\/uploads\/2019\/09\/28F7B222-AE7A-4456-8992-BE6AE0B9188D.jpeg","contentUrl":"https:\/\/marcelolopes.jor.br\/site\/wp-content\/uploads\/2019\/09\/28F7B222-AE7A-4456-8992-BE6AE0B9188D.jpeg","width":4032,"height":3024},{"@type":"BreadcrumbList","@id":"https:\/\/marcelolopes.jor.br\/site\/2019\/09\/27\/quatro-homens-roubam-caminhonete-e-motocicleta-da-motobella\/#breadcrumb","itemListElement":[{"@type":"ListItem","position":1,"name":"Home","item":"https:\/\/marcelolopes.jor.br\/site\/"},{"@type":"ListItem","position":2,"name":"Quatro homens roubam caminhonete e motocicleta da Motobella"}]},{"@type":"WebSite","@id":"https:\/\/marcelolopes.jor.br\/site\/#website","url":"https:\/\/marcelolopes.jor.br\/site\/","name":"Marcelo Lopes","description":"Not\u00edcias de Cataguases e Regi\u00e3o","publisher":{"@id":"https:\/\/marcelolopes.jor.br\/site\/#organization"},"potentialAction":[{"@type":"SearchAction","target":{"@type":"EntryPoint","urlTemplate":"https:\/\/marcelolopes.jor.br\/site\/?s={search_term_string}"},"query-input":{"@type":"PropertyValueSpecification","valueRequired":true,"valueName":"search_term_string"}}],"inLanguage":"pt-BR"},{"@type":"Organization","@id":"https:\/\/marcelolopes.jor.br\/site\/#organization","name":"Site do Marcelo Lopes","url":"https:\/\/marcelolopes.jor.br\/site\/","logo":{"@type":"ImageObject","inLanguage":"pt-BR","@id":"https:\/\/marcelolopes.jor.br\/site\/#\/schema\/logo\/image\/","url":"https:\/\/marcelolopes.jor.br\/site\/wp-content\/uploads\/2024\/11\/logo-1.png","contentUrl":"https:\/\/marcelolopes.jor.br\/site\/wp-content\/uploads\/2024\/11\/logo-1.png","width":475,"height":80,"caption":"Site do Marcelo Lopes"},"image":{"@id":"https:\/\/marcelolopes.jor.br\/site\/#\/schema\/logo\/image\/"},"sameAs":["https:\/\/www.facebook.com\/sitedomarcelolopes","https:\/\/www.instagram.com\/sitedomarcelolopes\/","https:\/\/www.linkedin.com\/company\/site-do-marcelo-lopes\/","https:\/\/www.youtube.com\/user\/marcelolopes957"]},{"@type":"Person","@id":"https:\/\/marcelolopes.jor.br\/site\/#\/schema\/person\/3e7216a35c34d8fdf952b31da3d1f89f","name":"Marcelo Lopes","sameAs":["http:\/\/www.marcelolopes.jor.br"],"url":"https:\/\/marcelolopes.jor.br\/site\/author\/marcelo\/"}]}},"wps_subtitle":"Pol\u00edcia Militar j\u00e1 prendeu tr\u00eas envolvidos que teriam participado do assalto e duas mulheres.","_links":{"self":[{"href":"https:\/\/marcelolopes.jor.br\/site\/wp-json\/wp\/v2\/posts\/6345","targetHints":{"allow":["GET"]}}],"collection":[{"href":"https:\/\/marcelolopes.jor.br\/site\/wp-json\/wp\/v2\/posts"}],"about":[{"href":"https:\/\/marcelolopes.jor.br\/site\/wp-json\/wp\/v2\/types\/post"}],"author":[{"embeddable":true,"href":"https:\/\/marcelolopes.jor.br\/site\/wp-json\/wp\/v2\/users\/2"}],"replies":[{"embeddable":true,"href":"https:\/\/marcelolopes.jor.br\/site\/wp-json\/wp\/v2\/comments?post=6345"}],"version-history":[{"count":0,"href":"https:\/\/marcelolopes.jor.br\/site\/wp-json\/wp\/v2\/posts\/6345\/revisions"}],"wp:featuredmedia":[{"embeddable":true,"href":"https:\/\/marcelolopes.jor.br\/site\/wp-json\/wp\/v2\/media\/6363"}],"wp:attachment":[{"href":"https:\/\/marcelolopes.jor.br\/site\/wp-json\/wp\/v2\/media?parent=6345"}],"wp:term":[{"taxonomy":"category","embeddable":true,"href":"https:\/\/marcelolopes.jor.br\/site\/wp-json\/wp\/v2\/categories?post=6345"},{"taxonomy":"post_tag","embeddable":true,"href":"https:\/\/marcelolopes.jor.br\/site\/wp-json\/wp\/v2\/tags?post=6345"}],"curies":[{"name":"wp","href":"https:\/\/api.w.org\/{rel}","templated":true}]}}