{"id":6334,"date":"2019-09-27T16:00:49","date_gmt":"2019-09-27T19:00:49","guid":{"rendered":"https:\/\/marcelolopes.jor.br\/?p=6334"},"modified":"2019-09-27T10:52:03","modified_gmt":"2019-09-27T13:52:03","slug":"mirai-conhece-projeto-do-novo-forum-da-comarca","status":"publish","type":"post","link":"https:\/\/marcelolopes.jor.br\/site\/2019\/09\/27\/mirai-conhece-projeto-do-novo-forum-da-comarca\/","title":{"rendered":"Mira\u00ed conhece projeto do novo f\u00f3rum da comarca"},"content":{"rendered":"<p style=\"text-align: justify;\">Uma solenidade na tarde do \u00faltimo dia 23 de setembro, marcou a apresenta\u00e7\u00e3o do projeto do novo F\u00f3rum Ministro Ant\u00f4nio Martins Vilas Boas, da Comarca de Mira\u00ed, \u00e0 comunidade local. O evento contou com a presen\u00e7a do presidente do Tribunal de Justi\u00e7a de Minas Gerais (TJMG), desembargador Nelson Missias de Morais e do Deputado Estadual Fernando Pacheco.<!--more--><\/p>\n<p style=\"text-align: justify;\">Na oportunidade, o chefe do Judici\u00e1rio mineiro tamb\u00e9m recebeu o T\u00edtulo de Cidadania Honor\u00e1ria de Mira\u00ed. Foram agraciados ainda com a honraria o desembargador V\u00edtor In\u00e1cio Peixoto Parreiras Henriques e o presidente da Energisa Minas, Eduardo Alves Mantovani.<\/p>\n<p style=\"text-align: justify;\">\u201cA constru\u00e7\u00e3o de novos f\u00f3runs em comarcas do interior tem sido uma das marcas de nossa gest\u00e3o, e o que estamos buscando com as obras \u00e9 garantir melhores condi\u00e7\u00f5es de trabalho aos magistrados e servidores e, naturalmente, uma presta\u00e7\u00e3o jurisdicional mais c\u00e9lere e mais efetiva aos cidad\u00e3os\u201d, ressaltou o presidente Nelson Missias, durante a solenidade.<\/p>\n<p style=\"text-align: justify;\">O chefe do Judici\u00e1rio mineiro contou que muito tem sido feito nesse sentido, ao longo de sua gest\u00e3o, e os resultados desses esfor\u00e7os dever\u00e3o se revelar em sua totalidade \u201cnos pr\u00f3ximos meses, nos pr\u00f3ximos anos\u201d, gra\u00e7as ao trabalho \u201cque estamos plantando agora\u201d.<\/p>\n<p style=\"text-align: justify;\"><strong><img loading=\"lazy\" decoding=\"async\" class=\"aligncenter wp-image-6337\" src=\"https:\/\/marcelolopes.jor.br\/site\/wp-content\/uploads\/2019\/09\/noticia-4-mirai-300x200.jpg\" alt=\"\" width=\"500\" height=\"334\" srcset=\"https:\/\/marcelolopes.jor.br\/site\/wp-content\/uploads\/2019\/09\/noticia-4-mirai-300x200.jpg 300w, https:\/\/marcelolopes.jor.br\/site\/wp-content\/uploads\/2019\/09\/noticia-4-mirai-768x512.jpg 768w, https:\/\/marcelolopes.jor.br\/site\/wp-content\/uploads\/2019\/09\/noticia-4-mirai.jpg 1000w\" sizes=\"auto, (max-width: 500px) 100vw, 500px\" \/>Projeto<\/strong><br \/>\nO projeto de constru\u00e7\u00e3o do novo f\u00f3rum foi apresentado aos presentes pelo superintendente administrativo adjunto, desembargador Gilson Soares Lemes, que explicou que o pr\u00e9dio ter\u00e1 um total de 750 m\u00b2 de \u00e1rea constru\u00edda.<\/p>\n<p style=\"text-align: justify;\">A nova sede da comarca contar\u00e1 com um pavimento, com espa\u00e7o para uma vara, Centro Judici\u00e1rio de Solu\u00e7\u00e3o de Conflitos e Cidadania (Cejusc), Juizado Especial, Tribunal do J\u00fari e setores de apoio, concentrando todo o atendimento jurisdicional em um s\u00f3 local.<\/p>\n<p style=\"text-align: justify;\">O espa\u00e7o ter\u00e1 ainda estacionamento com 14 vagas, sendo quatro para motos, e um biciclet\u00e1rio para oito vagas. O valor estimado da obra, que dever\u00e1 ser conclu\u00edda em outubro de 2020, \u00e9 de R$ 4,15 milh\u00f5es.<\/p>\n<p style=\"text-align: justify;\">A edifica\u00e7\u00e3o ser\u00e1 acess\u00edvel a pessoas com dificuldades de locomo\u00e7\u00e3o e constru\u00edda segundo princ\u00edpios da sustentabilidade e seguran\u00e7a, com sistema de ilumina\u00e7\u00e3o eficiente, sistema eletr\u00f4nico de controle e seguran\u00e7a de acesso e sistema de ar-condicionado em todos os ambientes, para proporcionar a adequa\u00e7\u00e3o da temperatura com efici\u00eancia e economia.<\/p>\n<p style=\"text-align: justify;\"><strong><img loading=\"lazy\" decoding=\"async\" class=\"aligncenter wp-image-6338\" src=\"https:\/\/marcelolopes.jor.br\/site\/wp-content\/uploads\/2019\/09\/noticia-5-mirai-300x200.jpg\" alt=\"\" width=\"500\" height=\"334\" srcset=\"https:\/\/marcelolopes.jor.br\/site\/wp-content\/uploads\/2019\/09\/noticia-5-mirai-300x200.jpg 300w, https:\/\/marcelolopes.jor.br\/site\/wp-content\/uploads\/2019\/09\/noticia-5-mirai-768x512.jpg 768w, https:\/\/marcelolopes.jor.br\/site\/wp-content\/uploads\/2019\/09\/noticia-5-mirai.jpg 1000w\" sizes=\"auto, (max-width: 500px) 100vw, 500px\" \/>Cidadania Honor\u00e1ria<\/strong><br \/>\nDurante o ato solene para a entrega do t\u00edtulo de cidadania honor\u00e1ria aos agraciados, o presidente da C\u00e2mara Municipal de Mira\u00ed, vereador Almir Alves de Ara\u00fajo, explicou que a decis\u00e3o de entregar o t\u00edtulo ao chefe do Judici\u00e1rio mineiro \u00e9 um gesto de gratid\u00e3o pela constru\u00e7\u00e3o do novo f\u00f3rum.<\/p>\n<p style=\"text-align: justify;\">\u201cH\u00e1 muito tempo Mira\u00ed deseja uma nova sede para o Judici\u00e1rio local. O terreno onde o pr\u00e9dio ser\u00e1 constru\u00eddo \u00e9 lindo, plano, na entrada da cidade. Esse \u00e9 um gesto do presidente que vai valorizar em muito nossa regi\u00e3o\u201d, explicou.<\/p>\n<p style=\"text-align: justify;\">O presidente da C\u00e2mara acrescentou que o desembargador Peixoto Henriques sempre exerceu papel de influ\u00eancia em Mira\u00ed, tamb\u00e9m merecendo a gratid\u00e3o da cidade.<\/p>\n<p style=\"text-align: justify;\">\u201cPara quem se dedica ao servi\u00e7o p\u00fablico, \u00e9 sempre gratificante ver seu trabalho reconhecido. \u00c9 sinal de que estamos sendo \u00fateis a nossa sociedade. Ainda maior \u00e9 nossa satisfa\u00e7\u00e3o quando este reconhecimento parte da gente trabalhadora e honesta do Munic\u00edpio de Mira\u00ed, que, por meio de seus leg\u00edtimos representantes, nos confere t\u00e3o honroso t\u00edtulo\u201d, disse Peixoto Henriques.<\/p>\n<p style=\"text-align: justify;\">O desembargador declarou estar grato pela homenagem. \u201c\u00c9 maior, agora, minha dedica\u00e7\u00e3o, porque n\u00e3o posso, jamais, frustrar as expectativas de meus agora concidad\u00e3os miraienses\u201d, declarou.<\/p>\n<p style=\"text-align: justify;\"><strong>Presen\u00e7as<\/strong><br \/>\nEstiveram presentes tamb\u00e9m, na solenidade, os desembargadores Alvin Soares, Agostinho Gomes de Azevedo, Domingos Coelho e demais autoridades locais.<\/p>\n<p><em>Fonte: Assessoria de Comunica\u00e7\u00e3o Institucional | Fotos: Robert Leal-TJMG<\/em><\/p>\n<div class=\"rmdvv69f77d8d5582c\" ><br><\/div><style type=\"text\/css\">\r\n@media screen and (min-width: 1201px) {\r\n.rmdvv69f77d8d5582c {\r\ndisplay: block;\r\n}\r\n}\r\n@media screen and (min-width: 993px) and (max-width: 1200px) {\r\n.rmdvv69f77d8d5582c {\r\ndisplay: block;\r\n}\r\n}\r\n@media screen and (min-width: 769px) and (max-width: 992px) {\r\n.rmdvv69f77d8d5582c {\r\ndisplay: block;\r\n}\r\n}\r\n@media screen and (min-width: 768px) and (max-width: 768px) {\r\n.rmdvv69f77d8d5582c {\r\ndisplay: block;\r\n}\r\n}\r\n@media screen and (max-width: 767px) {\r\n.rmdvv69f77d8d5582c {\r\ndisplay: block;\r\n}\r\n}\r\n<\/style>\r\n<div class=\"xbopr69f77d8d5d0d5\" ><div id=\"div_destino\"><\/div>\r\n<script src=\"https:\/\/cdn.snsrsv.com\/sdk.js\"><\/script>\r\n<script >\r\n      new sdk(\"464030C30061EA8BE065000000000001\") \r\n          .appendTo(\"div_destino\")\r\n          .disableStyle(true) \r\n          .setCacheBusterMacro(\"%%CACHEBUSTER%%\")\r\n          .setSize(\"800\",\"214\")\r\n          .setClickMacro(\"%%CLICK_URL_ESC%%\") \r\n          .setReferrerUrlMacro(\"%%REFERRER_URL_ESC%%\") \r\n          .start(); \r\n<\/script><\/div><style type=\"text\/css\">\r\n@media screen and (min-width: 1201px) {\r\n.xbopr69f77d8d5d0d5 {\r\ndisplay: block;\r\n}\r\n}\r\n@media screen and (min-width: 993px) and (max-width: 1200px) {\r\n.xbopr69f77d8d5d0d5 {\r\ndisplay: block;\r\n}\r\n}\r\n@media screen and (min-width: 769px) and (max-width: 992px) {\r\n.xbopr69f77d8d5d0d5 {\r\ndisplay: block;\r\n}\r\n}\r\n@media screen and (min-width: 768px) and (max-width: 768px) {\r\n.xbopr69f77d8d5d0d5 {\r\ndisplay: block;\r\n}\r\n}\r\n@media screen and (max-width: 767px) {\r\n.xbopr69f77d8d5d0d5 {\r\ndisplay: block;\r\n}\r\n}\r\n<\/style>\r\n","protected":false},"excerpt":{"rendered":"<p>Uma solenidade na tarde do \u00faltimo dia 23 de setembro, marcou a apresenta\u00e7\u00e3o do projeto do novo F\u00f3rum Ministro Ant\u00f4nio Martins Vilas Boas, da Comarca de Mira\u00ed, \u00e0 comunidade local. O evento contou com a presen\u00e7a do presidente do Tribunal<\/p>\n<p class=\"link-more\"><a class=\"more-link\" href=\"https:\/\/marcelolopes.jor.br\/site\/2019\/09\/27\/mirai-conhece-projeto-do-novo-forum-da-comarca\/\">Leia mais <span class=\"screen-reader-text\">Mira\u00ed conhece projeto do novo f\u00f3rum da comarca<\/span><\/a><\/p>\n","protected":false},"author":2,"featured_media":6336,"comment_status":"open","ping_status":"open","sticky":false,"template":"","format":"standard","meta":{"footnotes":""},"categories":[1],"tags":[1341,126,421],"class_list":["post-6334","post","type-post","status-publish","format-standard","has-post-thumbnail","hentry","category-noticias","tag-forum-de-mirai-construcao-do-forum","tag-mirai","tag-tjmg","thumb-below-title"],"yoast_head":"<!-- This site is optimized with the Yoast SEO plugin v27.4 - https:\/\/yoast.com\/product\/yoast-seo-wordpress\/ -->\n<title>Mira\u00ed conhece projeto do novo f\u00f3rum da comarca | Marcelo Lopes<\/title>\n<meta name=\"robots\" content=\"index, follow, max-snippet:-1, max-image-preview:large, max-video-preview:-1\" \/>\n<link rel=\"canonical\" href=\"https:\/\/marcelolopes.jor.br\/site\/2019\/09\/27\/mirai-conhece-projeto-do-novo-forum-da-comarca\/\" \/>\n<meta property=\"og:locale\" content=\"pt_BR\" \/>\n<meta property=\"og:type\" content=\"article\" \/>\n<meta property=\"og:title\" content=\"Mira\u00ed conhece projeto do novo f\u00f3rum da comarca | Marcelo Lopes\" \/>\n<meta property=\"og:description\" content=\"Uma solenidade na tarde do \u00faltimo dia 23 de setembro, marcou a apresenta\u00e7\u00e3o do projeto do novo F\u00f3rum Ministro Ant\u00f4nio Martins Vilas Boas, da Comarca de Mira\u00ed, \u00e0 comunidade local. O evento contou com a presen\u00e7a do presidente do TribunalLeia mais Mira\u00ed conhece projeto do novo f\u00f3rum da comarca\" \/>\n<meta property=\"og:url\" content=\"https:\/\/marcelolopes.jor.br\/site\/2019\/09\/27\/mirai-conhece-projeto-do-novo-forum-da-comarca\/\" \/>\n<meta property=\"og:site_name\" content=\"Marcelo Lopes\" \/>\n<meta property=\"article:publisher\" content=\"https:\/\/www.facebook.com\/sitedomarcelolopes\" \/>\n<meta property=\"article:published_time\" content=\"2019-09-27T19:00:49+00:00\" \/>\n<meta property=\"og:image\" content=\"https:\/\/marcelolopes.jor.br\/site\/wp-content\/uploads\/2019\/09\/noticia-3-mirai.jpg\" \/>\n\t<meta property=\"og:image:width\" content=\"1000\" \/>\n\t<meta property=\"og:image:height\" content=\"667\" \/>\n\t<meta property=\"og:image:type\" content=\"image\/jpeg\" \/>\n<meta name=\"author\" content=\"Marcelo Lopes\" \/>\n<meta name=\"twitter:card\" content=\"summary_large_image\" \/>\n<meta name=\"twitter:label1\" content=\"Escrito por\" \/>\n\t<meta name=\"twitter:data1\" content=\"Marcelo Lopes\" \/>\n\t<meta name=\"twitter:label2\" content=\"Est. tempo de leitura\" \/>\n\t<meta name=\"twitter:data2\" content=\"3 minutos\" \/>\n<script type=\"application\/ld+json\" class=\"yoast-schema-graph\">{\"@context\":\"https:\\\/\\\/schema.org\",\"@graph\":[{\"@type\":\"NewsArticle\",\"@id\":\"https:\\\/\\\/marcelolopes.jor.br\\\/site\\\/2019\\\/09\\\/27\\\/mirai-conhece-projeto-do-novo-forum-da-comarca\\\/#article\",\"isPartOf\":{\"@id\":\"https:\\\/\\\/marcelolopes.jor.br\\\/site\\\/2019\\\/09\\\/27\\\/mirai-conhece-projeto-do-novo-forum-da-comarca\\\/\"},\"author\":{\"name\":\"Marcelo Lopes\",\"@id\":\"https:\\\/\\\/marcelolopes.jor.br\\\/site\\\/#\\\/schema\\\/person\\\/3e7216a35c34d8fdf952b31da3d1f89f\"},\"headline\":\"Mira\u00ed conhece projeto do novo f\u00f3rum da comarca\",\"datePublished\":\"2019-09-27T19:00:49+00:00\",\"mainEntityOfPage\":{\"@id\":\"https:\\\/\\\/marcelolopes.jor.br\\\/site\\\/2019\\\/09\\\/27\\\/mirai-conhece-projeto-do-novo-forum-da-comarca\\\/\"},\"wordCount\":650,\"commentCount\":0,\"publisher\":{\"@id\":\"https:\\\/\\\/marcelolopes.jor.br\\\/site\\\/#organization\"},\"image\":{\"@id\":\"https:\\\/\\\/marcelolopes.jor.br\\\/site\\\/2019\\\/09\\\/27\\\/mirai-conhece-projeto-do-novo-forum-da-comarca\\\/#primaryimage\"},\"thumbnailUrl\":\"https:\\\/\\\/marcelolopes.jor.br\\\/site\\\/wp-content\\\/uploads\\\/2019\\\/09\\\/noticia-3-mirai.jpg\",\"keywords\":[\"F\u00f3rum de Mira\u00ed. constru\u00e7\u00e3o do f\u00f3rum\",\"Mira\u00ed\",\"TJMG\"],\"articleSection\":[\"Not\u00edcias\"],\"inLanguage\":\"pt-BR\",\"potentialAction\":[{\"@type\":\"CommentAction\",\"name\":\"Comment\",\"target\":[\"https:\\\/\\\/marcelolopes.jor.br\\\/site\\\/2019\\\/09\\\/27\\\/mirai-conhece-projeto-do-novo-forum-da-comarca\\\/#respond\"]}]},{\"@type\":\"WebPage\",\"@id\":\"https:\\\/\\\/marcelolopes.jor.br\\\/site\\\/2019\\\/09\\\/27\\\/mirai-conhece-projeto-do-novo-forum-da-comarca\\\/\",\"url\":\"https:\\\/\\\/marcelolopes.jor.br\\\/site\\\/2019\\\/09\\\/27\\\/mirai-conhece-projeto-do-novo-forum-da-comarca\\\/\",\"name\":\"Mira\u00ed conhece projeto do novo f\u00f3rum da comarca | Marcelo Lopes\",\"isPartOf\":{\"@id\":\"https:\\\/\\\/marcelolopes.jor.br\\\/site\\\/#website\"},\"primaryImageOfPage\":{\"@id\":\"https:\\\/\\\/marcelolopes.jor.br\\\/site\\\/2019\\\/09\\\/27\\\/mirai-conhece-projeto-do-novo-forum-da-comarca\\\/#primaryimage\"},\"image\":{\"@id\":\"https:\\\/\\\/marcelolopes.jor.br\\\/site\\\/2019\\\/09\\\/27\\\/mirai-conhece-projeto-do-novo-forum-da-comarca\\\/#primaryimage\"},\"thumbnailUrl\":\"https:\\\/\\\/marcelolopes.jor.br\\\/site\\\/wp-content\\\/uploads\\\/2019\\\/09\\\/noticia-3-mirai.jpg\",\"datePublished\":\"2019-09-27T19:00:49+00:00\",\"breadcrumb\":{\"@id\":\"https:\\\/\\\/marcelolopes.jor.br\\\/site\\\/2019\\\/09\\\/27\\\/mirai-conhece-projeto-do-novo-forum-da-comarca\\\/#breadcrumb\"},\"inLanguage\":\"pt-BR\",\"potentialAction\":[{\"@type\":\"ReadAction\",\"target\":[\"https:\\\/\\\/marcelolopes.jor.br\\\/site\\\/2019\\\/09\\\/27\\\/mirai-conhece-projeto-do-novo-forum-da-comarca\\\/\"]}]},{\"@type\":\"ImageObject\",\"inLanguage\":\"pt-BR\",\"@id\":\"https:\\\/\\\/marcelolopes.jor.br\\\/site\\\/2019\\\/09\\\/27\\\/mirai-conhece-projeto-do-novo-forum-da-comarca\\\/#primaryimage\",\"url\":\"https:\\\/\\\/marcelolopes.jor.br\\\/site\\\/wp-content\\\/uploads\\\/2019\\\/09\\\/noticia-3-mirai.jpg\",\"contentUrl\":\"https:\\\/\\\/marcelolopes.jor.br\\\/site\\\/wp-content\\\/uploads\\\/2019\\\/09\\\/noticia-3-mirai.jpg\",\"width\":1000,\"height\":667},{\"@type\":\"BreadcrumbList\",\"@id\":\"https:\\\/\\\/marcelolopes.jor.br\\\/site\\\/2019\\\/09\\\/27\\\/mirai-conhece-projeto-do-novo-forum-da-comarca\\\/#breadcrumb\",\"itemListElement\":[{\"@type\":\"ListItem\",\"position\":1,\"name\":\"Home\",\"item\":\"https:\\\/\\\/marcelolopes.jor.br\\\/site\\\/\"},{\"@type\":\"ListItem\",\"position\":2,\"name\":\"Mira\u00ed conhece projeto do novo f\u00f3rum da comarca\"}]},{\"@type\":\"WebSite\",\"@id\":\"https:\\\/\\\/marcelolopes.jor.br\\\/site\\\/#website\",\"url\":\"https:\\\/\\\/marcelolopes.jor.br\\\/site\\\/\",\"name\":\"Marcelo Lopes\",\"description\":\"Not\u00edcias de Cataguases e Regi\u00e3o\",\"publisher\":{\"@id\":\"https:\\\/\\\/marcelolopes.jor.br\\\/site\\\/#organization\"},\"potentialAction\":[{\"@type\":\"SearchAction\",\"target\":{\"@type\":\"EntryPoint\",\"urlTemplate\":\"https:\\\/\\\/marcelolopes.jor.br\\\/site\\\/?s={search_term_string}\"},\"query-input\":{\"@type\":\"PropertyValueSpecification\",\"valueRequired\":true,\"valueName\":\"search_term_string\"}}],\"inLanguage\":\"pt-BR\"},{\"@type\":\"Organization\",\"@id\":\"https:\\\/\\\/marcelolopes.jor.br\\\/site\\\/#organization\",\"name\":\"Site do Marcelo Lopes\",\"url\":\"https:\\\/\\\/marcelolopes.jor.br\\\/site\\\/\",\"logo\":{\"@type\":\"ImageObject\",\"inLanguage\":\"pt-BR\",\"@id\":\"https:\\\/\\\/marcelolopes.jor.br\\\/site\\\/#\\\/schema\\\/logo\\\/image\\\/\",\"url\":\"https:\\\/\\\/marcelolopes.jor.br\\\/site\\\/wp-content\\\/uploads\\\/2024\\\/11\\\/logo-1.png\",\"contentUrl\":\"https:\\\/\\\/marcelolopes.jor.br\\\/site\\\/wp-content\\\/uploads\\\/2024\\\/11\\\/logo-1.png\",\"width\":475,\"height\":80,\"caption\":\"Site do Marcelo Lopes\"},\"image\":{\"@id\":\"https:\\\/\\\/marcelolopes.jor.br\\\/site\\\/#\\\/schema\\\/logo\\\/image\\\/\"},\"sameAs\":[\"https:\\\/\\\/www.facebook.com\\\/sitedomarcelolopes\",\"https:\\\/\\\/www.instagram.com\\\/sitedomarcelolopes\\\/\",\"https:\\\/\\\/www.linkedin.com\\\/company\\\/site-do-marcelo-lopes\\\/\",\"https:\\\/\\\/www.youtube.com\\\/user\\\/marcelolopes957\"]},{\"@type\":\"Person\",\"@id\":\"https:\\\/\\\/marcelolopes.jor.br\\\/site\\\/#\\\/schema\\\/person\\\/3e7216a35c34d8fdf952b31da3d1f89f\",\"name\":\"Marcelo Lopes\",\"sameAs\":[\"http:\\\/\\\/www.marcelolopes.jor.br\"],\"url\":\"https:\\\/\\\/marcelolopes.jor.br\\\/site\\\/author\\\/marcelo\\\/\"}]}<\/script>\n<!-- \/ Yoast SEO plugin. -->","yoast_head_json":{"title":"Mira\u00ed conhece projeto do novo f\u00f3rum da comarca | Marcelo Lopes","robots":{"index":"index","follow":"follow","max-snippet":"max-snippet:-1","max-image-preview":"max-image-preview:large","max-video-preview":"max-video-preview:-1"},"canonical":"https:\/\/marcelolopes.jor.br\/site\/2019\/09\/27\/mirai-conhece-projeto-do-novo-forum-da-comarca\/","og_locale":"pt_BR","og_type":"article","og_title":"Mira\u00ed conhece projeto do novo f\u00f3rum da comarca | Marcelo Lopes","og_description":"Uma solenidade na tarde do \u00faltimo dia 23 de setembro, marcou a apresenta\u00e7\u00e3o do projeto do novo F\u00f3rum Ministro Ant\u00f4nio Martins Vilas Boas, da Comarca de Mira\u00ed, \u00e0 comunidade local. O evento contou com a presen\u00e7a do presidente do TribunalLeia mais Mira\u00ed conhece projeto do novo f\u00f3rum da comarca","og_url":"https:\/\/marcelolopes.jor.br\/site\/2019\/09\/27\/mirai-conhece-projeto-do-novo-forum-da-comarca\/","og_site_name":"Marcelo Lopes","article_publisher":"https:\/\/www.facebook.com\/sitedomarcelolopes","article_published_time":"2019-09-27T19:00:49+00:00","og_image":[{"width":1000,"height":667,"url":"https:\/\/marcelolopes.jor.br\/site\/wp-content\/uploads\/2019\/09\/noticia-3-mirai.jpg","type":"image\/jpeg"}],"author":"Marcelo Lopes","twitter_card":"summary_large_image","twitter_misc":{"Escrito por":"Marcelo Lopes","Est. tempo de leitura":"3 minutos"},"schema":{"@context":"https:\/\/schema.org","@graph":[{"@type":"NewsArticle","@id":"https:\/\/marcelolopes.jor.br\/site\/2019\/09\/27\/mirai-conhece-projeto-do-novo-forum-da-comarca\/#article","isPartOf":{"@id":"https:\/\/marcelolopes.jor.br\/site\/2019\/09\/27\/mirai-conhece-projeto-do-novo-forum-da-comarca\/"},"author":{"name":"Marcelo Lopes","@id":"https:\/\/marcelolopes.jor.br\/site\/#\/schema\/person\/3e7216a35c34d8fdf952b31da3d1f89f"},"headline":"Mira\u00ed conhece projeto do novo f\u00f3rum da comarca","datePublished":"2019-09-27T19:00:49+00:00","mainEntityOfPage":{"@id":"https:\/\/marcelolopes.jor.br\/site\/2019\/09\/27\/mirai-conhece-projeto-do-novo-forum-da-comarca\/"},"wordCount":650,"commentCount":0,"publisher":{"@id":"https:\/\/marcelolopes.jor.br\/site\/#organization"},"image":{"@id":"https:\/\/marcelolopes.jor.br\/site\/2019\/09\/27\/mirai-conhece-projeto-do-novo-forum-da-comarca\/#primaryimage"},"thumbnailUrl":"https:\/\/marcelolopes.jor.br\/site\/wp-content\/uploads\/2019\/09\/noticia-3-mirai.jpg","keywords":["F\u00f3rum de Mira\u00ed. constru\u00e7\u00e3o do f\u00f3rum","Mira\u00ed","TJMG"],"articleSection":["Not\u00edcias"],"inLanguage":"pt-BR","potentialAction":[{"@type":"CommentAction","name":"Comment","target":["https:\/\/marcelolopes.jor.br\/site\/2019\/09\/27\/mirai-conhece-projeto-do-novo-forum-da-comarca\/#respond"]}]},{"@type":"WebPage","@id":"https:\/\/marcelolopes.jor.br\/site\/2019\/09\/27\/mirai-conhece-projeto-do-novo-forum-da-comarca\/","url":"https:\/\/marcelolopes.jor.br\/site\/2019\/09\/27\/mirai-conhece-projeto-do-novo-forum-da-comarca\/","name":"Mira\u00ed conhece projeto do novo f\u00f3rum da comarca | Marcelo Lopes","isPartOf":{"@id":"https:\/\/marcelolopes.jor.br\/site\/#website"},"primaryImageOfPage":{"@id":"https:\/\/marcelolopes.jor.br\/site\/2019\/09\/27\/mirai-conhece-projeto-do-novo-forum-da-comarca\/#primaryimage"},"image":{"@id":"https:\/\/marcelolopes.jor.br\/site\/2019\/09\/27\/mirai-conhece-projeto-do-novo-forum-da-comarca\/#primaryimage"},"thumbnailUrl":"https:\/\/marcelolopes.jor.br\/site\/wp-content\/uploads\/2019\/09\/noticia-3-mirai.jpg","datePublished":"2019-09-27T19:00:49+00:00","breadcrumb":{"@id":"https:\/\/marcelolopes.jor.br\/site\/2019\/09\/27\/mirai-conhece-projeto-do-novo-forum-da-comarca\/#breadcrumb"},"inLanguage":"pt-BR","potentialAction":[{"@type":"ReadAction","target":["https:\/\/marcelolopes.jor.br\/site\/2019\/09\/27\/mirai-conhece-projeto-do-novo-forum-da-comarca\/"]}]},{"@type":"ImageObject","inLanguage":"pt-BR","@id":"https:\/\/marcelolopes.jor.br\/site\/2019\/09\/27\/mirai-conhece-projeto-do-novo-forum-da-comarca\/#primaryimage","url":"https:\/\/marcelolopes.jor.br\/site\/wp-content\/uploads\/2019\/09\/noticia-3-mirai.jpg","contentUrl":"https:\/\/marcelolopes.jor.br\/site\/wp-content\/uploads\/2019\/09\/noticia-3-mirai.jpg","width":1000,"height":667},{"@type":"BreadcrumbList","@id":"https:\/\/marcelolopes.jor.br\/site\/2019\/09\/27\/mirai-conhece-projeto-do-novo-forum-da-comarca\/#breadcrumb","itemListElement":[{"@type":"ListItem","position":1,"name":"Home","item":"https:\/\/marcelolopes.jor.br\/site\/"},{"@type":"ListItem","position":2,"name":"Mira\u00ed conhece projeto do novo f\u00f3rum da comarca"}]},{"@type":"WebSite","@id":"https:\/\/marcelolopes.jor.br\/site\/#website","url":"https:\/\/marcelolopes.jor.br\/site\/","name":"Marcelo Lopes","description":"Not\u00edcias de Cataguases e Regi\u00e3o","publisher":{"@id":"https:\/\/marcelolopes.jor.br\/site\/#organization"},"potentialAction":[{"@type":"SearchAction","target":{"@type":"EntryPoint","urlTemplate":"https:\/\/marcelolopes.jor.br\/site\/?s={search_term_string}"},"query-input":{"@type":"PropertyValueSpecification","valueRequired":true,"valueName":"search_term_string"}}],"inLanguage":"pt-BR"},{"@type":"Organization","@id":"https:\/\/marcelolopes.jor.br\/site\/#organization","name":"Site do Marcelo Lopes","url":"https:\/\/marcelolopes.jor.br\/site\/","logo":{"@type":"ImageObject","inLanguage":"pt-BR","@id":"https:\/\/marcelolopes.jor.br\/site\/#\/schema\/logo\/image\/","url":"https:\/\/marcelolopes.jor.br\/site\/wp-content\/uploads\/2024\/11\/logo-1.png","contentUrl":"https:\/\/marcelolopes.jor.br\/site\/wp-content\/uploads\/2024\/11\/logo-1.png","width":475,"height":80,"caption":"Site do Marcelo Lopes"},"image":{"@id":"https:\/\/marcelolopes.jor.br\/site\/#\/schema\/logo\/image\/"},"sameAs":["https:\/\/www.facebook.com\/sitedomarcelolopes","https:\/\/www.instagram.com\/sitedomarcelolopes\/","https:\/\/www.linkedin.com\/company\/site-do-marcelo-lopes\/","https:\/\/www.youtube.com\/user\/marcelolopes957"]},{"@type":"Person","@id":"https:\/\/marcelolopes.jor.br\/site\/#\/schema\/person\/3e7216a35c34d8fdf952b31da3d1f89f","name":"Marcelo Lopes","sameAs":["http:\/\/www.marcelolopes.jor.br"],"url":"https:\/\/marcelolopes.jor.br\/site\/author\/marcelo\/"}]}},"wps_subtitle":"O valor estimado da obra, que dever\u00e1 ser conclu\u00edda em outubro de 2020, \u00e9 de R$ 4,15 milh\u00f5es.","_links":{"self":[{"href":"https:\/\/marcelolopes.jor.br\/site\/wp-json\/wp\/v2\/posts\/6334","targetHints":{"allow":["GET"]}}],"collection":[{"href":"https:\/\/marcelolopes.jor.br\/site\/wp-json\/wp\/v2\/posts"}],"about":[{"href":"https:\/\/marcelolopes.jor.br\/site\/wp-json\/wp\/v2\/types\/post"}],"author":[{"embeddable":true,"href":"https:\/\/marcelolopes.jor.br\/site\/wp-json\/wp\/v2\/users\/2"}],"replies":[{"embeddable":true,"href":"https:\/\/marcelolopes.jor.br\/site\/wp-json\/wp\/v2\/comments?post=6334"}],"version-history":[{"count":0,"href":"https:\/\/marcelolopes.jor.br\/site\/wp-json\/wp\/v2\/posts\/6334\/revisions"}],"wp:featuredmedia":[{"embeddable":true,"href":"https:\/\/marcelolopes.jor.br\/site\/wp-json\/wp\/v2\/media\/6336"}],"wp:attachment":[{"href":"https:\/\/marcelolopes.jor.br\/site\/wp-json\/wp\/v2\/media?parent=6334"}],"wp:term":[{"taxonomy":"category","embeddable":true,"href":"https:\/\/marcelolopes.jor.br\/site\/wp-json\/wp\/v2\/categories?post=6334"},{"taxonomy":"post_tag","embeddable":true,"href":"https:\/\/marcelolopes.jor.br\/site\/wp-json\/wp\/v2\/tags?post=6334"}],"curies":[{"name":"wp","href":"https:\/\/api.w.org\/{rel}","templated":true}]}}