{"id":63166,"date":"2026-01-13T12:00:39","date_gmt":"2026-01-13T15:00:39","guid":{"rendered":"https:\/\/marcelolopes.jor.br\/?p=63166"},"modified":"2026-01-13T09:12:46","modified_gmt":"2026-01-13T12:12:46","slug":"presidiario-de-muriae-e-morto-e-tem-pes-e-maos-decepados-na-cela","status":"publish","type":"post","link":"https:\/\/marcelolopes.jor.br\/site\/2026\/01\/13\/presidiario-de-muriae-e-morto-e-tem-pes-e-maos-decepados-na-cela\/","title":{"rendered":"Presidi\u00e1rio de Muria\u00e9 \u00e9 morto e tem p\u00e9s e m\u00e3os decepados na cela"},"content":{"rendered":"<p>Um homem de 37 anos, identificado como Douglas Crist\u00f3v\u00e3o Fernandes, natural de Caratinga (MG), que estava cumprindo pena na Penitenci\u00e1ria Dr. Manoel Martins Lisboa J\u00fanior, em Muria\u00e9, foi encontrado morto em sua cela, na tarde desta segunda-feira, 12 de janeiro, com partes do corpo mutiladas.<!--more--><\/p>\n<h4 class=\"p1\"><span class=\"s1\">\ud83d\udcf8\u00a0<span style=\"color: #008000;\">Siga o Site do Marcelo Lopes no<\/span>\u00a0<span style=\"color: #800000;\"><a style=\"color: #800000;\" href=\"https:\/\/www.facebook.com\/sitedomarcelolopes\/\"><strong>Facebook<\/strong><\/a><\/span>\u00a0<span style=\"color: #008000;\">e no<\/span>\u00a0<span style=\"color: #800000;\"><strong><a style=\"color: #800000;\" href=\"https:\/\/www.instagram.com\/sitedomarcelolopes\/\">Instagram<\/a><\/strong><\/span><\/span><\/h4>\n<h4 class=\"p1\">\ud83d\udcf1<span style=\"color: #008000;\">Participe do grupo de<\/span>\u00a0<span style=\"color: #800000;\"><a style=\"color: #800000;\" href=\"https:\/\/chat.whatsapp.com\/BibzcI1ibYSKytbdyzubLA\"><strong>WhatsApp<\/strong><\/a><\/span> <span style=\"color: #008000;\">do Site do Marcelo Lopes<\/span><\/h4>\n<p>Segundo as primeiras informa\u00e7\u00f5es divulgadas pela R\u00e1dio Muria\u00e9, o homem teve as duas m\u00e3os e um dos p\u00e9s serrados, e foi violentamente agredido antes de morrer. A v\u00edtima cumpria pena por crimes de posse de drogas e furto.<\/p>\n<p>Um outro detento que dividia a cela com Douglas assumiu a autoria do homic\u00eddio. Em depoimento, ele confessou a autoria, afirmou que enforcou a v\u00edtima com um len\u00e7ol e disse que o assassinato teria sido motivado por homofobia.<\/p>\n<p>A Pol\u00edcia Civil esteve no local e realizou a per\u00edcia da cena do crime, que segue para investiga\u00e7\u00e3o da Delegacia de Homic\u00eddios e Prote\u00e7\u00e3o \u00e0 Pessoa (DHPP).<\/p>\n<p>O delegado respons\u00e1vel pelo caso, Tayrone Esp\u00edndola, disse \u00e0 TV Integra\u00e7\u00e3o que a motiva\u00e7\u00e3o do homic\u00eddio ainda \u00e9 investigada.<\/p>\n<blockquote><p>\u201cPor conta da viol\u00eancia e da agressividade da a\u00e7\u00e3o, o crime tamb\u00e9m pode estar relacionado a disputas entre fac\u00e7\u00f5es criminosas rivais, o que \u00e9 muito comum nesse tipo de ocorr\u00eancia, inclusive como forma de intimida\u00e7\u00e3o do grupo rival\u201d, acrescentou.<\/p><\/blockquote>\n<p><strong>OUTRAS NOT\u00cdCIAS<\/strong><br \/>\n<a href=\"https:\/\/marcelolopes.jor.br\/2024\/12\/23\/detento-de-22-anos-morre-em-penitenciaria-de-muriae\/\"><strong><span style=\"color: #800000;\">Detento de 22 anos morre em penitenci\u00e1ria de Muria\u00e9<\/span><\/strong><\/a><\/p>\n<p><a href=\"https:\/\/marcelolopes.jor.br\/2024\/07\/12\/detento-e-encontrado-morto-dentro-de-cela-na-penitenciaria-de-muriae\/\"><strong><span style=\"color: #800000;\">Detento \u00e9 encontrado morto dentro de cela na Penitenci\u00e1ria de Muria\u00e9<\/span><\/strong><\/a><\/p>\n<p>Fonte: R\u00e1dio Muria\u00e9 e TV Integra\u00e7\u00e3o | Foto: Silvan Alves<\/p>\n<div class=\"jkfgk69f736ba180e7\" ><br><\/div><style type=\"text\/css\">\r\n@media screen and (min-width: 1201px) {\r\n.jkfgk69f736ba180e7 {\r\ndisplay: block;\r\n}\r\n}\r\n@media screen and (min-width: 993px) and (max-width: 1200px) {\r\n.jkfgk69f736ba180e7 {\r\ndisplay: block;\r\n}\r\n}\r\n@media screen and (min-width: 769px) and (max-width: 992px) {\r\n.jkfgk69f736ba180e7 {\r\ndisplay: block;\r\n}\r\n}\r\n@media screen and (min-width: 768px) and (max-width: 768px) {\r\n.jkfgk69f736ba180e7 {\r\ndisplay: block;\r\n}\r\n}\r\n@media screen and (max-width: 767px) {\r\n.jkfgk69f736ba180e7 {\r\ndisplay: block;\r\n}\r\n}\r\n<\/style>\r\n<div class=\"lffwk69f736ba1d9ae\" ><div id=\"div_destino\"><\/div>\r\n<script src=\"https:\/\/cdn.snsrsv.com\/sdk.js\"><\/script>\r\n<script >\r\n      new sdk(\"464030C30061EA8BE065000000000001\") \r\n          .appendTo(\"div_destino\")\r\n          .disableStyle(true) \r\n          .setCacheBusterMacro(\"%%CACHEBUSTER%%\")\r\n          .setSize(\"800\",\"214\")\r\n          .setClickMacro(\"%%CLICK_URL_ESC%%\") \r\n          .setReferrerUrlMacro(\"%%REFERRER_URL_ESC%%\") \r\n          .start(); \r\n<\/script><\/div><style type=\"text\/css\">\r\n@media screen and (min-width: 1201px) {\r\n.lffwk69f736ba1d9ae {\r\ndisplay: block;\r\n}\r\n}\r\n@media screen and (min-width: 993px) and (max-width: 1200px) {\r\n.lffwk69f736ba1d9ae {\r\ndisplay: block;\r\n}\r\n}\r\n@media screen and (min-width: 769px) and (max-width: 992px) {\r\n.lffwk69f736ba1d9ae {\r\ndisplay: block;\r\n}\r\n}\r\n@media screen and (min-width: 768px) and (max-width: 768px) {\r\n.lffwk69f736ba1d9ae {\r\ndisplay: block;\r\n}\r\n}\r\n@media screen and (max-width: 767px) {\r\n.lffwk69f736ba1d9ae {\r\ndisplay: block;\r\n}\r\n}\r\n<\/style>\r\n","protected":false},"excerpt":{"rendered":"<p>Um homem de 37 anos, identificado como Douglas Crist\u00f3v\u00e3o Fernandes, natural de Caratinga (MG), que estava cumprindo pena na Penitenci\u00e1ria Dr. Manoel Martins Lisboa J\u00fanior, em Muria\u00e9, foi encontrado morto em sua cela, na tarde desta segunda-feira, 12 de janeiro,<\/p>\n<p class=\"link-more\"><a class=\"more-link\" href=\"https:\/\/marcelolopes.jor.br\/site\/2026\/01\/13\/presidiario-de-muriae-e-morto-e-tem-pes-e-maos-decepados-na-cela\/\">Leia mais <span class=\"screen-reader-text\">Presidi\u00e1rio de Muria\u00e9 \u00e9 morto e tem p\u00e9s e m\u00e3os decepados na cela<\/span><\/a><\/p>\n","protected":false},"author":2,"featured_media":63167,"comment_status":"open","ping_status":"closed","sticky":false,"template":"","format":"standard","meta":{"footnotes":""},"categories":[1],"tags":[],"class_list":["post-63166","post","type-post","status-publish","format-standard","has-post-thumbnail","hentry","category-noticias","thumb-below-title"],"yoast_head":"<!-- This site is optimized with the Yoast SEO plugin v27.4 - https:\/\/yoast.com\/product\/yoast-seo-wordpress\/ -->\n<title>Presidi\u00e1rio de Muria\u00e9 \u00e9 morto e tem p\u00e9s e m\u00e3os decepados na cela | Marcelo Lopes<\/title>\n<meta name=\"description\" content=\"Presidi\u00e1rio de Muria\u00e9 \u00e9 morto e tem p\u00e9s e m\u00e3os decepados na cela. Pol\u00edcia Civil investiga o crime que pode ter sido motivado por homofobia.\" \/>\n<meta name=\"robots\" content=\"index, follow, max-snippet:-1, max-image-preview:large, max-video-preview:-1\" \/>\n<link rel=\"canonical\" href=\"https:\/\/marcelolopes.jor.br\/site\/2026\/01\/13\/presidiario-de-muriae-e-morto-e-tem-pes-e-maos-decepados-na-cela\/\" \/>\n<meta property=\"og:locale\" content=\"pt_BR\" \/>\n<meta property=\"og:type\" content=\"article\" \/>\n<meta property=\"og:title\" content=\"Presidi\u00e1rio de Muria\u00e9 \u00e9 morto e tem p\u00e9s e m\u00e3os decepados na cela | Marcelo Lopes\" \/>\n<meta property=\"og:description\" content=\"Presidi\u00e1rio de Muria\u00e9 \u00e9 morto e tem p\u00e9s e m\u00e3os decepados na cela. Pol\u00edcia Civil investiga o crime que pode ter sido motivado por homofobia.\" \/>\n<meta property=\"og:url\" content=\"https:\/\/marcelolopes.jor.br\/site\/2026\/01\/13\/presidiario-de-muriae-e-morto-e-tem-pes-e-maos-decepados-na-cela\/\" \/>\n<meta property=\"og:site_name\" content=\"Marcelo Lopes\" \/>\n<meta property=\"article:publisher\" content=\"https:\/\/www.facebook.com\/sitedomarcelolopes\" \/>\n<meta property=\"article:published_time\" content=\"2026-01-13T15:00:39+00:00\" \/>\n<meta property=\"og:image\" content=\"https:\/\/marcelolopes.jor.br\/site\/wp-content\/uploads\/2026\/01\/Penitenciaria-Muriae.jpg\" \/>\n\t<meta property=\"og:image:width\" content=\"639\" \/>\n\t<meta property=\"og:image:height\" content=\"430\" \/>\n\t<meta property=\"og:image:type\" content=\"image\/jpeg\" \/>\n<meta name=\"author\" content=\"Marcelo Lopes\" \/>\n<meta name=\"twitter:card\" content=\"summary_large_image\" \/>\n<meta name=\"twitter:label1\" content=\"Escrito por\" \/>\n\t<meta name=\"twitter:data1\" content=\"Marcelo Lopes\" \/>\n\t<meta name=\"twitter:label2\" content=\"Est. tempo de leitura\" \/>\n\t<meta name=\"twitter:data2\" content=\"1 minuto\" \/>\n<script type=\"application\/ld+json\" class=\"yoast-schema-graph\">{\"@context\":\"https:\\\/\\\/schema.org\",\"@graph\":[{\"@type\":\"NewsArticle\",\"@id\":\"https:\\\/\\\/marcelolopes.jor.br\\\/site\\\/2026\\\/01\\\/13\\\/presidiario-de-muriae-e-morto-e-tem-pes-e-maos-decepados-na-cela\\\/#article\",\"isPartOf\":{\"@id\":\"https:\\\/\\\/marcelolopes.jor.br\\\/site\\\/2026\\\/01\\\/13\\\/presidiario-de-muriae-e-morto-e-tem-pes-e-maos-decepados-na-cela\\\/\"},\"author\":{\"name\":\"Marcelo Lopes\",\"@id\":\"https:\\\/\\\/marcelolopes.jor.br\\\/site\\\/#\\\/schema\\\/person\\\/3e7216a35c34d8fdf952b31da3d1f89f\"},\"headline\":\"Presidi\u00e1rio de Muria\u00e9 \u00e9 morto e tem p\u00e9s e m\u00e3os decepados na cela\",\"datePublished\":\"2026-01-13T15:00:39+00:00\",\"mainEntityOfPage\":{\"@id\":\"https:\\\/\\\/marcelolopes.jor.br\\\/site\\\/2026\\\/01\\\/13\\\/presidiario-de-muriae-e-morto-e-tem-pes-e-maos-decepados-na-cela\\\/\"},\"wordCount\":298,\"commentCount\":0,\"publisher\":{\"@id\":\"https:\\\/\\\/marcelolopes.jor.br\\\/site\\\/#organization\"},\"image\":{\"@id\":\"https:\\\/\\\/marcelolopes.jor.br\\\/site\\\/2026\\\/01\\\/13\\\/presidiario-de-muriae-e-morto-e-tem-pes-e-maos-decepados-na-cela\\\/#primaryimage\"},\"thumbnailUrl\":\"https:\\\/\\\/marcelolopes.jor.br\\\/site\\\/wp-content\\\/uploads\\\/2026\\\/01\\\/Penitenciaria-Muriae.jpg\",\"articleSection\":[\"Not\u00edcias\"],\"inLanguage\":\"pt-BR\",\"potentialAction\":[{\"@type\":\"CommentAction\",\"name\":\"Comment\",\"target\":[\"https:\\\/\\\/marcelolopes.jor.br\\\/site\\\/2026\\\/01\\\/13\\\/presidiario-de-muriae-e-morto-e-tem-pes-e-maos-decepados-na-cela\\\/#respond\"]}]},{\"@type\":\"WebPage\",\"@id\":\"https:\\\/\\\/marcelolopes.jor.br\\\/site\\\/2026\\\/01\\\/13\\\/presidiario-de-muriae-e-morto-e-tem-pes-e-maos-decepados-na-cela\\\/\",\"url\":\"https:\\\/\\\/marcelolopes.jor.br\\\/site\\\/2026\\\/01\\\/13\\\/presidiario-de-muriae-e-morto-e-tem-pes-e-maos-decepados-na-cela\\\/\",\"name\":\"Presidi\u00e1rio de Muria\u00e9 \u00e9 morto e tem p\u00e9s e m\u00e3os decepados na cela | Marcelo Lopes\",\"isPartOf\":{\"@id\":\"https:\\\/\\\/marcelolopes.jor.br\\\/site\\\/#website\"},\"primaryImageOfPage\":{\"@id\":\"https:\\\/\\\/marcelolopes.jor.br\\\/site\\\/2026\\\/01\\\/13\\\/presidiario-de-muriae-e-morto-e-tem-pes-e-maos-decepados-na-cela\\\/#primaryimage\"},\"image\":{\"@id\":\"https:\\\/\\\/marcelolopes.jor.br\\\/site\\\/2026\\\/01\\\/13\\\/presidiario-de-muriae-e-morto-e-tem-pes-e-maos-decepados-na-cela\\\/#primaryimage\"},\"thumbnailUrl\":\"https:\\\/\\\/marcelolopes.jor.br\\\/site\\\/wp-content\\\/uploads\\\/2026\\\/01\\\/Penitenciaria-Muriae.jpg\",\"datePublished\":\"2026-01-13T15:00:39+00:00\",\"description\":\"Presidi\u00e1rio de Muria\u00e9 \u00e9 morto e tem p\u00e9s e m\u00e3os decepados na cela. Pol\u00edcia Civil investiga o crime que pode ter sido motivado por homofobia.\",\"breadcrumb\":{\"@id\":\"https:\\\/\\\/marcelolopes.jor.br\\\/site\\\/2026\\\/01\\\/13\\\/presidiario-de-muriae-e-morto-e-tem-pes-e-maos-decepados-na-cela\\\/#breadcrumb\"},\"inLanguage\":\"pt-BR\",\"potentialAction\":[{\"@type\":\"ReadAction\",\"target\":[\"https:\\\/\\\/marcelolopes.jor.br\\\/site\\\/2026\\\/01\\\/13\\\/presidiario-de-muriae-e-morto-e-tem-pes-e-maos-decepados-na-cela\\\/\"]}]},{\"@type\":\"ImageObject\",\"inLanguage\":\"pt-BR\",\"@id\":\"https:\\\/\\\/marcelolopes.jor.br\\\/site\\\/2026\\\/01\\\/13\\\/presidiario-de-muriae-e-morto-e-tem-pes-e-maos-decepados-na-cela\\\/#primaryimage\",\"url\":\"https:\\\/\\\/marcelolopes.jor.br\\\/site\\\/wp-content\\\/uploads\\\/2026\\\/01\\\/Penitenciaria-Muriae.jpg\",\"contentUrl\":\"https:\\\/\\\/marcelolopes.jor.br\\\/site\\\/wp-content\\\/uploads\\\/2026\\\/01\\\/Penitenciaria-Muriae.jpg\",\"width\":639,\"height\":430,\"caption\":\"Presidi\u00e1rio de Muria\u00e9 \u00e9\"},{\"@type\":\"BreadcrumbList\",\"@id\":\"https:\\\/\\\/marcelolopes.jor.br\\\/site\\\/2026\\\/01\\\/13\\\/presidiario-de-muriae-e-morto-e-tem-pes-e-maos-decepados-na-cela\\\/#breadcrumb\",\"itemListElement\":[{\"@type\":\"ListItem\",\"position\":1,\"name\":\"Home\",\"item\":\"https:\\\/\\\/marcelolopes.jor.br\\\/site\\\/\"},{\"@type\":\"ListItem\",\"position\":2,\"name\":\"Presidi\u00e1rio de Muria\u00e9 \u00e9 morto e tem p\u00e9s e m\u00e3os decepados na cela\"}]},{\"@type\":\"WebSite\",\"@id\":\"https:\\\/\\\/marcelolopes.jor.br\\\/site\\\/#website\",\"url\":\"https:\\\/\\\/marcelolopes.jor.br\\\/site\\\/\",\"name\":\"Marcelo Lopes\",\"description\":\"Not\u00edcias de Cataguases e Regi\u00e3o\",\"publisher\":{\"@id\":\"https:\\\/\\\/marcelolopes.jor.br\\\/site\\\/#organization\"},\"potentialAction\":[{\"@type\":\"SearchAction\",\"target\":{\"@type\":\"EntryPoint\",\"urlTemplate\":\"https:\\\/\\\/marcelolopes.jor.br\\\/site\\\/?s={search_term_string}\"},\"query-input\":{\"@type\":\"PropertyValueSpecification\",\"valueRequired\":true,\"valueName\":\"search_term_string\"}}],\"inLanguage\":\"pt-BR\"},{\"@type\":\"Organization\",\"@id\":\"https:\\\/\\\/marcelolopes.jor.br\\\/site\\\/#organization\",\"name\":\"Site do Marcelo Lopes\",\"url\":\"https:\\\/\\\/marcelolopes.jor.br\\\/site\\\/\",\"logo\":{\"@type\":\"ImageObject\",\"inLanguage\":\"pt-BR\",\"@id\":\"https:\\\/\\\/marcelolopes.jor.br\\\/site\\\/#\\\/schema\\\/logo\\\/image\\\/\",\"url\":\"https:\\\/\\\/marcelolopes.jor.br\\\/site\\\/wp-content\\\/uploads\\\/2024\\\/11\\\/logo-1.png\",\"contentUrl\":\"https:\\\/\\\/marcelolopes.jor.br\\\/site\\\/wp-content\\\/uploads\\\/2024\\\/11\\\/logo-1.png\",\"width\":475,\"height\":80,\"caption\":\"Site do Marcelo Lopes\"},\"image\":{\"@id\":\"https:\\\/\\\/marcelolopes.jor.br\\\/site\\\/#\\\/schema\\\/logo\\\/image\\\/\"},\"sameAs\":[\"https:\\\/\\\/www.facebook.com\\\/sitedomarcelolopes\",\"https:\\\/\\\/www.instagram.com\\\/sitedomarcelolopes\\\/\",\"https:\\\/\\\/www.linkedin.com\\\/company\\\/site-do-marcelo-lopes\\\/\",\"https:\\\/\\\/www.youtube.com\\\/user\\\/marcelolopes957\"]},{\"@type\":\"Person\",\"@id\":\"https:\\\/\\\/marcelolopes.jor.br\\\/site\\\/#\\\/schema\\\/person\\\/3e7216a35c34d8fdf952b31da3d1f89f\",\"name\":\"Marcelo Lopes\",\"sameAs\":[\"http:\\\/\\\/www.marcelolopes.jor.br\"],\"url\":\"https:\\\/\\\/marcelolopes.jor.br\\\/site\\\/author\\\/marcelo\\\/\"}]}<\/script>\n<!-- \/ Yoast SEO plugin. -->","yoast_head_json":{"title":"Presidi\u00e1rio de Muria\u00e9 \u00e9 morto e tem p\u00e9s e m\u00e3os decepados na cela | Marcelo Lopes","description":"Presidi\u00e1rio de Muria\u00e9 \u00e9 morto e tem p\u00e9s e m\u00e3os decepados na cela. Pol\u00edcia Civil investiga o crime que pode ter sido motivado por homofobia.","robots":{"index":"index","follow":"follow","max-snippet":"max-snippet:-1","max-image-preview":"max-image-preview:large","max-video-preview":"max-video-preview:-1"},"canonical":"https:\/\/marcelolopes.jor.br\/site\/2026\/01\/13\/presidiario-de-muriae-e-morto-e-tem-pes-e-maos-decepados-na-cela\/","og_locale":"pt_BR","og_type":"article","og_title":"Presidi\u00e1rio de Muria\u00e9 \u00e9 morto e tem p\u00e9s e m\u00e3os decepados na cela | Marcelo Lopes","og_description":"Presidi\u00e1rio de Muria\u00e9 \u00e9 morto e tem p\u00e9s e m\u00e3os decepados na cela. Pol\u00edcia Civil investiga o crime que pode ter sido motivado por homofobia.","og_url":"https:\/\/marcelolopes.jor.br\/site\/2026\/01\/13\/presidiario-de-muriae-e-morto-e-tem-pes-e-maos-decepados-na-cela\/","og_site_name":"Marcelo Lopes","article_publisher":"https:\/\/www.facebook.com\/sitedomarcelolopes","article_published_time":"2026-01-13T15:00:39+00:00","og_image":[{"width":639,"height":430,"url":"https:\/\/marcelolopes.jor.br\/site\/wp-content\/uploads\/2026\/01\/Penitenciaria-Muriae.jpg","type":"image\/jpeg"}],"author":"Marcelo Lopes","twitter_card":"summary_large_image","twitter_misc":{"Escrito por":"Marcelo Lopes","Est. tempo de leitura":"1 minuto"},"schema":{"@context":"https:\/\/schema.org","@graph":[{"@type":"NewsArticle","@id":"https:\/\/marcelolopes.jor.br\/site\/2026\/01\/13\/presidiario-de-muriae-e-morto-e-tem-pes-e-maos-decepados-na-cela\/#article","isPartOf":{"@id":"https:\/\/marcelolopes.jor.br\/site\/2026\/01\/13\/presidiario-de-muriae-e-morto-e-tem-pes-e-maos-decepados-na-cela\/"},"author":{"name":"Marcelo Lopes","@id":"https:\/\/marcelolopes.jor.br\/site\/#\/schema\/person\/3e7216a35c34d8fdf952b31da3d1f89f"},"headline":"Presidi\u00e1rio de Muria\u00e9 \u00e9 morto e tem p\u00e9s e m\u00e3os decepados na cela","datePublished":"2026-01-13T15:00:39+00:00","mainEntityOfPage":{"@id":"https:\/\/marcelolopes.jor.br\/site\/2026\/01\/13\/presidiario-de-muriae-e-morto-e-tem-pes-e-maos-decepados-na-cela\/"},"wordCount":298,"commentCount":0,"publisher":{"@id":"https:\/\/marcelolopes.jor.br\/site\/#organization"},"image":{"@id":"https:\/\/marcelolopes.jor.br\/site\/2026\/01\/13\/presidiario-de-muriae-e-morto-e-tem-pes-e-maos-decepados-na-cela\/#primaryimage"},"thumbnailUrl":"https:\/\/marcelolopes.jor.br\/site\/wp-content\/uploads\/2026\/01\/Penitenciaria-Muriae.jpg","articleSection":["Not\u00edcias"],"inLanguage":"pt-BR","potentialAction":[{"@type":"CommentAction","name":"Comment","target":["https:\/\/marcelolopes.jor.br\/site\/2026\/01\/13\/presidiario-de-muriae-e-morto-e-tem-pes-e-maos-decepados-na-cela\/#respond"]}]},{"@type":"WebPage","@id":"https:\/\/marcelolopes.jor.br\/site\/2026\/01\/13\/presidiario-de-muriae-e-morto-e-tem-pes-e-maos-decepados-na-cela\/","url":"https:\/\/marcelolopes.jor.br\/site\/2026\/01\/13\/presidiario-de-muriae-e-morto-e-tem-pes-e-maos-decepados-na-cela\/","name":"Presidi\u00e1rio de Muria\u00e9 \u00e9 morto e tem p\u00e9s e m\u00e3os decepados na cela | Marcelo Lopes","isPartOf":{"@id":"https:\/\/marcelolopes.jor.br\/site\/#website"},"primaryImageOfPage":{"@id":"https:\/\/marcelolopes.jor.br\/site\/2026\/01\/13\/presidiario-de-muriae-e-morto-e-tem-pes-e-maos-decepados-na-cela\/#primaryimage"},"image":{"@id":"https:\/\/marcelolopes.jor.br\/site\/2026\/01\/13\/presidiario-de-muriae-e-morto-e-tem-pes-e-maos-decepados-na-cela\/#primaryimage"},"thumbnailUrl":"https:\/\/marcelolopes.jor.br\/site\/wp-content\/uploads\/2026\/01\/Penitenciaria-Muriae.jpg","datePublished":"2026-01-13T15:00:39+00:00","description":"Presidi\u00e1rio de Muria\u00e9 \u00e9 morto e tem p\u00e9s e m\u00e3os decepados na cela. Pol\u00edcia Civil investiga o crime que pode ter sido motivado por homofobia.","breadcrumb":{"@id":"https:\/\/marcelolopes.jor.br\/site\/2026\/01\/13\/presidiario-de-muriae-e-morto-e-tem-pes-e-maos-decepados-na-cela\/#breadcrumb"},"inLanguage":"pt-BR","potentialAction":[{"@type":"ReadAction","target":["https:\/\/marcelolopes.jor.br\/site\/2026\/01\/13\/presidiario-de-muriae-e-morto-e-tem-pes-e-maos-decepados-na-cela\/"]}]},{"@type":"ImageObject","inLanguage":"pt-BR","@id":"https:\/\/marcelolopes.jor.br\/site\/2026\/01\/13\/presidiario-de-muriae-e-morto-e-tem-pes-e-maos-decepados-na-cela\/#primaryimage","url":"https:\/\/marcelolopes.jor.br\/site\/wp-content\/uploads\/2026\/01\/Penitenciaria-Muriae.jpg","contentUrl":"https:\/\/marcelolopes.jor.br\/site\/wp-content\/uploads\/2026\/01\/Penitenciaria-Muriae.jpg","width":639,"height":430,"caption":"Presidi\u00e1rio de Muria\u00e9 \u00e9"},{"@type":"BreadcrumbList","@id":"https:\/\/marcelolopes.jor.br\/site\/2026\/01\/13\/presidiario-de-muriae-e-morto-e-tem-pes-e-maos-decepados-na-cela\/#breadcrumb","itemListElement":[{"@type":"ListItem","position":1,"name":"Home","item":"https:\/\/marcelolopes.jor.br\/site\/"},{"@type":"ListItem","position":2,"name":"Presidi\u00e1rio de Muria\u00e9 \u00e9 morto e tem p\u00e9s e m\u00e3os decepados na cela"}]},{"@type":"WebSite","@id":"https:\/\/marcelolopes.jor.br\/site\/#website","url":"https:\/\/marcelolopes.jor.br\/site\/","name":"Marcelo Lopes","description":"Not\u00edcias de Cataguases e Regi\u00e3o","publisher":{"@id":"https:\/\/marcelolopes.jor.br\/site\/#organization"},"potentialAction":[{"@type":"SearchAction","target":{"@type":"EntryPoint","urlTemplate":"https:\/\/marcelolopes.jor.br\/site\/?s={search_term_string}"},"query-input":{"@type":"PropertyValueSpecification","valueRequired":true,"valueName":"search_term_string"}}],"inLanguage":"pt-BR"},{"@type":"Organization","@id":"https:\/\/marcelolopes.jor.br\/site\/#organization","name":"Site do Marcelo Lopes","url":"https:\/\/marcelolopes.jor.br\/site\/","logo":{"@type":"ImageObject","inLanguage":"pt-BR","@id":"https:\/\/marcelolopes.jor.br\/site\/#\/schema\/logo\/image\/","url":"https:\/\/marcelolopes.jor.br\/site\/wp-content\/uploads\/2024\/11\/logo-1.png","contentUrl":"https:\/\/marcelolopes.jor.br\/site\/wp-content\/uploads\/2024\/11\/logo-1.png","width":475,"height":80,"caption":"Site do Marcelo Lopes"},"image":{"@id":"https:\/\/marcelolopes.jor.br\/site\/#\/schema\/logo\/image\/"},"sameAs":["https:\/\/www.facebook.com\/sitedomarcelolopes","https:\/\/www.instagram.com\/sitedomarcelolopes\/","https:\/\/www.linkedin.com\/company\/site-do-marcelo-lopes\/","https:\/\/www.youtube.com\/user\/marcelolopes957"]},{"@type":"Person","@id":"https:\/\/marcelolopes.jor.br\/site\/#\/schema\/person\/3e7216a35c34d8fdf952b31da3d1f89f","name":"Marcelo Lopes","sameAs":["http:\/\/www.marcelolopes.jor.br"],"url":"https:\/\/marcelolopes.jor.br\/site\/author\/marcelo\/"}]}},"wps_subtitle":"Pol\u00edcia Civil investiga o crime que pode ter sido motivado por homofobia.","_links":{"self":[{"href":"https:\/\/marcelolopes.jor.br\/site\/wp-json\/wp\/v2\/posts\/63166","targetHints":{"allow":["GET"]}}],"collection":[{"href":"https:\/\/marcelolopes.jor.br\/site\/wp-json\/wp\/v2\/posts"}],"about":[{"href":"https:\/\/marcelolopes.jor.br\/site\/wp-json\/wp\/v2\/types\/post"}],"author":[{"embeddable":true,"href":"https:\/\/marcelolopes.jor.br\/site\/wp-json\/wp\/v2\/users\/2"}],"replies":[{"embeddable":true,"href":"https:\/\/marcelolopes.jor.br\/site\/wp-json\/wp\/v2\/comments?post=63166"}],"version-history":[{"count":0,"href":"https:\/\/marcelolopes.jor.br\/site\/wp-json\/wp\/v2\/posts\/63166\/revisions"}],"wp:featuredmedia":[{"embeddable":true,"href":"https:\/\/marcelolopes.jor.br\/site\/wp-json\/wp\/v2\/media\/63167"}],"wp:attachment":[{"href":"https:\/\/marcelolopes.jor.br\/site\/wp-json\/wp\/v2\/media?parent=63166"}],"wp:term":[{"taxonomy":"category","embeddable":true,"href":"https:\/\/marcelolopes.jor.br\/site\/wp-json\/wp\/v2\/categories?post=63166"},{"taxonomy":"post_tag","embeddable":true,"href":"https:\/\/marcelolopes.jor.br\/site\/wp-json\/wp\/v2\/tags?post=63166"}],"curies":[{"name":"wp","href":"https:\/\/api.w.org\/{rel}","templated":true}]}}