{"id":63155,"date":"2026-01-13T16:00:10","date_gmt":"2026-01-13T19:00:10","guid":{"rendered":"https:\/\/marcelolopes.jor.br\/?p=63155"},"modified":"2026-01-12T21:35:38","modified_gmt":"2026-01-13T00:35:38","slug":"oficina-gratuita-introducao-ao-roteiro-para-cinema-abre-inscricoes","status":"publish","type":"post","link":"https:\/\/marcelolopes.jor.br\/site\/2026\/01\/13\/oficina-gratuita-introducao-ao-roteiro-para-cinema-abre-inscricoes\/","title":{"rendered":"Oficina gratuita Introdu\u00e7\u00e3o ao Roteiro para Cinema abre inscri\u00e7\u00f5es"},"content":{"rendered":"<p>O cinema come\u00e7a no papel, e agora voc\u00ea pode dar vida \u00e0s suas ideias. Est\u00e3o abertas as inscri\u00e7\u00f5es para a oficina gratuita <em><strong>\u201cIntrodu\u00e7\u00e3o ao Roteiro para Cinema\u201d<\/strong><\/em>, com o roteirista Rafael Assun\u00e7\u00e3o, especialista em projetos audiovisuais. A oficina ser\u00e1 realizada de 20 a 31 de janeiro, das 8h \u00e0s 12h, no Centro Cultural Humberto Mauro, com carga hor\u00e1ria de 40 horas. As vagas s\u00e3o limitadas e as inscri\u00e7\u00f5es podem ser feitas pelo <a href=\"https:\/\/forms.gle\/845Mm6gPFTnBRohA9\"><strong><span style=\"color: #800000;\">formul\u00e1rio<\/span><\/strong><\/a> online at\u00e9 15 de janeiro.<!--more--><\/p>\n<h4 class=\"p1\"><span class=\"s1\">\ud83d\udcf8\u00a0<span style=\"color: #008000;\">Siga o Site do Marcelo Lopes no<\/span>\u00a0<span style=\"color: #800000;\"><a style=\"color: #800000;\" href=\"https:\/\/www.facebook.com\/sitedomarcelolopes\/\"><strong>Facebook<\/strong><\/a><\/span>\u00a0<span style=\"color: #008000;\">e no<\/span>\u00a0<span style=\"color: #800000;\"><strong><a style=\"color: #800000;\" href=\"https:\/\/www.instagram.com\/sitedomarcelolopes\/\">Instagram<\/a><\/strong><\/span><\/span><\/h4>\n<h4 class=\"p1\">\ud83d\udcf1<span style=\"color: #008000;\">Participe do grupo de<\/span>\u00a0<span style=\"color: #800000;\"><a style=\"color: #800000;\" href=\"https:\/\/chat.whatsapp.com\/BibzcI1ibYSKytbdyzubLA\"><strong>WhatsApp<\/strong><\/a><\/span> <span style=\"color: #008000;\">do Site do Marcelo Lopes<\/span><\/h4>\n<p>A oficina ir\u00e1 selecionar 10 pessoas para participar de uma experi\u00eancia de aprendizado pr\u00e1tico sobre os princ\u00edpios b\u00e1sicos do roteiro para cinema, como estrutura da hist\u00f3ria, cria\u00e7\u00e3o de personagens e di\u00e1logos. As aulas ser\u00e3o din\u00e2micas, com an\u00e1lise de filmes, exerc\u00edcios e momentos para desenvolver ideias originais.<\/p>\n<p>A a\u00e7\u00e3o faz parte do projeto <em>\u201cA Marcha dos Girass\u00f3is\u201d<\/em>, um filme de anima\u00e7\u00e3o dirigido por Erick Ricco, cineasta e fot\u00f3grafo da Tubz Est\u00fadio (Belo Horizonte), que em 2026 ter\u00e1 um n\u00facleo de produ\u00e7\u00e3o instalado no Est\u00fadio-Escola ANIMAPARQUE. A obra \u00e9 o primeiro longa-metragem de anima\u00e7\u00e3o em \u201cstop motion\u201d de Minas Gerais e se prop\u00f5e a criar um mundo de fantasia inspirado no Sert\u00e3o de Minas Gerais.<\/p>\n<p>A hist\u00f3ria original, criada por Rafael Assun\u00e7\u00e3o acompanha Marialice, que vive com a fam\u00edlia em uma fazenda. Ap\u00f3s perderem a colheita para o Coronel da regi\u00e3o, eles ficam sem comida e sacrificam o \u00fanico galo da casa. Sem o canto do galo, o Sol n\u00e3o nasce e o sert\u00e3o mergulha em uma noite sem fim. Ent\u00e3o, os girass\u00f3is iniciam uma marcha para acordar o Sol, e Marialice segue nessa aventura ao lado do Pintinho Marqu\u00eas, encontrando criaturas misteriosas e desafios pelo caminho. A dire\u00e7\u00e3o de arte \u00e9 de Ulisses Tavares, do Giramundo Teatro de Bonecos (MG), e a produ\u00e7\u00e3o \u00e9 de Ivan Melo (SP), que j\u00e1 trabalhou em filmes premiados como Que Horas Ela Volta? e Bob Cuspe \u2013 N\u00f3s N\u00e3o Gostamos de Gente, vencedor dos festivais Annecy e Ottawa.<\/p>\n<p>A <em><strong>\u201cIntrodu\u00e7\u00e3o ao Roteiro para Cinema\u201d<\/strong><\/em> integra um amplo programa de qualifica\u00e7\u00e3o profissional, sobretudo, para a forma\u00e7\u00e3o de jovens talentos locais, em parceria com outras a\u00e7\u00f5es que tiveram destaque em 2025, como as produ\u00e7\u00f5es da F\u00e1brica do Futuro Laborat\u00f3rio.2C; as grava\u00e7\u00f5es do filme \u201cMaria Alcina, Alegria Brasil\u201d; do filme de anima\u00e7\u00e3o \u201cPinguim Tupiniquim\u201d e o document\u00e1rio \u201cO mundo \u00e9 macio e perigoso, uma cinebiografia sobre Ronaldo Werneck\u201d. Todos os projetos t\u00eam patroc\u00ednio do Grupo Energisa e apoio do Instituto Energisa, por meio do Programa Energisa Cultural 2025.<\/p>\n<blockquote><p>\u201cAcreditamos que a cultura \u00e9 uma ferramenta poderosa de transforma\u00e7\u00e3o social. Ao apoiar iniciativas como essa, estamos contribuindo para o desenvolvimento das comunidades que atendemos, gerando emprego, renda e oportunidades para os talentos locais. O Laborat\u00f3rio.2C \u00e9 mais uma iniciativa que mostra que a Zona da Mata tem criatividade, talento e estrutura para se tornar uma refer\u00eancia nacional na produ\u00e7\u00e3o de anima\u00e7\u00f5es e na valoriza\u00e7\u00e3o da cultura brasileira\u201d, acredita Eduardo Mantovani, diretor-presidente da Energisa Minas Rio.<\/p><\/blockquote>\n<p><strong>OUTRAS NOT\u00cdCIAS<\/strong><br \/>\n<a href=\"https:\/\/marcelolopes.jor.br\/2025\/07\/20\/praca-rui-barbosa-tera-cinema-gratuito-no-proximo-sabado\/\"><strong><span style=\"color: #800000;\">Pra\u00e7a Rui Barbosa ter\u00e1 cinema gratuito no pr\u00f3ximo s\u00e1bado<\/span><\/strong><\/a><\/p>\n<p><a href=\"https:\/\/marcelolopes.jor.br\/2024\/09\/10\/uemg-realiza-a-2a-semana-eva-nil-de-cinema\/\"><strong><span style=\"color: #800000;\">UEMG realiza a 2\u00aa Semana Eva Nil de Cinema<\/span><\/strong><\/a><\/p>\n<p>Fonte: Energisa Minas Rio | Foto: Divulga\u00e7\u00e3o<\/p>\n<div class=\"jqlok69f7648c6128f\" ><br><\/div><style type=\"text\/css\">\r\n@media screen and (min-width: 1201px) {\r\n.jqlok69f7648c6128f {\r\ndisplay: block;\r\n}\r\n}\r\n@media screen and (min-width: 993px) and (max-width: 1200px) {\r\n.jqlok69f7648c6128f {\r\ndisplay: block;\r\n}\r\n}\r\n@media screen and (min-width: 769px) and (max-width: 992px) {\r\n.jqlok69f7648c6128f {\r\ndisplay: block;\r\n}\r\n}\r\n@media screen and (min-width: 768px) and (max-width: 768px) {\r\n.jqlok69f7648c6128f {\r\ndisplay: block;\r\n}\r\n}\r\n@media screen and (max-width: 767px) {\r\n.jqlok69f7648c6128f {\r\ndisplay: block;\r\n}\r\n}\r\n<\/style>\r\n<div class=\"yawwg69f7648c67410\" ><div id=\"div_destino\"><\/div>\r\n<script src=\"https:\/\/cdn.snsrsv.com\/sdk.js\"><\/script>\r\n<script >\r\n      new sdk(\"464030C30061EA8BE065000000000001\") \r\n          .appendTo(\"div_destino\")\r\n          .disableStyle(true) \r\n          .setCacheBusterMacro(\"%%CACHEBUSTER%%\")\r\n          .setSize(\"800\",\"214\")\r\n          .setClickMacro(\"%%CLICK_URL_ESC%%\") \r\n          .setReferrerUrlMacro(\"%%REFERRER_URL_ESC%%\") \r\n          .start(); \r\n<\/script><\/div><style type=\"text\/css\">\r\n@media screen and (min-width: 1201px) {\r\n.yawwg69f7648c67410 {\r\ndisplay: block;\r\n}\r\n}\r\n@media screen and (min-width: 993px) and (max-width: 1200px) {\r\n.yawwg69f7648c67410 {\r\ndisplay: block;\r\n}\r\n}\r\n@media screen and (min-width: 769px) and (max-width: 992px) {\r\n.yawwg69f7648c67410 {\r\ndisplay: block;\r\n}\r\n}\r\n@media screen and (min-width: 768px) and (max-width: 768px) {\r\n.yawwg69f7648c67410 {\r\ndisplay: block;\r\n}\r\n}\r\n@media screen and (max-width: 767px) {\r\n.yawwg69f7648c67410 {\r\ndisplay: block;\r\n}\r\n}\r\n<\/style>\r\n","protected":false},"excerpt":{"rendered":"<p>O cinema come\u00e7a no papel, e agora voc\u00ea pode dar vida \u00e0s suas ideias. Est\u00e3o abertas as inscri\u00e7\u00f5es para a oficina gratuita \u201cIntrodu\u00e7\u00e3o ao Roteiro para Cinema\u201d, com o roteirista Rafael Assun\u00e7\u00e3o, especialista em projetos audiovisuais. A oficina ser\u00e1 realizada<\/p>\n<p class=\"link-more\"><a class=\"more-link\" href=\"https:\/\/marcelolopes.jor.br\/site\/2026\/01\/13\/oficina-gratuita-introducao-ao-roteiro-para-cinema-abre-inscricoes\/\">Leia mais <span class=\"screen-reader-text\">Oficina gratuita Introdu\u00e7\u00e3o ao Roteiro para Cinema abre inscri\u00e7\u00f5es<\/span><\/a><\/p>\n","protected":false},"author":2,"featured_media":63158,"comment_status":"open","ping_status":"closed","sticky":false,"template":"","format":"standard","meta":{"footnotes":""},"categories":[1],"tags":[],"class_list":["post-63155","post","type-post","status-publish","format-standard","has-post-thumbnail","hentry","category-noticias","thumb-below-title"],"yoast_head":"<!-- This site is optimized with the Yoast SEO plugin v27.4 - https:\/\/yoast.com\/product\/yoast-seo-wordpress\/ -->\n<title>Oficina gratuita Introdu\u00e7\u00e3o ao Roteiro para Cinema abre inscri\u00e7\u00f5es | Marcelo Lopes<\/title>\n<meta name=\"description\" content=\"Oficina gratuita Introdu\u00e7\u00e3o ao roteiro para cinema abre inscri\u00e7\u00f5es. Interessados devem se inscrever at\u00e9 o pr\u00f3ximo dia 15 de janeiro.\" \/>\n<meta name=\"robots\" content=\"index, follow, max-snippet:-1, max-image-preview:large, max-video-preview:-1\" \/>\n<link rel=\"canonical\" href=\"https:\/\/marcelolopes.jor.br\/site\/2026\/01\/13\/oficina-gratuita-introducao-ao-roteiro-para-cinema-abre-inscricoes\/\" \/>\n<meta property=\"og:locale\" content=\"pt_BR\" \/>\n<meta property=\"og:type\" content=\"article\" \/>\n<meta property=\"og:title\" content=\"Oficina gratuita Introdu\u00e7\u00e3o ao Roteiro para Cinema abre inscri\u00e7\u00f5es | Marcelo Lopes\" \/>\n<meta property=\"og:description\" content=\"Oficina gratuita Introdu\u00e7\u00e3o ao roteiro para cinema abre inscri\u00e7\u00f5es. Interessados devem se inscrever at\u00e9 o pr\u00f3ximo dia 15 de janeiro.\" \/>\n<meta property=\"og:url\" content=\"https:\/\/marcelolopes.jor.br\/site\/2026\/01\/13\/oficina-gratuita-introducao-ao-roteiro-para-cinema-abre-inscricoes\/\" \/>\n<meta property=\"og:site_name\" content=\"Marcelo Lopes\" \/>\n<meta property=\"article:publisher\" content=\"https:\/\/www.facebook.com\/sitedomarcelolopes\" \/>\n<meta property=\"article:published_time\" content=\"2026-01-13T19:00:10+00:00\" \/>\n<meta property=\"og:image\" content=\"https:\/\/marcelolopes.jor.br\/site\/wp-content\/uploads\/2026\/01\/image001-copiar.png\" \/>\n\t<meta property=\"og:image:width\" content=\"800\" \/>\n\t<meta property=\"og:image:height\" content=\"550\" \/>\n\t<meta property=\"og:image:type\" content=\"image\/png\" \/>\n<meta name=\"author\" content=\"Marcelo Lopes\" \/>\n<meta name=\"twitter:card\" content=\"summary_large_image\" \/>\n<meta name=\"twitter:label1\" content=\"Escrito por\" \/>\n\t<meta name=\"twitter:data1\" content=\"Marcelo Lopes\" \/>\n\t<meta name=\"twitter:label2\" content=\"Est. tempo de leitura\" \/>\n\t<meta name=\"twitter:data2\" content=\"3 minutos\" \/>\n<script type=\"application\/ld+json\" class=\"yoast-schema-graph\">{\"@context\":\"https:\\\/\\\/schema.org\",\"@graph\":[{\"@type\":\"NewsArticle\",\"@id\":\"https:\\\/\\\/marcelolopes.jor.br\\\/site\\\/2026\\\/01\\\/13\\\/oficina-gratuita-introducao-ao-roteiro-para-cinema-abre-inscricoes\\\/#article\",\"isPartOf\":{\"@id\":\"https:\\\/\\\/marcelolopes.jor.br\\\/site\\\/2026\\\/01\\\/13\\\/oficina-gratuita-introducao-ao-roteiro-para-cinema-abre-inscricoes\\\/\"},\"author\":{\"name\":\"Marcelo Lopes\",\"@id\":\"https:\\\/\\\/marcelolopes.jor.br\\\/site\\\/#\\\/schema\\\/person\\\/3e7216a35c34d8fdf952b31da3d1f89f\"},\"headline\":\"Oficina gratuita Introdu\u00e7\u00e3o ao Roteiro para Cinema abre inscri\u00e7\u00f5es\",\"datePublished\":\"2026-01-13T19:00:10+00:00\",\"mainEntityOfPage\":{\"@id\":\"https:\\\/\\\/marcelolopes.jor.br\\\/site\\\/2026\\\/01\\\/13\\\/oficina-gratuita-introducao-ao-roteiro-para-cinema-abre-inscricoes\\\/\"},\"wordCount\":596,\"commentCount\":0,\"publisher\":{\"@id\":\"https:\\\/\\\/marcelolopes.jor.br\\\/site\\\/#organization\"},\"image\":{\"@id\":\"https:\\\/\\\/marcelolopes.jor.br\\\/site\\\/2026\\\/01\\\/13\\\/oficina-gratuita-introducao-ao-roteiro-para-cinema-abre-inscricoes\\\/#primaryimage\"},\"thumbnailUrl\":\"https:\\\/\\\/marcelolopes.jor.br\\\/site\\\/wp-content\\\/uploads\\\/2026\\\/01\\\/image001-copiar.png\",\"articleSection\":[\"Not\u00edcias\"],\"inLanguage\":\"pt-BR\",\"potentialAction\":[{\"@type\":\"CommentAction\",\"name\":\"Comment\",\"target\":[\"https:\\\/\\\/marcelolopes.jor.br\\\/site\\\/2026\\\/01\\\/13\\\/oficina-gratuita-introducao-ao-roteiro-para-cinema-abre-inscricoes\\\/#respond\"]}]},{\"@type\":\"WebPage\",\"@id\":\"https:\\\/\\\/marcelolopes.jor.br\\\/site\\\/2026\\\/01\\\/13\\\/oficina-gratuita-introducao-ao-roteiro-para-cinema-abre-inscricoes\\\/\",\"url\":\"https:\\\/\\\/marcelolopes.jor.br\\\/site\\\/2026\\\/01\\\/13\\\/oficina-gratuita-introducao-ao-roteiro-para-cinema-abre-inscricoes\\\/\",\"name\":\"Oficina gratuita Introdu\u00e7\u00e3o ao Roteiro para Cinema abre inscri\u00e7\u00f5es | Marcelo Lopes\",\"isPartOf\":{\"@id\":\"https:\\\/\\\/marcelolopes.jor.br\\\/site\\\/#website\"},\"primaryImageOfPage\":{\"@id\":\"https:\\\/\\\/marcelolopes.jor.br\\\/site\\\/2026\\\/01\\\/13\\\/oficina-gratuita-introducao-ao-roteiro-para-cinema-abre-inscricoes\\\/#primaryimage\"},\"image\":{\"@id\":\"https:\\\/\\\/marcelolopes.jor.br\\\/site\\\/2026\\\/01\\\/13\\\/oficina-gratuita-introducao-ao-roteiro-para-cinema-abre-inscricoes\\\/#primaryimage\"},\"thumbnailUrl\":\"https:\\\/\\\/marcelolopes.jor.br\\\/site\\\/wp-content\\\/uploads\\\/2026\\\/01\\\/image001-copiar.png\",\"datePublished\":\"2026-01-13T19:00:10+00:00\",\"description\":\"Oficina gratuita Introdu\u00e7\u00e3o ao roteiro para cinema abre inscri\u00e7\u00f5es. Interessados devem se inscrever at\u00e9 o pr\u00f3ximo dia 15 de janeiro.\",\"breadcrumb\":{\"@id\":\"https:\\\/\\\/marcelolopes.jor.br\\\/site\\\/2026\\\/01\\\/13\\\/oficina-gratuita-introducao-ao-roteiro-para-cinema-abre-inscricoes\\\/#breadcrumb\"},\"inLanguage\":\"pt-BR\",\"potentialAction\":[{\"@type\":\"ReadAction\",\"target\":[\"https:\\\/\\\/marcelolopes.jor.br\\\/site\\\/2026\\\/01\\\/13\\\/oficina-gratuita-introducao-ao-roteiro-para-cinema-abre-inscricoes\\\/\"]}]},{\"@type\":\"ImageObject\",\"inLanguage\":\"pt-BR\",\"@id\":\"https:\\\/\\\/marcelolopes.jor.br\\\/site\\\/2026\\\/01\\\/13\\\/oficina-gratuita-introducao-ao-roteiro-para-cinema-abre-inscricoes\\\/#primaryimage\",\"url\":\"https:\\\/\\\/marcelolopes.jor.br\\\/site\\\/wp-content\\\/uploads\\\/2026\\\/01\\\/image001-copiar.png\",\"contentUrl\":\"https:\\\/\\\/marcelolopes.jor.br\\\/site\\\/wp-content\\\/uploads\\\/2026\\\/01\\\/image001-copiar.png\",\"width\":800,\"height\":550,\"caption\":\"Oficina gratuita Introdu\u00e7\u00e3o ao\"},{\"@type\":\"BreadcrumbList\",\"@id\":\"https:\\\/\\\/marcelolopes.jor.br\\\/site\\\/2026\\\/01\\\/13\\\/oficina-gratuita-introducao-ao-roteiro-para-cinema-abre-inscricoes\\\/#breadcrumb\",\"itemListElement\":[{\"@type\":\"ListItem\",\"position\":1,\"name\":\"Home\",\"item\":\"https:\\\/\\\/marcelolopes.jor.br\\\/site\\\/\"},{\"@type\":\"ListItem\",\"position\":2,\"name\":\"Oficina gratuita Introdu\u00e7\u00e3o ao Roteiro para Cinema abre inscri\u00e7\u00f5es\"}]},{\"@type\":\"WebSite\",\"@id\":\"https:\\\/\\\/marcelolopes.jor.br\\\/site\\\/#website\",\"url\":\"https:\\\/\\\/marcelolopes.jor.br\\\/site\\\/\",\"name\":\"Marcelo Lopes\",\"description\":\"Not\u00edcias de Cataguases e Regi\u00e3o\",\"publisher\":{\"@id\":\"https:\\\/\\\/marcelolopes.jor.br\\\/site\\\/#organization\"},\"potentialAction\":[{\"@type\":\"SearchAction\",\"target\":{\"@type\":\"EntryPoint\",\"urlTemplate\":\"https:\\\/\\\/marcelolopes.jor.br\\\/site\\\/?s={search_term_string}\"},\"query-input\":{\"@type\":\"PropertyValueSpecification\",\"valueRequired\":true,\"valueName\":\"search_term_string\"}}],\"inLanguage\":\"pt-BR\"},{\"@type\":\"Organization\",\"@id\":\"https:\\\/\\\/marcelolopes.jor.br\\\/site\\\/#organization\",\"name\":\"Site do Marcelo Lopes\",\"url\":\"https:\\\/\\\/marcelolopes.jor.br\\\/site\\\/\",\"logo\":{\"@type\":\"ImageObject\",\"inLanguage\":\"pt-BR\",\"@id\":\"https:\\\/\\\/marcelolopes.jor.br\\\/site\\\/#\\\/schema\\\/logo\\\/image\\\/\",\"url\":\"https:\\\/\\\/marcelolopes.jor.br\\\/site\\\/wp-content\\\/uploads\\\/2024\\\/11\\\/logo-1.png\",\"contentUrl\":\"https:\\\/\\\/marcelolopes.jor.br\\\/site\\\/wp-content\\\/uploads\\\/2024\\\/11\\\/logo-1.png\",\"width\":475,\"height\":80,\"caption\":\"Site do Marcelo Lopes\"},\"image\":{\"@id\":\"https:\\\/\\\/marcelolopes.jor.br\\\/site\\\/#\\\/schema\\\/logo\\\/image\\\/\"},\"sameAs\":[\"https:\\\/\\\/www.facebook.com\\\/sitedomarcelolopes\",\"https:\\\/\\\/www.instagram.com\\\/sitedomarcelolopes\\\/\",\"https:\\\/\\\/www.linkedin.com\\\/company\\\/site-do-marcelo-lopes\\\/\",\"https:\\\/\\\/www.youtube.com\\\/user\\\/marcelolopes957\"]},{\"@type\":\"Person\",\"@id\":\"https:\\\/\\\/marcelolopes.jor.br\\\/site\\\/#\\\/schema\\\/person\\\/3e7216a35c34d8fdf952b31da3d1f89f\",\"name\":\"Marcelo Lopes\",\"sameAs\":[\"http:\\\/\\\/www.marcelolopes.jor.br\"],\"url\":\"https:\\\/\\\/marcelolopes.jor.br\\\/site\\\/author\\\/marcelo\\\/\"}]}<\/script>\n<!-- \/ Yoast SEO plugin. -->","yoast_head_json":{"title":"Oficina gratuita Introdu\u00e7\u00e3o ao Roteiro para Cinema abre inscri\u00e7\u00f5es | Marcelo Lopes","description":"Oficina gratuita Introdu\u00e7\u00e3o ao roteiro para cinema abre inscri\u00e7\u00f5es. Interessados devem se inscrever at\u00e9 o pr\u00f3ximo dia 15 de janeiro.","robots":{"index":"index","follow":"follow","max-snippet":"max-snippet:-1","max-image-preview":"max-image-preview:large","max-video-preview":"max-video-preview:-1"},"canonical":"https:\/\/marcelolopes.jor.br\/site\/2026\/01\/13\/oficina-gratuita-introducao-ao-roteiro-para-cinema-abre-inscricoes\/","og_locale":"pt_BR","og_type":"article","og_title":"Oficina gratuita Introdu\u00e7\u00e3o ao Roteiro para Cinema abre inscri\u00e7\u00f5es | Marcelo Lopes","og_description":"Oficina gratuita Introdu\u00e7\u00e3o ao roteiro para cinema abre inscri\u00e7\u00f5es. Interessados devem se inscrever at\u00e9 o pr\u00f3ximo dia 15 de janeiro.","og_url":"https:\/\/marcelolopes.jor.br\/site\/2026\/01\/13\/oficina-gratuita-introducao-ao-roteiro-para-cinema-abre-inscricoes\/","og_site_name":"Marcelo Lopes","article_publisher":"https:\/\/www.facebook.com\/sitedomarcelolopes","article_published_time":"2026-01-13T19:00:10+00:00","og_image":[{"width":800,"height":550,"url":"https:\/\/marcelolopes.jor.br\/site\/wp-content\/uploads\/2026\/01\/image001-copiar.png","type":"image\/png"}],"author":"Marcelo Lopes","twitter_card":"summary_large_image","twitter_misc":{"Escrito por":"Marcelo Lopes","Est. tempo de leitura":"3 minutos"},"schema":{"@context":"https:\/\/schema.org","@graph":[{"@type":"NewsArticle","@id":"https:\/\/marcelolopes.jor.br\/site\/2026\/01\/13\/oficina-gratuita-introducao-ao-roteiro-para-cinema-abre-inscricoes\/#article","isPartOf":{"@id":"https:\/\/marcelolopes.jor.br\/site\/2026\/01\/13\/oficina-gratuita-introducao-ao-roteiro-para-cinema-abre-inscricoes\/"},"author":{"name":"Marcelo Lopes","@id":"https:\/\/marcelolopes.jor.br\/site\/#\/schema\/person\/3e7216a35c34d8fdf952b31da3d1f89f"},"headline":"Oficina gratuita Introdu\u00e7\u00e3o ao Roteiro para Cinema abre inscri\u00e7\u00f5es","datePublished":"2026-01-13T19:00:10+00:00","mainEntityOfPage":{"@id":"https:\/\/marcelolopes.jor.br\/site\/2026\/01\/13\/oficina-gratuita-introducao-ao-roteiro-para-cinema-abre-inscricoes\/"},"wordCount":596,"commentCount":0,"publisher":{"@id":"https:\/\/marcelolopes.jor.br\/site\/#organization"},"image":{"@id":"https:\/\/marcelolopes.jor.br\/site\/2026\/01\/13\/oficina-gratuita-introducao-ao-roteiro-para-cinema-abre-inscricoes\/#primaryimage"},"thumbnailUrl":"https:\/\/marcelolopes.jor.br\/site\/wp-content\/uploads\/2026\/01\/image001-copiar.png","articleSection":["Not\u00edcias"],"inLanguage":"pt-BR","potentialAction":[{"@type":"CommentAction","name":"Comment","target":["https:\/\/marcelolopes.jor.br\/site\/2026\/01\/13\/oficina-gratuita-introducao-ao-roteiro-para-cinema-abre-inscricoes\/#respond"]}]},{"@type":"WebPage","@id":"https:\/\/marcelolopes.jor.br\/site\/2026\/01\/13\/oficina-gratuita-introducao-ao-roteiro-para-cinema-abre-inscricoes\/","url":"https:\/\/marcelolopes.jor.br\/site\/2026\/01\/13\/oficina-gratuita-introducao-ao-roteiro-para-cinema-abre-inscricoes\/","name":"Oficina gratuita Introdu\u00e7\u00e3o ao Roteiro para Cinema abre inscri\u00e7\u00f5es | Marcelo Lopes","isPartOf":{"@id":"https:\/\/marcelolopes.jor.br\/site\/#website"},"primaryImageOfPage":{"@id":"https:\/\/marcelolopes.jor.br\/site\/2026\/01\/13\/oficina-gratuita-introducao-ao-roteiro-para-cinema-abre-inscricoes\/#primaryimage"},"image":{"@id":"https:\/\/marcelolopes.jor.br\/site\/2026\/01\/13\/oficina-gratuita-introducao-ao-roteiro-para-cinema-abre-inscricoes\/#primaryimage"},"thumbnailUrl":"https:\/\/marcelolopes.jor.br\/site\/wp-content\/uploads\/2026\/01\/image001-copiar.png","datePublished":"2026-01-13T19:00:10+00:00","description":"Oficina gratuita Introdu\u00e7\u00e3o ao roteiro para cinema abre inscri\u00e7\u00f5es. Interessados devem se inscrever at\u00e9 o pr\u00f3ximo dia 15 de janeiro.","breadcrumb":{"@id":"https:\/\/marcelolopes.jor.br\/site\/2026\/01\/13\/oficina-gratuita-introducao-ao-roteiro-para-cinema-abre-inscricoes\/#breadcrumb"},"inLanguage":"pt-BR","potentialAction":[{"@type":"ReadAction","target":["https:\/\/marcelolopes.jor.br\/site\/2026\/01\/13\/oficina-gratuita-introducao-ao-roteiro-para-cinema-abre-inscricoes\/"]}]},{"@type":"ImageObject","inLanguage":"pt-BR","@id":"https:\/\/marcelolopes.jor.br\/site\/2026\/01\/13\/oficina-gratuita-introducao-ao-roteiro-para-cinema-abre-inscricoes\/#primaryimage","url":"https:\/\/marcelolopes.jor.br\/site\/wp-content\/uploads\/2026\/01\/image001-copiar.png","contentUrl":"https:\/\/marcelolopes.jor.br\/site\/wp-content\/uploads\/2026\/01\/image001-copiar.png","width":800,"height":550,"caption":"Oficina gratuita Introdu\u00e7\u00e3o ao"},{"@type":"BreadcrumbList","@id":"https:\/\/marcelolopes.jor.br\/site\/2026\/01\/13\/oficina-gratuita-introducao-ao-roteiro-para-cinema-abre-inscricoes\/#breadcrumb","itemListElement":[{"@type":"ListItem","position":1,"name":"Home","item":"https:\/\/marcelolopes.jor.br\/site\/"},{"@type":"ListItem","position":2,"name":"Oficina gratuita Introdu\u00e7\u00e3o ao Roteiro para Cinema abre inscri\u00e7\u00f5es"}]},{"@type":"WebSite","@id":"https:\/\/marcelolopes.jor.br\/site\/#website","url":"https:\/\/marcelolopes.jor.br\/site\/","name":"Marcelo Lopes","description":"Not\u00edcias de Cataguases e Regi\u00e3o","publisher":{"@id":"https:\/\/marcelolopes.jor.br\/site\/#organization"},"potentialAction":[{"@type":"SearchAction","target":{"@type":"EntryPoint","urlTemplate":"https:\/\/marcelolopes.jor.br\/site\/?s={search_term_string}"},"query-input":{"@type":"PropertyValueSpecification","valueRequired":true,"valueName":"search_term_string"}}],"inLanguage":"pt-BR"},{"@type":"Organization","@id":"https:\/\/marcelolopes.jor.br\/site\/#organization","name":"Site do Marcelo Lopes","url":"https:\/\/marcelolopes.jor.br\/site\/","logo":{"@type":"ImageObject","inLanguage":"pt-BR","@id":"https:\/\/marcelolopes.jor.br\/site\/#\/schema\/logo\/image\/","url":"https:\/\/marcelolopes.jor.br\/site\/wp-content\/uploads\/2024\/11\/logo-1.png","contentUrl":"https:\/\/marcelolopes.jor.br\/site\/wp-content\/uploads\/2024\/11\/logo-1.png","width":475,"height":80,"caption":"Site do Marcelo Lopes"},"image":{"@id":"https:\/\/marcelolopes.jor.br\/site\/#\/schema\/logo\/image\/"},"sameAs":["https:\/\/www.facebook.com\/sitedomarcelolopes","https:\/\/www.instagram.com\/sitedomarcelolopes\/","https:\/\/www.linkedin.com\/company\/site-do-marcelo-lopes\/","https:\/\/www.youtube.com\/user\/marcelolopes957"]},{"@type":"Person","@id":"https:\/\/marcelolopes.jor.br\/site\/#\/schema\/person\/3e7216a35c34d8fdf952b31da3d1f89f","name":"Marcelo Lopes","sameAs":["http:\/\/www.marcelolopes.jor.br"],"url":"https:\/\/marcelolopes.jor.br\/site\/author\/marcelo\/"}]}},"wps_subtitle":"Interessados devem se inscrever at\u00e9 o pr\u00f3ximo dia 15 de janeiro.","_links":{"self":[{"href":"https:\/\/marcelolopes.jor.br\/site\/wp-json\/wp\/v2\/posts\/63155","targetHints":{"allow":["GET"]}}],"collection":[{"href":"https:\/\/marcelolopes.jor.br\/site\/wp-json\/wp\/v2\/posts"}],"about":[{"href":"https:\/\/marcelolopes.jor.br\/site\/wp-json\/wp\/v2\/types\/post"}],"author":[{"embeddable":true,"href":"https:\/\/marcelolopes.jor.br\/site\/wp-json\/wp\/v2\/users\/2"}],"replies":[{"embeddable":true,"href":"https:\/\/marcelolopes.jor.br\/site\/wp-json\/wp\/v2\/comments?post=63155"}],"version-history":[{"count":0,"href":"https:\/\/marcelolopes.jor.br\/site\/wp-json\/wp\/v2\/posts\/63155\/revisions"}],"wp:featuredmedia":[{"embeddable":true,"href":"https:\/\/marcelolopes.jor.br\/site\/wp-json\/wp\/v2\/media\/63158"}],"wp:attachment":[{"href":"https:\/\/marcelolopes.jor.br\/site\/wp-json\/wp\/v2\/media?parent=63155"}],"wp:term":[{"taxonomy":"category","embeddable":true,"href":"https:\/\/marcelolopes.jor.br\/site\/wp-json\/wp\/v2\/categories?post=63155"},{"taxonomy":"post_tag","embeddable":true,"href":"https:\/\/marcelolopes.jor.br\/site\/wp-json\/wp\/v2\/tags?post=63155"}],"curies":[{"name":"wp","href":"https:\/\/api.w.org\/{rel}","templated":true}]}}