{"id":63150,"date":"2026-01-12T20:10:58","date_gmt":"2026-01-12T23:10:58","guid":{"rendered":"https:\/\/marcelolopes.jor.br\/?p=63150"},"modified":"2026-01-12T20:10:58","modified_gmt":"2026-01-12T23:10:58","slug":"mae-acusada-de-agredir-filha-e-presa-na-rodoviaria-de-visconde-do-rio-branco","status":"publish","type":"post","link":"https:\/\/marcelolopes.jor.br\/site\/2026\/01\/12\/mae-acusada-de-agredir-filha-e-presa-na-rodoviaria-de-visconde-do-rio-branco\/","title":{"rendered":"M\u00e3e acusada de agredir filha \u00e9 presa na rodovi\u00e1ria de Visconde do Rio Branco"},"content":{"rendered":"<p>Uma mulher de 32 anos foi presa no s\u00e1bado, 10 de janeiro, na rodovi\u00e1ria de Visconde do Rio Branco, ap\u00f3s ser acusada de agredir a pr\u00f3pria filha, de 8 anos. A informa\u00e7\u00e3o foi confirmada pela Secretaria de Estado de Justi\u00e7a e Seguran\u00e7a P\u00fablica de Minas Gerais (Sejusp-MG). Segundo o \u00f3rg\u00e3o, a mulher deu entrada no Pres\u00eddio de Ub\u00e1 na manh\u00e3 de domingo (11).<!--more--><\/p>\n<h4 class=\"p1\"><span class=\"s1\">\ud83d\udcf8\u00a0<span style=\"color: #008000;\">Siga o Site do Marcelo Lopes no<\/span>\u00a0<span style=\"color: #800000;\"><a style=\"color: #800000;\" href=\"https:\/\/www.facebook.com\/sitedomarcelolopes\/\"><strong>Facebook<\/strong><\/a><\/span>\u00a0<span style=\"color: #008000;\">e no<\/span>\u00a0<span style=\"color: #800000;\"><strong><a style=\"color: #800000;\" href=\"https:\/\/www.instagram.com\/sitedomarcelolopes\/\">Instagram<\/a><\/strong><\/span><\/span><\/h4>\n<h4 class=\"p1\">\ud83d\udcf1<span style=\"color: #008000;\">Participe do grupo de<\/span>\u00a0<span style=\"color: #800000;\"><a style=\"color: #800000;\" href=\"https:\/\/chat.whatsapp.com\/BibzcI1ibYSKytbdyzubLA\"><strong>WhatsApp<\/strong><\/a><\/span> <span style=\"color: #008000;\">do Site do Marcelo Lopes<\/span><\/h4>\n<p>De acordo com a Pol\u00edcia Militar, a ocorr\u00eancia teve in\u00edcio no domingo, 4 de janeiro, no munic\u00edpio de S\u00e3o Geraldo, cidade vizinha a Visconde do Rio Branco. O caso chegou ao conhecimento das autoridades ap\u00f3s uma den\u00fancia encaminhada ao Conselho Tutelar, que passou a acompanhar a situa\u00e7\u00e3o da crian\u00e7a.<\/p>\n<p>As agress\u00f5es teriam ocorrido na quinta-feira, 1\u00ba de janeiro, mas as imagens se espalharam pelas redes sociais durante o fim de semana seguinte. Segundo a Pol\u00edcia Militar, os v\u00eddeos foram gravados e divulgados pela pr\u00f3pria m\u00e3e em um grupo de fam\u00edlia. Nas imagens, a mulher agride a crian\u00e7a com um objeto semelhante a um cinto.<\/p>\n<p>Ap\u00f3s tomar conhecimento do caso, o Conselho Tutelar realizou o acolhimento da menina. A crian\u00e7a recebeu atendimento m\u00e9dico em um posto de sa\u00fade e, posteriormente, foi encaminhada para um abrigo institucional. At\u00e9 aquele momento, segundo o \u00f3rg\u00e3o, n\u00e3o havia registros anteriores de den\u00fancias envolvendo a fam\u00edlia.<\/p>\n<p>O Minist\u00e9rio P\u00fablico de Minas Gerais informou que encaminhou pedido urgente \u00e0 Justi\u00e7a para que a crian\u00e7a permane\u00e7a em abrigo institucional, afastada do conv\u00edvio familiar. A promotoria tamb\u00e9m solicitou que a m\u00e3e apresente defesa e seja submetida a avalia\u00e7\u00e3o psicol\u00f3gica. Conforme o Minist\u00e9rio P\u00fablico, nenhum familiar se disp\u00f4s a acolher a crian\u00e7a, e o retorno ao ambiente familiar foi considerado um risco \u00e0 integridade da v\u00edtima.<\/p>\n<p>O caso \u00e9 investigado pela Pol\u00edcia Civil e acompanhado pelo Minist\u00e9rio P\u00fablico e pelo Conselho Tutelar. As autoridades avaliam as medidas legais cab\u00edveis, incluindo a possibilidade de destitui\u00e7\u00e3o do poder familiar, conforme previsto na legisla\u00e7\u00e3o vigente.<\/p>\n<p>O Estatuto da Crian\u00e7a e do Adolescente pro\u00edbe castigos f\u00edsicos contra crian\u00e7as e adolescentes. A legisla\u00e7\u00e3o penal prev\u00ea puni\u00e7\u00f5es para crimes de les\u00e3o corporal e maus-tratos, especialmente quando praticados no contexto familiar e contra menores de idade.<\/p>\n<p><strong>OUTRAS NOT\u00cdCIAS<\/strong><br \/>\n<a href=\"https:\/\/marcelolopes.jor.br\/2025\/11\/14\/esta-preso-homem-que-espancou-companheira-e-a-prendeu-em-casa\/\"><strong><span style=\"color: #800000;\">Est\u00e1 preso homem que espancou companheira e a prendeu em casa<\/span><\/strong><\/a><\/p>\n<p><a href=\"https:\/\/marcelolopes.jor.br\/2019\/05\/19\/homem-com-necessidades-especiais-e-espancado-em-itamarati-de-minas\/\"><strong><span style=\"color: #800000;\">Homem com necessidades especiais \u00e9 espancado em Itamarati de Minas<\/span><\/strong><\/a><\/p>\n<p>Fonte: g1 Zona da Mata | Foto: Pexels<\/p>\n<div class=\"auhbd69f7635170682\" ><br><\/div><style type=\"text\/css\">\r\n@media screen and (min-width: 1201px) {\r\n.auhbd69f7635170682 {\r\ndisplay: block;\r\n}\r\n}\r\n@media screen and (min-width: 993px) and (max-width: 1200px) {\r\n.auhbd69f7635170682 {\r\ndisplay: block;\r\n}\r\n}\r\n@media screen and (min-width: 769px) and (max-width: 992px) {\r\n.auhbd69f7635170682 {\r\ndisplay: block;\r\n}\r\n}\r\n@media screen and (min-width: 768px) and (max-width: 768px) {\r\n.auhbd69f7635170682 {\r\ndisplay: block;\r\n}\r\n}\r\n@media screen and (max-width: 767px) {\r\n.auhbd69f7635170682 {\r\ndisplay: block;\r\n}\r\n}\r\n<\/style>\r\n<div class=\"garnf69f76351761ca\" ><div id=\"div_destino\"><\/div>\r\n<script src=\"https:\/\/cdn.snsrsv.com\/sdk.js\"><\/script>\r\n<script >\r\n      new sdk(\"464030C30061EA8BE065000000000001\") \r\n          .appendTo(\"div_destino\")\r\n          .disableStyle(true) \r\n          .setCacheBusterMacro(\"%%CACHEBUSTER%%\")\r\n          .setSize(\"800\",\"214\")\r\n          .setClickMacro(\"%%CLICK_URL_ESC%%\") \r\n          .setReferrerUrlMacro(\"%%REFERRER_URL_ESC%%\") \r\n          .start(); \r\n<\/script><\/div><style type=\"text\/css\">\r\n@media screen and (min-width: 1201px) {\r\n.garnf69f76351761ca {\r\ndisplay: block;\r\n}\r\n}\r\n@media screen and (min-width: 993px) and (max-width: 1200px) {\r\n.garnf69f76351761ca {\r\ndisplay: block;\r\n}\r\n}\r\n@media screen and (min-width: 769px) and (max-width: 992px) {\r\n.garnf69f76351761ca {\r\ndisplay: block;\r\n}\r\n}\r\n@media screen and (min-width: 768px) and (max-width: 768px) {\r\n.garnf69f76351761ca {\r\ndisplay: block;\r\n}\r\n}\r\n@media screen and (max-width: 767px) {\r\n.garnf69f76351761ca {\r\ndisplay: block;\r\n}\r\n}\r\n<\/style>\r\n","protected":false},"excerpt":{"rendered":"<p>Uma mulher de 32 anos foi presa no s\u00e1bado, 10 de janeiro, na rodovi\u00e1ria de Visconde do Rio Branco, ap\u00f3s ser acusada de agredir a pr\u00f3pria filha, de 8 anos. A informa\u00e7\u00e3o foi confirmada pela Secretaria de Estado de Justi\u00e7a<\/p>\n<p class=\"link-more\"><a class=\"more-link\" href=\"https:\/\/marcelolopes.jor.br\/site\/2026\/01\/12\/mae-acusada-de-agredir-filha-e-presa-na-rodoviaria-de-visconde-do-rio-branco\/\">Leia mais <span class=\"screen-reader-text\">M\u00e3e acusada de agredir filha \u00e9 presa na rodovi\u00e1ria de Visconde do Rio Branco<\/span><\/a><\/p>\n","protected":false},"author":2,"featured_media":63152,"comment_status":"open","ping_status":"closed","sticky":false,"template":"","format":"standard","meta":{"footnotes":""},"categories":[1],"tags":[],"class_list":["post-63150","post","type-post","status-publish","format-standard","has-post-thumbnail","hentry","category-noticias","thumb-below-title"],"yoast_head":"<!-- This site is optimized with the Yoast SEO plugin v27.4 - https:\/\/yoast.com\/product\/yoast-seo-wordpress\/ -->\n<title>M\u00e3e acusada de agredir filha \u00e9 presa na rodovi\u00e1ria de Visconde<\/title>\n<meta name=\"description\" content=\"M\u00e3e acusada de agredir filha \u00e9 presa na rodovi\u00e1ria de Visconde do Rio Branco. Mulher foi detida ap\u00f3s den\u00fancia registrada em S\u00e3o Geraldo.\" \/>\n<meta name=\"robots\" content=\"index, follow, max-snippet:-1, max-image-preview:large, max-video-preview:-1\" \/>\n<link rel=\"canonical\" href=\"https:\/\/marcelolopes.jor.br\/site\/2026\/01\/12\/mae-acusada-de-agredir-filha-e-presa-na-rodoviaria-de-visconde-do-rio-branco\/\" \/>\n<meta property=\"og:locale\" content=\"pt_BR\" \/>\n<meta property=\"og:type\" content=\"article\" \/>\n<meta property=\"og:title\" content=\"M\u00e3e acusada de agredir filha \u00e9 presa na rodovi\u00e1ria de Visconde\" \/>\n<meta property=\"og:description\" content=\"M\u00e3e acusada de agredir filha \u00e9 presa na rodovi\u00e1ria de Visconde do Rio Branco. Mulher foi detida ap\u00f3s den\u00fancia registrada em S\u00e3o Geraldo.\" \/>\n<meta property=\"og:url\" content=\"https:\/\/marcelolopes.jor.br\/site\/2026\/01\/12\/mae-acusada-de-agredir-filha-e-presa-na-rodoviaria-de-visconde-do-rio-branco\/\" \/>\n<meta property=\"og:site_name\" content=\"Marcelo Lopes\" \/>\n<meta property=\"article:publisher\" content=\"https:\/\/www.facebook.com\/sitedomarcelolopes\" \/>\n<meta property=\"article:published_time\" content=\"2026-01-12T23:10:58+00:00\" \/>\n<meta property=\"og:image\" content=\"https:\/\/marcelolopes.jor.br\/site\/wp-content\/uploads\/2026\/01\/agressao-1.jpg\" \/>\n\t<meta property=\"og:image:width\" content=\"800\" \/>\n\t<meta property=\"og:image:height\" content=\"550\" \/>\n\t<meta property=\"og:image:type\" content=\"image\/jpeg\" \/>\n<meta name=\"author\" content=\"Marcelo Lopes\" \/>\n<meta name=\"twitter:card\" content=\"summary_large_image\" \/>\n<meta name=\"twitter:label1\" content=\"Escrito por\" \/>\n\t<meta name=\"twitter:data1\" content=\"Marcelo Lopes\" \/>\n\t<meta name=\"twitter:label2\" content=\"Est. tempo de leitura\" \/>\n\t<meta name=\"twitter:data2\" content=\"2 minutos\" \/>\n<script type=\"application\/ld+json\" class=\"yoast-schema-graph\">{\"@context\":\"https:\\\/\\\/schema.org\",\"@graph\":[{\"@type\":\"NewsArticle\",\"@id\":\"https:\\\/\\\/marcelolopes.jor.br\\\/site\\\/2026\\\/01\\\/12\\\/mae-acusada-de-agredir-filha-e-presa-na-rodoviaria-de-visconde-do-rio-branco\\\/#article\",\"isPartOf\":{\"@id\":\"https:\\\/\\\/marcelolopes.jor.br\\\/site\\\/2026\\\/01\\\/12\\\/mae-acusada-de-agredir-filha-e-presa-na-rodoviaria-de-visconde-do-rio-branco\\\/\"},\"author\":{\"name\":\"Marcelo Lopes\",\"@id\":\"https:\\\/\\\/marcelolopes.jor.br\\\/site\\\/#\\\/schema\\\/person\\\/3e7216a35c34d8fdf952b31da3d1f89f\"},\"headline\":\"M\u00e3e acusada de agredir filha \u00e9 presa na rodovi\u00e1ria de Visconde do Rio Branco\",\"datePublished\":\"2026-01-12T23:10:58+00:00\",\"mainEntityOfPage\":{\"@id\":\"https:\\\/\\\/marcelolopes.jor.br\\\/site\\\/2026\\\/01\\\/12\\\/mae-acusada-de-agredir-filha-e-presa-na-rodoviaria-de-visconde-do-rio-branco\\\/\"},\"wordCount\":471,\"commentCount\":0,\"publisher\":{\"@id\":\"https:\\\/\\\/marcelolopes.jor.br\\\/site\\\/#organization\"},\"image\":{\"@id\":\"https:\\\/\\\/marcelolopes.jor.br\\\/site\\\/2026\\\/01\\\/12\\\/mae-acusada-de-agredir-filha-e-presa-na-rodoviaria-de-visconde-do-rio-branco\\\/#primaryimage\"},\"thumbnailUrl\":\"https:\\\/\\\/marcelolopes.jor.br\\\/site\\\/wp-content\\\/uploads\\\/2026\\\/01\\\/agressao-1.jpg\",\"articleSection\":[\"Not\u00edcias\"],\"inLanguage\":\"pt-BR\",\"potentialAction\":[{\"@type\":\"CommentAction\",\"name\":\"Comment\",\"target\":[\"https:\\\/\\\/marcelolopes.jor.br\\\/site\\\/2026\\\/01\\\/12\\\/mae-acusada-de-agredir-filha-e-presa-na-rodoviaria-de-visconde-do-rio-branco\\\/#respond\"]}]},{\"@type\":\"WebPage\",\"@id\":\"https:\\\/\\\/marcelolopes.jor.br\\\/site\\\/2026\\\/01\\\/12\\\/mae-acusada-de-agredir-filha-e-presa-na-rodoviaria-de-visconde-do-rio-branco\\\/\",\"url\":\"https:\\\/\\\/marcelolopes.jor.br\\\/site\\\/2026\\\/01\\\/12\\\/mae-acusada-de-agredir-filha-e-presa-na-rodoviaria-de-visconde-do-rio-branco\\\/\",\"name\":\"M\u00e3e acusada de agredir filha \u00e9 presa na rodovi\u00e1ria de Visconde\",\"isPartOf\":{\"@id\":\"https:\\\/\\\/marcelolopes.jor.br\\\/site\\\/#website\"},\"primaryImageOfPage\":{\"@id\":\"https:\\\/\\\/marcelolopes.jor.br\\\/site\\\/2026\\\/01\\\/12\\\/mae-acusada-de-agredir-filha-e-presa-na-rodoviaria-de-visconde-do-rio-branco\\\/#primaryimage\"},\"image\":{\"@id\":\"https:\\\/\\\/marcelolopes.jor.br\\\/site\\\/2026\\\/01\\\/12\\\/mae-acusada-de-agredir-filha-e-presa-na-rodoviaria-de-visconde-do-rio-branco\\\/#primaryimage\"},\"thumbnailUrl\":\"https:\\\/\\\/marcelolopes.jor.br\\\/site\\\/wp-content\\\/uploads\\\/2026\\\/01\\\/agressao-1.jpg\",\"datePublished\":\"2026-01-12T23:10:58+00:00\",\"description\":\"M\u00e3e acusada de agredir filha \u00e9 presa na rodovi\u00e1ria de Visconde do Rio Branco. Mulher foi detida ap\u00f3s den\u00fancia registrada em S\u00e3o Geraldo.\",\"breadcrumb\":{\"@id\":\"https:\\\/\\\/marcelolopes.jor.br\\\/site\\\/2026\\\/01\\\/12\\\/mae-acusada-de-agredir-filha-e-presa-na-rodoviaria-de-visconde-do-rio-branco\\\/#breadcrumb\"},\"inLanguage\":\"pt-BR\",\"potentialAction\":[{\"@type\":\"ReadAction\",\"target\":[\"https:\\\/\\\/marcelolopes.jor.br\\\/site\\\/2026\\\/01\\\/12\\\/mae-acusada-de-agredir-filha-e-presa-na-rodoviaria-de-visconde-do-rio-branco\\\/\"]}]},{\"@type\":\"ImageObject\",\"inLanguage\":\"pt-BR\",\"@id\":\"https:\\\/\\\/marcelolopes.jor.br\\\/site\\\/2026\\\/01\\\/12\\\/mae-acusada-de-agredir-filha-e-presa-na-rodoviaria-de-visconde-do-rio-branco\\\/#primaryimage\",\"url\":\"https:\\\/\\\/marcelolopes.jor.br\\\/site\\\/wp-content\\\/uploads\\\/2026\\\/01\\\/agressao-1.jpg\",\"contentUrl\":\"https:\\\/\\\/marcelolopes.jor.br\\\/site\\\/wp-content\\\/uploads\\\/2026\\\/01\\\/agressao-1.jpg\",\"width\":800,\"height\":550,\"caption\":\"M\u00e3e acusada de agredir\"},{\"@type\":\"BreadcrumbList\",\"@id\":\"https:\\\/\\\/marcelolopes.jor.br\\\/site\\\/2026\\\/01\\\/12\\\/mae-acusada-de-agredir-filha-e-presa-na-rodoviaria-de-visconde-do-rio-branco\\\/#breadcrumb\",\"itemListElement\":[{\"@type\":\"ListItem\",\"position\":1,\"name\":\"Home\",\"item\":\"https:\\\/\\\/marcelolopes.jor.br\\\/site\\\/\"},{\"@type\":\"ListItem\",\"position\":2,\"name\":\"M\u00e3e acusada de agredir filha \u00e9 presa na rodovi\u00e1ria de Visconde do Rio Branco\"}]},{\"@type\":\"WebSite\",\"@id\":\"https:\\\/\\\/marcelolopes.jor.br\\\/site\\\/#website\",\"url\":\"https:\\\/\\\/marcelolopes.jor.br\\\/site\\\/\",\"name\":\"Marcelo Lopes\",\"description\":\"Not\u00edcias de Cataguases e Regi\u00e3o\",\"publisher\":{\"@id\":\"https:\\\/\\\/marcelolopes.jor.br\\\/site\\\/#organization\"},\"potentialAction\":[{\"@type\":\"SearchAction\",\"target\":{\"@type\":\"EntryPoint\",\"urlTemplate\":\"https:\\\/\\\/marcelolopes.jor.br\\\/site\\\/?s={search_term_string}\"},\"query-input\":{\"@type\":\"PropertyValueSpecification\",\"valueRequired\":true,\"valueName\":\"search_term_string\"}}],\"inLanguage\":\"pt-BR\"},{\"@type\":\"Organization\",\"@id\":\"https:\\\/\\\/marcelolopes.jor.br\\\/site\\\/#organization\",\"name\":\"Site do Marcelo Lopes\",\"url\":\"https:\\\/\\\/marcelolopes.jor.br\\\/site\\\/\",\"logo\":{\"@type\":\"ImageObject\",\"inLanguage\":\"pt-BR\",\"@id\":\"https:\\\/\\\/marcelolopes.jor.br\\\/site\\\/#\\\/schema\\\/logo\\\/image\\\/\",\"url\":\"https:\\\/\\\/marcelolopes.jor.br\\\/site\\\/wp-content\\\/uploads\\\/2024\\\/11\\\/logo-1.png\",\"contentUrl\":\"https:\\\/\\\/marcelolopes.jor.br\\\/site\\\/wp-content\\\/uploads\\\/2024\\\/11\\\/logo-1.png\",\"width\":475,\"height\":80,\"caption\":\"Site do Marcelo Lopes\"},\"image\":{\"@id\":\"https:\\\/\\\/marcelolopes.jor.br\\\/site\\\/#\\\/schema\\\/logo\\\/image\\\/\"},\"sameAs\":[\"https:\\\/\\\/www.facebook.com\\\/sitedomarcelolopes\",\"https:\\\/\\\/www.instagram.com\\\/sitedomarcelolopes\\\/\",\"https:\\\/\\\/www.linkedin.com\\\/company\\\/site-do-marcelo-lopes\\\/\",\"https:\\\/\\\/www.youtube.com\\\/user\\\/marcelolopes957\"]},{\"@type\":\"Person\",\"@id\":\"https:\\\/\\\/marcelolopes.jor.br\\\/site\\\/#\\\/schema\\\/person\\\/3e7216a35c34d8fdf952b31da3d1f89f\",\"name\":\"Marcelo Lopes\",\"sameAs\":[\"http:\\\/\\\/www.marcelolopes.jor.br\"],\"url\":\"https:\\\/\\\/marcelolopes.jor.br\\\/site\\\/author\\\/marcelo\\\/\"}]}<\/script>\n<!-- \/ Yoast SEO plugin. -->","yoast_head_json":{"title":"M\u00e3e acusada de agredir filha \u00e9 presa na rodovi\u00e1ria de Visconde","description":"M\u00e3e acusada de agredir filha \u00e9 presa na rodovi\u00e1ria de Visconde do Rio Branco. Mulher foi detida ap\u00f3s den\u00fancia registrada em S\u00e3o Geraldo.","robots":{"index":"index","follow":"follow","max-snippet":"max-snippet:-1","max-image-preview":"max-image-preview:large","max-video-preview":"max-video-preview:-1"},"canonical":"https:\/\/marcelolopes.jor.br\/site\/2026\/01\/12\/mae-acusada-de-agredir-filha-e-presa-na-rodoviaria-de-visconde-do-rio-branco\/","og_locale":"pt_BR","og_type":"article","og_title":"M\u00e3e acusada de agredir filha \u00e9 presa na rodovi\u00e1ria de Visconde","og_description":"M\u00e3e acusada de agredir filha \u00e9 presa na rodovi\u00e1ria de Visconde do Rio Branco. Mulher foi detida ap\u00f3s den\u00fancia registrada em S\u00e3o Geraldo.","og_url":"https:\/\/marcelolopes.jor.br\/site\/2026\/01\/12\/mae-acusada-de-agredir-filha-e-presa-na-rodoviaria-de-visconde-do-rio-branco\/","og_site_name":"Marcelo Lopes","article_publisher":"https:\/\/www.facebook.com\/sitedomarcelolopes","article_published_time":"2026-01-12T23:10:58+00:00","og_image":[{"width":800,"height":550,"url":"https:\/\/marcelolopes.jor.br\/site\/wp-content\/uploads\/2026\/01\/agressao-1.jpg","type":"image\/jpeg"}],"author":"Marcelo Lopes","twitter_card":"summary_large_image","twitter_misc":{"Escrito por":"Marcelo Lopes","Est. tempo de leitura":"2 minutos"},"schema":{"@context":"https:\/\/schema.org","@graph":[{"@type":"NewsArticle","@id":"https:\/\/marcelolopes.jor.br\/site\/2026\/01\/12\/mae-acusada-de-agredir-filha-e-presa-na-rodoviaria-de-visconde-do-rio-branco\/#article","isPartOf":{"@id":"https:\/\/marcelolopes.jor.br\/site\/2026\/01\/12\/mae-acusada-de-agredir-filha-e-presa-na-rodoviaria-de-visconde-do-rio-branco\/"},"author":{"name":"Marcelo Lopes","@id":"https:\/\/marcelolopes.jor.br\/site\/#\/schema\/person\/3e7216a35c34d8fdf952b31da3d1f89f"},"headline":"M\u00e3e acusada de agredir filha \u00e9 presa na rodovi\u00e1ria de Visconde do Rio Branco","datePublished":"2026-01-12T23:10:58+00:00","mainEntityOfPage":{"@id":"https:\/\/marcelolopes.jor.br\/site\/2026\/01\/12\/mae-acusada-de-agredir-filha-e-presa-na-rodoviaria-de-visconde-do-rio-branco\/"},"wordCount":471,"commentCount":0,"publisher":{"@id":"https:\/\/marcelolopes.jor.br\/site\/#organization"},"image":{"@id":"https:\/\/marcelolopes.jor.br\/site\/2026\/01\/12\/mae-acusada-de-agredir-filha-e-presa-na-rodoviaria-de-visconde-do-rio-branco\/#primaryimage"},"thumbnailUrl":"https:\/\/marcelolopes.jor.br\/site\/wp-content\/uploads\/2026\/01\/agressao-1.jpg","articleSection":["Not\u00edcias"],"inLanguage":"pt-BR","potentialAction":[{"@type":"CommentAction","name":"Comment","target":["https:\/\/marcelolopes.jor.br\/site\/2026\/01\/12\/mae-acusada-de-agredir-filha-e-presa-na-rodoviaria-de-visconde-do-rio-branco\/#respond"]}]},{"@type":"WebPage","@id":"https:\/\/marcelolopes.jor.br\/site\/2026\/01\/12\/mae-acusada-de-agredir-filha-e-presa-na-rodoviaria-de-visconde-do-rio-branco\/","url":"https:\/\/marcelolopes.jor.br\/site\/2026\/01\/12\/mae-acusada-de-agredir-filha-e-presa-na-rodoviaria-de-visconde-do-rio-branco\/","name":"M\u00e3e acusada de agredir filha \u00e9 presa na rodovi\u00e1ria de Visconde","isPartOf":{"@id":"https:\/\/marcelolopes.jor.br\/site\/#website"},"primaryImageOfPage":{"@id":"https:\/\/marcelolopes.jor.br\/site\/2026\/01\/12\/mae-acusada-de-agredir-filha-e-presa-na-rodoviaria-de-visconde-do-rio-branco\/#primaryimage"},"image":{"@id":"https:\/\/marcelolopes.jor.br\/site\/2026\/01\/12\/mae-acusada-de-agredir-filha-e-presa-na-rodoviaria-de-visconde-do-rio-branco\/#primaryimage"},"thumbnailUrl":"https:\/\/marcelolopes.jor.br\/site\/wp-content\/uploads\/2026\/01\/agressao-1.jpg","datePublished":"2026-01-12T23:10:58+00:00","description":"M\u00e3e acusada de agredir filha \u00e9 presa na rodovi\u00e1ria de Visconde do Rio Branco. Mulher foi detida ap\u00f3s den\u00fancia registrada em S\u00e3o Geraldo.","breadcrumb":{"@id":"https:\/\/marcelolopes.jor.br\/site\/2026\/01\/12\/mae-acusada-de-agredir-filha-e-presa-na-rodoviaria-de-visconde-do-rio-branco\/#breadcrumb"},"inLanguage":"pt-BR","potentialAction":[{"@type":"ReadAction","target":["https:\/\/marcelolopes.jor.br\/site\/2026\/01\/12\/mae-acusada-de-agredir-filha-e-presa-na-rodoviaria-de-visconde-do-rio-branco\/"]}]},{"@type":"ImageObject","inLanguage":"pt-BR","@id":"https:\/\/marcelolopes.jor.br\/site\/2026\/01\/12\/mae-acusada-de-agredir-filha-e-presa-na-rodoviaria-de-visconde-do-rio-branco\/#primaryimage","url":"https:\/\/marcelolopes.jor.br\/site\/wp-content\/uploads\/2026\/01\/agressao-1.jpg","contentUrl":"https:\/\/marcelolopes.jor.br\/site\/wp-content\/uploads\/2026\/01\/agressao-1.jpg","width":800,"height":550,"caption":"M\u00e3e acusada de agredir"},{"@type":"BreadcrumbList","@id":"https:\/\/marcelolopes.jor.br\/site\/2026\/01\/12\/mae-acusada-de-agredir-filha-e-presa-na-rodoviaria-de-visconde-do-rio-branco\/#breadcrumb","itemListElement":[{"@type":"ListItem","position":1,"name":"Home","item":"https:\/\/marcelolopes.jor.br\/site\/"},{"@type":"ListItem","position":2,"name":"M\u00e3e acusada de agredir filha \u00e9 presa na rodovi\u00e1ria de Visconde do Rio Branco"}]},{"@type":"WebSite","@id":"https:\/\/marcelolopes.jor.br\/site\/#website","url":"https:\/\/marcelolopes.jor.br\/site\/","name":"Marcelo Lopes","description":"Not\u00edcias de Cataguases e Regi\u00e3o","publisher":{"@id":"https:\/\/marcelolopes.jor.br\/site\/#organization"},"potentialAction":[{"@type":"SearchAction","target":{"@type":"EntryPoint","urlTemplate":"https:\/\/marcelolopes.jor.br\/site\/?s={search_term_string}"},"query-input":{"@type":"PropertyValueSpecification","valueRequired":true,"valueName":"search_term_string"}}],"inLanguage":"pt-BR"},{"@type":"Organization","@id":"https:\/\/marcelolopes.jor.br\/site\/#organization","name":"Site do Marcelo Lopes","url":"https:\/\/marcelolopes.jor.br\/site\/","logo":{"@type":"ImageObject","inLanguage":"pt-BR","@id":"https:\/\/marcelolopes.jor.br\/site\/#\/schema\/logo\/image\/","url":"https:\/\/marcelolopes.jor.br\/site\/wp-content\/uploads\/2024\/11\/logo-1.png","contentUrl":"https:\/\/marcelolopes.jor.br\/site\/wp-content\/uploads\/2024\/11\/logo-1.png","width":475,"height":80,"caption":"Site do Marcelo Lopes"},"image":{"@id":"https:\/\/marcelolopes.jor.br\/site\/#\/schema\/logo\/image\/"},"sameAs":["https:\/\/www.facebook.com\/sitedomarcelolopes","https:\/\/www.instagram.com\/sitedomarcelolopes\/","https:\/\/www.linkedin.com\/company\/site-do-marcelo-lopes\/","https:\/\/www.youtube.com\/user\/marcelolopes957"]},{"@type":"Person","@id":"https:\/\/marcelolopes.jor.br\/site\/#\/schema\/person\/3e7216a35c34d8fdf952b31da3d1f89f","name":"Marcelo Lopes","sameAs":["http:\/\/www.marcelolopes.jor.br"],"url":"https:\/\/marcelolopes.jor.br\/site\/author\/marcelo\/"}]}},"wps_subtitle":"Mulher foi detida ap\u00f3s den\u00fancia e investiga\u00e7\u00e3o de agress\u00e3o registrada em S\u00e3o Geraldo.","_links":{"self":[{"href":"https:\/\/marcelolopes.jor.br\/site\/wp-json\/wp\/v2\/posts\/63150","targetHints":{"allow":["GET"]}}],"collection":[{"href":"https:\/\/marcelolopes.jor.br\/site\/wp-json\/wp\/v2\/posts"}],"about":[{"href":"https:\/\/marcelolopes.jor.br\/site\/wp-json\/wp\/v2\/types\/post"}],"author":[{"embeddable":true,"href":"https:\/\/marcelolopes.jor.br\/site\/wp-json\/wp\/v2\/users\/2"}],"replies":[{"embeddable":true,"href":"https:\/\/marcelolopes.jor.br\/site\/wp-json\/wp\/v2\/comments?post=63150"}],"version-history":[{"count":0,"href":"https:\/\/marcelolopes.jor.br\/site\/wp-json\/wp\/v2\/posts\/63150\/revisions"}],"wp:featuredmedia":[{"embeddable":true,"href":"https:\/\/marcelolopes.jor.br\/site\/wp-json\/wp\/v2\/media\/63152"}],"wp:attachment":[{"href":"https:\/\/marcelolopes.jor.br\/site\/wp-json\/wp\/v2\/media?parent=63150"}],"wp:term":[{"taxonomy":"category","embeddable":true,"href":"https:\/\/marcelolopes.jor.br\/site\/wp-json\/wp\/v2\/categories?post=63150"},{"taxonomy":"post_tag","embeddable":true,"href":"https:\/\/marcelolopes.jor.br\/site\/wp-json\/wp\/v2\/tags?post=63150"}],"curies":[{"name":"wp","href":"https:\/\/api.w.org\/{rel}","templated":true}]}}