{"id":63146,"date":"2026-01-12T12:00:46","date_gmt":"2026-01-12T15:00:46","guid":{"rendered":"https:\/\/marcelolopes.jor.br\/?p=63146"},"modified":"2026-01-11T21:37:26","modified_gmt":"2026-01-12T00:37:26","slug":"2a-audiencia-publica-de-revisao-do-plano-diretor-participativo-sera-dia-31","status":"publish","type":"post","link":"https:\/\/marcelolopes.jor.br\/site\/2026\/01\/12\/2a-audiencia-publica-de-revisao-do-plano-diretor-participativo-sera-dia-31\/","title":{"rendered":"2\u00aa Audi\u00eancia P\u00fablica de Revis\u00e3o do Plano Diretor Participativo ser\u00e1 dia 31"},"content":{"rendered":"<p>A Prefeitura de Cataguases realiza no pr\u00f3ximo dia 31 de janeiro (s\u00e1bado) a 2\u00aa Audi\u00eancia P\u00fablica de Revis\u00e3o do Plano Diretor Participativo, um dos instrumentos mais importantes para o planejamento e o futuro do munic\u00edpio. O encontro acontece das 8h30 \u00e0s 12h30, na Escola Estadual Manuel In\u00e1cio Peixoto (Col\u00e9gio Cataguases), no bairro Granjaria.<!--more--><\/p>\n<h4 class=\"p1\"><span class=\"s1\">\ud83d\udcf8\u00a0<span style=\"color: #008000;\">Siga o Site do Marcelo Lopes no<\/span>\u00a0<span style=\"color: #800000;\"><a style=\"color: #800000;\" href=\"https:\/\/www.facebook.com\/sitedomarcelolopes\/\"><strong>Facebook<\/strong><\/a><\/span>\u00a0<span style=\"color: #008000;\">e no<\/span>\u00a0<span style=\"color: #800000;\"><strong><a style=\"color: #800000;\" href=\"https:\/\/www.instagram.com\/sitedomarcelolopes\/\">Instagram<\/a><\/strong><\/span><\/span><\/h4>\n<h4 class=\"p1\">\ud83d\udcf1<span style=\"color: #008000;\">Participe do grupo de<\/span>\u00a0<span style=\"color: #800000;\"><a style=\"color: #800000;\" href=\"https:\/\/chat.whatsapp.com\/BibzcI1ibYSKytbdyzubLA\"><strong>WhatsApp<\/strong><\/a><\/span> <span style=\"color: #008000;\">do Site do Marcelo Lopes<\/span><\/h4>\n<p>O Plano Diretor \u00e9 o principal guia que orienta o crescimento da cidade. \u00c9 nele que s\u00e3o definidas diretrizes para uso e ocupa\u00e7\u00e3o do solo, mobilidade urbana, habita\u00e7\u00e3o, meio ambiente, desenvolvimento econ\u00f4mico e qualidade de vida. Em outras palavras, \u00e9 o plano que ajuda a responder como Cataguases vai crescer, onde pode crescer e de que forma esse crescimento pode ser mais justo, organizado e sustent\u00e1vel.<\/p>\n<p>Por isso, a participa\u00e7\u00e3o popular \u00e9 considerada essencial em todo o processo. A audi\u00eancia p\u00fablica \u00e9 o momento em que a popula\u00e7\u00e3o pode ouvir, opinar, sugerir e acompanhar os resultados das an\u00e1lises feitas a partir das contribui\u00e7\u00f5es j\u00e1 apresentadas pela comunidade. Quanto maior a presen\u00e7a dos moradores, mais pr\u00f3ximo da realidade local fica o planejamento da cidade.<\/p>\n<p>Experi\u00eancias em outros munic\u00edpios mostram como a participa\u00e7\u00e3o popular faz diferen\u00e7a. Curitiba (PR), por exemplo, \u00e9 frequentemente citada como refer\u00eancia em planejamento urbano justamente por ter constru\u00eddo seu Plano Diretor com forte envolvimento da popula\u00e7\u00e3o, o que resultou em solu\u00e7\u00f5es inovadoras de mobilidade e uso do espa\u00e7o urbano. Belo Horizonte tamb\u00e9m colheu resultados positivos ao ampliar o di\u00e1logo com moradores em revis\u00f5es do seu Plano Diretor, garantindo avan\u00e7os em pol\u00edticas habitacionais e na prote\u00e7\u00e3o de \u00e1reas ambientais.<\/p>\n<p>Outro caso de destaque \u00e9 Fortaleza (CE), onde a ampla participa\u00e7\u00e3o popular contribuiu para um Plano Diretor mais inclusivo, com aten\u00e7\u00e3o especial \u00e0s comunidades perif\u00e9ricas e \u00e0 regulariza\u00e7\u00e3o fundi\u00e1ria. Esses exemplos mostram que ouvir a popula\u00e7\u00e3o n\u00e3o \u00e9 apenas um gesto democr\u00e1tico, mas uma estrat\u00e9gia eficiente para evitar erros, reduzir conflitos e construir cidades mais equilibradas.<\/p>\n<p>Em Cataguases, a expectativa \u00e9 que a 2\u00aa audi\u00eancia fortale\u00e7a ainda mais esse di\u00e1logo. A Prefeitura refor\u00e7a que o encontro \u00e9 aberto a todos e representa uma oportunidade concreta de influenciar decis\u00f5es que impactam diretamente o dia a dia da popula\u00e7\u00e3o, agora e no futuro.<\/p>\n<p>Participar do Plano Diretor \u00e9 participar do destino da cidade. E, como mostram exemplos bem-sucedidos pelo pa\u00eds, quando a popula\u00e7\u00e3o ocupa esse espa\u00e7o, os resultados tendem a ser mais duradouros, justos e alinhados \u00e0s reais necessidades da comunidade.<\/p>\n<p><strong>OUTRAS NOT\u00cdCIAS<\/strong><br \/>\n<a href=\"https:\/\/marcelolopes.jor.br\/2025\/08\/31\/voz-da-comunidade-guia-a-revisao-do-plano-diretor-em-cataguases\/\"><span style=\"color: #800000;\"><strong>Voz da comunidade guia a Revis\u00e3o do Plano Diretor em Cataguases<\/strong><\/span><\/a><\/p>\n<p><a href=\"https:\/\/marcelolopes.jor.br\/2025\/06\/03\/eleitos-os-representantes-da-comunidade-na-revisao-do-plano-diretor\/\"><strong><span style=\"color: #800000;\">Eleitos os representantes da comunidade na revis\u00e3o do Plano Diretor<\/span><\/strong><\/a><\/p>\n<p>Foto: Arquivo<\/p>\n<div class=\"qrurm69f7796cc3882\" ><br><\/div><style type=\"text\/css\">\r\n@media screen and (min-width: 1201px) {\r\n.qrurm69f7796cc3882 {\r\ndisplay: block;\r\n}\r\n}\r\n@media screen and (min-width: 993px) and (max-width: 1200px) {\r\n.qrurm69f7796cc3882 {\r\ndisplay: block;\r\n}\r\n}\r\n@media screen and (min-width: 769px) and (max-width: 992px) {\r\n.qrurm69f7796cc3882 {\r\ndisplay: block;\r\n}\r\n}\r\n@media screen and (min-width: 768px) and (max-width: 768px) {\r\n.qrurm69f7796cc3882 {\r\ndisplay: block;\r\n}\r\n}\r\n@media screen and (max-width: 767px) {\r\n.qrurm69f7796cc3882 {\r\ndisplay: block;\r\n}\r\n}\r\n<\/style>\r\n<div class=\"xrvoa69f7796cc8f3b\" ><div id=\"div_destino\"><\/div>\r\n<script src=\"https:\/\/cdn.snsrsv.com\/sdk.js\"><\/script>\r\n<script >\r\n      new sdk(\"464030C30061EA8BE065000000000001\") \r\n          .appendTo(\"div_destino\")\r\n          .disableStyle(true) \r\n          .setCacheBusterMacro(\"%%CACHEBUSTER%%\")\r\n          .setSize(\"800\",\"214\")\r\n          .setClickMacro(\"%%CLICK_URL_ESC%%\") \r\n          .setReferrerUrlMacro(\"%%REFERRER_URL_ESC%%\") \r\n          .start(); \r\n<\/script><\/div><style type=\"text\/css\">\r\n@media screen and (min-width: 1201px) {\r\n.xrvoa69f7796cc8f3b {\r\ndisplay: block;\r\n}\r\n}\r\n@media screen and (min-width: 993px) and (max-width: 1200px) {\r\n.xrvoa69f7796cc8f3b {\r\ndisplay: block;\r\n}\r\n}\r\n@media screen and (min-width: 769px) and (max-width: 992px) {\r\n.xrvoa69f7796cc8f3b {\r\ndisplay: block;\r\n}\r\n}\r\n@media screen and (min-width: 768px) and (max-width: 768px) {\r\n.xrvoa69f7796cc8f3b {\r\ndisplay: block;\r\n}\r\n}\r\n@media screen and (max-width: 767px) {\r\n.xrvoa69f7796cc8f3b {\r\ndisplay: block;\r\n}\r\n}\r\n<\/style>\r\n","protected":false},"excerpt":{"rendered":"<p>A Prefeitura de Cataguases realiza no pr\u00f3ximo dia 31 de janeiro (s\u00e1bado) a 2\u00aa Audi\u00eancia P\u00fablica de Revis\u00e3o do Plano Diretor Participativo, um dos instrumentos mais importantes para o planejamento e o futuro do munic\u00edpio. O encontro acontece das 8h30<\/p>\n<p class=\"link-more\"><a class=\"more-link\" href=\"https:\/\/marcelolopes.jor.br\/site\/2026\/01\/12\/2a-audiencia-publica-de-revisao-do-plano-diretor-participativo-sera-dia-31\/\">Leia mais <span class=\"screen-reader-text\">2\u00aa Audi\u00eancia P\u00fablica de Revis\u00e3o do Plano Diretor Participativo ser\u00e1 dia 31<\/span><\/a><\/p>\n","protected":false},"author":2,"featured_media":63147,"comment_status":"open","ping_status":"closed","sticky":false,"template":"","format":"standard","meta":{"footnotes":""},"categories":[1],"tags":[],"class_list":["post-63146","post","type-post","status-publish","format-standard","has-post-thumbnail","hentry","category-noticias","thumb-below-title"],"yoast_head":"<!-- This site is optimized with the Yoast SEO plugin v27.4 - https:\/\/yoast.com\/product\/yoast-seo-wordpress\/ -->\n<title>2\u00aa Audi\u00eancia P\u00fablica de revis\u00e3o do Plano Diretor participativo<\/title>\n<meta name=\"description\" content=\"2\u00aa Audi\u00eancia P\u00fablica de revis\u00e3o do Plano Diretor participativo ser\u00e1 dia 31. O Plano Diretor \u00e9 o principal guia que orienta o crescimento...\" \/>\n<meta name=\"robots\" content=\"index, follow, max-snippet:-1, max-image-preview:large, max-video-preview:-1\" \/>\n<link rel=\"canonical\" href=\"https:\/\/marcelolopes.jor.br\/site\/2026\/01\/12\/2a-audiencia-publica-de-revisao-do-plano-diretor-participativo-sera-dia-31\/\" \/>\n<meta property=\"og:locale\" content=\"pt_BR\" \/>\n<meta property=\"og:type\" content=\"article\" \/>\n<meta property=\"og:title\" content=\"2\u00aa Audi\u00eancia P\u00fablica de revis\u00e3o do Plano Diretor participativo\" \/>\n<meta property=\"og:description\" content=\"2\u00aa Audi\u00eancia P\u00fablica de revis\u00e3o do Plano Diretor participativo ser\u00e1 dia 31. O Plano Diretor \u00e9 o principal guia que orienta o crescimento...\" \/>\n<meta property=\"og:url\" content=\"https:\/\/marcelolopes.jor.br\/site\/2026\/01\/12\/2a-audiencia-publica-de-revisao-do-plano-diretor-participativo-sera-dia-31\/\" \/>\n<meta property=\"og:site_name\" content=\"Marcelo Lopes\" \/>\n<meta property=\"article:publisher\" content=\"https:\/\/www.facebook.com\/sitedomarcelolopes\" \/>\n<meta property=\"article:published_time\" content=\"2026-01-12T15:00:46+00:00\" \/>\n<meta property=\"og:image\" content=\"https:\/\/marcelolopes.jor.br\/site\/wp-content\/uploads\/2026\/01\/Cataguases1.jpeg\" \/>\n\t<meta property=\"og:image:width\" content=\"800\" \/>\n\t<meta property=\"og:image:height\" content=\"520\" \/>\n\t<meta property=\"og:image:type\" content=\"image\/jpeg\" \/>\n<meta name=\"author\" content=\"Marcelo Lopes\" \/>\n<meta name=\"twitter:card\" content=\"summary_large_image\" \/>\n<meta name=\"twitter:label1\" content=\"Escrito por\" \/>\n\t<meta name=\"twitter:data1\" content=\"Marcelo Lopes\" \/>\n\t<meta name=\"twitter:label2\" content=\"Est. tempo de leitura\" \/>\n\t<meta name=\"twitter:data2\" content=\"2 minutos\" \/>\n<script type=\"application\/ld+json\" class=\"yoast-schema-graph\">{\"@context\":\"https:\\\/\\\/schema.org\",\"@graph\":[{\"@type\":\"NewsArticle\",\"@id\":\"https:\\\/\\\/marcelolopes.jor.br\\\/site\\\/2026\\\/01\\\/12\\\/2a-audiencia-publica-de-revisao-do-plano-diretor-participativo-sera-dia-31\\\/#article\",\"isPartOf\":{\"@id\":\"https:\\\/\\\/marcelolopes.jor.br\\\/site\\\/2026\\\/01\\\/12\\\/2a-audiencia-publica-de-revisao-do-plano-diretor-participativo-sera-dia-31\\\/\"},\"author\":{\"name\":\"Marcelo Lopes\",\"@id\":\"https:\\\/\\\/marcelolopes.jor.br\\\/site\\\/#\\\/schema\\\/person\\\/3e7216a35c34d8fdf952b31da3d1f89f\"},\"headline\":\"2\u00aa Audi\u00eancia P\u00fablica de Revis\u00e3o do Plano Diretor Participativo ser\u00e1 dia 31\",\"datePublished\":\"2026-01-12T15:00:46+00:00\",\"mainEntityOfPage\":{\"@id\":\"https:\\\/\\\/marcelolopes.jor.br\\\/site\\\/2026\\\/01\\\/12\\\/2a-audiencia-publica-de-revisao-do-plano-diretor-participativo-sera-dia-31\\\/\"},\"wordCount\":493,\"commentCount\":0,\"publisher\":{\"@id\":\"https:\\\/\\\/marcelolopes.jor.br\\\/site\\\/#organization\"},\"image\":{\"@id\":\"https:\\\/\\\/marcelolopes.jor.br\\\/site\\\/2026\\\/01\\\/12\\\/2a-audiencia-publica-de-revisao-do-plano-diretor-participativo-sera-dia-31\\\/#primaryimage\"},\"thumbnailUrl\":\"https:\\\/\\\/marcelolopes.jor.br\\\/site\\\/wp-content\\\/uploads\\\/2026\\\/01\\\/Cataguases1.jpeg\",\"articleSection\":[\"Not\u00edcias\"],\"inLanguage\":\"pt-BR\",\"potentialAction\":[{\"@type\":\"CommentAction\",\"name\":\"Comment\",\"target\":[\"https:\\\/\\\/marcelolopes.jor.br\\\/site\\\/2026\\\/01\\\/12\\\/2a-audiencia-publica-de-revisao-do-plano-diretor-participativo-sera-dia-31\\\/#respond\"]}]},{\"@type\":\"WebPage\",\"@id\":\"https:\\\/\\\/marcelolopes.jor.br\\\/site\\\/2026\\\/01\\\/12\\\/2a-audiencia-publica-de-revisao-do-plano-diretor-participativo-sera-dia-31\\\/\",\"url\":\"https:\\\/\\\/marcelolopes.jor.br\\\/site\\\/2026\\\/01\\\/12\\\/2a-audiencia-publica-de-revisao-do-plano-diretor-participativo-sera-dia-31\\\/\",\"name\":\"2\u00aa Audi\u00eancia P\u00fablica de revis\u00e3o do Plano Diretor participativo\",\"isPartOf\":{\"@id\":\"https:\\\/\\\/marcelolopes.jor.br\\\/site\\\/#website\"},\"primaryImageOfPage\":{\"@id\":\"https:\\\/\\\/marcelolopes.jor.br\\\/site\\\/2026\\\/01\\\/12\\\/2a-audiencia-publica-de-revisao-do-plano-diretor-participativo-sera-dia-31\\\/#primaryimage\"},\"image\":{\"@id\":\"https:\\\/\\\/marcelolopes.jor.br\\\/site\\\/2026\\\/01\\\/12\\\/2a-audiencia-publica-de-revisao-do-plano-diretor-participativo-sera-dia-31\\\/#primaryimage\"},\"thumbnailUrl\":\"https:\\\/\\\/marcelolopes.jor.br\\\/site\\\/wp-content\\\/uploads\\\/2026\\\/01\\\/Cataguases1.jpeg\",\"datePublished\":\"2026-01-12T15:00:46+00:00\",\"description\":\"2\u00aa Audi\u00eancia P\u00fablica de revis\u00e3o do Plano Diretor participativo ser\u00e1 dia 31. O Plano Diretor \u00e9 o principal guia que orienta o crescimento...\",\"breadcrumb\":{\"@id\":\"https:\\\/\\\/marcelolopes.jor.br\\\/site\\\/2026\\\/01\\\/12\\\/2a-audiencia-publica-de-revisao-do-plano-diretor-participativo-sera-dia-31\\\/#breadcrumb\"},\"inLanguage\":\"pt-BR\",\"potentialAction\":[{\"@type\":\"ReadAction\",\"target\":[\"https:\\\/\\\/marcelolopes.jor.br\\\/site\\\/2026\\\/01\\\/12\\\/2a-audiencia-publica-de-revisao-do-plano-diretor-participativo-sera-dia-31\\\/\"]}]},{\"@type\":\"ImageObject\",\"inLanguage\":\"pt-BR\",\"@id\":\"https:\\\/\\\/marcelolopes.jor.br\\\/site\\\/2026\\\/01\\\/12\\\/2a-audiencia-publica-de-revisao-do-plano-diretor-participativo-sera-dia-31\\\/#primaryimage\",\"url\":\"https:\\\/\\\/marcelolopes.jor.br\\\/site\\\/wp-content\\\/uploads\\\/2026\\\/01\\\/Cataguases1.jpeg\",\"contentUrl\":\"https:\\\/\\\/marcelolopes.jor.br\\\/site\\\/wp-content\\\/uploads\\\/2026\\\/01\\\/Cataguases1.jpeg\",\"width\":800,\"height\":520,\"caption\":\"2\u00aa Audi\u00eancia P\u00fablica de\"},{\"@type\":\"BreadcrumbList\",\"@id\":\"https:\\\/\\\/marcelolopes.jor.br\\\/site\\\/2026\\\/01\\\/12\\\/2a-audiencia-publica-de-revisao-do-plano-diretor-participativo-sera-dia-31\\\/#breadcrumb\",\"itemListElement\":[{\"@type\":\"ListItem\",\"position\":1,\"name\":\"Home\",\"item\":\"https:\\\/\\\/marcelolopes.jor.br\\\/site\\\/\"},{\"@type\":\"ListItem\",\"position\":2,\"name\":\"2\u00aa Audi\u00eancia P\u00fablica de Revis\u00e3o do Plano Diretor Participativo ser\u00e1 dia 31\"}]},{\"@type\":\"WebSite\",\"@id\":\"https:\\\/\\\/marcelolopes.jor.br\\\/site\\\/#website\",\"url\":\"https:\\\/\\\/marcelolopes.jor.br\\\/site\\\/\",\"name\":\"Marcelo Lopes\",\"description\":\"Not\u00edcias de Cataguases e Regi\u00e3o\",\"publisher\":{\"@id\":\"https:\\\/\\\/marcelolopes.jor.br\\\/site\\\/#organization\"},\"potentialAction\":[{\"@type\":\"SearchAction\",\"target\":{\"@type\":\"EntryPoint\",\"urlTemplate\":\"https:\\\/\\\/marcelolopes.jor.br\\\/site\\\/?s={search_term_string}\"},\"query-input\":{\"@type\":\"PropertyValueSpecification\",\"valueRequired\":true,\"valueName\":\"search_term_string\"}}],\"inLanguage\":\"pt-BR\"},{\"@type\":\"Organization\",\"@id\":\"https:\\\/\\\/marcelolopes.jor.br\\\/site\\\/#organization\",\"name\":\"Site do Marcelo Lopes\",\"url\":\"https:\\\/\\\/marcelolopes.jor.br\\\/site\\\/\",\"logo\":{\"@type\":\"ImageObject\",\"inLanguage\":\"pt-BR\",\"@id\":\"https:\\\/\\\/marcelolopes.jor.br\\\/site\\\/#\\\/schema\\\/logo\\\/image\\\/\",\"url\":\"https:\\\/\\\/marcelolopes.jor.br\\\/site\\\/wp-content\\\/uploads\\\/2024\\\/11\\\/logo-1.png\",\"contentUrl\":\"https:\\\/\\\/marcelolopes.jor.br\\\/site\\\/wp-content\\\/uploads\\\/2024\\\/11\\\/logo-1.png\",\"width\":475,\"height\":80,\"caption\":\"Site do Marcelo Lopes\"},\"image\":{\"@id\":\"https:\\\/\\\/marcelolopes.jor.br\\\/site\\\/#\\\/schema\\\/logo\\\/image\\\/\"},\"sameAs\":[\"https:\\\/\\\/www.facebook.com\\\/sitedomarcelolopes\",\"https:\\\/\\\/www.instagram.com\\\/sitedomarcelolopes\\\/\",\"https:\\\/\\\/www.linkedin.com\\\/company\\\/site-do-marcelo-lopes\\\/\",\"https:\\\/\\\/www.youtube.com\\\/user\\\/marcelolopes957\"]},{\"@type\":\"Person\",\"@id\":\"https:\\\/\\\/marcelolopes.jor.br\\\/site\\\/#\\\/schema\\\/person\\\/3e7216a35c34d8fdf952b31da3d1f89f\",\"name\":\"Marcelo Lopes\",\"sameAs\":[\"http:\\\/\\\/www.marcelolopes.jor.br\"],\"url\":\"https:\\\/\\\/marcelolopes.jor.br\\\/site\\\/author\\\/marcelo\\\/\"}]}<\/script>\n<!-- \/ Yoast SEO plugin. -->","yoast_head_json":{"title":"2\u00aa Audi\u00eancia P\u00fablica de revis\u00e3o do Plano Diretor participativo","description":"2\u00aa Audi\u00eancia P\u00fablica de revis\u00e3o do Plano Diretor participativo ser\u00e1 dia 31. O Plano Diretor \u00e9 o principal guia que orienta o crescimento...","robots":{"index":"index","follow":"follow","max-snippet":"max-snippet:-1","max-image-preview":"max-image-preview:large","max-video-preview":"max-video-preview:-1"},"canonical":"https:\/\/marcelolopes.jor.br\/site\/2026\/01\/12\/2a-audiencia-publica-de-revisao-do-plano-diretor-participativo-sera-dia-31\/","og_locale":"pt_BR","og_type":"article","og_title":"2\u00aa Audi\u00eancia P\u00fablica de revis\u00e3o do Plano Diretor participativo","og_description":"2\u00aa Audi\u00eancia P\u00fablica de revis\u00e3o do Plano Diretor participativo ser\u00e1 dia 31. O Plano Diretor \u00e9 o principal guia que orienta o crescimento...","og_url":"https:\/\/marcelolopes.jor.br\/site\/2026\/01\/12\/2a-audiencia-publica-de-revisao-do-plano-diretor-participativo-sera-dia-31\/","og_site_name":"Marcelo Lopes","article_publisher":"https:\/\/www.facebook.com\/sitedomarcelolopes","article_published_time":"2026-01-12T15:00:46+00:00","og_image":[{"width":800,"height":520,"url":"https:\/\/marcelolopes.jor.br\/site\/wp-content\/uploads\/2026\/01\/Cataguases1.jpeg","type":"image\/jpeg"}],"author":"Marcelo Lopes","twitter_card":"summary_large_image","twitter_misc":{"Escrito por":"Marcelo Lopes","Est. tempo de leitura":"2 minutos"},"schema":{"@context":"https:\/\/schema.org","@graph":[{"@type":"NewsArticle","@id":"https:\/\/marcelolopes.jor.br\/site\/2026\/01\/12\/2a-audiencia-publica-de-revisao-do-plano-diretor-participativo-sera-dia-31\/#article","isPartOf":{"@id":"https:\/\/marcelolopes.jor.br\/site\/2026\/01\/12\/2a-audiencia-publica-de-revisao-do-plano-diretor-participativo-sera-dia-31\/"},"author":{"name":"Marcelo Lopes","@id":"https:\/\/marcelolopes.jor.br\/site\/#\/schema\/person\/3e7216a35c34d8fdf952b31da3d1f89f"},"headline":"2\u00aa Audi\u00eancia P\u00fablica de Revis\u00e3o do Plano Diretor Participativo ser\u00e1 dia 31","datePublished":"2026-01-12T15:00:46+00:00","mainEntityOfPage":{"@id":"https:\/\/marcelolopes.jor.br\/site\/2026\/01\/12\/2a-audiencia-publica-de-revisao-do-plano-diretor-participativo-sera-dia-31\/"},"wordCount":493,"commentCount":0,"publisher":{"@id":"https:\/\/marcelolopes.jor.br\/site\/#organization"},"image":{"@id":"https:\/\/marcelolopes.jor.br\/site\/2026\/01\/12\/2a-audiencia-publica-de-revisao-do-plano-diretor-participativo-sera-dia-31\/#primaryimage"},"thumbnailUrl":"https:\/\/marcelolopes.jor.br\/site\/wp-content\/uploads\/2026\/01\/Cataguases1.jpeg","articleSection":["Not\u00edcias"],"inLanguage":"pt-BR","potentialAction":[{"@type":"CommentAction","name":"Comment","target":["https:\/\/marcelolopes.jor.br\/site\/2026\/01\/12\/2a-audiencia-publica-de-revisao-do-plano-diretor-participativo-sera-dia-31\/#respond"]}]},{"@type":"WebPage","@id":"https:\/\/marcelolopes.jor.br\/site\/2026\/01\/12\/2a-audiencia-publica-de-revisao-do-plano-diretor-participativo-sera-dia-31\/","url":"https:\/\/marcelolopes.jor.br\/site\/2026\/01\/12\/2a-audiencia-publica-de-revisao-do-plano-diretor-participativo-sera-dia-31\/","name":"2\u00aa Audi\u00eancia P\u00fablica de revis\u00e3o do Plano Diretor participativo","isPartOf":{"@id":"https:\/\/marcelolopes.jor.br\/site\/#website"},"primaryImageOfPage":{"@id":"https:\/\/marcelolopes.jor.br\/site\/2026\/01\/12\/2a-audiencia-publica-de-revisao-do-plano-diretor-participativo-sera-dia-31\/#primaryimage"},"image":{"@id":"https:\/\/marcelolopes.jor.br\/site\/2026\/01\/12\/2a-audiencia-publica-de-revisao-do-plano-diretor-participativo-sera-dia-31\/#primaryimage"},"thumbnailUrl":"https:\/\/marcelolopes.jor.br\/site\/wp-content\/uploads\/2026\/01\/Cataguases1.jpeg","datePublished":"2026-01-12T15:00:46+00:00","description":"2\u00aa Audi\u00eancia P\u00fablica de revis\u00e3o do Plano Diretor participativo ser\u00e1 dia 31. O Plano Diretor \u00e9 o principal guia que orienta o crescimento...","breadcrumb":{"@id":"https:\/\/marcelolopes.jor.br\/site\/2026\/01\/12\/2a-audiencia-publica-de-revisao-do-plano-diretor-participativo-sera-dia-31\/#breadcrumb"},"inLanguage":"pt-BR","potentialAction":[{"@type":"ReadAction","target":["https:\/\/marcelolopes.jor.br\/site\/2026\/01\/12\/2a-audiencia-publica-de-revisao-do-plano-diretor-participativo-sera-dia-31\/"]}]},{"@type":"ImageObject","inLanguage":"pt-BR","@id":"https:\/\/marcelolopes.jor.br\/site\/2026\/01\/12\/2a-audiencia-publica-de-revisao-do-plano-diretor-participativo-sera-dia-31\/#primaryimage","url":"https:\/\/marcelolopes.jor.br\/site\/wp-content\/uploads\/2026\/01\/Cataguases1.jpeg","contentUrl":"https:\/\/marcelolopes.jor.br\/site\/wp-content\/uploads\/2026\/01\/Cataguases1.jpeg","width":800,"height":520,"caption":"2\u00aa Audi\u00eancia P\u00fablica de"},{"@type":"BreadcrumbList","@id":"https:\/\/marcelolopes.jor.br\/site\/2026\/01\/12\/2a-audiencia-publica-de-revisao-do-plano-diretor-participativo-sera-dia-31\/#breadcrumb","itemListElement":[{"@type":"ListItem","position":1,"name":"Home","item":"https:\/\/marcelolopes.jor.br\/site\/"},{"@type":"ListItem","position":2,"name":"2\u00aa Audi\u00eancia P\u00fablica de Revis\u00e3o do Plano Diretor Participativo ser\u00e1 dia 31"}]},{"@type":"WebSite","@id":"https:\/\/marcelolopes.jor.br\/site\/#website","url":"https:\/\/marcelolopes.jor.br\/site\/","name":"Marcelo Lopes","description":"Not\u00edcias de Cataguases e Regi\u00e3o","publisher":{"@id":"https:\/\/marcelolopes.jor.br\/site\/#organization"},"potentialAction":[{"@type":"SearchAction","target":{"@type":"EntryPoint","urlTemplate":"https:\/\/marcelolopes.jor.br\/site\/?s={search_term_string}"},"query-input":{"@type":"PropertyValueSpecification","valueRequired":true,"valueName":"search_term_string"}}],"inLanguage":"pt-BR"},{"@type":"Organization","@id":"https:\/\/marcelolopes.jor.br\/site\/#organization","name":"Site do Marcelo Lopes","url":"https:\/\/marcelolopes.jor.br\/site\/","logo":{"@type":"ImageObject","inLanguage":"pt-BR","@id":"https:\/\/marcelolopes.jor.br\/site\/#\/schema\/logo\/image\/","url":"https:\/\/marcelolopes.jor.br\/site\/wp-content\/uploads\/2024\/11\/logo-1.png","contentUrl":"https:\/\/marcelolopes.jor.br\/site\/wp-content\/uploads\/2024\/11\/logo-1.png","width":475,"height":80,"caption":"Site do Marcelo Lopes"},"image":{"@id":"https:\/\/marcelolopes.jor.br\/site\/#\/schema\/logo\/image\/"},"sameAs":["https:\/\/www.facebook.com\/sitedomarcelolopes","https:\/\/www.instagram.com\/sitedomarcelolopes\/","https:\/\/www.linkedin.com\/company\/site-do-marcelo-lopes\/","https:\/\/www.youtube.com\/user\/marcelolopes957"]},{"@type":"Person","@id":"https:\/\/marcelolopes.jor.br\/site\/#\/schema\/person\/3e7216a35c34d8fdf952b31da3d1f89f","name":"Marcelo Lopes","sameAs":["http:\/\/www.marcelolopes.jor.br"],"url":"https:\/\/marcelolopes.jor.br\/site\/author\/marcelo\/"}]}},"wps_subtitle":"O Plano Diretor \u00e9 o principal guia que orienta o crescimento da cidade.","_links":{"self":[{"href":"https:\/\/marcelolopes.jor.br\/site\/wp-json\/wp\/v2\/posts\/63146","targetHints":{"allow":["GET"]}}],"collection":[{"href":"https:\/\/marcelolopes.jor.br\/site\/wp-json\/wp\/v2\/posts"}],"about":[{"href":"https:\/\/marcelolopes.jor.br\/site\/wp-json\/wp\/v2\/types\/post"}],"author":[{"embeddable":true,"href":"https:\/\/marcelolopes.jor.br\/site\/wp-json\/wp\/v2\/users\/2"}],"replies":[{"embeddable":true,"href":"https:\/\/marcelolopes.jor.br\/site\/wp-json\/wp\/v2\/comments?post=63146"}],"version-history":[{"count":0,"href":"https:\/\/marcelolopes.jor.br\/site\/wp-json\/wp\/v2\/posts\/63146\/revisions"}],"wp:featuredmedia":[{"embeddable":true,"href":"https:\/\/marcelolopes.jor.br\/site\/wp-json\/wp\/v2\/media\/63147"}],"wp:attachment":[{"href":"https:\/\/marcelolopes.jor.br\/site\/wp-json\/wp\/v2\/media?parent=63146"}],"wp:term":[{"taxonomy":"category","embeddable":true,"href":"https:\/\/marcelolopes.jor.br\/site\/wp-json\/wp\/v2\/categories?post=63146"},{"taxonomy":"post_tag","embeddable":true,"href":"https:\/\/marcelolopes.jor.br\/site\/wp-json\/wp\/v2\/tags?post=63146"}],"curies":[{"name":"wp","href":"https:\/\/api.w.org\/{rel}","templated":true}]}}